{"id":66979,"date":"2025-06-28T07:19:19","date_gmt":"2025-06-28T10:19:19","guid":{"rendered":"https:\/\/afogadosfm.com.br\/afogadosfm\/?p=66979"},"modified":"2025-06-28T07:21:17","modified_gmt":"2025-06-28T10:21:17","slug":"homem-e-morto-e-mulher-fica-ferida-em-jabitaca-iguaracy","status":"publish","type":"post","link":"https:\/\/afogadosfm.com.br\/afogadosfm\/2025\/06\/28\/homem-e-morto-e-mulher-fica-ferida-em-jabitaca-iguaracy\/","title":{"rendered":"Homem \u00e9 morto e mulher fica ferida em  Jabitac\u00e1\/Iguaracy"},"content":{"rendered":"\n<p>Na noite desta sexta-feira (27), um homem foi morto a tiros e uma mulher ficou ferida durante uma tentativa de homic\u00eddio no distrito de Jabitac\u00e1, munic\u00edpio de Iguaracy.<\/p>\n\n\n\n<p>De acordo com relatos, o homem \u2014 ainda n\u00e3o identificado oficialmente \u2014 estava dentro de um ve\u00edculo modelo \u00d4nix, de cor branca, quando foi surpreendido por disparos de arma de fogo em via p\u00fablica. Ele n\u00e3o resistiu aos ferimentos e morreu no local.<\/p>\n\n\n\n<p>Durante o ataque, uma mulher tamb\u00e9m foi atingida. Ela foi socorrida e est\u00e1 recebendo atendimento m\u00e9dico. Seu estado de sa\u00fade ainda n\u00e3o foi divulgado.<\/p>\n\n\n\n<p>A a\u00e7\u00e3o criminosa causou grande como\u00e7\u00e3o entre os moradores da comunidade. A Pol\u00edcia Militar isolou a \u00e1rea e acionou a Pol\u00edcia Civil, que ficar\u00e1 respons\u00e1vel pela investiga\u00e7\u00e3o do caso.<\/p>\n\n\n\n<p>A autoria e a motiva\u00e7\u00e3o do crime ainda s\u00e3o desconhecidas. O caso segue em apura\u00e7\u00e3o pelas autoridades competentes.<\/p>\n\n\n\n<p>Do Afogados Conectado<\/p>\n","protected":false},"excerpt":{"rendered":"<p>Na noite desta sexta-feira (27), um homem foi morto a tiros e uma mulher ficou ferida durante uma tentativa de<\/p>\n","protected":false},"author":2,"featured_media":66980,"comment_status":"open","ping_status":"open","sticky":false,"template":"","format":"standard","meta":{"jetpack_post_was_ever_published":false,"_jetpack_newsletter_access":"","_jetpack_dont_email_post_to_subs":false,"_jetpack_newsletter_tier_id":0,"_jetpack_memberships_contains_paywalled_content":false,"_jetpack_memberships_contains_paid_content":false,"footnotes":"","jetpack_publicize_message":"","jetpack_publicize_feature_enabled":true,"jetpack_social_post_already_shared":true,"jetpack_social_options":{"image_generator_settings":{"template":"highway","default_image_id":0,"font":"","enabled":false},"version":2}},"categories":[32],"tags":[],"class_list":["post-66979","post","type-post","status-publish","format-standard","has-post-thumbnail","hentry","category-sertao"],"yoast_head":"<!-- This site is optimized with the Yoast SEO plugin v27.5 - https:\/\/yoast.com\/product\/yoast-seo-wordpress\/ -->\n<title>Homem \u00e9 morto e mulher fica ferida em Jabitac\u00e1\/Iguaracy - Afogados FM<\/title>\n<meta name=\"robots\" content=\"index, follow, max-snippet:-1, max-image-preview:large, max-video-preview:-1\" \/>\n<link rel=\"canonical\" href=\"https:\/\/afogadosfm.com.br\/afogadosfm\/2025\/06\/28\/homem-e-morto-e-mulher-fica-ferida-em-jabitaca-iguaracy\/\" \/>\n<meta property=\"og:locale\" content=\"pt_BR\" \/>\n<meta property=\"og:type\" content=\"article\" \/>\n<meta property=\"og:title\" content=\"Homem \u00e9 morto e mulher fica ferida em Jabitac\u00e1\/Iguaracy - Afogados FM\" \/>\n<meta property=\"og:description\" content=\"Na noite desta sexta-feira (27), um homem foi morto a tiros e uma mulher ficou ferida durante uma tentativa de\" \/>\n<meta property=\"og:url\" content=\"https:\/\/afogadosfm.com.br\/afogadosfm\/2025\/06\/28\/homem-e-morto-e-mulher-fica-ferida-em-jabitaca-iguaracy\/\" \/>\n<meta property=\"og:site_name\" content=\"Afogados FM\" \/>\n<meta property=\"article:published_time\" content=\"2025-06-28T10:19:19+00:00\" \/>\n<meta property=\"article:modified_time\" content=\"2025-06-28T10:21:17+00:00\" \/>\n<meta property=\"og:image\" content=\"https:\/\/afogadosfm.com.br\/afogadosfm\/wp-content\/uploads\/2025\/06\/Screenshot_2025-06-27-22-20-54-047_com.volio_.layout.photocollage.collagemaker-edit.jpg\" \/>\n\t<meta property=\"og:image:width\" content=\"1220\" \/>\n\t<meta property=\"og:image:height\" content=\"1219\" \/>\n\t<meta property=\"og:image:type\" content=\"image\/jpeg\" \/>\n<meta name=\"author\" content=\"afogadosfm\" \/>\n<meta name=\"twitter:card\" content=\"summary_large_image\" \/>\n<meta name=\"twitter:label1\" content=\"Escrito por\" \/>\n\t<meta name=\"twitter:data1\" content=\"afogadosfm\" \/>\n\t<meta name=\"twitter:label2\" content=\"Est. tempo de leitura\" \/>\n\t<meta name=\"twitter:data2\" content=\"1 minuto\" \/>\n<script type=\"application\/ld+json\" class=\"yoast-schema-graph\">{\"@context\":\"https:\\\/\\\/schema.org\",\"@graph\":[{\"@type\":\"Article\",\"@id\":\"https:\\\/\\\/afogadosfm.com.br\\\/afogadosfm\\\/2025\\\/06\\\/28\\\/homem-e-morto-e-mulher-fica-ferida-em-jabitaca-iguaracy\\\/#article\",\"isPartOf\":{\"@id\":\"https:\\\/\\\/afogadosfm.com.br\\\/afogadosfm\\\/2025\\\/06\\\/28\\\/homem-e-morto-e-mulher-fica-ferida-em-jabitaca-iguaracy\\\/\"},\"author\":{\"name\":\"afogadosfm\",\"@id\":\"https:\\\/\\\/afogadosfm.com.br\\\/afogadosfm\\\/#\\\/schema\\\/person\\\/60e56f2cf5dc960fc093fe093d9e9057\"},\"headline\":\"Homem \u00e9 morto e mulher fica ferida em Jabitac\u00e1\\\/Iguaracy\",\"datePublished\":\"2025-06-28T10:19:19+00:00\",\"dateModified\":\"2025-06-28T10:21:17+00:00\",\"mainEntityOfPage\":{\"@id\":\"https:\\\/\\\/afogadosfm.com.br\\\/afogadosfm\\\/2025\\\/06\\\/28\\\/homem-e-morto-e-mulher-fica-ferida-em-jabitaca-iguaracy\\\/\"},\"wordCount\":170,\"commentCount\":0,\"publisher\":{\"@id\":\"https:\\\/\\\/afogadosfm.com.br\\\/afogadosfm\\\/#organization\"},\"image\":{\"@id\":\"https:\\\/\\\/afogadosfm.com.br\\\/afogadosfm\\\/2025\\\/06\\\/28\\\/homem-e-morto-e-mulher-fica-ferida-em-jabitaca-iguaracy\\\/#primaryimage\"},\"thumbnailUrl\":\"https:\\\/\\\/i0.wp.com\\\/afogadosfm.com.br\\\/afogadosfm\\\/wp-content\\\/uploads\\\/2025\\\/06\\\/Screenshot_2025-06-27-22-20-54-047_com.volio_.layout.photocollage.collagemaker-edit.jpg?fit=1220%2C1219&ssl=1\",\"articleSection\":[\"Sert\u00e3o\"],\"inLanguage\":\"pt-BR\",\"potentialAction\":[{\"@type\":\"CommentAction\",\"name\":\"Comment\",\"target\":[\"https:\\\/\\\/afogadosfm.com.br\\\/afogadosfm\\\/2025\\\/06\\\/28\\\/homem-e-morto-e-mulher-fica-ferida-em-jabitaca-iguaracy\\\/#respond\"]}]},{\"@type\":\"WebPage\",\"@id\":\"https:\\\/\\\/afogadosfm.com.br\\\/afogadosfm\\\/2025\\\/06\\\/28\\\/homem-e-morto-e-mulher-fica-ferida-em-jabitaca-iguaracy\\\/\",\"url\":\"https:\\\/\\\/afogadosfm.com.br\\\/afogadosfm\\\/2025\\\/06\\\/28\\\/homem-e-morto-e-mulher-fica-ferida-em-jabitaca-iguaracy\\\/\",\"name\":\"Homem \u00e9 morto e mulher fica ferida em Jabitac\u00e1\\\/Iguaracy - Afogados FM\",\"isPartOf\":{\"@id\":\"https:\\\/\\\/afogadosfm.com.br\\\/afogadosfm\\\/#website\"},\"primaryImageOfPage\":{\"@id\":\"https:\\\/\\\/afogadosfm.com.br\\\/afogadosfm\\\/2025\\\/06\\\/28\\\/homem-e-morto-e-mulher-fica-ferida-em-jabitaca-iguaracy\\\/#primaryimage\"},\"image\":{\"@id\":\"https:\\\/\\\/afogadosfm.com.br\\\/afogadosfm\\\/2025\\\/06\\\/28\\\/homem-e-morto-e-mulher-fica-ferida-em-jabitaca-iguaracy\\\/#primaryimage\"},\"thumbnailUrl\":\"https:\\\/\\\/i0.wp.com\\\/afogadosfm.com.br\\\/afogadosfm\\\/wp-content\\\/uploads\\\/2025\\\/06\\\/Screenshot_2025-06-27-22-20-54-047_com.volio_.layout.photocollage.collagemaker-edit.jpg?fit=1220%2C1219&ssl=1\",\"datePublished\":\"2025-06-28T10:19:19+00:00\",\"dateModified\":\"2025-06-28T10:21:17+00:00\",\"breadcrumb\":{\"@id\":\"https:\\\/\\\/afogadosfm.com.br\\\/afogadosfm\\\/2025\\\/06\\\/28\\\/homem-e-morto-e-mulher-fica-ferida-em-jabitaca-iguaracy\\\/#breadcrumb\"},\"inLanguage\":\"pt-BR\",\"potentialAction\":[{\"@type\":\"ReadAction\",\"target\":[\"https:\\\/\\\/afogadosfm.com.br\\\/afogadosfm\\\/2025\\\/06\\\/28\\\/homem-e-morto-e-mulher-fica-ferida-em-jabitaca-iguaracy\\\/\"]}]},{\"@type\":\"ImageObject\",\"inLanguage\":\"pt-BR\",\"@id\":\"https:\\\/\\\/afogadosfm.com.br\\\/afogadosfm\\\/2025\\\/06\\\/28\\\/homem-e-morto-e-mulher-fica-ferida-em-jabitaca-iguaracy\\\/#primaryimage\",\"url\":\"https:\\\/\\\/i0.wp.com\\\/afogadosfm.com.br\\\/afogadosfm\\\/wp-content\\\/uploads\\\/2025\\\/06\\\/Screenshot_2025-06-27-22-20-54-047_com.volio_.layout.photocollage.collagemaker-edit.jpg?fit=1220%2C1219&ssl=1\",\"contentUrl\":\"https:\\\/\\\/i0.wp.com\\\/afogadosfm.com.br\\\/afogadosfm\\\/wp-content\\\/uploads\\\/2025\\\/06\\\/Screenshot_2025-06-27-22-20-54-047_com.volio_.layout.photocollage.collagemaker-edit.jpg?fit=1220%2C1219&ssl=1\",\"width\":1220,\"height\":1219},{\"@type\":\"BreadcrumbList\",\"@id\":\"https:\\\/\\\/afogadosfm.com.br\\\/afogadosfm\\\/2025\\\/06\\\/28\\\/homem-e-morto-e-mulher-fica-ferida-em-jabitaca-iguaracy\\\/#breadcrumb\",\"itemListElement\":[{\"@type\":\"ListItem\",\"position\":1,\"name\":\"In\u00edcio\",\"item\":\"https:\\\/\\\/afogadosfm.com.br\\\/afogadosfm\\\/\"},{\"@type\":\"ListItem\",\"position\":2,\"name\":\"Homem \u00e9 morto e mulher fica ferida em Jabitac\u00e1\\\/Iguaracy\"}]},{\"@type\":\"WebSite\",\"@id\":\"https:\\\/\\\/afogadosfm.com.br\\\/afogadosfm\\\/#website\",\"url\":\"https:\\\/\\\/afogadosfm.com.br\\\/afogadosfm\\\/\",\"name\":\"Afogados FM\",\"description\":\"Um site completo!\",\"publisher\":{\"@id\":\"https:\\\/\\\/afogadosfm.com.br\\\/afogadosfm\\\/#organization\"},\"potentialAction\":[{\"@type\":\"SearchAction\",\"target\":{\"@type\":\"EntryPoint\",\"urlTemplate\":\"https:\\\/\\\/afogadosfm.com.br\\\/afogadosfm\\\/?s={search_term_string}\"},\"query-input\":{\"@type\":\"PropertyValueSpecification\",\"valueRequired\":true,\"valueName\":\"search_term_string\"}}],\"inLanguage\":\"pt-BR\"},{\"@type\":\"Organization\",\"@id\":\"https:\\\/\\\/afogadosfm.com.br\\\/afogadosfm\\\/#organization\",\"name\":\"Afogados FM\",\"url\":\"https:\\\/\\\/afogadosfm.com.br\\\/afogadosfm\\\/\",\"logo\":{\"@type\":\"ImageObject\",\"inLanguage\":\"pt-BR\",\"@id\":\"https:\\\/\\\/afogadosfm.com.br\\\/afogadosfm\\\/#\\\/schema\\\/logo\\\/image\\\/\",\"url\":\"https:\\\/\\\/i0.wp.com\\\/afogadosfm.com.br\\\/afogadosfm\\\/wp-content\\\/uploads\\\/2020\\\/06\\\/cropped-banner-afogados-4.jpg?fit=369%2C137&ssl=1\",\"contentUrl\":\"https:\\\/\\\/i0.wp.com\\\/afogadosfm.com.br\\\/afogadosfm\\\/wp-content\\\/uploads\\\/2020\\\/06\\\/cropped-banner-afogados-4.jpg?fit=369%2C137&ssl=1\",\"width\":369,\"height\":137,\"caption\":\"Afogados FM\"},\"image\":{\"@id\":\"https:\\\/\\\/afogadosfm.com.br\\\/afogadosfm\\\/#\\\/schema\\\/logo\\\/image\\\/\"}},{\"@type\":\"Person\",\"@id\":\"https:\\\/\\\/afogadosfm.com.br\\\/afogadosfm\\\/#\\\/schema\\\/person\\\/60e56f2cf5dc960fc093fe093d9e9057\",\"name\":\"afogadosfm\",\"image\":{\"@type\":\"ImageObject\",\"inLanguage\":\"pt-BR\",\"@id\":\"https:\\\/\\\/secure.gravatar.com\\\/avatar\\\/e0359add7ed5dc3560906d861b52c6a8cf5c1e199d3a7dd85070998f49bd4701?s=96&d=mm&r=g\",\"url\":\"https:\\\/\\\/secure.gravatar.com\\\/avatar\\\/e0359add7ed5dc3560906d861b52c6a8cf5c1e199d3a7dd85070998f49bd4701?s=96&d=mm&r=g\",\"contentUrl\":\"https:\\\/\\\/secure.gravatar.com\\\/avatar\\\/e0359add7ed5dc3560906d861b52c6a8cf5c1e199d3a7dd85070998f49bd4701?s=96&d=mm&r=g\",\"caption\":\"afogadosfm\"},\"url\":\"https:\\\/\\\/afogadosfm.com.br\\\/afogadosfm\\\/author\\\/afogadosfm\\\/\"}]}<\/script>\n<!-- \/ Yoast SEO plugin. -->","yoast_head_json":{"title":"Homem \u00e9 morto e mulher fica ferida em Jabitac\u00e1\/Iguaracy - Afogados FM","robots":{"index":"index","follow":"follow","max-snippet":"max-snippet:-1","max-image-preview":"max-image-preview:large","max-video-preview":"max-video-preview:-1"},"canonical":"https:\/\/afogadosfm.com.br\/afogadosfm\/2025\/06\/28\/homem-e-morto-e-mulher-fica-ferida-em-jabitaca-iguaracy\/","og_locale":"pt_BR","og_type":"article","og_title":"Homem \u00e9 morto e mulher fica ferida em Jabitac\u00e1\/Iguaracy - Afogados FM","og_description":"Na noite desta sexta-feira (27), um homem foi morto a tiros e uma mulher ficou ferida durante uma tentativa de","og_url":"https:\/\/afogadosfm.com.br\/afogadosfm\/2025\/06\/28\/homem-e-morto-e-mulher-fica-ferida-em-jabitaca-iguaracy\/","og_site_name":"Afogados FM","article_published_time":"2025-06-28T10:19:19+00:00","article_modified_time":"2025-06-28T10:21:17+00:00","og_image":[{"width":1220,"height":1219,"url":"https:\/\/afogadosfm.com.br\/afogadosfm\/wp-content\/uploads\/2025\/06\/Screenshot_2025-06-27-22-20-54-047_com.volio_.layout.photocollage.collagemaker-edit.jpg","type":"image\/jpeg"}],"author":"afogadosfm","twitter_card":"summary_large_image","twitter_misc":{"Escrito por":"afogadosfm","Est. tempo de leitura":"1 minuto"},"schema":{"@context":"https:\/\/schema.org","@graph":[{"@type":"Article","@id":"https:\/\/afogadosfm.com.br\/afogadosfm\/2025\/06\/28\/homem-e-morto-e-mulher-fica-ferida-em-jabitaca-iguaracy\/#article","isPartOf":{"@id":"https:\/\/afogadosfm.com.br\/afogadosfm\/2025\/06\/28\/homem-e-morto-e-mulher-fica-ferida-em-jabitaca-iguaracy\/"},"author":{"name":"afogadosfm","@id":"https:\/\/afogadosfm.com.br\/afogadosfm\/#\/schema\/person\/60e56f2cf5dc960fc093fe093d9e9057"},"headline":"Homem \u00e9 morto e mulher fica ferida em Jabitac\u00e1\/Iguaracy","datePublished":"2025-06-28T10:19:19+00:00","dateModified":"2025-06-28T10:21:17+00:00","mainEntityOfPage":{"@id":"https:\/\/afogadosfm.com.br\/afogadosfm\/2025\/06\/28\/homem-e-morto-e-mulher-fica-ferida-em-jabitaca-iguaracy\/"},"wordCount":170,"commentCount":0,"publisher":{"@id":"https:\/\/afogadosfm.com.br\/afogadosfm\/#organization"},"image":{"@id":"https:\/\/afogadosfm.com.br\/afogadosfm\/2025\/06\/28\/homem-e-morto-e-mulher-fica-ferida-em-jabitaca-iguaracy\/#primaryimage"},"thumbnailUrl":"https:\/\/i0.wp.com\/afogadosfm.com.br\/afogadosfm\/wp-content\/uploads\/2025\/06\/Screenshot_2025-06-27-22-20-54-047_com.volio_.layout.photocollage.collagemaker-edit.jpg?fit=1220%2C1219&ssl=1","articleSection":["Sert\u00e3o"],"inLanguage":"pt-BR","potentialAction":[{"@type":"CommentAction","name":"Comment","target":["https:\/\/afogadosfm.com.br\/afogadosfm\/2025\/06\/28\/homem-e-morto-e-mulher-fica-ferida-em-jabitaca-iguaracy\/#respond"]}]},{"@type":"WebPage","@id":"https:\/\/afogadosfm.com.br\/afogadosfm\/2025\/06\/28\/homem-e-morto-e-mulher-fica-ferida-em-jabitaca-iguaracy\/","url":"https:\/\/afogadosfm.com.br\/afogadosfm\/2025\/06\/28\/homem-e-morto-e-mulher-fica-ferida-em-jabitaca-iguaracy\/","name":"Homem \u00e9 morto e mulher fica ferida em Jabitac\u00e1\/Iguaracy - Afogados FM","isPartOf":{"@id":"https:\/\/afogadosfm.com.br\/afogadosfm\/#website"},"primaryImageOfPage":{"@id":"https:\/\/afogadosfm.com.br\/afogadosfm\/2025\/06\/28\/homem-e-morto-e-mulher-fica-ferida-em-jabitaca-iguaracy\/#primaryimage"},"image":{"@id":"https:\/\/afogadosfm.com.br\/afogadosfm\/2025\/06\/28\/homem-e-morto-e-mulher-fica-ferida-em-jabitaca-iguaracy\/#primaryimage"},"thumbnailUrl":"https:\/\/i0.wp.com\/afogadosfm.com.br\/afogadosfm\/wp-content\/uploads\/2025\/06\/Screenshot_2025-06-27-22-20-54-047_com.volio_.layout.photocollage.collagemaker-edit.jpg?fit=1220%2C1219&ssl=1","datePublished":"2025-06-28T10:19:19+00:00","dateModified":"2025-06-28T10:21:17+00:00","breadcrumb":{"@id":"https:\/\/afogadosfm.com.br\/afogadosfm\/2025\/06\/28\/homem-e-morto-e-mulher-fica-ferida-em-jabitaca-iguaracy\/#breadcrumb"},"inLanguage":"pt-BR","potentialAction":[{"@type":"ReadAction","target":["https:\/\/afogadosfm.com.br\/afogadosfm\/2025\/06\/28\/homem-e-morto-e-mulher-fica-ferida-em-jabitaca-iguaracy\/"]}]},{"@type":"ImageObject","inLanguage":"pt-BR","@id":"https:\/\/afogadosfm.com.br\/afogadosfm\/2025\/06\/28\/homem-e-morto-e-mulher-fica-ferida-em-jabitaca-iguaracy\/#primaryimage","url":"https:\/\/i0.wp.com\/afogadosfm.com.br\/afogadosfm\/wp-content\/uploads\/2025\/06\/Screenshot_2025-06-27-22-20-54-047_com.volio_.layout.photocollage.collagemaker-edit.jpg?fit=1220%2C1219&ssl=1","contentUrl":"https:\/\/i0.wp.com\/afogadosfm.com.br\/afogadosfm\/wp-content\/uploads\/2025\/06\/Screenshot_2025-06-27-22-20-54-047_com.volio_.layout.photocollage.collagemaker-edit.jpg?fit=1220%2C1219&ssl=1","width":1220,"height":1219},{"@type":"BreadcrumbList","@id":"https:\/\/afogadosfm.com.br\/afogadosfm\/2025\/06\/28\/homem-e-morto-e-mulher-fica-ferida-em-jabitaca-iguaracy\/#breadcrumb","itemListElement":[{"@type":"ListItem","position":1,"name":"In\u00edcio","item":"https:\/\/afogadosfm.com.br\/afogadosfm\/"},{"@type":"ListItem","position":2,"name":"Homem \u00e9 morto e mulher fica ferida em Jabitac\u00e1\/Iguaracy"}]},{"@type":"WebSite","@id":"https:\/\/afogadosfm.com.br\/afogadosfm\/#website","url":"https:\/\/afogadosfm.com.br\/afogadosfm\/","name":"Afogados FM","description":"Um site completo!","publisher":{"@id":"https:\/\/afogadosfm.com.br\/afogadosfm\/#organization"},"potentialAction":[{"@type":"SearchAction","target":{"@type":"EntryPoint","urlTemplate":"https:\/\/afogadosfm.com.br\/afogadosfm\/?s={search_term_string}"},"query-input":{"@type":"PropertyValueSpecification","valueRequired":true,"valueName":"search_term_string"}}],"inLanguage":"pt-BR"},{"@type":"Organization","@id":"https:\/\/afogadosfm.com.br\/afogadosfm\/#organization","name":"Afogados FM","url":"https:\/\/afogadosfm.com.br\/afogadosfm\/","logo":{"@type":"ImageObject","inLanguage":"pt-BR","@id":"https:\/\/afogadosfm.com.br\/afogadosfm\/#\/schema\/logo\/image\/","url":"https:\/\/i0.wp.com\/afogadosfm.com.br\/afogadosfm\/wp-content\/uploads\/2020\/06\/cropped-banner-afogados-4.jpg?fit=369%2C137&ssl=1","contentUrl":"https:\/\/i0.wp.com\/afogadosfm.com.br\/afogadosfm\/wp-content\/uploads\/2020\/06\/cropped-banner-afogados-4.jpg?fit=369%2C137&ssl=1","width":369,"height":137,"caption":"Afogados FM"},"image":{"@id":"https:\/\/afogadosfm.com.br\/afogadosfm\/#\/schema\/logo\/image\/"}},{"@type":"Person","@id":"https:\/\/afogadosfm.com.br\/afogadosfm\/#\/schema\/person\/60e56f2cf5dc960fc093fe093d9e9057","name":"afogadosfm","image":{"@type":"ImageObject","inLanguage":"pt-BR","@id":"https:\/\/secure.gravatar.com\/avatar\/e0359add7ed5dc3560906d861b52c6a8cf5c1e199d3a7dd85070998f49bd4701?s=96&d=mm&r=g","url":"https:\/\/secure.gravatar.com\/avatar\/e0359add7ed5dc3560906d861b52c6a8cf5c1e199d3a7dd85070998f49bd4701?s=96&d=mm&r=g","contentUrl":"https:\/\/secure.gravatar.com\/avatar\/e0359add7ed5dc3560906d861b52c6a8cf5c1e199d3a7dd85070998f49bd4701?s=96&d=mm&r=g","caption":"afogadosfm"},"url":"https:\/\/afogadosfm.com.br\/afogadosfm\/author\/afogadosfm\/"}]}},"jetpack_publicize_connections":[],"jetpack_featured_media_url":"https:\/\/i0.wp.com\/afogadosfm.com.br\/afogadosfm\/wp-content\/uploads\/2025\/06\/Screenshot_2025-06-27-22-20-54-047_com.volio_.layout.photocollage.collagemaker-edit.jpg?fit=1220%2C1219&ssl=1","jetpack-related-posts":[],"jetpack_sharing_enabled":true,"jetpack_likes_enabled":true,"_links":{"self":[{"href":"https:\/\/afogadosfm.com.br\/afogadosfm\/wp-json\/wp\/v2\/posts\/66979","targetHints":{"allow":["GET"]}}],"collection":[{"href":"https:\/\/afogadosfm.com.br\/afogadosfm\/wp-json\/wp\/v2\/posts"}],"about":[{"href":"https:\/\/afogadosfm.com.br\/afogadosfm\/wp-json\/wp\/v2\/types\/post"}],"author":[{"embeddable":true,"href":"https:\/\/afogadosfm.com.br\/afogadosfm\/wp-json\/wp\/v2\/users\/2"}],"replies":[{"embeddable":true,"href":"https:\/\/afogadosfm.com.br\/afogadosfm\/wp-json\/wp\/v2\/comments?post=66979"}],"version-history":[{"count":3,"href":"https:\/\/afogadosfm.com.br\/afogadosfm\/wp-json\/wp\/v2\/posts\/66979\/revisions"}],"predecessor-version":[{"id":66983,"href":"https:\/\/afogadosfm.com.br\/afogadosfm\/wp-json\/wp\/v2\/posts\/66979\/revisions\/66983"}],"wp:featuredmedia":[{"embeddable":true,"href":"https:\/\/afogadosfm.com.br\/afogadosfm\/wp-json\/wp\/v2\/media\/66980"}],"wp:attachment":[{"href":"https:\/\/afogadosfm.com.br\/afogadosfm\/wp-json\/wp\/v2\/media?parent=66979"}],"wp:term":[{"taxonomy":"category","embeddable":true,"href":"https:\/\/afogadosfm.com.br\/afogadosfm\/wp-json\/wp\/v2\/categories?post=66979"},{"taxonomy":"post_tag","embeddable":true,"href":"https:\/\/afogadosfm.com.br\/afogadosfm\/wp-json\/wp\/v2\/tags?post=66979"}],"curies":[{"name":"wp","href":"https:\/\/api.w.org\/{rel}","templated":true}]}}