{"id":67010,"date":"2025-06-30T04:34:20","date_gmt":"2025-06-30T07:34:20","guid":{"rendered":"https:\/\/afogadosfm.com.br\/afogadosfm\/?p=67010"},"modified":"2025-06-30T04:34:21","modified_gmt":"2025-06-30T07:34:21","slug":"presidente-lula-sanciona-lei-que-estabelece-cnh-gratuita-para-baixa-renda","status":"publish","type":"post","link":"https:\/\/afogadosfm.com.br\/afogadosfm\/2025\/06\/30\/presidente-lula-sanciona-lei-que-estabelece-cnh-gratuita-para-baixa-renda\/","title":{"rendered":"Presidente Lula sanciona lei que estabelece CNH gratuita para baixa renda"},"content":{"rendered":"\n<p>O presidente Luiz In\u00e1cio Lula da Silva (PT) sancionou na ultima 6\u00aa feira (27.jun.2025) o PL (projeto de lei) 3.965 de 2021 que estabelece que a CNH (Carteira Nacional de Habilita\u00e7\u00e3o) seja gratuita para pessoas de baixa renda, isto \u00e9, pessoas que est\u00e3o inscritas no Cad\u00danico (Cadastro \u00danico para Programas Sociais). Os detalhes, no entanto, ainda n\u00e3o foram divulgados. As novas regras passam a valer em 45 dias -ou seja, em 11 de agosto. Leia a \u00edntegra do texto publicado no DOU (Di\u00e1rio Oficial da Uni\u00e3o, PDF \u2013 122 kB).<\/p>\n\n\n\n<p>O texto determina que os valores arrecadados com o pagamento de multas de tr\u00e2nsito podem ser usados no processo da emiss\u00e3o da carteira de motorista das pessoas que vivem com renda mensal de at\u00e9 meio sal\u00e1rio m\u00ednimo, estabelecido em R$ 1.518,00.<\/p>\n\n\n\n<p>Lula vetou, no entanto, um trecho que determinava a obrigatoriedade da apresenta\u00e7\u00e3o de exame toxicol\u00f3gico negativo para emiss\u00e3o da CNH nas categorias A (moto) e B (carro). A exig\u00eancia para as categorias C, D e E (transporte de cargas e passageiros) est\u00e1 mantida. O exame toxicol\u00f3gico deve ser realizado em cl\u00ednicas credenciadas pelo \u00f3rg\u00e3o de tr\u00e2nsito, com an\u00e1lise retrospectiva m\u00ednima de 90 dias.<\/p>\n\n\n\n<p>O exame \u00e9 utilizado para a detec\u00e7\u00e3o de anfetaminas (anfetamina, metanfetamina, MDA, MDMA, anfepramona, femproporex), mandizol, canabinoides (Carboxy THC) e opi\u00e1ceos (coca\u00edna, benzoilecgonina, cocaetileno, norcoca\u00edna, opi\u00e1ceos, morfina, code\u00edna e hero\u00edna). A validade do exame toxicol\u00f3gico tamb\u00e9m \u00e9 de 90 dias, contados a partir da data da coleta da amostra.<\/p>\n","protected":false},"excerpt":{"rendered":"<p>O presidente Luiz In\u00e1cio Lula da Silva (PT) sancionou na ultima 6\u00aa feira (27.jun.2025) o PL (projeto de lei) 3.965<\/p>\n","protected":false},"author":2,"featured_media":54362,"comment_status":"open","ping_status":"open","sticky":false,"template":"","format":"standard","meta":{"jetpack_post_was_ever_published":false,"_jetpack_newsletter_access":"","_jetpack_dont_email_post_to_subs":false,"_jetpack_newsletter_tier_id":0,"_jetpack_memberships_contains_paywalled_content":false,"_jetpack_memberships_contains_paid_content":false,"footnotes":"","jetpack_publicize_message":"","jetpack_publicize_feature_enabled":true,"jetpack_social_post_already_shared":true,"jetpack_social_options":{"image_generator_settings":{"template":"highway","default_image_id":0,"font":"","enabled":false},"version":2}},"categories":[12],"tags":[],"class_list":["post-67010","post","type-post","status-publish","format-standard","has-post-thumbnail","hentry","category-brasil"],"yoast_head":"<!-- This site is optimized with the Yoast SEO plugin v27.5 - https:\/\/yoast.com\/product\/yoast-seo-wordpress\/ -->\n<title>Presidente Lula sanciona lei que estabelece CNH gratuita para baixa renda - Afogados FM<\/title>\n<meta name=\"robots\" content=\"index, follow, max-snippet:-1, max-image-preview:large, max-video-preview:-1\" \/>\n<link rel=\"canonical\" href=\"https:\/\/afogadosfm.com.br\/afogadosfm\/2025\/06\/30\/presidente-lula-sanciona-lei-que-estabelece-cnh-gratuita-para-baixa-renda\/\" \/>\n<meta property=\"og:locale\" content=\"pt_BR\" \/>\n<meta property=\"og:type\" content=\"article\" \/>\n<meta property=\"og:title\" content=\"Presidente Lula sanciona lei que estabelece CNH gratuita para baixa renda - Afogados FM\" \/>\n<meta property=\"og:description\" content=\"O presidente Luiz In\u00e1cio Lula da Silva (PT) sancionou na ultima 6\u00aa feira (27.jun.2025) o PL (projeto de lei) 3.965\" \/>\n<meta property=\"og:url\" content=\"https:\/\/afogadosfm.com.br\/afogadosfm\/2025\/06\/30\/presidente-lula-sanciona-lei-que-estabelece-cnh-gratuita-para-baixa-renda\/\" \/>\n<meta property=\"og:site_name\" content=\"Afogados FM\" \/>\n<meta property=\"article:published_time\" content=\"2025-06-30T07:34:20+00:00\" \/>\n<meta property=\"article:modified_time\" content=\"2025-06-30T07:34:21+00:00\" \/>\n<meta property=\"og:image\" content=\"https:\/\/afogadosfm.com.br\/afogadosfm\/wp-content\/uploads\/2024\/02\/nova-cnh.jpg\" \/>\n\t<meta property=\"og:image:width\" content=\"1100\" \/>\n\t<meta property=\"og:image:height\" content=\"659\" \/>\n\t<meta property=\"og:image:type\" content=\"image\/jpeg\" \/>\n<meta name=\"author\" content=\"afogadosfm\" \/>\n<meta name=\"twitter:card\" content=\"summary_large_image\" \/>\n<meta name=\"twitter:label1\" content=\"Escrito por\" \/>\n\t<meta name=\"twitter:data1\" content=\"afogadosfm\" \/>\n\t<meta name=\"twitter:label2\" content=\"Est. tempo de leitura\" \/>\n\t<meta name=\"twitter:data2\" content=\"2 minutos\" \/>\n<script type=\"application\/ld+json\" class=\"yoast-schema-graph\">{\"@context\":\"https:\\\/\\\/schema.org\",\"@graph\":[{\"@type\":\"Article\",\"@id\":\"https:\\\/\\\/afogadosfm.com.br\\\/afogadosfm\\\/2025\\\/06\\\/30\\\/presidente-lula-sanciona-lei-que-estabelece-cnh-gratuita-para-baixa-renda\\\/#article\",\"isPartOf\":{\"@id\":\"https:\\\/\\\/afogadosfm.com.br\\\/afogadosfm\\\/2025\\\/06\\\/30\\\/presidente-lula-sanciona-lei-que-estabelece-cnh-gratuita-para-baixa-renda\\\/\"},\"author\":{\"name\":\"afogadosfm\",\"@id\":\"https:\\\/\\\/afogadosfm.com.br\\\/afogadosfm\\\/#\\\/schema\\\/person\\\/60e56f2cf5dc960fc093fe093d9e9057\"},\"headline\":\"Presidente Lula sanciona lei que estabelece CNH gratuita para baixa renda\",\"datePublished\":\"2025-06-30T07:34:20+00:00\",\"dateModified\":\"2025-06-30T07:34:21+00:00\",\"mainEntityOfPage\":{\"@id\":\"https:\\\/\\\/afogadosfm.com.br\\\/afogadosfm\\\/2025\\\/06\\\/30\\\/presidente-lula-sanciona-lei-que-estabelece-cnh-gratuita-para-baixa-renda\\\/\"},\"wordCount\":271,\"commentCount\":0,\"publisher\":{\"@id\":\"https:\\\/\\\/afogadosfm.com.br\\\/afogadosfm\\\/#organization\"},\"image\":{\"@id\":\"https:\\\/\\\/afogadosfm.com.br\\\/afogadosfm\\\/2025\\\/06\\\/30\\\/presidente-lula-sanciona-lei-que-estabelece-cnh-gratuita-para-baixa-renda\\\/#primaryimage\"},\"thumbnailUrl\":\"https:\\\/\\\/i0.wp.com\\\/afogadosfm.com.br\\\/afogadosfm\\\/wp-content\\\/uploads\\\/2024\\\/02\\\/nova-cnh.jpg?fit=1100%2C659&ssl=1\",\"articleSection\":[\"Brasil\"],\"inLanguage\":\"pt-BR\",\"potentialAction\":[{\"@type\":\"CommentAction\",\"name\":\"Comment\",\"target\":[\"https:\\\/\\\/afogadosfm.com.br\\\/afogadosfm\\\/2025\\\/06\\\/30\\\/presidente-lula-sanciona-lei-que-estabelece-cnh-gratuita-para-baixa-renda\\\/#respond\"]}]},{\"@type\":\"WebPage\",\"@id\":\"https:\\\/\\\/afogadosfm.com.br\\\/afogadosfm\\\/2025\\\/06\\\/30\\\/presidente-lula-sanciona-lei-que-estabelece-cnh-gratuita-para-baixa-renda\\\/\",\"url\":\"https:\\\/\\\/afogadosfm.com.br\\\/afogadosfm\\\/2025\\\/06\\\/30\\\/presidente-lula-sanciona-lei-que-estabelece-cnh-gratuita-para-baixa-renda\\\/\",\"name\":\"Presidente Lula sanciona lei que estabelece CNH gratuita para baixa renda - Afogados FM\",\"isPartOf\":{\"@id\":\"https:\\\/\\\/afogadosfm.com.br\\\/afogadosfm\\\/#website\"},\"primaryImageOfPage\":{\"@id\":\"https:\\\/\\\/afogadosfm.com.br\\\/afogadosfm\\\/2025\\\/06\\\/30\\\/presidente-lula-sanciona-lei-que-estabelece-cnh-gratuita-para-baixa-renda\\\/#primaryimage\"},\"image\":{\"@id\":\"https:\\\/\\\/afogadosfm.com.br\\\/afogadosfm\\\/2025\\\/06\\\/30\\\/presidente-lula-sanciona-lei-que-estabelece-cnh-gratuita-para-baixa-renda\\\/#primaryimage\"},\"thumbnailUrl\":\"https:\\\/\\\/i0.wp.com\\\/afogadosfm.com.br\\\/afogadosfm\\\/wp-content\\\/uploads\\\/2024\\\/02\\\/nova-cnh.jpg?fit=1100%2C659&ssl=1\",\"datePublished\":\"2025-06-30T07:34:20+00:00\",\"dateModified\":\"2025-06-30T07:34:21+00:00\",\"breadcrumb\":{\"@id\":\"https:\\\/\\\/afogadosfm.com.br\\\/afogadosfm\\\/2025\\\/06\\\/30\\\/presidente-lula-sanciona-lei-que-estabelece-cnh-gratuita-para-baixa-renda\\\/#breadcrumb\"},\"inLanguage\":\"pt-BR\",\"potentialAction\":[{\"@type\":\"ReadAction\",\"target\":[\"https:\\\/\\\/afogadosfm.com.br\\\/afogadosfm\\\/2025\\\/06\\\/30\\\/presidente-lula-sanciona-lei-que-estabelece-cnh-gratuita-para-baixa-renda\\\/\"]}]},{\"@type\":\"ImageObject\",\"inLanguage\":\"pt-BR\",\"@id\":\"https:\\\/\\\/afogadosfm.com.br\\\/afogadosfm\\\/2025\\\/06\\\/30\\\/presidente-lula-sanciona-lei-que-estabelece-cnh-gratuita-para-baixa-renda\\\/#primaryimage\",\"url\":\"https:\\\/\\\/i0.wp.com\\\/afogadosfm.com.br\\\/afogadosfm\\\/wp-content\\\/uploads\\\/2024\\\/02\\\/nova-cnh.jpg?fit=1100%2C659&ssl=1\",\"contentUrl\":\"https:\\\/\\\/i0.wp.com\\\/afogadosfm.com.br\\\/afogadosfm\\\/wp-content\\\/uploads\\\/2024\\\/02\\\/nova-cnh.jpg?fit=1100%2C659&ssl=1\",\"width\":1100,\"height\":659},{\"@type\":\"BreadcrumbList\",\"@id\":\"https:\\\/\\\/afogadosfm.com.br\\\/afogadosfm\\\/2025\\\/06\\\/30\\\/presidente-lula-sanciona-lei-que-estabelece-cnh-gratuita-para-baixa-renda\\\/#breadcrumb\",\"itemListElement\":[{\"@type\":\"ListItem\",\"position\":1,\"name\":\"In\u00edcio\",\"item\":\"https:\\\/\\\/afogadosfm.com.br\\\/afogadosfm\\\/\"},{\"@type\":\"ListItem\",\"position\":2,\"name\":\"Presidente Lula sanciona lei que estabelece CNH gratuita para baixa renda\"}]},{\"@type\":\"WebSite\",\"@id\":\"https:\\\/\\\/afogadosfm.com.br\\\/afogadosfm\\\/#website\",\"url\":\"https:\\\/\\\/afogadosfm.com.br\\\/afogadosfm\\\/\",\"name\":\"Afogados FM\",\"description\":\"Um site completo!\",\"publisher\":{\"@id\":\"https:\\\/\\\/afogadosfm.com.br\\\/afogadosfm\\\/#organization\"},\"potentialAction\":[{\"@type\":\"SearchAction\",\"target\":{\"@type\":\"EntryPoint\",\"urlTemplate\":\"https:\\\/\\\/afogadosfm.com.br\\\/afogadosfm\\\/?s={search_term_string}\"},\"query-input\":{\"@type\":\"PropertyValueSpecification\",\"valueRequired\":true,\"valueName\":\"search_term_string\"}}],\"inLanguage\":\"pt-BR\"},{\"@type\":\"Organization\",\"@id\":\"https:\\\/\\\/afogadosfm.com.br\\\/afogadosfm\\\/#organization\",\"name\":\"Afogados FM\",\"url\":\"https:\\\/\\\/afogadosfm.com.br\\\/afogadosfm\\\/\",\"logo\":{\"@type\":\"ImageObject\",\"inLanguage\":\"pt-BR\",\"@id\":\"https:\\\/\\\/afogadosfm.com.br\\\/afogadosfm\\\/#\\\/schema\\\/logo\\\/image\\\/\",\"url\":\"https:\\\/\\\/i0.wp.com\\\/afogadosfm.com.br\\\/afogadosfm\\\/wp-content\\\/uploads\\\/2020\\\/06\\\/cropped-banner-afogados-4.jpg?fit=369%2C137&ssl=1\",\"contentUrl\":\"https:\\\/\\\/i0.wp.com\\\/afogadosfm.com.br\\\/afogadosfm\\\/wp-content\\\/uploads\\\/2020\\\/06\\\/cropped-banner-afogados-4.jpg?fit=369%2C137&ssl=1\",\"width\":369,\"height\":137,\"caption\":\"Afogados FM\"},\"image\":{\"@id\":\"https:\\\/\\\/afogadosfm.com.br\\\/afogadosfm\\\/#\\\/schema\\\/logo\\\/image\\\/\"}},{\"@type\":\"Person\",\"@id\":\"https:\\\/\\\/afogadosfm.com.br\\\/afogadosfm\\\/#\\\/schema\\\/person\\\/60e56f2cf5dc960fc093fe093d9e9057\",\"name\":\"afogadosfm\",\"image\":{\"@type\":\"ImageObject\",\"inLanguage\":\"pt-BR\",\"@id\":\"https:\\\/\\\/secure.gravatar.com\\\/avatar\\\/e0359add7ed5dc3560906d861b52c6a8cf5c1e199d3a7dd85070998f49bd4701?s=96&d=mm&r=g\",\"url\":\"https:\\\/\\\/secure.gravatar.com\\\/avatar\\\/e0359add7ed5dc3560906d861b52c6a8cf5c1e199d3a7dd85070998f49bd4701?s=96&d=mm&r=g\",\"contentUrl\":\"https:\\\/\\\/secure.gravatar.com\\\/avatar\\\/e0359add7ed5dc3560906d861b52c6a8cf5c1e199d3a7dd85070998f49bd4701?s=96&d=mm&r=g\",\"caption\":\"afogadosfm\"},\"url\":\"https:\\\/\\\/afogadosfm.com.br\\\/afogadosfm\\\/author\\\/afogadosfm\\\/\"}]}<\/script>\n<!-- \/ Yoast SEO plugin. -->","yoast_head_json":{"title":"Presidente Lula sanciona lei que estabelece CNH gratuita para baixa renda - Afogados FM","robots":{"index":"index","follow":"follow","max-snippet":"max-snippet:-1","max-image-preview":"max-image-preview:large","max-video-preview":"max-video-preview:-1"},"canonical":"https:\/\/afogadosfm.com.br\/afogadosfm\/2025\/06\/30\/presidente-lula-sanciona-lei-que-estabelece-cnh-gratuita-para-baixa-renda\/","og_locale":"pt_BR","og_type":"article","og_title":"Presidente Lula sanciona lei que estabelece CNH gratuita para baixa renda - Afogados FM","og_description":"O presidente Luiz In\u00e1cio Lula da Silva (PT) sancionou na ultima 6\u00aa feira (27.jun.2025) o PL (projeto de lei) 3.965","og_url":"https:\/\/afogadosfm.com.br\/afogadosfm\/2025\/06\/30\/presidente-lula-sanciona-lei-que-estabelece-cnh-gratuita-para-baixa-renda\/","og_site_name":"Afogados FM","article_published_time":"2025-06-30T07:34:20+00:00","article_modified_time":"2025-06-30T07:34:21+00:00","og_image":[{"width":1100,"height":659,"url":"https:\/\/afogadosfm.com.br\/afogadosfm\/wp-content\/uploads\/2024\/02\/nova-cnh.jpg","type":"image\/jpeg"}],"author":"afogadosfm","twitter_card":"summary_large_image","twitter_misc":{"Escrito por":"afogadosfm","Est. tempo de leitura":"2 minutos"},"schema":{"@context":"https:\/\/schema.org","@graph":[{"@type":"Article","@id":"https:\/\/afogadosfm.com.br\/afogadosfm\/2025\/06\/30\/presidente-lula-sanciona-lei-que-estabelece-cnh-gratuita-para-baixa-renda\/#article","isPartOf":{"@id":"https:\/\/afogadosfm.com.br\/afogadosfm\/2025\/06\/30\/presidente-lula-sanciona-lei-que-estabelece-cnh-gratuita-para-baixa-renda\/"},"author":{"name":"afogadosfm","@id":"https:\/\/afogadosfm.com.br\/afogadosfm\/#\/schema\/person\/60e56f2cf5dc960fc093fe093d9e9057"},"headline":"Presidente Lula sanciona lei que estabelece CNH gratuita para baixa renda","datePublished":"2025-06-30T07:34:20+00:00","dateModified":"2025-06-30T07:34:21+00:00","mainEntityOfPage":{"@id":"https:\/\/afogadosfm.com.br\/afogadosfm\/2025\/06\/30\/presidente-lula-sanciona-lei-que-estabelece-cnh-gratuita-para-baixa-renda\/"},"wordCount":271,"commentCount":0,"publisher":{"@id":"https:\/\/afogadosfm.com.br\/afogadosfm\/#organization"},"image":{"@id":"https:\/\/afogadosfm.com.br\/afogadosfm\/2025\/06\/30\/presidente-lula-sanciona-lei-que-estabelece-cnh-gratuita-para-baixa-renda\/#primaryimage"},"thumbnailUrl":"https:\/\/i0.wp.com\/afogadosfm.com.br\/afogadosfm\/wp-content\/uploads\/2024\/02\/nova-cnh.jpg?fit=1100%2C659&ssl=1","articleSection":["Brasil"],"inLanguage":"pt-BR","potentialAction":[{"@type":"CommentAction","name":"Comment","target":["https:\/\/afogadosfm.com.br\/afogadosfm\/2025\/06\/30\/presidente-lula-sanciona-lei-que-estabelece-cnh-gratuita-para-baixa-renda\/#respond"]}]},{"@type":"WebPage","@id":"https:\/\/afogadosfm.com.br\/afogadosfm\/2025\/06\/30\/presidente-lula-sanciona-lei-que-estabelece-cnh-gratuita-para-baixa-renda\/","url":"https:\/\/afogadosfm.com.br\/afogadosfm\/2025\/06\/30\/presidente-lula-sanciona-lei-que-estabelece-cnh-gratuita-para-baixa-renda\/","name":"Presidente Lula sanciona lei que estabelece CNH gratuita para baixa renda - Afogados FM","isPartOf":{"@id":"https:\/\/afogadosfm.com.br\/afogadosfm\/#website"},"primaryImageOfPage":{"@id":"https:\/\/afogadosfm.com.br\/afogadosfm\/2025\/06\/30\/presidente-lula-sanciona-lei-que-estabelece-cnh-gratuita-para-baixa-renda\/#primaryimage"},"image":{"@id":"https:\/\/afogadosfm.com.br\/afogadosfm\/2025\/06\/30\/presidente-lula-sanciona-lei-que-estabelece-cnh-gratuita-para-baixa-renda\/#primaryimage"},"thumbnailUrl":"https:\/\/i0.wp.com\/afogadosfm.com.br\/afogadosfm\/wp-content\/uploads\/2024\/02\/nova-cnh.jpg?fit=1100%2C659&ssl=1","datePublished":"2025-06-30T07:34:20+00:00","dateModified":"2025-06-30T07:34:21+00:00","breadcrumb":{"@id":"https:\/\/afogadosfm.com.br\/afogadosfm\/2025\/06\/30\/presidente-lula-sanciona-lei-que-estabelece-cnh-gratuita-para-baixa-renda\/#breadcrumb"},"inLanguage":"pt-BR","potentialAction":[{"@type":"ReadAction","target":["https:\/\/afogadosfm.com.br\/afogadosfm\/2025\/06\/30\/presidente-lula-sanciona-lei-que-estabelece-cnh-gratuita-para-baixa-renda\/"]}]},{"@type":"ImageObject","inLanguage":"pt-BR","@id":"https:\/\/afogadosfm.com.br\/afogadosfm\/2025\/06\/30\/presidente-lula-sanciona-lei-que-estabelece-cnh-gratuita-para-baixa-renda\/#primaryimage","url":"https:\/\/i0.wp.com\/afogadosfm.com.br\/afogadosfm\/wp-content\/uploads\/2024\/02\/nova-cnh.jpg?fit=1100%2C659&ssl=1","contentUrl":"https:\/\/i0.wp.com\/afogadosfm.com.br\/afogadosfm\/wp-content\/uploads\/2024\/02\/nova-cnh.jpg?fit=1100%2C659&ssl=1","width":1100,"height":659},{"@type":"BreadcrumbList","@id":"https:\/\/afogadosfm.com.br\/afogadosfm\/2025\/06\/30\/presidente-lula-sanciona-lei-que-estabelece-cnh-gratuita-para-baixa-renda\/#breadcrumb","itemListElement":[{"@type":"ListItem","position":1,"name":"In\u00edcio","item":"https:\/\/afogadosfm.com.br\/afogadosfm\/"},{"@type":"ListItem","position":2,"name":"Presidente Lula sanciona lei que estabelece CNH gratuita para baixa renda"}]},{"@type":"WebSite","@id":"https:\/\/afogadosfm.com.br\/afogadosfm\/#website","url":"https:\/\/afogadosfm.com.br\/afogadosfm\/","name":"Afogados FM","description":"Um site completo!","publisher":{"@id":"https:\/\/afogadosfm.com.br\/afogadosfm\/#organization"},"potentialAction":[{"@type":"SearchAction","target":{"@type":"EntryPoint","urlTemplate":"https:\/\/afogadosfm.com.br\/afogadosfm\/?s={search_term_string}"},"query-input":{"@type":"PropertyValueSpecification","valueRequired":true,"valueName":"search_term_string"}}],"inLanguage":"pt-BR"},{"@type":"Organization","@id":"https:\/\/afogadosfm.com.br\/afogadosfm\/#organization","name":"Afogados FM","url":"https:\/\/afogadosfm.com.br\/afogadosfm\/","logo":{"@type":"ImageObject","inLanguage":"pt-BR","@id":"https:\/\/afogadosfm.com.br\/afogadosfm\/#\/schema\/logo\/image\/","url":"https:\/\/i0.wp.com\/afogadosfm.com.br\/afogadosfm\/wp-content\/uploads\/2020\/06\/cropped-banner-afogados-4.jpg?fit=369%2C137&ssl=1","contentUrl":"https:\/\/i0.wp.com\/afogadosfm.com.br\/afogadosfm\/wp-content\/uploads\/2020\/06\/cropped-banner-afogados-4.jpg?fit=369%2C137&ssl=1","width":369,"height":137,"caption":"Afogados FM"},"image":{"@id":"https:\/\/afogadosfm.com.br\/afogadosfm\/#\/schema\/logo\/image\/"}},{"@type":"Person","@id":"https:\/\/afogadosfm.com.br\/afogadosfm\/#\/schema\/person\/60e56f2cf5dc960fc093fe093d9e9057","name":"afogadosfm","image":{"@type":"ImageObject","inLanguage":"pt-BR","@id":"https:\/\/secure.gravatar.com\/avatar\/e0359add7ed5dc3560906d861b52c6a8cf5c1e199d3a7dd85070998f49bd4701?s=96&d=mm&r=g","url":"https:\/\/secure.gravatar.com\/avatar\/e0359add7ed5dc3560906d861b52c6a8cf5c1e199d3a7dd85070998f49bd4701?s=96&d=mm&r=g","contentUrl":"https:\/\/secure.gravatar.com\/avatar\/e0359add7ed5dc3560906d861b52c6a8cf5c1e199d3a7dd85070998f49bd4701?s=96&d=mm&r=g","caption":"afogadosfm"},"url":"https:\/\/afogadosfm.com.br\/afogadosfm\/author\/afogadosfm\/"}]}},"jetpack_publicize_connections":[],"jetpack_featured_media_url":"https:\/\/i0.wp.com\/afogadosfm.com.br\/afogadosfm\/wp-content\/uploads\/2024\/02\/nova-cnh.jpg?fit=1100%2C659&ssl=1","jetpack-related-posts":[],"jetpack_sharing_enabled":true,"jetpack_likes_enabled":true,"_links":{"self":[{"href":"https:\/\/afogadosfm.com.br\/afogadosfm\/wp-json\/wp\/v2\/posts\/67010","targetHints":{"allow":["GET"]}}],"collection":[{"href":"https:\/\/afogadosfm.com.br\/afogadosfm\/wp-json\/wp\/v2\/posts"}],"about":[{"href":"https:\/\/afogadosfm.com.br\/afogadosfm\/wp-json\/wp\/v2\/types\/post"}],"author":[{"embeddable":true,"href":"https:\/\/afogadosfm.com.br\/afogadosfm\/wp-json\/wp\/v2\/users\/2"}],"replies":[{"embeddable":true,"href":"https:\/\/afogadosfm.com.br\/afogadosfm\/wp-json\/wp\/v2\/comments?post=67010"}],"version-history":[{"count":1,"href":"https:\/\/afogadosfm.com.br\/afogadosfm\/wp-json\/wp\/v2\/posts\/67010\/revisions"}],"predecessor-version":[{"id":67011,"href":"https:\/\/afogadosfm.com.br\/afogadosfm\/wp-json\/wp\/v2\/posts\/67010\/revisions\/67011"}],"wp:featuredmedia":[{"embeddable":true,"href":"https:\/\/afogadosfm.com.br\/afogadosfm\/wp-json\/wp\/v2\/media\/54362"}],"wp:attachment":[{"href":"https:\/\/afogadosfm.com.br\/afogadosfm\/wp-json\/wp\/v2\/media?parent=67010"}],"wp:term":[{"taxonomy":"category","embeddable":true,"href":"https:\/\/afogadosfm.com.br\/afogadosfm\/wp-json\/wp\/v2\/categories?post=67010"},{"taxonomy":"post_tag","embeddable":true,"href":"https:\/\/afogadosfm.com.br\/afogadosfm\/wp-json\/wp\/v2\/tags?post=67010"}],"curies":[{"name":"wp","href":"https:\/\/api.w.org\/{rel}","templated":true}]}}