{"id":67025,"date":"2025-06-30T04:51:13","date_gmt":"2025-06-30T07:51:13","guid":{"rendered":"https:\/\/afogadosfm.com.br\/afogadosfm\/?p=67025"},"modified":"2025-06-30T04:51:15","modified_gmt":"2025-06-30T07:51:15","slug":"datafolha-mais-da-metade-dos-brasileiros-tem-vergonha-do-stf","status":"publish","type":"post","link":"https:\/\/afogadosfm.com.br\/afogadosfm\/2025\/06\/30\/datafolha-mais-da-metade-dos-brasileiros-tem-vergonha-do-stf\/","title":{"rendered":"Datafolha: Mais da metade dos brasileiros tem vergonha do STF"},"content":{"rendered":"\n<p>Pesquisa Datafolha divulgada nesta sexta-feira (27), aponta que mais da metade dos brasileiros tem vergonha dos ministros do Supremo Tribunal Federal (STF). Segundo o levantamento, 58% dos entrevistados dizem se envergonhar dos ministros do Supremo, enquanto 30% declaram ter orgulho do tribunal.<\/p>\n\n\n\n<p>O levantamento se baseia em respostas \u00e0 pergunta: &#8220;voc\u00ea tem mais orgulho do que vergonha ou mais vergonha do que orgulho&#8221; de uma s\u00e9rie de institui\u00e7\u00f5es. Foram ouvidas 2.004 pessoas em 136 munic\u00edpios, entre 10 e 11 de junho. A margem de erro \u00e9 de dois pontos porcentuais, para mais ou para menos.<\/p>\n\n\n\n<p>A prefer\u00eancia pol\u00edtico-partid\u00e1ria se mostrou relevante para a pesquisa. Apoiadores declarados do ex-presidente Jair Bolsonaro (PL), atualmente r\u00e9u em a\u00e7\u00e3o julgada pela Primeira Turma da Corte, que analisa sua participa\u00e7\u00e3o em trama golpista ap\u00f3s as elei\u00e7\u00f5es de 2022, se mostraram ainda mais negativos com rela\u00e7\u00e3o ao STF, com 82% dos entrevistados declarando ter vergonha do Tribunal.<\/p>\n\n\n\n<p>J\u00e1 entre os eleitores do presidente Luiz In\u00e1cio Lula da Silva (PT), 52% t\u00eam orgulho dos ministros, enquanto 36% t\u00eam vergonha; 12% dos entrevistados n\u00e3o se posicionaram.<\/p>\n\n\n\n<p>O pior \u00edndice para a Corte &#8211; 91% contra 5% &#8211; est\u00e1 entre os entrevistados simpatizantes do PL, partido de Bolsonaro que foi alvo de uma multa de R$ 22,9 milh\u00f5es por &#8220;litig\u00e2ncia de m\u00e1-f\u00e9&#8221;, ap\u00f3s a tentativa de anular os votos de 279,3 mil urnas eletr\u00f4nicas nas elei\u00e7\u00f5es de 2022.<\/p>\n\n\n\n<p>Entrevistados que declararam prefer\u00eancia pelo PT mostram o oposto e com uma diferen\u00e7a estat\u00edstica menor: 53% de orgulhosos contra 36% de pessoas que sentem vergonha do tribunal.<\/p>\n\n\n\n<p>A prefer\u00eancia religiosa dos entrevistados tamb\u00e9m indica diferen\u00e7as. Cat\u00f3licos t\u00eam 33% de orgulho dos magistrados, enquanto os envergonhados s\u00e3o 56%. No grupo dos evang\u00e9licos, 66% dizem ter vergonha dos ministros e 22% sentem orgulho.<\/p>\n\n\n\n<p>Do JC<\/p>\n","protected":false},"excerpt":{"rendered":"<p>Pesquisa Datafolha divulgada nesta sexta-feira (27), aponta que mais da metade dos brasileiros tem vergonha dos ministros do Supremo Tribunal<\/p>\n","protected":false},"author":2,"featured_media":5878,"comment_status":"open","ping_status":"open","sticky":false,"template":"","format":"standard","meta":{"jetpack_post_was_ever_published":false,"_jetpack_newsletter_access":"","_jetpack_dont_email_post_to_subs":false,"_jetpack_newsletter_tier_id":0,"_jetpack_memberships_contains_paywalled_content":false,"_jetpack_memberships_contains_paid_content":false,"footnotes":"","jetpack_publicize_message":"","jetpack_publicize_feature_enabled":true,"jetpack_social_post_already_shared":true,"jetpack_social_options":{"image_generator_settings":{"template":"highway","default_image_id":0,"font":"","enabled":false},"version":2}},"categories":[12],"tags":[],"class_list":["post-67025","post","type-post","status-publish","format-standard","has-post-thumbnail","hentry","category-brasil"],"yoast_head":"<!-- This site is optimized with the Yoast SEO plugin v27.5 - https:\/\/yoast.com\/product\/yoast-seo-wordpress\/ -->\n<title>Datafolha: Mais da metade dos brasileiros tem vergonha do STF - Afogados FM<\/title>\n<meta name=\"robots\" content=\"index, follow, max-snippet:-1, max-image-preview:large, max-video-preview:-1\" \/>\n<link rel=\"canonical\" href=\"https:\/\/afogadosfm.com.br\/afogadosfm\/2025\/06\/30\/datafolha-mais-da-metade-dos-brasileiros-tem-vergonha-do-stf\/\" \/>\n<meta property=\"og:locale\" content=\"pt_BR\" \/>\n<meta property=\"og:type\" content=\"article\" \/>\n<meta property=\"og:title\" content=\"Datafolha: Mais da metade dos brasileiros tem vergonha do STF - Afogados FM\" \/>\n<meta property=\"og:description\" content=\"Pesquisa Datafolha divulgada nesta sexta-feira (27), aponta que mais da metade dos brasileiros tem vergonha dos ministros do Supremo Tribunal\" \/>\n<meta property=\"og:url\" content=\"https:\/\/afogadosfm.com.br\/afogadosfm\/2025\/06\/30\/datafolha-mais-da-metade-dos-brasileiros-tem-vergonha-do-stf\/\" \/>\n<meta property=\"og:site_name\" content=\"Afogados FM\" \/>\n<meta property=\"article:published_time\" content=\"2025-06-30T07:51:13+00:00\" \/>\n<meta property=\"article:modified_time\" content=\"2025-06-30T07:51:15+00:00\" \/>\n<meta property=\"og:image\" content=\"https:\/\/afogadosfm.com.br\/afogadosfm\/wp-content\/uploads\/2018\/08\/stf-jus-1.png\" \/>\n\t<meta property=\"og:image:width\" content=\"407\" \/>\n\t<meta property=\"og:image:height\" content=\"212\" \/>\n\t<meta property=\"og:image:type\" content=\"image\/png\" \/>\n<meta name=\"author\" content=\"afogadosfm\" \/>\n<meta name=\"twitter:card\" content=\"summary_large_image\" \/>\n<meta name=\"twitter:label1\" content=\"Escrito por\" \/>\n\t<meta name=\"twitter:data1\" content=\"afogadosfm\" \/>\n\t<meta name=\"twitter:label2\" content=\"Est. tempo de leitura\" \/>\n\t<meta name=\"twitter:data2\" content=\"2 minutos\" \/>\n<script type=\"application\/ld+json\" class=\"yoast-schema-graph\">{\"@context\":\"https:\\\/\\\/schema.org\",\"@graph\":[{\"@type\":\"Article\",\"@id\":\"https:\\\/\\\/afogadosfm.com.br\\\/afogadosfm\\\/2025\\\/06\\\/30\\\/datafolha-mais-da-metade-dos-brasileiros-tem-vergonha-do-stf\\\/#article\",\"isPartOf\":{\"@id\":\"https:\\\/\\\/afogadosfm.com.br\\\/afogadosfm\\\/2025\\\/06\\\/30\\\/datafolha-mais-da-metade-dos-brasileiros-tem-vergonha-do-stf\\\/\"},\"author\":{\"name\":\"afogadosfm\",\"@id\":\"https:\\\/\\\/afogadosfm.com.br\\\/afogadosfm\\\/#\\\/schema\\\/person\\\/60e56f2cf5dc960fc093fe093d9e9057\"},\"headline\":\"Datafolha: Mais da metade dos brasileiros tem vergonha do STF\",\"datePublished\":\"2025-06-30T07:51:13+00:00\",\"dateModified\":\"2025-06-30T07:51:15+00:00\",\"mainEntityOfPage\":{\"@id\":\"https:\\\/\\\/afogadosfm.com.br\\\/afogadosfm\\\/2025\\\/06\\\/30\\\/datafolha-mais-da-metade-dos-brasileiros-tem-vergonha-do-stf\\\/\"},\"wordCount\":309,\"commentCount\":0,\"publisher\":{\"@id\":\"https:\\\/\\\/afogadosfm.com.br\\\/afogadosfm\\\/#organization\"},\"image\":{\"@id\":\"https:\\\/\\\/afogadosfm.com.br\\\/afogadosfm\\\/2025\\\/06\\\/30\\\/datafolha-mais-da-metade-dos-brasileiros-tem-vergonha-do-stf\\\/#primaryimage\"},\"thumbnailUrl\":\"https:\\\/\\\/i0.wp.com\\\/afogadosfm.com.br\\\/afogadosfm\\\/wp-content\\\/uploads\\\/2018\\\/08\\\/stf-jus-1.png?fit=407%2C212&ssl=1\",\"articleSection\":[\"Brasil\"],\"inLanguage\":\"pt-BR\",\"potentialAction\":[{\"@type\":\"CommentAction\",\"name\":\"Comment\",\"target\":[\"https:\\\/\\\/afogadosfm.com.br\\\/afogadosfm\\\/2025\\\/06\\\/30\\\/datafolha-mais-da-metade-dos-brasileiros-tem-vergonha-do-stf\\\/#respond\"]}]},{\"@type\":\"WebPage\",\"@id\":\"https:\\\/\\\/afogadosfm.com.br\\\/afogadosfm\\\/2025\\\/06\\\/30\\\/datafolha-mais-da-metade-dos-brasileiros-tem-vergonha-do-stf\\\/\",\"url\":\"https:\\\/\\\/afogadosfm.com.br\\\/afogadosfm\\\/2025\\\/06\\\/30\\\/datafolha-mais-da-metade-dos-brasileiros-tem-vergonha-do-stf\\\/\",\"name\":\"Datafolha: Mais da metade dos brasileiros tem vergonha do STF - Afogados FM\",\"isPartOf\":{\"@id\":\"https:\\\/\\\/afogadosfm.com.br\\\/afogadosfm\\\/#website\"},\"primaryImageOfPage\":{\"@id\":\"https:\\\/\\\/afogadosfm.com.br\\\/afogadosfm\\\/2025\\\/06\\\/30\\\/datafolha-mais-da-metade-dos-brasileiros-tem-vergonha-do-stf\\\/#primaryimage\"},\"image\":{\"@id\":\"https:\\\/\\\/afogadosfm.com.br\\\/afogadosfm\\\/2025\\\/06\\\/30\\\/datafolha-mais-da-metade-dos-brasileiros-tem-vergonha-do-stf\\\/#primaryimage\"},\"thumbnailUrl\":\"https:\\\/\\\/i0.wp.com\\\/afogadosfm.com.br\\\/afogadosfm\\\/wp-content\\\/uploads\\\/2018\\\/08\\\/stf-jus-1.png?fit=407%2C212&ssl=1\",\"datePublished\":\"2025-06-30T07:51:13+00:00\",\"dateModified\":\"2025-06-30T07:51:15+00:00\",\"breadcrumb\":{\"@id\":\"https:\\\/\\\/afogadosfm.com.br\\\/afogadosfm\\\/2025\\\/06\\\/30\\\/datafolha-mais-da-metade-dos-brasileiros-tem-vergonha-do-stf\\\/#breadcrumb\"},\"inLanguage\":\"pt-BR\",\"potentialAction\":[{\"@type\":\"ReadAction\",\"target\":[\"https:\\\/\\\/afogadosfm.com.br\\\/afogadosfm\\\/2025\\\/06\\\/30\\\/datafolha-mais-da-metade-dos-brasileiros-tem-vergonha-do-stf\\\/\"]}]},{\"@type\":\"ImageObject\",\"inLanguage\":\"pt-BR\",\"@id\":\"https:\\\/\\\/afogadosfm.com.br\\\/afogadosfm\\\/2025\\\/06\\\/30\\\/datafolha-mais-da-metade-dos-brasileiros-tem-vergonha-do-stf\\\/#primaryimage\",\"url\":\"https:\\\/\\\/i0.wp.com\\\/afogadosfm.com.br\\\/afogadosfm\\\/wp-content\\\/uploads\\\/2018\\\/08\\\/stf-jus-1.png?fit=407%2C212&ssl=1\",\"contentUrl\":\"https:\\\/\\\/i0.wp.com\\\/afogadosfm.com.br\\\/afogadosfm\\\/wp-content\\\/uploads\\\/2018\\\/08\\\/stf-jus-1.png?fit=407%2C212&ssl=1\",\"width\":407,\"height\":212},{\"@type\":\"BreadcrumbList\",\"@id\":\"https:\\\/\\\/afogadosfm.com.br\\\/afogadosfm\\\/2025\\\/06\\\/30\\\/datafolha-mais-da-metade-dos-brasileiros-tem-vergonha-do-stf\\\/#breadcrumb\",\"itemListElement\":[{\"@type\":\"ListItem\",\"position\":1,\"name\":\"In\u00edcio\",\"item\":\"https:\\\/\\\/afogadosfm.com.br\\\/afogadosfm\\\/\"},{\"@type\":\"ListItem\",\"position\":2,\"name\":\"Datafolha: Mais da metade dos brasileiros tem vergonha do STF\"}]},{\"@type\":\"WebSite\",\"@id\":\"https:\\\/\\\/afogadosfm.com.br\\\/afogadosfm\\\/#website\",\"url\":\"https:\\\/\\\/afogadosfm.com.br\\\/afogadosfm\\\/\",\"name\":\"Afogados FM\",\"description\":\"Um site completo!\",\"publisher\":{\"@id\":\"https:\\\/\\\/afogadosfm.com.br\\\/afogadosfm\\\/#organization\"},\"potentialAction\":[{\"@type\":\"SearchAction\",\"target\":{\"@type\":\"EntryPoint\",\"urlTemplate\":\"https:\\\/\\\/afogadosfm.com.br\\\/afogadosfm\\\/?s={search_term_string}\"},\"query-input\":{\"@type\":\"PropertyValueSpecification\",\"valueRequired\":true,\"valueName\":\"search_term_string\"}}],\"inLanguage\":\"pt-BR\"},{\"@type\":\"Organization\",\"@id\":\"https:\\\/\\\/afogadosfm.com.br\\\/afogadosfm\\\/#organization\",\"name\":\"Afogados FM\",\"url\":\"https:\\\/\\\/afogadosfm.com.br\\\/afogadosfm\\\/\",\"logo\":{\"@type\":\"ImageObject\",\"inLanguage\":\"pt-BR\",\"@id\":\"https:\\\/\\\/afogadosfm.com.br\\\/afogadosfm\\\/#\\\/schema\\\/logo\\\/image\\\/\",\"url\":\"https:\\\/\\\/i0.wp.com\\\/afogadosfm.com.br\\\/afogadosfm\\\/wp-content\\\/uploads\\\/2020\\\/06\\\/cropped-banner-afogados-4.jpg?fit=369%2C137&ssl=1\",\"contentUrl\":\"https:\\\/\\\/i0.wp.com\\\/afogadosfm.com.br\\\/afogadosfm\\\/wp-content\\\/uploads\\\/2020\\\/06\\\/cropped-banner-afogados-4.jpg?fit=369%2C137&ssl=1\",\"width\":369,\"height\":137,\"caption\":\"Afogados FM\"},\"image\":{\"@id\":\"https:\\\/\\\/afogadosfm.com.br\\\/afogadosfm\\\/#\\\/schema\\\/logo\\\/image\\\/\"}},{\"@type\":\"Person\",\"@id\":\"https:\\\/\\\/afogadosfm.com.br\\\/afogadosfm\\\/#\\\/schema\\\/person\\\/60e56f2cf5dc960fc093fe093d9e9057\",\"name\":\"afogadosfm\",\"image\":{\"@type\":\"ImageObject\",\"inLanguage\":\"pt-BR\",\"@id\":\"https:\\\/\\\/secure.gravatar.com\\\/avatar\\\/e0359add7ed5dc3560906d861b52c6a8cf5c1e199d3a7dd85070998f49bd4701?s=96&d=mm&r=g\",\"url\":\"https:\\\/\\\/secure.gravatar.com\\\/avatar\\\/e0359add7ed5dc3560906d861b52c6a8cf5c1e199d3a7dd85070998f49bd4701?s=96&d=mm&r=g\",\"contentUrl\":\"https:\\\/\\\/secure.gravatar.com\\\/avatar\\\/e0359add7ed5dc3560906d861b52c6a8cf5c1e199d3a7dd85070998f49bd4701?s=96&d=mm&r=g\",\"caption\":\"afogadosfm\"},\"url\":\"https:\\\/\\\/afogadosfm.com.br\\\/afogadosfm\\\/author\\\/afogadosfm\\\/\"}]}<\/script>\n<!-- \/ Yoast SEO plugin. -->","yoast_head_json":{"title":"Datafolha: Mais da metade dos brasileiros tem vergonha do STF - Afogados FM","robots":{"index":"index","follow":"follow","max-snippet":"max-snippet:-1","max-image-preview":"max-image-preview:large","max-video-preview":"max-video-preview:-1"},"canonical":"https:\/\/afogadosfm.com.br\/afogadosfm\/2025\/06\/30\/datafolha-mais-da-metade-dos-brasileiros-tem-vergonha-do-stf\/","og_locale":"pt_BR","og_type":"article","og_title":"Datafolha: Mais da metade dos brasileiros tem vergonha do STF - Afogados FM","og_description":"Pesquisa Datafolha divulgada nesta sexta-feira (27), aponta que mais da metade dos brasileiros tem vergonha dos ministros do Supremo Tribunal","og_url":"https:\/\/afogadosfm.com.br\/afogadosfm\/2025\/06\/30\/datafolha-mais-da-metade-dos-brasileiros-tem-vergonha-do-stf\/","og_site_name":"Afogados FM","article_published_time":"2025-06-30T07:51:13+00:00","article_modified_time":"2025-06-30T07:51:15+00:00","og_image":[{"width":407,"height":212,"url":"https:\/\/afogadosfm.com.br\/afogadosfm\/wp-content\/uploads\/2018\/08\/stf-jus-1.png","type":"image\/png"}],"author":"afogadosfm","twitter_card":"summary_large_image","twitter_misc":{"Escrito por":"afogadosfm","Est. tempo de leitura":"2 minutos"},"schema":{"@context":"https:\/\/schema.org","@graph":[{"@type":"Article","@id":"https:\/\/afogadosfm.com.br\/afogadosfm\/2025\/06\/30\/datafolha-mais-da-metade-dos-brasileiros-tem-vergonha-do-stf\/#article","isPartOf":{"@id":"https:\/\/afogadosfm.com.br\/afogadosfm\/2025\/06\/30\/datafolha-mais-da-metade-dos-brasileiros-tem-vergonha-do-stf\/"},"author":{"name":"afogadosfm","@id":"https:\/\/afogadosfm.com.br\/afogadosfm\/#\/schema\/person\/60e56f2cf5dc960fc093fe093d9e9057"},"headline":"Datafolha: Mais da metade dos brasileiros tem vergonha do STF","datePublished":"2025-06-30T07:51:13+00:00","dateModified":"2025-06-30T07:51:15+00:00","mainEntityOfPage":{"@id":"https:\/\/afogadosfm.com.br\/afogadosfm\/2025\/06\/30\/datafolha-mais-da-metade-dos-brasileiros-tem-vergonha-do-stf\/"},"wordCount":309,"commentCount":0,"publisher":{"@id":"https:\/\/afogadosfm.com.br\/afogadosfm\/#organization"},"image":{"@id":"https:\/\/afogadosfm.com.br\/afogadosfm\/2025\/06\/30\/datafolha-mais-da-metade-dos-brasileiros-tem-vergonha-do-stf\/#primaryimage"},"thumbnailUrl":"https:\/\/i0.wp.com\/afogadosfm.com.br\/afogadosfm\/wp-content\/uploads\/2018\/08\/stf-jus-1.png?fit=407%2C212&ssl=1","articleSection":["Brasil"],"inLanguage":"pt-BR","potentialAction":[{"@type":"CommentAction","name":"Comment","target":["https:\/\/afogadosfm.com.br\/afogadosfm\/2025\/06\/30\/datafolha-mais-da-metade-dos-brasileiros-tem-vergonha-do-stf\/#respond"]}]},{"@type":"WebPage","@id":"https:\/\/afogadosfm.com.br\/afogadosfm\/2025\/06\/30\/datafolha-mais-da-metade-dos-brasileiros-tem-vergonha-do-stf\/","url":"https:\/\/afogadosfm.com.br\/afogadosfm\/2025\/06\/30\/datafolha-mais-da-metade-dos-brasileiros-tem-vergonha-do-stf\/","name":"Datafolha: Mais da metade dos brasileiros tem vergonha do STF - Afogados FM","isPartOf":{"@id":"https:\/\/afogadosfm.com.br\/afogadosfm\/#website"},"primaryImageOfPage":{"@id":"https:\/\/afogadosfm.com.br\/afogadosfm\/2025\/06\/30\/datafolha-mais-da-metade-dos-brasileiros-tem-vergonha-do-stf\/#primaryimage"},"image":{"@id":"https:\/\/afogadosfm.com.br\/afogadosfm\/2025\/06\/30\/datafolha-mais-da-metade-dos-brasileiros-tem-vergonha-do-stf\/#primaryimage"},"thumbnailUrl":"https:\/\/i0.wp.com\/afogadosfm.com.br\/afogadosfm\/wp-content\/uploads\/2018\/08\/stf-jus-1.png?fit=407%2C212&ssl=1","datePublished":"2025-06-30T07:51:13+00:00","dateModified":"2025-06-30T07:51:15+00:00","breadcrumb":{"@id":"https:\/\/afogadosfm.com.br\/afogadosfm\/2025\/06\/30\/datafolha-mais-da-metade-dos-brasileiros-tem-vergonha-do-stf\/#breadcrumb"},"inLanguage":"pt-BR","potentialAction":[{"@type":"ReadAction","target":["https:\/\/afogadosfm.com.br\/afogadosfm\/2025\/06\/30\/datafolha-mais-da-metade-dos-brasileiros-tem-vergonha-do-stf\/"]}]},{"@type":"ImageObject","inLanguage":"pt-BR","@id":"https:\/\/afogadosfm.com.br\/afogadosfm\/2025\/06\/30\/datafolha-mais-da-metade-dos-brasileiros-tem-vergonha-do-stf\/#primaryimage","url":"https:\/\/i0.wp.com\/afogadosfm.com.br\/afogadosfm\/wp-content\/uploads\/2018\/08\/stf-jus-1.png?fit=407%2C212&ssl=1","contentUrl":"https:\/\/i0.wp.com\/afogadosfm.com.br\/afogadosfm\/wp-content\/uploads\/2018\/08\/stf-jus-1.png?fit=407%2C212&ssl=1","width":407,"height":212},{"@type":"BreadcrumbList","@id":"https:\/\/afogadosfm.com.br\/afogadosfm\/2025\/06\/30\/datafolha-mais-da-metade-dos-brasileiros-tem-vergonha-do-stf\/#breadcrumb","itemListElement":[{"@type":"ListItem","position":1,"name":"In\u00edcio","item":"https:\/\/afogadosfm.com.br\/afogadosfm\/"},{"@type":"ListItem","position":2,"name":"Datafolha: Mais da metade dos brasileiros tem vergonha do STF"}]},{"@type":"WebSite","@id":"https:\/\/afogadosfm.com.br\/afogadosfm\/#website","url":"https:\/\/afogadosfm.com.br\/afogadosfm\/","name":"Afogados FM","description":"Um site completo!","publisher":{"@id":"https:\/\/afogadosfm.com.br\/afogadosfm\/#organization"},"potentialAction":[{"@type":"SearchAction","target":{"@type":"EntryPoint","urlTemplate":"https:\/\/afogadosfm.com.br\/afogadosfm\/?s={search_term_string}"},"query-input":{"@type":"PropertyValueSpecification","valueRequired":true,"valueName":"search_term_string"}}],"inLanguage":"pt-BR"},{"@type":"Organization","@id":"https:\/\/afogadosfm.com.br\/afogadosfm\/#organization","name":"Afogados FM","url":"https:\/\/afogadosfm.com.br\/afogadosfm\/","logo":{"@type":"ImageObject","inLanguage":"pt-BR","@id":"https:\/\/afogadosfm.com.br\/afogadosfm\/#\/schema\/logo\/image\/","url":"https:\/\/i0.wp.com\/afogadosfm.com.br\/afogadosfm\/wp-content\/uploads\/2020\/06\/cropped-banner-afogados-4.jpg?fit=369%2C137&ssl=1","contentUrl":"https:\/\/i0.wp.com\/afogadosfm.com.br\/afogadosfm\/wp-content\/uploads\/2020\/06\/cropped-banner-afogados-4.jpg?fit=369%2C137&ssl=1","width":369,"height":137,"caption":"Afogados FM"},"image":{"@id":"https:\/\/afogadosfm.com.br\/afogadosfm\/#\/schema\/logo\/image\/"}},{"@type":"Person","@id":"https:\/\/afogadosfm.com.br\/afogadosfm\/#\/schema\/person\/60e56f2cf5dc960fc093fe093d9e9057","name":"afogadosfm","image":{"@type":"ImageObject","inLanguage":"pt-BR","@id":"https:\/\/secure.gravatar.com\/avatar\/e0359add7ed5dc3560906d861b52c6a8cf5c1e199d3a7dd85070998f49bd4701?s=96&d=mm&r=g","url":"https:\/\/secure.gravatar.com\/avatar\/e0359add7ed5dc3560906d861b52c6a8cf5c1e199d3a7dd85070998f49bd4701?s=96&d=mm&r=g","contentUrl":"https:\/\/secure.gravatar.com\/avatar\/e0359add7ed5dc3560906d861b52c6a8cf5c1e199d3a7dd85070998f49bd4701?s=96&d=mm&r=g","caption":"afogadosfm"},"url":"https:\/\/afogadosfm.com.br\/afogadosfm\/author\/afogadosfm\/"}]}},"jetpack_publicize_connections":[],"jetpack_featured_media_url":"https:\/\/i0.wp.com\/afogadosfm.com.br\/afogadosfm\/wp-content\/uploads\/2018\/08\/stf-jus-1.png?fit=407%2C212&ssl=1","jetpack-related-posts":[],"jetpack_sharing_enabled":true,"jetpack_likes_enabled":true,"_links":{"self":[{"href":"https:\/\/afogadosfm.com.br\/afogadosfm\/wp-json\/wp\/v2\/posts\/67025","targetHints":{"allow":["GET"]}}],"collection":[{"href":"https:\/\/afogadosfm.com.br\/afogadosfm\/wp-json\/wp\/v2\/posts"}],"about":[{"href":"https:\/\/afogadosfm.com.br\/afogadosfm\/wp-json\/wp\/v2\/types\/post"}],"author":[{"embeddable":true,"href":"https:\/\/afogadosfm.com.br\/afogadosfm\/wp-json\/wp\/v2\/users\/2"}],"replies":[{"embeddable":true,"href":"https:\/\/afogadosfm.com.br\/afogadosfm\/wp-json\/wp\/v2\/comments?post=67025"}],"version-history":[{"count":1,"href":"https:\/\/afogadosfm.com.br\/afogadosfm\/wp-json\/wp\/v2\/posts\/67025\/revisions"}],"predecessor-version":[{"id":67026,"href":"https:\/\/afogadosfm.com.br\/afogadosfm\/wp-json\/wp\/v2\/posts\/67025\/revisions\/67026"}],"wp:featuredmedia":[{"embeddable":true,"href":"https:\/\/afogadosfm.com.br\/afogadosfm\/wp-json\/wp\/v2\/media\/5878"}],"wp:attachment":[{"href":"https:\/\/afogadosfm.com.br\/afogadosfm\/wp-json\/wp\/v2\/media?parent=67025"}],"wp:term":[{"taxonomy":"category","embeddable":true,"href":"https:\/\/afogadosfm.com.br\/afogadosfm\/wp-json\/wp\/v2\/categories?post=67025"},{"taxonomy":"post_tag","embeddable":true,"href":"https:\/\/afogadosfm.com.br\/afogadosfm\/wp-json\/wp\/v2\/tags?post=67025"}],"curies":[{"name":"wp","href":"https:\/\/api.w.org\/{rel}","templated":true}]}}