{"id":67031,"date":"2025-07-01T05:38:42","date_gmt":"2025-07-01T08:38:42","guid":{"rendered":"https:\/\/afogadosfm.com.br\/afogadosfm\/?p=67031"},"modified":"2025-07-01T05:38:43","modified_gmt":"2025-07-01T08:38:43","slug":"sindrome-respiratoria-aguda-grave-32-criancas-esperam-por-leito-em-uti","status":"publish","type":"post","link":"https:\/\/afogadosfm.com.br\/afogadosfm\/2025\/07\/01\/sindrome-respiratoria-aguda-grave-32-criancas-esperam-por-leito-em-uti\/","title":{"rendered":"S\u00edndrome Respirat\u00f3ria Aguda Grave: 32 crian\u00e7as esperam por leito em UTI"},"content":{"rendered":"\n<p>Em meio a situa\u00e7\u00e3o de emerg\u00eancia em sa\u00fade p\u00fablica decretada h\u00e1 mais de um m\u00eas pela gest\u00e3o estadual, Pernambuco tem 32 crian\u00e7as com S\u00edndrome Respirat\u00f3ria Aguda Grave (SRAG) aguardando por um leito de tratamento intensivo (UTI). Os dados s\u00e3o da Secretaria Estadual de Sa\u00fade (SES-PE).<\/p>\n\n\n\n<p>De acordo com o \u00f3rg\u00e3o de sa\u00fade, o Grupo Estrat\u00e9gico de Controle da Sazonalidade concluiu, na \u00faltima quinta (26), que o cen\u00e1rio epidemiol\u00f3gico aponta para uma desacelera\u00e7\u00e3o da circula\u00e7\u00e3o viral em Pernambuco. Entretanto, segundo os t\u00e9cnicos da SES-PE, ainda \u00e9 precoce determinar que a condi\u00e7\u00e3o ser\u00e1 mantida para as pr\u00f3ximas semanas.<\/p>\n\n\n\n<p>Pernambuco tem per\u00edodo sazonal de v\u00edrus respirat\u00f3rios entre os meses de mar\u00e7o e agosto. No \u00faltimo dia 28 de maio, o Estado decretou emerg\u00eancia na rede p\u00fablica de sa\u00fade devido \u00e0 alta taxa de ocupa\u00e7\u00e3o dos leitos de Unidades de Terapia Intensiva (UTIs) neonatal e pedi\u00e1trica em territ\u00f3rio pernambucano. Naquele momento, 61 crian\u00e7as aguardavam por um leito de UTI.<\/p>\n\n\n\n<p>At\u00e9 o \u00faltimo dia 21 de junho, foram confirmados 1.931 casos da S\u00edndrome Respirat\u00f3ria Aguda Grave (SRAG), na popula\u00e7\u00e3o formada por crian\u00e7as com at\u00e9 2 anos de idade, n\u00famero que representa 53,7% dos casos de SRAG considerando todas as faixas et\u00e1rias, 3.591 casos.<\/p>\n\n\n\n<p>De acordo com a SES-PE, desde mar\u00e7o, o Governo abriu 447 leitos para refor\u00e7o da rede de sa\u00fade em todas as regi\u00f5es do estado sendo os \u00faltimos 10 mais recentes no Hospital Bar\u00e3o de Lucena (HBL), totalizando na unidade 18 leitos de alta complexidade voltados para o cuidado com a popula\u00e7\u00e3o pedi\u00e1trica com quadro da S\u00edndrome Respirat\u00f3ria Aguda Grave (Srag).<\/p>\n","protected":false},"excerpt":{"rendered":"<p>Em meio a situa\u00e7\u00e3o de emerg\u00eancia em sa\u00fade p\u00fablica decretada h\u00e1 mais de um m\u00eas pela gest\u00e3o estadual, Pernambuco tem<\/p>\n","protected":false},"author":2,"featured_media":23896,"comment_status":"open","ping_status":"open","sticky":false,"template":"","format":"standard","meta":{"jetpack_post_was_ever_published":false,"_jetpack_newsletter_access":"","_jetpack_dont_email_post_to_subs":false,"_jetpack_newsletter_tier_id":0,"_jetpack_memberships_contains_paywalled_content":false,"_jetpack_memberships_contains_paid_content":false,"footnotes":"","jetpack_publicize_message":"","jetpack_publicize_feature_enabled":true,"jetpack_social_post_already_shared":true,"jetpack_social_options":{"image_generator_settings":{"template":"highway","default_image_id":0,"font":"","enabled":false},"version":2}},"categories":[37],"tags":[],"class_list":["post-67031","post","type-post","status-publish","format-standard","has-post-thumbnail","hentry","category-saude"],"yoast_head":"<!-- This site is optimized with the Yoast SEO plugin v27.5 - https:\/\/yoast.com\/product\/yoast-seo-wordpress\/ -->\n<title>S\u00edndrome Respirat\u00f3ria Aguda Grave: 32 crian\u00e7as esperam por leito em UTI - Afogados FM<\/title>\n<meta name=\"robots\" content=\"index, follow, max-snippet:-1, max-image-preview:large, max-video-preview:-1\" \/>\n<link rel=\"canonical\" href=\"https:\/\/afogadosfm.com.br\/afogadosfm\/2025\/07\/01\/sindrome-respiratoria-aguda-grave-32-criancas-esperam-por-leito-em-uti\/\" \/>\n<meta property=\"og:locale\" content=\"pt_BR\" \/>\n<meta property=\"og:type\" content=\"article\" \/>\n<meta property=\"og:title\" content=\"S\u00edndrome Respirat\u00f3ria Aguda Grave: 32 crian\u00e7as esperam por leito em UTI - Afogados FM\" \/>\n<meta property=\"og:description\" content=\"Em meio a situa\u00e7\u00e3o de emerg\u00eancia em sa\u00fade p\u00fablica decretada h\u00e1 mais de um m\u00eas pela gest\u00e3o estadual, Pernambuco tem\" \/>\n<meta property=\"og:url\" content=\"https:\/\/afogadosfm.com.br\/afogadosfm\/2025\/07\/01\/sindrome-respiratoria-aguda-grave-32-criancas-esperam-por-leito-em-uti\/\" \/>\n<meta property=\"og:site_name\" content=\"Afogados FM\" \/>\n<meta property=\"article:published_time\" content=\"2025-07-01T08:38:42+00:00\" \/>\n<meta property=\"article:modified_time\" content=\"2025-07-01T08:38:43+00:00\" \/>\n<meta property=\"og:image\" content=\"https:\/\/afogadosfm.com.br\/afogadosfm\/wp-content\/uploads\/2021\/03\/uti.jpeg\" \/>\n\t<meta property=\"og:image:width\" content=\"1100\" \/>\n\t<meta property=\"og:image:height\" content=\"734\" \/>\n\t<meta property=\"og:image:type\" content=\"image\/jpeg\" \/>\n<meta name=\"author\" content=\"afogadosfm\" \/>\n<meta name=\"twitter:card\" content=\"summary_large_image\" \/>\n<meta name=\"twitter:label1\" content=\"Escrito por\" \/>\n\t<meta name=\"twitter:data1\" content=\"afogadosfm\" \/>\n\t<meta name=\"twitter:label2\" content=\"Est. tempo de leitura\" \/>\n\t<meta name=\"twitter:data2\" content=\"2 minutos\" \/>\n<script type=\"application\/ld+json\" class=\"yoast-schema-graph\">{\"@context\":\"https:\\\/\\\/schema.org\",\"@graph\":[{\"@type\":\"Article\",\"@id\":\"https:\\\/\\\/afogadosfm.com.br\\\/afogadosfm\\\/2025\\\/07\\\/01\\\/sindrome-respiratoria-aguda-grave-32-criancas-esperam-por-leito-em-uti\\\/#article\",\"isPartOf\":{\"@id\":\"https:\\\/\\\/afogadosfm.com.br\\\/afogadosfm\\\/2025\\\/07\\\/01\\\/sindrome-respiratoria-aguda-grave-32-criancas-esperam-por-leito-em-uti\\\/\"},\"author\":{\"name\":\"afogadosfm\",\"@id\":\"https:\\\/\\\/afogadosfm.com.br\\\/afogadosfm\\\/#\\\/schema\\\/person\\\/60e56f2cf5dc960fc093fe093d9e9057\"},\"headline\":\"S\u00edndrome Respirat\u00f3ria Aguda Grave: 32 crian\u00e7as esperam por leito em UTI\",\"datePublished\":\"2025-07-01T08:38:42+00:00\",\"dateModified\":\"2025-07-01T08:38:43+00:00\",\"mainEntityOfPage\":{\"@id\":\"https:\\\/\\\/afogadosfm.com.br\\\/afogadosfm\\\/2025\\\/07\\\/01\\\/sindrome-respiratoria-aguda-grave-32-criancas-esperam-por-leito-em-uti\\\/\"},\"wordCount\":304,\"commentCount\":0,\"publisher\":{\"@id\":\"https:\\\/\\\/afogadosfm.com.br\\\/afogadosfm\\\/#organization\"},\"image\":{\"@id\":\"https:\\\/\\\/afogadosfm.com.br\\\/afogadosfm\\\/2025\\\/07\\\/01\\\/sindrome-respiratoria-aguda-grave-32-criancas-esperam-por-leito-em-uti\\\/#primaryimage\"},\"thumbnailUrl\":\"https:\\\/\\\/i0.wp.com\\\/afogadosfm.com.br\\\/afogadosfm\\\/wp-content\\\/uploads\\\/2021\\\/03\\\/uti.jpeg?fit=1100%2C734&ssl=1\",\"articleSection\":[\"Sa\u00fade\"],\"inLanguage\":\"pt-BR\",\"potentialAction\":[{\"@type\":\"CommentAction\",\"name\":\"Comment\",\"target\":[\"https:\\\/\\\/afogadosfm.com.br\\\/afogadosfm\\\/2025\\\/07\\\/01\\\/sindrome-respiratoria-aguda-grave-32-criancas-esperam-por-leito-em-uti\\\/#respond\"]}]},{\"@type\":\"WebPage\",\"@id\":\"https:\\\/\\\/afogadosfm.com.br\\\/afogadosfm\\\/2025\\\/07\\\/01\\\/sindrome-respiratoria-aguda-grave-32-criancas-esperam-por-leito-em-uti\\\/\",\"url\":\"https:\\\/\\\/afogadosfm.com.br\\\/afogadosfm\\\/2025\\\/07\\\/01\\\/sindrome-respiratoria-aguda-grave-32-criancas-esperam-por-leito-em-uti\\\/\",\"name\":\"S\u00edndrome Respirat\u00f3ria Aguda Grave: 32 crian\u00e7as esperam por leito em UTI - Afogados FM\",\"isPartOf\":{\"@id\":\"https:\\\/\\\/afogadosfm.com.br\\\/afogadosfm\\\/#website\"},\"primaryImageOfPage\":{\"@id\":\"https:\\\/\\\/afogadosfm.com.br\\\/afogadosfm\\\/2025\\\/07\\\/01\\\/sindrome-respiratoria-aguda-grave-32-criancas-esperam-por-leito-em-uti\\\/#primaryimage\"},\"image\":{\"@id\":\"https:\\\/\\\/afogadosfm.com.br\\\/afogadosfm\\\/2025\\\/07\\\/01\\\/sindrome-respiratoria-aguda-grave-32-criancas-esperam-por-leito-em-uti\\\/#primaryimage\"},\"thumbnailUrl\":\"https:\\\/\\\/i0.wp.com\\\/afogadosfm.com.br\\\/afogadosfm\\\/wp-content\\\/uploads\\\/2021\\\/03\\\/uti.jpeg?fit=1100%2C734&ssl=1\",\"datePublished\":\"2025-07-01T08:38:42+00:00\",\"dateModified\":\"2025-07-01T08:38:43+00:00\",\"breadcrumb\":{\"@id\":\"https:\\\/\\\/afogadosfm.com.br\\\/afogadosfm\\\/2025\\\/07\\\/01\\\/sindrome-respiratoria-aguda-grave-32-criancas-esperam-por-leito-em-uti\\\/#breadcrumb\"},\"inLanguage\":\"pt-BR\",\"potentialAction\":[{\"@type\":\"ReadAction\",\"target\":[\"https:\\\/\\\/afogadosfm.com.br\\\/afogadosfm\\\/2025\\\/07\\\/01\\\/sindrome-respiratoria-aguda-grave-32-criancas-esperam-por-leito-em-uti\\\/\"]}]},{\"@type\":\"ImageObject\",\"inLanguage\":\"pt-BR\",\"@id\":\"https:\\\/\\\/afogadosfm.com.br\\\/afogadosfm\\\/2025\\\/07\\\/01\\\/sindrome-respiratoria-aguda-grave-32-criancas-esperam-por-leito-em-uti\\\/#primaryimage\",\"url\":\"https:\\\/\\\/i0.wp.com\\\/afogadosfm.com.br\\\/afogadosfm\\\/wp-content\\\/uploads\\\/2021\\\/03\\\/uti.jpeg?fit=1100%2C734&ssl=1\",\"contentUrl\":\"https:\\\/\\\/i0.wp.com\\\/afogadosfm.com.br\\\/afogadosfm\\\/wp-content\\\/uploads\\\/2021\\\/03\\\/uti.jpeg?fit=1100%2C734&ssl=1\",\"width\":1100,\"height\":734},{\"@type\":\"BreadcrumbList\",\"@id\":\"https:\\\/\\\/afogadosfm.com.br\\\/afogadosfm\\\/2025\\\/07\\\/01\\\/sindrome-respiratoria-aguda-grave-32-criancas-esperam-por-leito-em-uti\\\/#breadcrumb\",\"itemListElement\":[{\"@type\":\"ListItem\",\"position\":1,\"name\":\"In\u00edcio\",\"item\":\"https:\\\/\\\/afogadosfm.com.br\\\/afogadosfm\\\/\"},{\"@type\":\"ListItem\",\"position\":2,\"name\":\"S\u00edndrome Respirat\u00f3ria Aguda Grave: 32 crian\u00e7as esperam por leito em UTI\"}]},{\"@type\":\"WebSite\",\"@id\":\"https:\\\/\\\/afogadosfm.com.br\\\/afogadosfm\\\/#website\",\"url\":\"https:\\\/\\\/afogadosfm.com.br\\\/afogadosfm\\\/\",\"name\":\"Afogados FM\",\"description\":\"Um site completo!\",\"publisher\":{\"@id\":\"https:\\\/\\\/afogadosfm.com.br\\\/afogadosfm\\\/#organization\"},\"potentialAction\":[{\"@type\":\"SearchAction\",\"target\":{\"@type\":\"EntryPoint\",\"urlTemplate\":\"https:\\\/\\\/afogadosfm.com.br\\\/afogadosfm\\\/?s={search_term_string}\"},\"query-input\":{\"@type\":\"PropertyValueSpecification\",\"valueRequired\":true,\"valueName\":\"search_term_string\"}}],\"inLanguage\":\"pt-BR\"},{\"@type\":\"Organization\",\"@id\":\"https:\\\/\\\/afogadosfm.com.br\\\/afogadosfm\\\/#organization\",\"name\":\"Afogados FM\",\"url\":\"https:\\\/\\\/afogadosfm.com.br\\\/afogadosfm\\\/\",\"logo\":{\"@type\":\"ImageObject\",\"inLanguage\":\"pt-BR\",\"@id\":\"https:\\\/\\\/afogadosfm.com.br\\\/afogadosfm\\\/#\\\/schema\\\/logo\\\/image\\\/\",\"url\":\"https:\\\/\\\/i0.wp.com\\\/afogadosfm.com.br\\\/afogadosfm\\\/wp-content\\\/uploads\\\/2020\\\/06\\\/cropped-banner-afogados-4.jpg?fit=369%2C137&ssl=1\",\"contentUrl\":\"https:\\\/\\\/i0.wp.com\\\/afogadosfm.com.br\\\/afogadosfm\\\/wp-content\\\/uploads\\\/2020\\\/06\\\/cropped-banner-afogados-4.jpg?fit=369%2C137&ssl=1\",\"width\":369,\"height\":137,\"caption\":\"Afogados FM\"},\"image\":{\"@id\":\"https:\\\/\\\/afogadosfm.com.br\\\/afogadosfm\\\/#\\\/schema\\\/logo\\\/image\\\/\"}},{\"@type\":\"Person\",\"@id\":\"https:\\\/\\\/afogadosfm.com.br\\\/afogadosfm\\\/#\\\/schema\\\/person\\\/60e56f2cf5dc960fc093fe093d9e9057\",\"name\":\"afogadosfm\",\"image\":{\"@type\":\"ImageObject\",\"inLanguage\":\"pt-BR\",\"@id\":\"https:\\\/\\\/secure.gravatar.com\\\/avatar\\\/e0359add7ed5dc3560906d861b52c6a8cf5c1e199d3a7dd85070998f49bd4701?s=96&d=mm&r=g\",\"url\":\"https:\\\/\\\/secure.gravatar.com\\\/avatar\\\/e0359add7ed5dc3560906d861b52c6a8cf5c1e199d3a7dd85070998f49bd4701?s=96&d=mm&r=g\",\"contentUrl\":\"https:\\\/\\\/secure.gravatar.com\\\/avatar\\\/e0359add7ed5dc3560906d861b52c6a8cf5c1e199d3a7dd85070998f49bd4701?s=96&d=mm&r=g\",\"caption\":\"afogadosfm\"},\"url\":\"https:\\\/\\\/afogadosfm.com.br\\\/afogadosfm\\\/author\\\/afogadosfm\\\/\"}]}<\/script>\n<!-- \/ Yoast SEO plugin. -->","yoast_head_json":{"title":"S\u00edndrome Respirat\u00f3ria Aguda Grave: 32 crian\u00e7as esperam por leito em UTI - Afogados FM","robots":{"index":"index","follow":"follow","max-snippet":"max-snippet:-1","max-image-preview":"max-image-preview:large","max-video-preview":"max-video-preview:-1"},"canonical":"https:\/\/afogadosfm.com.br\/afogadosfm\/2025\/07\/01\/sindrome-respiratoria-aguda-grave-32-criancas-esperam-por-leito-em-uti\/","og_locale":"pt_BR","og_type":"article","og_title":"S\u00edndrome Respirat\u00f3ria Aguda Grave: 32 crian\u00e7as esperam por leito em UTI - Afogados FM","og_description":"Em meio a situa\u00e7\u00e3o de emerg\u00eancia em sa\u00fade p\u00fablica decretada h\u00e1 mais de um m\u00eas pela gest\u00e3o estadual, Pernambuco tem","og_url":"https:\/\/afogadosfm.com.br\/afogadosfm\/2025\/07\/01\/sindrome-respiratoria-aguda-grave-32-criancas-esperam-por-leito-em-uti\/","og_site_name":"Afogados FM","article_published_time":"2025-07-01T08:38:42+00:00","article_modified_time":"2025-07-01T08:38:43+00:00","og_image":[{"width":1100,"height":734,"url":"https:\/\/afogadosfm.com.br\/afogadosfm\/wp-content\/uploads\/2021\/03\/uti.jpeg","type":"image\/jpeg"}],"author":"afogadosfm","twitter_card":"summary_large_image","twitter_misc":{"Escrito por":"afogadosfm","Est. tempo de leitura":"2 minutos"},"schema":{"@context":"https:\/\/schema.org","@graph":[{"@type":"Article","@id":"https:\/\/afogadosfm.com.br\/afogadosfm\/2025\/07\/01\/sindrome-respiratoria-aguda-grave-32-criancas-esperam-por-leito-em-uti\/#article","isPartOf":{"@id":"https:\/\/afogadosfm.com.br\/afogadosfm\/2025\/07\/01\/sindrome-respiratoria-aguda-grave-32-criancas-esperam-por-leito-em-uti\/"},"author":{"name":"afogadosfm","@id":"https:\/\/afogadosfm.com.br\/afogadosfm\/#\/schema\/person\/60e56f2cf5dc960fc093fe093d9e9057"},"headline":"S\u00edndrome Respirat\u00f3ria Aguda Grave: 32 crian\u00e7as esperam por leito em UTI","datePublished":"2025-07-01T08:38:42+00:00","dateModified":"2025-07-01T08:38:43+00:00","mainEntityOfPage":{"@id":"https:\/\/afogadosfm.com.br\/afogadosfm\/2025\/07\/01\/sindrome-respiratoria-aguda-grave-32-criancas-esperam-por-leito-em-uti\/"},"wordCount":304,"commentCount":0,"publisher":{"@id":"https:\/\/afogadosfm.com.br\/afogadosfm\/#organization"},"image":{"@id":"https:\/\/afogadosfm.com.br\/afogadosfm\/2025\/07\/01\/sindrome-respiratoria-aguda-grave-32-criancas-esperam-por-leito-em-uti\/#primaryimage"},"thumbnailUrl":"https:\/\/i0.wp.com\/afogadosfm.com.br\/afogadosfm\/wp-content\/uploads\/2021\/03\/uti.jpeg?fit=1100%2C734&ssl=1","articleSection":["Sa\u00fade"],"inLanguage":"pt-BR","potentialAction":[{"@type":"CommentAction","name":"Comment","target":["https:\/\/afogadosfm.com.br\/afogadosfm\/2025\/07\/01\/sindrome-respiratoria-aguda-grave-32-criancas-esperam-por-leito-em-uti\/#respond"]}]},{"@type":"WebPage","@id":"https:\/\/afogadosfm.com.br\/afogadosfm\/2025\/07\/01\/sindrome-respiratoria-aguda-grave-32-criancas-esperam-por-leito-em-uti\/","url":"https:\/\/afogadosfm.com.br\/afogadosfm\/2025\/07\/01\/sindrome-respiratoria-aguda-grave-32-criancas-esperam-por-leito-em-uti\/","name":"S\u00edndrome Respirat\u00f3ria Aguda Grave: 32 crian\u00e7as esperam por leito em UTI - Afogados FM","isPartOf":{"@id":"https:\/\/afogadosfm.com.br\/afogadosfm\/#website"},"primaryImageOfPage":{"@id":"https:\/\/afogadosfm.com.br\/afogadosfm\/2025\/07\/01\/sindrome-respiratoria-aguda-grave-32-criancas-esperam-por-leito-em-uti\/#primaryimage"},"image":{"@id":"https:\/\/afogadosfm.com.br\/afogadosfm\/2025\/07\/01\/sindrome-respiratoria-aguda-grave-32-criancas-esperam-por-leito-em-uti\/#primaryimage"},"thumbnailUrl":"https:\/\/i0.wp.com\/afogadosfm.com.br\/afogadosfm\/wp-content\/uploads\/2021\/03\/uti.jpeg?fit=1100%2C734&ssl=1","datePublished":"2025-07-01T08:38:42+00:00","dateModified":"2025-07-01T08:38:43+00:00","breadcrumb":{"@id":"https:\/\/afogadosfm.com.br\/afogadosfm\/2025\/07\/01\/sindrome-respiratoria-aguda-grave-32-criancas-esperam-por-leito-em-uti\/#breadcrumb"},"inLanguage":"pt-BR","potentialAction":[{"@type":"ReadAction","target":["https:\/\/afogadosfm.com.br\/afogadosfm\/2025\/07\/01\/sindrome-respiratoria-aguda-grave-32-criancas-esperam-por-leito-em-uti\/"]}]},{"@type":"ImageObject","inLanguage":"pt-BR","@id":"https:\/\/afogadosfm.com.br\/afogadosfm\/2025\/07\/01\/sindrome-respiratoria-aguda-grave-32-criancas-esperam-por-leito-em-uti\/#primaryimage","url":"https:\/\/i0.wp.com\/afogadosfm.com.br\/afogadosfm\/wp-content\/uploads\/2021\/03\/uti.jpeg?fit=1100%2C734&ssl=1","contentUrl":"https:\/\/i0.wp.com\/afogadosfm.com.br\/afogadosfm\/wp-content\/uploads\/2021\/03\/uti.jpeg?fit=1100%2C734&ssl=1","width":1100,"height":734},{"@type":"BreadcrumbList","@id":"https:\/\/afogadosfm.com.br\/afogadosfm\/2025\/07\/01\/sindrome-respiratoria-aguda-grave-32-criancas-esperam-por-leito-em-uti\/#breadcrumb","itemListElement":[{"@type":"ListItem","position":1,"name":"In\u00edcio","item":"https:\/\/afogadosfm.com.br\/afogadosfm\/"},{"@type":"ListItem","position":2,"name":"S\u00edndrome Respirat\u00f3ria Aguda Grave: 32 crian\u00e7as esperam por leito em UTI"}]},{"@type":"WebSite","@id":"https:\/\/afogadosfm.com.br\/afogadosfm\/#website","url":"https:\/\/afogadosfm.com.br\/afogadosfm\/","name":"Afogados FM","description":"Um site completo!","publisher":{"@id":"https:\/\/afogadosfm.com.br\/afogadosfm\/#organization"},"potentialAction":[{"@type":"SearchAction","target":{"@type":"EntryPoint","urlTemplate":"https:\/\/afogadosfm.com.br\/afogadosfm\/?s={search_term_string}"},"query-input":{"@type":"PropertyValueSpecification","valueRequired":true,"valueName":"search_term_string"}}],"inLanguage":"pt-BR"},{"@type":"Organization","@id":"https:\/\/afogadosfm.com.br\/afogadosfm\/#organization","name":"Afogados FM","url":"https:\/\/afogadosfm.com.br\/afogadosfm\/","logo":{"@type":"ImageObject","inLanguage":"pt-BR","@id":"https:\/\/afogadosfm.com.br\/afogadosfm\/#\/schema\/logo\/image\/","url":"https:\/\/i0.wp.com\/afogadosfm.com.br\/afogadosfm\/wp-content\/uploads\/2020\/06\/cropped-banner-afogados-4.jpg?fit=369%2C137&ssl=1","contentUrl":"https:\/\/i0.wp.com\/afogadosfm.com.br\/afogadosfm\/wp-content\/uploads\/2020\/06\/cropped-banner-afogados-4.jpg?fit=369%2C137&ssl=1","width":369,"height":137,"caption":"Afogados FM"},"image":{"@id":"https:\/\/afogadosfm.com.br\/afogadosfm\/#\/schema\/logo\/image\/"}},{"@type":"Person","@id":"https:\/\/afogadosfm.com.br\/afogadosfm\/#\/schema\/person\/60e56f2cf5dc960fc093fe093d9e9057","name":"afogadosfm","image":{"@type":"ImageObject","inLanguage":"pt-BR","@id":"https:\/\/secure.gravatar.com\/avatar\/e0359add7ed5dc3560906d861b52c6a8cf5c1e199d3a7dd85070998f49bd4701?s=96&d=mm&r=g","url":"https:\/\/secure.gravatar.com\/avatar\/e0359add7ed5dc3560906d861b52c6a8cf5c1e199d3a7dd85070998f49bd4701?s=96&d=mm&r=g","contentUrl":"https:\/\/secure.gravatar.com\/avatar\/e0359add7ed5dc3560906d861b52c6a8cf5c1e199d3a7dd85070998f49bd4701?s=96&d=mm&r=g","caption":"afogadosfm"},"url":"https:\/\/afogadosfm.com.br\/afogadosfm\/author\/afogadosfm\/"}]}},"jetpack_publicize_connections":[],"jetpack_featured_media_url":"https:\/\/i0.wp.com\/afogadosfm.com.br\/afogadosfm\/wp-content\/uploads\/2021\/03\/uti.jpeg?fit=1100%2C734&ssl=1","jetpack-related-posts":[],"jetpack_sharing_enabled":true,"jetpack_likes_enabled":true,"_links":{"self":[{"href":"https:\/\/afogadosfm.com.br\/afogadosfm\/wp-json\/wp\/v2\/posts\/67031","targetHints":{"allow":["GET"]}}],"collection":[{"href":"https:\/\/afogadosfm.com.br\/afogadosfm\/wp-json\/wp\/v2\/posts"}],"about":[{"href":"https:\/\/afogadosfm.com.br\/afogadosfm\/wp-json\/wp\/v2\/types\/post"}],"author":[{"embeddable":true,"href":"https:\/\/afogadosfm.com.br\/afogadosfm\/wp-json\/wp\/v2\/users\/2"}],"replies":[{"embeddable":true,"href":"https:\/\/afogadosfm.com.br\/afogadosfm\/wp-json\/wp\/v2\/comments?post=67031"}],"version-history":[{"count":1,"href":"https:\/\/afogadosfm.com.br\/afogadosfm\/wp-json\/wp\/v2\/posts\/67031\/revisions"}],"predecessor-version":[{"id":67032,"href":"https:\/\/afogadosfm.com.br\/afogadosfm\/wp-json\/wp\/v2\/posts\/67031\/revisions\/67032"}],"wp:featuredmedia":[{"embeddable":true,"href":"https:\/\/afogadosfm.com.br\/afogadosfm\/wp-json\/wp\/v2\/media\/23896"}],"wp:attachment":[{"href":"https:\/\/afogadosfm.com.br\/afogadosfm\/wp-json\/wp\/v2\/media?parent=67031"}],"wp:term":[{"taxonomy":"category","embeddable":true,"href":"https:\/\/afogadosfm.com.br\/afogadosfm\/wp-json\/wp\/v2\/categories?post=67031"},{"taxonomy":"post_tag","embeddable":true,"href":"https:\/\/afogadosfm.com.br\/afogadosfm\/wp-json\/wp\/v2\/tags?post=67031"}],"curies":[{"name":"wp","href":"https:\/\/api.w.org\/{rel}","templated":true}]}}