{"id":67066,"date":"2025-07-02T06:04:39","date_gmt":"2025-07-02T09:04:39","guid":{"rendered":"https:\/\/afogadosfm.com.br\/afogadosfm\/?p=67066"},"modified":"2025-07-02T06:04:40","modified_gmt":"2025-07-02T09:04:40","slug":"116-anos-afogados-entregou-medalhas-de-honra-ao-merito-dom-francisco","status":"publish","type":"post","link":"https:\/\/afogadosfm.com.br\/afogadosfm\/2025\/07\/02\/116-anos-afogados-entregou-medalhas-de-honra-ao-merito-dom-francisco\/","title":{"rendered":"116 anos: Afogados entregou medalhas de honra ao m\u00e9rito Dom Francisco"},"content":{"rendered":"\n<p>A Prefeitura de Afogados da Ingazeira promoveu nesta ter\u00e7a (01), a solenidade de outorga da medalha de honra ao m\u00e9rito Dom Francisco Austreg\u00e9silo de Mesquita, no cineteatro S\u00e3o Jos\u00e9.&nbsp;<\/p>\n\n\n\n<p>Este ano foram agraciados importantes empreendedores e comerciantes de Afogados da Ingazeira, cujas hist\u00f3rias de supera\u00e7\u00e3o e sucesso est\u00e3o intimamente ligadas ao desenvolvimento da cidade. Foram homenageados Ubaldo Pires, Vicente de Souza Veras (in memoriam), Jos\u00e9 Almeida Filho (Seu Almeida) e Hor\u00e1cio Pires (in memoriam). Na categoria institui\u00e7\u00e3o, a homenagem foi aos Correios de Afogados da Ingazeira, representado na cerim\u00f4nia pelo servidor p\u00fablico Charles Chan.&nbsp;<\/p>\n\n\n\n<p>O Bispo Dom Limac\u00eado Ant\u00f4nio n\u00e3o pode comparecer por estar acompanhando sua genitora, que passa por problemas de sa\u00fade. Ele foi representado na cerim\u00f4nia pelo vig\u00e1rio geral, Padre Josenildo do Paje\u00fa. \u201cEsse \u00e9 um ano muito significativo para essa homenagem pois celebramos o centen\u00e1rio de Dom Francisco. Essa cidade foi constru\u00edda com muitas m\u00e3os, onde cada gestor busca fazer mais e melhor. Esse \u00e9 um privil\u00e9gio que a cidade tem, que \u00e9 ter bons gestores,\u201d destacou o Padre Josenildo.&nbsp;<\/p>\n\n\n\n<p>Falando em nome de todos os vereadores, o Presidente da C\u00e2mara, Vicentinho Zuza, destacou sua liga\u00e7\u00e3o com os homenageados e agradeceu ao povo de Afogados por ter lhe ajudado a chegar onde chegou na vida p\u00fablica. &nbsp;<\/p>\n\n\n\n<p>\u201cTodos os homenageados dessa tarde foram escolhidos pelos relevantes servi\u00e7os prestados a nossa cidade, e j\u00e1 fazem parte da hist\u00f3ria de Afogados da Ingazeira,\u201d afirmou o vice-prefeito, Daniel Valadares.&nbsp;<\/p>\n\n\n\n<p>Sandrinho fez um balan\u00e7o de sua rela\u00e7\u00e3o pessoal com cada um dos homenageados. Lembrou das in\u00fameras vezes, na gest\u00e3o do ex-prefeito Jos\u00e9 Patriota, em que o quarteto formado por Ubaldo Pires, Ademir Rodrigues, Edmilson Rodrigues e Hor\u00e1cio Pires, acompanhava as inaugura\u00e7\u00f5es na zona rural. Destacou a import\u00e2ncia, na gest\u00e3o p\u00fablica, de construir pontes, do di\u00e1logo. De a\u00e7\u00f5es como a bolsa de duzentos reais para os alunos da FASP, a faculdade de medicina, que tamb\u00e9m abrir\u00e1 bolsas para alunos em situa\u00e7\u00e3o de vulnerabilidade. \u201cUma cidade \u00e9 constru\u00edda n\u00e3o apenas com o capital financeiro, mas sobretudo com o capital humano, o capital dos afetos, do di\u00e1logo e da solidariedade,\u201d afirmou o Prefeito Sandrinho Palmeira.&nbsp;<\/p>\n\n\n\n<p>Na solenidade, tamb\u00e9m estiveram &nbsp;presentes o Padre Orlando Bezerra, parentes dos homenageados, os vereadores Vicentinho, Presidente da C\u00e2mara, Raimundo Lima, C\u00e9sar Ten\u00f3rio, M\u00e1rio Martins, e das vereadoras Gal Mariano e Lucineide Cordeiro.<\/p>\n","protected":false},"excerpt":{"rendered":"<p>A Prefeitura de Afogados da Ingazeira promoveu nesta ter\u00e7a (01), a solenidade de outorga da medalha de honra ao m\u00e9rito<\/p>\n","protected":false},"author":2,"featured_media":67067,"comment_status":"open","ping_status":"open","sticky":false,"template":"","format":"standard","meta":{"jetpack_post_was_ever_published":false,"_jetpack_newsletter_access":"","_jetpack_dont_email_post_to_subs":false,"_jetpack_newsletter_tier_id":0,"_jetpack_memberships_contains_paywalled_content":false,"_jetpack_memberships_contains_paid_content":false,"footnotes":"","jetpack_publicize_message":"","jetpack_publicize_feature_enabled":true,"jetpack_social_post_already_shared":true,"jetpack_social_options":{"image_generator_settings":{"template":"highway","default_image_id":0,"font":"","enabled":false},"version":2}},"categories":[14],"tags":[],"class_list":["post-67066","post","type-post","status-publish","format-standard","has-post-thumbnail","hentry","category-afogados-da-ingazeira"],"yoast_head":"<!-- This site is optimized with the Yoast SEO plugin v27.5 - https:\/\/yoast.com\/product\/yoast-seo-wordpress\/ -->\n<title>116 anos: Afogados entregou medalhas de honra ao m\u00e9rito Dom Francisco - Afogados FM<\/title>\n<meta name=\"robots\" content=\"index, follow, max-snippet:-1, max-image-preview:large, max-video-preview:-1\" \/>\n<link rel=\"canonical\" href=\"https:\/\/afogadosfm.com.br\/afogadosfm\/2025\/07\/02\/116-anos-afogados-entregou-medalhas-de-honra-ao-merito-dom-francisco\/\" \/>\n<meta property=\"og:locale\" content=\"pt_BR\" \/>\n<meta property=\"og:type\" content=\"article\" \/>\n<meta property=\"og:title\" content=\"116 anos: Afogados entregou medalhas de honra ao m\u00e9rito Dom Francisco - Afogados FM\" \/>\n<meta property=\"og:description\" content=\"A Prefeitura de Afogados da Ingazeira promoveu nesta ter\u00e7a (01), a solenidade de outorga da medalha de honra ao m\u00e9rito\" \/>\n<meta property=\"og:url\" content=\"https:\/\/afogadosfm.com.br\/afogadosfm\/2025\/07\/02\/116-anos-afogados-entregou-medalhas-de-honra-ao-merito-dom-francisco\/\" \/>\n<meta property=\"og:site_name\" content=\"Afogados FM\" \/>\n<meta property=\"article:published_time\" content=\"2025-07-02T09:04:39+00:00\" \/>\n<meta property=\"article:modified_time\" content=\"2025-07-02T09:04:40+00:00\" \/>\n<meta property=\"og:image\" content=\"https:\/\/afogadosfm.com.br\/afogadosfm\/wp-content\/uploads\/2025\/07\/d44b843b-e450-4bd9-bb77-146c73354c7f.jpeg\" \/>\n\t<meta property=\"og:image:width\" content=\"400\" \/>\n\t<meta property=\"og:image:height\" content=\"266\" \/>\n\t<meta property=\"og:image:type\" content=\"image\/jpeg\" \/>\n<meta name=\"author\" content=\"afogadosfm\" \/>\n<meta name=\"twitter:card\" content=\"summary_large_image\" \/>\n<meta name=\"twitter:label1\" content=\"Escrito por\" \/>\n\t<meta name=\"twitter:data1\" content=\"afogadosfm\" \/>\n\t<meta name=\"twitter:label2\" content=\"Est. tempo de leitura\" \/>\n\t<meta name=\"twitter:data2\" content=\"3 minutos\" \/>\n<script type=\"application\/ld+json\" class=\"yoast-schema-graph\">{\"@context\":\"https:\\\/\\\/schema.org\",\"@graph\":[{\"@type\":\"Article\",\"@id\":\"https:\\\/\\\/afogadosfm.com.br\\\/afogadosfm\\\/2025\\\/07\\\/02\\\/116-anos-afogados-entregou-medalhas-de-honra-ao-merito-dom-francisco\\\/#article\",\"isPartOf\":{\"@id\":\"https:\\\/\\\/afogadosfm.com.br\\\/afogadosfm\\\/2025\\\/07\\\/02\\\/116-anos-afogados-entregou-medalhas-de-honra-ao-merito-dom-francisco\\\/\"},\"author\":{\"name\":\"afogadosfm\",\"@id\":\"https:\\\/\\\/afogadosfm.com.br\\\/afogadosfm\\\/#\\\/schema\\\/person\\\/60e56f2cf5dc960fc093fe093d9e9057\"},\"headline\":\"116 anos: Afogados entregou medalhas de honra ao m\u00e9rito Dom Francisco\",\"datePublished\":\"2025-07-02T09:04:39+00:00\",\"dateModified\":\"2025-07-02T09:04:40+00:00\",\"mainEntityOfPage\":{\"@id\":\"https:\\\/\\\/afogadosfm.com.br\\\/afogadosfm\\\/2025\\\/07\\\/02\\\/116-anos-afogados-entregou-medalhas-de-honra-ao-merito-dom-francisco\\\/\"},\"wordCount\":442,\"commentCount\":0,\"publisher\":{\"@id\":\"https:\\\/\\\/afogadosfm.com.br\\\/afogadosfm\\\/#organization\"},\"image\":{\"@id\":\"https:\\\/\\\/afogadosfm.com.br\\\/afogadosfm\\\/2025\\\/07\\\/02\\\/116-anos-afogados-entregou-medalhas-de-honra-ao-merito-dom-francisco\\\/#primaryimage\"},\"thumbnailUrl\":\"https:\\\/\\\/i0.wp.com\\\/afogadosfm.com.br\\\/afogadosfm\\\/wp-content\\\/uploads\\\/2025\\\/07\\\/d44b843b-e450-4bd9-bb77-146c73354c7f.jpeg?fit=400%2C266&ssl=1\",\"articleSection\":[\"Afogados da Ingazeira\"],\"inLanguage\":\"pt-BR\",\"potentialAction\":[{\"@type\":\"CommentAction\",\"name\":\"Comment\",\"target\":[\"https:\\\/\\\/afogadosfm.com.br\\\/afogadosfm\\\/2025\\\/07\\\/02\\\/116-anos-afogados-entregou-medalhas-de-honra-ao-merito-dom-francisco\\\/#respond\"]}]},{\"@type\":\"WebPage\",\"@id\":\"https:\\\/\\\/afogadosfm.com.br\\\/afogadosfm\\\/2025\\\/07\\\/02\\\/116-anos-afogados-entregou-medalhas-de-honra-ao-merito-dom-francisco\\\/\",\"url\":\"https:\\\/\\\/afogadosfm.com.br\\\/afogadosfm\\\/2025\\\/07\\\/02\\\/116-anos-afogados-entregou-medalhas-de-honra-ao-merito-dom-francisco\\\/\",\"name\":\"116 anos: Afogados entregou medalhas de honra ao m\u00e9rito Dom Francisco - Afogados FM\",\"isPartOf\":{\"@id\":\"https:\\\/\\\/afogadosfm.com.br\\\/afogadosfm\\\/#website\"},\"primaryImageOfPage\":{\"@id\":\"https:\\\/\\\/afogadosfm.com.br\\\/afogadosfm\\\/2025\\\/07\\\/02\\\/116-anos-afogados-entregou-medalhas-de-honra-ao-merito-dom-francisco\\\/#primaryimage\"},\"image\":{\"@id\":\"https:\\\/\\\/afogadosfm.com.br\\\/afogadosfm\\\/2025\\\/07\\\/02\\\/116-anos-afogados-entregou-medalhas-de-honra-ao-merito-dom-francisco\\\/#primaryimage\"},\"thumbnailUrl\":\"https:\\\/\\\/i0.wp.com\\\/afogadosfm.com.br\\\/afogadosfm\\\/wp-content\\\/uploads\\\/2025\\\/07\\\/d44b843b-e450-4bd9-bb77-146c73354c7f.jpeg?fit=400%2C266&ssl=1\",\"datePublished\":\"2025-07-02T09:04:39+00:00\",\"dateModified\":\"2025-07-02T09:04:40+00:00\",\"breadcrumb\":{\"@id\":\"https:\\\/\\\/afogadosfm.com.br\\\/afogadosfm\\\/2025\\\/07\\\/02\\\/116-anos-afogados-entregou-medalhas-de-honra-ao-merito-dom-francisco\\\/#breadcrumb\"},\"inLanguage\":\"pt-BR\",\"potentialAction\":[{\"@type\":\"ReadAction\",\"target\":[\"https:\\\/\\\/afogadosfm.com.br\\\/afogadosfm\\\/2025\\\/07\\\/02\\\/116-anos-afogados-entregou-medalhas-de-honra-ao-merito-dom-francisco\\\/\"]}]},{\"@type\":\"ImageObject\",\"inLanguage\":\"pt-BR\",\"@id\":\"https:\\\/\\\/afogadosfm.com.br\\\/afogadosfm\\\/2025\\\/07\\\/02\\\/116-anos-afogados-entregou-medalhas-de-honra-ao-merito-dom-francisco\\\/#primaryimage\",\"url\":\"https:\\\/\\\/i0.wp.com\\\/afogadosfm.com.br\\\/afogadosfm\\\/wp-content\\\/uploads\\\/2025\\\/07\\\/d44b843b-e450-4bd9-bb77-146c73354c7f.jpeg?fit=400%2C266&ssl=1\",\"contentUrl\":\"https:\\\/\\\/i0.wp.com\\\/afogadosfm.com.br\\\/afogadosfm\\\/wp-content\\\/uploads\\\/2025\\\/07\\\/d44b843b-e450-4bd9-bb77-146c73354c7f.jpeg?fit=400%2C266&ssl=1\",\"width\":400,\"height\":266},{\"@type\":\"BreadcrumbList\",\"@id\":\"https:\\\/\\\/afogadosfm.com.br\\\/afogadosfm\\\/2025\\\/07\\\/02\\\/116-anos-afogados-entregou-medalhas-de-honra-ao-merito-dom-francisco\\\/#breadcrumb\",\"itemListElement\":[{\"@type\":\"ListItem\",\"position\":1,\"name\":\"In\u00edcio\",\"item\":\"https:\\\/\\\/afogadosfm.com.br\\\/afogadosfm\\\/\"},{\"@type\":\"ListItem\",\"position\":2,\"name\":\"116 anos: Afogados entregou medalhas de honra ao m\u00e9rito Dom Francisco\"}]},{\"@type\":\"WebSite\",\"@id\":\"https:\\\/\\\/afogadosfm.com.br\\\/afogadosfm\\\/#website\",\"url\":\"https:\\\/\\\/afogadosfm.com.br\\\/afogadosfm\\\/\",\"name\":\"Afogados FM\",\"description\":\"Um site completo!\",\"publisher\":{\"@id\":\"https:\\\/\\\/afogadosfm.com.br\\\/afogadosfm\\\/#organization\"},\"potentialAction\":[{\"@type\":\"SearchAction\",\"target\":{\"@type\":\"EntryPoint\",\"urlTemplate\":\"https:\\\/\\\/afogadosfm.com.br\\\/afogadosfm\\\/?s={search_term_string}\"},\"query-input\":{\"@type\":\"PropertyValueSpecification\",\"valueRequired\":true,\"valueName\":\"search_term_string\"}}],\"inLanguage\":\"pt-BR\"},{\"@type\":\"Organization\",\"@id\":\"https:\\\/\\\/afogadosfm.com.br\\\/afogadosfm\\\/#organization\",\"name\":\"Afogados FM\",\"url\":\"https:\\\/\\\/afogadosfm.com.br\\\/afogadosfm\\\/\",\"logo\":{\"@type\":\"ImageObject\",\"inLanguage\":\"pt-BR\",\"@id\":\"https:\\\/\\\/afogadosfm.com.br\\\/afogadosfm\\\/#\\\/schema\\\/logo\\\/image\\\/\",\"url\":\"https:\\\/\\\/i0.wp.com\\\/afogadosfm.com.br\\\/afogadosfm\\\/wp-content\\\/uploads\\\/2020\\\/06\\\/cropped-banner-afogados-4.jpg?fit=369%2C137&ssl=1\",\"contentUrl\":\"https:\\\/\\\/i0.wp.com\\\/afogadosfm.com.br\\\/afogadosfm\\\/wp-content\\\/uploads\\\/2020\\\/06\\\/cropped-banner-afogados-4.jpg?fit=369%2C137&ssl=1\",\"width\":369,\"height\":137,\"caption\":\"Afogados FM\"},\"image\":{\"@id\":\"https:\\\/\\\/afogadosfm.com.br\\\/afogadosfm\\\/#\\\/schema\\\/logo\\\/image\\\/\"}},{\"@type\":\"Person\",\"@id\":\"https:\\\/\\\/afogadosfm.com.br\\\/afogadosfm\\\/#\\\/schema\\\/person\\\/60e56f2cf5dc960fc093fe093d9e9057\",\"name\":\"afogadosfm\",\"image\":{\"@type\":\"ImageObject\",\"inLanguage\":\"pt-BR\",\"@id\":\"https:\\\/\\\/secure.gravatar.com\\\/avatar\\\/e0359add7ed5dc3560906d861b52c6a8cf5c1e199d3a7dd85070998f49bd4701?s=96&d=mm&r=g\",\"url\":\"https:\\\/\\\/secure.gravatar.com\\\/avatar\\\/e0359add7ed5dc3560906d861b52c6a8cf5c1e199d3a7dd85070998f49bd4701?s=96&d=mm&r=g\",\"contentUrl\":\"https:\\\/\\\/secure.gravatar.com\\\/avatar\\\/e0359add7ed5dc3560906d861b52c6a8cf5c1e199d3a7dd85070998f49bd4701?s=96&d=mm&r=g\",\"caption\":\"afogadosfm\"},\"url\":\"https:\\\/\\\/afogadosfm.com.br\\\/afogadosfm\\\/author\\\/afogadosfm\\\/\"}]}<\/script>\n<!-- \/ Yoast SEO plugin. -->","yoast_head_json":{"title":"116 anos: Afogados entregou medalhas de honra ao m\u00e9rito Dom Francisco - Afogados FM","robots":{"index":"index","follow":"follow","max-snippet":"max-snippet:-1","max-image-preview":"max-image-preview:large","max-video-preview":"max-video-preview:-1"},"canonical":"https:\/\/afogadosfm.com.br\/afogadosfm\/2025\/07\/02\/116-anos-afogados-entregou-medalhas-de-honra-ao-merito-dom-francisco\/","og_locale":"pt_BR","og_type":"article","og_title":"116 anos: Afogados entregou medalhas de honra ao m\u00e9rito Dom Francisco - Afogados FM","og_description":"A Prefeitura de Afogados da Ingazeira promoveu nesta ter\u00e7a (01), a solenidade de outorga da medalha de honra ao m\u00e9rito","og_url":"https:\/\/afogadosfm.com.br\/afogadosfm\/2025\/07\/02\/116-anos-afogados-entregou-medalhas-de-honra-ao-merito-dom-francisco\/","og_site_name":"Afogados FM","article_published_time":"2025-07-02T09:04:39+00:00","article_modified_time":"2025-07-02T09:04:40+00:00","og_image":[{"width":400,"height":266,"url":"https:\/\/afogadosfm.com.br\/afogadosfm\/wp-content\/uploads\/2025\/07\/d44b843b-e450-4bd9-bb77-146c73354c7f.jpeg","type":"image\/jpeg"}],"author":"afogadosfm","twitter_card":"summary_large_image","twitter_misc":{"Escrito por":"afogadosfm","Est. tempo de leitura":"3 minutos"},"schema":{"@context":"https:\/\/schema.org","@graph":[{"@type":"Article","@id":"https:\/\/afogadosfm.com.br\/afogadosfm\/2025\/07\/02\/116-anos-afogados-entregou-medalhas-de-honra-ao-merito-dom-francisco\/#article","isPartOf":{"@id":"https:\/\/afogadosfm.com.br\/afogadosfm\/2025\/07\/02\/116-anos-afogados-entregou-medalhas-de-honra-ao-merito-dom-francisco\/"},"author":{"name":"afogadosfm","@id":"https:\/\/afogadosfm.com.br\/afogadosfm\/#\/schema\/person\/60e56f2cf5dc960fc093fe093d9e9057"},"headline":"116 anos: Afogados entregou medalhas de honra ao m\u00e9rito Dom Francisco","datePublished":"2025-07-02T09:04:39+00:00","dateModified":"2025-07-02T09:04:40+00:00","mainEntityOfPage":{"@id":"https:\/\/afogadosfm.com.br\/afogadosfm\/2025\/07\/02\/116-anos-afogados-entregou-medalhas-de-honra-ao-merito-dom-francisco\/"},"wordCount":442,"commentCount":0,"publisher":{"@id":"https:\/\/afogadosfm.com.br\/afogadosfm\/#organization"},"image":{"@id":"https:\/\/afogadosfm.com.br\/afogadosfm\/2025\/07\/02\/116-anos-afogados-entregou-medalhas-de-honra-ao-merito-dom-francisco\/#primaryimage"},"thumbnailUrl":"https:\/\/i0.wp.com\/afogadosfm.com.br\/afogadosfm\/wp-content\/uploads\/2025\/07\/d44b843b-e450-4bd9-bb77-146c73354c7f.jpeg?fit=400%2C266&ssl=1","articleSection":["Afogados da Ingazeira"],"inLanguage":"pt-BR","potentialAction":[{"@type":"CommentAction","name":"Comment","target":["https:\/\/afogadosfm.com.br\/afogadosfm\/2025\/07\/02\/116-anos-afogados-entregou-medalhas-de-honra-ao-merito-dom-francisco\/#respond"]}]},{"@type":"WebPage","@id":"https:\/\/afogadosfm.com.br\/afogadosfm\/2025\/07\/02\/116-anos-afogados-entregou-medalhas-de-honra-ao-merito-dom-francisco\/","url":"https:\/\/afogadosfm.com.br\/afogadosfm\/2025\/07\/02\/116-anos-afogados-entregou-medalhas-de-honra-ao-merito-dom-francisco\/","name":"116 anos: Afogados entregou medalhas de honra ao m\u00e9rito Dom Francisco - Afogados FM","isPartOf":{"@id":"https:\/\/afogadosfm.com.br\/afogadosfm\/#website"},"primaryImageOfPage":{"@id":"https:\/\/afogadosfm.com.br\/afogadosfm\/2025\/07\/02\/116-anos-afogados-entregou-medalhas-de-honra-ao-merito-dom-francisco\/#primaryimage"},"image":{"@id":"https:\/\/afogadosfm.com.br\/afogadosfm\/2025\/07\/02\/116-anos-afogados-entregou-medalhas-de-honra-ao-merito-dom-francisco\/#primaryimage"},"thumbnailUrl":"https:\/\/i0.wp.com\/afogadosfm.com.br\/afogadosfm\/wp-content\/uploads\/2025\/07\/d44b843b-e450-4bd9-bb77-146c73354c7f.jpeg?fit=400%2C266&ssl=1","datePublished":"2025-07-02T09:04:39+00:00","dateModified":"2025-07-02T09:04:40+00:00","breadcrumb":{"@id":"https:\/\/afogadosfm.com.br\/afogadosfm\/2025\/07\/02\/116-anos-afogados-entregou-medalhas-de-honra-ao-merito-dom-francisco\/#breadcrumb"},"inLanguage":"pt-BR","potentialAction":[{"@type":"ReadAction","target":["https:\/\/afogadosfm.com.br\/afogadosfm\/2025\/07\/02\/116-anos-afogados-entregou-medalhas-de-honra-ao-merito-dom-francisco\/"]}]},{"@type":"ImageObject","inLanguage":"pt-BR","@id":"https:\/\/afogadosfm.com.br\/afogadosfm\/2025\/07\/02\/116-anos-afogados-entregou-medalhas-de-honra-ao-merito-dom-francisco\/#primaryimage","url":"https:\/\/i0.wp.com\/afogadosfm.com.br\/afogadosfm\/wp-content\/uploads\/2025\/07\/d44b843b-e450-4bd9-bb77-146c73354c7f.jpeg?fit=400%2C266&ssl=1","contentUrl":"https:\/\/i0.wp.com\/afogadosfm.com.br\/afogadosfm\/wp-content\/uploads\/2025\/07\/d44b843b-e450-4bd9-bb77-146c73354c7f.jpeg?fit=400%2C266&ssl=1","width":400,"height":266},{"@type":"BreadcrumbList","@id":"https:\/\/afogadosfm.com.br\/afogadosfm\/2025\/07\/02\/116-anos-afogados-entregou-medalhas-de-honra-ao-merito-dom-francisco\/#breadcrumb","itemListElement":[{"@type":"ListItem","position":1,"name":"In\u00edcio","item":"https:\/\/afogadosfm.com.br\/afogadosfm\/"},{"@type":"ListItem","position":2,"name":"116 anos: Afogados entregou medalhas de honra ao m\u00e9rito Dom Francisco"}]},{"@type":"WebSite","@id":"https:\/\/afogadosfm.com.br\/afogadosfm\/#website","url":"https:\/\/afogadosfm.com.br\/afogadosfm\/","name":"Afogados FM","description":"Um site completo!","publisher":{"@id":"https:\/\/afogadosfm.com.br\/afogadosfm\/#organization"},"potentialAction":[{"@type":"SearchAction","target":{"@type":"EntryPoint","urlTemplate":"https:\/\/afogadosfm.com.br\/afogadosfm\/?s={search_term_string}"},"query-input":{"@type":"PropertyValueSpecification","valueRequired":true,"valueName":"search_term_string"}}],"inLanguage":"pt-BR"},{"@type":"Organization","@id":"https:\/\/afogadosfm.com.br\/afogadosfm\/#organization","name":"Afogados FM","url":"https:\/\/afogadosfm.com.br\/afogadosfm\/","logo":{"@type":"ImageObject","inLanguage":"pt-BR","@id":"https:\/\/afogadosfm.com.br\/afogadosfm\/#\/schema\/logo\/image\/","url":"https:\/\/i0.wp.com\/afogadosfm.com.br\/afogadosfm\/wp-content\/uploads\/2020\/06\/cropped-banner-afogados-4.jpg?fit=369%2C137&ssl=1","contentUrl":"https:\/\/i0.wp.com\/afogadosfm.com.br\/afogadosfm\/wp-content\/uploads\/2020\/06\/cropped-banner-afogados-4.jpg?fit=369%2C137&ssl=1","width":369,"height":137,"caption":"Afogados FM"},"image":{"@id":"https:\/\/afogadosfm.com.br\/afogadosfm\/#\/schema\/logo\/image\/"}},{"@type":"Person","@id":"https:\/\/afogadosfm.com.br\/afogadosfm\/#\/schema\/person\/60e56f2cf5dc960fc093fe093d9e9057","name":"afogadosfm","image":{"@type":"ImageObject","inLanguage":"pt-BR","@id":"https:\/\/secure.gravatar.com\/avatar\/e0359add7ed5dc3560906d861b52c6a8cf5c1e199d3a7dd85070998f49bd4701?s=96&d=mm&r=g","url":"https:\/\/secure.gravatar.com\/avatar\/e0359add7ed5dc3560906d861b52c6a8cf5c1e199d3a7dd85070998f49bd4701?s=96&d=mm&r=g","contentUrl":"https:\/\/secure.gravatar.com\/avatar\/e0359add7ed5dc3560906d861b52c6a8cf5c1e199d3a7dd85070998f49bd4701?s=96&d=mm&r=g","caption":"afogadosfm"},"url":"https:\/\/afogadosfm.com.br\/afogadosfm\/author\/afogadosfm\/"}]}},"jetpack_publicize_connections":[],"jetpack_featured_media_url":"https:\/\/i0.wp.com\/afogadosfm.com.br\/afogadosfm\/wp-content\/uploads\/2025\/07\/d44b843b-e450-4bd9-bb77-146c73354c7f.jpeg?fit=400%2C266&ssl=1","jetpack-related-posts":[],"jetpack_sharing_enabled":true,"jetpack_likes_enabled":true,"_links":{"self":[{"href":"https:\/\/afogadosfm.com.br\/afogadosfm\/wp-json\/wp\/v2\/posts\/67066","targetHints":{"allow":["GET"]}}],"collection":[{"href":"https:\/\/afogadosfm.com.br\/afogadosfm\/wp-json\/wp\/v2\/posts"}],"about":[{"href":"https:\/\/afogadosfm.com.br\/afogadosfm\/wp-json\/wp\/v2\/types\/post"}],"author":[{"embeddable":true,"href":"https:\/\/afogadosfm.com.br\/afogadosfm\/wp-json\/wp\/v2\/users\/2"}],"replies":[{"embeddable":true,"href":"https:\/\/afogadosfm.com.br\/afogadosfm\/wp-json\/wp\/v2\/comments?post=67066"}],"version-history":[{"count":1,"href":"https:\/\/afogadosfm.com.br\/afogadosfm\/wp-json\/wp\/v2\/posts\/67066\/revisions"}],"predecessor-version":[{"id":67068,"href":"https:\/\/afogadosfm.com.br\/afogadosfm\/wp-json\/wp\/v2\/posts\/67066\/revisions\/67068"}],"wp:featuredmedia":[{"embeddable":true,"href":"https:\/\/afogadosfm.com.br\/afogadosfm\/wp-json\/wp\/v2\/media\/67067"}],"wp:attachment":[{"href":"https:\/\/afogadosfm.com.br\/afogadosfm\/wp-json\/wp\/v2\/media?parent=67066"}],"wp:term":[{"taxonomy":"category","embeddable":true,"href":"https:\/\/afogadosfm.com.br\/afogadosfm\/wp-json\/wp\/v2\/categories?post=67066"},{"taxonomy":"post_tag","embeddable":true,"href":"https:\/\/afogadosfm.com.br\/afogadosfm\/wp-json\/wp\/v2\/tags?post=67066"}],"curies":[{"name":"wp","href":"https:\/\/api.w.org\/{rel}","templated":true}]}}