{"id":67069,"date":"2025-07-02T06:32:08","date_gmt":"2025-07-02T09:32:08","guid":{"rendered":"https:\/\/afogadosfm.com.br\/afogadosfm\/?p=67069"},"modified":"2025-07-02T06:32:09","modified_gmt":"2025-07-02T09:32:09","slug":"entidades-empresariais-pedem-ao-stf-para-manter-decisao-do-congresso-sobre-iof","status":"publish","type":"post","link":"https:\/\/afogadosfm.com.br\/afogadosfm\/2025\/07\/02\/entidades-empresariais-pedem-ao-stf-para-manter-decisao-do-congresso-sobre-iof\/","title":{"rendered":"Entidades empresariais pedem ao STF para manter decis\u00e3o do Congresso sobre IOF"},"content":{"rendered":"\n<p>A Confedera\u00e7\u00e3o Nacional da Ind\u00fastria (CNI), a Confedera\u00e7\u00e3o Nacional do Transporte (CNT) e a Confedera\u00e7\u00e3o Nacional do Com\u00e9rcio (CNC) pediram ao Supremo Tribunal Federal (STF) para manter a decis\u00e3o do Congresso Nacional que derrubou o decreto do presidente Luiz In\u00e1cio Lula da Silva (PT) que aumentou o Imposto sobre Opera\u00e7\u00f5es Financeiras (IOF).<\/p>\n\n\n\n<p>O pedido foi protocolado na mesma a\u00e7\u00e3o apresentada pelo governo Lula para reverter a decis\u00e3o do Congresso e manter o decreto em p\u00e9. O processo \u00e9 relatado pelo ministro Alexandre de Moraes. As confedera\u00e7\u00f5es que representam o setor produtivo pediram para serem aceitas como amici curiae (amigos da Corte) &#8211; quando organiza\u00e7\u00f5es s\u00e3o ouvidas e podem emitir pareceres sobre o assunto.<\/p>\n\n\n\n<p>Juridicamente, o que est\u00e1 em discuss\u00e3o \u00e9 se o Congresso Nacional poderia derrubar o decreto de Lula. A Constitui\u00e7\u00e3o permite ao Legislativo anular medidas do presidente que exorbitem do poder de regulamenta\u00e7\u00e3o ou dos limites da legisla\u00e7\u00e3o.<\/p>\n\n\n\n<p>O governo defende a legalidade do decreto de Lula e diz que o ato teve o objetivo de regulamentar o IOF, mesmo com a consequ\u00eancia para a arrecada\u00e7\u00e3o. As organiza\u00e7\u00f5es empresariais, por outro lado, alegam que o decreto presidencial teve cunho arrecadat\u00f3rio, extrapolando os limites dados por lei, e defendem a decis\u00e3o do Congresso.<\/p>\n\n\n\n<p>&#8220;A edi\u00e7\u00e3o do ato normativo foi expressamente justificada pelo Poder Executivo como medida necess\u00e1ria para incrementar a arrecada\u00e7\u00e3o federal e reduzir o d\u00e9ficit or\u00e7ament\u00e1rio previsto para o exerc\u00edcio de 2025&#8221;, diz o pedido.<\/p>\n\n\n\n<p>&#8220;Nesse campo, as estimativas oficiais apontaram expectativa de aumento de receita na imodesta ordem de R$ 20,5 bilh\u00f5es ainda no corrente ano, tudo a demonstrar que a finalidade predominante das altera\u00e7\u00f5es foi arrecadat\u00f3ria, n\u00e3o regulat\u00f3ria.&#8221;<\/p>\n\n\n\n<p>Do Conte\u00fado Estad\u00e3o<\/p>\n","protected":false},"excerpt":{"rendered":"<p>A Confedera\u00e7\u00e3o Nacional da Ind\u00fastria (CNI), a Confedera\u00e7\u00e3o Nacional do Transporte (CNT) e a Confedera\u00e7\u00e3o Nacional do Com\u00e9rcio (CNC) pediram<\/p>\n","protected":false},"author":2,"featured_media":5859,"comment_status":"open","ping_status":"open","sticky":false,"template":"","format":"standard","meta":{"jetpack_post_was_ever_published":false,"_jetpack_newsletter_access":"","_jetpack_dont_email_post_to_subs":false,"_jetpack_newsletter_tier_id":0,"_jetpack_memberships_contains_paywalled_content":false,"_jetpack_memberships_contains_paid_content":false,"footnotes":"","jetpack_publicize_message":"","jetpack_publicize_feature_enabled":true,"jetpack_social_post_already_shared":true,"jetpack_social_options":{"image_generator_settings":{"template":"highway","default_image_id":0,"font":"","enabled":false},"version":2}},"categories":[12],"tags":[],"class_list":["post-67069","post","type-post","status-publish","format-standard","has-post-thumbnail","hentry","category-brasil"],"yoast_head":"<!-- This site is optimized with the Yoast SEO plugin v27.5 - https:\/\/yoast.com\/product\/yoast-seo-wordpress\/ -->\n<title>Entidades empresariais pedem ao STF para manter decis\u00e3o do Congresso sobre IOF - Afogados FM<\/title>\n<meta name=\"robots\" content=\"index, follow, max-snippet:-1, max-image-preview:large, max-video-preview:-1\" \/>\n<link rel=\"canonical\" href=\"https:\/\/afogadosfm.com.br\/afogadosfm\/2025\/07\/02\/entidades-empresariais-pedem-ao-stf-para-manter-decisao-do-congresso-sobre-iof\/\" \/>\n<meta property=\"og:locale\" content=\"pt_BR\" \/>\n<meta property=\"og:type\" content=\"article\" \/>\n<meta property=\"og:title\" content=\"Entidades empresariais pedem ao STF para manter decis\u00e3o do Congresso sobre IOF - Afogados FM\" \/>\n<meta property=\"og:description\" content=\"A Confedera\u00e7\u00e3o Nacional da Ind\u00fastria (CNI), a Confedera\u00e7\u00e3o Nacional do Transporte (CNT) e a Confedera\u00e7\u00e3o Nacional do Com\u00e9rcio (CNC) pediram\" \/>\n<meta property=\"og:url\" content=\"https:\/\/afogadosfm.com.br\/afogadosfm\/2025\/07\/02\/entidades-empresariais-pedem-ao-stf-para-manter-decisao-do-congresso-sobre-iof\/\" \/>\n<meta property=\"og:site_name\" content=\"Afogados FM\" \/>\n<meta property=\"article:published_time\" content=\"2025-07-02T09:32:08+00:00\" \/>\n<meta property=\"article:modified_time\" content=\"2025-07-02T09:32:09+00:00\" \/>\n<meta property=\"og:image\" content=\"https:\/\/afogadosfm.com.br\/afogadosfm\/wp-content\/uploads\/2018\/08\/stf-jus.png\" \/>\n\t<meta property=\"og:image:width\" content=\"407\" \/>\n\t<meta property=\"og:image:height\" content=\"212\" \/>\n\t<meta property=\"og:image:type\" content=\"image\/png\" \/>\n<meta name=\"author\" content=\"afogadosfm\" \/>\n<meta name=\"twitter:card\" content=\"summary_large_image\" \/>\n<meta name=\"twitter:label1\" content=\"Escrito por\" \/>\n\t<meta name=\"twitter:data1\" content=\"afogadosfm\" \/>\n\t<meta name=\"twitter:label2\" content=\"Est. tempo de leitura\" \/>\n\t<meta name=\"twitter:data2\" content=\"2 minutos\" \/>\n<script type=\"application\/ld+json\" class=\"yoast-schema-graph\">{\"@context\":\"https:\\\/\\\/schema.org\",\"@graph\":[{\"@type\":\"Article\",\"@id\":\"https:\\\/\\\/afogadosfm.com.br\\\/afogadosfm\\\/2025\\\/07\\\/02\\\/entidades-empresariais-pedem-ao-stf-para-manter-decisao-do-congresso-sobre-iof\\\/#article\",\"isPartOf\":{\"@id\":\"https:\\\/\\\/afogadosfm.com.br\\\/afogadosfm\\\/2025\\\/07\\\/02\\\/entidades-empresariais-pedem-ao-stf-para-manter-decisao-do-congresso-sobre-iof\\\/\"},\"author\":{\"name\":\"afogadosfm\",\"@id\":\"https:\\\/\\\/afogadosfm.com.br\\\/afogadosfm\\\/#\\\/schema\\\/person\\\/60e56f2cf5dc960fc093fe093d9e9057\"},\"headline\":\"Entidades empresariais pedem ao STF para manter decis\u00e3o do Congresso sobre IOF\",\"datePublished\":\"2025-07-02T09:32:08+00:00\",\"dateModified\":\"2025-07-02T09:32:09+00:00\",\"mainEntityOfPage\":{\"@id\":\"https:\\\/\\\/afogadosfm.com.br\\\/afogadosfm\\\/2025\\\/07\\\/02\\\/entidades-empresariais-pedem-ao-stf-para-manter-decisao-do-congresso-sobre-iof\\\/\"},\"wordCount\":320,\"commentCount\":0,\"publisher\":{\"@id\":\"https:\\\/\\\/afogadosfm.com.br\\\/afogadosfm\\\/#organization\"},\"image\":{\"@id\":\"https:\\\/\\\/afogadosfm.com.br\\\/afogadosfm\\\/2025\\\/07\\\/02\\\/entidades-empresariais-pedem-ao-stf-para-manter-decisao-do-congresso-sobre-iof\\\/#primaryimage\"},\"thumbnailUrl\":\"https:\\\/\\\/i0.wp.com\\\/afogadosfm.com.br\\\/afogadosfm\\\/wp-content\\\/uploads\\\/2018\\\/08\\\/stf-jus.png?fit=407%2C212&ssl=1\",\"articleSection\":[\"Brasil\"],\"inLanguage\":\"pt-BR\",\"potentialAction\":[{\"@type\":\"CommentAction\",\"name\":\"Comment\",\"target\":[\"https:\\\/\\\/afogadosfm.com.br\\\/afogadosfm\\\/2025\\\/07\\\/02\\\/entidades-empresariais-pedem-ao-stf-para-manter-decisao-do-congresso-sobre-iof\\\/#respond\"]}]},{\"@type\":\"WebPage\",\"@id\":\"https:\\\/\\\/afogadosfm.com.br\\\/afogadosfm\\\/2025\\\/07\\\/02\\\/entidades-empresariais-pedem-ao-stf-para-manter-decisao-do-congresso-sobre-iof\\\/\",\"url\":\"https:\\\/\\\/afogadosfm.com.br\\\/afogadosfm\\\/2025\\\/07\\\/02\\\/entidades-empresariais-pedem-ao-stf-para-manter-decisao-do-congresso-sobre-iof\\\/\",\"name\":\"Entidades empresariais pedem ao STF para manter decis\u00e3o do Congresso sobre IOF - Afogados FM\",\"isPartOf\":{\"@id\":\"https:\\\/\\\/afogadosfm.com.br\\\/afogadosfm\\\/#website\"},\"primaryImageOfPage\":{\"@id\":\"https:\\\/\\\/afogadosfm.com.br\\\/afogadosfm\\\/2025\\\/07\\\/02\\\/entidades-empresariais-pedem-ao-stf-para-manter-decisao-do-congresso-sobre-iof\\\/#primaryimage\"},\"image\":{\"@id\":\"https:\\\/\\\/afogadosfm.com.br\\\/afogadosfm\\\/2025\\\/07\\\/02\\\/entidades-empresariais-pedem-ao-stf-para-manter-decisao-do-congresso-sobre-iof\\\/#primaryimage\"},\"thumbnailUrl\":\"https:\\\/\\\/i0.wp.com\\\/afogadosfm.com.br\\\/afogadosfm\\\/wp-content\\\/uploads\\\/2018\\\/08\\\/stf-jus.png?fit=407%2C212&ssl=1\",\"datePublished\":\"2025-07-02T09:32:08+00:00\",\"dateModified\":\"2025-07-02T09:32:09+00:00\",\"breadcrumb\":{\"@id\":\"https:\\\/\\\/afogadosfm.com.br\\\/afogadosfm\\\/2025\\\/07\\\/02\\\/entidades-empresariais-pedem-ao-stf-para-manter-decisao-do-congresso-sobre-iof\\\/#breadcrumb\"},\"inLanguage\":\"pt-BR\",\"potentialAction\":[{\"@type\":\"ReadAction\",\"target\":[\"https:\\\/\\\/afogadosfm.com.br\\\/afogadosfm\\\/2025\\\/07\\\/02\\\/entidades-empresariais-pedem-ao-stf-para-manter-decisao-do-congresso-sobre-iof\\\/\"]}]},{\"@type\":\"ImageObject\",\"inLanguage\":\"pt-BR\",\"@id\":\"https:\\\/\\\/afogadosfm.com.br\\\/afogadosfm\\\/2025\\\/07\\\/02\\\/entidades-empresariais-pedem-ao-stf-para-manter-decisao-do-congresso-sobre-iof\\\/#primaryimage\",\"url\":\"https:\\\/\\\/i0.wp.com\\\/afogadosfm.com.br\\\/afogadosfm\\\/wp-content\\\/uploads\\\/2018\\\/08\\\/stf-jus.png?fit=407%2C212&ssl=1\",\"contentUrl\":\"https:\\\/\\\/i0.wp.com\\\/afogadosfm.com.br\\\/afogadosfm\\\/wp-content\\\/uploads\\\/2018\\\/08\\\/stf-jus.png?fit=407%2C212&ssl=1\",\"width\":407,\"height\":212},{\"@type\":\"BreadcrumbList\",\"@id\":\"https:\\\/\\\/afogadosfm.com.br\\\/afogadosfm\\\/2025\\\/07\\\/02\\\/entidades-empresariais-pedem-ao-stf-para-manter-decisao-do-congresso-sobre-iof\\\/#breadcrumb\",\"itemListElement\":[{\"@type\":\"ListItem\",\"position\":1,\"name\":\"In\u00edcio\",\"item\":\"https:\\\/\\\/afogadosfm.com.br\\\/afogadosfm\\\/\"},{\"@type\":\"ListItem\",\"position\":2,\"name\":\"Entidades empresariais pedem ao STF para manter decis\u00e3o do Congresso sobre IOF\"}]},{\"@type\":\"WebSite\",\"@id\":\"https:\\\/\\\/afogadosfm.com.br\\\/afogadosfm\\\/#website\",\"url\":\"https:\\\/\\\/afogadosfm.com.br\\\/afogadosfm\\\/\",\"name\":\"Afogados FM\",\"description\":\"Um site completo!\",\"publisher\":{\"@id\":\"https:\\\/\\\/afogadosfm.com.br\\\/afogadosfm\\\/#organization\"},\"potentialAction\":[{\"@type\":\"SearchAction\",\"target\":{\"@type\":\"EntryPoint\",\"urlTemplate\":\"https:\\\/\\\/afogadosfm.com.br\\\/afogadosfm\\\/?s={search_term_string}\"},\"query-input\":{\"@type\":\"PropertyValueSpecification\",\"valueRequired\":true,\"valueName\":\"search_term_string\"}}],\"inLanguage\":\"pt-BR\"},{\"@type\":\"Organization\",\"@id\":\"https:\\\/\\\/afogadosfm.com.br\\\/afogadosfm\\\/#organization\",\"name\":\"Afogados FM\",\"url\":\"https:\\\/\\\/afogadosfm.com.br\\\/afogadosfm\\\/\",\"logo\":{\"@type\":\"ImageObject\",\"inLanguage\":\"pt-BR\",\"@id\":\"https:\\\/\\\/afogadosfm.com.br\\\/afogadosfm\\\/#\\\/schema\\\/logo\\\/image\\\/\",\"url\":\"https:\\\/\\\/i0.wp.com\\\/afogadosfm.com.br\\\/afogadosfm\\\/wp-content\\\/uploads\\\/2020\\\/06\\\/cropped-banner-afogados-4.jpg?fit=369%2C137&ssl=1\",\"contentUrl\":\"https:\\\/\\\/i0.wp.com\\\/afogadosfm.com.br\\\/afogadosfm\\\/wp-content\\\/uploads\\\/2020\\\/06\\\/cropped-banner-afogados-4.jpg?fit=369%2C137&ssl=1\",\"width\":369,\"height\":137,\"caption\":\"Afogados FM\"},\"image\":{\"@id\":\"https:\\\/\\\/afogadosfm.com.br\\\/afogadosfm\\\/#\\\/schema\\\/logo\\\/image\\\/\"}},{\"@type\":\"Person\",\"@id\":\"https:\\\/\\\/afogadosfm.com.br\\\/afogadosfm\\\/#\\\/schema\\\/person\\\/60e56f2cf5dc960fc093fe093d9e9057\",\"name\":\"afogadosfm\",\"image\":{\"@type\":\"ImageObject\",\"inLanguage\":\"pt-BR\",\"@id\":\"https:\\\/\\\/secure.gravatar.com\\\/avatar\\\/e0359add7ed5dc3560906d861b52c6a8cf5c1e199d3a7dd85070998f49bd4701?s=96&d=mm&r=g\",\"url\":\"https:\\\/\\\/secure.gravatar.com\\\/avatar\\\/e0359add7ed5dc3560906d861b52c6a8cf5c1e199d3a7dd85070998f49bd4701?s=96&d=mm&r=g\",\"contentUrl\":\"https:\\\/\\\/secure.gravatar.com\\\/avatar\\\/e0359add7ed5dc3560906d861b52c6a8cf5c1e199d3a7dd85070998f49bd4701?s=96&d=mm&r=g\",\"caption\":\"afogadosfm\"},\"url\":\"https:\\\/\\\/afogadosfm.com.br\\\/afogadosfm\\\/author\\\/afogadosfm\\\/\"}]}<\/script>\n<!-- \/ Yoast SEO plugin. -->","yoast_head_json":{"title":"Entidades empresariais pedem ao STF para manter decis\u00e3o do Congresso sobre IOF - Afogados FM","robots":{"index":"index","follow":"follow","max-snippet":"max-snippet:-1","max-image-preview":"max-image-preview:large","max-video-preview":"max-video-preview:-1"},"canonical":"https:\/\/afogadosfm.com.br\/afogadosfm\/2025\/07\/02\/entidades-empresariais-pedem-ao-stf-para-manter-decisao-do-congresso-sobre-iof\/","og_locale":"pt_BR","og_type":"article","og_title":"Entidades empresariais pedem ao STF para manter decis\u00e3o do Congresso sobre IOF - Afogados FM","og_description":"A Confedera\u00e7\u00e3o Nacional da Ind\u00fastria (CNI), a Confedera\u00e7\u00e3o Nacional do Transporte (CNT) e a Confedera\u00e7\u00e3o Nacional do Com\u00e9rcio (CNC) pediram","og_url":"https:\/\/afogadosfm.com.br\/afogadosfm\/2025\/07\/02\/entidades-empresariais-pedem-ao-stf-para-manter-decisao-do-congresso-sobre-iof\/","og_site_name":"Afogados FM","article_published_time":"2025-07-02T09:32:08+00:00","article_modified_time":"2025-07-02T09:32:09+00:00","og_image":[{"width":407,"height":212,"url":"https:\/\/afogadosfm.com.br\/afogadosfm\/wp-content\/uploads\/2018\/08\/stf-jus.png","type":"image\/png"}],"author":"afogadosfm","twitter_card":"summary_large_image","twitter_misc":{"Escrito por":"afogadosfm","Est. tempo de leitura":"2 minutos"},"schema":{"@context":"https:\/\/schema.org","@graph":[{"@type":"Article","@id":"https:\/\/afogadosfm.com.br\/afogadosfm\/2025\/07\/02\/entidades-empresariais-pedem-ao-stf-para-manter-decisao-do-congresso-sobre-iof\/#article","isPartOf":{"@id":"https:\/\/afogadosfm.com.br\/afogadosfm\/2025\/07\/02\/entidades-empresariais-pedem-ao-stf-para-manter-decisao-do-congresso-sobre-iof\/"},"author":{"name":"afogadosfm","@id":"https:\/\/afogadosfm.com.br\/afogadosfm\/#\/schema\/person\/60e56f2cf5dc960fc093fe093d9e9057"},"headline":"Entidades empresariais pedem ao STF para manter decis\u00e3o do Congresso sobre IOF","datePublished":"2025-07-02T09:32:08+00:00","dateModified":"2025-07-02T09:32:09+00:00","mainEntityOfPage":{"@id":"https:\/\/afogadosfm.com.br\/afogadosfm\/2025\/07\/02\/entidades-empresariais-pedem-ao-stf-para-manter-decisao-do-congresso-sobre-iof\/"},"wordCount":320,"commentCount":0,"publisher":{"@id":"https:\/\/afogadosfm.com.br\/afogadosfm\/#organization"},"image":{"@id":"https:\/\/afogadosfm.com.br\/afogadosfm\/2025\/07\/02\/entidades-empresariais-pedem-ao-stf-para-manter-decisao-do-congresso-sobre-iof\/#primaryimage"},"thumbnailUrl":"https:\/\/i0.wp.com\/afogadosfm.com.br\/afogadosfm\/wp-content\/uploads\/2018\/08\/stf-jus.png?fit=407%2C212&ssl=1","articleSection":["Brasil"],"inLanguage":"pt-BR","potentialAction":[{"@type":"CommentAction","name":"Comment","target":["https:\/\/afogadosfm.com.br\/afogadosfm\/2025\/07\/02\/entidades-empresariais-pedem-ao-stf-para-manter-decisao-do-congresso-sobre-iof\/#respond"]}]},{"@type":"WebPage","@id":"https:\/\/afogadosfm.com.br\/afogadosfm\/2025\/07\/02\/entidades-empresariais-pedem-ao-stf-para-manter-decisao-do-congresso-sobre-iof\/","url":"https:\/\/afogadosfm.com.br\/afogadosfm\/2025\/07\/02\/entidades-empresariais-pedem-ao-stf-para-manter-decisao-do-congresso-sobre-iof\/","name":"Entidades empresariais pedem ao STF para manter decis\u00e3o do Congresso sobre IOF - Afogados FM","isPartOf":{"@id":"https:\/\/afogadosfm.com.br\/afogadosfm\/#website"},"primaryImageOfPage":{"@id":"https:\/\/afogadosfm.com.br\/afogadosfm\/2025\/07\/02\/entidades-empresariais-pedem-ao-stf-para-manter-decisao-do-congresso-sobre-iof\/#primaryimage"},"image":{"@id":"https:\/\/afogadosfm.com.br\/afogadosfm\/2025\/07\/02\/entidades-empresariais-pedem-ao-stf-para-manter-decisao-do-congresso-sobre-iof\/#primaryimage"},"thumbnailUrl":"https:\/\/i0.wp.com\/afogadosfm.com.br\/afogadosfm\/wp-content\/uploads\/2018\/08\/stf-jus.png?fit=407%2C212&ssl=1","datePublished":"2025-07-02T09:32:08+00:00","dateModified":"2025-07-02T09:32:09+00:00","breadcrumb":{"@id":"https:\/\/afogadosfm.com.br\/afogadosfm\/2025\/07\/02\/entidades-empresariais-pedem-ao-stf-para-manter-decisao-do-congresso-sobre-iof\/#breadcrumb"},"inLanguage":"pt-BR","potentialAction":[{"@type":"ReadAction","target":["https:\/\/afogadosfm.com.br\/afogadosfm\/2025\/07\/02\/entidades-empresariais-pedem-ao-stf-para-manter-decisao-do-congresso-sobre-iof\/"]}]},{"@type":"ImageObject","inLanguage":"pt-BR","@id":"https:\/\/afogadosfm.com.br\/afogadosfm\/2025\/07\/02\/entidades-empresariais-pedem-ao-stf-para-manter-decisao-do-congresso-sobre-iof\/#primaryimage","url":"https:\/\/i0.wp.com\/afogadosfm.com.br\/afogadosfm\/wp-content\/uploads\/2018\/08\/stf-jus.png?fit=407%2C212&ssl=1","contentUrl":"https:\/\/i0.wp.com\/afogadosfm.com.br\/afogadosfm\/wp-content\/uploads\/2018\/08\/stf-jus.png?fit=407%2C212&ssl=1","width":407,"height":212},{"@type":"BreadcrumbList","@id":"https:\/\/afogadosfm.com.br\/afogadosfm\/2025\/07\/02\/entidades-empresariais-pedem-ao-stf-para-manter-decisao-do-congresso-sobre-iof\/#breadcrumb","itemListElement":[{"@type":"ListItem","position":1,"name":"In\u00edcio","item":"https:\/\/afogadosfm.com.br\/afogadosfm\/"},{"@type":"ListItem","position":2,"name":"Entidades empresariais pedem ao STF para manter decis\u00e3o do Congresso sobre IOF"}]},{"@type":"WebSite","@id":"https:\/\/afogadosfm.com.br\/afogadosfm\/#website","url":"https:\/\/afogadosfm.com.br\/afogadosfm\/","name":"Afogados FM","description":"Um site completo!","publisher":{"@id":"https:\/\/afogadosfm.com.br\/afogadosfm\/#organization"},"potentialAction":[{"@type":"SearchAction","target":{"@type":"EntryPoint","urlTemplate":"https:\/\/afogadosfm.com.br\/afogadosfm\/?s={search_term_string}"},"query-input":{"@type":"PropertyValueSpecification","valueRequired":true,"valueName":"search_term_string"}}],"inLanguage":"pt-BR"},{"@type":"Organization","@id":"https:\/\/afogadosfm.com.br\/afogadosfm\/#organization","name":"Afogados FM","url":"https:\/\/afogadosfm.com.br\/afogadosfm\/","logo":{"@type":"ImageObject","inLanguage":"pt-BR","@id":"https:\/\/afogadosfm.com.br\/afogadosfm\/#\/schema\/logo\/image\/","url":"https:\/\/i0.wp.com\/afogadosfm.com.br\/afogadosfm\/wp-content\/uploads\/2020\/06\/cropped-banner-afogados-4.jpg?fit=369%2C137&ssl=1","contentUrl":"https:\/\/i0.wp.com\/afogadosfm.com.br\/afogadosfm\/wp-content\/uploads\/2020\/06\/cropped-banner-afogados-4.jpg?fit=369%2C137&ssl=1","width":369,"height":137,"caption":"Afogados FM"},"image":{"@id":"https:\/\/afogadosfm.com.br\/afogadosfm\/#\/schema\/logo\/image\/"}},{"@type":"Person","@id":"https:\/\/afogadosfm.com.br\/afogadosfm\/#\/schema\/person\/60e56f2cf5dc960fc093fe093d9e9057","name":"afogadosfm","image":{"@type":"ImageObject","inLanguage":"pt-BR","@id":"https:\/\/secure.gravatar.com\/avatar\/e0359add7ed5dc3560906d861b52c6a8cf5c1e199d3a7dd85070998f49bd4701?s=96&d=mm&r=g","url":"https:\/\/secure.gravatar.com\/avatar\/e0359add7ed5dc3560906d861b52c6a8cf5c1e199d3a7dd85070998f49bd4701?s=96&d=mm&r=g","contentUrl":"https:\/\/secure.gravatar.com\/avatar\/e0359add7ed5dc3560906d861b52c6a8cf5c1e199d3a7dd85070998f49bd4701?s=96&d=mm&r=g","caption":"afogadosfm"},"url":"https:\/\/afogadosfm.com.br\/afogadosfm\/author\/afogadosfm\/"}]}},"jetpack_publicize_connections":[],"jetpack_featured_media_url":"https:\/\/i0.wp.com\/afogadosfm.com.br\/afogadosfm\/wp-content\/uploads\/2018\/08\/stf-jus.png?fit=407%2C212&ssl=1","jetpack-related-posts":[],"jetpack_sharing_enabled":true,"jetpack_likes_enabled":true,"_links":{"self":[{"href":"https:\/\/afogadosfm.com.br\/afogadosfm\/wp-json\/wp\/v2\/posts\/67069","targetHints":{"allow":["GET"]}}],"collection":[{"href":"https:\/\/afogadosfm.com.br\/afogadosfm\/wp-json\/wp\/v2\/posts"}],"about":[{"href":"https:\/\/afogadosfm.com.br\/afogadosfm\/wp-json\/wp\/v2\/types\/post"}],"author":[{"embeddable":true,"href":"https:\/\/afogadosfm.com.br\/afogadosfm\/wp-json\/wp\/v2\/users\/2"}],"replies":[{"embeddable":true,"href":"https:\/\/afogadosfm.com.br\/afogadosfm\/wp-json\/wp\/v2\/comments?post=67069"}],"version-history":[{"count":1,"href":"https:\/\/afogadosfm.com.br\/afogadosfm\/wp-json\/wp\/v2\/posts\/67069\/revisions"}],"predecessor-version":[{"id":67070,"href":"https:\/\/afogadosfm.com.br\/afogadosfm\/wp-json\/wp\/v2\/posts\/67069\/revisions\/67070"}],"wp:featuredmedia":[{"embeddable":true,"href":"https:\/\/afogadosfm.com.br\/afogadosfm\/wp-json\/wp\/v2\/media\/5859"}],"wp:attachment":[{"href":"https:\/\/afogadosfm.com.br\/afogadosfm\/wp-json\/wp\/v2\/media?parent=67069"}],"wp:term":[{"taxonomy":"category","embeddable":true,"href":"https:\/\/afogadosfm.com.br\/afogadosfm\/wp-json\/wp\/v2\/categories?post=67069"},{"taxonomy":"post_tag","embeddable":true,"href":"https:\/\/afogadosfm.com.br\/afogadosfm\/wp-json\/wp\/v2\/tags?post=67069"}],"curies":[{"name":"wp","href":"https:\/\/api.w.org\/{rel}","templated":true}]}}