{"id":67074,"date":"2025-07-02T06:59:52","date_gmt":"2025-07-02T09:59:52","guid":{"rendered":"https:\/\/afogadosfm.com.br\/afogadosfm\/?p=67074"},"modified":"2025-07-02T06:59:53","modified_gmt":"2025-07-02T09:59:53","slug":"serra-talhada-raquel-lyra-inicia-degola-de-aliados-de-marcia","status":"publish","type":"post","link":"https:\/\/afogadosfm.com.br\/afogadosfm\/2025\/07\/02\/serra-talhada-raquel-lyra-inicia-degola-de-aliados-de-marcia\/","title":{"rendered":"Serra Talhada: Raquel Lyra inicia \u201cdegola\u201d de aliados de M\u00e1rcia\u00a0"},"content":{"rendered":"\n<p>A pol\u00edtica de Serra Talhada ganha novos contornos com a tramita\u00e7\u00e3o, na C\u00e2mara de Vereadores, das contas referentes ao exerc\u00edcio de 2019 do ex-prefeito e atual deputado estadual Luciano Duque (SD). Aprovadas com ressalvas pelo Tribunal de Contas do Estado (TCE-PE), as contas agora dependem da vota\u00e7\u00e3o dos parlamentares, e o clima nos bastidores \u00e9 de tens\u00e3o, movimenta\u00e7\u00e3o intensa e reviravoltas a cada semana.<\/p>\n\n\n\n<p>At\u00e9 ent\u00e3o, os bastidores apontam que a prefeita M\u00e1rcia Conrado (PT) vinha articulando com firmeza a rejei\u00e7\u00e3o das contas do seu principal advers\u00e1rio pol\u00edtico. Contava, para isso, com o apoio da base e de aliados estrat\u00e9gicos, incluindo vereadores que mant\u00eam indica\u00e7\u00f5es pol\u00edticas em cargos do Governo do Estado; estruturas conquistadas ainda sob o alinhamento com a governadora Raquel Lyra.<\/p>\n\n\n\n<p>Mas tudo mudou.<\/p>\n\n\n\n<p>Nos bastidores, a informa\u00e7\u00e3o que circula \u00e9 que a governadora come\u00e7ou a \u201cdegola\u201d dos indicados ligados \u00e0 prefeita M\u00e1rcia Conrado. A primeira exonera\u00e7\u00e3o confirmada foi a de L\u00e9o, diretor do Hospital HOSPAM e aliado de primeira ordem da gestora municipal. Segundo apura\u00e7\u00e3o do blog, a tend\u00eancia agora \u00e9 de um verdadeiro \u201cpente-fino\u201d: nenhuma indica\u00e7\u00e3o de M\u00e1rcia deve sobreviver no Governo do Estado.<\/p>\n\n\n\n<p>A leitura pol\u00edtica \u00e9 clara: Raquel Lyra, agora mais pr\u00f3xima de Luciano Duque, com quem comp\u00f5e base na Assembleia Legislativa, estaria retribuindo apoio pol\u00edtico com espa\u00e7o e caneta. O resultado? Um racha institucional que afeta diretamente a correla\u00e7\u00e3o de for\u00e7as na C\u00e2mara.<\/p>\n\n\n\n<p>O fator cargos pesa.<\/p>\n\n\n\n<p>Dos 17 vereadores de Serra Talhada, boa parte mant\u00e9m indica\u00e7\u00f5es no Governo do Estado, sob tutela da pr\u00f3pria prefeita. Com a movimenta\u00e7\u00e3o de Raquel Lyra, muitos desses vereadores podem come\u00e7ar a balan\u00e7ar e, consequentemente, o placar, que antes apontava para a rejei\u00e7\u00e3o das contas de Duque, j\u00e1 come\u00e7a a virar.<\/p>\n\n\n\n<p>Outro personagem central nesse tabuleiro \u00e9 o vereador Romero. Em determinado momento, chegou a ensaiar voto favor\u00e1vel \u00e0 aprova\u00e7\u00e3o das contas de Duque. Ap\u00f3s conversas com o secret\u00e1rio de Governo, Allan Pereira, e com a pr\u00f3pria prefeita M\u00e1rcia Conrado, teria recuado. Por\u00e9m, agora, com o novo cen\u00e1rio, tudo pode mudar mais uma vez. Romero adiantou ao blog que reassume sua cadeira para participar da vota\u00e7\u00e3o.<\/p>\n\n\n\n<p>Quem se manifestou, em tom tranquilo e bem-humorado, foi o vereador Rosim\u00e9rio de Cuca (PT). Ap\u00f3s provoca\u00e7\u00f5es no grupo de WhatsApp, ele respondeu com uma frase que rapidamente repercutiu: \u201c\u00c9 tr\u00eas sapatos: dois no p\u00e9 e um na bunda\u201d. A fala, interpretada como uma brincadeira, reflete de forma direta e realista o desconforto com o cen\u00e1rio pol\u00edtico atual, marcado pelas exonera\u00e7\u00f5es de aliados da prefeita M\u00e1rcia Conrado no Governo do Estado.<\/p>\n\n\n\n<p>Com exonera\u00e7\u00f5es j\u00e1 iniciadas e poss\u00edveis novas baixas, o governo M\u00e1rcia corre risco de perder votos fundamentais. E o que antes parecia certo ( a rejei\u00e7\u00e3o das contas de Duque) agora entra em xeque.<\/p>\n\n\n\n<p>Nas palavras sempre certeiras do meu amigo Francys Maya: quem viver, ver\u00e1.<\/p>\n\n\n\n<p>do Junior Campos<\/p>\n","protected":false},"excerpt":{"rendered":"<p>A pol\u00edtica de Serra Talhada ganha novos contornos com a tramita\u00e7\u00e3o, na C\u00e2mara de Vereadores, das contas referentes ao exerc\u00edcio<\/p>\n","protected":false},"author":2,"featured_media":67075,"comment_status":"open","ping_status":"open","sticky":false,"template":"","format":"standard","meta":{"jetpack_post_was_ever_published":false,"_jetpack_newsletter_access":"","_jetpack_dont_email_post_to_subs":false,"_jetpack_newsletter_tier_id":0,"_jetpack_memberships_contains_paywalled_content":false,"_jetpack_memberships_contains_paid_content":false,"footnotes":"","jetpack_publicize_message":"","jetpack_publicize_feature_enabled":true,"jetpack_social_post_already_shared":true,"jetpack_social_options":{"image_generator_settings":{"template":"highway","default_image_id":0,"font":"","enabled":false},"version":2}},"categories":[35],"tags":[],"class_list":["post-67074","post","type-post","status-publish","format-standard","has-post-thumbnail","hentry","category-politica"],"yoast_head":"<!-- This site is optimized with the Yoast SEO plugin v27.5 - https:\/\/yoast.com\/product\/yoast-seo-wordpress\/ -->\n<title>Serra Talhada: Raquel Lyra inicia \u201cdegola\u201d de aliados de M\u00e1rcia\u00a0 - Afogados FM<\/title>\n<meta name=\"robots\" content=\"index, follow, max-snippet:-1, max-image-preview:large, max-video-preview:-1\" \/>\n<link rel=\"canonical\" href=\"https:\/\/afogadosfm.com.br\/afogadosfm\/2025\/07\/02\/serra-talhada-raquel-lyra-inicia-degola-de-aliados-de-marcia\/\" \/>\n<meta property=\"og:locale\" content=\"pt_BR\" \/>\n<meta property=\"og:type\" content=\"article\" \/>\n<meta property=\"og:title\" content=\"Serra Talhada: Raquel Lyra inicia \u201cdegola\u201d de aliados de M\u00e1rcia\u00a0 - Afogados FM\" \/>\n<meta property=\"og:description\" content=\"A pol\u00edtica de Serra Talhada ganha novos contornos com a tramita\u00e7\u00e3o, na C\u00e2mara de Vereadores, das contas referentes ao exerc\u00edcio\" \/>\n<meta property=\"og:url\" content=\"https:\/\/afogadosfm.com.br\/afogadosfm\/2025\/07\/02\/serra-talhada-raquel-lyra-inicia-degola-de-aliados-de-marcia\/\" \/>\n<meta property=\"og:site_name\" content=\"Afogados FM\" \/>\n<meta property=\"article:published_time\" content=\"2025-07-02T09:59:52+00:00\" \/>\n<meta property=\"article:modified_time\" content=\"2025-07-02T09:59:53+00:00\" \/>\n<meta property=\"og:image\" content=\"https:\/\/afogadosfm.com.br\/afogadosfm\/wp-content\/uploads\/2025\/07\/img_8713-1.jpg\" \/>\n\t<meta property=\"og:image:width\" content=\"1284\" \/>\n\t<meta property=\"og:image:height\" content=\"706\" \/>\n\t<meta property=\"og:image:type\" content=\"image\/jpeg\" \/>\n<meta name=\"author\" content=\"afogadosfm\" \/>\n<meta name=\"twitter:card\" content=\"summary_large_image\" \/>\n<meta name=\"twitter:label1\" content=\"Escrito por\" \/>\n\t<meta name=\"twitter:data1\" content=\"afogadosfm\" \/>\n\t<meta name=\"twitter:label2\" content=\"Est. tempo de leitura\" \/>\n\t<meta name=\"twitter:data2\" content=\"3 minutos\" \/>\n<script type=\"application\/ld+json\" class=\"yoast-schema-graph\">{\"@context\":\"https:\\\/\\\/schema.org\",\"@graph\":[{\"@type\":\"Article\",\"@id\":\"https:\\\/\\\/afogadosfm.com.br\\\/afogadosfm\\\/2025\\\/07\\\/02\\\/serra-talhada-raquel-lyra-inicia-degola-de-aliados-de-marcia\\\/#article\",\"isPartOf\":{\"@id\":\"https:\\\/\\\/afogadosfm.com.br\\\/afogadosfm\\\/2025\\\/07\\\/02\\\/serra-talhada-raquel-lyra-inicia-degola-de-aliados-de-marcia\\\/\"},\"author\":{\"name\":\"afogadosfm\",\"@id\":\"https:\\\/\\\/afogadosfm.com.br\\\/afogadosfm\\\/#\\\/schema\\\/person\\\/60e56f2cf5dc960fc093fe093d9e9057\"},\"headline\":\"Serra Talhada: Raquel Lyra inicia \u201cdegola\u201d de aliados de M\u00e1rcia\u00a0\",\"datePublished\":\"2025-07-02T09:59:52+00:00\",\"dateModified\":\"2025-07-02T09:59:53+00:00\",\"mainEntityOfPage\":{\"@id\":\"https:\\\/\\\/afogadosfm.com.br\\\/afogadosfm\\\/2025\\\/07\\\/02\\\/serra-talhada-raquel-lyra-inicia-degola-de-aliados-de-marcia\\\/\"},\"wordCount\":531,\"commentCount\":0,\"publisher\":{\"@id\":\"https:\\\/\\\/afogadosfm.com.br\\\/afogadosfm\\\/#organization\"},\"image\":{\"@id\":\"https:\\\/\\\/afogadosfm.com.br\\\/afogadosfm\\\/2025\\\/07\\\/02\\\/serra-talhada-raquel-lyra-inicia-degola-de-aliados-de-marcia\\\/#primaryimage\"},\"thumbnailUrl\":\"https:\\\/\\\/i0.wp.com\\\/afogadosfm.com.br\\\/afogadosfm\\\/wp-content\\\/uploads\\\/2025\\\/07\\\/img_8713-1.jpg?fit=1284%2C706&ssl=1\",\"articleSection\":[\"Pol\u00edtica\"],\"inLanguage\":\"pt-BR\",\"potentialAction\":[{\"@type\":\"CommentAction\",\"name\":\"Comment\",\"target\":[\"https:\\\/\\\/afogadosfm.com.br\\\/afogadosfm\\\/2025\\\/07\\\/02\\\/serra-talhada-raquel-lyra-inicia-degola-de-aliados-de-marcia\\\/#respond\"]}]},{\"@type\":\"WebPage\",\"@id\":\"https:\\\/\\\/afogadosfm.com.br\\\/afogadosfm\\\/2025\\\/07\\\/02\\\/serra-talhada-raquel-lyra-inicia-degola-de-aliados-de-marcia\\\/\",\"url\":\"https:\\\/\\\/afogadosfm.com.br\\\/afogadosfm\\\/2025\\\/07\\\/02\\\/serra-talhada-raquel-lyra-inicia-degola-de-aliados-de-marcia\\\/\",\"name\":\"Serra Talhada: Raquel Lyra inicia \u201cdegola\u201d de aliados de M\u00e1rcia\u00a0 - Afogados FM\",\"isPartOf\":{\"@id\":\"https:\\\/\\\/afogadosfm.com.br\\\/afogadosfm\\\/#website\"},\"primaryImageOfPage\":{\"@id\":\"https:\\\/\\\/afogadosfm.com.br\\\/afogadosfm\\\/2025\\\/07\\\/02\\\/serra-talhada-raquel-lyra-inicia-degola-de-aliados-de-marcia\\\/#primaryimage\"},\"image\":{\"@id\":\"https:\\\/\\\/afogadosfm.com.br\\\/afogadosfm\\\/2025\\\/07\\\/02\\\/serra-talhada-raquel-lyra-inicia-degola-de-aliados-de-marcia\\\/#primaryimage\"},\"thumbnailUrl\":\"https:\\\/\\\/i0.wp.com\\\/afogadosfm.com.br\\\/afogadosfm\\\/wp-content\\\/uploads\\\/2025\\\/07\\\/img_8713-1.jpg?fit=1284%2C706&ssl=1\",\"datePublished\":\"2025-07-02T09:59:52+00:00\",\"dateModified\":\"2025-07-02T09:59:53+00:00\",\"breadcrumb\":{\"@id\":\"https:\\\/\\\/afogadosfm.com.br\\\/afogadosfm\\\/2025\\\/07\\\/02\\\/serra-talhada-raquel-lyra-inicia-degola-de-aliados-de-marcia\\\/#breadcrumb\"},\"inLanguage\":\"pt-BR\",\"potentialAction\":[{\"@type\":\"ReadAction\",\"target\":[\"https:\\\/\\\/afogadosfm.com.br\\\/afogadosfm\\\/2025\\\/07\\\/02\\\/serra-talhada-raquel-lyra-inicia-degola-de-aliados-de-marcia\\\/\"]}]},{\"@type\":\"ImageObject\",\"inLanguage\":\"pt-BR\",\"@id\":\"https:\\\/\\\/afogadosfm.com.br\\\/afogadosfm\\\/2025\\\/07\\\/02\\\/serra-talhada-raquel-lyra-inicia-degola-de-aliados-de-marcia\\\/#primaryimage\",\"url\":\"https:\\\/\\\/i0.wp.com\\\/afogadosfm.com.br\\\/afogadosfm\\\/wp-content\\\/uploads\\\/2025\\\/07\\\/img_8713-1.jpg?fit=1284%2C706&ssl=1\",\"contentUrl\":\"https:\\\/\\\/i0.wp.com\\\/afogadosfm.com.br\\\/afogadosfm\\\/wp-content\\\/uploads\\\/2025\\\/07\\\/img_8713-1.jpg?fit=1284%2C706&ssl=1\",\"width\":1284,\"height\":706},{\"@type\":\"BreadcrumbList\",\"@id\":\"https:\\\/\\\/afogadosfm.com.br\\\/afogadosfm\\\/2025\\\/07\\\/02\\\/serra-talhada-raquel-lyra-inicia-degola-de-aliados-de-marcia\\\/#breadcrumb\",\"itemListElement\":[{\"@type\":\"ListItem\",\"position\":1,\"name\":\"In\u00edcio\",\"item\":\"https:\\\/\\\/afogadosfm.com.br\\\/afogadosfm\\\/\"},{\"@type\":\"ListItem\",\"position\":2,\"name\":\"Serra Talhada: Raquel Lyra inicia \u201cdegola\u201d de aliados de M\u00e1rcia\u00a0\"}]},{\"@type\":\"WebSite\",\"@id\":\"https:\\\/\\\/afogadosfm.com.br\\\/afogadosfm\\\/#website\",\"url\":\"https:\\\/\\\/afogadosfm.com.br\\\/afogadosfm\\\/\",\"name\":\"Afogados FM\",\"description\":\"Um site completo!\",\"publisher\":{\"@id\":\"https:\\\/\\\/afogadosfm.com.br\\\/afogadosfm\\\/#organization\"},\"potentialAction\":[{\"@type\":\"SearchAction\",\"target\":{\"@type\":\"EntryPoint\",\"urlTemplate\":\"https:\\\/\\\/afogadosfm.com.br\\\/afogadosfm\\\/?s={search_term_string}\"},\"query-input\":{\"@type\":\"PropertyValueSpecification\",\"valueRequired\":true,\"valueName\":\"search_term_string\"}}],\"inLanguage\":\"pt-BR\"},{\"@type\":\"Organization\",\"@id\":\"https:\\\/\\\/afogadosfm.com.br\\\/afogadosfm\\\/#organization\",\"name\":\"Afogados FM\",\"url\":\"https:\\\/\\\/afogadosfm.com.br\\\/afogadosfm\\\/\",\"logo\":{\"@type\":\"ImageObject\",\"inLanguage\":\"pt-BR\",\"@id\":\"https:\\\/\\\/afogadosfm.com.br\\\/afogadosfm\\\/#\\\/schema\\\/logo\\\/image\\\/\",\"url\":\"https:\\\/\\\/i0.wp.com\\\/afogadosfm.com.br\\\/afogadosfm\\\/wp-content\\\/uploads\\\/2020\\\/06\\\/cropped-banner-afogados-4.jpg?fit=369%2C137&ssl=1\",\"contentUrl\":\"https:\\\/\\\/i0.wp.com\\\/afogadosfm.com.br\\\/afogadosfm\\\/wp-content\\\/uploads\\\/2020\\\/06\\\/cropped-banner-afogados-4.jpg?fit=369%2C137&ssl=1\",\"width\":369,\"height\":137,\"caption\":\"Afogados FM\"},\"image\":{\"@id\":\"https:\\\/\\\/afogadosfm.com.br\\\/afogadosfm\\\/#\\\/schema\\\/logo\\\/image\\\/\"}},{\"@type\":\"Person\",\"@id\":\"https:\\\/\\\/afogadosfm.com.br\\\/afogadosfm\\\/#\\\/schema\\\/person\\\/60e56f2cf5dc960fc093fe093d9e9057\",\"name\":\"afogadosfm\",\"image\":{\"@type\":\"ImageObject\",\"inLanguage\":\"pt-BR\",\"@id\":\"https:\\\/\\\/secure.gravatar.com\\\/avatar\\\/e0359add7ed5dc3560906d861b52c6a8cf5c1e199d3a7dd85070998f49bd4701?s=96&d=mm&r=g\",\"url\":\"https:\\\/\\\/secure.gravatar.com\\\/avatar\\\/e0359add7ed5dc3560906d861b52c6a8cf5c1e199d3a7dd85070998f49bd4701?s=96&d=mm&r=g\",\"contentUrl\":\"https:\\\/\\\/secure.gravatar.com\\\/avatar\\\/e0359add7ed5dc3560906d861b52c6a8cf5c1e199d3a7dd85070998f49bd4701?s=96&d=mm&r=g\",\"caption\":\"afogadosfm\"},\"url\":\"https:\\\/\\\/afogadosfm.com.br\\\/afogadosfm\\\/author\\\/afogadosfm\\\/\"}]}<\/script>\n<!-- \/ Yoast SEO plugin. -->","yoast_head_json":{"title":"Serra Talhada: Raquel Lyra inicia \u201cdegola\u201d de aliados de M\u00e1rcia\u00a0 - Afogados FM","robots":{"index":"index","follow":"follow","max-snippet":"max-snippet:-1","max-image-preview":"max-image-preview:large","max-video-preview":"max-video-preview:-1"},"canonical":"https:\/\/afogadosfm.com.br\/afogadosfm\/2025\/07\/02\/serra-talhada-raquel-lyra-inicia-degola-de-aliados-de-marcia\/","og_locale":"pt_BR","og_type":"article","og_title":"Serra Talhada: Raquel Lyra inicia \u201cdegola\u201d de aliados de M\u00e1rcia\u00a0 - Afogados FM","og_description":"A pol\u00edtica de Serra Talhada ganha novos contornos com a tramita\u00e7\u00e3o, na C\u00e2mara de Vereadores, das contas referentes ao exerc\u00edcio","og_url":"https:\/\/afogadosfm.com.br\/afogadosfm\/2025\/07\/02\/serra-talhada-raquel-lyra-inicia-degola-de-aliados-de-marcia\/","og_site_name":"Afogados FM","article_published_time":"2025-07-02T09:59:52+00:00","article_modified_time":"2025-07-02T09:59:53+00:00","og_image":[{"width":1284,"height":706,"url":"https:\/\/afogadosfm.com.br\/afogadosfm\/wp-content\/uploads\/2025\/07\/img_8713-1.jpg","type":"image\/jpeg"}],"author":"afogadosfm","twitter_card":"summary_large_image","twitter_misc":{"Escrito por":"afogadosfm","Est. tempo de leitura":"3 minutos"},"schema":{"@context":"https:\/\/schema.org","@graph":[{"@type":"Article","@id":"https:\/\/afogadosfm.com.br\/afogadosfm\/2025\/07\/02\/serra-talhada-raquel-lyra-inicia-degola-de-aliados-de-marcia\/#article","isPartOf":{"@id":"https:\/\/afogadosfm.com.br\/afogadosfm\/2025\/07\/02\/serra-talhada-raquel-lyra-inicia-degola-de-aliados-de-marcia\/"},"author":{"name":"afogadosfm","@id":"https:\/\/afogadosfm.com.br\/afogadosfm\/#\/schema\/person\/60e56f2cf5dc960fc093fe093d9e9057"},"headline":"Serra Talhada: Raquel Lyra inicia \u201cdegola\u201d de aliados de M\u00e1rcia\u00a0","datePublished":"2025-07-02T09:59:52+00:00","dateModified":"2025-07-02T09:59:53+00:00","mainEntityOfPage":{"@id":"https:\/\/afogadosfm.com.br\/afogadosfm\/2025\/07\/02\/serra-talhada-raquel-lyra-inicia-degola-de-aliados-de-marcia\/"},"wordCount":531,"commentCount":0,"publisher":{"@id":"https:\/\/afogadosfm.com.br\/afogadosfm\/#organization"},"image":{"@id":"https:\/\/afogadosfm.com.br\/afogadosfm\/2025\/07\/02\/serra-talhada-raquel-lyra-inicia-degola-de-aliados-de-marcia\/#primaryimage"},"thumbnailUrl":"https:\/\/i0.wp.com\/afogadosfm.com.br\/afogadosfm\/wp-content\/uploads\/2025\/07\/img_8713-1.jpg?fit=1284%2C706&ssl=1","articleSection":["Pol\u00edtica"],"inLanguage":"pt-BR","potentialAction":[{"@type":"CommentAction","name":"Comment","target":["https:\/\/afogadosfm.com.br\/afogadosfm\/2025\/07\/02\/serra-talhada-raquel-lyra-inicia-degola-de-aliados-de-marcia\/#respond"]}]},{"@type":"WebPage","@id":"https:\/\/afogadosfm.com.br\/afogadosfm\/2025\/07\/02\/serra-talhada-raquel-lyra-inicia-degola-de-aliados-de-marcia\/","url":"https:\/\/afogadosfm.com.br\/afogadosfm\/2025\/07\/02\/serra-talhada-raquel-lyra-inicia-degola-de-aliados-de-marcia\/","name":"Serra Talhada: Raquel Lyra inicia \u201cdegola\u201d de aliados de M\u00e1rcia\u00a0 - Afogados FM","isPartOf":{"@id":"https:\/\/afogadosfm.com.br\/afogadosfm\/#website"},"primaryImageOfPage":{"@id":"https:\/\/afogadosfm.com.br\/afogadosfm\/2025\/07\/02\/serra-talhada-raquel-lyra-inicia-degola-de-aliados-de-marcia\/#primaryimage"},"image":{"@id":"https:\/\/afogadosfm.com.br\/afogadosfm\/2025\/07\/02\/serra-talhada-raquel-lyra-inicia-degola-de-aliados-de-marcia\/#primaryimage"},"thumbnailUrl":"https:\/\/i0.wp.com\/afogadosfm.com.br\/afogadosfm\/wp-content\/uploads\/2025\/07\/img_8713-1.jpg?fit=1284%2C706&ssl=1","datePublished":"2025-07-02T09:59:52+00:00","dateModified":"2025-07-02T09:59:53+00:00","breadcrumb":{"@id":"https:\/\/afogadosfm.com.br\/afogadosfm\/2025\/07\/02\/serra-talhada-raquel-lyra-inicia-degola-de-aliados-de-marcia\/#breadcrumb"},"inLanguage":"pt-BR","potentialAction":[{"@type":"ReadAction","target":["https:\/\/afogadosfm.com.br\/afogadosfm\/2025\/07\/02\/serra-talhada-raquel-lyra-inicia-degola-de-aliados-de-marcia\/"]}]},{"@type":"ImageObject","inLanguage":"pt-BR","@id":"https:\/\/afogadosfm.com.br\/afogadosfm\/2025\/07\/02\/serra-talhada-raquel-lyra-inicia-degola-de-aliados-de-marcia\/#primaryimage","url":"https:\/\/i0.wp.com\/afogadosfm.com.br\/afogadosfm\/wp-content\/uploads\/2025\/07\/img_8713-1.jpg?fit=1284%2C706&ssl=1","contentUrl":"https:\/\/i0.wp.com\/afogadosfm.com.br\/afogadosfm\/wp-content\/uploads\/2025\/07\/img_8713-1.jpg?fit=1284%2C706&ssl=1","width":1284,"height":706},{"@type":"BreadcrumbList","@id":"https:\/\/afogadosfm.com.br\/afogadosfm\/2025\/07\/02\/serra-talhada-raquel-lyra-inicia-degola-de-aliados-de-marcia\/#breadcrumb","itemListElement":[{"@type":"ListItem","position":1,"name":"In\u00edcio","item":"https:\/\/afogadosfm.com.br\/afogadosfm\/"},{"@type":"ListItem","position":2,"name":"Serra Talhada: Raquel Lyra inicia \u201cdegola\u201d de aliados de M\u00e1rcia\u00a0"}]},{"@type":"WebSite","@id":"https:\/\/afogadosfm.com.br\/afogadosfm\/#website","url":"https:\/\/afogadosfm.com.br\/afogadosfm\/","name":"Afogados FM","description":"Um site completo!","publisher":{"@id":"https:\/\/afogadosfm.com.br\/afogadosfm\/#organization"},"potentialAction":[{"@type":"SearchAction","target":{"@type":"EntryPoint","urlTemplate":"https:\/\/afogadosfm.com.br\/afogadosfm\/?s={search_term_string}"},"query-input":{"@type":"PropertyValueSpecification","valueRequired":true,"valueName":"search_term_string"}}],"inLanguage":"pt-BR"},{"@type":"Organization","@id":"https:\/\/afogadosfm.com.br\/afogadosfm\/#organization","name":"Afogados FM","url":"https:\/\/afogadosfm.com.br\/afogadosfm\/","logo":{"@type":"ImageObject","inLanguage":"pt-BR","@id":"https:\/\/afogadosfm.com.br\/afogadosfm\/#\/schema\/logo\/image\/","url":"https:\/\/i0.wp.com\/afogadosfm.com.br\/afogadosfm\/wp-content\/uploads\/2020\/06\/cropped-banner-afogados-4.jpg?fit=369%2C137&ssl=1","contentUrl":"https:\/\/i0.wp.com\/afogadosfm.com.br\/afogadosfm\/wp-content\/uploads\/2020\/06\/cropped-banner-afogados-4.jpg?fit=369%2C137&ssl=1","width":369,"height":137,"caption":"Afogados FM"},"image":{"@id":"https:\/\/afogadosfm.com.br\/afogadosfm\/#\/schema\/logo\/image\/"}},{"@type":"Person","@id":"https:\/\/afogadosfm.com.br\/afogadosfm\/#\/schema\/person\/60e56f2cf5dc960fc093fe093d9e9057","name":"afogadosfm","image":{"@type":"ImageObject","inLanguage":"pt-BR","@id":"https:\/\/secure.gravatar.com\/avatar\/e0359add7ed5dc3560906d861b52c6a8cf5c1e199d3a7dd85070998f49bd4701?s=96&d=mm&r=g","url":"https:\/\/secure.gravatar.com\/avatar\/e0359add7ed5dc3560906d861b52c6a8cf5c1e199d3a7dd85070998f49bd4701?s=96&d=mm&r=g","contentUrl":"https:\/\/secure.gravatar.com\/avatar\/e0359add7ed5dc3560906d861b52c6a8cf5c1e199d3a7dd85070998f49bd4701?s=96&d=mm&r=g","caption":"afogadosfm"},"url":"https:\/\/afogadosfm.com.br\/afogadosfm\/author\/afogadosfm\/"}]}},"jetpack_publicize_connections":[],"jetpack_featured_media_url":"https:\/\/i0.wp.com\/afogadosfm.com.br\/afogadosfm\/wp-content\/uploads\/2025\/07\/img_8713-1.jpg?fit=1284%2C706&ssl=1","jetpack-related-posts":[],"jetpack_sharing_enabled":true,"jetpack_likes_enabled":true,"_links":{"self":[{"href":"https:\/\/afogadosfm.com.br\/afogadosfm\/wp-json\/wp\/v2\/posts\/67074","targetHints":{"allow":["GET"]}}],"collection":[{"href":"https:\/\/afogadosfm.com.br\/afogadosfm\/wp-json\/wp\/v2\/posts"}],"about":[{"href":"https:\/\/afogadosfm.com.br\/afogadosfm\/wp-json\/wp\/v2\/types\/post"}],"author":[{"embeddable":true,"href":"https:\/\/afogadosfm.com.br\/afogadosfm\/wp-json\/wp\/v2\/users\/2"}],"replies":[{"embeddable":true,"href":"https:\/\/afogadosfm.com.br\/afogadosfm\/wp-json\/wp\/v2\/comments?post=67074"}],"version-history":[{"count":1,"href":"https:\/\/afogadosfm.com.br\/afogadosfm\/wp-json\/wp\/v2\/posts\/67074\/revisions"}],"predecessor-version":[{"id":67076,"href":"https:\/\/afogadosfm.com.br\/afogadosfm\/wp-json\/wp\/v2\/posts\/67074\/revisions\/67076"}],"wp:featuredmedia":[{"embeddable":true,"href":"https:\/\/afogadosfm.com.br\/afogadosfm\/wp-json\/wp\/v2\/media\/67075"}],"wp:attachment":[{"href":"https:\/\/afogadosfm.com.br\/afogadosfm\/wp-json\/wp\/v2\/media?parent=67074"}],"wp:term":[{"taxonomy":"category","embeddable":true,"href":"https:\/\/afogadosfm.com.br\/afogadosfm\/wp-json\/wp\/v2\/categories?post=67074"},{"taxonomy":"post_tag","embeddable":true,"href":"https:\/\/afogadosfm.com.br\/afogadosfm\/wp-json\/wp\/v2\/tags?post=67074"}],"curies":[{"name":"wp","href":"https:\/\/api.w.org\/{rel}","templated":true}]}}