{"id":67084,"date":"2025-07-02T08:38:40","date_gmt":"2025-07-02T11:38:40","guid":{"rendered":"https:\/\/afogadosfm.com.br\/afogadosfm\/?p=67084"},"modified":"2025-07-02T08:38:41","modified_gmt":"2025-07-02T11:38:41","slug":"a-lenda-faz-sentido-a-origem-de-afogados-da-ingazeira-sob-analise-do-historiador-alexsandro-acioly","status":"publish","type":"post","link":"https:\/\/afogadosfm.com.br\/afogadosfm\/2025\/07\/02\/a-lenda-faz-sentido-a-origem-de-afogados-da-ingazeira-sob-analise-do-historiador-alexsandro-acioly\/","title":{"rendered":"A lenda faz sentido? A origem de Afogados da Ingazeira sob an\u00e1lise do historiador Alexsandro Acioly"},"content":{"rendered":"\n<p>Segundo alguns escritos, a cidade de Afogados da Ingazeira tem o seu in\u00edcio a partir da fazenda \u201cBarra da Passagem\u201d, pertencente ao Sr. Manoel Francisco da Silva. Mas, atrav\u00e9s de pesquisas feitas em documentos datados do s\u00e9culo XVIII, a denomina\u00e7\u00e3o \u201cAfogados\u201d j\u00e1 existia.<\/p>\n\n\n\n<p>Separando a lenda da hist\u00f3ria, \u00e9 fato que a denomina\u00e7\u00e3o \u201cAfogados\u201d \u00e9 bem anterior ao s\u00e9culo XIX, assim como outras localidades que hoje pertencem ou que j\u00e1 pertenceram \u00e0 cidade de Afogados da Ingazeira, como, por exemplo, Brotas, Leit\u00e3o, Santiago, Santo Ant\u00f4nio, Santa Rosa, Varas etc. Todas essas eram denominadas fazendas, como consta no documento abaixo.<\/p>\n\n\n\n<figure class=\"wp-block-image\"><img data-recalc-dims=\"1\" decoding=\"async\" src=\"https:\/\/i0.wp.com\/blogger.googleusercontent.com\/img\/b\/R29vZ2xl\/AVvXsEgZNbC64JLv4MOFt4HVOjjHjgs0xxGZcOYygOZJMh7gmCRanT0mb6n9BlVVZBAagUplj5gIb-YSvtRAKvQWz4Enzh6CW_RD2aVuLHpQdJU6NUv2x24f92fZ2pJHZVFY-w_8Fq8QJw7W0gH9Oj6pYA2hQtapSxviQJsNJIGj06vH7Skc7hUz11hQgsnp6dBv\/s1600\/Sem%20T%C3%ADtulo-1.jpg?w=840&#038;ssl=1\" alt=\"\"\/><\/figure>\n\n\n\n<p>Documento constando nomes de propriedades pertencentes aos \u201cG\u00e1rcias D\u2019\u00c1villa no s\u00e9culo XVII e in\u00edcio do s\u00e9culo XIX.<\/p>\n\n\n\n<p>Retomando a lenda (n\u00e3o foi encontrado nenhum dado concreto relacionado ao casal que teria se afogado por estas paragens), \u00e9 prov\u00e1vel, sim, que algum fato relacionado a um afogamento tenha ocorrido. No entanto, tal fato ocorreu bem antes do que se imagina, pois encontra-se registrado em um documento relacionado a um crime ocorrido na \u201cFazenda das Varas\u201d, em 17 de agosto de 1759, no qual duas das testemunhas eram moradoras do \u201cS\u00edtio dos Afogados e Fazenda das Brotas\u201d. A segunda corresponde ao atual bairro Brotas.<a><\/a><\/p>\n\n\n\n<p>Seguindo o rumo da hist\u00f3ria, iremos encontrar, mais adiante, sendo mais preciso, em 2 de dezembro de 1834 , outra informa\u00e7\u00e3o importante sobre Afogados da Ingazeira. Trata-se de um sum\u00e1rio de crime ocorrido na Fazenda S\u00e3o Tiago, onde todas as testemunhas foram ouvidas no lugar \u201cdos Affogados\u201d pelo ent\u00e3o Juiz de Paz, Manoel Ferreira da Silva. Vale registrar, neste documento, que \u201cAffogados\u201d, nessa \u00e9poca, era distrito da Col\u00f4nia, atual S\u00edtio Col\u00f4nia, distrito de Carna\u00edba, estado de Pernambuco.&nbsp;<\/p>\n\n\n\n<figure class=\"wp-block-image\"><img data-recalc-dims=\"1\" decoding=\"async\" src=\"https:\/\/i0.wp.com\/blogger.googleusercontent.com\/img\/b\/R29vZ2xl\/AVvXsEhKEqUhhZWYmNDkIsVMJAhm53KkKE-Pm3uVdpx06m4ThcQTyuMc9zUJ6wS_NsOcT8_WKHpYqVA40Qp454YMdgGwV6zEfnXyM6cCQBAeGcK0PG5K1juhQt0QRyfaax7YryO6L8W1kdKdZqNWsd2hr-l9cD-4K9b2MKTxgXcYUJ_zVuUr-7xwoJNVfcNj4g9B\/s1600\/Sem%20T%C3%ADtulo-2.jpg?w=840&#038;ssl=1\" alt=\"\"\/><\/figure>\n\n\n\n<p>Sum\u00e1rio Crime onde consta o nome de Affogados como Distrito da Col\u00f4nia.<\/p>\n\n\n\n<p>Como citei no in\u00edcio do texto, em alguns escritos, Afogados se origina a partir da fazenda Barra da Passagem; em outros, da fazenda Miseric\u00f3rdia. Mas um dos patrim\u00f4nios mais importantes para o desenvolvimento da \u201cVilla dos Afogados\u201d foi a doa\u00e7\u00e3o das terras para a constru\u00e7\u00e3o da capela dedicada ao Senhor Bom Jesus dos Rem\u00e9dios, em 30 de setembro de 1847 doa\u00e7\u00e3o esta feita pelo casal Ant\u00f4nio Jos\u00e9 Lopes e D. Maria Josefa da Concei\u00e7\u00e3o, moradores do \u201cS\u00edtio dos Affogados\u201d.<\/p>\n\n\n\n<figure class=\"wp-block-image\"><img data-recalc-dims=\"1\" decoding=\"async\" src=\"https:\/\/i0.wp.com\/blogger.googleusercontent.com\/img\/b\/R29vZ2xl\/AVvXsEgUgbMlMjQSTOVjBkuKnZFfmTqssbgqWapPa0lHH3TvPqPMZJTAaTEyTJwy8OUGpqvEOpxZbCSRh8QZLKYNjIXIWBcKJr6FJMH7-EkNPJU_8SH9RGTg6B35YLBcXOzISLxfgWKtbNGWWt0NxB9QUkckANPV2nUJ9UlPmGDJc27SiogvUW4VljMCToSBo1T8\/s1600\/Sem%20T%C3%ADtulo-3.jpg?w=840&#038;ssl=1\" alt=\"\"\/><\/figure>\n\n\n\n<p>Termo de doa\u00e7\u00e3o do patrim\u00f4nio para a constru\u00e7\u00e3o da Capella dos Affogados assinado em 26 de setembro de 1847.<\/p>\n\n\n\n<p>Por fim, chegamos \u00e0 d\u00e9cada de 1870, d\u00e9cada de total relev\u00e2ncia na hist\u00f3ria de Afogados da Ingazeira. \u00c9 nesta d\u00e9cada que a povoa\u00e7\u00e3o de Afogados da Ingazeira foi elevada \u00e0 categoria de vila pela Lei Provincial n\u00ba 1.403, em 12 de maio de 1879. Tr\u00eas anos depois, em 5 de junho de 1883, vem a revoga\u00e7\u00e3o da Lei n\u00ba 1.403, pela Lei n\u00ba 1.761, por meio da qual a povoa\u00e7\u00e3o \u00e9 rebaixada \u00e0 categoria de vila, sendo a sede da comarca e da freguesia transferida para a da Ingazeira. No ano seguinte, em 28 de junho de 1884, atrav\u00e9s da Lei n\u00ba 1.827, a lei anterior \u00e9 revogada, e Afogados da Ingazeira volta a sediar a vila, a freguesia e a comarca.<\/p>\n\n\n\n<p>Por fim, vem a Lei n\u00ba 991, de 1\u00ba de julho de 1909, que concedeu a categoria de cidade a v\u00e1rias vilas \u2014 sendo Afogados da Ingazeira uma dessas, passando, assim, a denominar-se definitivamente como cidade. Ali\u00e1s, uma das mais belas do Paje\u00fa e, consequentemente, de todo o interior pernambucano.<\/p>\n\n\n\n<p>Essas \u00faltimas informa\u00e7\u00f5es me foram repassadas pelo pesquisador e membro do IHGP (Instituto Hist\u00f3rico e Geogr\u00e1fico do Paje\u00fa), Saulo Duarte.<\/p>\n\n\n\n<p>ALEXSANDRO ACIOLY possui Licenciatura em Hist\u00f3ria \u2013 FASP (Faculdade do Sert\u00e3o do Paje\u00fa) Especializa\u00e7\u00e3o em Arte-Educa\u00e7\u00e3o \u2013 SENAC\/SP.<\/p>\n\n\n\n<p><em>Por Alexsandro Acioly via Coruj\u00e3o do Pepeu<\/em><\/p>\n","protected":false},"excerpt":{"rendered":"<p>Segundo alguns escritos, a cidade de Afogados da Ingazeira tem o seu in\u00edcio a partir da fazenda \u201cBarra da Passagem\u201d,<\/p>\n","protected":false},"author":2,"featured_media":67085,"comment_status":"open","ping_status":"open","sticky":false,"template":"","format":"standard","meta":{"jetpack_post_was_ever_published":false,"_jetpack_newsletter_access":"","_jetpack_dont_email_post_to_subs":false,"_jetpack_newsletter_tier_id":0,"_jetpack_memberships_contains_paywalled_content":false,"_jetpack_memberships_contains_paid_content":false,"footnotes":"","jetpack_publicize_message":"","jetpack_publicize_feature_enabled":true,"jetpack_social_post_already_shared":true,"jetpack_social_options":{"image_generator_settings":{"template":"highway","default_image_id":0,"font":"","enabled":false},"version":2}},"categories":[14],"tags":[],"class_list":["post-67084","post","type-post","status-publish","format-standard","has-post-thumbnail","hentry","category-afogados-da-ingazeira"],"yoast_head":"<!-- This site is optimized with the Yoast SEO plugin v27.5 - https:\/\/yoast.com\/product\/yoast-seo-wordpress\/ -->\n<title>A lenda faz sentido? A origem de Afogados da Ingazeira sob an\u00e1lise do historiador Alexsandro Acioly - Afogados FM<\/title>\n<meta name=\"robots\" content=\"index, follow, max-snippet:-1, max-image-preview:large, max-video-preview:-1\" \/>\n<link rel=\"canonical\" href=\"https:\/\/afogadosfm.com.br\/afogadosfm\/2025\/07\/02\/a-lenda-faz-sentido-a-origem-de-afogados-da-ingazeira-sob-analise-do-historiador-alexsandro-acioly\/\" \/>\n<meta property=\"og:locale\" content=\"pt_BR\" \/>\n<meta property=\"og:type\" content=\"article\" \/>\n<meta property=\"og:title\" content=\"A lenda faz sentido? A origem de Afogados da Ingazeira sob an\u00e1lise do historiador Alexsandro Acioly - Afogados FM\" \/>\n<meta property=\"og:description\" content=\"Segundo alguns escritos, a cidade de Afogados da Ingazeira tem o seu in\u00edcio a partir da fazenda \u201cBarra da Passagem\u201d,\" \/>\n<meta property=\"og:url\" content=\"https:\/\/afogadosfm.com.br\/afogadosfm\/2025\/07\/02\/a-lenda-faz-sentido-a-origem-de-afogados-da-ingazeira-sob-analise-do-historiador-alexsandro-acioly\/\" \/>\n<meta property=\"og:site_name\" content=\"Afogados FM\" \/>\n<meta property=\"article:published_time\" content=\"2025-07-02T11:38:40+00:00\" \/>\n<meta property=\"article:modified_time\" content=\"2025-07-02T11:38:41+00:00\" \/>\n<meta property=\"og:image\" content=\"https:\/\/afogadosfm.com.br\/afogadosfm\/wp-content\/uploads\/2025\/07\/Sem-Titulo-1.jpg\" \/>\n\t<meta property=\"og:image:width\" content=\"660\" \/>\n\t<meta property=\"og:image:height\" content=\"336\" \/>\n\t<meta property=\"og:image:type\" content=\"image\/jpeg\" \/>\n<meta name=\"author\" content=\"afogadosfm\" \/>\n<meta name=\"twitter:card\" content=\"summary_large_image\" \/>\n<meta name=\"twitter:label1\" content=\"Escrito por\" \/>\n\t<meta name=\"twitter:data1\" content=\"afogadosfm\" \/>\n\t<meta name=\"twitter:label2\" content=\"Est. tempo de leitura\" \/>\n\t<meta name=\"twitter:data2\" content=\"5 minutos\" \/>\n<script type=\"application\/ld+json\" class=\"yoast-schema-graph\">{\"@context\":\"https:\\\/\\\/schema.org\",\"@graph\":[{\"@type\":\"Article\",\"@id\":\"https:\\\/\\\/afogadosfm.com.br\\\/afogadosfm\\\/2025\\\/07\\\/02\\\/a-lenda-faz-sentido-a-origem-de-afogados-da-ingazeira-sob-analise-do-historiador-alexsandro-acioly\\\/#article\",\"isPartOf\":{\"@id\":\"https:\\\/\\\/afogadosfm.com.br\\\/afogadosfm\\\/2025\\\/07\\\/02\\\/a-lenda-faz-sentido-a-origem-de-afogados-da-ingazeira-sob-analise-do-historiador-alexsandro-acioly\\\/\"},\"author\":{\"name\":\"afogadosfm\",\"@id\":\"https:\\\/\\\/afogadosfm.com.br\\\/afogadosfm\\\/#\\\/schema\\\/person\\\/60e56f2cf5dc960fc093fe093d9e9057\"},\"headline\":\"A lenda faz sentido? A origem de Afogados da Ingazeira sob an\u00e1lise do historiador Alexsandro Acioly\",\"datePublished\":\"2025-07-02T11:38:40+00:00\",\"dateModified\":\"2025-07-02T11:38:41+00:00\",\"mainEntityOfPage\":{\"@id\":\"https:\\\/\\\/afogadosfm.com.br\\\/afogadosfm\\\/2025\\\/07\\\/02\\\/a-lenda-faz-sentido-a-origem-de-afogados-da-ingazeira-sob-analise-do-historiador-alexsandro-acioly\\\/\"},\"wordCount\":649,\"commentCount\":0,\"publisher\":{\"@id\":\"https:\\\/\\\/afogadosfm.com.br\\\/afogadosfm\\\/#organization\"},\"image\":{\"@id\":\"https:\\\/\\\/afogadosfm.com.br\\\/afogadosfm\\\/2025\\\/07\\\/02\\\/a-lenda-faz-sentido-a-origem-de-afogados-da-ingazeira-sob-analise-do-historiador-alexsandro-acioly\\\/#primaryimage\"},\"thumbnailUrl\":\"https:\\\/\\\/i0.wp.com\\\/afogadosfm.com.br\\\/afogadosfm\\\/wp-content\\\/uploads\\\/2025\\\/07\\\/Sem-Titulo-1.jpg?fit=660%2C336&ssl=1\",\"articleSection\":[\"Afogados da Ingazeira\"],\"inLanguage\":\"pt-BR\",\"potentialAction\":[{\"@type\":\"CommentAction\",\"name\":\"Comment\",\"target\":[\"https:\\\/\\\/afogadosfm.com.br\\\/afogadosfm\\\/2025\\\/07\\\/02\\\/a-lenda-faz-sentido-a-origem-de-afogados-da-ingazeira-sob-analise-do-historiador-alexsandro-acioly\\\/#respond\"]}]},{\"@type\":\"WebPage\",\"@id\":\"https:\\\/\\\/afogadosfm.com.br\\\/afogadosfm\\\/2025\\\/07\\\/02\\\/a-lenda-faz-sentido-a-origem-de-afogados-da-ingazeira-sob-analise-do-historiador-alexsandro-acioly\\\/\",\"url\":\"https:\\\/\\\/afogadosfm.com.br\\\/afogadosfm\\\/2025\\\/07\\\/02\\\/a-lenda-faz-sentido-a-origem-de-afogados-da-ingazeira-sob-analise-do-historiador-alexsandro-acioly\\\/\",\"name\":\"A lenda faz sentido? A origem de Afogados da Ingazeira sob an\u00e1lise do historiador Alexsandro Acioly - Afogados FM\",\"isPartOf\":{\"@id\":\"https:\\\/\\\/afogadosfm.com.br\\\/afogadosfm\\\/#website\"},\"primaryImageOfPage\":{\"@id\":\"https:\\\/\\\/afogadosfm.com.br\\\/afogadosfm\\\/2025\\\/07\\\/02\\\/a-lenda-faz-sentido-a-origem-de-afogados-da-ingazeira-sob-analise-do-historiador-alexsandro-acioly\\\/#primaryimage\"},\"image\":{\"@id\":\"https:\\\/\\\/afogadosfm.com.br\\\/afogadosfm\\\/2025\\\/07\\\/02\\\/a-lenda-faz-sentido-a-origem-de-afogados-da-ingazeira-sob-analise-do-historiador-alexsandro-acioly\\\/#primaryimage\"},\"thumbnailUrl\":\"https:\\\/\\\/i0.wp.com\\\/afogadosfm.com.br\\\/afogadosfm\\\/wp-content\\\/uploads\\\/2025\\\/07\\\/Sem-Titulo-1.jpg?fit=660%2C336&ssl=1\",\"datePublished\":\"2025-07-02T11:38:40+00:00\",\"dateModified\":\"2025-07-02T11:38:41+00:00\",\"breadcrumb\":{\"@id\":\"https:\\\/\\\/afogadosfm.com.br\\\/afogadosfm\\\/2025\\\/07\\\/02\\\/a-lenda-faz-sentido-a-origem-de-afogados-da-ingazeira-sob-analise-do-historiador-alexsandro-acioly\\\/#breadcrumb\"},\"inLanguage\":\"pt-BR\",\"potentialAction\":[{\"@type\":\"ReadAction\",\"target\":[\"https:\\\/\\\/afogadosfm.com.br\\\/afogadosfm\\\/2025\\\/07\\\/02\\\/a-lenda-faz-sentido-a-origem-de-afogados-da-ingazeira-sob-analise-do-historiador-alexsandro-acioly\\\/\"]}]},{\"@type\":\"ImageObject\",\"inLanguage\":\"pt-BR\",\"@id\":\"https:\\\/\\\/afogadosfm.com.br\\\/afogadosfm\\\/2025\\\/07\\\/02\\\/a-lenda-faz-sentido-a-origem-de-afogados-da-ingazeira-sob-analise-do-historiador-alexsandro-acioly\\\/#primaryimage\",\"url\":\"https:\\\/\\\/i0.wp.com\\\/afogadosfm.com.br\\\/afogadosfm\\\/wp-content\\\/uploads\\\/2025\\\/07\\\/Sem-Titulo-1.jpg?fit=660%2C336&ssl=1\",\"contentUrl\":\"https:\\\/\\\/i0.wp.com\\\/afogadosfm.com.br\\\/afogadosfm\\\/wp-content\\\/uploads\\\/2025\\\/07\\\/Sem-Titulo-1.jpg?fit=660%2C336&ssl=1\",\"width\":660,\"height\":336},{\"@type\":\"BreadcrumbList\",\"@id\":\"https:\\\/\\\/afogadosfm.com.br\\\/afogadosfm\\\/2025\\\/07\\\/02\\\/a-lenda-faz-sentido-a-origem-de-afogados-da-ingazeira-sob-analise-do-historiador-alexsandro-acioly\\\/#breadcrumb\",\"itemListElement\":[{\"@type\":\"ListItem\",\"position\":1,\"name\":\"In\u00edcio\",\"item\":\"https:\\\/\\\/afogadosfm.com.br\\\/afogadosfm\\\/\"},{\"@type\":\"ListItem\",\"position\":2,\"name\":\"A lenda faz sentido? A origem de Afogados da Ingazeira sob an\u00e1lise do historiador Alexsandro Acioly\"}]},{\"@type\":\"WebSite\",\"@id\":\"https:\\\/\\\/afogadosfm.com.br\\\/afogadosfm\\\/#website\",\"url\":\"https:\\\/\\\/afogadosfm.com.br\\\/afogadosfm\\\/\",\"name\":\"Afogados FM\",\"description\":\"Um site completo!\",\"publisher\":{\"@id\":\"https:\\\/\\\/afogadosfm.com.br\\\/afogadosfm\\\/#organization\"},\"potentialAction\":[{\"@type\":\"SearchAction\",\"target\":{\"@type\":\"EntryPoint\",\"urlTemplate\":\"https:\\\/\\\/afogadosfm.com.br\\\/afogadosfm\\\/?s={search_term_string}\"},\"query-input\":{\"@type\":\"PropertyValueSpecification\",\"valueRequired\":true,\"valueName\":\"search_term_string\"}}],\"inLanguage\":\"pt-BR\"},{\"@type\":\"Organization\",\"@id\":\"https:\\\/\\\/afogadosfm.com.br\\\/afogadosfm\\\/#organization\",\"name\":\"Afogados FM\",\"url\":\"https:\\\/\\\/afogadosfm.com.br\\\/afogadosfm\\\/\",\"logo\":{\"@type\":\"ImageObject\",\"inLanguage\":\"pt-BR\",\"@id\":\"https:\\\/\\\/afogadosfm.com.br\\\/afogadosfm\\\/#\\\/schema\\\/logo\\\/image\\\/\",\"url\":\"https:\\\/\\\/i0.wp.com\\\/afogadosfm.com.br\\\/afogadosfm\\\/wp-content\\\/uploads\\\/2020\\\/06\\\/cropped-banner-afogados-4.jpg?fit=369%2C137&ssl=1\",\"contentUrl\":\"https:\\\/\\\/i0.wp.com\\\/afogadosfm.com.br\\\/afogadosfm\\\/wp-content\\\/uploads\\\/2020\\\/06\\\/cropped-banner-afogados-4.jpg?fit=369%2C137&ssl=1\",\"width\":369,\"height\":137,\"caption\":\"Afogados FM\"},\"image\":{\"@id\":\"https:\\\/\\\/afogadosfm.com.br\\\/afogadosfm\\\/#\\\/schema\\\/logo\\\/image\\\/\"}},{\"@type\":\"Person\",\"@id\":\"https:\\\/\\\/afogadosfm.com.br\\\/afogadosfm\\\/#\\\/schema\\\/person\\\/60e56f2cf5dc960fc093fe093d9e9057\",\"name\":\"afogadosfm\",\"image\":{\"@type\":\"ImageObject\",\"inLanguage\":\"pt-BR\",\"@id\":\"https:\\\/\\\/secure.gravatar.com\\\/avatar\\\/e0359add7ed5dc3560906d861b52c6a8cf5c1e199d3a7dd85070998f49bd4701?s=96&d=mm&r=g\",\"url\":\"https:\\\/\\\/secure.gravatar.com\\\/avatar\\\/e0359add7ed5dc3560906d861b52c6a8cf5c1e199d3a7dd85070998f49bd4701?s=96&d=mm&r=g\",\"contentUrl\":\"https:\\\/\\\/secure.gravatar.com\\\/avatar\\\/e0359add7ed5dc3560906d861b52c6a8cf5c1e199d3a7dd85070998f49bd4701?s=96&d=mm&r=g\",\"caption\":\"afogadosfm\"},\"url\":\"https:\\\/\\\/afogadosfm.com.br\\\/afogadosfm\\\/author\\\/afogadosfm\\\/\"}]}<\/script>\n<!-- \/ Yoast SEO plugin. -->","yoast_head_json":{"title":"A lenda faz sentido? A origem de Afogados da Ingazeira sob an\u00e1lise do historiador Alexsandro Acioly - Afogados FM","robots":{"index":"index","follow":"follow","max-snippet":"max-snippet:-1","max-image-preview":"max-image-preview:large","max-video-preview":"max-video-preview:-1"},"canonical":"https:\/\/afogadosfm.com.br\/afogadosfm\/2025\/07\/02\/a-lenda-faz-sentido-a-origem-de-afogados-da-ingazeira-sob-analise-do-historiador-alexsandro-acioly\/","og_locale":"pt_BR","og_type":"article","og_title":"A lenda faz sentido? A origem de Afogados da Ingazeira sob an\u00e1lise do historiador Alexsandro Acioly - Afogados FM","og_description":"Segundo alguns escritos, a cidade de Afogados da Ingazeira tem o seu in\u00edcio a partir da fazenda \u201cBarra da Passagem\u201d,","og_url":"https:\/\/afogadosfm.com.br\/afogadosfm\/2025\/07\/02\/a-lenda-faz-sentido-a-origem-de-afogados-da-ingazeira-sob-analise-do-historiador-alexsandro-acioly\/","og_site_name":"Afogados FM","article_published_time":"2025-07-02T11:38:40+00:00","article_modified_time":"2025-07-02T11:38:41+00:00","og_image":[{"width":660,"height":336,"url":"https:\/\/afogadosfm.com.br\/afogadosfm\/wp-content\/uploads\/2025\/07\/Sem-Titulo-1.jpg","type":"image\/jpeg"}],"author":"afogadosfm","twitter_card":"summary_large_image","twitter_misc":{"Escrito por":"afogadosfm","Est. tempo de leitura":"5 minutos"},"schema":{"@context":"https:\/\/schema.org","@graph":[{"@type":"Article","@id":"https:\/\/afogadosfm.com.br\/afogadosfm\/2025\/07\/02\/a-lenda-faz-sentido-a-origem-de-afogados-da-ingazeira-sob-analise-do-historiador-alexsandro-acioly\/#article","isPartOf":{"@id":"https:\/\/afogadosfm.com.br\/afogadosfm\/2025\/07\/02\/a-lenda-faz-sentido-a-origem-de-afogados-da-ingazeira-sob-analise-do-historiador-alexsandro-acioly\/"},"author":{"name":"afogadosfm","@id":"https:\/\/afogadosfm.com.br\/afogadosfm\/#\/schema\/person\/60e56f2cf5dc960fc093fe093d9e9057"},"headline":"A lenda faz sentido? A origem de Afogados da Ingazeira sob an\u00e1lise do historiador Alexsandro Acioly","datePublished":"2025-07-02T11:38:40+00:00","dateModified":"2025-07-02T11:38:41+00:00","mainEntityOfPage":{"@id":"https:\/\/afogadosfm.com.br\/afogadosfm\/2025\/07\/02\/a-lenda-faz-sentido-a-origem-de-afogados-da-ingazeira-sob-analise-do-historiador-alexsandro-acioly\/"},"wordCount":649,"commentCount":0,"publisher":{"@id":"https:\/\/afogadosfm.com.br\/afogadosfm\/#organization"},"image":{"@id":"https:\/\/afogadosfm.com.br\/afogadosfm\/2025\/07\/02\/a-lenda-faz-sentido-a-origem-de-afogados-da-ingazeira-sob-analise-do-historiador-alexsandro-acioly\/#primaryimage"},"thumbnailUrl":"https:\/\/i0.wp.com\/afogadosfm.com.br\/afogadosfm\/wp-content\/uploads\/2025\/07\/Sem-Titulo-1.jpg?fit=660%2C336&ssl=1","articleSection":["Afogados da Ingazeira"],"inLanguage":"pt-BR","potentialAction":[{"@type":"CommentAction","name":"Comment","target":["https:\/\/afogadosfm.com.br\/afogadosfm\/2025\/07\/02\/a-lenda-faz-sentido-a-origem-de-afogados-da-ingazeira-sob-analise-do-historiador-alexsandro-acioly\/#respond"]}]},{"@type":"WebPage","@id":"https:\/\/afogadosfm.com.br\/afogadosfm\/2025\/07\/02\/a-lenda-faz-sentido-a-origem-de-afogados-da-ingazeira-sob-analise-do-historiador-alexsandro-acioly\/","url":"https:\/\/afogadosfm.com.br\/afogadosfm\/2025\/07\/02\/a-lenda-faz-sentido-a-origem-de-afogados-da-ingazeira-sob-analise-do-historiador-alexsandro-acioly\/","name":"A lenda faz sentido? A origem de Afogados da Ingazeira sob an\u00e1lise do historiador Alexsandro Acioly - Afogados FM","isPartOf":{"@id":"https:\/\/afogadosfm.com.br\/afogadosfm\/#website"},"primaryImageOfPage":{"@id":"https:\/\/afogadosfm.com.br\/afogadosfm\/2025\/07\/02\/a-lenda-faz-sentido-a-origem-de-afogados-da-ingazeira-sob-analise-do-historiador-alexsandro-acioly\/#primaryimage"},"image":{"@id":"https:\/\/afogadosfm.com.br\/afogadosfm\/2025\/07\/02\/a-lenda-faz-sentido-a-origem-de-afogados-da-ingazeira-sob-analise-do-historiador-alexsandro-acioly\/#primaryimage"},"thumbnailUrl":"https:\/\/i0.wp.com\/afogadosfm.com.br\/afogadosfm\/wp-content\/uploads\/2025\/07\/Sem-Titulo-1.jpg?fit=660%2C336&ssl=1","datePublished":"2025-07-02T11:38:40+00:00","dateModified":"2025-07-02T11:38:41+00:00","breadcrumb":{"@id":"https:\/\/afogadosfm.com.br\/afogadosfm\/2025\/07\/02\/a-lenda-faz-sentido-a-origem-de-afogados-da-ingazeira-sob-analise-do-historiador-alexsandro-acioly\/#breadcrumb"},"inLanguage":"pt-BR","potentialAction":[{"@type":"ReadAction","target":["https:\/\/afogadosfm.com.br\/afogadosfm\/2025\/07\/02\/a-lenda-faz-sentido-a-origem-de-afogados-da-ingazeira-sob-analise-do-historiador-alexsandro-acioly\/"]}]},{"@type":"ImageObject","inLanguage":"pt-BR","@id":"https:\/\/afogadosfm.com.br\/afogadosfm\/2025\/07\/02\/a-lenda-faz-sentido-a-origem-de-afogados-da-ingazeira-sob-analise-do-historiador-alexsandro-acioly\/#primaryimage","url":"https:\/\/i0.wp.com\/afogadosfm.com.br\/afogadosfm\/wp-content\/uploads\/2025\/07\/Sem-Titulo-1.jpg?fit=660%2C336&ssl=1","contentUrl":"https:\/\/i0.wp.com\/afogadosfm.com.br\/afogadosfm\/wp-content\/uploads\/2025\/07\/Sem-Titulo-1.jpg?fit=660%2C336&ssl=1","width":660,"height":336},{"@type":"BreadcrumbList","@id":"https:\/\/afogadosfm.com.br\/afogadosfm\/2025\/07\/02\/a-lenda-faz-sentido-a-origem-de-afogados-da-ingazeira-sob-analise-do-historiador-alexsandro-acioly\/#breadcrumb","itemListElement":[{"@type":"ListItem","position":1,"name":"In\u00edcio","item":"https:\/\/afogadosfm.com.br\/afogadosfm\/"},{"@type":"ListItem","position":2,"name":"A lenda faz sentido? A origem de Afogados da Ingazeira sob an\u00e1lise do historiador Alexsandro Acioly"}]},{"@type":"WebSite","@id":"https:\/\/afogadosfm.com.br\/afogadosfm\/#website","url":"https:\/\/afogadosfm.com.br\/afogadosfm\/","name":"Afogados FM","description":"Um site completo!","publisher":{"@id":"https:\/\/afogadosfm.com.br\/afogadosfm\/#organization"},"potentialAction":[{"@type":"SearchAction","target":{"@type":"EntryPoint","urlTemplate":"https:\/\/afogadosfm.com.br\/afogadosfm\/?s={search_term_string}"},"query-input":{"@type":"PropertyValueSpecification","valueRequired":true,"valueName":"search_term_string"}}],"inLanguage":"pt-BR"},{"@type":"Organization","@id":"https:\/\/afogadosfm.com.br\/afogadosfm\/#organization","name":"Afogados FM","url":"https:\/\/afogadosfm.com.br\/afogadosfm\/","logo":{"@type":"ImageObject","inLanguage":"pt-BR","@id":"https:\/\/afogadosfm.com.br\/afogadosfm\/#\/schema\/logo\/image\/","url":"https:\/\/i0.wp.com\/afogadosfm.com.br\/afogadosfm\/wp-content\/uploads\/2020\/06\/cropped-banner-afogados-4.jpg?fit=369%2C137&ssl=1","contentUrl":"https:\/\/i0.wp.com\/afogadosfm.com.br\/afogadosfm\/wp-content\/uploads\/2020\/06\/cropped-banner-afogados-4.jpg?fit=369%2C137&ssl=1","width":369,"height":137,"caption":"Afogados FM"},"image":{"@id":"https:\/\/afogadosfm.com.br\/afogadosfm\/#\/schema\/logo\/image\/"}},{"@type":"Person","@id":"https:\/\/afogadosfm.com.br\/afogadosfm\/#\/schema\/person\/60e56f2cf5dc960fc093fe093d9e9057","name":"afogadosfm","image":{"@type":"ImageObject","inLanguage":"pt-BR","@id":"https:\/\/secure.gravatar.com\/avatar\/e0359add7ed5dc3560906d861b52c6a8cf5c1e199d3a7dd85070998f49bd4701?s=96&d=mm&r=g","url":"https:\/\/secure.gravatar.com\/avatar\/e0359add7ed5dc3560906d861b52c6a8cf5c1e199d3a7dd85070998f49bd4701?s=96&d=mm&r=g","contentUrl":"https:\/\/secure.gravatar.com\/avatar\/e0359add7ed5dc3560906d861b52c6a8cf5c1e199d3a7dd85070998f49bd4701?s=96&d=mm&r=g","caption":"afogadosfm"},"url":"https:\/\/afogadosfm.com.br\/afogadosfm\/author\/afogadosfm\/"}]}},"jetpack_publicize_connections":[],"jetpack_featured_media_url":"https:\/\/i0.wp.com\/afogadosfm.com.br\/afogadosfm\/wp-content\/uploads\/2025\/07\/Sem-Titulo-1.jpg?fit=660%2C336&ssl=1","jetpack-related-posts":[],"jetpack_sharing_enabled":true,"jetpack_likes_enabled":true,"_links":{"self":[{"href":"https:\/\/afogadosfm.com.br\/afogadosfm\/wp-json\/wp\/v2\/posts\/67084","targetHints":{"allow":["GET"]}}],"collection":[{"href":"https:\/\/afogadosfm.com.br\/afogadosfm\/wp-json\/wp\/v2\/posts"}],"about":[{"href":"https:\/\/afogadosfm.com.br\/afogadosfm\/wp-json\/wp\/v2\/types\/post"}],"author":[{"embeddable":true,"href":"https:\/\/afogadosfm.com.br\/afogadosfm\/wp-json\/wp\/v2\/users\/2"}],"replies":[{"embeddable":true,"href":"https:\/\/afogadosfm.com.br\/afogadosfm\/wp-json\/wp\/v2\/comments?post=67084"}],"version-history":[{"count":1,"href":"https:\/\/afogadosfm.com.br\/afogadosfm\/wp-json\/wp\/v2\/posts\/67084\/revisions"}],"predecessor-version":[{"id":67086,"href":"https:\/\/afogadosfm.com.br\/afogadosfm\/wp-json\/wp\/v2\/posts\/67084\/revisions\/67086"}],"wp:featuredmedia":[{"embeddable":true,"href":"https:\/\/afogadosfm.com.br\/afogadosfm\/wp-json\/wp\/v2\/media\/67085"}],"wp:attachment":[{"href":"https:\/\/afogadosfm.com.br\/afogadosfm\/wp-json\/wp\/v2\/media?parent=67084"}],"wp:term":[{"taxonomy":"category","embeddable":true,"href":"https:\/\/afogadosfm.com.br\/afogadosfm\/wp-json\/wp\/v2\/categories?post=67084"},{"taxonomy":"post_tag","embeddable":true,"href":"https:\/\/afogadosfm.com.br\/afogadosfm\/wp-json\/wp\/v2\/tags?post=67084"}],"curies":[{"name":"wp","href":"https:\/\/api.w.org\/{rel}","templated":true}]}}