{"id":67124,"date":"2025-07-04T06:30:26","date_gmt":"2025-07-04T09:30:26","guid":{"rendered":"https:\/\/afogadosfm.com.br\/afogadosfm\/?p=67124"},"modified":"2025-07-04T06:30:27","modified_gmt":"2025-07-04T09:30:27","slug":"torcedores-do-santa-cruz-protestaram-por-aprovacao-da-saf-com-cessao-do-arruda","status":"publish","type":"post","link":"https:\/\/afogadosfm.com.br\/afogadosfm\/2025\/07\/04\/torcedores-do-santa-cruz-protestaram-por-aprovacao-da-saf-com-cessao-do-arruda\/","title":{"rendered":"Torcedores do Santa Cruz protestaram por aprova\u00e7\u00e3o da SAF com cess\u00e3o do Arruda"},"content":{"rendered":"\n<p>Mesmo ap\u00f3s o cancelamento da reuni\u00e3o do Conselho Deliberativo do Santa Cruz, torcedores se reuniram em frente \u00e0 sede social do clube, na noite da quinta-feira (3), para protestar a favor da aprova\u00e7\u00e3o da proposta de transforma\u00e7\u00e3o do clube em Sociedade An\u00f4nima do Futebol (SAF). O principal ponto de reivindica\u00e7\u00e3o \u00e9 a cess\u00e3o definitiva do Est\u00e1dio do Arruda como parte do acordo com investidores.<\/p>\n\n\n\n<p>Com faixas, c\u00e2nticos e palavras de ordem, os torcedores exigiram que a proposta seja aprovada sem altera\u00e7\u00f5es. Um dos participantes, Esmael Vieira, expressou o sentimento de insatisfa\u00e7\u00e3o comum entre os manifestantes.<\/p>\n\n\n\n<p>\u201cQueremos que o Conselho Deliberativo e o Conselho Fiscal, a diretoria como um todo, respeitem o torcedor. O Santa Cruz est\u00e1 h\u00e1 40 anos passando vergonha e sofrendo. Estamos numa Quarta Divis\u00e3o, praticamente sem s\u00e9rie. O que a gente quer \u00e9 que a proposta seja aprovada, com o Arruda cedido definitivamente, porque sabemos que isso trar\u00e1 investimento\u201d, afirmou.<\/p>\n\n\n\n<p>Durante o protesto, os tricolores entoaram c\u00e2nticos como \u201cOl\u00ea, ol\u00ea, ol\u00ea, SAF!\u201d, \u201cFora Dinossauro\u201d e \u201cO Arruda \u00e9 meu, quem manda aqui sou eu\u201d. Em meio ao clima de tens\u00e3o, alguns manifestantes chegaram a amea\u00e7ar a\u00e7\u00f5es mais radicais caso a proposta n\u00e3o avance. \u201cSe a SAF n\u00e3o sair, a porrada vai comer\u201d, gritou o grupo.<\/p>\n\n\n\n<p>Outro torcedor, Rafael Erlich, criticou a situa\u00e7\u00e3o estrutural do est\u00e1dio e defendeu a inclus\u00e3o do patrim\u00f4nio no projeto da SAF. \u201cSabemos da situa\u00e7\u00e3o em que o Arruda se encontra, n\u00e3o \u00e9 das melhores. A gente traz familiares para assistir um jogo e n\u00e3o tem o m\u00ednimo de condi\u00e7\u00e3o de banheiro. Viemos apoiar a SAF junto com o patrim\u00f4nio\u201d, destacou.<\/p>\n\n\n\n<p>A principal figura criticada durante o protesto foi o presidente da Comiss\u00e3o Fiscal, Bartolomeu Bueno, que j\u00e1 havia se posicionado de forma contr\u00e1ria \u00e0 cess\u00e3o definitiva do est\u00e1dio. O clube pediu refor\u00e7o da Pol\u00edcia Militar para monitorar o protesto. Nenhum representante da diretoria ou do Conselho se pronunciou oficialmente durante o ato.<\/p>\n","protected":false},"excerpt":{"rendered":"<p>Mesmo ap\u00f3s o cancelamento da reuni\u00e3o do Conselho Deliberativo do Santa Cruz, torcedores se reuniram em frente \u00e0 sede social<\/p>\n","protected":false},"author":2,"featured_media":894,"comment_status":"open","ping_status":"open","sticky":false,"template":"","format":"standard","meta":{"jetpack_post_was_ever_published":false,"_jetpack_newsletter_access":"","_jetpack_dont_email_post_to_subs":false,"_jetpack_newsletter_tier_id":0,"_jetpack_memberships_contains_paywalled_content":false,"_jetpack_memberships_contains_paid_content":false,"footnotes":"","jetpack_publicize_message":"","jetpack_publicize_feature_enabled":true,"jetpack_social_post_already_shared":true,"jetpack_social_options":{"image_generator_settings":{"template":"highway","default_image_id":0,"font":"","enabled":false},"version":2}},"categories":[8],"tags":[],"class_list":["post-67124","post","type-post","status-publish","format-standard","has-post-thumbnail","hentry","category-esporte"],"yoast_head":"<!-- This site is optimized with the Yoast SEO plugin v27.5 - https:\/\/yoast.com\/product\/yoast-seo-wordpress\/ -->\n<title>Torcedores do Santa Cruz protestaram por aprova\u00e7\u00e3o da SAF com cess\u00e3o do Arruda - Afogados FM<\/title>\n<meta name=\"robots\" content=\"index, follow, max-snippet:-1, max-image-preview:large, max-video-preview:-1\" \/>\n<link rel=\"canonical\" href=\"https:\/\/afogadosfm.com.br\/afogadosfm\/2025\/07\/04\/torcedores-do-santa-cruz-protestaram-por-aprovacao-da-saf-com-cessao-do-arruda\/\" \/>\n<meta property=\"og:locale\" content=\"pt_BR\" \/>\n<meta property=\"og:type\" content=\"article\" \/>\n<meta property=\"og:title\" content=\"Torcedores do Santa Cruz protestaram por aprova\u00e7\u00e3o da SAF com cess\u00e3o do Arruda - Afogados FM\" \/>\n<meta property=\"og:description\" content=\"Mesmo ap\u00f3s o cancelamento da reuni\u00e3o do Conselho Deliberativo do Santa Cruz, torcedores se reuniram em frente \u00e0 sede social\" \/>\n<meta property=\"og:url\" content=\"https:\/\/afogadosfm.com.br\/afogadosfm\/2025\/07\/04\/torcedores-do-santa-cruz-protestaram-por-aprovacao-da-saf-com-cessao-do-arruda\/\" \/>\n<meta property=\"og:site_name\" content=\"Afogados FM\" \/>\n<meta property=\"article:published_time\" content=\"2025-07-04T09:30:26+00:00\" \/>\n<meta property=\"article:modified_time\" content=\"2025-07-04T09:30:27+00:00\" \/>\n<meta property=\"og:image\" content=\"https:\/\/afogadosfm.com.br\/afogadosfm\/wp-content\/uploads\/2017\/11\/santa-cruz.jpg\" \/>\n\t<meta property=\"og:image:width\" content=\"245\" \/>\n\t<meta property=\"og:image:height\" content=\"160\" \/>\n\t<meta property=\"og:image:type\" content=\"image\/jpeg\" \/>\n<meta name=\"author\" content=\"afogadosfm\" \/>\n<meta name=\"twitter:card\" content=\"summary_large_image\" \/>\n<meta name=\"twitter:label1\" content=\"Escrito por\" \/>\n\t<meta name=\"twitter:data1\" content=\"afogadosfm\" \/>\n\t<meta name=\"twitter:label2\" content=\"Est. tempo de leitura\" \/>\n\t<meta name=\"twitter:data2\" content=\"2 minutos\" \/>\n<script type=\"application\/ld+json\" class=\"yoast-schema-graph\">{\"@context\":\"https:\\\/\\\/schema.org\",\"@graph\":[{\"@type\":\"Article\",\"@id\":\"https:\\\/\\\/afogadosfm.com.br\\\/afogadosfm\\\/2025\\\/07\\\/04\\\/torcedores-do-santa-cruz-protestaram-por-aprovacao-da-saf-com-cessao-do-arruda\\\/#article\",\"isPartOf\":{\"@id\":\"https:\\\/\\\/afogadosfm.com.br\\\/afogadosfm\\\/2025\\\/07\\\/04\\\/torcedores-do-santa-cruz-protestaram-por-aprovacao-da-saf-com-cessao-do-arruda\\\/\"},\"author\":{\"name\":\"afogadosfm\",\"@id\":\"https:\\\/\\\/afogadosfm.com.br\\\/afogadosfm\\\/#\\\/schema\\\/person\\\/60e56f2cf5dc960fc093fe093d9e9057\"},\"headline\":\"Torcedores do Santa Cruz protestaram por aprova\u00e7\u00e3o da SAF com cess\u00e3o do Arruda\",\"datePublished\":\"2025-07-04T09:30:26+00:00\",\"dateModified\":\"2025-07-04T09:30:27+00:00\",\"mainEntityOfPage\":{\"@id\":\"https:\\\/\\\/afogadosfm.com.br\\\/afogadosfm\\\/2025\\\/07\\\/04\\\/torcedores-do-santa-cruz-protestaram-por-aprovacao-da-saf-com-cessao-do-arruda\\\/\"},\"wordCount\":361,\"commentCount\":0,\"publisher\":{\"@id\":\"https:\\\/\\\/afogadosfm.com.br\\\/afogadosfm\\\/#organization\"},\"image\":{\"@id\":\"https:\\\/\\\/afogadosfm.com.br\\\/afogadosfm\\\/2025\\\/07\\\/04\\\/torcedores-do-santa-cruz-protestaram-por-aprovacao-da-saf-com-cessao-do-arruda\\\/#primaryimage\"},\"thumbnailUrl\":\"https:\\\/\\\/i0.wp.com\\\/afogadosfm.com.br\\\/afogadosfm\\\/wp-content\\\/uploads\\\/2017\\\/11\\\/santa-cruz.jpg?fit=245%2C160&ssl=1\",\"articleSection\":[\"Esporte\"],\"inLanguage\":\"pt-BR\",\"potentialAction\":[{\"@type\":\"CommentAction\",\"name\":\"Comment\",\"target\":[\"https:\\\/\\\/afogadosfm.com.br\\\/afogadosfm\\\/2025\\\/07\\\/04\\\/torcedores-do-santa-cruz-protestaram-por-aprovacao-da-saf-com-cessao-do-arruda\\\/#respond\"]}]},{\"@type\":\"WebPage\",\"@id\":\"https:\\\/\\\/afogadosfm.com.br\\\/afogadosfm\\\/2025\\\/07\\\/04\\\/torcedores-do-santa-cruz-protestaram-por-aprovacao-da-saf-com-cessao-do-arruda\\\/\",\"url\":\"https:\\\/\\\/afogadosfm.com.br\\\/afogadosfm\\\/2025\\\/07\\\/04\\\/torcedores-do-santa-cruz-protestaram-por-aprovacao-da-saf-com-cessao-do-arruda\\\/\",\"name\":\"Torcedores do Santa Cruz protestaram por aprova\u00e7\u00e3o da SAF com cess\u00e3o do Arruda - Afogados FM\",\"isPartOf\":{\"@id\":\"https:\\\/\\\/afogadosfm.com.br\\\/afogadosfm\\\/#website\"},\"primaryImageOfPage\":{\"@id\":\"https:\\\/\\\/afogadosfm.com.br\\\/afogadosfm\\\/2025\\\/07\\\/04\\\/torcedores-do-santa-cruz-protestaram-por-aprovacao-da-saf-com-cessao-do-arruda\\\/#primaryimage\"},\"image\":{\"@id\":\"https:\\\/\\\/afogadosfm.com.br\\\/afogadosfm\\\/2025\\\/07\\\/04\\\/torcedores-do-santa-cruz-protestaram-por-aprovacao-da-saf-com-cessao-do-arruda\\\/#primaryimage\"},\"thumbnailUrl\":\"https:\\\/\\\/i0.wp.com\\\/afogadosfm.com.br\\\/afogadosfm\\\/wp-content\\\/uploads\\\/2017\\\/11\\\/santa-cruz.jpg?fit=245%2C160&ssl=1\",\"datePublished\":\"2025-07-04T09:30:26+00:00\",\"dateModified\":\"2025-07-04T09:30:27+00:00\",\"breadcrumb\":{\"@id\":\"https:\\\/\\\/afogadosfm.com.br\\\/afogadosfm\\\/2025\\\/07\\\/04\\\/torcedores-do-santa-cruz-protestaram-por-aprovacao-da-saf-com-cessao-do-arruda\\\/#breadcrumb\"},\"inLanguage\":\"pt-BR\",\"potentialAction\":[{\"@type\":\"ReadAction\",\"target\":[\"https:\\\/\\\/afogadosfm.com.br\\\/afogadosfm\\\/2025\\\/07\\\/04\\\/torcedores-do-santa-cruz-protestaram-por-aprovacao-da-saf-com-cessao-do-arruda\\\/\"]}]},{\"@type\":\"ImageObject\",\"inLanguage\":\"pt-BR\",\"@id\":\"https:\\\/\\\/afogadosfm.com.br\\\/afogadosfm\\\/2025\\\/07\\\/04\\\/torcedores-do-santa-cruz-protestaram-por-aprovacao-da-saf-com-cessao-do-arruda\\\/#primaryimage\",\"url\":\"https:\\\/\\\/i0.wp.com\\\/afogadosfm.com.br\\\/afogadosfm\\\/wp-content\\\/uploads\\\/2017\\\/11\\\/santa-cruz.jpg?fit=245%2C160&ssl=1\",\"contentUrl\":\"https:\\\/\\\/i0.wp.com\\\/afogadosfm.com.br\\\/afogadosfm\\\/wp-content\\\/uploads\\\/2017\\\/11\\\/santa-cruz.jpg?fit=245%2C160&ssl=1\",\"width\":245,\"height\":160},{\"@type\":\"BreadcrumbList\",\"@id\":\"https:\\\/\\\/afogadosfm.com.br\\\/afogadosfm\\\/2025\\\/07\\\/04\\\/torcedores-do-santa-cruz-protestaram-por-aprovacao-da-saf-com-cessao-do-arruda\\\/#breadcrumb\",\"itemListElement\":[{\"@type\":\"ListItem\",\"position\":1,\"name\":\"In\u00edcio\",\"item\":\"https:\\\/\\\/afogadosfm.com.br\\\/afogadosfm\\\/\"},{\"@type\":\"ListItem\",\"position\":2,\"name\":\"Torcedores do Santa Cruz protestaram por aprova\u00e7\u00e3o da SAF com cess\u00e3o do Arruda\"}]},{\"@type\":\"WebSite\",\"@id\":\"https:\\\/\\\/afogadosfm.com.br\\\/afogadosfm\\\/#website\",\"url\":\"https:\\\/\\\/afogadosfm.com.br\\\/afogadosfm\\\/\",\"name\":\"Afogados FM\",\"description\":\"Um site completo!\",\"publisher\":{\"@id\":\"https:\\\/\\\/afogadosfm.com.br\\\/afogadosfm\\\/#organization\"},\"potentialAction\":[{\"@type\":\"SearchAction\",\"target\":{\"@type\":\"EntryPoint\",\"urlTemplate\":\"https:\\\/\\\/afogadosfm.com.br\\\/afogadosfm\\\/?s={search_term_string}\"},\"query-input\":{\"@type\":\"PropertyValueSpecification\",\"valueRequired\":true,\"valueName\":\"search_term_string\"}}],\"inLanguage\":\"pt-BR\"},{\"@type\":\"Organization\",\"@id\":\"https:\\\/\\\/afogadosfm.com.br\\\/afogadosfm\\\/#organization\",\"name\":\"Afogados FM\",\"url\":\"https:\\\/\\\/afogadosfm.com.br\\\/afogadosfm\\\/\",\"logo\":{\"@type\":\"ImageObject\",\"inLanguage\":\"pt-BR\",\"@id\":\"https:\\\/\\\/afogadosfm.com.br\\\/afogadosfm\\\/#\\\/schema\\\/logo\\\/image\\\/\",\"url\":\"https:\\\/\\\/i0.wp.com\\\/afogadosfm.com.br\\\/afogadosfm\\\/wp-content\\\/uploads\\\/2020\\\/06\\\/cropped-banner-afogados-4.jpg?fit=369%2C137&ssl=1\",\"contentUrl\":\"https:\\\/\\\/i0.wp.com\\\/afogadosfm.com.br\\\/afogadosfm\\\/wp-content\\\/uploads\\\/2020\\\/06\\\/cropped-banner-afogados-4.jpg?fit=369%2C137&ssl=1\",\"width\":369,\"height\":137,\"caption\":\"Afogados FM\"},\"image\":{\"@id\":\"https:\\\/\\\/afogadosfm.com.br\\\/afogadosfm\\\/#\\\/schema\\\/logo\\\/image\\\/\"}},{\"@type\":\"Person\",\"@id\":\"https:\\\/\\\/afogadosfm.com.br\\\/afogadosfm\\\/#\\\/schema\\\/person\\\/60e56f2cf5dc960fc093fe093d9e9057\",\"name\":\"afogadosfm\",\"image\":{\"@type\":\"ImageObject\",\"inLanguage\":\"pt-BR\",\"@id\":\"https:\\\/\\\/secure.gravatar.com\\\/avatar\\\/e0359add7ed5dc3560906d861b52c6a8cf5c1e199d3a7dd85070998f49bd4701?s=96&d=mm&r=g\",\"url\":\"https:\\\/\\\/secure.gravatar.com\\\/avatar\\\/e0359add7ed5dc3560906d861b52c6a8cf5c1e199d3a7dd85070998f49bd4701?s=96&d=mm&r=g\",\"contentUrl\":\"https:\\\/\\\/secure.gravatar.com\\\/avatar\\\/e0359add7ed5dc3560906d861b52c6a8cf5c1e199d3a7dd85070998f49bd4701?s=96&d=mm&r=g\",\"caption\":\"afogadosfm\"},\"url\":\"https:\\\/\\\/afogadosfm.com.br\\\/afogadosfm\\\/author\\\/afogadosfm\\\/\"}]}<\/script>\n<!-- \/ Yoast SEO plugin. -->","yoast_head_json":{"title":"Torcedores do Santa Cruz protestaram por aprova\u00e7\u00e3o da SAF com cess\u00e3o do Arruda - Afogados FM","robots":{"index":"index","follow":"follow","max-snippet":"max-snippet:-1","max-image-preview":"max-image-preview:large","max-video-preview":"max-video-preview:-1"},"canonical":"https:\/\/afogadosfm.com.br\/afogadosfm\/2025\/07\/04\/torcedores-do-santa-cruz-protestaram-por-aprovacao-da-saf-com-cessao-do-arruda\/","og_locale":"pt_BR","og_type":"article","og_title":"Torcedores do Santa Cruz protestaram por aprova\u00e7\u00e3o da SAF com cess\u00e3o do Arruda - Afogados FM","og_description":"Mesmo ap\u00f3s o cancelamento da reuni\u00e3o do Conselho Deliberativo do Santa Cruz, torcedores se reuniram em frente \u00e0 sede social","og_url":"https:\/\/afogadosfm.com.br\/afogadosfm\/2025\/07\/04\/torcedores-do-santa-cruz-protestaram-por-aprovacao-da-saf-com-cessao-do-arruda\/","og_site_name":"Afogados FM","article_published_time":"2025-07-04T09:30:26+00:00","article_modified_time":"2025-07-04T09:30:27+00:00","og_image":[{"width":245,"height":160,"url":"https:\/\/afogadosfm.com.br\/afogadosfm\/wp-content\/uploads\/2017\/11\/santa-cruz.jpg","type":"image\/jpeg"}],"author":"afogadosfm","twitter_card":"summary_large_image","twitter_misc":{"Escrito por":"afogadosfm","Est. tempo de leitura":"2 minutos"},"schema":{"@context":"https:\/\/schema.org","@graph":[{"@type":"Article","@id":"https:\/\/afogadosfm.com.br\/afogadosfm\/2025\/07\/04\/torcedores-do-santa-cruz-protestaram-por-aprovacao-da-saf-com-cessao-do-arruda\/#article","isPartOf":{"@id":"https:\/\/afogadosfm.com.br\/afogadosfm\/2025\/07\/04\/torcedores-do-santa-cruz-protestaram-por-aprovacao-da-saf-com-cessao-do-arruda\/"},"author":{"name":"afogadosfm","@id":"https:\/\/afogadosfm.com.br\/afogadosfm\/#\/schema\/person\/60e56f2cf5dc960fc093fe093d9e9057"},"headline":"Torcedores do Santa Cruz protestaram por aprova\u00e7\u00e3o da SAF com cess\u00e3o do Arruda","datePublished":"2025-07-04T09:30:26+00:00","dateModified":"2025-07-04T09:30:27+00:00","mainEntityOfPage":{"@id":"https:\/\/afogadosfm.com.br\/afogadosfm\/2025\/07\/04\/torcedores-do-santa-cruz-protestaram-por-aprovacao-da-saf-com-cessao-do-arruda\/"},"wordCount":361,"commentCount":0,"publisher":{"@id":"https:\/\/afogadosfm.com.br\/afogadosfm\/#organization"},"image":{"@id":"https:\/\/afogadosfm.com.br\/afogadosfm\/2025\/07\/04\/torcedores-do-santa-cruz-protestaram-por-aprovacao-da-saf-com-cessao-do-arruda\/#primaryimage"},"thumbnailUrl":"https:\/\/i0.wp.com\/afogadosfm.com.br\/afogadosfm\/wp-content\/uploads\/2017\/11\/santa-cruz.jpg?fit=245%2C160&ssl=1","articleSection":["Esporte"],"inLanguage":"pt-BR","potentialAction":[{"@type":"CommentAction","name":"Comment","target":["https:\/\/afogadosfm.com.br\/afogadosfm\/2025\/07\/04\/torcedores-do-santa-cruz-protestaram-por-aprovacao-da-saf-com-cessao-do-arruda\/#respond"]}]},{"@type":"WebPage","@id":"https:\/\/afogadosfm.com.br\/afogadosfm\/2025\/07\/04\/torcedores-do-santa-cruz-protestaram-por-aprovacao-da-saf-com-cessao-do-arruda\/","url":"https:\/\/afogadosfm.com.br\/afogadosfm\/2025\/07\/04\/torcedores-do-santa-cruz-protestaram-por-aprovacao-da-saf-com-cessao-do-arruda\/","name":"Torcedores do Santa Cruz protestaram por aprova\u00e7\u00e3o da SAF com cess\u00e3o do Arruda - Afogados FM","isPartOf":{"@id":"https:\/\/afogadosfm.com.br\/afogadosfm\/#website"},"primaryImageOfPage":{"@id":"https:\/\/afogadosfm.com.br\/afogadosfm\/2025\/07\/04\/torcedores-do-santa-cruz-protestaram-por-aprovacao-da-saf-com-cessao-do-arruda\/#primaryimage"},"image":{"@id":"https:\/\/afogadosfm.com.br\/afogadosfm\/2025\/07\/04\/torcedores-do-santa-cruz-protestaram-por-aprovacao-da-saf-com-cessao-do-arruda\/#primaryimage"},"thumbnailUrl":"https:\/\/i0.wp.com\/afogadosfm.com.br\/afogadosfm\/wp-content\/uploads\/2017\/11\/santa-cruz.jpg?fit=245%2C160&ssl=1","datePublished":"2025-07-04T09:30:26+00:00","dateModified":"2025-07-04T09:30:27+00:00","breadcrumb":{"@id":"https:\/\/afogadosfm.com.br\/afogadosfm\/2025\/07\/04\/torcedores-do-santa-cruz-protestaram-por-aprovacao-da-saf-com-cessao-do-arruda\/#breadcrumb"},"inLanguage":"pt-BR","potentialAction":[{"@type":"ReadAction","target":["https:\/\/afogadosfm.com.br\/afogadosfm\/2025\/07\/04\/torcedores-do-santa-cruz-protestaram-por-aprovacao-da-saf-com-cessao-do-arruda\/"]}]},{"@type":"ImageObject","inLanguage":"pt-BR","@id":"https:\/\/afogadosfm.com.br\/afogadosfm\/2025\/07\/04\/torcedores-do-santa-cruz-protestaram-por-aprovacao-da-saf-com-cessao-do-arruda\/#primaryimage","url":"https:\/\/i0.wp.com\/afogadosfm.com.br\/afogadosfm\/wp-content\/uploads\/2017\/11\/santa-cruz.jpg?fit=245%2C160&ssl=1","contentUrl":"https:\/\/i0.wp.com\/afogadosfm.com.br\/afogadosfm\/wp-content\/uploads\/2017\/11\/santa-cruz.jpg?fit=245%2C160&ssl=1","width":245,"height":160},{"@type":"BreadcrumbList","@id":"https:\/\/afogadosfm.com.br\/afogadosfm\/2025\/07\/04\/torcedores-do-santa-cruz-protestaram-por-aprovacao-da-saf-com-cessao-do-arruda\/#breadcrumb","itemListElement":[{"@type":"ListItem","position":1,"name":"In\u00edcio","item":"https:\/\/afogadosfm.com.br\/afogadosfm\/"},{"@type":"ListItem","position":2,"name":"Torcedores do Santa Cruz protestaram por aprova\u00e7\u00e3o da SAF com cess\u00e3o do Arruda"}]},{"@type":"WebSite","@id":"https:\/\/afogadosfm.com.br\/afogadosfm\/#website","url":"https:\/\/afogadosfm.com.br\/afogadosfm\/","name":"Afogados FM","description":"Um site completo!","publisher":{"@id":"https:\/\/afogadosfm.com.br\/afogadosfm\/#organization"},"potentialAction":[{"@type":"SearchAction","target":{"@type":"EntryPoint","urlTemplate":"https:\/\/afogadosfm.com.br\/afogadosfm\/?s={search_term_string}"},"query-input":{"@type":"PropertyValueSpecification","valueRequired":true,"valueName":"search_term_string"}}],"inLanguage":"pt-BR"},{"@type":"Organization","@id":"https:\/\/afogadosfm.com.br\/afogadosfm\/#organization","name":"Afogados FM","url":"https:\/\/afogadosfm.com.br\/afogadosfm\/","logo":{"@type":"ImageObject","inLanguage":"pt-BR","@id":"https:\/\/afogadosfm.com.br\/afogadosfm\/#\/schema\/logo\/image\/","url":"https:\/\/i0.wp.com\/afogadosfm.com.br\/afogadosfm\/wp-content\/uploads\/2020\/06\/cropped-banner-afogados-4.jpg?fit=369%2C137&ssl=1","contentUrl":"https:\/\/i0.wp.com\/afogadosfm.com.br\/afogadosfm\/wp-content\/uploads\/2020\/06\/cropped-banner-afogados-4.jpg?fit=369%2C137&ssl=1","width":369,"height":137,"caption":"Afogados FM"},"image":{"@id":"https:\/\/afogadosfm.com.br\/afogadosfm\/#\/schema\/logo\/image\/"}},{"@type":"Person","@id":"https:\/\/afogadosfm.com.br\/afogadosfm\/#\/schema\/person\/60e56f2cf5dc960fc093fe093d9e9057","name":"afogadosfm","image":{"@type":"ImageObject","inLanguage":"pt-BR","@id":"https:\/\/secure.gravatar.com\/avatar\/e0359add7ed5dc3560906d861b52c6a8cf5c1e199d3a7dd85070998f49bd4701?s=96&d=mm&r=g","url":"https:\/\/secure.gravatar.com\/avatar\/e0359add7ed5dc3560906d861b52c6a8cf5c1e199d3a7dd85070998f49bd4701?s=96&d=mm&r=g","contentUrl":"https:\/\/secure.gravatar.com\/avatar\/e0359add7ed5dc3560906d861b52c6a8cf5c1e199d3a7dd85070998f49bd4701?s=96&d=mm&r=g","caption":"afogadosfm"},"url":"https:\/\/afogadosfm.com.br\/afogadosfm\/author\/afogadosfm\/"}]}},"jetpack_publicize_connections":[],"jetpack_featured_media_url":"https:\/\/i0.wp.com\/afogadosfm.com.br\/afogadosfm\/wp-content\/uploads\/2017\/11\/santa-cruz.jpg?fit=245%2C160&ssl=1","jetpack-related-posts":[],"jetpack_sharing_enabled":true,"jetpack_likes_enabled":true,"_links":{"self":[{"href":"https:\/\/afogadosfm.com.br\/afogadosfm\/wp-json\/wp\/v2\/posts\/67124","targetHints":{"allow":["GET"]}}],"collection":[{"href":"https:\/\/afogadosfm.com.br\/afogadosfm\/wp-json\/wp\/v2\/posts"}],"about":[{"href":"https:\/\/afogadosfm.com.br\/afogadosfm\/wp-json\/wp\/v2\/types\/post"}],"author":[{"embeddable":true,"href":"https:\/\/afogadosfm.com.br\/afogadosfm\/wp-json\/wp\/v2\/users\/2"}],"replies":[{"embeddable":true,"href":"https:\/\/afogadosfm.com.br\/afogadosfm\/wp-json\/wp\/v2\/comments?post=67124"}],"version-history":[{"count":1,"href":"https:\/\/afogadosfm.com.br\/afogadosfm\/wp-json\/wp\/v2\/posts\/67124\/revisions"}],"predecessor-version":[{"id":67125,"href":"https:\/\/afogadosfm.com.br\/afogadosfm\/wp-json\/wp\/v2\/posts\/67124\/revisions\/67125"}],"wp:featuredmedia":[{"embeddable":true,"href":"https:\/\/afogadosfm.com.br\/afogadosfm\/wp-json\/wp\/v2\/media\/894"}],"wp:attachment":[{"href":"https:\/\/afogadosfm.com.br\/afogadosfm\/wp-json\/wp\/v2\/media?parent=67124"}],"wp:term":[{"taxonomy":"category","embeddable":true,"href":"https:\/\/afogadosfm.com.br\/afogadosfm\/wp-json\/wp\/v2\/categories?post=67124"},{"taxonomy":"post_tag","embeddable":true,"href":"https:\/\/afogadosfm.com.br\/afogadosfm\/wp-json\/wp\/v2\/tags?post=67124"}],"curies":[{"name":"wp","href":"https:\/\/api.w.org\/{rel}","templated":true}]}}