{"id":67127,"date":"2025-07-04T06:37:46","date_gmt":"2025-07-04T09:37:46","guid":{"rendered":"https:\/\/afogadosfm.com.br\/afogadosfm\/?p=67127"},"modified":"2025-07-04T06:37:47","modified_gmt":"2025-07-04T09:37:47","slug":"uniao-brasil-pp-e-republicanos-vao-ao-stf-contra-governo-para-manter-decisao-do-congresso-sobre-iof","status":"publish","type":"post","link":"https:\/\/afogadosfm.com.br\/afogadosfm\/2025\/07\/04\/uniao-brasil-pp-e-republicanos-vao-ao-stf-contra-governo-para-manter-decisao-do-congresso-sobre-iof\/","title":{"rendered":"Uni\u00e3o Brasil, PP e Republicanos v\u00e3o ao STF contra governo para manter decis\u00e3o do Congresso sobre IOF"},"content":{"rendered":"\n<p>Uni\u00e3o Brasil, Progressistas, Republicanos e mais cinco partidos protocolam nesta quinta-feira uma A\u00e7\u00e3o Declarat\u00f3ria de Constitucionalidade (ADC) no Supremo Tribunal Federal (STF) para garantir a validade do decreto legislativo que suspendeu o aumento do IOF, determinado pelo governo por meio de dois decretos presidenciais.<\/p>\n\n\n\n<p><br>Os partidos que apoiam a a\u00e7\u00e3o s\u00e3o: PSDB, Solidariedade, Progressistas, Uni\u00e3o Brasil, PRD, Republicanos, Podemos e Avante. Entre eles, tr\u00eas fazem parte da base governista e ocupam cargos em minist\u00e9rios na Esplanada.<\/p>\n\n\n\n<p>No Uni\u00e3o Brasil, o deputado Celso Sabino lidera o Minist\u00e9rio do Turismo, enquanto a pasta das Comunica\u00e7\u00f5es \u00e9 comandada por Frederico Siqueira Filho, tamb\u00e9m ligado ao partido. A sigla ainda indicou Waldez G\u00f3es (PDT) para o Desenvolvimento Regional. Progressistas e Republicanos t\u00eam um minist\u00e9rio cada, respectivamente de Esportes e de Portos e Aeroportos.<\/p>\n\n\n\n<p>A judicializa\u00e7\u00e3o da disputa sobre o IOF intensificou o embate entre Executivo e Legislativo. Nesta quarta-feira, em entrevista ao Jornal da Manh\u00e3, da TV Bahia, o presidente Luiz In\u00e1cio Lula da Silva afirmou que recorreu aos decretos para garantir governabilidade e defender a prerrogativa do Executivo:<\/p>\n\n\n\n<blockquote class=\"wp-block-quote is-layout-flow wp-block-quote-is-layout-flow\">\n<p>\u2014 O presidente tem que governar o pa\u00eds, e decreto \u00e9 coisa do presidente. Voc\u00ea pode ter um decreto legislativo quando h\u00e1 inconstitucionalidade. O governo tem o direito de propor ajustes no IOF, sim. Estamos propondo um reajuste tribut\u00e1rio para beneficiar os mais pobres. O dado concreto \u00e9 que os interesses de poucos prevaleceram na C\u00e2mara e no Senado, o que \u00e9 um absurdo \u2014 declarou.<\/p>\n<\/blockquote>\n\n\n\n<p>Para os partidos, o Congresso agiu corretamente ao barrar os aumentos do imposto feitos sem passar pelo devido processo legislativo e a a\u00e7\u00e3o no STF visa preservar a seguran\u00e7a jur\u00eddica, o equil\u00edbrio fiscal e o respeito \u00e0 Constitui\u00e7\u00e3o.<\/p>\n\n\n\n<p>Da Ag\u00eancia O Globo<\/p>\n","protected":false},"excerpt":{"rendered":"<p>Uni\u00e3o Brasil, Progressistas, Republicanos e mais cinco partidos protocolam nesta quinta-feira uma A\u00e7\u00e3o Declarat\u00f3ria de Constitucionalidade (ADC) no Supremo Tribunal<\/p>\n","protected":false},"author":2,"featured_media":2817,"comment_status":"open","ping_status":"open","sticky":false,"template":"","format":"standard","meta":{"jetpack_post_was_ever_published":false,"_jetpack_newsletter_access":"","_jetpack_dont_email_post_to_subs":false,"_jetpack_newsletter_tier_id":0,"_jetpack_memberships_contains_paywalled_content":false,"_jetpack_memberships_contains_paid_content":false,"footnotes":"","jetpack_publicize_message":"","jetpack_publicize_feature_enabled":true,"jetpack_social_post_already_shared":true,"jetpack_social_options":{"image_generator_settings":{"template":"highway","default_image_id":0,"font":"","enabled":false},"version":2}},"categories":[12],"tags":[],"class_list":["post-67127","post","type-post","status-publish","format-standard","has-post-thumbnail","hentry","category-brasil"],"yoast_head":"<!-- This site is optimized with the Yoast SEO plugin v27.5 - https:\/\/yoast.com\/product\/yoast-seo-wordpress\/ -->\n<title>Uni\u00e3o Brasil, PP e Republicanos v\u00e3o ao STF contra governo para manter decis\u00e3o do Congresso sobre IOF - Afogados FM<\/title>\n<meta name=\"robots\" content=\"index, follow, max-snippet:-1, max-image-preview:large, max-video-preview:-1\" \/>\n<link rel=\"canonical\" href=\"https:\/\/afogadosfm.com.br\/afogadosfm\/2025\/07\/04\/uniao-brasil-pp-e-republicanos-vao-ao-stf-contra-governo-para-manter-decisao-do-congresso-sobre-iof\/\" \/>\n<meta property=\"og:locale\" content=\"pt_BR\" \/>\n<meta property=\"og:type\" content=\"article\" \/>\n<meta property=\"og:title\" content=\"Uni\u00e3o Brasil, PP e Republicanos v\u00e3o ao STF contra governo para manter decis\u00e3o do Congresso sobre IOF - Afogados FM\" \/>\n<meta property=\"og:description\" content=\"Uni\u00e3o Brasil, Progressistas, Republicanos e mais cinco partidos protocolam nesta quinta-feira uma A\u00e7\u00e3o Declarat\u00f3ria de Constitucionalidade (ADC) no Supremo Tribunal\" \/>\n<meta property=\"og:url\" content=\"https:\/\/afogadosfm.com.br\/afogadosfm\/2025\/07\/04\/uniao-brasil-pp-e-republicanos-vao-ao-stf-contra-governo-para-manter-decisao-do-congresso-sobre-iof\/\" \/>\n<meta property=\"og:site_name\" content=\"Afogados FM\" \/>\n<meta property=\"article:published_time\" content=\"2025-07-04T09:37:46+00:00\" \/>\n<meta property=\"article:modified_time\" content=\"2025-07-04T09:37:47+00:00\" \/>\n<meta property=\"og:image\" content=\"https:\/\/afogadosfm.com.br\/afogadosfm\/wp-content\/uploads\/2018\/03\/stf-1.png\" \/>\n\t<meta property=\"og:image:width\" content=\"474\" \/>\n\t<meta property=\"og:image:height\" content=\"201\" \/>\n\t<meta property=\"og:image:type\" content=\"image\/png\" \/>\n<meta name=\"author\" content=\"afogadosfm\" \/>\n<meta name=\"twitter:card\" content=\"summary_large_image\" \/>\n<meta name=\"twitter:label1\" content=\"Escrito por\" \/>\n\t<meta name=\"twitter:data1\" content=\"afogadosfm\" \/>\n\t<meta name=\"twitter:label2\" content=\"Est. tempo de leitura\" \/>\n\t<meta name=\"twitter:data2\" content=\"2 minutos\" \/>\n<script type=\"application\/ld+json\" class=\"yoast-schema-graph\">{\"@context\":\"https:\\\/\\\/schema.org\",\"@graph\":[{\"@type\":\"Article\",\"@id\":\"https:\\\/\\\/afogadosfm.com.br\\\/afogadosfm\\\/2025\\\/07\\\/04\\\/uniao-brasil-pp-e-republicanos-vao-ao-stf-contra-governo-para-manter-decisao-do-congresso-sobre-iof\\\/#article\",\"isPartOf\":{\"@id\":\"https:\\\/\\\/afogadosfm.com.br\\\/afogadosfm\\\/2025\\\/07\\\/04\\\/uniao-brasil-pp-e-republicanos-vao-ao-stf-contra-governo-para-manter-decisao-do-congresso-sobre-iof\\\/\"},\"author\":{\"name\":\"afogadosfm\",\"@id\":\"https:\\\/\\\/afogadosfm.com.br\\\/afogadosfm\\\/#\\\/schema\\\/person\\\/60e56f2cf5dc960fc093fe093d9e9057\"},\"headline\":\"Uni\u00e3o Brasil, PP e Republicanos v\u00e3o ao STF contra governo para manter decis\u00e3o do Congresso sobre IOF\",\"datePublished\":\"2025-07-04T09:37:46+00:00\",\"dateModified\":\"2025-07-04T09:37:47+00:00\",\"mainEntityOfPage\":{\"@id\":\"https:\\\/\\\/afogadosfm.com.br\\\/afogadosfm\\\/2025\\\/07\\\/04\\\/uniao-brasil-pp-e-republicanos-vao-ao-stf-contra-governo-para-manter-decisao-do-congresso-sobre-iof\\\/\"},\"wordCount\":322,\"commentCount\":0,\"publisher\":{\"@id\":\"https:\\\/\\\/afogadosfm.com.br\\\/afogadosfm\\\/#organization\"},\"image\":{\"@id\":\"https:\\\/\\\/afogadosfm.com.br\\\/afogadosfm\\\/2025\\\/07\\\/04\\\/uniao-brasil-pp-e-republicanos-vao-ao-stf-contra-governo-para-manter-decisao-do-congresso-sobre-iof\\\/#primaryimage\"},\"thumbnailUrl\":\"https:\\\/\\\/i0.wp.com\\\/afogadosfm.com.br\\\/afogadosfm\\\/wp-content\\\/uploads\\\/2018\\\/03\\\/stf-1.png?fit=474%2C201&ssl=1\",\"articleSection\":[\"Brasil\"],\"inLanguage\":\"pt-BR\",\"potentialAction\":[{\"@type\":\"CommentAction\",\"name\":\"Comment\",\"target\":[\"https:\\\/\\\/afogadosfm.com.br\\\/afogadosfm\\\/2025\\\/07\\\/04\\\/uniao-brasil-pp-e-republicanos-vao-ao-stf-contra-governo-para-manter-decisao-do-congresso-sobre-iof\\\/#respond\"]}]},{\"@type\":\"WebPage\",\"@id\":\"https:\\\/\\\/afogadosfm.com.br\\\/afogadosfm\\\/2025\\\/07\\\/04\\\/uniao-brasil-pp-e-republicanos-vao-ao-stf-contra-governo-para-manter-decisao-do-congresso-sobre-iof\\\/\",\"url\":\"https:\\\/\\\/afogadosfm.com.br\\\/afogadosfm\\\/2025\\\/07\\\/04\\\/uniao-brasil-pp-e-republicanos-vao-ao-stf-contra-governo-para-manter-decisao-do-congresso-sobre-iof\\\/\",\"name\":\"Uni\u00e3o Brasil, PP e Republicanos v\u00e3o ao STF contra governo para manter decis\u00e3o do Congresso sobre IOF - Afogados FM\",\"isPartOf\":{\"@id\":\"https:\\\/\\\/afogadosfm.com.br\\\/afogadosfm\\\/#website\"},\"primaryImageOfPage\":{\"@id\":\"https:\\\/\\\/afogadosfm.com.br\\\/afogadosfm\\\/2025\\\/07\\\/04\\\/uniao-brasil-pp-e-republicanos-vao-ao-stf-contra-governo-para-manter-decisao-do-congresso-sobre-iof\\\/#primaryimage\"},\"image\":{\"@id\":\"https:\\\/\\\/afogadosfm.com.br\\\/afogadosfm\\\/2025\\\/07\\\/04\\\/uniao-brasil-pp-e-republicanos-vao-ao-stf-contra-governo-para-manter-decisao-do-congresso-sobre-iof\\\/#primaryimage\"},\"thumbnailUrl\":\"https:\\\/\\\/i0.wp.com\\\/afogadosfm.com.br\\\/afogadosfm\\\/wp-content\\\/uploads\\\/2018\\\/03\\\/stf-1.png?fit=474%2C201&ssl=1\",\"datePublished\":\"2025-07-04T09:37:46+00:00\",\"dateModified\":\"2025-07-04T09:37:47+00:00\",\"breadcrumb\":{\"@id\":\"https:\\\/\\\/afogadosfm.com.br\\\/afogadosfm\\\/2025\\\/07\\\/04\\\/uniao-brasil-pp-e-republicanos-vao-ao-stf-contra-governo-para-manter-decisao-do-congresso-sobre-iof\\\/#breadcrumb\"},\"inLanguage\":\"pt-BR\",\"potentialAction\":[{\"@type\":\"ReadAction\",\"target\":[\"https:\\\/\\\/afogadosfm.com.br\\\/afogadosfm\\\/2025\\\/07\\\/04\\\/uniao-brasil-pp-e-republicanos-vao-ao-stf-contra-governo-para-manter-decisao-do-congresso-sobre-iof\\\/\"]}]},{\"@type\":\"ImageObject\",\"inLanguage\":\"pt-BR\",\"@id\":\"https:\\\/\\\/afogadosfm.com.br\\\/afogadosfm\\\/2025\\\/07\\\/04\\\/uniao-brasil-pp-e-republicanos-vao-ao-stf-contra-governo-para-manter-decisao-do-congresso-sobre-iof\\\/#primaryimage\",\"url\":\"https:\\\/\\\/i0.wp.com\\\/afogadosfm.com.br\\\/afogadosfm\\\/wp-content\\\/uploads\\\/2018\\\/03\\\/stf-1.png?fit=474%2C201&ssl=1\",\"contentUrl\":\"https:\\\/\\\/i0.wp.com\\\/afogadosfm.com.br\\\/afogadosfm\\\/wp-content\\\/uploads\\\/2018\\\/03\\\/stf-1.png?fit=474%2C201&ssl=1\",\"width\":474,\"height\":201},{\"@type\":\"BreadcrumbList\",\"@id\":\"https:\\\/\\\/afogadosfm.com.br\\\/afogadosfm\\\/2025\\\/07\\\/04\\\/uniao-brasil-pp-e-republicanos-vao-ao-stf-contra-governo-para-manter-decisao-do-congresso-sobre-iof\\\/#breadcrumb\",\"itemListElement\":[{\"@type\":\"ListItem\",\"position\":1,\"name\":\"In\u00edcio\",\"item\":\"https:\\\/\\\/afogadosfm.com.br\\\/afogadosfm\\\/\"},{\"@type\":\"ListItem\",\"position\":2,\"name\":\"Uni\u00e3o Brasil, PP e Republicanos v\u00e3o ao STF contra governo para manter decis\u00e3o do Congresso sobre IOF\"}]},{\"@type\":\"WebSite\",\"@id\":\"https:\\\/\\\/afogadosfm.com.br\\\/afogadosfm\\\/#website\",\"url\":\"https:\\\/\\\/afogadosfm.com.br\\\/afogadosfm\\\/\",\"name\":\"Afogados FM\",\"description\":\"Um site completo!\",\"publisher\":{\"@id\":\"https:\\\/\\\/afogadosfm.com.br\\\/afogadosfm\\\/#organization\"},\"potentialAction\":[{\"@type\":\"SearchAction\",\"target\":{\"@type\":\"EntryPoint\",\"urlTemplate\":\"https:\\\/\\\/afogadosfm.com.br\\\/afogadosfm\\\/?s={search_term_string}\"},\"query-input\":{\"@type\":\"PropertyValueSpecification\",\"valueRequired\":true,\"valueName\":\"search_term_string\"}}],\"inLanguage\":\"pt-BR\"},{\"@type\":\"Organization\",\"@id\":\"https:\\\/\\\/afogadosfm.com.br\\\/afogadosfm\\\/#organization\",\"name\":\"Afogados FM\",\"url\":\"https:\\\/\\\/afogadosfm.com.br\\\/afogadosfm\\\/\",\"logo\":{\"@type\":\"ImageObject\",\"inLanguage\":\"pt-BR\",\"@id\":\"https:\\\/\\\/afogadosfm.com.br\\\/afogadosfm\\\/#\\\/schema\\\/logo\\\/image\\\/\",\"url\":\"https:\\\/\\\/i0.wp.com\\\/afogadosfm.com.br\\\/afogadosfm\\\/wp-content\\\/uploads\\\/2020\\\/06\\\/cropped-banner-afogados-4.jpg?fit=369%2C137&ssl=1\",\"contentUrl\":\"https:\\\/\\\/i0.wp.com\\\/afogadosfm.com.br\\\/afogadosfm\\\/wp-content\\\/uploads\\\/2020\\\/06\\\/cropped-banner-afogados-4.jpg?fit=369%2C137&ssl=1\",\"width\":369,\"height\":137,\"caption\":\"Afogados FM\"},\"image\":{\"@id\":\"https:\\\/\\\/afogadosfm.com.br\\\/afogadosfm\\\/#\\\/schema\\\/logo\\\/image\\\/\"}},{\"@type\":\"Person\",\"@id\":\"https:\\\/\\\/afogadosfm.com.br\\\/afogadosfm\\\/#\\\/schema\\\/person\\\/60e56f2cf5dc960fc093fe093d9e9057\",\"name\":\"afogadosfm\",\"image\":{\"@type\":\"ImageObject\",\"inLanguage\":\"pt-BR\",\"@id\":\"https:\\\/\\\/secure.gravatar.com\\\/avatar\\\/e0359add7ed5dc3560906d861b52c6a8cf5c1e199d3a7dd85070998f49bd4701?s=96&d=mm&r=g\",\"url\":\"https:\\\/\\\/secure.gravatar.com\\\/avatar\\\/e0359add7ed5dc3560906d861b52c6a8cf5c1e199d3a7dd85070998f49bd4701?s=96&d=mm&r=g\",\"contentUrl\":\"https:\\\/\\\/secure.gravatar.com\\\/avatar\\\/e0359add7ed5dc3560906d861b52c6a8cf5c1e199d3a7dd85070998f49bd4701?s=96&d=mm&r=g\",\"caption\":\"afogadosfm\"},\"url\":\"https:\\\/\\\/afogadosfm.com.br\\\/afogadosfm\\\/author\\\/afogadosfm\\\/\"}]}<\/script>\n<!-- \/ Yoast SEO plugin. -->","yoast_head_json":{"title":"Uni\u00e3o Brasil, PP e Republicanos v\u00e3o ao STF contra governo para manter decis\u00e3o do Congresso sobre IOF - Afogados FM","robots":{"index":"index","follow":"follow","max-snippet":"max-snippet:-1","max-image-preview":"max-image-preview:large","max-video-preview":"max-video-preview:-1"},"canonical":"https:\/\/afogadosfm.com.br\/afogadosfm\/2025\/07\/04\/uniao-brasil-pp-e-republicanos-vao-ao-stf-contra-governo-para-manter-decisao-do-congresso-sobre-iof\/","og_locale":"pt_BR","og_type":"article","og_title":"Uni\u00e3o Brasil, PP e Republicanos v\u00e3o ao STF contra governo para manter decis\u00e3o do Congresso sobre IOF - Afogados FM","og_description":"Uni\u00e3o Brasil, Progressistas, Republicanos e mais cinco partidos protocolam nesta quinta-feira uma A\u00e7\u00e3o Declarat\u00f3ria de Constitucionalidade (ADC) no Supremo Tribunal","og_url":"https:\/\/afogadosfm.com.br\/afogadosfm\/2025\/07\/04\/uniao-brasil-pp-e-republicanos-vao-ao-stf-contra-governo-para-manter-decisao-do-congresso-sobre-iof\/","og_site_name":"Afogados FM","article_published_time":"2025-07-04T09:37:46+00:00","article_modified_time":"2025-07-04T09:37:47+00:00","og_image":[{"width":474,"height":201,"url":"https:\/\/afogadosfm.com.br\/afogadosfm\/wp-content\/uploads\/2018\/03\/stf-1.png","type":"image\/png"}],"author":"afogadosfm","twitter_card":"summary_large_image","twitter_misc":{"Escrito por":"afogadosfm","Est. tempo de leitura":"2 minutos"},"schema":{"@context":"https:\/\/schema.org","@graph":[{"@type":"Article","@id":"https:\/\/afogadosfm.com.br\/afogadosfm\/2025\/07\/04\/uniao-brasil-pp-e-republicanos-vao-ao-stf-contra-governo-para-manter-decisao-do-congresso-sobre-iof\/#article","isPartOf":{"@id":"https:\/\/afogadosfm.com.br\/afogadosfm\/2025\/07\/04\/uniao-brasil-pp-e-republicanos-vao-ao-stf-contra-governo-para-manter-decisao-do-congresso-sobre-iof\/"},"author":{"name":"afogadosfm","@id":"https:\/\/afogadosfm.com.br\/afogadosfm\/#\/schema\/person\/60e56f2cf5dc960fc093fe093d9e9057"},"headline":"Uni\u00e3o Brasil, PP e Republicanos v\u00e3o ao STF contra governo para manter decis\u00e3o do Congresso sobre IOF","datePublished":"2025-07-04T09:37:46+00:00","dateModified":"2025-07-04T09:37:47+00:00","mainEntityOfPage":{"@id":"https:\/\/afogadosfm.com.br\/afogadosfm\/2025\/07\/04\/uniao-brasil-pp-e-republicanos-vao-ao-stf-contra-governo-para-manter-decisao-do-congresso-sobre-iof\/"},"wordCount":322,"commentCount":0,"publisher":{"@id":"https:\/\/afogadosfm.com.br\/afogadosfm\/#organization"},"image":{"@id":"https:\/\/afogadosfm.com.br\/afogadosfm\/2025\/07\/04\/uniao-brasil-pp-e-republicanos-vao-ao-stf-contra-governo-para-manter-decisao-do-congresso-sobre-iof\/#primaryimage"},"thumbnailUrl":"https:\/\/i0.wp.com\/afogadosfm.com.br\/afogadosfm\/wp-content\/uploads\/2018\/03\/stf-1.png?fit=474%2C201&ssl=1","articleSection":["Brasil"],"inLanguage":"pt-BR","potentialAction":[{"@type":"CommentAction","name":"Comment","target":["https:\/\/afogadosfm.com.br\/afogadosfm\/2025\/07\/04\/uniao-brasil-pp-e-republicanos-vao-ao-stf-contra-governo-para-manter-decisao-do-congresso-sobre-iof\/#respond"]}]},{"@type":"WebPage","@id":"https:\/\/afogadosfm.com.br\/afogadosfm\/2025\/07\/04\/uniao-brasil-pp-e-republicanos-vao-ao-stf-contra-governo-para-manter-decisao-do-congresso-sobre-iof\/","url":"https:\/\/afogadosfm.com.br\/afogadosfm\/2025\/07\/04\/uniao-brasil-pp-e-republicanos-vao-ao-stf-contra-governo-para-manter-decisao-do-congresso-sobre-iof\/","name":"Uni\u00e3o Brasil, PP e Republicanos v\u00e3o ao STF contra governo para manter decis\u00e3o do Congresso sobre IOF - Afogados FM","isPartOf":{"@id":"https:\/\/afogadosfm.com.br\/afogadosfm\/#website"},"primaryImageOfPage":{"@id":"https:\/\/afogadosfm.com.br\/afogadosfm\/2025\/07\/04\/uniao-brasil-pp-e-republicanos-vao-ao-stf-contra-governo-para-manter-decisao-do-congresso-sobre-iof\/#primaryimage"},"image":{"@id":"https:\/\/afogadosfm.com.br\/afogadosfm\/2025\/07\/04\/uniao-brasil-pp-e-republicanos-vao-ao-stf-contra-governo-para-manter-decisao-do-congresso-sobre-iof\/#primaryimage"},"thumbnailUrl":"https:\/\/i0.wp.com\/afogadosfm.com.br\/afogadosfm\/wp-content\/uploads\/2018\/03\/stf-1.png?fit=474%2C201&ssl=1","datePublished":"2025-07-04T09:37:46+00:00","dateModified":"2025-07-04T09:37:47+00:00","breadcrumb":{"@id":"https:\/\/afogadosfm.com.br\/afogadosfm\/2025\/07\/04\/uniao-brasil-pp-e-republicanos-vao-ao-stf-contra-governo-para-manter-decisao-do-congresso-sobre-iof\/#breadcrumb"},"inLanguage":"pt-BR","potentialAction":[{"@type":"ReadAction","target":["https:\/\/afogadosfm.com.br\/afogadosfm\/2025\/07\/04\/uniao-brasil-pp-e-republicanos-vao-ao-stf-contra-governo-para-manter-decisao-do-congresso-sobre-iof\/"]}]},{"@type":"ImageObject","inLanguage":"pt-BR","@id":"https:\/\/afogadosfm.com.br\/afogadosfm\/2025\/07\/04\/uniao-brasil-pp-e-republicanos-vao-ao-stf-contra-governo-para-manter-decisao-do-congresso-sobre-iof\/#primaryimage","url":"https:\/\/i0.wp.com\/afogadosfm.com.br\/afogadosfm\/wp-content\/uploads\/2018\/03\/stf-1.png?fit=474%2C201&ssl=1","contentUrl":"https:\/\/i0.wp.com\/afogadosfm.com.br\/afogadosfm\/wp-content\/uploads\/2018\/03\/stf-1.png?fit=474%2C201&ssl=1","width":474,"height":201},{"@type":"BreadcrumbList","@id":"https:\/\/afogadosfm.com.br\/afogadosfm\/2025\/07\/04\/uniao-brasil-pp-e-republicanos-vao-ao-stf-contra-governo-para-manter-decisao-do-congresso-sobre-iof\/#breadcrumb","itemListElement":[{"@type":"ListItem","position":1,"name":"In\u00edcio","item":"https:\/\/afogadosfm.com.br\/afogadosfm\/"},{"@type":"ListItem","position":2,"name":"Uni\u00e3o Brasil, PP e Republicanos v\u00e3o ao STF contra governo para manter decis\u00e3o do Congresso sobre IOF"}]},{"@type":"WebSite","@id":"https:\/\/afogadosfm.com.br\/afogadosfm\/#website","url":"https:\/\/afogadosfm.com.br\/afogadosfm\/","name":"Afogados FM","description":"Um site completo!","publisher":{"@id":"https:\/\/afogadosfm.com.br\/afogadosfm\/#organization"},"potentialAction":[{"@type":"SearchAction","target":{"@type":"EntryPoint","urlTemplate":"https:\/\/afogadosfm.com.br\/afogadosfm\/?s={search_term_string}"},"query-input":{"@type":"PropertyValueSpecification","valueRequired":true,"valueName":"search_term_string"}}],"inLanguage":"pt-BR"},{"@type":"Organization","@id":"https:\/\/afogadosfm.com.br\/afogadosfm\/#organization","name":"Afogados FM","url":"https:\/\/afogadosfm.com.br\/afogadosfm\/","logo":{"@type":"ImageObject","inLanguage":"pt-BR","@id":"https:\/\/afogadosfm.com.br\/afogadosfm\/#\/schema\/logo\/image\/","url":"https:\/\/i0.wp.com\/afogadosfm.com.br\/afogadosfm\/wp-content\/uploads\/2020\/06\/cropped-banner-afogados-4.jpg?fit=369%2C137&ssl=1","contentUrl":"https:\/\/i0.wp.com\/afogadosfm.com.br\/afogadosfm\/wp-content\/uploads\/2020\/06\/cropped-banner-afogados-4.jpg?fit=369%2C137&ssl=1","width":369,"height":137,"caption":"Afogados FM"},"image":{"@id":"https:\/\/afogadosfm.com.br\/afogadosfm\/#\/schema\/logo\/image\/"}},{"@type":"Person","@id":"https:\/\/afogadosfm.com.br\/afogadosfm\/#\/schema\/person\/60e56f2cf5dc960fc093fe093d9e9057","name":"afogadosfm","image":{"@type":"ImageObject","inLanguage":"pt-BR","@id":"https:\/\/secure.gravatar.com\/avatar\/e0359add7ed5dc3560906d861b52c6a8cf5c1e199d3a7dd85070998f49bd4701?s=96&d=mm&r=g","url":"https:\/\/secure.gravatar.com\/avatar\/e0359add7ed5dc3560906d861b52c6a8cf5c1e199d3a7dd85070998f49bd4701?s=96&d=mm&r=g","contentUrl":"https:\/\/secure.gravatar.com\/avatar\/e0359add7ed5dc3560906d861b52c6a8cf5c1e199d3a7dd85070998f49bd4701?s=96&d=mm&r=g","caption":"afogadosfm"},"url":"https:\/\/afogadosfm.com.br\/afogadosfm\/author\/afogadosfm\/"}]}},"jetpack_publicize_connections":[],"jetpack_featured_media_url":"https:\/\/i0.wp.com\/afogadosfm.com.br\/afogadosfm\/wp-content\/uploads\/2018\/03\/stf-1.png?fit=474%2C201&ssl=1","jetpack-related-posts":[],"jetpack_sharing_enabled":true,"jetpack_likes_enabled":true,"_links":{"self":[{"href":"https:\/\/afogadosfm.com.br\/afogadosfm\/wp-json\/wp\/v2\/posts\/67127","targetHints":{"allow":["GET"]}}],"collection":[{"href":"https:\/\/afogadosfm.com.br\/afogadosfm\/wp-json\/wp\/v2\/posts"}],"about":[{"href":"https:\/\/afogadosfm.com.br\/afogadosfm\/wp-json\/wp\/v2\/types\/post"}],"author":[{"embeddable":true,"href":"https:\/\/afogadosfm.com.br\/afogadosfm\/wp-json\/wp\/v2\/users\/2"}],"replies":[{"embeddable":true,"href":"https:\/\/afogadosfm.com.br\/afogadosfm\/wp-json\/wp\/v2\/comments?post=67127"}],"version-history":[{"count":1,"href":"https:\/\/afogadosfm.com.br\/afogadosfm\/wp-json\/wp\/v2\/posts\/67127\/revisions"}],"predecessor-version":[{"id":67128,"href":"https:\/\/afogadosfm.com.br\/afogadosfm\/wp-json\/wp\/v2\/posts\/67127\/revisions\/67128"}],"wp:featuredmedia":[{"embeddable":true,"href":"https:\/\/afogadosfm.com.br\/afogadosfm\/wp-json\/wp\/v2\/media\/2817"}],"wp:attachment":[{"href":"https:\/\/afogadosfm.com.br\/afogadosfm\/wp-json\/wp\/v2\/media?parent=67127"}],"wp:term":[{"taxonomy":"category","embeddable":true,"href":"https:\/\/afogadosfm.com.br\/afogadosfm\/wp-json\/wp\/v2\/categories?post=67127"},{"taxonomy":"post_tag","embeddable":true,"href":"https:\/\/afogadosfm.com.br\/afogadosfm\/wp-json\/wp\/v2\/tags?post=67127"}],"curies":[{"name":"wp","href":"https:\/\/api.w.org\/{rel}","templated":true}]}}