{"id":67138,"date":"2025-07-05T07:39:48","date_gmt":"2025-07-05T10:39:48","guid":{"rendered":"https:\/\/afogadosfm.com.br\/afogadosfm\/?p=67138"},"modified":"2025-07-05T07:39:50","modified_gmt":"2025-07-05T10:39:50","slug":"quem-sao-os-super-ricos-que-o-governo-deseja-taxar","status":"publish","type":"post","link":"https:\/\/afogadosfm.com.br\/afogadosfm\/2025\/07\/05\/quem-sao-os-super-ricos-que-o-governo-deseja-taxar\/","title":{"rendered":"Quem s\u00e3o os super-ricos que o governo deseja taxar"},"content":{"rendered":"\n<p>O governo federal estabeleceu como super-ricos os brasileiros que recebem mais de R$ 50 mil por m\u00eas, equivalente a R$ 600 mil anuais, para aplicar uma nova tributa\u00e7\u00e3o m\u00ednima progressiva. Essa defini\u00e7\u00e3o abrange aproximadamente 141 mil contribuintes no pa\u00eds, incluindo executivos de grandes empresas, empres\u00e1rios bem-sucedidos, investidores com patrim\u00f4nio significativo e profissionais liberais de alta renda que representam menos de 1% dos declarantes do Imposto de Renda.<\/p>\n\n\n\n<p>As al\u00edquotas propostas variam conforme a faixa de renda, come\u00e7ando em 2,5% para rendas anuais entre R$ 600 mil e R$ 750 mil, subindo para 5% na faixa de R$ 750 mil a R$ 900 mil, chegando a 7,5% entre R$ 900 mil e R$ 1,05 milh\u00e3o, e atingindo o teto de 10% para quem ganha acima de R$ 1,2 milh\u00e3o por ano. O c\u00e1lculo considera a renda global do contribuinte, incluindo sal\u00e1rios, alugu\u00e9is, dividendos e outros rendimentos.<\/p>\n\n\n\n<p>Do outro lado da balan\u00e7a, a medida beneficiar\u00e1 cerca de 10 milh\u00f5es de brasileiros que ganham at\u00e9 R$ 5 mil mensais, que ficar\u00e3o isentos do Imposto de Renda. Adicionalmente, quem recebe entre R$ 5 mil e R$ 7 mil ter\u00e1 desconto no IR, elevando para 26 milh\u00f5es o total de contribuintes isentos, representando 65% dos declarantes. A proposta visa arrecadar aproximadamente R$ 25 bilh\u00f5es em 2026 para compensar a redu\u00e7\u00e3o da receita com essas isen\u00e7\u00f5es.<\/p>\n\n\n\n<p>A iniciativa enfrenta forte resist\u00eancia no Congresso Nacional, onde a oposi\u00e7\u00e3o articula estrat\u00e9gias para barrar especificamente a taxa\u00e7\u00e3o dos superricos. A bancada do Partido Liberal planeja n\u00e3o se opor \u00e0 isen\u00e7\u00e3o para a classe m\u00e9dia, por seu apelo popular, mas quer retirar a compensa\u00e7\u00e3o via tributa\u00e7\u00e3o dos mais ricos, pressionando o governo a focar em cortes de gastos, embora venha aumentando seus pr\u00f3prios gastos. Mesmo na base governista h\u00e1 resist\u00eancia, j\u00e1 que muitos parlamentares podem ser atingidos pelo imposto m\u00ednimo proposto.<\/p>\n\n\n\n<p>O projeto tramita na C\u00e2mara dos Deputados em um contexto pol\u00edtico tenso, com movimentos sociais organizando plebiscitos populares e protestos para pressionar os parlamentares. A proposta se alinha com uma iniciativa internacional liderada pelo Brasil e Espanha na ONU para tributa\u00e7\u00e3o global dos super-ricos, considerando que o 1% mais rico mundial det\u00e9m mais riqueza que 95% da popula\u00e7\u00e3o. Para entrar em vigor em 2026, ano eleitoral, o texto precisa ser aprovado ainda em 2025.<\/p>\n","protected":false},"excerpt":{"rendered":"<p>O governo federal estabeleceu como super-ricos os brasileiros que recebem mais de R$ 50 mil por m\u00eas, equivalente a R$<\/p>\n","protected":false},"author":2,"featured_media":8194,"comment_status":"open","ping_status":"open","sticky":false,"template":"","format":"standard","meta":{"jetpack_post_was_ever_published":false,"_jetpack_newsletter_access":"","_jetpack_dont_email_post_to_subs":false,"_jetpack_newsletter_tier_id":0,"_jetpack_memberships_contains_paywalled_content":false,"_jetpack_memberships_contains_paid_content":false,"footnotes":"","jetpack_publicize_message":"","jetpack_publicize_feature_enabled":true,"jetpack_social_post_already_shared":true,"jetpack_social_options":{"image_generator_settings":{"template":"highway","default_image_id":0,"font":"","enabled":false},"version":2}},"categories":[36],"tags":[],"class_list":["post-67138","post","type-post","status-publish","format-standard","has-post-thumbnail","hentry","category-economia"],"yoast_head":"<!-- This site is optimized with the Yoast SEO plugin v27.5 - https:\/\/yoast.com\/product\/yoast-seo-wordpress\/ -->\n<title>Quem s\u00e3o os super-ricos que o governo deseja taxar - Afogados FM<\/title>\n<meta name=\"robots\" content=\"index, follow, max-snippet:-1, max-image-preview:large, max-video-preview:-1\" \/>\n<link rel=\"canonical\" href=\"https:\/\/afogadosfm.com.br\/afogadosfm\/2025\/07\/05\/quem-sao-os-super-ricos-que-o-governo-deseja-taxar\/\" \/>\n<meta property=\"og:locale\" content=\"pt_BR\" \/>\n<meta property=\"og:type\" content=\"article\" \/>\n<meta property=\"og:title\" content=\"Quem s\u00e3o os super-ricos que o governo deseja taxar - Afogados FM\" \/>\n<meta property=\"og:description\" content=\"O governo federal estabeleceu como super-ricos os brasileiros que recebem mais de R$ 50 mil por m\u00eas, equivalente a R$\" \/>\n<meta property=\"og:url\" content=\"https:\/\/afogadosfm.com.br\/afogadosfm\/2025\/07\/05\/quem-sao-os-super-ricos-que-o-governo-deseja-taxar\/\" \/>\n<meta property=\"og:site_name\" content=\"Afogados FM\" \/>\n<meta property=\"article:published_time\" content=\"2025-07-05T10:39:48+00:00\" \/>\n<meta property=\"article:modified_time\" content=\"2025-07-05T10:39:50+00:00\" \/>\n<meta property=\"og:image\" content=\"https:\/\/afogadosfm.com.br\/afogadosfm\/wp-content\/uploads\/2019\/01\/dolar.jpg\" \/>\n\t<meta property=\"og:image:width\" content=\"1140\" \/>\n\t<meta property=\"og:image:height\" content=\"760\" \/>\n\t<meta property=\"og:image:type\" content=\"image\/jpeg\" \/>\n<meta name=\"author\" content=\"afogadosfm\" \/>\n<meta name=\"twitter:card\" content=\"summary_large_image\" \/>\n<meta name=\"twitter:label1\" content=\"Escrito por\" \/>\n\t<meta name=\"twitter:data1\" content=\"afogadosfm\" \/>\n\t<meta name=\"twitter:label2\" content=\"Est. tempo de leitura\" \/>\n\t<meta name=\"twitter:data2\" content=\"3 minutos\" \/>\n<script type=\"application\/ld+json\" class=\"yoast-schema-graph\">{\"@context\":\"https:\\\/\\\/schema.org\",\"@graph\":[{\"@type\":\"Article\",\"@id\":\"https:\\\/\\\/afogadosfm.com.br\\\/afogadosfm\\\/2025\\\/07\\\/05\\\/quem-sao-os-super-ricos-que-o-governo-deseja-taxar\\\/#article\",\"isPartOf\":{\"@id\":\"https:\\\/\\\/afogadosfm.com.br\\\/afogadosfm\\\/2025\\\/07\\\/05\\\/quem-sao-os-super-ricos-que-o-governo-deseja-taxar\\\/\"},\"author\":{\"name\":\"afogadosfm\",\"@id\":\"https:\\\/\\\/afogadosfm.com.br\\\/afogadosfm\\\/#\\\/schema\\\/person\\\/60e56f2cf5dc960fc093fe093d9e9057\"},\"headline\":\"Quem s\u00e3o os super-ricos que o governo deseja taxar\",\"datePublished\":\"2025-07-05T10:39:48+00:00\",\"dateModified\":\"2025-07-05T10:39:50+00:00\",\"mainEntityOfPage\":{\"@id\":\"https:\\\/\\\/afogadosfm.com.br\\\/afogadosfm\\\/2025\\\/07\\\/05\\\/quem-sao-os-super-ricos-que-o-governo-deseja-taxar\\\/\"},\"wordCount\":395,\"commentCount\":0,\"publisher\":{\"@id\":\"https:\\\/\\\/afogadosfm.com.br\\\/afogadosfm\\\/#organization\"},\"image\":{\"@id\":\"https:\\\/\\\/afogadosfm.com.br\\\/afogadosfm\\\/2025\\\/07\\\/05\\\/quem-sao-os-super-ricos-que-o-governo-deseja-taxar\\\/#primaryimage\"},\"thumbnailUrl\":\"https:\\\/\\\/i0.wp.com\\\/afogadosfm.com.br\\\/afogadosfm\\\/wp-content\\\/uploads\\\/2019\\\/01\\\/dolar.jpg?fit=1140%2C760&ssl=1\",\"articleSection\":[\"Economia\"],\"inLanguage\":\"pt-BR\",\"potentialAction\":[{\"@type\":\"CommentAction\",\"name\":\"Comment\",\"target\":[\"https:\\\/\\\/afogadosfm.com.br\\\/afogadosfm\\\/2025\\\/07\\\/05\\\/quem-sao-os-super-ricos-que-o-governo-deseja-taxar\\\/#respond\"]}]},{\"@type\":\"WebPage\",\"@id\":\"https:\\\/\\\/afogadosfm.com.br\\\/afogadosfm\\\/2025\\\/07\\\/05\\\/quem-sao-os-super-ricos-que-o-governo-deseja-taxar\\\/\",\"url\":\"https:\\\/\\\/afogadosfm.com.br\\\/afogadosfm\\\/2025\\\/07\\\/05\\\/quem-sao-os-super-ricos-que-o-governo-deseja-taxar\\\/\",\"name\":\"Quem s\u00e3o os super-ricos que o governo deseja taxar - Afogados FM\",\"isPartOf\":{\"@id\":\"https:\\\/\\\/afogadosfm.com.br\\\/afogadosfm\\\/#website\"},\"primaryImageOfPage\":{\"@id\":\"https:\\\/\\\/afogadosfm.com.br\\\/afogadosfm\\\/2025\\\/07\\\/05\\\/quem-sao-os-super-ricos-que-o-governo-deseja-taxar\\\/#primaryimage\"},\"image\":{\"@id\":\"https:\\\/\\\/afogadosfm.com.br\\\/afogadosfm\\\/2025\\\/07\\\/05\\\/quem-sao-os-super-ricos-que-o-governo-deseja-taxar\\\/#primaryimage\"},\"thumbnailUrl\":\"https:\\\/\\\/i0.wp.com\\\/afogadosfm.com.br\\\/afogadosfm\\\/wp-content\\\/uploads\\\/2019\\\/01\\\/dolar.jpg?fit=1140%2C760&ssl=1\",\"datePublished\":\"2025-07-05T10:39:48+00:00\",\"dateModified\":\"2025-07-05T10:39:50+00:00\",\"breadcrumb\":{\"@id\":\"https:\\\/\\\/afogadosfm.com.br\\\/afogadosfm\\\/2025\\\/07\\\/05\\\/quem-sao-os-super-ricos-que-o-governo-deseja-taxar\\\/#breadcrumb\"},\"inLanguage\":\"pt-BR\",\"potentialAction\":[{\"@type\":\"ReadAction\",\"target\":[\"https:\\\/\\\/afogadosfm.com.br\\\/afogadosfm\\\/2025\\\/07\\\/05\\\/quem-sao-os-super-ricos-que-o-governo-deseja-taxar\\\/\"]}]},{\"@type\":\"ImageObject\",\"inLanguage\":\"pt-BR\",\"@id\":\"https:\\\/\\\/afogadosfm.com.br\\\/afogadosfm\\\/2025\\\/07\\\/05\\\/quem-sao-os-super-ricos-que-o-governo-deseja-taxar\\\/#primaryimage\",\"url\":\"https:\\\/\\\/i0.wp.com\\\/afogadosfm.com.br\\\/afogadosfm\\\/wp-content\\\/uploads\\\/2019\\\/01\\\/dolar.jpg?fit=1140%2C760&ssl=1\",\"contentUrl\":\"https:\\\/\\\/i0.wp.com\\\/afogadosfm.com.br\\\/afogadosfm\\\/wp-content\\\/uploads\\\/2019\\\/01\\\/dolar.jpg?fit=1140%2C760&ssl=1\",\"width\":1140,\"height\":760},{\"@type\":\"BreadcrumbList\",\"@id\":\"https:\\\/\\\/afogadosfm.com.br\\\/afogadosfm\\\/2025\\\/07\\\/05\\\/quem-sao-os-super-ricos-que-o-governo-deseja-taxar\\\/#breadcrumb\",\"itemListElement\":[{\"@type\":\"ListItem\",\"position\":1,\"name\":\"In\u00edcio\",\"item\":\"https:\\\/\\\/afogadosfm.com.br\\\/afogadosfm\\\/\"},{\"@type\":\"ListItem\",\"position\":2,\"name\":\"Quem s\u00e3o os super-ricos que o governo deseja taxar\"}]},{\"@type\":\"WebSite\",\"@id\":\"https:\\\/\\\/afogadosfm.com.br\\\/afogadosfm\\\/#website\",\"url\":\"https:\\\/\\\/afogadosfm.com.br\\\/afogadosfm\\\/\",\"name\":\"Afogados FM\",\"description\":\"Um site completo!\",\"publisher\":{\"@id\":\"https:\\\/\\\/afogadosfm.com.br\\\/afogadosfm\\\/#organization\"},\"potentialAction\":[{\"@type\":\"SearchAction\",\"target\":{\"@type\":\"EntryPoint\",\"urlTemplate\":\"https:\\\/\\\/afogadosfm.com.br\\\/afogadosfm\\\/?s={search_term_string}\"},\"query-input\":{\"@type\":\"PropertyValueSpecification\",\"valueRequired\":true,\"valueName\":\"search_term_string\"}}],\"inLanguage\":\"pt-BR\"},{\"@type\":\"Organization\",\"@id\":\"https:\\\/\\\/afogadosfm.com.br\\\/afogadosfm\\\/#organization\",\"name\":\"Afogados FM\",\"url\":\"https:\\\/\\\/afogadosfm.com.br\\\/afogadosfm\\\/\",\"logo\":{\"@type\":\"ImageObject\",\"inLanguage\":\"pt-BR\",\"@id\":\"https:\\\/\\\/afogadosfm.com.br\\\/afogadosfm\\\/#\\\/schema\\\/logo\\\/image\\\/\",\"url\":\"https:\\\/\\\/i0.wp.com\\\/afogadosfm.com.br\\\/afogadosfm\\\/wp-content\\\/uploads\\\/2020\\\/06\\\/cropped-banner-afogados-4.jpg?fit=369%2C137&ssl=1\",\"contentUrl\":\"https:\\\/\\\/i0.wp.com\\\/afogadosfm.com.br\\\/afogadosfm\\\/wp-content\\\/uploads\\\/2020\\\/06\\\/cropped-banner-afogados-4.jpg?fit=369%2C137&ssl=1\",\"width\":369,\"height\":137,\"caption\":\"Afogados FM\"},\"image\":{\"@id\":\"https:\\\/\\\/afogadosfm.com.br\\\/afogadosfm\\\/#\\\/schema\\\/logo\\\/image\\\/\"}},{\"@type\":\"Person\",\"@id\":\"https:\\\/\\\/afogadosfm.com.br\\\/afogadosfm\\\/#\\\/schema\\\/person\\\/60e56f2cf5dc960fc093fe093d9e9057\",\"name\":\"afogadosfm\",\"image\":{\"@type\":\"ImageObject\",\"inLanguage\":\"pt-BR\",\"@id\":\"https:\\\/\\\/secure.gravatar.com\\\/avatar\\\/e0359add7ed5dc3560906d861b52c6a8cf5c1e199d3a7dd85070998f49bd4701?s=96&d=mm&r=g\",\"url\":\"https:\\\/\\\/secure.gravatar.com\\\/avatar\\\/e0359add7ed5dc3560906d861b52c6a8cf5c1e199d3a7dd85070998f49bd4701?s=96&d=mm&r=g\",\"contentUrl\":\"https:\\\/\\\/secure.gravatar.com\\\/avatar\\\/e0359add7ed5dc3560906d861b52c6a8cf5c1e199d3a7dd85070998f49bd4701?s=96&d=mm&r=g\",\"caption\":\"afogadosfm\"},\"url\":\"https:\\\/\\\/afogadosfm.com.br\\\/afogadosfm\\\/author\\\/afogadosfm\\\/\"}]}<\/script>\n<!-- \/ Yoast SEO plugin. -->","yoast_head_json":{"title":"Quem s\u00e3o os super-ricos que o governo deseja taxar - Afogados FM","robots":{"index":"index","follow":"follow","max-snippet":"max-snippet:-1","max-image-preview":"max-image-preview:large","max-video-preview":"max-video-preview:-1"},"canonical":"https:\/\/afogadosfm.com.br\/afogadosfm\/2025\/07\/05\/quem-sao-os-super-ricos-que-o-governo-deseja-taxar\/","og_locale":"pt_BR","og_type":"article","og_title":"Quem s\u00e3o os super-ricos que o governo deseja taxar - Afogados FM","og_description":"O governo federal estabeleceu como super-ricos os brasileiros que recebem mais de R$ 50 mil por m\u00eas, equivalente a R$","og_url":"https:\/\/afogadosfm.com.br\/afogadosfm\/2025\/07\/05\/quem-sao-os-super-ricos-que-o-governo-deseja-taxar\/","og_site_name":"Afogados FM","article_published_time":"2025-07-05T10:39:48+00:00","article_modified_time":"2025-07-05T10:39:50+00:00","og_image":[{"width":1140,"height":760,"url":"https:\/\/afogadosfm.com.br\/afogadosfm\/wp-content\/uploads\/2019\/01\/dolar.jpg","type":"image\/jpeg"}],"author":"afogadosfm","twitter_card":"summary_large_image","twitter_misc":{"Escrito por":"afogadosfm","Est. tempo de leitura":"3 minutos"},"schema":{"@context":"https:\/\/schema.org","@graph":[{"@type":"Article","@id":"https:\/\/afogadosfm.com.br\/afogadosfm\/2025\/07\/05\/quem-sao-os-super-ricos-que-o-governo-deseja-taxar\/#article","isPartOf":{"@id":"https:\/\/afogadosfm.com.br\/afogadosfm\/2025\/07\/05\/quem-sao-os-super-ricos-que-o-governo-deseja-taxar\/"},"author":{"name":"afogadosfm","@id":"https:\/\/afogadosfm.com.br\/afogadosfm\/#\/schema\/person\/60e56f2cf5dc960fc093fe093d9e9057"},"headline":"Quem s\u00e3o os super-ricos que o governo deseja taxar","datePublished":"2025-07-05T10:39:48+00:00","dateModified":"2025-07-05T10:39:50+00:00","mainEntityOfPage":{"@id":"https:\/\/afogadosfm.com.br\/afogadosfm\/2025\/07\/05\/quem-sao-os-super-ricos-que-o-governo-deseja-taxar\/"},"wordCount":395,"commentCount":0,"publisher":{"@id":"https:\/\/afogadosfm.com.br\/afogadosfm\/#organization"},"image":{"@id":"https:\/\/afogadosfm.com.br\/afogadosfm\/2025\/07\/05\/quem-sao-os-super-ricos-que-o-governo-deseja-taxar\/#primaryimage"},"thumbnailUrl":"https:\/\/i0.wp.com\/afogadosfm.com.br\/afogadosfm\/wp-content\/uploads\/2019\/01\/dolar.jpg?fit=1140%2C760&ssl=1","articleSection":["Economia"],"inLanguage":"pt-BR","potentialAction":[{"@type":"CommentAction","name":"Comment","target":["https:\/\/afogadosfm.com.br\/afogadosfm\/2025\/07\/05\/quem-sao-os-super-ricos-que-o-governo-deseja-taxar\/#respond"]}]},{"@type":"WebPage","@id":"https:\/\/afogadosfm.com.br\/afogadosfm\/2025\/07\/05\/quem-sao-os-super-ricos-que-o-governo-deseja-taxar\/","url":"https:\/\/afogadosfm.com.br\/afogadosfm\/2025\/07\/05\/quem-sao-os-super-ricos-que-o-governo-deseja-taxar\/","name":"Quem s\u00e3o os super-ricos que o governo deseja taxar - Afogados FM","isPartOf":{"@id":"https:\/\/afogadosfm.com.br\/afogadosfm\/#website"},"primaryImageOfPage":{"@id":"https:\/\/afogadosfm.com.br\/afogadosfm\/2025\/07\/05\/quem-sao-os-super-ricos-que-o-governo-deseja-taxar\/#primaryimage"},"image":{"@id":"https:\/\/afogadosfm.com.br\/afogadosfm\/2025\/07\/05\/quem-sao-os-super-ricos-que-o-governo-deseja-taxar\/#primaryimage"},"thumbnailUrl":"https:\/\/i0.wp.com\/afogadosfm.com.br\/afogadosfm\/wp-content\/uploads\/2019\/01\/dolar.jpg?fit=1140%2C760&ssl=1","datePublished":"2025-07-05T10:39:48+00:00","dateModified":"2025-07-05T10:39:50+00:00","breadcrumb":{"@id":"https:\/\/afogadosfm.com.br\/afogadosfm\/2025\/07\/05\/quem-sao-os-super-ricos-que-o-governo-deseja-taxar\/#breadcrumb"},"inLanguage":"pt-BR","potentialAction":[{"@type":"ReadAction","target":["https:\/\/afogadosfm.com.br\/afogadosfm\/2025\/07\/05\/quem-sao-os-super-ricos-que-o-governo-deseja-taxar\/"]}]},{"@type":"ImageObject","inLanguage":"pt-BR","@id":"https:\/\/afogadosfm.com.br\/afogadosfm\/2025\/07\/05\/quem-sao-os-super-ricos-que-o-governo-deseja-taxar\/#primaryimage","url":"https:\/\/i0.wp.com\/afogadosfm.com.br\/afogadosfm\/wp-content\/uploads\/2019\/01\/dolar.jpg?fit=1140%2C760&ssl=1","contentUrl":"https:\/\/i0.wp.com\/afogadosfm.com.br\/afogadosfm\/wp-content\/uploads\/2019\/01\/dolar.jpg?fit=1140%2C760&ssl=1","width":1140,"height":760},{"@type":"BreadcrumbList","@id":"https:\/\/afogadosfm.com.br\/afogadosfm\/2025\/07\/05\/quem-sao-os-super-ricos-que-o-governo-deseja-taxar\/#breadcrumb","itemListElement":[{"@type":"ListItem","position":1,"name":"In\u00edcio","item":"https:\/\/afogadosfm.com.br\/afogadosfm\/"},{"@type":"ListItem","position":2,"name":"Quem s\u00e3o os super-ricos que o governo deseja taxar"}]},{"@type":"WebSite","@id":"https:\/\/afogadosfm.com.br\/afogadosfm\/#website","url":"https:\/\/afogadosfm.com.br\/afogadosfm\/","name":"Afogados FM","description":"Um site completo!","publisher":{"@id":"https:\/\/afogadosfm.com.br\/afogadosfm\/#organization"},"potentialAction":[{"@type":"SearchAction","target":{"@type":"EntryPoint","urlTemplate":"https:\/\/afogadosfm.com.br\/afogadosfm\/?s={search_term_string}"},"query-input":{"@type":"PropertyValueSpecification","valueRequired":true,"valueName":"search_term_string"}}],"inLanguage":"pt-BR"},{"@type":"Organization","@id":"https:\/\/afogadosfm.com.br\/afogadosfm\/#organization","name":"Afogados FM","url":"https:\/\/afogadosfm.com.br\/afogadosfm\/","logo":{"@type":"ImageObject","inLanguage":"pt-BR","@id":"https:\/\/afogadosfm.com.br\/afogadosfm\/#\/schema\/logo\/image\/","url":"https:\/\/i0.wp.com\/afogadosfm.com.br\/afogadosfm\/wp-content\/uploads\/2020\/06\/cropped-banner-afogados-4.jpg?fit=369%2C137&ssl=1","contentUrl":"https:\/\/i0.wp.com\/afogadosfm.com.br\/afogadosfm\/wp-content\/uploads\/2020\/06\/cropped-banner-afogados-4.jpg?fit=369%2C137&ssl=1","width":369,"height":137,"caption":"Afogados FM"},"image":{"@id":"https:\/\/afogadosfm.com.br\/afogadosfm\/#\/schema\/logo\/image\/"}},{"@type":"Person","@id":"https:\/\/afogadosfm.com.br\/afogadosfm\/#\/schema\/person\/60e56f2cf5dc960fc093fe093d9e9057","name":"afogadosfm","image":{"@type":"ImageObject","inLanguage":"pt-BR","@id":"https:\/\/secure.gravatar.com\/avatar\/e0359add7ed5dc3560906d861b52c6a8cf5c1e199d3a7dd85070998f49bd4701?s=96&d=mm&r=g","url":"https:\/\/secure.gravatar.com\/avatar\/e0359add7ed5dc3560906d861b52c6a8cf5c1e199d3a7dd85070998f49bd4701?s=96&d=mm&r=g","contentUrl":"https:\/\/secure.gravatar.com\/avatar\/e0359add7ed5dc3560906d861b52c6a8cf5c1e199d3a7dd85070998f49bd4701?s=96&d=mm&r=g","caption":"afogadosfm"},"url":"https:\/\/afogadosfm.com.br\/afogadosfm\/author\/afogadosfm\/"}]}},"jetpack_publicize_connections":[],"jetpack_featured_media_url":"https:\/\/i0.wp.com\/afogadosfm.com.br\/afogadosfm\/wp-content\/uploads\/2019\/01\/dolar.jpg?fit=1140%2C760&ssl=1","jetpack-related-posts":[],"jetpack_sharing_enabled":true,"jetpack_likes_enabled":true,"_links":{"self":[{"href":"https:\/\/afogadosfm.com.br\/afogadosfm\/wp-json\/wp\/v2\/posts\/67138","targetHints":{"allow":["GET"]}}],"collection":[{"href":"https:\/\/afogadosfm.com.br\/afogadosfm\/wp-json\/wp\/v2\/posts"}],"about":[{"href":"https:\/\/afogadosfm.com.br\/afogadosfm\/wp-json\/wp\/v2\/types\/post"}],"author":[{"embeddable":true,"href":"https:\/\/afogadosfm.com.br\/afogadosfm\/wp-json\/wp\/v2\/users\/2"}],"replies":[{"embeddable":true,"href":"https:\/\/afogadosfm.com.br\/afogadosfm\/wp-json\/wp\/v2\/comments?post=67138"}],"version-history":[{"count":1,"href":"https:\/\/afogadosfm.com.br\/afogadosfm\/wp-json\/wp\/v2\/posts\/67138\/revisions"}],"predecessor-version":[{"id":67139,"href":"https:\/\/afogadosfm.com.br\/afogadosfm\/wp-json\/wp\/v2\/posts\/67138\/revisions\/67139"}],"wp:featuredmedia":[{"embeddable":true,"href":"https:\/\/afogadosfm.com.br\/afogadosfm\/wp-json\/wp\/v2\/media\/8194"}],"wp:attachment":[{"href":"https:\/\/afogadosfm.com.br\/afogadosfm\/wp-json\/wp\/v2\/media?parent=67138"}],"wp:term":[{"taxonomy":"category","embeddable":true,"href":"https:\/\/afogadosfm.com.br\/afogadosfm\/wp-json\/wp\/v2\/categories?post=67138"},{"taxonomy":"post_tag","embeddable":true,"href":"https:\/\/afogadosfm.com.br\/afogadosfm\/wp-json\/wp\/v2\/tags?post=67138"}],"curies":[{"name":"wp","href":"https:\/\/api.w.org\/{rel}","templated":true}]}}