{"id":67142,"date":"2025-07-05T07:46:33","date_gmt":"2025-07-05T10:46:33","guid":{"rendered":"https:\/\/afogadosfm.com.br\/afogadosfm\/?p=67142"},"modified":"2025-07-05T07:46:34","modified_gmt":"2025-07-05T10:46:34","slug":"sao-jose-do-egito-marca-recorde-historico-de-temperatura-na-sexta-04","status":"publish","type":"post","link":"https:\/\/afogadosfm.com.br\/afogadosfm\/2025\/07\/05\/sao-jose-do-egito-marca-recorde-historico-de-temperatura-na-sexta-04\/","title":{"rendered":"S\u00e3o Jos\u00e9 do Egito marca recorde hist\u00f3rico de temperatura na sexta (04)"},"content":{"rendered":"\n<p>S\u00e3o Jos\u00e9 do Egito fica na Mesorregi\u00e3o do Paje\u00fa, no Sert\u00e3o de Pernambuco, que \u00e9 conhecida pelo seu clima semi\u00e1rido e baixa pluviosidade. Mas os moradores do munic\u00edpio est\u00e3o vivenciando um inverno mais frio que o de costume este ano.<\/p>\n\n\n\n<p>A quase 400 km do Recife, a cidade, que \u00e9 a terceira mais populosa da mesorregi\u00e3o, registrou a temperatura de 13,7\u00b0C nesta sexta-feira (4), segundo a Ag\u00eancia Pernambucana de \u00c1guas e Climas (Apac).<\/p>\n\n\n\n<p>A Apac ainda afirmou que a marca \u00e9 um recorde hist\u00f3rico para o munic\u00edpio.<\/p>\n\n\n\n<p>Com 31.004 habitantes, de acordo com o Censo do IBGE de 2022, S\u00e3o Jos\u00e9 do Egito \u00e9 conhecida como a \u201cTerra da Poesia\u201d, por sua liga\u00e7\u00e3o com repentistas e a literatura de cordel.<\/p>\n\n\n\n<p>Tamb\u00e9m no Sert\u00e3o de Pernambuco, em Bel\u00e9m de S\u00e3o Francisco, os term\u00f4metros marcaram a temperatura de 18,3\u00b0C nesta sexta, a menor registrada no munic\u00edpio este ano. A esta\u00e7\u00e3o mais fria do ano vai at\u00e9 o dia 22 de setembro no Hemisf\u00e9rio Sul.<\/p>\n\n\n\n<p>Na Regi\u00e3o Metropolitana do Recife, a menor temperatura nesta sexta-feira foi marcada na Esta\u00e7\u00e3o da V\u00e1rzea, na Zona Oeste da capital, com 21,7\u00b0C.<\/p>\n\n\n\n<p>\u2744Recife teve o dia mais frio do ano na quinta-feira (3), com uma temperatura de 21,1\u00b0C.<\/p>\n","protected":false},"excerpt":{"rendered":"<p>S\u00e3o Jos\u00e9 do Egito fica na Mesorregi\u00e3o do Paje\u00fa, no Sert\u00e3o de Pernambuco, que \u00e9 conhecida pelo seu clima semi\u00e1rido<\/p>\n","protected":false},"author":2,"featured_media":38088,"comment_status":"open","ping_status":"open","sticky":false,"template":"","format":"standard","meta":{"jetpack_post_was_ever_published":false,"_jetpack_newsletter_access":"","_jetpack_dont_email_post_to_subs":false,"_jetpack_newsletter_tier_id":0,"_jetpack_memberships_contains_paywalled_content":false,"_jetpack_memberships_contains_paid_content":false,"footnotes":"","jetpack_publicize_message":"","jetpack_publicize_feature_enabled":true,"jetpack_social_post_already_shared":true,"jetpack_social_options":{"image_generator_settings":{"template":"highway","default_image_id":0,"font":"","enabled":false},"version":2}},"categories":[32],"tags":[],"class_list":["post-67142","post","type-post","status-publish","format-standard","has-post-thumbnail","hentry","category-sertao"],"yoast_head":"<!-- This site is optimized with the Yoast SEO plugin v27.5 - https:\/\/yoast.com\/product\/yoast-seo-wordpress\/ -->\n<title>S\u00e3o Jos\u00e9 do Egito marca recorde hist\u00f3rico de temperatura na sexta (04) - Afogados FM<\/title>\n<meta name=\"robots\" content=\"index, follow, max-snippet:-1, max-image-preview:large, max-video-preview:-1\" \/>\n<link rel=\"canonical\" href=\"https:\/\/afogadosfm.com.br\/afogadosfm\/2025\/07\/05\/sao-jose-do-egito-marca-recorde-historico-de-temperatura-na-sexta-04\/\" \/>\n<meta property=\"og:locale\" content=\"pt_BR\" \/>\n<meta property=\"og:type\" content=\"article\" \/>\n<meta property=\"og:title\" content=\"S\u00e3o Jos\u00e9 do Egito marca recorde hist\u00f3rico de temperatura na sexta (04) - Afogados FM\" \/>\n<meta property=\"og:description\" content=\"S\u00e3o Jos\u00e9 do Egito fica na Mesorregi\u00e3o do Paje\u00fa, no Sert\u00e3o de Pernambuco, que \u00e9 conhecida pelo seu clima semi\u00e1rido\" \/>\n<meta property=\"og:url\" content=\"https:\/\/afogadosfm.com.br\/afogadosfm\/2025\/07\/05\/sao-jose-do-egito-marca-recorde-historico-de-temperatura-na-sexta-04\/\" \/>\n<meta property=\"og:site_name\" content=\"Afogados FM\" \/>\n<meta property=\"article:published_time\" content=\"2025-07-05T10:46:33+00:00\" \/>\n<meta property=\"article:modified_time\" content=\"2025-07-05T10:46:34+00:00\" \/>\n<meta property=\"og:image\" content=\"https:\/\/afogadosfm.com.br\/afogadosfm\/wp-content\/uploads\/2022\/05\/friovidro.jpg\" \/>\n\t<meta property=\"og:image:width\" content=\"296\" \/>\n\t<meta property=\"og:image:height\" content=\"170\" \/>\n\t<meta property=\"og:image:type\" content=\"image\/jpeg\" \/>\n<meta name=\"author\" content=\"afogadosfm\" \/>\n<meta name=\"twitter:card\" content=\"summary_large_image\" \/>\n<meta name=\"twitter:label1\" content=\"Escrito por\" \/>\n\t<meta name=\"twitter:data1\" content=\"afogadosfm\" \/>\n\t<meta name=\"twitter:label2\" content=\"Est. tempo de leitura\" \/>\n\t<meta name=\"twitter:data2\" content=\"2 minutos\" \/>\n<script type=\"application\/ld+json\" class=\"yoast-schema-graph\">{\"@context\":\"https:\\\/\\\/schema.org\",\"@graph\":[{\"@type\":\"Article\",\"@id\":\"https:\\\/\\\/afogadosfm.com.br\\\/afogadosfm\\\/2025\\\/07\\\/05\\\/sao-jose-do-egito-marca-recorde-historico-de-temperatura-na-sexta-04\\\/#article\",\"isPartOf\":{\"@id\":\"https:\\\/\\\/afogadosfm.com.br\\\/afogadosfm\\\/2025\\\/07\\\/05\\\/sao-jose-do-egito-marca-recorde-historico-de-temperatura-na-sexta-04\\\/\"},\"author\":{\"name\":\"afogadosfm\",\"@id\":\"https:\\\/\\\/afogadosfm.com.br\\\/afogadosfm\\\/#\\\/schema\\\/person\\\/60e56f2cf5dc960fc093fe093d9e9057\"},\"headline\":\"S\u00e3o Jos\u00e9 do Egito marca recorde hist\u00f3rico de temperatura na sexta (04)\",\"datePublished\":\"2025-07-05T10:46:33+00:00\",\"dateModified\":\"2025-07-05T10:46:34+00:00\",\"mainEntityOfPage\":{\"@id\":\"https:\\\/\\\/afogadosfm.com.br\\\/afogadosfm\\\/2025\\\/07\\\/05\\\/sao-jose-do-egito-marca-recorde-historico-de-temperatura-na-sexta-04\\\/\"},\"wordCount\":227,\"commentCount\":0,\"publisher\":{\"@id\":\"https:\\\/\\\/afogadosfm.com.br\\\/afogadosfm\\\/#organization\"},\"image\":{\"@id\":\"https:\\\/\\\/afogadosfm.com.br\\\/afogadosfm\\\/2025\\\/07\\\/05\\\/sao-jose-do-egito-marca-recorde-historico-de-temperatura-na-sexta-04\\\/#primaryimage\"},\"thumbnailUrl\":\"https:\\\/\\\/i0.wp.com\\\/afogadosfm.com.br\\\/afogadosfm\\\/wp-content\\\/uploads\\\/2022\\\/05\\\/friovidro.jpg?fit=296%2C170&ssl=1\",\"articleSection\":[\"Sert\u00e3o\"],\"inLanguage\":\"pt-BR\",\"potentialAction\":[{\"@type\":\"CommentAction\",\"name\":\"Comment\",\"target\":[\"https:\\\/\\\/afogadosfm.com.br\\\/afogadosfm\\\/2025\\\/07\\\/05\\\/sao-jose-do-egito-marca-recorde-historico-de-temperatura-na-sexta-04\\\/#respond\"]}]},{\"@type\":\"WebPage\",\"@id\":\"https:\\\/\\\/afogadosfm.com.br\\\/afogadosfm\\\/2025\\\/07\\\/05\\\/sao-jose-do-egito-marca-recorde-historico-de-temperatura-na-sexta-04\\\/\",\"url\":\"https:\\\/\\\/afogadosfm.com.br\\\/afogadosfm\\\/2025\\\/07\\\/05\\\/sao-jose-do-egito-marca-recorde-historico-de-temperatura-na-sexta-04\\\/\",\"name\":\"S\u00e3o Jos\u00e9 do Egito marca recorde hist\u00f3rico de temperatura na sexta (04) - Afogados FM\",\"isPartOf\":{\"@id\":\"https:\\\/\\\/afogadosfm.com.br\\\/afogadosfm\\\/#website\"},\"primaryImageOfPage\":{\"@id\":\"https:\\\/\\\/afogadosfm.com.br\\\/afogadosfm\\\/2025\\\/07\\\/05\\\/sao-jose-do-egito-marca-recorde-historico-de-temperatura-na-sexta-04\\\/#primaryimage\"},\"image\":{\"@id\":\"https:\\\/\\\/afogadosfm.com.br\\\/afogadosfm\\\/2025\\\/07\\\/05\\\/sao-jose-do-egito-marca-recorde-historico-de-temperatura-na-sexta-04\\\/#primaryimage\"},\"thumbnailUrl\":\"https:\\\/\\\/i0.wp.com\\\/afogadosfm.com.br\\\/afogadosfm\\\/wp-content\\\/uploads\\\/2022\\\/05\\\/friovidro.jpg?fit=296%2C170&ssl=1\",\"datePublished\":\"2025-07-05T10:46:33+00:00\",\"dateModified\":\"2025-07-05T10:46:34+00:00\",\"breadcrumb\":{\"@id\":\"https:\\\/\\\/afogadosfm.com.br\\\/afogadosfm\\\/2025\\\/07\\\/05\\\/sao-jose-do-egito-marca-recorde-historico-de-temperatura-na-sexta-04\\\/#breadcrumb\"},\"inLanguage\":\"pt-BR\",\"potentialAction\":[{\"@type\":\"ReadAction\",\"target\":[\"https:\\\/\\\/afogadosfm.com.br\\\/afogadosfm\\\/2025\\\/07\\\/05\\\/sao-jose-do-egito-marca-recorde-historico-de-temperatura-na-sexta-04\\\/\"]}]},{\"@type\":\"ImageObject\",\"inLanguage\":\"pt-BR\",\"@id\":\"https:\\\/\\\/afogadosfm.com.br\\\/afogadosfm\\\/2025\\\/07\\\/05\\\/sao-jose-do-egito-marca-recorde-historico-de-temperatura-na-sexta-04\\\/#primaryimage\",\"url\":\"https:\\\/\\\/i0.wp.com\\\/afogadosfm.com.br\\\/afogadosfm\\\/wp-content\\\/uploads\\\/2022\\\/05\\\/friovidro.jpg?fit=296%2C170&ssl=1\",\"contentUrl\":\"https:\\\/\\\/i0.wp.com\\\/afogadosfm.com.br\\\/afogadosfm\\\/wp-content\\\/uploads\\\/2022\\\/05\\\/friovidro.jpg?fit=296%2C170&ssl=1\",\"width\":296,\"height\":170},{\"@type\":\"BreadcrumbList\",\"@id\":\"https:\\\/\\\/afogadosfm.com.br\\\/afogadosfm\\\/2025\\\/07\\\/05\\\/sao-jose-do-egito-marca-recorde-historico-de-temperatura-na-sexta-04\\\/#breadcrumb\",\"itemListElement\":[{\"@type\":\"ListItem\",\"position\":1,\"name\":\"In\u00edcio\",\"item\":\"https:\\\/\\\/afogadosfm.com.br\\\/afogadosfm\\\/\"},{\"@type\":\"ListItem\",\"position\":2,\"name\":\"S\u00e3o Jos\u00e9 do Egito marca recorde hist\u00f3rico de temperatura na sexta (04)\"}]},{\"@type\":\"WebSite\",\"@id\":\"https:\\\/\\\/afogadosfm.com.br\\\/afogadosfm\\\/#website\",\"url\":\"https:\\\/\\\/afogadosfm.com.br\\\/afogadosfm\\\/\",\"name\":\"Afogados FM\",\"description\":\"Um site completo!\",\"publisher\":{\"@id\":\"https:\\\/\\\/afogadosfm.com.br\\\/afogadosfm\\\/#organization\"},\"potentialAction\":[{\"@type\":\"SearchAction\",\"target\":{\"@type\":\"EntryPoint\",\"urlTemplate\":\"https:\\\/\\\/afogadosfm.com.br\\\/afogadosfm\\\/?s={search_term_string}\"},\"query-input\":{\"@type\":\"PropertyValueSpecification\",\"valueRequired\":true,\"valueName\":\"search_term_string\"}}],\"inLanguage\":\"pt-BR\"},{\"@type\":\"Organization\",\"@id\":\"https:\\\/\\\/afogadosfm.com.br\\\/afogadosfm\\\/#organization\",\"name\":\"Afogados FM\",\"url\":\"https:\\\/\\\/afogadosfm.com.br\\\/afogadosfm\\\/\",\"logo\":{\"@type\":\"ImageObject\",\"inLanguage\":\"pt-BR\",\"@id\":\"https:\\\/\\\/afogadosfm.com.br\\\/afogadosfm\\\/#\\\/schema\\\/logo\\\/image\\\/\",\"url\":\"https:\\\/\\\/i0.wp.com\\\/afogadosfm.com.br\\\/afogadosfm\\\/wp-content\\\/uploads\\\/2020\\\/06\\\/cropped-banner-afogados-4.jpg?fit=369%2C137&ssl=1\",\"contentUrl\":\"https:\\\/\\\/i0.wp.com\\\/afogadosfm.com.br\\\/afogadosfm\\\/wp-content\\\/uploads\\\/2020\\\/06\\\/cropped-banner-afogados-4.jpg?fit=369%2C137&ssl=1\",\"width\":369,\"height\":137,\"caption\":\"Afogados FM\"},\"image\":{\"@id\":\"https:\\\/\\\/afogadosfm.com.br\\\/afogadosfm\\\/#\\\/schema\\\/logo\\\/image\\\/\"}},{\"@type\":\"Person\",\"@id\":\"https:\\\/\\\/afogadosfm.com.br\\\/afogadosfm\\\/#\\\/schema\\\/person\\\/60e56f2cf5dc960fc093fe093d9e9057\",\"name\":\"afogadosfm\",\"image\":{\"@type\":\"ImageObject\",\"inLanguage\":\"pt-BR\",\"@id\":\"https:\\\/\\\/secure.gravatar.com\\\/avatar\\\/e0359add7ed5dc3560906d861b52c6a8cf5c1e199d3a7dd85070998f49bd4701?s=96&d=mm&r=g\",\"url\":\"https:\\\/\\\/secure.gravatar.com\\\/avatar\\\/e0359add7ed5dc3560906d861b52c6a8cf5c1e199d3a7dd85070998f49bd4701?s=96&d=mm&r=g\",\"contentUrl\":\"https:\\\/\\\/secure.gravatar.com\\\/avatar\\\/e0359add7ed5dc3560906d861b52c6a8cf5c1e199d3a7dd85070998f49bd4701?s=96&d=mm&r=g\",\"caption\":\"afogadosfm\"},\"url\":\"https:\\\/\\\/afogadosfm.com.br\\\/afogadosfm\\\/author\\\/afogadosfm\\\/\"}]}<\/script>\n<!-- \/ Yoast SEO plugin. -->","yoast_head_json":{"title":"S\u00e3o Jos\u00e9 do Egito marca recorde hist\u00f3rico de temperatura na sexta (04) - Afogados FM","robots":{"index":"index","follow":"follow","max-snippet":"max-snippet:-1","max-image-preview":"max-image-preview:large","max-video-preview":"max-video-preview:-1"},"canonical":"https:\/\/afogadosfm.com.br\/afogadosfm\/2025\/07\/05\/sao-jose-do-egito-marca-recorde-historico-de-temperatura-na-sexta-04\/","og_locale":"pt_BR","og_type":"article","og_title":"S\u00e3o Jos\u00e9 do Egito marca recorde hist\u00f3rico de temperatura na sexta (04) - Afogados FM","og_description":"S\u00e3o Jos\u00e9 do Egito fica na Mesorregi\u00e3o do Paje\u00fa, no Sert\u00e3o de Pernambuco, que \u00e9 conhecida pelo seu clima semi\u00e1rido","og_url":"https:\/\/afogadosfm.com.br\/afogadosfm\/2025\/07\/05\/sao-jose-do-egito-marca-recorde-historico-de-temperatura-na-sexta-04\/","og_site_name":"Afogados FM","article_published_time":"2025-07-05T10:46:33+00:00","article_modified_time":"2025-07-05T10:46:34+00:00","og_image":[{"width":296,"height":170,"url":"https:\/\/afogadosfm.com.br\/afogadosfm\/wp-content\/uploads\/2022\/05\/friovidro.jpg","type":"image\/jpeg"}],"author":"afogadosfm","twitter_card":"summary_large_image","twitter_misc":{"Escrito por":"afogadosfm","Est. tempo de leitura":"2 minutos"},"schema":{"@context":"https:\/\/schema.org","@graph":[{"@type":"Article","@id":"https:\/\/afogadosfm.com.br\/afogadosfm\/2025\/07\/05\/sao-jose-do-egito-marca-recorde-historico-de-temperatura-na-sexta-04\/#article","isPartOf":{"@id":"https:\/\/afogadosfm.com.br\/afogadosfm\/2025\/07\/05\/sao-jose-do-egito-marca-recorde-historico-de-temperatura-na-sexta-04\/"},"author":{"name":"afogadosfm","@id":"https:\/\/afogadosfm.com.br\/afogadosfm\/#\/schema\/person\/60e56f2cf5dc960fc093fe093d9e9057"},"headline":"S\u00e3o Jos\u00e9 do Egito marca recorde hist\u00f3rico de temperatura na sexta (04)","datePublished":"2025-07-05T10:46:33+00:00","dateModified":"2025-07-05T10:46:34+00:00","mainEntityOfPage":{"@id":"https:\/\/afogadosfm.com.br\/afogadosfm\/2025\/07\/05\/sao-jose-do-egito-marca-recorde-historico-de-temperatura-na-sexta-04\/"},"wordCount":227,"commentCount":0,"publisher":{"@id":"https:\/\/afogadosfm.com.br\/afogadosfm\/#organization"},"image":{"@id":"https:\/\/afogadosfm.com.br\/afogadosfm\/2025\/07\/05\/sao-jose-do-egito-marca-recorde-historico-de-temperatura-na-sexta-04\/#primaryimage"},"thumbnailUrl":"https:\/\/i0.wp.com\/afogadosfm.com.br\/afogadosfm\/wp-content\/uploads\/2022\/05\/friovidro.jpg?fit=296%2C170&ssl=1","articleSection":["Sert\u00e3o"],"inLanguage":"pt-BR","potentialAction":[{"@type":"CommentAction","name":"Comment","target":["https:\/\/afogadosfm.com.br\/afogadosfm\/2025\/07\/05\/sao-jose-do-egito-marca-recorde-historico-de-temperatura-na-sexta-04\/#respond"]}]},{"@type":"WebPage","@id":"https:\/\/afogadosfm.com.br\/afogadosfm\/2025\/07\/05\/sao-jose-do-egito-marca-recorde-historico-de-temperatura-na-sexta-04\/","url":"https:\/\/afogadosfm.com.br\/afogadosfm\/2025\/07\/05\/sao-jose-do-egito-marca-recorde-historico-de-temperatura-na-sexta-04\/","name":"S\u00e3o Jos\u00e9 do Egito marca recorde hist\u00f3rico de temperatura na sexta (04) - Afogados FM","isPartOf":{"@id":"https:\/\/afogadosfm.com.br\/afogadosfm\/#website"},"primaryImageOfPage":{"@id":"https:\/\/afogadosfm.com.br\/afogadosfm\/2025\/07\/05\/sao-jose-do-egito-marca-recorde-historico-de-temperatura-na-sexta-04\/#primaryimage"},"image":{"@id":"https:\/\/afogadosfm.com.br\/afogadosfm\/2025\/07\/05\/sao-jose-do-egito-marca-recorde-historico-de-temperatura-na-sexta-04\/#primaryimage"},"thumbnailUrl":"https:\/\/i0.wp.com\/afogadosfm.com.br\/afogadosfm\/wp-content\/uploads\/2022\/05\/friovidro.jpg?fit=296%2C170&ssl=1","datePublished":"2025-07-05T10:46:33+00:00","dateModified":"2025-07-05T10:46:34+00:00","breadcrumb":{"@id":"https:\/\/afogadosfm.com.br\/afogadosfm\/2025\/07\/05\/sao-jose-do-egito-marca-recorde-historico-de-temperatura-na-sexta-04\/#breadcrumb"},"inLanguage":"pt-BR","potentialAction":[{"@type":"ReadAction","target":["https:\/\/afogadosfm.com.br\/afogadosfm\/2025\/07\/05\/sao-jose-do-egito-marca-recorde-historico-de-temperatura-na-sexta-04\/"]}]},{"@type":"ImageObject","inLanguage":"pt-BR","@id":"https:\/\/afogadosfm.com.br\/afogadosfm\/2025\/07\/05\/sao-jose-do-egito-marca-recorde-historico-de-temperatura-na-sexta-04\/#primaryimage","url":"https:\/\/i0.wp.com\/afogadosfm.com.br\/afogadosfm\/wp-content\/uploads\/2022\/05\/friovidro.jpg?fit=296%2C170&ssl=1","contentUrl":"https:\/\/i0.wp.com\/afogadosfm.com.br\/afogadosfm\/wp-content\/uploads\/2022\/05\/friovidro.jpg?fit=296%2C170&ssl=1","width":296,"height":170},{"@type":"BreadcrumbList","@id":"https:\/\/afogadosfm.com.br\/afogadosfm\/2025\/07\/05\/sao-jose-do-egito-marca-recorde-historico-de-temperatura-na-sexta-04\/#breadcrumb","itemListElement":[{"@type":"ListItem","position":1,"name":"In\u00edcio","item":"https:\/\/afogadosfm.com.br\/afogadosfm\/"},{"@type":"ListItem","position":2,"name":"S\u00e3o Jos\u00e9 do Egito marca recorde hist\u00f3rico de temperatura na sexta (04)"}]},{"@type":"WebSite","@id":"https:\/\/afogadosfm.com.br\/afogadosfm\/#website","url":"https:\/\/afogadosfm.com.br\/afogadosfm\/","name":"Afogados FM","description":"Um site completo!","publisher":{"@id":"https:\/\/afogadosfm.com.br\/afogadosfm\/#organization"},"potentialAction":[{"@type":"SearchAction","target":{"@type":"EntryPoint","urlTemplate":"https:\/\/afogadosfm.com.br\/afogadosfm\/?s={search_term_string}"},"query-input":{"@type":"PropertyValueSpecification","valueRequired":true,"valueName":"search_term_string"}}],"inLanguage":"pt-BR"},{"@type":"Organization","@id":"https:\/\/afogadosfm.com.br\/afogadosfm\/#organization","name":"Afogados FM","url":"https:\/\/afogadosfm.com.br\/afogadosfm\/","logo":{"@type":"ImageObject","inLanguage":"pt-BR","@id":"https:\/\/afogadosfm.com.br\/afogadosfm\/#\/schema\/logo\/image\/","url":"https:\/\/i0.wp.com\/afogadosfm.com.br\/afogadosfm\/wp-content\/uploads\/2020\/06\/cropped-banner-afogados-4.jpg?fit=369%2C137&ssl=1","contentUrl":"https:\/\/i0.wp.com\/afogadosfm.com.br\/afogadosfm\/wp-content\/uploads\/2020\/06\/cropped-banner-afogados-4.jpg?fit=369%2C137&ssl=1","width":369,"height":137,"caption":"Afogados FM"},"image":{"@id":"https:\/\/afogadosfm.com.br\/afogadosfm\/#\/schema\/logo\/image\/"}},{"@type":"Person","@id":"https:\/\/afogadosfm.com.br\/afogadosfm\/#\/schema\/person\/60e56f2cf5dc960fc093fe093d9e9057","name":"afogadosfm","image":{"@type":"ImageObject","inLanguage":"pt-BR","@id":"https:\/\/secure.gravatar.com\/avatar\/e0359add7ed5dc3560906d861b52c6a8cf5c1e199d3a7dd85070998f49bd4701?s=96&d=mm&r=g","url":"https:\/\/secure.gravatar.com\/avatar\/e0359add7ed5dc3560906d861b52c6a8cf5c1e199d3a7dd85070998f49bd4701?s=96&d=mm&r=g","contentUrl":"https:\/\/secure.gravatar.com\/avatar\/e0359add7ed5dc3560906d861b52c6a8cf5c1e199d3a7dd85070998f49bd4701?s=96&d=mm&r=g","caption":"afogadosfm"},"url":"https:\/\/afogadosfm.com.br\/afogadosfm\/author\/afogadosfm\/"}]}},"jetpack_publicize_connections":[],"jetpack_featured_media_url":"https:\/\/i0.wp.com\/afogadosfm.com.br\/afogadosfm\/wp-content\/uploads\/2022\/05\/friovidro.jpg?fit=296%2C170&ssl=1","jetpack-related-posts":[],"jetpack_sharing_enabled":true,"jetpack_likes_enabled":true,"_links":{"self":[{"href":"https:\/\/afogadosfm.com.br\/afogadosfm\/wp-json\/wp\/v2\/posts\/67142","targetHints":{"allow":["GET"]}}],"collection":[{"href":"https:\/\/afogadosfm.com.br\/afogadosfm\/wp-json\/wp\/v2\/posts"}],"about":[{"href":"https:\/\/afogadosfm.com.br\/afogadosfm\/wp-json\/wp\/v2\/types\/post"}],"author":[{"embeddable":true,"href":"https:\/\/afogadosfm.com.br\/afogadosfm\/wp-json\/wp\/v2\/users\/2"}],"replies":[{"embeddable":true,"href":"https:\/\/afogadosfm.com.br\/afogadosfm\/wp-json\/wp\/v2\/comments?post=67142"}],"version-history":[{"count":1,"href":"https:\/\/afogadosfm.com.br\/afogadosfm\/wp-json\/wp\/v2\/posts\/67142\/revisions"}],"predecessor-version":[{"id":67143,"href":"https:\/\/afogadosfm.com.br\/afogadosfm\/wp-json\/wp\/v2\/posts\/67142\/revisions\/67143"}],"wp:featuredmedia":[{"embeddable":true,"href":"https:\/\/afogadosfm.com.br\/afogadosfm\/wp-json\/wp\/v2\/media\/38088"}],"wp:attachment":[{"href":"https:\/\/afogadosfm.com.br\/afogadosfm\/wp-json\/wp\/v2\/media?parent=67142"}],"wp:term":[{"taxonomy":"category","embeddable":true,"href":"https:\/\/afogadosfm.com.br\/afogadosfm\/wp-json\/wp\/v2\/categories?post=67142"},{"taxonomy":"post_tag","embeddable":true,"href":"https:\/\/afogadosfm.com.br\/afogadosfm\/wp-json\/wp\/v2\/tags?post=67142"}],"curies":[{"name":"wp","href":"https:\/\/api.w.org\/{rel}","templated":true}]}}