{"id":67155,"date":"2025-07-06T00:55:00","date_gmt":"2025-07-06T03:55:00","guid":{"rendered":"https:\/\/afogadosfm.com.br\/afogadosfm\/?p=67155"},"modified":"2025-07-07T00:57:45","modified_gmt":"2025-07-07T03:57:45","slug":"homem-e-preso-acusado-de-abusar-da-enteada-na-rmr-e-divulgar-imagens","status":"publish","type":"post","link":"https:\/\/afogadosfm.com.br\/afogadosfm\/2025\/07\/06\/homem-e-preso-acusado-de-abusar-da-enteada-na-rmr-e-divulgar-imagens\/","title":{"rendered":"Homem \u00e9 preso acusado de abusar da enteada na RMR e divulgar imagens"},"content":{"rendered":"\n<p>Um homem de 41 anos foi preso em flagrante em S\u00e3o Louren\u00e7o da Mata, na Regi\u00e3o Metropolitana do Recife (RMR), no s\u00e1bado (5), acusado de abusar sexualmente da enteada, de 6 anos, e publicar o v\u00eddeo em seu perfil no Instagram.<\/p>\n\n\n\n<p>O v\u00eddeo em que o padrasto abusa da crian\u00e7a gerou grande repercuss\u00e3o na cidade. Moradores chegaram a ir \u00e0 casa do acusado amea\u00e7ando mat\u00e1-lo, mas ele j\u00e1 havia fugido do local.<\/p>\n\n\n\n<p>\u00c0 pol\u00edcia, o homem confessou que tocou nas partes \u00edntimas da crian\u00e7a, mas que teria sido \u201ca primeira vez que praticou atos com ela\u201d, segundo o auto de pris\u00e3o em flagrante. O investigado disse que, ap\u00f3s a repercuss\u00e3o do v\u00eddeo, ficou escondido em uma regi\u00e3o de mata da cidade, at\u00e9 ser localizado.<\/p>\n\n\n\n<p>A esposa do investigado tamb\u00e9m foi ouvida, como testemunha. Ela disse que tem um relacionamento com ele h\u00e1 cerca de quatro anos, com quem tem um filho de um ano, al\u00e9m de estar gr\u00e1vida de sete meses.<\/p>\n\n\n\n<p>Ela declarou que nunca desconfiou de abusos cometidos pelo marido e que, ao confront\u00e1-lo, ele negou que tenha tocado a crian\u00e7a com inten\u00e7\u00e3o libidinosa.<\/p>\n","protected":false},"excerpt":{"rendered":"<p>Um homem de 41 anos foi preso em flagrante em S\u00e3o Louren\u00e7o da Mata, na Regi\u00e3o Metropolitana do Recife (RMR),<\/p>\n","protected":false},"author":2,"featured_media":37147,"comment_status":"open","ping_status":"open","sticky":false,"template":"","format":"standard","meta":{"jetpack_post_was_ever_published":false,"_jetpack_newsletter_access":"","_jetpack_dont_email_post_to_subs":false,"_jetpack_newsletter_tier_id":0,"_jetpack_memberships_contains_paywalled_content":false,"_jetpack_memberships_contains_paid_content":false,"footnotes":"","jetpack_publicize_message":"","jetpack_publicize_feature_enabled":true,"jetpack_social_post_already_shared":true,"jetpack_social_options":{"image_generator_settings":{"template":"highway","default_image_id":0,"font":"","enabled":false},"version":2}},"categories":[34],"tags":[],"class_list":["post-67155","post","type-post","status-publish","format-standard","has-post-thumbnail","hentry","category-policia"],"yoast_head":"<!-- This site is optimized with the Yoast SEO plugin v27.5 - https:\/\/yoast.com\/product\/yoast-seo-wordpress\/ -->\n<title>Homem \u00e9 preso acusado de abusar da enteada na RMR e divulgar imagens - Afogados FM<\/title>\n<meta name=\"robots\" content=\"index, follow, max-snippet:-1, max-image-preview:large, max-video-preview:-1\" \/>\n<link rel=\"canonical\" href=\"https:\/\/afogadosfm.com.br\/afogadosfm\/2025\/07\/06\/homem-e-preso-acusado-de-abusar-da-enteada-na-rmr-e-divulgar-imagens\/\" \/>\n<meta property=\"og:locale\" content=\"pt_BR\" \/>\n<meta property=\"og:type\" content=\"article\" \/>\n<meta property=\"og:title\" content=\"Homem \u00e9 preso acusado de abusar da enteada na RMR e divulgar imagens - Afogados FM\" \/>\n<meta property=\"og:description\" content=\"Um homem de 41 anos foi preso em flagrante em S\u00e3o Louren\u00e7o da Mata, na Regi\u00e3o Metropolitana do Recife (RMR),\" \/>\n<meta property=\"og:url\" content=\"https:\/\/afogadosfm.com.br\/afogadosfm\/2025\/07\/06\/homem-e-preso-acusado-de-abusar-da-enteada-na-rmr-e-divulgar-imagens\/\" \/>\n<meta property=\"og:site_name\" content=\"Afogados FM\" \/>\n<meta property=\"article:published_time\" content=\"2025-07-06T03:55:00+00:00\" \/>\n<meta property=\"article:modified_time\" content=\"2025-07-07T03:57:45+00:00\" \/>\n<meta property=\"og:image\" content=\"https:\/\/afogadosfm.com.br\/afogadosfm\/wp-content\/uploads\/2022\/04\/policia1.jpg\" \/>\n\t<meta property=\"og:image:width\" content=\"368\" \/>\n\t<meta property=\"og:image:height\" content=\"243\" \/>\n\t<meta property=\"og:image:type\" content=\"image\/jpeg\" \/>\n<meta name=\"author\" content=\"afogadosfm\" \/>\n<meta name=\"twitter:card\" content=\"summary_large_image\" \/>\n<meta name=\"twitter:label1\" content=\"Escrito por\" \/>\n\t<meta name=\"twitter:data1\" content=\"afogadosfm\" \/>\n\t<meta name=\"twitter:label2\" content=\"Est. tempo de leitura\" \/>\n\t<meta name=\"twitter:data2\" content=\"2 minutos\" \/>\n<script type=\"application\/ld+json\" class=\"yoast-schema-graph\">{\"@context\":\"https:\\\/\\\/schema.org\",\"@graph\":[{\"@type\":\"Article\",\"@id\":\"https:\\\/\\\/afogadosfm.com.br\\\/afogadosfm\\\/2025\\\/07\\\/06\\\/homem-e-preso-acusado-de-abusar-da-enteada-na-rmr-e-divulgar-imagens\\\/#article\",\"isPartOf\":{\"@id\":\"https:\\\/\\\/afogadosfm.com.br\\\/afogadosfm\\\/2025\\\/07\\\/06\\\/homem-e-preso-acusado-de-abusar-da-enteada-na-rmr-e-divulgar-imagens\\\/\"},\"author\":{\"name\":\"afogadosfm\",\"@id\":\"https:\\\/\\\/afogadosfm.com.br\\\/afogadosfm\\\/#\\\/schema\\\/person\\\/60e56f2cf5dc960fc093fe093d9e9057\"},\"headline\":\"Homem \u00e9 preso acusado de abusar da enteada na RMR e divulgar imagens\",\"datePublished\":\"2025-07-06T03:55:00+00:00\",\"dateModified\":\"2025-07-07T03:57:45+00:00\",\"mainEntityOfPage\":{\"@id\":\"https:\\\/\\\/afogadosfm.com.br\\\/afogadosfm\\\/2025\\\/07\\\/06\\\/homem-e-preso-acusado-de-abusar-da-enteada-na-rmr-e-divulgar-imagens\\\/\"},\"wordCount\":215,\"commentCount\":0,\"publisher\":{\"@id\":\"https:\\\/\\\/afogadosfm.com.br\\\/afogadosfm\\\/#organization\"},\"image\":{\"@id\":\"https:\\\/\\\/afogadosfm.com.br\\\/afogadosfm\\\/2025\\\/07\\\/06\\\/homem-e-preso-acusado-de-abusar-da-enteada-na-rmr-e-divulgar-imagens\\\/#primaryimage\"},\"thumbnailUrl\":\"https:\\\/\\\/i0.wp.com\\\/afogadosfm.com.br\\\/afogadosfm\\\/wp-content\\\/uploads\\\/2022\\\/04\\\/policia1.jpg?fit=368%2C243&ssl=1\",\"articleSection\":[\"Pol\u00edcia\"],\"inLanguage\":\"pt-BR\",\"potentialAction\":[{\"@type\":\"CommentAction\",\"name\":\"Comment\",\"target\":[\"https:\\\/\\\/afogadosfm.com.br\\\/afogadosfm\\\/2025\\\/07\\\/06\\\/homem-e-preso-acusado-de-abusar-da-enteada-na-rmr-e-divulgar-imagens\\\/#respond\"]}]},{\"@type\":\"WebPage\",\"@id\":\"https:\\\/\\\/afogadosfm.com.br\\\/afogadosfm\\\/2025\\\/07\\\/06\\\/homem-e-preso-acusado-de-abusar-da-enteada-na-rmr-e-divulgar-imagens\\\/\",\"url\":\"https:\\\/\\\/afogadosfm.com.br\\\/afogadosfm\\\/2025\\\/07\\\/06\\\/homem-e-preso-acusado-de-abusar-da-enteada-na-rmr-e-divulgar-imagens\\\/\",\"name\":\"Homem \u00e9 preso acusado de abusar da enteada na RMR e divulgar imagens - Afogados FM\",\"isPartOf\":{\"@id\":\"https:\\\/\\\/afogadosfm.com.br\\\/afogadosfm\\\/#website\"},\"primaryImageOfPage\":{\"@id\":\"https:\\\/\\\/afogadosfm.com.br\\\/afogadosfm\\\/2025\\\/07\\\/06\\\/homem-e-preso-acusado-de-abusar-da-enteada-na-rmr-e-divulgar-imagens\\\/#primaryimage\"},\"image\":{\"@id\":\"https:\\\/\\\/afogadosfm.com.br\\\/afogadosfm\\\/2025\\\/07\\\/06\\\/homem-e-preso-acusado-de-abusar-da-enteada-na-rmr-e-divulgar-imagens\\\/#primaryimage\"},\"thumbnailUrl\":\"https:\\\/\\\/i0.wp.com\\\/afogadosfm.com.br\\\/afogadosfm\\\/wp-content\\\/uploads\\\/2022\\\/04\\\/policia1.jpg?fit=368%2C243&ssl=1\",\"datePublished\":\"2025-07-06T03:55:00+00:00\",\"dateModified\":\"2025-07-07T03:57:45+00:00\",\"breadcrumb\":{\"@id\":\"https:\\\/\\\/afogadosfm.com.br\\\/afogadosfm\\\/2025\\\/07\\\/06\\\/homem-e-preso-acusado-de-abusar-da-enteada-na-rmr-e-divulgar-imagens\\\/#breadcrumb\"},\"inLanguage\":\"pt-BR\",\"potentialAction\":[{\"@type\":\"ReadAction\",\"target\":[\"https:\\\/\\\/afogadosfm.com.br\\\/afogadosfm\\\/2025\\\/07\\\/06\\\/homem-e-preso-acusado-de-abusar-da-enteada-na-rmr-e-divulgar-imagens\\\/\"]}]},{\"@type\":\"ImageObject\",\"inLanguage\":\"pt-BR\",\"@id\":\"https:\\\/\\\/afogadosfm.com.br\\\/afogadosfm\\\/2025\\\/07\\\/06\\\/homem-e-preso-acusado-de-abusar-da-enteada-na-rmr-e-divulgar-imagens\\\/#primaryimage\",\"url\":\"https:\\\/\\\/i0.wp.com\\\/afogadosfm.com.br\\\/afogadosfm\\\/wp-content\\\/uploads\\\/2022\\\/04\\\/policia1.jpg?fit=368%2C243&ssl=1\",\"contentUrl\":\"https:\\\/\\\/i0.wp.com\\\/afogadosfm.com.br\\\/afogadosfm\\\/wp-content\\\/uploads\\\/2022\\\/04\\\/policia1.jpg?fit=368%2C243&ssl=1\",\"width\":368,\"height\":243},{\"@type\":\"BreadcrumbList\",\"@id\":\"https:\\\/\\\/afogadosfm.com.br\\\/afogadosfm\\\/2025\\\/07\\\/06\\\/homem-e-preso-acusado-de-abusar-da-enteada-na-rmr-e-divulgar-imagens\\\/#breadcrumb\",\"itemListElement\":[{\"@type\":\"ListItem\",\"position\":1,\"name\":\"In\u00edcio\",\"item\":\"https:\\\/\\\/afogadosfm.com.br\\\/afogadosfm\\\/\"},{\"@type\":\"ListItem\",\"position\":2,\"name\":\"Homem \u00e9 preso acusado de abusar da enteada na RMR e divulgar imagens\"}]},{\"@type\":\"WebSite\",\"@id\":\"https:\\\/\\\/afogadosfm.com.br\\\/afogadosfm\\\/#website\",\"url\":\"https:\\\/\\\/afogadosfm.com.br\\\/afogadosfm\\\/\",\"name\":\"Afogados FM\",\"description\":\"Um site completo!\",\"publisher\":{\"@id\":\"https:\\\/\\\/afogadosfm.com.br\\\/afogadosfm\\\/#organization\"},\"potentialAction\":[{\"@type\":\"SearchAction\",\"target\":{\"@type\":\"EntryPoint\",\"urlTemplate\":\"https:\\\/\\\/afogadosfm.com.br\\\/afogadosfm\\\/?s={search_term_string}\"},\"query-input\":{\"@type\":\"PropertyValueSpecification\",\"valueRequired\":true,\"valueName\":\"search_term_string\"}}],\"inLanguage\":\"pt-BR\"},{\"@type\":\"Organization\",\"@id\":\"https:\\\/\\\/afogadosfm.com.br\\\/afogadosfm\\\/#organization\",\"name\":\"Afogados FM\",\"url\":\"https:\\\/\\\/afogadosfm.com.br\\\/afogadosfm\\\/\",\"logo\":{\"@type\":\"ImageObject\",\"inLanguage\":\"pt-BR\",\"@id\":\"https:\\\/\\\/afogadosfm.com.br\\\/afogadosfm\\\/#\\\/schema\\\/logo\\\/image\\\/\",\"url\":\"https:\\\/\\\/i0.wp.com\\\/afogadosfm.com.br\\\/afogadosfm\\\/wp-content\\\/uploads\\\/2020\\\/06\\\/cropped-banner-afogados-4.jpg?fit=369%2C137&ssl=1\",\"contentUrl\":\"https:\\\/\\\/i0.wp.com\\\/afogadosfm.com.br\\\/afogadosfm\\\/wp-content\\\/uploads\\\/2020\\\/06\\\/cropped-banner-afogados-4.jpg?fit=369%2C137&ssl=1\",\"width\":369,\"height\":137,\"caption\":\"Afogados FM\"},\"image\":{\"@id\":\"https:\\\/\\\/afogadosfm.com.br\\\/afogadosfm\\\/#\\\/schema\\\/logo\\\/image\\\/\"}},{\"@type\":\"Person\",\"@id\":\"https:\\\/\\\/afogadosfm.com.br\\\/afogadosfm\\\/#\\\/schema\\\/person\\\/60e56f2cf5dc960fc093fe093d9e9057\",\"name\":\"afogadosfm\",\"image\":{\"@type\":\"ImageObject\",\"inLanguage\":\"pt-BR\",\"@id\":\"https:\\\/\\\/secure.gravatar.com\\\/avatar\\\/e0359add7ed5dc3560906d861b52c6a8cf5c1e199d3a7dd85070998f49bd4701?s=96&d=mm&r=g\",\"url\":\"https:\\\/\\\/secure.gravatar.com\\\/avatar\\\/e0359add7ed5dc3560906d861b52c6a8cf5c1e199d3a7dd85070998f49bd4701?s=96&d=mm&r=g\",\"contentUrl\":\"https:\\\/\\\/secure.gravatar.com\\\/avatar\\\/e0359add7ed5dc3560906d861b52c6a8cf5c1e199d3a7dd85070998f49bd4701?s=96&d=mm&r=g\",\"caption\":\"afogadosfm\"},\"url\":\"https:\\\/\\\/afogadosfm.com.br\\\/afogadosfm\\\/author\\\/afogadosfm\\\/\"}]}<\/script>\n<!-- \/ Yoast SEO plugin. -->","yoast_head_json":{"title":"Homem \u00e9 preso acusado de abusar da enteada na RMR e divulgar imagens - Afogados FM","robots":{"index":"index","follow":"follow","max-snippet":"max-snippet:-1","max-image-preview":"max-image-preview:large","max-video-preview":"max-video-preview:-1"},"canonical":"https:\/\/afogadosfm.com.br\/afogadosfm\/2025\/07\/06\/homem-e-preso-acusado-de-abusar-da-enteada-na-rmr-e-divulgar-imagens\/","og_locale":"pt_BR","og_type":"article","og_title":"Homem \u00e9 preso acusado de abusar da enteada na RMR e divulgar imagens - Afogados FM","og_description":"Um homem de 41 anos foi preso em flagrante em S\u00e3o Louren\u00e7o da Mata, na Regi\u00e3o Metropolitana do Recife (RMR),","og_url":"https:\/\/afogadosfm.com.br\/afogadosfm\/2025\/07\/06\/homem-e-preso-acusado-de-abusar-da-enteada-na-rmr-e-divulgar-imagens\/","og_site_name":"Afogados FM","article_published_time":"2025-07-06T03:55:00+00:00","article_modified_time":"2025-07-07T03:57:45+00:00","og_image":[{"width":368,"height":243,"url":"https:\/\/afogadosfm.com.br\/afogadosfm\/wp-content\/uploads\/2022\/04\/policia1.jpg","type":"image\/jpeg"}],"author":"afogadosfm","twitter_card":"summary_large_image","twitter_misc":{"Escrito por":"afogadosfm","Est. tempo de leitura":"2 minutos"},"schema":{"@context":"https:\/\/schema.org","@graph":[{"@type":"Article","@id":"https:\/\/afogadosfm.com.br\/afogadosfm\/2025\/07\/06\/homem-e-preso-acusado-de-abusar-da-enteada-na-rmr-e-divulgar-imagens\/#article","isPartOf":{"@id":"https:\/\/afogadosfm.com.br\/afogadosfm\/2025\/07\/06\/homem-e-preso-acusado-de-abusar-da-enteada-na-rmr-e-divulgar-imagens\/"},"author":{"name":"afogadosfm","@id":"https:\/\/afogadosfm.com.br\/afogadosfm\/#\/schema\/person\/60e56f2cf5dc960fc093fe093d9e9057"},"headline":"Homem \u00e9 preso acusado de abusar da enteada na RMR e divulgar imagens","datePublished":"2025-07-06T03:55:00+00:00","dateModified":"2025-07-07T03:57:45+00:00","mainEntityOfPage":{"@id":"https:\/\/afogadosfm.com.br\/afogadosfm\/2025\/07\/06\/homem-e-preso-acusado-de-abusar-da-enteada-na-rmr-e-divulgar-imagens\/"},"wordCount":215,"commentCount":0,"publisher":{"@id":"https:\/\/afogadosfm.com.br\/afogadosfm\/#organization"},"image":{"@id":"https:\/\/afogadosfm.com.br\/afogadosfm\/2025\/07\/06\/homem-e-preso-acusado-de-abusar-da-enteada-na-rmr-e-divulgar-imagens\/#primaryimage"},"thumbnailUrl":"https:\/\/i0.wp.com\/afogadosfm.com.br\/afogadosfm\/wp-content\/uploads\/2022\/04\/policia1.jpg?fit=368%2C243&ssl=1","articleSection":["Pol\u00edcia"],"inLanguage":"pt-BR","potentialAction":[{"@type":"CommentAction","name":"Comment","target":["https:\/\/afogadosfm.com.br\/afogadosfm\/2025\/07\/06\/homem-e-preso-acusado-de-abusar-da-enteada-na-rmr-e-divulgar-imagens\/#respond"]}]},{"@type":"WebPage","@id":"https:\/\/afogadosfm.com.br\/afogadosfm\/2025\/07\/06\/homem-e-preso-acusado-de-abusar-da-enteada-na-rmr-e-divulgar-imagens\/","url":"https:\/\/afogadosfm.com.br\/afogadosfm\/2025\/07\/06\/homem-e-preso-acusado-de-abusar-da-enteada-na-rmr-e-divulgar-imagens\/","name":"Homem \u00e9 preso acusado de abusar da enteada na RMR e divulgar imagens - Afogados FM","isPartOf":{"@id":"https:\/\/afogadosfm.com.br\/afogadosfm\/#website"},"primaryImageOfPage":{"@id":"https:\/\/afogadosfm.com.br\/afogadosfm\/2025\/07\/06\/homem-e-preso-acusado-de-abusar-da-enteada-na-rmr-e-divulgar-imagens\/#primaryimage"},"image":{"@id":"https:\/\/afogadosfm.com.br\/afogadosfm\/2025\/07\/06\/homem-e-preso-acusado-de-abusar-da-enteada-na-rmr-e-divulgar-imagens\/#primaryimage"},"thumbnailUrl":"https:\/\/i0.wp.com\/afogadosfm.com.br\/afogadosfm\/wp-content\/uploads\/2022\/04\/policia1.jpg?fit=368%2C243&ssl=1","datePublished":"2025-07-06T03:55:00+00:00","dateModified":"2025-07-07T03:57:45+00:00","breadcrumb":{"@id":"https:\/\/afogadosfm.com.br\/afogadosfm\/2025\/07\/06\/homem-e-preso-acusado-de-abusar-da-enteada-na-rmr-e-divulgar-imagens\/#breadcrumb"},"inLanguage":"pt-BR","potentialAction":[{"@type":"ReadAction","target":["https:\/\/afogadosfm.com.br\/afogadosfm\/2025\/07\/06\/homem-e-preso-acusado-de-abusar-da-enteada-na-rmr-e-divulgar-imagens\/"]}]},{"@type":"ImageObject","inLanguage":"pt-BR","@id":"https:\/\/afogadosfm.com.br\/afogadosfm\/2025\/07\/06\/homem-e-preso-acusado-de-abusar-da-enteada-na-rmr-e-divulgar-imagens\/#primaryimage","url":"https:\/\/i0.wp.com\/afogadosfm.com.br\/afogadosfm\/wp-content\/uploads\/2022\/04\/policia1.jpg?fit=368%2C243&ssl=1","contentUrl":"https:\/\/i0.wp.com\/afogadosfm.com.br\/afogadosfm\/wp-content\/uploads\/2022\/04\/policia1.jpg?fit=368%2C243&ssl=1","width":368,"height":243},{"@type":"BreadcrumbList","@id":"https:\/\/afogadosfm.com.br\/afogadosfm\/2025\/07\/06\/homem-e-preso-acusado-de-abusar-da-enteada-na-rmr-e-divulgar-imagens\/#breadcrumb","itemListElement":[{"@type":"ListItem","position":1,"name":"In\u00edcio","item":"https:\/\/afogadosfm.com.br\/afogadosfm\/"},{"@type":"ListItem","position":2,"name":"Homem \u00e9 preso acusado de abusar da enteada na RMR e divulgar imagens"}]},{"@type":"WebSite","@id":"https:\/\/afogadosfm.com.br\/afogadosfm\/#website","url":"https:\/\/afogadosfm.com.br\/afogadosfm\/","name":"Afogados FM","description":"Um site completo!","publisher":{"@id":"https:\/\/afogadosfm.com.br\/afogadosfm\/#organization"},"potentialAction":[{"@type":"SearchAction","target":{"@type":"EntryPoint","urlTemplate":"https:\/\/afogadosfm.com.br\/afogadosfm\/?s={search_term_string}"},"query-input":{"@type":"PropertyValueSpecification","valueRequired":true,"valueName":"search_term_string"}}],"inLanguage":"pt-BR"},{"@type":"Organization","@id":"https:\/\/afogadosfm.com.br\/afogadosfm\/#organization","name":"Afogados FM","url":"https:\/\/afogadosfm.com.br\/afogadosfm\/","logo":{"@type":"ImageObject","inLanguage":"pt-BR","@id":"https:\/\/afogadosfm.com.br\/afogadosfm\/#\/schema\/logo\/image\/","url":"https:\/\/i0.wp.com\/afogadosfm.com.br\/afogadosfm\/wp-content\/uploads\/2020\/06\/cropped-banner-afogados-4.jpg?fit=369%2C137&ssl=1","contentUrl":"https:\/\/i0.wp.com\/afogadosfm.com.br\/afogadosfm\/wp-content\/uploads\/2020\/06\/cropped-banner-afogados-4.jpg?fit=369%2C137&ssl=1","width":369,"height":137,"caption":"Afogados FM"},"image":{"@id":"https:\/\/afogadosfm.com.br\/afogadosfm\/#\/schema\/logo\/image\/"}},{"@type":"Person","@id":"https:\/\/afogadosfm.com.br\/afogadosfm\/#\/schema\/person\/60e56f2cf5dc960fc093fe093d9e9057","name":"afogadosfm","image":{"@type":"ImageObject","inLanguage":"pt-BR","@id":"https:\/\/secure.gravatar.com\/avatar\/e0359add7ed5dc3560906d861b52c6a8cf5c1e199d3a7dd85070998f49bd4701?s=96&d=mm&r=g","url":"https:\/\/secure.gravatar.com\/avatar\/e0359add7ed5dc3560906d861b52c6a8cf5c1e199d3a7dd85070998f49bd4701?s=96&d=mm&r=g","contentUrl":"https:\/\/secure.gravatar.com\/avatar\/e0359add7ed5dc3560906d861b52c6a8cf5c1e199d3a7dd85070998f49bd4701?s=96&d=mm&r=g","caption":"afogadosfm"},"url":"https:\/\/afogadosfm.com.br\/afogadosfm\/author\/afogadosfm\/"}]}},"jetpack_publicize_connections":[],"jetpack_featured_media_url":"https:\/\/i0.wp.com\/afogadosfm.com.br\/afogadosfm\/wp-content\/uploads\/2022\/04\/policia1.jpg?fit=368%2C243&ssl=1","jetpack-related-posts":[],"jetpack_sharing_enabled":true,"jetpack_likes_enabled":true,"_links":{"self":[{"href":"https:\/\/afogadosfm.com.br\/afogadosfm\/wp-json\/wp\/v2\/posts\/67155","targetHints":{"allow":["GET"]}}],"collection":[{"href":"https:\/\/afogadosfm.com.br\/afogadosfm\/wp-json\/wp\/v2\/posts"}],"about":[{"href":"https:\/\/afogadosfm.com.br\/afogadosfm\/wp-json\/wp\/v2\/types\/post"}],"author":[{"embeddable":true,"href":"https:\/\/afogadosfm.com.br\/afogadosfm\/wp-json\/wp\/v2\/users\/2"}],"replies":[{"embeddable":true,"href":"https:\/\/afogadosfm.com.br\/afogadosfm\/wp-json\/wp\/v2\/comments?post=67155"}],"version-history":[{"count":1,"href":"https:\/\/afogadosfm.com.br\/afogadosfm\/wp-json\/wp\/v2\/posts\/67155\/revisions"}],"predecessor-version":[{"id":67156,"href":"https:\/\/afogadosfm.com.br\/afogadosfm\/wp-json\/wp\/v2\/posts\/67155\/revisions\/67156"}],"wp:featuredmedia":[{"embeddable":true,"href":"https:\/\/afogadosfm.com.br\/afogadosfm\/wp-json\/wp\/v2\/media\/37147"}],"wp:attachment":[{"href":"https:\/\/afogadosfm.com.br\/afogadosfm\/wp-json\/wp\/v2\/media?parent=67155"}],"wp:term":[{"taxonomy":"category","embeddable":true,"href":"https:\/\/afogadosfm.com.br\/afogadosfm\/wp-json\/wp\/v2\/categories?post=67155"},{"taxonomy":"post_tag","embeddable":true,"href":"https:\/\/afogadosfm.com.br\/afogadosfm\/wp-json\/wp\/v2\/tags?post=67155"}],"curies":[{"name":"wp","href":"https:\/\/api.w.org\/{rel}","templated":true}]}}