{"id":67157,"date":"2025-07-06T00:58:00","date_gmt":"2025-07-06T03:58:00","guid":{"rendered":"https:\/\/afogadosfm.com.br\/afogadosfm\/?p=67157"},"modified":"2025-07-07T00:59:46","modified_gmt":"2025-07-07T03:59:46","slug":"pesquisa-diz-que-geracao-z-nao-quer-mais-saber-de-clt","status":"publish","type":"post","link":"https:\/\/afogadosfm.com.br\/afogadosfm\/2025\/07\/06\/pesquisa-diz-que-geracao-z-nao-quer-mais-saber-de-clt\/","title":{"rendered":"Pesquisa diz que gera\u00e7\u00e3o Z n\u00e3o quer mais saber de CLT"},"content":{"rendered":"\n<p>Horas fixas, sal\u00e1rios baixos, falta de sentido no trabalho e pouca flexibilidade. Esses s\u00e3o apenas alguns dos motivos que est\u00e3o levando a Gera\u00e7\u00e3o Z \u2014 jovens nascidos entre 1995 e 2010 \u2014 a rejeitar o modelo tradicional de emprego com carteira assinada. Em vez de seguir o caminho trilhado por seus pais e av\u00f3s, muitos est\u00e3o preferindo alternativas como o empreendedorismo, o trabalho freelancer ou mesmo a informalidade.<\/p>\n\n\n\n<p>Uma pesquisa da Federa\u00e7\u00e3o das Ind\u00fastrias do Estado de S\u00e3o Paulo (Fiesp), com base em dados do Datafolha, confirma o movimento. Mais de 60% dos jovens preferem trabalhar remotamente ou com hor\u00e1rios flex\u00edveis, algo raro no regime tradicional. J\u00e1 quase metade dos que est\u00e3o atualmente empregados sonha em mudar de \u00e1rea ou tipo de v\u00ednculo. A l\u00f3gica da escala 6&#215;1, com jornada de seis dias de trabalho e um dia de folga, tem sido encarada como &#8220;pris\u00e3o&#8221;, n\u00e3o como garantia.<\/p>\n\n\n\n<p>Para o soci\u00f3logo e economista Vin\u00edcius do Carmo, o embate da Gera\u00e7\u00e3o Z n\u00e3o \u00e9 exatamente com a carteira assinada, mas com os valores que ela carrega. &#8220;A rebeldia \u00e9 pr\u00f3pria da juventude, mas revela algo mais profundo: um conflito com o que a CLT representa \u2014 subordina\u00e7\u00e3o, disciplina, cumprimento de jornada. A Gera\u00e7\u00e3o Z deseja ser o s\u00f3cio produtivo, n\u00e3o ser obrigada a trabalhar em qualquer fun\u00e7\u00e3o.&#8221;<\/p>\n\n\n\n<p>Ele alerta, no entanto, para um risco: &#8220;H\u00e1 confus\u00e3o entre a necessidade de trabalhar e a prote\u00e7\u00e3o que a CLT oferece. Muitos veem a informalidade como liberdade, mas ignoram o que se perde em termos de seguridade social.&#8221;<\/p>\n\n\n\n<p>A resist\u00eancia da Gera\u00e7\u00e3o Z \u00e0 CLT imp\u00f5e um desafio duplo: enquanto empresas tradicionais precisam adaptar seus modelos para atrair e reter jovens talentos, o Estado se v\u00ea for\u00e7ado a repensar pol\u00edticas de regula\u00e7\u00e3o, qualifica\u00e7\u00e3o e previd\u00eancia. \u00c9 o que sintetiza Vinicius do Carmo. &#8220;As grandes empresas j\u00e1 come\u00e7am a se adaptar, mas ainda haver\u00e1 muito ajuste. A Gera\u00e7\u00e3o Z n\u00e3o \u00e9 um bloco coeso, mas traz um recado claro: os arranjos tradicionais de trabalho n\u00e3o respondem mais \u00e0s suas expectativas de vida.&#8221; As informa\u00e7\u00f5es s\u00e3o do Correio Braziliense.<\/p>\n","protected":false},"excerpt":{"rendered":"<p>Horas fixas, sal\u00e1rios baixos, falta de sentido no trabalho e pouca flexibilidade. Esses s\u00e3o apenas alguns dos motivos que est\u00e3o<\/p>\n","protected":false},"author":2,"featured_media":6376,"comment_status":"open","ping_status":"open","sticky":false,"template":"","format":"standard","meta":{"jetpack_post_was_ever_published":false,"_jetpack_newsletter_access":"","_jetpack_dont_email_post_to_subs":false,"_jetpack_newsletter_tier_id":0,"_jetpack_memberships_contains_paywalled_content":false,"_jetpack_memberships_contains_paid_content":false,"footnotes":"","jetpack_publicize_message":"","jetpack_publicize_feature_enabled":true,"jetpack_social_post_already_shared":true,"jetpack_social_options":{"image_generator_settings":{"template":"highway","default_image_id":0,"font":"","enabled":false},"version":2}},"categories":[2],"tags":[],"class_list":["post-67157","post","type-post","status-publish","format-standard","has-post-thumbnail","hentry","category-noticias"],"yoast_head":"<!-- This site is optimized with the Yoast SEO plugin v27.5 - https:\/\/yoast.com\/product\/yoast-seo-wordpress\/ -->\n<title>Pesquisa diz que gera\u00e7\u00e3o Z n\u00e3o quer mais saber de CLT - Afogados FM<\/title>\n<meta name=\"robots\" content=\"index, follow, max-snippet:-1, max-image-preview:large, max-video-preview:-1\" \/>\n<link rel=\"canonical\" href=\"https:\/\/afogadosfm.com.br\/afogadosfm\/2025\/07\/06\/pesquisa-diz-que-geracao-z-nao-quer-mais-saber-de-clt\/\" \/>\n<meta property=\"og:locale\" content=\"pt_BR\" \/>\n<meta property=\"og:type\" content=\"article\" \/>\n<meta property=\"og:title\" content=\"Pesquisa diz que gera\u00e7\u00e3o Z n\u00e3o quer mais saber de CLT - Afogados FM\" \/>\n<meta property=\"og:description\" content=\"Horas fixas, sal\u00e1rios baixos, falta de sentido no trabalho e pouca flexibilidade. Esses s\u00e3o apenas alguns dos motivos que est\u00e3o\" \/>\n<meta property=\"og:url\" content=\"https:\/\/afogadosfm.com.br\/afogadosfm\/2025\/07\/06\/pesquisa-diz-que-geracao-z-nao-quer-mais-saber-de-clt\/\" \/>\n<meta property=\"og:site_name\" content=\"Afogados FM\" \/>\n<meta property=\"article:published_time\" content=\"2025-07-06T03:58:00+00:00\" \/>\n<meta property=\"article:modified_time\" content=\"2025-07-07T03:59:46+00:00\" \/>\n<meta property=\"og:image\" content=\"https:\/\/afogadosfm.com.br\/afogadosfm\/wp-content\/uploads\/2018\/09\/trabalho.jpg\" \/>\n\t<meta property=\"og:image:width\" content=\"292\" \/>\n\t<meta property=\"og:image:height\" content=\"173\" \/>\n\t<meta property=\"og:image:type\" content=\"image\/jpeg\" \/>\n<meta name=\"author\" content=\"afogadosfm\" \/>\n<meta name=\"twitter:card\" content=\"summary_large_image\" \/>\n<meta name=\"twitter:label1\" content=\"Escrito por\" \/>\n\t<meta name=\"twitter:data1\" content=\"afogadosfm\" \/>\n\t<meta name=\"twitter:label2\" content=\"Est. tempo de leitura\" \/>\n\t<meta name=\"twitter:data2\" content=\"3 minutos\" \/>\n<script type=\"application\/ld+json\" class=\"yoast-schema-graph\">{\"@context\":\"https:\\\/\\\/schema.org\",\"@graph\":[{\"@type\":\"Article\",\"@id\":\"https:\\\/\\\/afogadosfm.com.br\\\/afogadosfm\\\/2025\\\/07\\\/06\\\/pesquisa-diz-que-geracao-z-nao-quer-mais-saber-de-clt\\\/#article\",\"isPartOf\":{\"@id\":\"https:\\\/\\\/afogadosfm.com.br\\\/afogadosfm\\\/2025\\\/07\\\/06\\\/pesquisa-diz-que-geracao-z-nao-quer-mais-saber-de-clt\\\/\"},\"author\":{\"name\":\"afogadosfm\",\"@id\":\"https:\\\/\\\/afogadosfm.com.br\\\/afogadosfm\\\/#\\\/schema\\\/person\\\/60e56f2cf5dc960fc093fe093d9e9057\"},\"headline\":\"Pesquisa diz que gera\u00e7\u00e3o Z n\u00e3o quer mais saber de CLT\",\"datePublished\":\"2025-07-06T03:58:00+00:00\",\"dateModified\":\"2025-07-07T03:59:46+00:00\",\"mainEntityOfPage\":{\"@id\":\"https:\\\/\\\/afogadosfm.com.br\\\/afogadosfm\\\/2025\\\/07\\\/06\\\/pesquisa-diz-que-geracao-z-nao-quer-mais-saber-de-clt\\\/\"},\"wordCount\":387,\"commentCount\":0,\"publisher\":{\"@id\":\"https:\\\/\\\/afogadosfm.com.br\\\/afogadosfm\\\/#organization\"},\"image\":{\"@id\":\"https:\\\/\\\/afogadosfm.com.br\\\/afogadosfm\\\/2025\\\/07\\\/06\\\/pesquisa-diz-que-geracao-z-nao-quer-mais-saber-de-clt\\\/#primaryimage\"},\"thumbnailUrl\":\"https:\\\/\\\/i0.wp.com\\\/afogadosfm.com.br\\\/afogadosfm\\\/wp-content\\\/uploads\\\/2018\\\/09\\\/trabalho.jpg?fit=292%2C173&ssl=1\",\"articleSection\":[\"Not\u00edcias\"],\"inLanguage\":\"pt-BR\",\"potentialAction\":[{\"@type\":\"CommentAction\",\"name\":\"Comment\",\"target\":[\"https:\\\/\\\/afogadosfm.com.br\\\/afogadosfm\\\/2025\\\/07\\\/06\\\/pesquisa-diz-que-geracao-z-nao-quer-mais-saber-de-clt\\\/#respond\"]}]},{\"@type\":\"WebPage\",\"@id\":\"https:\\\/\\\/afogadosfm.com.br\\\/afogadosfm\\\/2025\\\/07\\\/06\\\/pesquisa-diz-que-geracao-z-nao-quer-mais-saber-de-clt\\\/\",\"url\":\"https:\\\/\\\/afogadosfm.com.br\\\/afogadosfm\\\/2025\\\/07\\\/06\\\/pesquisa-diz-que-geracao-z-nao-quer-mais-saber-de-clt\\\/\",\"name\":\"Pesquisa diz que gera\u00e7\u00e3o Z n\u00e3o quer mais saber de CLT - Afogados FM\",\"isPartOf\":{\"@id\":\"https:\\\/\\\/afogadosfm.com.br\\\/afogadosfm\\\/#website\"},\"primaryImageOfPage\":{\"@id\":\"https:\\\/\\\/afogadosfm.com.br\\\/afogadosfm\\\/2025\\\/07\\\/06\\\/pesquisa-diz-que-geracao-z-nao-quer-mais-saber-de-clt\\\/#primaryimage\"},\"image\":{\"@id\":\"https:\\\/\\\/afogadosfm.com.br\\\/afogadosfm\\\/2025\\\/07\\\/06\\\/pesquisa-diz-que-geracao-z-nao-quer-mais-saber-de-clt\\\/#primaryimage\"},\"thumbnailUrl\":\"https:\\\/\\\/i0.wp.com\\\/afogadosfm.com.br\\\/afogadosfm\\\/wp-content\\\/uploads\\\/2018\\\/09\\\/trabalho.jpg?fit=292%2C173&ssl=1\",\"datePublished\":\"2025-07-06T03:58:00+00:00\",\"dateModified\":\"2025-07-07T03:59:46+00:00\",\"breadcrumb\":{\"@id\":\"https:\\\/\\\/afogadosfm.com.br\\\/afogadosfm\\\/2025\\\/07\\\/06\\\/pesquisa-diz-que-geracao-z-nao-quer-mais-saber-de-clt\\\/#breadcrumb\"},\"inLanguage\":\"pt-BR\",\"potentialAction\":[{\"@type\":\"ReadAction\",\"target\":[\"https:\\\/\\\/afogadosfm.com.br\\\/afogadosfm\\\/2025\\\/07\\\/06\\\/pesquisa-diz-que-geracao-z-nao-quer-mais-saber-de-clt\\\/\"]}]},{\"@type\":\"ImageObject\",\"inLanguage\":\"pt-BR\",\"@id\":\"https:\\\/\\\/afogadosfm.com.br\\\/afogadosfm\\\/2025\\\/07\\\/06\\\/pesquisa-diz-que-geracao-z-nao-quer-mais-saber-de-clt\\\/#primaryimage\",\"url\":\"https:\\\/\\\/i0.wp.com\\\/afogadosfm.com.br\\\/afogadosfm\\\/wp-content\\\/uploads\\\/2018\\\/09\\\/trabalho.jpg?fit=292%2C173&ssl=1\",\"contentUrl\":\"https:\\\/\\\/i0.wp.com\\\/afogadosfm.com.br\\\/afogadosfm\\\/wp-content\\\/uploads\\\/2018\\\/09\\\/trabalho.jpg?fit=292%2C173&ssl=1\",\"width\":292,\"height\":173},{\"@type\":\"BreadcrumbList\",\"@id\":\"https:\\\/\\\/afogadosfm.com.br\\\/afogadosfm\\\/2025\\\/07\\\/06\\\/pesquisa-diz-que-geracao-z-nao-quer-mais-saber-de-clt\\\/#breadcrumb\",\"itemListElement\":[{\"@type\":\"ListItem\",\"position\":1,\"name\":\"In\u00edcio\",\"item\":\"https:\\\/\\\/afogadosfm.com.br\\\/afogadosfm\\\/\"},{\"@type\":\"ListItem\",\"position\":2,\"name\":\"Pesquisa diz que gera\u00e7\u00e3o Z n\u00e3o quer mais saber de CLT\"}]},{\"@type\":\"WebSite\",\"@id\":\"https:\\\/\\\/afogadosfm.com.br\\\/afogadosfm\\\/#website\",\"url\":\"https:\\\/\\\/afogadosfm.com.br\\\/afogadosfm\\\/\",\"name\":\"Afogados FM\",\"description\":\"Um site completo!\",\"publisher\":{\"@id\":\"https:\\\/\\\/afogadosfm.com.br\\\/afogadosfm\\\/#organization\"},\"potentialAction\":[{\"@type\":\"SearchAction\",\"target\":{\"@type\":\"EntryPoint\",\"urlTemplate\":\"https:\\\/\\\/afogadosfm.com.br\\\/afogadosfm\\\/?s={search_term_string}\"},\"query-input\":{\"@type\":\"PropertyValueSpecification\",\"valueRequired\":true,\"valueName\":\"search_term_string\"}}],\"inLanguage\":\"pt-BR\"},{\"@type\":\"Organization\",\"@id\":\"https:\\\/\\\/afogadosfm.com.br\\\/afogadosfm\\\/#organization\",\"name\":\"Afogados FM\",\"url\":\"https:\\\/\\\/afogadosfm.com.br\\\/afogadosfm\\\/\",\"logo\":{\"@type\":\"ImageObject\",\"inLanguage\":\"pt-BR\",\"@id\":\"https:\\\/\\\/afogadosfm.com.br\\\/afogadosfm\\\/#\\\/schema\\\/logo\\\/image\\\/\",\"url\":\"https:\\\/\\\/i0.wp.com\\\/afogadosfm.com.br\\\/afogadosfm\\\/wp-content\\\/uploads\\\/2020\\\/06\\\/cropped-banner-afogados-4.jpg?fit=369%2C137&ssl=1\",\"contentUrl\":\"https:\\\/\\\/i0.wp.com\\\/afogadosfm.com.br\\\/afogadosfm\\\/wp-content\\\/uploads\\\/2020\\\/06\\\/cropped-banner-afogados-4.jpg?fit=369%2C137&ssl=1\",\"width\":369,\"height\":137,\"caption\":\"Afogados FM\"},\"image\":{\"@id\":\"https:\\\/\\\/afogadosfm.com.br\\\/afogadosfm\\\/#\\\/schema\\\/logo\\\/image\\\/\"}},{\"@type\":\"Person\",\"@id\":\"https:\\\/\\\/afogadosfm.com.br\\\/afogadosfm\\\/#\\\/schema\\\/person\\\/60e56f2cf5dc960fc093fe093d9e9057\",\"name\":\"afogadosfm\",\"image\":{\"@type\":\"ImageObject\",\"inLanguage\":\"pt-BR\",\"@id\":\"https:\\\/\\\/secure.gravatar.com\\\/avatar\\\/e0359add7ed5dc3560906d861b52c6a8cf5c1e199d3a7dd85070998f49bd4701?s=96&d=mm&r=g\",\"url\":\"https:\\\/\\\/secure.gravatar.com\\\/avatar\\\/e0359add7ed5dc3560906d861b52c6a8cf5c1e199d3a7dd85070998f49bd4701?s=96&d=mm&r=g\",\"contentUrl\":\"https:\\\/\\\/secure.gravatar.com\\\/avatar\\\/e0359add7ed5dc3560906d861b52c6a8cf5c1e199d3a7dd85070998f49bd4701?s=96&d=mm&r=g\",\"caption\":\"afogadosfm\"},\"url\":\"https:\\\/\\\/afogadosfm.com.br\\\/afogadosfm\\\/author\\\/afogadosfm\\\/\"}]}<\/script>\n<!-- \/ Yoast SEO plugin. -->","yoast_head_json":{"title":"Pesquisa diz que gera\u00e7\u00e3o Z n\u00e3o quer mais saber de CLT - Afogados FM","robots":{"index":"index","follow":"follow","max-snippet":"max-snippet:-1","max-image-preview":"max-image-preview:large","max-video-preview":"max-video-preview:-1"},"canonical":"https:\/\/afogadosfm.com.br\/afogadosfm\/2025\/07\/06\/pesquisa-diz-que-geracao-z-nao-quer-mais-saber-de-clt\/","og_locale":"pt_BR","og_type":"article","og_title":"Pesquisa diz que gera\u00e7\u00e3o Z n\u00e3o quer mais saber de CLT - Afogados FM","og_description":"Horas fixas, sal\u00e1rios baixos, falta de sentido no trabalho e pouca flexibilidade. Esses s\u00e3o apenas alguns dos motivos que est\u00e3o","og_url":"https:\/\/afogadosfm.com.br\/afogadosfm\/2025\/07\/06\/pesquisa-diz-que-geracao-z-nao-quer-mais-saber-de-clt\/","og_site_name":"Afogados FM","article_published_time":"2025-07-06T03:58:00+00:00","article_modified_time":"2025-07-07T03:59:46+00:00","og_image":[{"width":292,"height":173,"url":"https:\/\/afogadosfm.com.br\/afogadosfm\/wp-content\/uploads\/2018\/09\/trabalho.jpg","type":"image\/jpeg"}],"author":"afogadosfm","twitter_card":"summary_large_image","twitter_misc":{"Escrito por":"afogadosfm","Est. tempo de leitura":"3 minutos"},"schema":{"@context":"https:\/\/schema.org","@graph":[{"@type":"Article","@id":"https:\/\/afogadosfm.com.br\/afogadosfm\/2025\/07\/06\/pesquisa-diz-que-geracao-z-nao-quer-mais-saber-de-clt\/#article","isPartOf":{"@id":"https:\/\/afogadosfm.com.br\/afogadosfm\/2025\/07\/06\/pesquisa-diz-que-geracao-z-nao-quer-mais-saber-de-clt\/"},"author":{"name":"afogadosfm","@id":"https:\/\/afogadosfm.com.br\/afogadosfm\/#\/schema\/person\/60e56f2cf5dc960fc093fe093d9e9057"},"headline":"Pesquisa diz que gera\u00e7\u00e3o Z n\u00e3o quer mais saber de CLT","datePublished":"2025-07-06T03:58:00+00:00","dateModified":"2025-07-07T03:59:46+00:00","mainEntityOfPage":{"@id":"https:\/\/afogadosfm.com.br\/afogadosfm\/2025\/07\/06\/pesquisa-diz-que-geracao-z-nao-quer-mais-saber-de-clt\/"},"wordCount":387,"commentCount":0,"publisher":{"@id":"https:\/\/afogadosfm.com.br\/afogadosfm\/#organization"},"image":{"@id":"https:\/\/afogadosfm.com.br\/afogadosfm\/2025\/07\/06\/pesquisa-diz-que-geracao-z-nao-quer-mais-saber-de-clt\/#primaryimage"},"thumbnailUrl":"https:\/\/i0.wp.com\/afogadosfm.com.br\/afogadosfm\/wp-content\/uploads\/2018\/09\/trabalho.jpg?fit=292%2C173&ssl=1","articleSection":["Not\u00edcias"],"inLanguage":"pt-BR","potentialAction":[{"@type":"CommentAction","name":"Comment","target":["https:\/\/afogadosfm.com.br\/afogadosfm\/2025\/07\/06\/pesquisa-diz-que-geracao-z-nao-quer-mais-saber-de-clt\/#respond"]}]},{"@type":"WebPage","@id":"https:\/\/afogadosfm.com.br\/afogadosfm\/2025\/07\/06\/pesquisa-diz-que-geracao-z-nao-quer-mais-saber-de-clt\/","url":"https:\/\/afogadosfm.com.br\/afogadosfm\/2025\/07\/06\/pesquisa-diz-que-geracao-z-nao-quer-mais-saber-de-clt\/","name":"Pesquisa diz que gera\u00e7\u00e3o Z n\u00e3o quer mais saber de CLT - Afogados FM","isPartOf":{"@id":"https:\/\/afogadosfm.com.br\/afogadosfm\/#website"},"primaryImageOfPage":{"@id":"https:\/\/afogadosfm.com.br\/afogadosfm\/2025\/07\/06\/pesquisa-diz-que-geracao-z-nao-quer-mais-saber-de-clt\/#primaryimage"},"image":{"@id":"https:\/\/afogadosfm.com.br\/afogadosfm\/2025\/07\/06\/pesquisa-diz-que-geracao-z-nao-quer-mais-saber-de-clt\/#primaryimage"},"thumbnailUrl":"https:\/\/i0.wp.com\/afogadosfm.com.br\/afogadosfm\/wp-content\/uploads\/2018\/09\/trabalho.jpg?fit=292%2C173&ssl=1","datePublished":"2025-07-06T03:58:00+00:00","dateModified":"2025-07-07T03:59:46+00:00","breadcrumb":{"@id":"https:\/\/afogadosfm.com.br\/afogadosfm\/2025\/07\/06\/pesquisa-diz-que-geracao-z-nao-quer-mais-saber-de-clt\/#breadcrumb"},"inLanguage":"pt-BR","potentialAction":[{"@type":"ReadAction","target":["https:\/\/afogadosfm.com.br\/afogadosfm\/2025\/07\/06\/pesquisa-diz-que-geracao-z-nao-quer-mais-saber-de-clt\/"]}]},{"@type":"ImageObject","inLanguage":"pt-BR","@id":"https:\/\/afogadosfm.com.br\/afogadosfm\/2025\/07\/06\/pesquisa-diz-que-geracao-z-nao-quer-mais-saber-de-clt\/#primaryimage","url":"https:\/\/i0.wp.com\/afogadosfm.com.br\/afogadosfm\/wp-content\/uploads\/2018\/09\/trabalho.jpg?fit=292%2C173&ssl=1","contentUrl":"https:\/\/i0.wp.com\/afogadosfm.com.br\/afogadosfm\/wp-content\/uploads\/2018\/09\/trabalho.jpg?fit=292%2C173&ssl=1","width":292,"height":173},{"@type":"BreadcrumbList","@id":"https:\/\/afogadosfm.com.br\/afogadosfm\/2025\/07\/06\/pesquisa-diz-que-geracao-z-nao-quer-mais-saber-de-clt\/#breadcrumb","itemListElement":[{"@type":"ListItem","position":1,"name":"In\u00edcio","item":"https:\/\/afogadosfm.com.br\/afogadosfm\/"},{"@type":"ListItem","position":2,"name":"Pesquisa diz que gera\u00e7\u00e3o Z n\u00e3o quer mais saber de CLT"}]},{"@type":"WebSite","@id":"https:\/\/afogadosfm.com.br\/afogadosfm\/#website","url":"https:\/\/afogadosfm.com.br\/afogadosfm\/","name":"Afogados FM","description":"Um site completo!","publisher":{"@id":"https:\/\/afogadosfm.com.br\/afogadosfm\/#organization"},"potentialAction":[{"@type":"SearchAction","target":{"@type":"EntryPoint","urlTemplate":"https:\/\/afogadosfm.com.br\/afogadosfm\/?s={search_term_string}"},"query-input":{"@type":"PropertyValueSpecification","valueRequired":true,"valueName":"search_term_string"}}],"inLanguage":"pt-BR"},{"@type":"Organization","@id":"https:\/\/afogadosfm.com.br\/afogadosfm\/#organization","name":"Afogados FM","url":"https:\/\/afogadosfm.com.br\/afogadosfm\/","logo":{"@type":"ImageObject","inLanguage":"pt-BR","@id":"https:\/\/afogadosfm.com.br\/afogadosfm\/#\/schema\/logo\/image\/","url":"https:\/\/i0.wp.com\/afogadosfm.com.br\/afogadosfm\/wp-content\/uploads\/2020\/06\/cropped-banner-afogados-4.jpg?fit=369%2C137&ssl=1","contentUrl":"https:\/\/i0.wp.com\/afogadosfm.com.br\/afogadosfm\/wp-content\/uploads\/2020\/06\/cropped-banner-afogados-4.jpg?fit=369%2C137&ssl=1","width":369,"height":137,"caption":"Afogados FM"},"image":{"@id":"https:\/\/afogadosfm.com.br\/afogadosfm\/#\/schema\/logo\/image\/"}},{"@type":"Person","@id":"https:\/\/afogadosfm.com.br\/afogadosfm\/#\/schema\/person\/60e56f2cf5dc960fc093fe093d9e9057","name":"afogadosfm","image":{"@type":"ImageObject","inLanguage":"pt-BR","@id":"https:\/\/secure.gravatar.com\/avatar\/e0359add7ed5dc3560906d861b52c6a8cf5c1e199d3a7dd85070998f49bd4701?s=96&d=mm&r=g","url":"https:\/\/secure.gravatar.com\/avatar\/e0359add7ed5dc3560906d861b52c6a8cf5c1e199d3a7dd85070998f49bd4701?s=96&d=mm&r=g","contentUrl":"https:\/\/secure.gravatar.com\/avatar\/e0359add7ed5dc3560906d861b52c6a8cf5c1e199d3a7dd85070998f49bd4701?s=96&d=mm&r=g","caption":"afogadosfm"},"url":"https:\/\/afogadosfm.com.br\/afogadosfm\/author\/afogadosfm\/"}]}},"jetpack_publicize_connections":[],"jetpack_featured_media_url":"https:\/\/i0.wp.com\/afogadosfm.com.br\/afogadosfm\/wp-content\/uploads\/2018\/09\/trabalho.jpg?fit=292%2C173&ssl=1","jetpack-related-posts":[],"jetpack_sharing_enabled":true,"jetpack_likes_enabled":true,"_links":{"self":[{"href":"https:\/\/afogadosfm.com.br\/afogadosfm\/wp-json\/wp\/v2\/posts\/67157","targetHints":{"allow":["GET"]}}],"collection":[{"href":"https:\/\/afogadosfm.com.br\/afogadosfm\/wp-json\/wp\/v2\/posts"}],"about":[{"href":"https:\/\/afogadosfm.com.br\/afogadosfm\/wp-json\/wp\/v2\/types\/post"}],"author":[{"embeddable":true,"href":"https:\/\/afogadosfm.com.br\/afogadosfm\/wp-json\/wp\/v2\/users\/2"}],"replies":[{"embeddable":true,"href":"https:\/\/afogadosfm.com.br\/afogadosfm\/wp-json\/wp\/v2\/comments?post=67157"}],"version-history":[{"count":1,"href":"https:\/\/afogadosfm.com.br\/afogadosfm\/wp-json\/wp\/v2\/posts\/67157\/revisions"}],"predecessor-version":[{"id":67158,"href":"https:\/\/afogadosfm.com.br\/afogadosfm\/wp-json\/wp\/v2\/posts\/67157\/revisions\/67158"}],"wp:featuredmedia":[{"embeddable":true,"href":"https:\/\/afogadosfm.com.br\/afogadosfm\/wp-json\/wp\/v2\/media\/6376"}],"wp:attachment":[{"href":"https:\/\/afogadosfm.com.br\/afogadosfm\/wp-json\/wp\/v2\/media?parent=67157"}],"wp:term":[{"taxonomy":"category","embeddable":true,"href":"https:\/\/afogadosfm.com.br\/afogadosfm\/wp-json\/wp\/v2\/categories?post=67157"},{"taxonomy":"post_tag","embeddable":true,"href":"https:\/\/afogadosfm.com.br\/afogadosfm\/wp-json\/wp\/v2\/tags?post=67157"}],"curies":[{"name":"wp","href":"https:\/\/api.w.org\/{rel}","templated":true}]}}