{"id":67356,"date":"2025-07-13T09:12:26","date_gmt":"2025-07-13T12:12:26","guid":{"rendered":"https:\/\/afogadosfm.com.br\/afogadosfm\/?p=67356"},"modified":"2025-07-13T09:12:41","modified_gmt":"2025-07-13T12:12:41","slug":"eduardo-bolsonaro-ameaca-moraes-e-diz-que-trump-vai-pra-cima-dele","status":"publish","type":"post","link":"https:\/\/afogadosfm.com.br\/afogadosfm\/2025\/07\/13\/eduardo-bolsonaro-ameaca-moraes-e-diz-que-trump-vai-pra-cima-dele\/","title":{"rendered":"Eduardo Bolsonaro amea\u00e7a Moraes e diz que Trump vai pra cima dele"},"content":{"rendered":"\n<p>O deputado federal licenciado Eduardo Bolsonaro (PL-SP) publicou v\u00eddeo em seu perfil no Instagram na \u00faltima quinta-feira, 10, com amea\u00e7as ao ministro Alexandre de Moraes, do Supremo Tribunal Federal (STF). O parlamentar, que est\u00e1 licenciado nos Estados Unidos, desafiou Moraes a incluir o presidente dos EUA, Donald Trump, no inqu\u00e9rito das fake news.<\/p>\n\n\n\n<p>O filho do ex-presidente afirmou que o magistrado &#8220;n\u00e3o \u00e9 macho&#8221;, &#8220;\u00e9 frouxo&#8221; e &#8220;est\u00e1 com medo&#8221; do l\u00edder americano.<\/p>\n\n\n\n<p>&#8220;Por que o senhor (Alexandre de Moraes) n\u00e3o faz a mesma coisa com o Trump que fez comigo? Que fez com Allan dos Santos e Elon Musk&#8230; Por que voc\u00ea n\u00e3o coloca o Trump no inqu\u00e9rito das fake news?&#8221;, questiona o pol\u00edtico.<\/p>\n\n\n\n<p>&#8220;Eu t\u00f4 apontando isso aqui para provar que o Alexandre de Moraes n\u00e3o \u00e9 macho. Alexandre de Moraes \u00e9 um frouxo, Alexandre de Moraes est\u00e1 com medo, Alexandre de Moraes est\u00e1 sem dormir, porque ele sabe que daqui a pouco vai vir a lei Magnitsky&#8221;, provocou o filho do ex-presidente. O deputado ainda disse que Trump \u00e9 imprevis\u00edvel e pode tamb\u00e9m vir para cima da mulher de Moraes.<\/p>\n\n\n\n<p>&#8220;Do jeito que o Trump \u00e9, (a lei Magnitsky) n\u00e3o vai vir s\u00f3 nele (Alexandre de Moraes), vai vir pegando, provavelmente, a esposa dele, o F\u00e1bio Shor e outros atores da Pol\u00edcia Federal. N\u00e3o sei&#8230; Agora est\u00e1 tudo na m\u00e3o do Trump&#8230; E ele \u00e9 imprevis\u00edvel. Pode vir pra cima da PGR&#8221;, alertou o deputado, fazendo refer\u00eancia do delegado Shor da PF e \u00e0 Procuradoria-Geral da Rep\u00fablica.<\/p>\n\n\n\n<p>O delegado e o procurador-geral Paulo Gonet entraram na mira dos bolsonaristas por conta das investiga\u00e7\u00f5es que levaram a den\u00fancia do ex-presidente Jair Bolsonaro.<\/p>\n\n\n\n<p>Eduardo \u00e9 investigado por tentar provocar o governo americano a impor san\u00e7\u00f5es contra autoridades brasileiras, como o pr\u00f3prio Moraes. O deputado se auto exilou nos EUA e de l\u00e1 pede por interven\u00e7\u00e3o para que os condenados pelo ataque de 8 de Janeiro recebam anistia.<\/p>\n","protected":false},"excerpt":{"rendered":"<p>O deputado federal licenciado Eduardo Bolsonaro (PL-SP) publicou v\u00eddeo em seu perfil no Instagram na \u00faltima quinta-feira, 10, com amea\u00e7as<\/p>\n","protected":false},"author":2,"featured_media":13480,"comment_status":"open","ping_status":"open","sticky":false,"template":"","format":"standard","meta":{"jetpack_post_was_ever_published":false,"_jetpack_newsletter_access":"","_jetpack_dont_email_post_to_subs":false,"_jetpack_newsletter_tier_id":0,"_jetpack_memberships_contains_paywalled_content":false,"_jetpack_memberships_contains_paid_content":false,"footnotes":"","jetpack_publicize_message":"","jetpack_publicize_feature_enabled":true,"jetpack_social_post_already_shared":true,"jetpack_social_options":{"image_generator_settings":{"template":"highway","default_image_id":0,"font":"","enabled":false},"version":2}},"categories":[12],"tags":[],"class_list":["post-67356","post","type-post","status-publish","format-standard","has-post-thumbnail","hentry","category-brasil"],"yoast_head":"<!-- This site is optimized with the Yoast SEO plugin v27.5 - https:\/\/yoast.com\/product\/yoast-seo-wordpress\/ -->\n<title>Eduardo Bolsonaro amea\u00e7a Moraes e diz que Trump vai pra cima dele - Afogados FM<\/title>\n<meta name=\"robots\" content=\"index, follow, max-snippet:-1, max-image-preview:large, max-video-preview:-1\" \/>\n<link rel=\"canonical\" href=\"https:\/\/afogadosfm.com.br\/afogadosfm\/2025\/07\/13\/eduardo-bolsonaro-ameaca-moraes-e-diz-que-trump-vai-pra-cima-dele\/\" \/>\n<meta property=\"og:locale\" content=\"pt_BR\" \/>\n<meta property=\"og:type\" content=\"article\" \/>\n<meta property=\"og:title\" content=\"Eduardo Bolsonaro amea\u00e7a Moraes e diz que Trump vai pra cima dele - Afogados FM\" \/>\n<meta property=\"og:description\" content=\"O deputado federal licenciado Eduardo Bolsonaro (PL-SP) publicou v\u00eddeo em seu perfil no Instagram na \u00faltima quinta-feira, 10, com amea\u00e7as\" \/>\n<meta property=\"og:url\" content=\"https:\/\/afogadosfm.com.br\/afogadosfm\/2025\/07\/13\/eduardo-bolsonaro-ameaca-moraes-e-diz-que-trump-vai-pra-cima-dele\/\" \/>\n<meta property=\"og:site_name\" content=\"Afogados FM\" \/>\n<meta property=\"article:published_time\" content=\"2025-07-13T12:12:26+00:00\" \/>\n<meta property=\"article:modified_time\" content=\"2025-07-13T12:12:41+00:00\" \/>\n<meta property=\"og:image\" content=\"https:\/\/afogadosfm.com.br\/afogadosfm\/wp-content\/uploads\/2019\/10\/psl-1.jpg\" \/>\n\t<meta property=\"og:image:width\" content=\"960\" \/>\n\t<meta property=\"og:image:height\" content=\"540\" \/>\n\t<meta property=\"og:image:type\" content=\"image\/jpeg\" \/>\n<meta name=\"author\" content=\"afogadosfm\" \/>\n<meta name=\"twitter:card\" content=\"summary_large_image\" \/>\n<meta name=\"twitter:label1\" content=\"Escrito por\" \/>\n\t<meta name=\"twitter:data1\" content=\"afogadosfm\" \/>\n\t<meta name=\"twitter:label2\" content=\"Est. tempo de leitura\" \/>\n\t<meta name=\"twitter:data2\" content=\"2 minutos\" \/>\n<script type=\"application\/ld+json\" class=\"yoast-schema-graph\">{\"@context\":\"https:\\\/\\\/schema.org\",\"@graph\":[{\"@type\":\"Article\",\"@id\":\"https:\\\/\\\/afogadosfm.com.br\\\/afogadosfm\\\/2025\\\/07\\\/13\\\/eduardo-bolsonaro-ameaca-moraes-e-diz-que-trump-vai-pra-cima-dele\\\/#article\",\"isPartOf\":{\"@id\":\"https:\\\/\\\/afogadosfm.com.br\\\/afogadosfm\\\/2025\\\/07\\\/13\\\/eduardo-bolsonaro-ameaca-moraes-e-diz-que-trump-vai-pra-cima-dele\\\/\"},\"author\":{\"name\":\"afogadosfm\",\"@id\":\"https:\\\/\\\/afogadosfm.com.br\\\/afogadosfm\\\/#\\\/schema\\\/person\\\/60e56f2cf5dc960fc093fe093d9e9057\"},\"headline\":\"Eduardo Bolsonaro amea\u00e7a Moraes e diz que Trump vai pra cima dele\",\"datePublished\":\"2025-07-13T12:12:26+00:00\",\"dateModified\":\"2025-07-13T12:12:41+00:00\",\"mainEntityOfPage\":{\"@id\":\"https:\\\/\\\/afogadosfm.com.br\\\/afogadosfm\\\/2025\\\/07\\\/13\\\/eduardo-bolsonaro-ameaca-moraes-e-diz-que-trump-vai-pra-cima-dele\\\/\"},\"wordCount\":345,\"commentCount\":0,\"publisher\":{\"@id\":\"https:\\\/\\\/afogadosfm.com.br\\\/afogadosfm\\\/#organization\"},\"image\":{\"@id\":\"https:\\\/\\\/afogadosfm.com.br\\\/afogadosfm\\\/2025\\\/07\\\/13\\\/eduardo-bolsonaro-ameaca-moraes-e-diz-que-trump-vai-pra-cima-dele\\\/#primaryimage\"},\"thumbnailUrl\":\"https:\\\/\\\/i0.wp.com\\\/afogadosfm.com.br\\\/afogadosfm\\\/wp-content\\\/uploads\\\/2019\\\/10\\\/psl-1.jpg?fit=960%2C540&ssl=1\",\"articleSection\":[\"Brasil\"],\"inLanguage\":\"pt-BR\",\"potentialAction\":[{\"@type\":\"CommentAction\",\"name\":\"Comment\",\"target\":[\"https:\\\/\\\/afogadosfm.com.br\\\/afogadosfm\\\/2025\\\/07\\\/13\\\/eduardo-bolsonaro-ameaca-moraes-e-diz-que-trump-vai-pra-cima-dele\\\/#respond\"]}]},{\"@type\":\"WebPage\",\"@id\":\"https:\\\/\\\/afogadosfm.com.br\\\/afogadosfm\\\/2025\\\/07\\\/13\\\/eduardo-bolsonaro-ameaca-moraes-e-diz-que-trump-vai-pra-cima-dele\\\/\",\"url\":\"https:\\\/\\\/afogadosfm.com.br\\\/afogadosfm\\\/2025\\\/07\\\/13\\\/eduardo-bolsonaro-ameaca-moraes-e-diz-que-trump-vai-pra-cima-dele\\\/\",\"name\":\"Eduardo Bolsonaro amea\u00e7a Moraes e diz que Trump vai pra cima dele - Afogados FM\",\"isPartOf\":{\"@id\":\"https:\\\/\\\/afogadosfm.com.br\\\/afogadosfm\\\/#website\"},\"primaryImageOfPage\":{\"@id\":\"https:\\\/\\\/afogadosfm.com.br\\\/afogadosfm\\\/2025\\\/07\\\/13\\\/eduardo-bolsonaro-ameaca-moraes-e-diz-que-trump-vai-pra-cima-dele\\\/#primaryimage\"},\"image\":{\"@id\":\"https:\\\/\\\/afogadosfm.com.br\\\/afogadosfm\\\/2025\\\/07\\\/13\\\/eduardo-bolsonaro-ameaca-moraes-e-diz-que-trump-vai-pra-cima-dele\\\/#primaryimage\"},\"thumbnailUrl\":\"https:\\\/\\\/i0.wp.com\\\/afogadosfm.com.br\\\/afogadosfm\\\/wp-content\\\/uploads\\\/2019\\\/10\\\/psl-1.jpg?fit=960%2C540&ssl=1\",\"datePublished\":\"2025-07-13T12:12:26+00:00\",\"dateModified\":\"2025-07-13T12:12:41+00:00\",\"breadcrumb\":{\"@id\":\"https:\\\/\\\/afogadosfm.com.br\\\/afogadosfm\\\/2025\\\/07\\\/13\\\/eduardo-bolsonaro-ameaca-moraes-e-diz-que-trump-vai-pra-cima-dele\\\/#breadcrumb\"},\"inLanguage\":\"pt-BR\",\"potentialAction\":[{\"@type\":\"ReadAction\",\"target\":[\"https:\\\/\\\/afogadosfm.com.br\\\/afogadosfm\\\/2025\\\/07\\\/13\\\/eduardo-bolsonaro-ameaca-moraes-e-diz-que-trump-vai-pra-cima-dele\\\/\"]}]},{\"@type\":\"ImageObject\",\"inLanguage\":\"pt-BR\",\"@id\":\"https:\\\/\\\/afogadosfm.com.br\\\/afogadosfm\\\/2025\\\/07\\\/13\\\/eduardo-bolsonaro-ameaca-moraes-e-diz-que-trump-vai-pra-cima-dele\\\/#primaryimage\",\"url\":\"https:\\\/\\\/i0.wp.com\\\/afogadosfm.com.br\\\/afogadosfm\\\/wp-content\\\/uploads\\\/2019\\\/10\\\/psl-1.jpg?fit=960%2C540&ssl=1\",\"contentUrl\":\"https:\\\/\\\/i0.wp.com\\\/afogadosfm.com.br\\\/afogadosfm\\\/wp-content\\\/uploads\\\/2019\\\/10\\\/psl-1.jpg?fit=960%2C540&ssl=1\",\"width\":960,\"height\":540,\"caption\":\"(Bras\u00edlia DF, 15\\\/08\\\/2019) Presidente Jair Bolsonaro o deputado Eduardo Bolsonaro durante encontro com Francis X. Suarez, Prefeito de Miami\\\/EUA. Foto: Marcos Corr\u00eaa\\\/PR\"},{\"@type\":\"BreadcrumbList\",\"@id\":\"https:\\\/\\\/afogadosfm.com.br\\\/afogadosfm\\\/2025\\\/07\\\/13\\\/eduardo-bolsonaro-ameaca-moraes-e-diz-que-trump-vai-pra-cima-dele\\\/#breadcrumb\",\"itemListElement\":[{\"@type\":\"ListItem\",\"position\":1,\"name\":\"In\u00edcio\",\"item\":\"https:\\\/\\\/afogadosfm.com.br\\\/afogadosfm\\\/\"},{\"@type\":\"ListItem\",\"position\":2,\"name\":\"Eduardo Bolsonaro amea\u00e7a Moraes e diz que Trump vai pra cima dele\"}]},{\"@type\":\"WebSite\",\"@id\":\"https:\\\/\\\/afogadosfm.com.br\\\/afogadosfm\\\/#website\",\"url\":\"https:\\\/\\\/afogadosfm.com.br\\\/afogadosfm\\\/\",\"name\":\"Afogados FM\",\"description\":\"Um site completo!\",\"publisher\":{\"@id\":\"https:\\\/\\\/afogadosfm.com.br\\\/afogadosfm\\\/#organization\"},\"potentialAction\":[{\"@type\":\"SearchAction\",\"target\":{\"@type\":\"EntryPoint\",\"urlTemplate\":\"https:\\\/\\\/afogadosfm.com.br\\\/afogadosfm\\\/?s={search_term_string}\"},\"query-input\":{\"@type\":\"PropertyValueSpecification\",\"valueRequired\":true,\"valueName\":\"search_term_string\"}}],\"inLanguage\":\"pt-BR\"},{\"@type\":\"Organization\",\"@id\":\"https:\\\/\\\/afogadosfm.com.br\\\/afogadosfm\\\/#organization\",\"name\":\"Afogados FM\",\"url\":\"https:\\\/\\\/afogadosfm.com.br\\\/afogadosfm\\\/\",\"logo\":{\"@type\":\"ImageObject\",\"inLanguage\":\"pt-BR\",\"@id\":\"https:\\\/\\\/afogadosfm.com.br\\\/afogadosfm\\\/#\\\/schema\\\/logo\\\/image\\\/\",\"url\":\"https:\\\/\\\/i0.wp.com\\\/afogadosfm.com.br\\\/afogadosfm\\\/wp-content\\\/uploads\\\/2020\\\/06\\\/cropped-banner-afogados-4.jpg?fit=369%2C137&ssl=1\",\"contentUrl\":\"https:\\\/\\\/i0.wp.com\\\/afogadosfm.com.br\\\/afogadosfm\\\/wp-content\\\/uploads\\\/2020\\\/06\\\/cropped-banner-afogados-4.jpg?fit=369%2C137&ssl=1\",\"width\":369,\"height\":137,\"caption\":\"Afogados FM\"},\"image\":{\"@id\":\"https:\\\/\\\/afogadosfm.com.br\\\/afogadosfm\\\/#\\\/schema\\\/logo\\\/image\\\/\"}},{\"@type\":\"Person\",\"@id\":\"https:\\\/\\\/afogadosfm.com.br\\\/afogadosfm\\\/#\\\/schema\\\/person\\\/60e56f2cf5dc960fc093fe093d9e9057\",\"name\":\"afogadosfm\",\"image\":{\"@type\":\"ImageObject\",\"inLanguage\":\"pt-BR\",\"@id\":\"https:\\\/\\\/secure.gravatar.com\\\/avatar\\\/e0359add7ed5dc3560906d861b52c6a8cf5c1e199d3a7dd85070998f49bd4701?s=96&d=mm&r=g\",\"url\":\"https:\\\/\\\/secure.gravatar.com\\\/avatar\\\/e0359add7ed5dc3560906d861b52c6a8cf5c1e199d3a7dd85070998f49bd4701?s=96&d=mm&r=g\",\"contentUrl\":\"https:\\\/\\\/secure.gravatar.com\\\/avatar\\\/e0359add7ed5dc3560906d861b52c6a8cf5c1e199d3a7dd85070998f49bd4701?s=96&d=mm&r=g\",\"caption\":\"afogadosfm\"},\"url\":\"https:\\\/\\\/afogadosfm.com.br\\\/afogadosfm\\\/author\\\/afogadosfm\\\/\"}]}<\/script>\n<!-- \/ Yoast SEO plugin. -->","yoast_head_json":{"title":"Eduardo Bolsonaro amea\u00e7a Moraes e diz que Trump vai pra cima dele - Afogados FM","robots":{"index":"index","follow":"follow","max-snippet":"max-snippet:-1","max-image-preview":"max-image-preview:large","max-video-preview":"max-video-preview:-1"},"canonical":"https:\/\/afogadosfm.com.br\/afogadosfm\/2025\/07\/13\/eduardo-bolsonaro-ameaca-moraes-e-diz-que-trump-vai-pra-cima-dele\/","og_locale":"pt_BR","og_type":"article","og_title":"Eduardo Bolsonaro amea\u00e7a Moraes e diz que Trump vai pra cima dele - Afogados FM","og_description":"O deputado federal licenciado Eduardo Bolsonaro (PL-SP) publicou v\u00eddeo em seu perfil no Instagram na \u00faltima quinta-feira, 10, com amea\u00e7as","og_url":"https:\/\/afogadosfm.com.br\/afogadosfm\/2025\/07\/13\/eduardo-bolsonaro-ameaca-moraes-e-diz-que-trump-vai-pra-cima-dele\/","og_site_name":"Afogados FM","article_published_time":"2025-07-13T12:12:26+00:00","article_modified_time":"2025-07-13T12:12:41+00:00","og_image":[{"width":960,"height":540,"url":"https:\/\/afogadosfm.com.br\/afogadosfm\/wp-content\/uploads\/2019\/10\/psl-1.jpg","type":"image\/jpeg"}],"author":"afogadosfm","twitter_card":"summary_large_image","twitter_misc":{"Escrito por":"afogadosfm","Est. tempo de leitura":"2 minutos"},"schema":{"@context":"https:\/\/schema.org","@graph":[{"@type":"Article","@id":"https:\/\/afogadosfm.com.br\/afogadosfm\/2025\/07\/13\/eduardo-bolsonaro-ameaca-moraes-e-diz-que-trump-vai-pra-cima-dele\/#article","isPartOf":{"@id":"https:\/\/afogadosfm.com.br\/afogadosfm\/2025\/07\/13\/eduardo-bolsonaro-ameaca-moraes-e-diz-que-trump-vai-pra-cima-dele\/"},"author":{"name":"afogadosfm","@id":"https:\/\/afogadosfm.com.br\/afogadosfm\/#\/schema\/person\/60e56f2cf5dc960fc093fe093d9e9057"},"headline":"Eduardo Bolsonaro amea\u00e7a Moraes e diz que Trump vai pra cima dele","datePublished":"2025-07-13T12:12:26+00:00","dateModified":"2025-07-13T12:12:41+00:00","mainEntityOfPage":{"@id":"https:\/\/afogadosfm.com.br\/afogadosfm\/2025\/07\/13\/eduardo-bolsonaro-ameaca-moraes-e-diz-que-trump-vai-pra-cima-dele\/"},"wordCount":345,"commentCount":0,"publisher":{"@id":"https:\/\/afogadosfm.com.br\/afogadosfm\/#organization"},"image":{"@id":"https:\/\/afogadosfm.com.br\/afogadosfm\/2025\/07\/13\/eduardo-bolsonaro-ameaca-moraes-e-diz-que-trump-vai-pra-cima-dele\/#primaryimage"},"thumbnailUrl":"https:\/\/i0.wp.com\/afogadosfm.com.br\/afogadosfm\/wp-content\/uploads\/2019\/10\/psl-1.jpg?fit=960%2C540&ssl=1","articleSection":["Brasil"],"inLanguage":"pt-BR","potentialAction":[{"@type":"CommentAction","name":"Comment","target":["https:\/\/afogadosfm.com.br\/afogadosfm\/2025\/07\/13\/eduardo-bolsonaro-ameaca-moraes-e-diz-que-trump-vai-pra-cima-dele\/#respond"]}]},{"@type":"WebPage","@id":"https:\/\/afogadosfm.com.br\/afogadosfm\/2025\/07\/13\/eduardo-bolsonaro-ameaca-moraes-e-diz-que-trump-vai-pra-cima-dele\/","url":"https:\/\/afogadosfm.com.br\/afogadosfm\/2025\/07\/13\/eduardo-bolsonaro-ameaca-moraes-e-diz-que-trump-vai-pra-cima-dele\/","name":"Eduardo Bolsonaro amea\u00e7a Moraes e diz que Trump vai pra cima dele - Afogados FM","isPartOf":{"@id":"https:\/\/afogadosfm.com.br\/afogadosfm\/#website"},"primaryImageOfPage":{"@id":"https:\/\/afogadosfm.com.br\/afogadosfm\/2025\/07\/13\/eduardo-bolsonaro-ameaca-moraes-e-diz-que-trump-vai-pra-cima-dele\/#primaryimage"},"image":{"@id":"https:\/\/afogadosfm.com.br\/afogadosfm\/2025\/07\/13\/eduardo-bolsonaro-ameaca-moraes-e-diz-que-trump-vai-pra-cima-dele\/#primaryimage"},"thumbnailUrl":"https:\/\/i0.wp.com\/afogadosfm.com.br\/afogadosfm\/wp-content\/uploads\/2019\/10\/psl-1.jpg?fit=960%2C540&ssl=1","datePublished":"2025-07-13T12:12:26+00:00","dateModified":"2025-07-13T12:12:41+00:00","breadcrumb":{"@id":"https:\/\/afogadosfm.com.br\/afogadosfm\/2025\/07\/13\/eduardo-bolsonaro-ameaca-moraes-e-diz-que-trump-vai-pra-cima-dele\/#breadcrumb"},"inLanguage":"pt-BR","potentialAction":[{"@type":"ReadAction","target":["https:\/\/afogadosfm.com.br\/afogadosfm\/2025\/07\/13\/eduardo-bolsonaro-ameaca-moraes-e-diz-que-trump-vai-pra-cima-dele\/"]}]},{"@type":"ImageObject","inLanguage":"pt-BR","@id":"https:\/\/afogadosfm.com.br\/afogadosfm\/2025\/07\/13\/eduardo-bolsonaro-ameaca-moraes-e-diz-que-trump-vai-pra-cima-dele\/#primaryimage","url":"https:\/\/i0.wp.com\/afogadosfm.com.br\/afogadosfm\/wp-content\/uploads\/2019\/10\/psl-1.jpg?fit=960%2C540&ssl=1","contentUrl":"https:\/\/i0.wp.com\/afogadosfm.com.br\/afogadosfm\/wp-content\/uploads\/2019\/10\/psl-1.jpg?fit=960%2C540&ssl=1","width":960,"height":540,"caption":"(Bras\u00edlia DF, 15\/08\/2019) Presidente Jair Bolsonaro o deputado Eduardo Bolsonaro durante encontro com Francis X. Suarez, Prefeito de Miami\/EUA. Foto: Marcos Corr\u00eaa\/PR"},{"@type":"BreadcrumbList","@id":"https:\/\/afogadosfm.com.br\/afogadosfm\/2025\/07\/13\/eduardo-bolsonaro-ameaca-moraes-e-diz-que-trump-vai-pra-cima-dele\/#breadcrumb","itemListElement":[{"@type":"ListItem","position":1,"name":"In\u00edcio","item":"https:\/\/afogadosfm.com.br\/afogadosfm\/"},{"@type":"ListItem","position":2,"name":"Eduardo Bolsonaro amea\u00e7a Moraes e diz que Trump vai pra cima dele"}]},{"@type":"WebSite","@id":"https:\/\/afogadosfm.com.br\/afogadosfm\/#website","url":"https:\/\/afogadosfm.com.br\/afogadosfm\/","name":"Afogados FM","description":"Um site completo!","publisher":{"@id":"https:\/\/afogadosfm.com.br\/afogadosfm\/#organization"},"potentialAction":[{"@type":"SearchAction","target":{"@type":"EntryPoint","urlTemplate":"https:\/\/afogadosfm.com.br\/afogadosfm\/?s={search_term_string}"},"query-input":{"@type":"PropertyValueSpecification","valueRequired":true,"valueName":"search_term_string"}}],"inLanguage":"pt-BR"},{"@type":"Organization","@id":"https:\/\/afogadosfm.com.br\/afogadosfm\/#organization","name":"Afogados FM","url":"https:\/\/afogadosfm.com.br\/afogadosfm\/","logo":{"@type":"ImageObject","inLanguage":"pt-BR","@id":"https:\/\/afogadosfm.com.br\/afogadosfm\/#\/schema\/logo\/image\/","url":"https:\/\/i0.wp.com\/afogadosfm.com.br\/afogadosfm\/wp-content\/uploads\/2020\/06\/cropped-banner-afogados-4.jpg?fit=369%2C137&ssl=1","contentUrl":"https:\/\/i0.wp.com\/afogadosfm.com.br\/afogadosfm\/wp-content\/uploads\/2020\/06\/cropped-banner-afogados-4.jpg?fit=369%2C137&ssl=1","width":369,"height":137,"caption":"Afogados FM"},"image":{"@id":"https:\/\/afogadosfm.com.br\/afogadosfm\/#\/schema\/logo\/image\/"}},{"@type":"Person","@id":"https:\/\/afogadosfm.com.br\/afogadosfm\/#\/schema\/person\/60e56f2cf5dc960fc093fe093d9e9057","name":"afogadosfm","image":{"@type":"ImageObject","inLanguage":"pt-BR","@id":"https:\/\/secure.gravatar.com\/avatar\/e0359add7ed5dc3560906d861b52c6a8cf5c1e199d3a7dd85070998f49bd4701?s=96&d=mm&r=g","url":"https:\/\/secure.gravatar.com\/avatar\/e0359add7ed5dc3560906d861b52c6a8cf5c1e199d3a7dd85070998f49bd4701?s=96&d=mm&r=g","contentUrl":"https:\/\/secure.gravatar.com\/avatar\/e0359add7ed5dc3560906d861b52c6a8cf5c1e199d3a7dd85070998f49bd4701?s=96&d=mm&r=g","caption":"afogadosfm"},"url":"https:\/\/afogadosfm.com.br\/afogadosfm\/author\/afogadosfm\/"}]}},"jetpack_publicize_connections":[],"jetpack_featured_media_url":"https:\/\/i0.wp.com\/afogadosfm.com.br\/afogadosfm\/wp-content\/uploads\/2019\/10\/psl-1.jpg?fit=960%2C540&ssl=1","jetpack-related-posts":[],"jetpack_sharing_enabled":true,"jetpack_likes_enabled":true,"_links":{"self":[{"href":"https:\/\/afogadosfm.com.br\/afogadosfm\/wp-json\/wp\/v2\/posts\/67356","targetHints":{"allow":["GET"]}}],"collection":[{"href":"https:\/\/afogadosfm.com.br\/afogadosfm\/wp-json\/wp\/v2\/posts"}],"about":[{"href":"https:\/\/afogadosfm.com.br\/afogadosfm\/wp-json\/wp\/v2\/types\/post"}],"author":[{"embeddable":true,"href":"https:\/\/afogadosfm.com.br\/afogadosfm\/wp-json\/wp\/v2\/users\/2"}],"replies":[{"embeddable":true,"href":"https:\/\/afogadosfm.com.br\/afogadosfm\/wp-json\/wp\/v2\/comments?post=67356"}],"version-history":[{"count":1,"href":"https:\/\/afogadosfm.com.br\/afogadosfm\/wp-json\/wp\/v2\/posts\/67356\/revisions"}],"predecessor-version":[{"id":67357,"href":"https:\/\/afogadosfm.com.br\/afogadosfm\/wp-json\/wp\/v2\/posts\/67356\/revisions\/67357"}],"wp:featuredmedia":[{"embeddable":true,"href":"https:\/\/afogadosfm.com.br\/afogadosfm\/wp-json\/wp\/v2\/media\/13480"}],"wp:attachment":[{"href":"https:\/\/afogadosfm.com.br\/afogadosfm\/wp-json\/wp\/v2\/media?parent=67356"}],"wp:term":[{"taxonomy":"category","embeddable":true,"href":"https:\/\/afogadosfm.com.br\/afogadosfm\/wp-json\/wp\/v2\/categories?post=67356"},{"taxonomy":"post_tag","embeddable":true,"href":"https:\/\/afogadosfm.com.br\/afogadosfm\/wp-json\/wp\/v2\/tags?post=67356"}],"curies":[{"name":"wp","href":"https:\/\/api.w.org\/{rel}","templated":true}]}}