{"id":67365,"date":"2025-07-14T05:53:55","date_gmt":"2025-07-14T08:53:55","guid":{"rendered":"https:\/\/afogadosfm.com.br\/afogadosfm\/?p=67365"},"modified":"2025-07-14T05:53:56","modified_gmt":"2025-07-14T08:53:56","slug":"agricultor-morre-apos-colisao-com-animal-solto-na-pista-entre-tuparetama-e-jabitaca","status":"publish","type":"post","link":"https:\/\/afogadosfm.com.br\/afogadosfm\/2025\/07\/14\/agricultor-morre-apos-colisao-com-animal-solto-na-pista-entre-tuparetama-e-jabitaca\/","title":{"rendered":"Agricultor morre ap\u00f3s colis\u00e3o com animal solto na pista entre Tuparetama e Jabitac\u00e1"},"content":{"rendered":"\n<p>Ao voltar da Exposi\u00e7\u00e3o de Animais em Sertania, 51\u00ba Expococe, me deparei com essa cena lament\u00e1vel. Mais um acidente de motocicleta tirou a vida de um agricultor na altura da&nbsp; Casa de Turma, entre Tuparetama e o Km 49. Segundo informa\u00e7\u00f5es apuradas no local, a moto bateu em um animal, um boi solto na pista, o motociclista perdeu o controle e bateu de frente a um carro que vinha em sentido contr\u00e1rio.<\/p>\n\n\n\n<p>Foi&nbsp; na PE 275, na sa\u00edda de Tuparetama, no sentido Jabitac\u00e1. Segundo populares a v\u00edtima,&nbsp;Erivaldo santos Pereira, completaria 41 anos em 08 de agosto.Nego era filho de Socorro, morador da comunidade Cai\u00e7ara. De acordo com informa\u00e7\u00f5es, um condutor da cidade de Brejinho tentou desviar de um gado que estava solto na rodovia, mas acabou colidindo com Nego, que trafegava pela via.<\/p>\n\n\n\n<p>Equipes da Unidade Mista de Sa\u00fade de Tuparetama e da Pol\u00edcia Militar foram acionadas imediatamente para prestar socorro, mas, infelizmente, Nego n\u00e3o resistiu aos ferimentos e veio a \u00f3bito no local.<\/p>\n\n\n\n<p>O condutor do carro em que a moto bateu, foi hospitalizado com escoria\u00e7\u00f5es no Hospital de Tuperatama , o nome n\u00e3o foi divulgado.<\/p>\n\n\n\n<p>N\u00e3o \u00e9 a primeira vez que animais soltos na pista na regi\u00e3o causam acidentes. Em novembro de 2022, um animal tirou a vida de&nbsp;Carlos Ant\u00f4nio Freitas, PM da reserva em Palmas. . Em abril de 2023 , nesse mesmo local o jovem&nbsp;Lucas Daniel&nbsp;de apenas 26 anos, tamb\u00e9m morreu nas mesmas circunst\u00e2ncias, animal solto na pista. Em setembro de 2021, outro PM aposentado, &nbsp;Jo\u00e3o do Amaro conhecido por&nbsp;Jo\u00e3ozinho Soldado, morreu ap\u00f3s colidir sua moto com um cavalo na pista, pr\u00f3ximo \u00e0 Faculdade Vale do Paje\u00fa, em S\u00e3o Jos\u00e9 do Egito.<\/p>\n\n\n\n<p>Erivaldo, conhecido por Nego Vaqueiro, era residente no Sitio Manoino, munic\u00edpio da Ingazeira.<\/p>\n\n\n\n<p>Nas redes sociais populares pedem as autoridades provid\u00eancias&nbsp; e tomem as medidas cab\u00edveis com os propriet\u00e1rios desses animais soltos irresponsavelmente nas pistas.<\/p>\n\n\n\n<p>Marcelo Patriota<\/p>\n","protected":false},"excerpt":{"rendered":"<p>Ao voltar da Exposi\u00e7\u00e3o de Animais em Sertania, 51\u00ba Expococe, me deparei com essa cena lament\u00e1vel. Mais um acidente de<\/p>\n","protected":false},"author":2,"featured_media":67366,"comment_status":"open","ping_status":"open","sticky":false,"template":"","format":"standard","meta":{"jetpack_post_was_ever_published":false,"_jetpack_newsletter_access":"","_jetpack_dont_email_post_to_subs":false,"_jetpack_newsletter_tier_id":0,"_jetpack_memberships_contains_paywalled_content":false,"_jetpack_memberships_contains_paid_content":false,"footnotes":"","jetpack_publicize_message":"","jetpack_publicize_feature_enabled":true,"jetpack_social_post_already_shared":true,"jetpack_social_options":{"image_generator_settings":{"template":"highway","default_image_id":0,"font":"","enabled":false},"version":2}},"categories":[32],"tags":[],"class_list":["post-67365","post","type-post","status-publish","format-standard","has-post-thumbnail","hentry","category-sertao"],"yoast_head":"<!-- This site is optimized with the Yoast SEO plugin v27.5 - https:\/\/yoast.com\/product\/yoast-seo-wordpress\/ -->\n<title>Agricultor morre ap\u00f3s colis\u00e3o com animal solto na pista entre Tuparetama e Jabitac\u00e1 - Afogados FM<\/title>\n<meta name=\"robots\" content=\"index, follow, max-snippet:-1, max-image-preview:large, max-video-preview:-1\" \/>\n<link rel=\"canonical\" href=\"https:\/\/afogadosfm.com.br\/afogadosfm\/2025\/07\/14\/agricultor-morre-apos-colisao-com-animal-solto-na-pista-entre-tuparetama-e-jabitaca\/\" \/>\n<meta property=\"og:locale\" content=\"pt_BR\" \/>\n<meta property=\"og:type\" content=\"article\" \/>\n<meta property=\"og:title\" content=\"Agricultor morre ap\u00f3s colis\u00e3o com animal solto na pista entre Tuparetama e Jabitac\u00e1 - Afogados FM\" \/>\n<meta property=\"og:description\" content=\"Ao voltar da Exposi\u00e7\u00e3o de Animais em Sertania, 51\u00ba Expococe, me deparei com essa cena lament\u00e1vel. Mais um acidente de\" \/>\n<meta property=\"og:url\" content=\"https:\/\/afogadosfm.com.br\/afogadosfm\/2025\/07\/14\/agricultor-morre-apos-colisao-com-animal-solto-na-pista-entre-tuparetama-e-jabitaca\/\" \/>\n<meta property=\"og:site_name\" content=\"Afogados FM\" \/>\n<meta property=\"article:published_time\" content=\"2025-07-14T08:53:55+00:00\" \/>\n<meta property=\"article:modified_time\" content=\"2025-07-14T08:53:56+00:00\" \/>\n<meta property=\"og:image\" content=\"https:\/\/afogadosfm.com.br\/afogadosfm\/wp-content\/uploads\/2025\/07\/agricultor.jpg\" \/>\n\t<meta property=\"og:image:width\" content=\"320\" \/>\n\t<meta property=\"og:image:height\" content=\"400\" \/>\n\t<meta property=\"og:image:type\" content=\"image\/jpeg\" \/>\n<meta name=\"author\" content=\"afogadosfm\" \/>\n<meta name=\"twitter:card\" content=\"summary_large_image\" \/>\n<meta name=\"twitter:label1\" content=\"Escrito por\" \/>\n\t<meta name=\"twitter:data1\" content=\"afogadosfm\" \/>\n\t<meta name=\"twitter:label2\" content=\"Est. tempo de leitura\" \/>\n\t<meta name=\"twitter:data2\" content=\"2 minutos\" \/>\n<script type=\"application\/ld+json\" class=\"yoast-schema-graph\">{\"@context\":\"https:\\\/\\\/schema.org\",\"@graph\":[{\"@type\":\"Article\",\"@id\":\"https:\\\/\\\/afogadosfm.com.br\\\/afogadosfm\\\/2025\\\/07\\\/14\\\/agricultor-morre-apos-colisao-com-animal-solto-na-pista-entre-tuparetama-e-jabitaca\\\/#article\",\"isPartOf\":{\"@id\":\"https:\\\/\\\/afogadosfm.com.br\\\/afogadosfm\\\/2025\\\/07\\\/14\\\/agricultor-morre-apos-colisao-com-animal-solto-na-pista-entre-tuparetama-e-jabitaca\\\/\"},\"author\":{\"name\":\"afogadosfm\",\"@id\":\"https:\\\/\\\/afogadosfm.com.br\\\/afogadosfm\\\/#\\\/schema\\\/person\\\/60e56f2cf5dc960fc093fe093d9e9057\"},\"headline\":\"Agricultor morre ap\u00f3s colis\u00e3o com animal solto na pista entre Tuparetama e Jabitac\u00e1\",\"datePublished\":\"2025-07-14T08:53:55+00:00\",\"dateModified\":\"2025-07-14T08:53:56+00:00\",\"mainEntityOfPage\":{\"@id\":\"https:\\\/\\\/afogadosfm.com.br\\\/afogadosfm\\\/2025\\\/07\\\/14\\\/agricultor-morre-apos-colisao-com-animal-solto-na-pista-entre-tuparetama-e-jabitaca\\\/\"},\"wordCount\":356,\"commentCount\":0,\"publisher\":{\"@id\":\"https:\\\/\\\/afogadosfm.com.br\\\/afogadosfm\\\/#organization\"},\"image\":{\"@id\":\"https:\\\/\\\/afogadosfm.com.br\\\/afogadosfm\\\/2025\\\/07\\\/14\\\/agricultor-morre-apos-colisao-com-animal-solto-na-pista-entre-tuparetama-e-jabitaca\\\/#primaryimage\"},\"thumbnailUrl\":\"https:\\\/\\\/i0.wp.com\\\/afogadosfm.com.br\\\/afogadosfm\\\/wp-content\\\/uploads\\\/2025\\\/07\\\/agricultor.jpg?fit=320%2C400&ssl=1\",\"articleSection\":[\"Sert\u00e3o\"],\"inLanguage\":\"pt-BR\",\"potentialAction\":[{\"@type\":\"CommentAction\",\"name\":\"Comment\",\"target\":[\"https:\\\/\\\/afogadosfm.com.br\\\/afogadosfm\\\/2025\\\/07\\\/14\\\/agricultor-morre-apos-colisao-com-animal-solto-na-pista-entre-tuparetama-e-jabitaca\\\/#respond\"]}]},{\"@type\":\"WebPage\",\"@id\":\"https:\\\/\\\/afogadosfm.com.br\\\/afogadosfm\\\/2025\\\/07\\\/14\\\/agricultor-morre-apos-colisao-com-animal-solto-na-pista-entre-tuparetama-e-jabitaca\\\/\",\"url\":\"https:\\\/\\\/afogadosfm.com.br\\\/afogadosfm\\\/2025\\\/07\\\/14\\\/agricultor-morre-apos-colisao-com-animal-solto-na-pista-entre-tuparetama-e-jabitaca\\\/\",\"name\":\"Agricultor morre ap\u00f3s colis\u00e3o com animal solto na pista entre Tuparetama e Jabitac\u00e1 - Afogados FM\",\"isPartOf\":{\"@id\":\"https:\\\/\\\/afogadosfm.com.br\\\/afogadosfm\\\/#website\"},\"primaryImageOfPage\":{\"@id\":\"https:\\\/\\\/afogadosfm.com.br\\\/afogadosfm\\\/2025\\\/07\\\/14\\\/agricultor-morre-apos-colisao-com-animal-solto-na-pista-entre-tuparetama-e-jabitaca\\\/#primaryimage\"},\"image\":{\"@id\":\"https:\\\/\\\/afogadosfm.com.br\\\/afogadosfm\\\/2025\\\/07\\\/14\\\/agricultor-morre-apos-colisao-com-animal-solto-na-pista-entre-tuparetama-e-jabitaca\\\/#primaryimage\"},\"thumbnailUrl\":\"https:\\\/\\\/i0.wp.com\\\/afogadosfm.com.br\\\/afogadosfm\\\/wp-content\\\/uploads\\\/2025\\\/07\\\/agricultor.jpg?fit=320%2C400&ssl=1\",\"datePublished\":\"2025-07-14T08:53:55+00:00\",\"dateModified\":\"2025-07-14T08:53:56+00:00\",\"breadcrumb\":{\"@id\":\"https:\\\/\\\/afogadosfm.com.br\\\/afogadosfm\\\/2025\\\/07\\\/14\\\/agricultor-morre-apos-colisao-com-animal-solto-na-pista-entre-tuparetama-e-jabitaca\\\/#breadcrumb\"},\"inLanguage\":\"pt-BR\",\"potentialAction\":[{\"@type\":\"ReadAction\",\"target\":[\"https:\\\/\\\/afogadosfm.com.br\\\/afogadosfm\\\/2025\\\/07\\\/14\\\/agricultor-morre-apos-colisao-com-animal-solto-na-pista-entre-tuparetama-e-jabitaca\\\/\"]}]},{\"@type\":\"ImageObject\",\"inLanguage\":\"pt-BR\",\"@id\":\"https:\\\/\\\/afogadosfm.com.br\\\/afogadosfm\\\/2025\\\/07\\\/14\\\/agricultor-morre-apos-colisao-com-animal-solto-na-pista-entre-tuparetama-e-jabitaca\\\/#primaryimage\",\"url\":\"https:\\\/\\\/i0.wp.com\\\/afogadosfm.com.br\\\/afogadosfm\\\/wp-content\\\/uploads\\\/2025\\\/07\\\/agricultor.jpg?fit=320%2C400&ssl=1\",\"contentUrl\":\"https:\\\/\\\/i0.wp.com\\\/afogadosfm.com.br\\\/afogadosfm\\\/wp-content\\\/uploads\\\/2025\\\/07\\\/agricultor.jpg?fit=320%2C400&ssl=1\",\"width\":320,\"height\":400},{\"@type\":\"BreadcrumbList\",\"@id\":\"https:\\\/\\\/afogadosfm.com.br\\\/afogadosfm\\\/2025\\\/07\\\/14\\\/agricultor-morre-apos-colisao-com-animal-solto-na-pista-entre-tuparetama-e-jabitaca\\\/#breadcrumb\",\"itemListElement\":[{\"@type\":\"ListItem\",\"position\":1,\"name\":\"In\u00edcio\",\"item\":\"https:\\\/\\\/afogadosfm.com.br\\\/afogadosfm\\\/\"},{\"@type\":\"ListItem\",\"position\":2,\"name\":\"Agricultor morre ap\u00f3s colis\u00e3o com animal solto na pista entre Tuparetama e Jabitac\u00e1\"}]},{\"@type\":\"WebSite\",\"@id\":\"https:\\\/\\\/afogadosfm.com.br\\\/afogadosfm\\\/#website\",\"url\":\"https:\\\/\\\/afogadosfm.com.br\\\/afogadosfm\\\/\",\"name\":\"Afogados FM\",\"description\":\"Um site completo!\",\"publisher\":{\"@id\":\"https:\\\/\\\/afogadosfm.com.br\\\/afogadosfm\\\/#organization\"},\"potentialAction\":[{\"@type\":\"SearchAction\",\"target\":{\"@type\":\"EntryPoint\",\"urlTemplate\":\"https:\\\/\\\/afogadosfm.com.br\\\/afogadosfm\\\/?s={search_term_string}\"},\"query-input\":{\"@type\":\"PropertyValueSpecification\",\"valueRequired\":true,\"valueName\":\"search_term_string\"}}],\"inLanguage\":\"pt-BR\"},{\"@type\":\"Organization\",\"@id\":\"https:\\\/\\\/afogadosfm.com.br\\\/afogadosfm\\\/#organization\",\"name\":\"Afogados FM\",\"url\":\"https:\\\/\\\/afogadosfm.com.br\\\/afogadosfm\\\/\",\"logo\":{\"@type\":\"ImageObject\",\"inLanguage\":\"pt-BR\",\"@id\":\"https:\\\/\\\/afogadosfm.com.br\\\/afogadosfm\\\/#\\\/schema\\\/logo\\\/image\\\/\",\"url\":\"https:\\\/\\\/i0.wp.com\\\/afogadosfm.com.br\\\/afogadosfm\\\/wp-content\\\/uploads\\\/2020\\\/06\\\/cropped-banner-afogados-4.jpg?fit=369%2C137&ssl=1\",\"contentUrl\":\"https:\\\/\\\/i0.wp.com\\\/afogadosfm.com.br\\\/afogadosfm\\\/wp-content\\\/uploads\\\/2020\\\/06\\\/cropped-banner-afogados-4.jpg?fit=369%2C137&ssl=1\",\"width\":369,\"height\":137,\"caption\":\"Afogados FM\"},\"image\":{\"@id\":\"https:\\\/\\\/afogadosfm.com.br\\\/afogadosfm\\\/#\\\/schema\\\/logo\\\/image\\\/\"}},{\"@type\":\"Person\",\"@id\":\"https:\\\/\\\/afogadosfm.com.br\\\/afogadosfm\\\/#\\\/schema\\\/person\\\/60e56f2cf5dc960fc093fe093d9e9057\",\"name\":\"afogadosfm\",\"image\":{\"@type\":\"ImageObject\",\"inLanguage\":\"pt-BR\",\"@id\":\"https:\\\/\\\/secure.gravatar.com\\\/avatar\\\/e0359add7ed5dc3560906d861b52c6a8cf5c1e199d3a7dd85070998f49bd4701?s=96&d=mm&r=g\",\"url\":\"https:\\\/\\\/secure.gravatar.com\\\/avatar\\\/e0359add7ed5dc3560906d861b52c6a8cf5c1e199d3a7dd85070998f49bd4701?s=96&d=mm&r=g\",\"contentUrl\":\"https:\\\/\\\/secure.gravatar.com\\\/avatar\\\/e0359add7ed5dc3560906d861b52c6a8cf5c1e199d3a7dd85070998f49bd4701?s=96&d=mm&r=g\",\"caption\":\"afogadosfm\"},\"url\":\"https:\\\/\\\/afogadosfm.com.br\\\/afogadosfm\\\/author\\\/afogadosfm\\\/\"}]}<\/script>\n<!-- \/ Yoast SEO plugin. -->","yoast_head_json":{"title":"Agricultor morre ap\u00f3s colis\u00e3o com animal solto na pista entre Tuparetama e Jabitac\u00e1 - Afogados FM","robots":{"index":"index","follow":"follow","max-snippet":"max-snippet:-1","max-image-preview":"max-image-preview:large","max-video-preview":"max-video-preview:-1"},"canonical":"https:\/\/afogadosfm.com.br\/afogadosfm\/2025\/07\/14\/agricultor-morre-apos-colisao-com-animal-solto-na-pista-entre-tuparetama-e-jabitaca\/","og_locale":"pt_BR","og_type":"article","og_title":"Agricultor morre ap\u00f3s colis\u00e3o com animal solto na pista entre Tuparetama e Jabitac\u00e1 - Afogados FM","og_description":"Ao voltar da Exposi\u00e7\u00e3o de Animais em Sertania, 51\u00ba Expococe, me deparei com essa cena lament\u00e1vel. Mais um acidente de","og_url":"https:\/\/afogadosfm.com.br\/afogadosfm\/2025\/07\/14\/agricultor-morre-apos-colisao-com-animal-solto-na-pista-entre-tuparetama-e-jabitaca\/","og_site_name":"Afogados FM","article_published_time":"2025-07-14T08:53:55+00:00","article_modified_time":"2025-07-14T08:53:56+00:00","og_image":[{"width":320,"height":400,"url":"https:\/\/afogadosfm.com.br\/afogadosfm\/wp-content\/uploads\/2025\/07\/agricultor.jpg","type":"image\/jpeg"}],"author":"afogadosfm","twitter_card":"summary_large_image","twitter_misc":{"Escrito por":"afogadosfm","Est. tempo de leitura":"2 minutos"},"schema":{"@context":"https:\/\/schema.org","@graph":[{"@type":"Article","@id":"https:\/\/afogadosfm.com.br\/afogadosfm\/2025\/07\/14\/agricultor-morre-apos-colisao-com-animal-solto-na-pista-entre-tuparetama-e-jabitaca\/#article","isPartOf":{"@id":"https:\/\/afogadosfm.com.br\/afogadosfm\/2025\/07\/14\/agricultor-morre-apos-colisao-com-animal-solto-na-pista-entre-tuparetama-e-jabitaca\/"},"author":{"name":"afogadosfm","@id":"https:\/\/afogadosfm.com.br\/afogadosfm\/#\/schema\/person\/60e56f2cf5dc960fc093fe093d9e9057"},"headline":"Agricultor morre ap\u00f3s colis\u00e3o com animal solto na pista entre Tuparetama e Jabitac\u00e1","datePublished":"2025-07-14T08:53:55+00:00","dateModified":"2025-07-14T08:53:56+00:00","mainEntityOfPage":{"@id":"https:\/\/afogadosfm.com.br\/afogadosfm\/2025\/07\/14\/agricultor-morre-apos-colisao-com-animal-solto-na-pista-entre-tuparetama-e-jabitaca\/"},"wordCount":356,"commentCount":0,"publisher":{"@id":"https:\/\/afogadosfm.com.br\/afogadosfm\/#organization"},"image":{"@id":"https:\/\/afogadosfm.com.br\/afogadosfm\/2025\/07\/14\/agricultor-morre-apos-colisao-com-animal-solto-na-pista-entre-tuparetama-e-jabitaca\/#primaryimage"},"thumbnailUrl":"https:\/\/i0.wp.com\/afogadosfm.com.br\/afogadosfm\/wp-content\/uploads\/2025\/07\/agricultor.jpg?fit=320%2C400&ssl=1","articleSection":["Sert\u00e3o"],"inLanguage":"pt-BR","potentialAction":[{"@type":"CommentAction","name":"Comment","target":["https:\/\/afogadosfm.com.br\/afogadosfm\/2025\/07\/14\/agricultor-morre-apos-colisao-com-animal-solto-na-pista-entre-tuparetama-e-jabitaca\/#respond"]}]},{"@type":"WebPage","@id":"https:\/\/afogadosfm.com.br\/afogadosfm\/2025\/07\/14\/agricultor-morre-apos-colisao-com-animal-solto-na-pista-entre-tuparetama-e-jabitaca\/","url":"https:\/\/afogadosfm.com.br\/afogadosfm\/2025\/07\/14\/agricultor-morre-apos-colisao-com-animal-solto-na-pista-entre-tuparetama-e-jabitaca\/","name":"Agricultor morre ap\u00f3s colis\u00e3o com animal solto na pista entre Tuparetama e Jabitac\u00e1 - Afogados FM","isPartOf":{"@id":"https:\/\/afogadosfm.com.br\/afogadosfm\/#website"},"primaryImageOfPage":{"@id":"https:\/\/afogadosfm.com.br\/afogadosfm\/2025\/07\/14\/agricultor-morre-apos-colisao-com-animal-solto-na-pista-entre-tuparetama-e-jabitaca\/#primaryimage"},"image":{"@id":"https:\/\/afogadosfm.com.br\/afogadosfm\/2025\/07\/14\/agricultor-morre-apos-colisao-com-animal-solto-na-pista-entre-tuparetama-e-jabitaca\/#primaryimage"},"thumbnailUrl":"https:\/\/i0.wp.com\/afogadosfm.com.br\/afogadosfm\/wp-content\/uploads\/2025\/07\/agricultor.jpg?fit=320%2C400&ssl=1","datePublished":"2025-07-14T08:53:55+00:00","dateModified":"2025-07-14T08:53:56+00:00","breadcrumb":{"@id":"https:\/\/afogadosfm.com.br\/afogadosfm\/2025\/07\/14\/agricultor-morre-apos-colisao-com-animal-solto-na-pista-entre-tuparetama-e-jabitaca\/#breadcrumb"},"inLanguage":"pt-BR","potentialAction":[{"@type":"ReadAction","target":["https:\/\/afogadosfm.com.br\/afogadosfm\/2025\/07\/14\/agricultor-morre-apos-colisao-com-animal-solto-na-pista-entre-tuparetama-e-jabitaca\/"]}]},{"@type":"ImageObject","inLanguage":"pt-BR","@id":"https:\/\/afogadosfm.com.br\/afogadosfm\/2025\/07\/14\/agricultor-morre-apos-colisao-com-animal-solto-na-pista-entre-tuparetama-e-jabitaca\/#primaryimage","url":"https:\/\/i0.wp.com\/afogadosfm.com.br\/afogadosfm\/wp-content\/uploads\/2025\/07\/agricultor.jpg?fit=320%2C400&ssl=1","contentUrl":"https:\/\/i0.wp.com\/afogadosfm.com.br\/afogadosfm\/wp-content\/uploads\/2025\/07\/agricultor.jpg?fit=320%2C400&ssl=1","width":320,"height":400},{"@type":"BreadcrumbList","@id":"https:\/\/afogadosfm.com.br\/afogadosfm\/2025\/07\/14\/agricultor-morre-apos-colisao-com-animal-solto-na-pista-entre-tuparetama-e-jabitaca\/#breadcrumb","itemListElement":[{"@type":"ListItem","position":1,"name":"In\u00edcio","item":"https:\/\/afogadosfm.com.br\/afogadosfm\/"},{"@type":"ListItem","position":2,"name":"Agricultor morre ap\u00f3s colis\u00e3o com animal solto na pista entre Tuparetama e Jabitac\u00e1"}]},{"@type":"WebSite","@id":"https:\/\/afogadosfm.com.br\/afogadosfm\/#website","url":"https:\/\/afogadosfm.com.br\/afogadosfm\/","name":"Afogados FM","description":"Um site completo!","publisher":{"@id":"https:\/\/afogadosfm.com.br\/afogadosfm\/#organization"},"potentialAction":[{"@type":"SearchAction","target":{"@type":"EntryPoint","urlTemplate":"https:\/\/afogadosfm.com.br\/afogadosfm\/?s={search_term_string}"},"query-input":{"@type":"PropertyValueSpecification","valueRequired":true,"valueName":"search_term_string"}}],"inLanguage":"pt-BR"},{"@type":"Organization","@id":"https:\/\/afogadosfm.com.br\/afogadosfm\/#organization","name":"Afogados FM","url":"https:\/\/afogadosfm.com.br\/afogadosfm\/","logo":{"@type":"ImageObject","inLanguage":"pt-BR","@id":"https:\/\/afogadosfm.com.br\/afogadosfm\/#\/schema\/logo\/image\/","url":"https:\/\/i0.wp.com\/afogadosfm.com.br\/afogadosfm\/wp-content\/uploads\/2020\/06\/cropped-banner-afogados-4.jpg?fit=369%2C137&ssl=1","contentUrl":"https:\/\/i0.wp.com\/afogadosfm.com.br\/afogadosfm\/wp-content\/uploads\/2020\/06\/cropped-banner-afogados-4.jpg?fit=369%2C137&ssl=1","width":369,"height":137,"caption":"Afogados FM"},"image":{"@id":"https:\/\/afogadosfm.com.br\/afogadosfm\/#\/schema\/logo\/image\/"}},{"@type":"Person","@id":"https:\/\/afogadosfm.com.br\/afogadosfm\/#\/schema\/person\/60e56f2cf5dc960fc093fe093d9e9057","name":"afogadosfm","image":{"@type":"ImageObject","inLanguage":"pt-BR","@id":"https:\/\/secure.gravatar.com\/avatar\/e0359add7ed5dc3560906d861b52c6a8cf5c1e199d3a7dd85070998f49bd4701?s=96&d=mm&r=g","url":"https:\/\/secure.gravatar.com\/avatar\/e0359add7ed5dc3560906d861b52c6a8cf5c1e199d3a7dd85070998f49bd4701?s=96&d=mm&r=g","contentUrl":"https:\/\/secure.gravatar.com\/avatar\/e0359add7ed5dc3560906d861b52c6a8cf5c1e199d3a7dd85070998f49bd4701?s=96&d=mm&r=g","caption":"afogadosfm"},"url":"https:\/\/afogadosfm.com.br\/afogadosfm\/author\/afogadosfm\/"}]}},"jetpack_publicize_connections":[],"jetpack_featured_media_url":"https:\/\/i0.wp.com\/afogadosfm.com.br\/afogadosfm\/wp-content\/uploads\/2025\/07\/agricultor.jpg?fit=320%2C400&ssl=1","jetpack-related-posts":[],"jetpack_sharing_enabled":true,"jetpack_likes_enabled":true,"_links":{"self":[{"href":"https:\/\/afogadosfm.com.br\/afogadosfm\/wp-json\/wp\/v2\/posts\/67365","targetHints":{"allow":["GET"]}}],"collection":[{"href":"https:\/\/afogadosfm.com.br\/afogadosfm\/wp-json\/wp\/v2\/posts"}],"about":[{"href":"https:\/\/afogadosfm.com.br\/afogadosfm\/wp-json\/wp\/v2\/types\/post"}],"author":[{"embeddable":true,"href":"https:\/\/afogadosfm.com.br\/afogadosfm\/wp-json\/wp\/v2\/users\/2"}],"replies":[{"embeddable":true,"href":"https:\/\/afogadosfm.com.br\/afogadosfm\/wp-json\/wp\/v2\/comments?post=67365"}],"version-history":[{"count":1,"href":"https:\/\/afogadosfm.com.br\/afogadosfm\/wp-json\/wp\/v2\/posts\/67365\/revisions"}],"predecessor-version":[{"id":67367,"href":"https:\/\/afogadosfm.com.br\/afogadosfm\/wp-json\/wp\/v2\/posts\/67365\/revisions\/67367"}],"wp:featuredmedia":[{"embeddable":true,"href":"https:\/\/afogadosfm.com.br\/afogadosfm\/wp-json\/wp\/v2\/media\/67366"}],"wp:attachment":[{"href":"https:\/\/afogadosfm.com.br\/afogadosfm\/wp-json\/wp\/v2\/media?parent=67365"}],"wp:term":[{"taxonomy":"category","embeddable":true,"href":"https:\/\/afogadosfm.com.br\/afogadosfm\/wp-json\/wp\/v2\/categories?post=67365"},{"taxonomy":"post_tag","embeddable":true,"href":"https:\/\/afogadosfm.com.br\/afogadosfm\/wp-json\/wp\/v2\/tags?post=67365"}],"curies":[{"name":"wp","href":"https:\/\/api.w.org\/{rel}","templated":true}]}}