{"id":67403,"date":"2025-07-15T08:59:09","date_gmt":"2025-07-15T11:59:09","guid":{"rendered":"https:\/\/afogadosfm.com.br\/afogadosfm\/?p=67403"},"modified":"2025-07-15T08:59:10","modified_gmt":"2025-07-15T11:59:10","slug":"bolsonaro-pode-ser-condenado-a-ate-43-anos-de-prisao","status":"publish","type":"post","link":"https:\/\/afogadosfm.com.br\/afogadosfm\/2025\/07\/15\/bolsonaro-pode-ser-condenado-a-ate-43-anos-de-prisao\/","title":{"rendered":"Bolsonaro pode ser condenado a at\u00e9 43 anos de pris\u00e3o"},"content":{"rendered":"\n<p>O ex-presidente Jair Bolsonaro pode ser condenado a at\u00e9 43 anos de pris\u00e3o pela 1\u00aa Turma do Supremo Tribunal Federal caso sejam aplicadas as penas m\u00e1ximas dos cinco crimes citados pela Procuradoria-Geral da Rep\u00fablica (PGR) em manifesta\u00e7\u00e3o enviada \u00e0 Corte nessa segunda-feira (14) e tamb\u00e9m as causas de aumento de puni\u00e7\u00e3o previstas na acusa\u00e7\u00e3o por envolvimento na trama golpista.<\/p>\n\n\n\n<p>Ap\u00f3s o parecer enviado pelo procurador-geral da Rep\u00fablica, Paulo Gonet, fica aberto o prazo de 15 dias para os demais r\u00e9us apresentarem suas alega\u00e7\u00f5es finais. O primeiro ser\u00e1 o tenente-coronel Mauro Cid, que far\u00e1 isso antes dos demais por ter fechado um acordo de dela\u00e7\u00e3o premiada. Depois, os demais r\u00e9us tamb\u00e9m protocolam seu posicionamento final, em um prazo conjunto, igualmente de 15 dias.<\/p>\n\n\n\n<p>Para advogados consultados pelo Globo em mar\u00e7o, ap\u00f3s a den\u00fancia da PGR, ainda que a pena possa chegar a 43 anos, o mais prov\u00e1vel seria uma condena\u00e7\u00e3o no meio do caminho, acima de 14 anos, mas distante do m\u00e1ximo previsto no C\u00f3digo Penal.<\/p>\n\n\n\n<p>Veja detalhes dos crimes:<\/p>\n\n\n\n<p>Organiza\u00e7\u00e3o criminosa: penas de 3 a 8 anos, com at\u00e9 mais 4 anos pelo majorante de emprego de arma de fogo e at\u00e9 mais 5 anos pelo concurso de funcion\u00e1rio p\u00fablico;<\/p>\n\n\n\n<p>Aboli\u00e7\u00e3o violenta do estado democr\u00e1tico de direito: penas entre 4 e 8 anos;<\/p>\n\n\n\n<p>Golpe de Estado: penas entre 4 e 12 anos;<\/p>\n\n\n\n<p>Dano qualificado pela viol\u00eancia e grave amea\u00e7a: penas de 6 meses a 3 anos;<\/p>\n\n\n\n<p>Deteriora\u00e7\u00e3o de patrim\u00f4nio tombado: penas de 1 a 3 anos.<\/p>\n\n\n\n<p>Bolsonaro foi denunciado pela PGR em fevereiro pelos crimes de organiza\u00e7\u00e3o criminosa (que prev\u00ea penas de 3 a 8 anos de pris\u00e3o), tentativa de aboli\u00e7\u00e3o violenta do estado democr\u00e1tico de direito (4 a 8 anos de pris\u00e3o), golpe de Estado (4 a 12 anos), dano qualificado pela viol\u00eancia e grave amea\u00e7a contra o patrim\u00f4nio da Uni\u00e3o (6 meses a 3 anos) e deteriora\u00e7\u00e3o de patrim\u00f4nio tombado (1 a 3 anos).<\/p>\n\n\n\n<p>A PGR tamb\u00e9m apontou que, no delito de organiza\u00e7\u00e3o criminosa, houve ainda emprego de arma de fogo, que aumentaria a pena em at\u00e9 50%, e o exerc\u00edcio do comando da organiza\u00e7\u00e3o, o que aumentaria de um sexto a dois ter\u00e7os da pena.<\/p>\n\n\n\n<p>Da Ag\u00eancia O Globo<\/p>\n","protected":false},"excerpt":{"rendered":"<p>O ex-presidente Jair Bolsonaro pode ser condenado a at\u00e9 43 anos de pris\u00e3o pela 1\u00aa Turma do Supremo Tribunal Federal<\/p>\n","protected":false},"author":2,"featured_media":64519,"comment_status":"open","ping_status":"open","sticky":false,"template":"","format":"standard","meta":{"jetpack_post_was_ever_published":false,"_jetpack_newsletter_access":"","_jetpack_dont_email_post_to_subs":false,"_jetpack_newsletter_tier_id":0,"_jetpack_memberships_contains_paywalled_content":false,"_jetpack_memberships_contains_paid_content":false,"footnotes":"","jetpack_publicize_message":"","jetpack_publicize_feature_enabled":true,"jetpack_social_post_already_shared":true,"jetpack_social_options":{"image_generator_settings":{"template":"highway","default_image_id":0,"font":"","enabled":false},"version":2}},"categories":[12],"tags":[],"class_list":["post-67403","post","type-post","status-publish","format-standard","has-post-thumbnail","hentry","category-brasil"],"yoast_head":"<!-- This site is optimized with the Yoast SEO plugin v27.5 - https:\/\/yoast.com\/product\/yoast-seo-wordpress\/ -->\n<title>Bolsonaro pode ser condenado a at\u00e9 43 anos de pris\u00e3o - Afogados FM<\/title>\n<meta name=\"robots\" content=\"index, follow, max-snippet:-1, max-image-preview:large, max-video-preview:-1\" \/>\n<link rel=\"canonical\" href=\"https:\/\/afogadosfm.com.br\/afogadosfm\/2025\/07\/15\/bolsonaro-pode-ser-condenado-a-ate-43-anos-de-prisao\/\" \/>\n<meta property=\"og:locale\" content=\"pt_BR\" \/>\n<meta property=\"og:type\" content=\"article\" \/>\n<meta property=\"og:title\" content=\"Bolsonaro pode ser condenado a at\u00e9 43 anos de pris\u00e3o - Afogados FM\" \/>\n<meta property=\"og:description\" content=\"O ex-presidente Jair Bolsonaro pode ser condenado a at\u00e9 43 anos de pris\u00e3o pela 1\u00aa Turma do Supremo Tribunal Federal\" \/>\n<meta property=\"og:url\" content=\"https:\/\/afogadosfm.com.br\/afogadosfm\/2025\/07\/15\/bolsonaro-pode-ser-condenado-a-ate-43-anos-de-prisao\/\" \/>\n<meta property=\"og:site_name\" content=\"Afogados FM\" \/>\n<meta property=\"article:published_time\" content=\"2025-07-15T11:59:09+00:00\" \/>\n<meta property=\"article:modified_time\" content=\"2025-07-15T11:59:10+00:00\" \/>\n<meta property=\"og:image\" content=\"https:\/\/afogadosfm.com.br\/afogadosfm\/wp-content\/uploads\/2025\/03\/bolsostf.jpeg\" \/>\n\t<meta property=\"og:image:width\" content=\"400\" \/>\n\t<meta property=\"og:image:height\" content=\"266\" \/>\n\t<meta property=\"og:image:type\" content=\"image\/jpeg\" \/>\n<meta name=\"author\" content=\"afogadosfm\" \/>\n<meta name=\"twitter:card\" content=\"summary_large_image\" \/>\n<meta name=\"twitter:label1\" content=\"Escrito por\" \/>\n\t<meta name=\"twitter:data1\" content=\"afogadosfm\" \/>\n\t<meta name=\"twitter:label2\" content=\"Est. tempo de leitura\" \/>\n\t<meta name=\"twitter:data2\" content=\"3 minutos\" \/>\n<script type=\"application\/ld+json\" class=\"yoast-schema-graph\">{\"@context\":\"https:\\\/\\\/schema.org\",\"@graph\":[{\"@type\":\"Article\",\"@id\":\"https:\\\/\\\/afogadosfm.com.br\\\/afogadosfm\\\/2025\\\/07\\\/15\\\/bolsonaro-pode-ser-condenado-a-ate-43-anos-de-prisao\\\/#article\",\"isPartOf\":{\"@id\":\"https:\\\/\\\/afogadosfm.com.br\\\/afogadosfm\\\/2025\\\/07\\\/15\\\/bolsonaro-pode-ser-condenado-a-ate-43-anos-de-prisao\\\/\"},\"author\":{\"name\":\"afogadosfm\",\"@id\":\"https:\\\/\\\/afogadosfm.com.br\\\/afogadosfm\\\/#\\\/schema\\\/person\\\/60e56f2cf5dc960fc093fe093d9e9057\"},\"headline\":\"Bolsonaro pode ser condenado a at\u00e9 43 anos de pris\u00e3o\",\"datePublished\":\"2025-07-15T11:59:09+00:00\",\"dateModified\":\"2025-07-15T11:59:10+00:00\",\"mainEntityOfPage\":{\"@id\":\"https:\\\/\\\/afogadosfm.com.br\\\/afogadosfm\\\/2025\\\/07\\\/15\\\/bolsonaro-pode-ser-condenado-a-ate-43-anos-de-prisao\\\/\"},\"wordCount\":388,\"commentCount\":0,\"publisher\":{\"@id\":\"https:\\\/\\\/afogadosfm.com.br\\\/afogadosfm\\\/#organization\"},\"image\":{\"@id\":\"https:\\\/\\\/afogadosfm.com.br\\\/afogadosfm\\\/2025\\\/07\\\/15\\\/bolsonaro-pode-ser-condenado-a-ate-43-anos-de-prisao\\\/#primaryimage\"},\"thumbnailUrl\":\"https:\\\/\\\/i0.wp.com\\\/afogadosfm.com.br\\\/afogadosfm\\\/wp-content\\\/uploads\\\/2025\\\/03\\\/bolsostf.jpeg?fit=400%2C266&ssl=1\",\"articleSection\":[\"Brasil\"],\"inLanguage\":\"pt-BR\",\"potentialAction\":[{\"@type\":\"CommentAction\",\"name\":\"Comment\",\"target\":[\"https:\\\/\\\/afogadosfm.com.br\\\/afogadosfm\\\/2025\\\/07\\\/15\\\/bolsonaro-pode-ser-condenado-a-ate-43-anos-de-prisao\\\/#respond\"]}]},{\"@type\":\"WebPage\",\"@id\":\"https:\\\/\\\/afogadosfm.com.br\\\/afogadosfm\\\/2025\\\/07\\\/15\\\/bolsonaro-pode-ser-condenado-a-ate-43-anos-de-prisao\\\/\",\"url\":\"https:\\\/\\\/afogadosfm.com.br\\\/afogadosfm\\\/2025\\\/07\\\/15\\\/bolsonaro-pode-ser-condenado-a-ate-43-anos-de-prisao\\\/\",\"name\":\"Bolsonaro pode ser condenado a at\u00e9 43 anos de pris\u00e3o - Afogados FM\",\"isPartOf\":{\"@id\":\"https:\\\/\\\/afogadosfm.com.br\\\/afogadosfm\\\/#website\"},\"primaryImageOfPage\":{\"@id\":\"https:\\\/\\\/afogadosfm.com.br\\\/afogadosfm\\\/2025\\\/07\\\/15\\\/bolsonaro-pode-ser-condenado-a-ate-43-anos-de-prisao\\\/#primaryimage\"},\"image\":{\"@id\":\"https:\\\/\\\/afogadosfm.com.br\\\/afogadosfm\\\/2025\\\/07\\\/15\\\/bolsonaro-pode-ser-condenado-a-ate-43-anos-de-prisao\\\/#primaryimage\"},\"thumbnailUrl\":\"https:\\\/\\\/i0.wp.com\\\/afogadosfm.com.br\\\/afogadosfm\\\/wp-content\\\/uploads\\\/2025\\\/03\\\/bolsostf.jpeg?fit=400%2C266&ssl=1\",\"datePublished\":\"2025-07-15T11:59:09+00:00\",\"dateModified\":\"2025-07-15T11:59:10+00:00\",\"breadcrumb\":{\"@id\":\"https:\\\/\\\/afogadosfm.com.br\\\/afogadosfm\\\/2025\\\/07\\\/15\\\/bolsonaro-pode-ser-condenado-a-ate-43-anos-de-prisao\\\/#breadcrumb\"},\"inLanguage\":\"pt-BR\",\"potentialAction\":[{\"@type\":\"ReadAction\",\"target\":[\"https:\\\/\\\/afogadosfm.com.br\\\/afogadosfm\\\/2025\\\/07\\\/15\\\/bolsonaro-pode-ser-condenado-a-ate-43-anos-de-prisao\\\/\"]}]},{\"@type\":\"ImageObject\",\"inLanguage\":\"pt-BR\",\"@id\":\"https:\\\/\\\/afogadosfm.com.br\\\/afogadosfm\\\/2025\\\/07\\\/15\\\/bolsonaro-pode-ser-condenado-a-ate-43-anos-de-prisao\\\/#primaryimage\",\"url\":\"https:\\\/\\\/i0.wp.com\\\/afogadosfm.com.br\\\/afogadosfm\\\/wp-content\\\/uploads\\\/2025\\\/03\\\/bolsostf.jpeg?fit=400%2C266&ssl=1\",\"contentUrl\":\"https:\\\/\\\/i0.wp.com\\\/afogadosfm.com.br\\\/afogadosfm\\\/wp-content\\\/uploads\\\/2025\\\/03\\\/bolsostf.jpeg?fit=400%2C266&ssl=1\",\"width\":400,\"height\":266},{\"@type\":\"BreadcrumbList\",\"@id\":\"https:\\\/\\\/afogadosfm.com.br\\\/afogadosfm\\\/2025\\\/07\\\/15\\\/bolsonaro-pode-ser-condenado-a-ate-43-anos-de-prisao\\\/#breadcrumb\",\"itemListElement\":[{\"@type\":\"ListItem\",\"position\":1,\"name\":\"In\u00edcio\",\"item\":\"https:\\\/\\\/afogadosfm.com.br\\\/afogadosfm\\\/\"},{\"@type\":\"ListItem\",\"position\":2,\"name\":\"Bolsonaro pode ser condenado a at\u00e9 43 anos de pris\u00e3o\"}]},{\"@type\":\"WebSite\",\"@id\":\"https:\\\/\\\/afogadosfm.com.br\\\/afogadosfm\\\/#website\",\"url\":\"https:\\\/\\\/afogadosfm.com.br\\\/afogadosfm\\\/\",\"name\":\"Afogados FM\",\"description\":\"Um site completo!\",\"publisher\":{\"@id\":\"https:\\\/\\\/afogadosfm.com.br\\\/afogadosfm\\\/#organization\"},\"potentialAction\":[{\"@type\":\"SearchAction\",\"target\":{\"@type\":\"EntryPoint\",\"urlTemplate\":\"https:\\\/\\\/afogadosfm.com.br\\\/afogadosfm\\\/?s={search_term_string}\"},\"query-input\":{\"@type\":\"PropertyValueSpecification\",\"valueRequired\":true,\"valueName\":\"search_term_string\"}}],\"inLanguage\":\"pt-BR\"},{\"@type\":\"Organization\",\"@id\":\"https:\\\/\\\/afogadosfm.com.br\\\/afogadosfm\\\/#organization\",\"name\":\"Afogados FM\",\"url\":\"https:\\\/\\\/afogadosfm.com.br\\\/afogadosfm\\\/\",\"logo\":{\"@type\":\"ImageObject\",\"inLanguage\":\"pt-BR\",\"@id\":\"https:\\\/\\\/afogadosfm.com.br\\\/afogadosfm\\\/#\\\/schema\\\/logo\\\/image\\\/\",\"url\":\"https:\\\/\\\/i0.wp.com\\\/afogadosfm.com.br\\\/afogadosfm\\\/wp-content\\\/uploads\\\/2020\\\/06\\\/cropped-banner-afogados-4.jpg?fit=369%2C137&ssl=1\",\"contentUrl\":\"https:\\\/\\\/i0.wp.com\\\/afogadosfm.com.br\\\/afogadosfm\\\/wp-content\\\/uploads\\\/2020\\\/06\\\/cropped-banner-afogados-4.jpg?fit=369%2C137&ssl=1\",\"width\":369,\"height\":137,\"caption\":\"Afogados FM\"},\"image\":{\"@id\":\"https:\\\/\\\/afogadosfm.com.br\\\/afogadosfm\\\/#\\\/schema\\\/logo\\\/image\\\/\"}},{\"@type\":\"Person\",\"@id\":\"https:\\\/\\\/afogadosfm.com.br\\\/afogadosfm\\\/#\\\/schema\\\/person\\\/60e56f2cf5dc960fc093fe093d9e9057\",\"name\":\"afogadosfm\",\"image\":{\"@type\":\"ImageObject\",\"inLanguage\":\"pt-BR\",\"@id\":\"https:\\\/\\\/secure.gravatar.com\\\/avatar\\\/e0359add7ed5dc3560906d861b52c6a8cf5c1e199d3a7dd85070998f49bd4701?s=96&d=mm&r=g\",\"url\":\"https:\\\/\\\/secure.gravatar.com\\\/avatar\\\/e0359add7ed5dc3560906d861b52c6a8cf5c1e199d3a7dd85070998f49bd4701?s=96&d=mm&r=g\",\"contentUrl\":\"https:\\\/\\\/secure.gravatar.com\\\/avatar\\\/e0359add7ed5dc3560906d861b52c6a8cf5c1e199d3a7dd85070998f49bd4701?s=96&d=mm&r=g\",\"caption\":\"afogadosfm\"},\"url\":\"https:\\\/\\\/afogadosfm.com.br\\\/afogadosfm\\\/author\\\/afogadosfm\\\/\"}]}<\/script>\n<!-- \/ Yoast SEO plugin. -->","yoast_head_json":{"title":"Bolsonaro pode ser condenado a at\u00e9 43 anos de pris\u00e3o - Afogados FM","robots":{"index":"index","follow":"follow","max-snippet":"max-snippet:-1","max-image-preview":"max-image-preview:large","max-video-preview":"max-video-preview:-1"},"canonical":"https:\/\/afogadosfm.com.br\/afogadosfm\/2025\/07\/15\/bolsonaro-pode-ser-condenado-a-ate-43-anos-de-prisao\/","og_locale":"pt_BR","og_type":"article","og_title":"Bolsonaro pode ser condenado a at\u00e9 43 anos de pris\u00e3o - Afogados FM","og_description":"O ex-presidente Jair Bolsonaro pode ser condenado a at\u00e9 43 anos de pris\u00e3o pela 1\u00aa Turma do Supremo Tribunal Federal","og_url":"https:\/\/afogadosfm.com.br\/afogadosfm\/2025\/07\/15\/bolsonaro-pode-ser-condenado-a-ate-43-anos-de-prisao\/","og_site_name":"Afogados FM","article_published_time":"2025-07-15T11:59:09+00:00","article_modified_time":"2025-07-15T11:59:10+00:00","og_image":[{"width":400,"height":266,"url":"https:\/\/afogadosfm.com.br\/afogadosfm\/wp-content\/uploads\/2025\/03\/bolsostf.jpeg","type":"image\/jpeg"}],"author":"afogadosfm","twitter_card":"summary_large_image","twitter_misc":{"Escrito por":"afogadosfm","Est. tempo de leitura":"3 minutos"},"schema":{"@context":"https:\/\/schema.org","@graph":[{"@type":"Article","@id":"https:\/\/afogadosfm.com.br\/afogadosfm\/2025\/07\/15\/bolsonaro-pode-ser-condenado-a-ate-43-anos-de-prisao\/#article","isPartOf":{"@id":"https:\/\/afogadosfm.com.br\/afogadosfm\/2025\/07\/15\/bolsonaro-pode-ser-condenado-a-ate-43-anos-de-prisao\/"},"author":{"name":"afogadosfm","@id":"https:\/\/afogadosfm.com.br\/afogadosfm\/#\/schema\/person\/60e56f2cf5dc960fc093fe093d9e9057"},"headline":"Bolsonaro pode ser condenado a at\u00e9 43 anos de pris\u00e3o","datePublished":"2025-07-15T11:59:09+00:00","dateModified":"2025-07-15T11:59:10+00:00","mainEntityOfPage":{"@id":"https:\/\/afogadosfm.com.br\/afogadosfm\/2025\/07\/15\/bolsonaro-pode-ser-condenado-a-ate-43-anos-de-prisao\/"},"wordCount":388,"commentCount":0,"publisher":{"@id":"https:\/\/afogadosfm.com.br\/afogadosfm\/#organization"},"image":{"@id":"https:\/\/afogadosfm.com.br\/afogadosfm\/2025\/07\/15\/bolsonaro-pode-ser-condenado-a-ate-43-anos-de-prisao\/#primaryimage"},"thumbnailUrl":"https:\/\/i0.wp.com\/afogadosfm.com.br\/afogadosfm\/wp-content\/uploads\/2025\/03\/bolsostf.jpeg?fit=400%2C266&ssl=1","articleSection":["Brasil"],"inLanguage":"pt-BR","potentialAction":[{"@type":"CommentAction","name":"Comment","target":["https:\/\/afogadosfm.com.br\/afogadosfm\/2025\/07\/15\/bolsonaro-pode-ser-condenado-a-ate-43-anos-de-prisao\/#respond"]}]},{"@type":"WebPage","@id":"https:\/\/afogadosfm.com.br\/afogadosfm\/2025\/07\/15\/bolsonaro-pode-ser-condenado-a-ate-43-anos-de-prisao\/","url":"https:\/\/afogadosfm.com.br\/afogadosfm\/2025\/07\/15\/bolsonaro-pode-ser-condenado-a-ate-43-anos-de-prisao\/","name":"Bolsonaro pode ser condenado a at\u00e9 43 anos de pris\u00e3o - Afogados FM","isPartOf":{"@id":"https:\/\/afogadosfm.com.br\/afogadosfm\/#website"},"primaryImageOfPage":{"@id":"https:\/\/afogadosfm.com.br\/afogadosfm\/2025\/07\/15\/bolsonaro-pode-ser-condenado-a-ate-43-anos-de-prisao\/#primaryimage"},"image":{"@id":"https:\/\/afogadosfm.com.br\/afogadosfm\/2025\/07\/15\/bolsonaro-pode-ser-condenado-a-ate-43-anos-de-prisao\/#primaryimage"},"thumbnailUrl":"https:\/\/i0.wp.com\/afogadosfm.com.br\/afogadosfm\/wp-content\/uploads\/2025\/03\/bolsostf.jpeg?fit=400%2C266&ssl=1","datePublished":"2025-07-15T11:59:09+00:00","dateModified":"2025-07-15T11:59:10+00:00","breadcrumb":{"@id":"https:\/\/afogadosfm.com.br\/afogadosfm\/2025\/07\/15\/bolsonaro-pode-ser-condenado-a-ate-43-anos-de-prisao\/#breadcrumb"},"inLanguage":"pt-BR","potentialAction":[{"@type":"ReadAction","target":["https:\/\/afogadosfm.com.br\/afogadosfm\/2025\/07\/15\/bolsonaro-pode-ser-condenado-a-ate-43-anos-de-prisao\/"]}]},{"@type":"ImageObject","inLanguage":"pt-BR","@id":"https:\/\/afogadosfm.com.br\/afogadosfm\/2025\/07\/15\/bolsonaro-pode-ser-condenado-a-ate-43-anos-de-prisao\/#primaryimage","url":"https:\/\/i0.wp.com\/afogadosfm.com.br\/afogadosfm\/wp-content\/uploads\/2025\/03\/bolsostf.jpeg?fit=400%2C266&ssl=1","contentUrl":"https:\/\/i0.wp.com\/afogadosfm.com.br\/afogadosfm\/wp-content\/uploads\/2025\/03\/bolsostf.jpeg?fit=400%2C266&ssl=1","width":400,"height":266},{"@type":"BreadcrumbList","@id":"https:\/\/afogadosfm.com.br\/afogadosfm\/2025\/07\/15\/bolsonaro-pode-ser-condenado-a-ate-43-anos-de-prisao\/#breadcrumb","itemListElement":[{"@type":"ListItem","position":1,"name":"In\u00edcio","item":"https:\/\/afogadosfm.com.br\/afogadosfm\/"},{"@type":"ListItem","position":2,"name":"Bolsonaro pode ser condenado a at\u00e9 43 anos de pris\u00e3o"}]},{"@type":"WebSite","@id":"https:\/\/afogadosfm.com.br\/afogadosfm\/#website","url":"https:\/\/afogadosfm.com.br\/afogadosfm\/","name":"Afogados FM","description":"Um site completo!","publisher":{"@id":"https:\/\/afogadosfm.com.br\/afogadosfm\/#organization"},"potentialAction":[{"@type":"SearchAction","target":{"@type":"EntryPoint","urlTemplate":"https:\/\/afogadosfm.com.br\/afogadosfm\/?s={search_term_string}"},"query-input":{"@type":"PropertyValueSpecification","valueRequired":true,"valueName":"search_term_string"}}],"inLanguage":"pt-BR"},{"@type":"Organization","@id":"https:\/\/afogadosfm.com.br\/afogadosfm\/#organization","name":"Afogados FM","url":"https:\/\/afogadosfm.com.br\/afogadosfm\/","logo":{"@type":"ImageObject","inLanguage":"pt-BR","@id":"https:\/\/afogadosfm.com.br\/afogadosfm\/#\/schema\/logo\/image\/","url":"https:\/\/i0.wp.com\/afogadosfm.com.br\/afogadosfm\/wp-content\/uploads\/2020\/06\/cropped-banner-afogados-4.jpg?fit=369%2C137&ssl=1","contentUrl":"https:\/\/i0.wp.com\/afogadosfm.com.br\/afogadosfm\/wp-content\/uploads\/2020\/06\/cropped-banner-afogados-4.jpg?fit=369%2C137&ssl=1","width":369,"height":137,"caption":"Afogados FM"},"image":{"@id":"https:\/\/afogadosfm.com.br\/afogadosfm\/#\/schema\/logo\/image\/"}},{"@type":"Person","@id":"https:\/\/afogadosfm.com.br\/afogadosfm\/#\/schema\/person\/60e56f2cf5dc960fc093fe093d9e9057","name":"afogadosfm","image":{"@type":"ImageObject","inLanguage":"pt-BR","@id":"https:\/\/secure.gravatar.com\/avatar\/e0359add7ed5dc3560906d861b52c6a8cf5c1e199d3a7dd85070998f49bd4701?s=96&d=mm&r=g","url":"https:\/\/secure.gravatar.com\/avatar\/e0359add7ed5dc3560906d861b52c6a8cf5c1e199d3a7dd85070998f49bd4701?s=96&d=mm&r=g","contentUrl":"https:\/\/secure.gravatar.com\/avatar\/e0359add7ed5dc3560906d861b52c6a8cf5c1e199d3a7dd85070998f49bd4701?s=96&d=mm&r=g","caption":"afogadosfm"},"url":"https:\/\/afogadosfm.com.br\/afogadosfm\/author\/afogadosfm\/"}]}},"jetpack_publicize_connections":[],"jetpack_featured_media_url":"https:\/\/i0.wp.com\/afogadosfm.com.br\/afogadosfm\/wp-content\/uploads\/2025\/03\/bolsostf.jpeg?fit=400%2C266&ssl=1","jetpack-related-posts":[],"jetpack_sharing_enabled":true,"jetpack_likes_enabled":true,"_links":{"self":[{"href":"https:\/\/afogadosfm.com.br\/afogadosfm\/wp-json\/wp\/v2\/posts\/67403","targetHints":{"allow":["GET"]}}],"collection":[{"href":"https:\/\/afogadosfm.com.br\/afogadosfm\/wp-json\/wp\/v2\/posts"}],"about":[{"href":"https:\/\/afogadosfm.com.br\/afogadosfm\/wp-json\/wp\/v2\/types\/post"}],"author":[{"embeddable":true,"href":"https:\/\/afogadosfm.com.br\/afogadosfm\/wp-json\/wp\/v2\/users\/2"}],"replies":[{"embeddable":true,"href":"https:\/\/afogadosfm.com.br\/afogadosfm\/wp-json\/wp\/v2\/comments?post=67403"}],"version-history":[{"count":1,"href":"https:\/\/afogadosfm.com.br\/afogadosfm\/wp-json\/wp\/v2\/posts\/67403\/revisions"}],"predecessor-version":[{"id":67404,"href":"https:\/\/afogadosfm.com.br\/afogadosfm\/wp-json\/wp\/v2\/posts\/67403\/revisions\/67404"}],"wp:featuredmedia":[{"embeddable":true,"href":"https:\/\/afogadosfm.com.br\/afogadosfm\/wp-json\/wp\/v2\/media\/64519"}],"wp:attachment":[{"href":"https:\/\/afogadosfm.com.br\/afogadosfm\/wp-json\/wp\/v2\/media?parent=67403"}],"wp:term":[{"taxonomy":"category","embeddable":true,"href":"https:\/\/afogadosfm.com.br\/afogadosfm\/wp-json\/wp\/v2\/categories?post=67403"},{"taxonomy":"post_tag","embeddable":true,"href":"https:\/\/afogadosfm.com.br\/afogadosfm\/wp-json\/wp\/v2\/tags?post=67403"}],"curies":[{"name":"wp","href":"https:\/\/api.w.org\/{rel}","templated":true}]}}