{"id":67429,"date":"2025-07-16T03:45:33","date_gmt":"2025-07-16T06:45:33","guid":{"rendered":"https:\/\/afogadosfm.com.br\/afogadosfm\/?p=67429"},"modified":"2025-07-16T03:45:35","modified_gmt":"2025-07-16T06:45:35","slug":"afogados-da-ingazeira-inicia-padronizacao-dos-pontos-de-mototaxi-e-intensifica-combate-ao-transporte-clandestino","status":"publish","type":"post","link":"https:\/\/afogadosfm.com.br\/afogadosfm\/2025\/07\/16\/afogados-da-ingazeira-inicia-padronizacao-dos-pontos-de-mototaxi-e-intensifica-combate-ao-transporte-clandestino\/","title":{"rendered":"Afogados da Ingazeira inicia padroniza\u00e7\u00e3o dos pontos de motot\u00e1xi e intensifica combate ao transporte clandestino"},"content":{"rendered":"\n<p>A Prefeitura de Afogados da Ingazeira segue avan\u00e7ando na organiza\u00e7\u00e3o e municipaliza\u00e7\u00e3o do tr\u00e2nsito urbano. Ap\u00f3s importantes a\u00e7\u00f5es como a implanta\u00e7\u00e3o de sem\u00e1foros e a sinaliza\u00e7\u00e3o vertical e horizontal das vias, o munic\u00edpio deu in\u00edcio a mais uma etapa fundamental: a padroniza\u00e7\u00e3o dos pontos de motot\u00e1xi.<\/p>\n\n\n\n<p>A iniciativa visa oferecer mais seguran\u00e7a e organiza\u00e7\u00e3o tanto para os profissionais que atuam no transporte de passageiros sobre duas rodas quanto para a popula\u00e7\u00e3o que utiliza o servi\u00e7o diariamente.<\/p>\n\n\n\n<p>Com a padroniza\u00e7\u00e3o, os pontos passam a contar com sinaliza\u00e7\u00e3o clara, identifica\u00e7\u00e3o visual e local adequado para estacionamento dos mototaxistas regularizados. A a\u00e7\u00e3o tamb\u00e9m tem como objetivo combater o transporte clandestino, promovendo mais tranquilidade para os usu\u00e1rios e valorizando os profissionais que atuam de forma legalizada.<\/p>\n\n\n\n<figure class=\"wp-block-image\"><a href=\"https:\/\/i0.wp.com\/blogger.googleusercontent.com\/img\/b\/R29vZ2xl\/AVvXsEj1ySXjOPcKmX8oNnHSpukwIxQjL6kut-MlNPOjNMZ5brylxwrAoD8CfCq1NU6qgTsooyOsjBre5bgEwsA7uvEpKNTLZ4a3oWSVUJuE7YjjhXl_5qSNvyTbZFbzA0ArOfMq26IuHcc5ggdpYFkM5mqHkFYFesUscNOGihHX56_GqK_kBHOnkXyZ83_gfx28\/s1080\/dcc90419-4942-4d05-9a64-ef460bc7dd69.jpeg?ssl=1\"><img data-recalc-dims=\"1\" decoding=\"async\" src=\"https:\/\/i0.wp.com\/blogger.googleusercontent.com\/img\/b\/R29vZ2xl\/AVvXsEj1ySXjOPcKmX8oNnHSpukwIxQjL6kut-MlNPOjNMZ5brylxwrAoD8CfCq1NU6qgTsooyOsjBre5bgEwsA7uvEpKNTLZ4a3oWSVUJuE7YjjhXl_5qSNvyTbZFbzA0ArOfMq26IuHcc5ggdpYFkM5mqHkFYFesUscNOGihHX56_GqK_kBHOnkXyZ83_gfx28\/w400-h300\/dcc90419-4942-4d05-9a64-ef460bc7dd69.jpeg?w=840&#038;ssl=1\" alt=\"\"\/><\/a><\/figure>\n\n\n\n<figure class=\"wp-block-image\"><a href=\"https:\/\/i0.wp.com\/blogger.googleusercontent.com\/img\/b\/R29vZ2xl\/AVvXsEjpwn1jo_Ztftt-uXQWuhKWrbk-zAD39pPZ8QaF8_wdnNhehngO3-KDXYKa5j3f1zaZfrmlZxW3NWLMEuyKCux9BKliCy6kRypPGXBvNWbwOmiGPAM9MaSf7gtcrbHPyWjHChaoZxGerRD1_yal0Ww-iQu4kKRlEfpHZZHM1UbIXFYWno0Jdjw42hjcnNnW\/s1080\/53fb3bfa-0c3f-4e3d-96ae-4391a6beb97e.jpeg?ssl=1\"><img data-recalc-dims=\"1\" decoding=\"async\" src=\"https:\/\/i0.wp.com\/blogger.googleusercontent.com\/img\/b\/R29vZ2xl\/AVvXsEjpwn1jo_Ztftt-uXQWuhKWrbk-zAD39pPZ8QaF8_wdnNhehngO3-KDXYKa5j3f1zaZfrmlZxW3NWLMEuyKCux9BKliCy6kRypPGXBvNWbwOmiGPAM9MaSf7gtcrbHPyWjHChaoZxGerRD1_yal0Ww-iQu4kKRlEfpHZZHM1UbIXFYWno0Jdjw42hjcnNnW\/w400-h300\/53fb3bfa-0c3f-4e3d-96ae-4391a6beb97e.jpeg?w=840&#038;ssl=1\" alt=\"\"\/><\/a><\/figure>\n\n\n\n<figure class=\"wp-block-image\"><a href=\"https:\/\/i0.wp.com\/blogger.googleusercontent.com\/img\/b\/R29vZ2xl\/AVvXsEjscQgeOi6t31UKsJpYn08lWjyBwmq6duHpYJVJFfodecUrKQkq4Z94oexC6tIZDCBIde3r_KdMLj3hKozjqxoNeLKjHe3hHkxH7NaCLdHtVHu84mTaHpynLFGbqj3R4n4K77hOAK1rWCLMbwm1xBBID-xkZLbZtkJJBM2r_L9mU9vTz8MNwSxcPr_f901O\/s1080\/562fe8aa-cf1c-4872-b385-d273e16bee59.jpeg?ssl=1\"><img data-recalc-dims=\"1\" decoding=\"async\" src=\"https:\/\/i0.wp.com\/blogger.googleusercontent.com\/img\/b\/R29vZ2xl\/AVvXsEjscQgeOi6t31UKsJpYn08lWjyBwmq6duHpYJVJFfodecUrKQkq4Z94oexC6tIZDCBIde3r_KdMLj3hKozjqxoNeLKjHe3hHkxH7NaCLdHtVHu84mTaHpynLFGbqj3R4n4K77hOAK1rWCLMbwm1xBBID-xkZLbZtkJJBM2r_L9mU9vTz8MNwSxcPr_f901O\/w400-h300\/562fe8aa-cf1c-4872-b385-d273e16bee59.jpeg?w=840&#038;ssl=1\" alt=\"\"\/><\/a><\/figure>\n\n\n\n<p>A gest\u00e3o municipal refor\u00e7a que, ao optar por um mototaxista regularizado, o cidad\u00e3o est\u00e1 garantindo sua seguran\u00e7a e contribuindo para um tr\u00e2nsito mais justo e eficiente.<\/p>\n\n\n\n<p>A organiza\u00e7\u00e3o do transporte p\u00fablico e alternativo \u00e9 uma das prioridades da atual administra\u00e7\u00e3o, que busca oferecer \u00e0 popula\u00e7\u00e3o mobilidade com responsabilidade e respeito \u00e0s normas de tr\u00e2nsito.<\/p>\n\n\n\n<p>Com essas a\u00e7\u00f5es, Afogados da Ingazeira se consolida como refer\u00eancia regional em planejamento urbano e pol\u00edticas p\u00fablicas de mobilidade, promovendo qualidade de vida e seguran\u00e7a para todos.<\/p>\n","protected":false},"excerpt":{"rendered":"<p>A Prefeitura de Afogados da Ingazeira segue avan\u00e7ando na organiza\u00e7\u00e3o e municipaliza\u00e7\u00e3o do tr\u00e2nsito urbano. Ap\u00f3s importantes a\u00e7\u00f5es como a<\/p>\n","protected":false},"author":2,"featured_media":67430,"comment_status":"open","ping_status":"open","sticky":false,"template":"","format":"standard","meta":{"jetpack_post_was_ever_published":false,"_jetpack_newsletter_access":"","_jetpack_dont_email_post_to_subs":false,"_jetpack_newsletter_tier_id":0,"_jetpack_memberships_contains_paywalled_content":false,"_jetpack_memberships_contains_paid_content":false,"footnotes":"","jetpack_publicize_message":"","jetpack_publicize_feature_enabled":true,"jetpack_social_post_already_shared":true,"jetpack_social_options":{"image_generator_settings":{"template":"highway","default_image_id":0,"font":"","enabled":false},"version":2}},"categories":[14],"tags":[],"class_list":["post-67429","post","type-post","status-publish","format-standard","has-post-thumbnail","hentry","category-afogados-da-ingazeira"],"yoast_head":"<!-- This site is optimized with the Yoast SEO plugin v27.5 - https:\/\/yoast.com\/product\/yoast-seo-wordpress\/ -->\n<title>Afogados da Ingazeira inicia padroniza\u00e7\u00e3o dos pontos de motot\u00e1xi e intensifica combate ao transporte clandestino - Afogados FM<\/title>\n<meta name=\"robots\" content=\"index, follow, max-snippet:-1, max-image-preview:large, max-video-preview:-1\" \/>\n<link rel=\"canonical\" href=\"https:\/\/afogadosfm.com.br\/afogadosfm\/2025\/07\/16\/afogados-da-ingazeira-inicia-padronizacao-dos-pontos-de-mototaxi-e-intensifica-combate-ao-transporte-clandestino\/\" \/>\n<meta property=\"og:locale\" content=\"pt_BR\" \/>\n<meta property=\"og:type\" content=\"article\" \/>\n<meta property=\"og:title\" content=\"Afogados da Ingazeira inicia padroniza\u00e7\u00e3o dos pontos de motot\u00e1xi e intensifica combate ao transporte clandestino - Afogados FM\" \/>\n<meta property=\"og:description\" content=\"A Prefeitura de Afogados da Ingazeira segue avan\u00e7ando na organiza\u00e7\u00e3o e municipaliza\u00e7\u00e3o do tr\u00e2nsito urbano. Ap\u00f3s importantes a\u00e7\u00f5es como a\" \/>\n<meta property=\"og:url\" content=\"https:\/\/afogadosfm.com.br\/afogadosfm\/2025\/07\/16\/afogados-da-ingazeira-inicia-padronizacao-dos-pontos-de-mototaxi-e-intensifica-combate-ao-transporte-clandestino\/\" \/>\n<meta property=\"og:site_name\" content=\"Afogados FM\" \/>\n<meta property=\"article:published_time\" content=\"2025-07-16T06:45:33+00:00\" \/>\n<meta property=\"article:modified_time\" content=\"2025-07-16T06:45:35+00:00\" \/>\n<meta property=\"og:image\" content=\"https:\/\/afogadosfm.com.br\/afogadosfm\/wp-content\/uploads\/2025\/07\/mototaxi.jpeg\" \/>\n\t<meta property=\"og:image:width\" content=\"400\" \/>\n\t<meta property=\"og:image:height\" content=\"300\" \/>\n\t<meta property=\"og:image:type\" content=\"image\/jpeg\" \/>\n<meta name=\"author\" content=\"afogadosfm\" \/>\n<meta name=\"twitter:card\" content=\"summary_large_image\" \/>\n<meta name=\"twitter:label1\" content=\"Escrito por\" \/>\n\t<meta name=\"twitter:data1\" content=\"afogadosfm\" \/>\n\t<meta name=\"twitter:label2\" content=\"Est. tempo de leitura\" \/>\n\t<meta name=\"twitter:data2\" content=\"2 minutos\" \/>\n<script type=\"application\/ld+json\" class=\"yoast-schema-graph\">{\"@context\":\"https:\\\/\\\/schema.org\",\"@graph\":[{\"@type\":\"Article\",\"@id\":\"https:\\\/\\\/afogadosfm.com.br\\\/afogadosfm\\\/2025\\\/07\\\/16\\\/afogados-da-ingazeira-inicia-padronizacao-dos-pontos-de-mototaxi-e-intensifica-combate-ao-transporte-clandestino\\\/#article\",\"isPartOf\":{\"@id\":\"https:\\\/\\\/afogadosfm.com.br\\\/afogadosfm\\\/2025\\\/07\\\/16\\\/afogados-da-ingazeira-inicia-padronizacao-dos-pontos-de-mototaxi-e-intensifica-combate-ao-transporte-clandestino\\\/\"},\"author\":{\"name\":\"afogadosfm\",\"@id\":\"https:\\\/\\\/afogadosfm.com.br\\\/afogadosfm\\\/#\\\/schema\\\/person\\\/60e56f2cf5dc960fc093fe093d9e9057\"},\"headline\":\"Afogados da Ingazeira inicia padroniza\u00e7\u00e3o dos pontos de motot\u00e1xi e intensifica combate ao transporte clandestino\",\"datePublished\":\"2025-07-16T06:45:33+00:00\",\"dateModified\":\"2025-07-16T06:45:35+00:00\",\"mainEntityOfPage\":{\"@id\":\"https:\\\/\\\/afogadosfm.com.br\\\/afogadosfm\\\/2025\\\/07\\\/16\\\/afogados-da-ingazeira-inicia-padronizacao-dos-pontos-de-mototaxi-e-intensifica-combate-ao-transporte-clandestino\\\/\"},\"wordCount\":256,\"commentCount\":0,\"publisher\":{\"@id\":\"https:\\\/\\\/afogadosfm.com.br\\\/afogadosfm\\\/#organization\"},\"image\":{\"@id\":\"https:\\\/\\\/afogadosfm.com.br\\\/afogadosfm\\\/2025\\\/07\\\/16\\\/afogados-da-ingazeira-inicia-padronizacao-dos-pontos-de-mototaxi-e-intensifica-combate-ao-transporte-clandestino\\\/#primaryimage\"},\"thumbnailUrl\":\"https:\\\/\\\/i0.wp.com\\\/afogadosfm.com.br\\\/afogadosfm\\\/wp-content\\\/uploads\\\/2025\\\/07\\\/mototaxi.jpeg?fit=400%2C300&ssl=1\",\"articleSection\":[\"Afogados da Ingazeira\"],\"inLanguage\":\"pt-BR\",\"potentialAction\":[{\"@type\":\"CommentAction\",\"name\":\"Comment\",\"target\":[\"https:\\\/\\\/afogadosfm.com.br\\\/afogadosfm\\\/2025\\\/07\\\/16\\\/afogados-da-ingazeira-inicia-padronizacao-dos-pontos-de-mototaxi-e-intensifica-combate-ao-transporte-clandestino\\\/#respond\"]}]},{\"@type\":\"WebPage\",\"@id\":\"https:\\\/\\\/afogadosfm.com.br\\\/afogadosfm\\\/2025\\\/07\\\/16\\\/afogados-da-ingazeira-inicia-padronizacao-dos-pontos-de-mototaxi-e-intensifica-combate-ao-transporte-clandestino\\\/\",\"url\":\"https:\\\/\\\/afogadosfm.com.br\\\/afogadosfm\\\/2025\\\/07\\\/16\\\/afogados-da-ingazeira-inicia-padronizacao-dos-pontos-de-mototaxi-e-intensifica-combate-ao-transporte-clandestino\\\/\",\"name\":\"Afogados da Ingazeira inicia padroniza\u00e7\u00e3o dos pontos de motot\u00e1xi e intensifica combate ao transporte clandestino - Afogados FM\",\"isPartOf\":{\"@id\":\"https:\\\/\\\/afogadosfm.com.br\\\/afogadosfm\\\/#website\"},\"primaryImageOfPage\":{\"@id\":\"https:\\\/\\\/afogadosfm.com.br\\\/afogadosfm\\\/2025\\\/07\\\/16\\\/afogados-da-ingazeira-inicia-padronizacao-dos-pontos-de-mototaxi-e-intensifica-combate-ao-transporte-clandestino\\\/#primaryimage\"},\"image\":{\"@id\":\"https:\\\/\\\/afogadosfm.com.br\\\/afogadosfm\\\/2025\\\/07\\\/16\\\/afogados-da-ingazeira-inicia-padronizacao-dos-pontos-de-mototaxi-e-intensifica-combate-ao-transporte-clandestino\\\/#primaryimage\"},\"thumbnailUrl\":\"https:\\\/\\\/i0.wp.com\\\/afogadosfm.com.br\\\/afogadosfm\\\/wp-content\\\/uploads\\\/2025\\\/07\\\/mototaxi.jpeg?fit=400%2C300&ssl=1\",\"datePublished\":\"2025-07-16T06:45:33+00:00\",\"dateModified\":\"2025-07-16T06:45:35+00:00\",\"breadcrumb\":{\"@id\":\"https:\\\/\\\/afogadosfm.com.br\\\/afogadosfm\\\/2025\\\/07\\\/16\\\/afogados-da-ingazeira-inicia-padronizacao-dos-pontos-de-mototaxi-e-intensifica-combate-ao-transporte-clandestino\\\/#breadcrumb\"},\"inLanguage\":\"pt-BR\",\"potentialAction\":[{\"@type\":\"ReadAction\",\"target\":[\"https:\\\/\\\/afogadosfm.com.br\\\/afogadosfm\\\/2025\\\/07\\\/16\\\/afogados-da-ingazeira-inicia-padronizacao-dos-pontos-de-mototaxi-e-intensifica-combate-ao-transporte-clandestino\\\/\"]}]},{\"@type\":\"ImageObject\",\"inLanguage\":\"pt-BR\",\"@id\":\"https:\\\/\\\/afogadosfm.com.br\\\/afogadosfm\\\/2025\\\/07\\\/16\\\/afogados-da-ingazeira-inicia-padronizacao-dos-pontos-de-mototaxi-e-intensifica-combate-ao-transporte-clandestino\\\/#primaryimage\",\"url\":\"https:\\\/\\\/i0.wp.com\\\/afogadosfm.com.br\\\/afogadosfm\\\/wp-content\\\/uploads\\\/2025\\\/07\\\/mototaxi.jpeg?fit=400%2C300&ssl=1\",\"contentUrl\":\"https:\\\/\\\/i0.wp.com\\\/afogadosfm.com.br\\\/afogadosfm\\\/wp-content\\\/uploads\\\/2025\\\/07\\\/mototaxi.jpeg?fit=400%2C300&ssl=1\",\"width\":400,\"height\":300},{\"@type\":\"BreadcrumbList\",\"@id\":\"https:\\\/\\\/afogadosfm.com.br\\\/afogadosfm\\\/2025\\\/07\\\/16\\\/afogados-da-ingazeira-inicia-padronizacao-dos-pontos-de-mototaxi-e-intensifica-combate-ao-transporte-clandestino\\\/#breadcrumb\",\"itemListElement\":[{\"@type\":\"ListItem\",\"position\":1,\"name\":\"In\u00edcio\",\"item\":\"https:\\\/\\\/afogadosfm.com.br\\\/afogadosfm\\\/\"},{\"@type\":\"ListItem\",\"position\":2,\"name\":\"Afogados da Ingazeira inicia padroniza\u00e7\u00e3o dos pontos de motot\u00e1xi e intensifica combate ao transporte clandestino\"}]},{\"@type\":\"WebSite\",\"@id\":\"https:\\\/\\\/afogadosfm.com.br\\\/afogadosfm\\\/#website\",\"url\":\"https:\\\/\\\/afogadosfm.com.br\\\/afogadosfm\\\/\",\"name\":\"Afogados FM\",\"description\":\"Um site completo!\",\"publisher\":{\"@id\":\"https:\\\/\\\/afogadosfm.com.br\\\/afogadosfm\\\/#organization\"},\"potentialAction\":[{\"@type\":\"SearchAction\",\"target\":{\"@type\":\"EntryPoint\",\"urlTemplate\":\"https:\\\/\\\/afogadosfm.com.br\\\/afogadosfm\\\/?s={search_term_string}\"},\"query-input\":{\"@type\":\"PropertyValueSpecification\",\"valueRequired\":true,\"valueName\":\"search_term_string\"}}],\"inLanguage\":\"pt-BR\"},{\"@type\":\"Organization\",\"@id\":\"https:\\\/\\\/afogadosfm.com.br\\\/afogadosfm\\\/#organization\",\"name\":\"Afogados FM\",\"url\":\"https:\\\/\\\/afogadosfm.com.br\\\/afogadosfm\\\/\",\"logo\":{\"@type\":\"ImageObject\",\"inLanguage\":\"pt-BR\",\"@id\":\"https:\\\/\\\/afogadosfm.com.br\\\/afogadosfm\\\/#\\\/schema\\\/logo\\\/image\\\/\",\"url\":\"https:\\\/\\\/i0.wp.com\\\/afogadosfm.com.br\\\/afogadosfm\\\/wp-content\\\/uploads\\\/2020\\\/06\\\/cropped-banner-afogados-4.jpg?fit=369%2C137&ssl=1\",\"contentUrl\":\"https:\\\/\\\/i0.wp.com\\\/afogadosfm.com.br\\\/afogadosfm\\\/wp-content\\\/uploads\\\/2020\\\/06\\\/cropped-banner-afogados-4.jpg?fit=369%2C137&ssl=1\",\"width\":369,\"height\":137,\"caption\":\"Afogados FM\"},\"image\":{\"@id\":\"https:\\\/\\\/afogadosfm.com.br\\\/afogadosfm\\\/#\\\/schema\\\/logo\\\/image\\\/\"}},{\"@type\":\"Person\",\"@id\":\"https:\\\/\\\/afogadosfm.com.br\\\/afogadosfm\\\/#\\\/schema\\\/person\\\/60e56f2cf5dc960fc093fe093d9e9057\",\"name\":\"afogadosfm\",\"image\":{\"@type\":\"ImageObject\",\"inLanguage\":\"pt-BR\",\"@id\":\"https:\\\/\\\/secure.gravatar.com\\\/avatar\\\/e0359add7ed5dc3560906d861b52c6a8cf5c1e199d3a7dd85070998f49bd4701?s=96&d=mm&r=g\",\"url\":\"https:\\\/\\\/secure.gravatar.com\\\/avatar\\\/e0359add7ed5dc3560906d861b52c6a8cf5c1e199d3a7dd85070998f49bd4701?s=96&d=mm&r=g\",\"contentUrl\":\"https:\\\/\\\/secure.gravatar.com\\\/avatar\\\/e0359add7ed5dc3560906d861b52c6a8cf5c1e199d3a7dd85070998f49bd4701?s=96&d=mm&r=g\",\"caption\":\"afogadosfm\"},\"url\":\"https:\\\/\\\/afogadosfm.com.br\\\/afogadosfm\\\/author\\\/afogadosfm\\\/\"}]}<\/script>\n<!-- \/ Yoast SEO plugin. -->","yoast_head_json":{"title":"Afogados da Ingazeira inicia padroniza\u00e7\u00e3o dos pontos de motot\u00e1xi e intensifica combate ao transporte clandestino - Afogados FM","robots":{"index":"index","follow":"follow","max-snippet":"max-snippet:-1","max-image-preview":"max-image-preview:large","max-video-preview":"max-video-preview:-1"},"canonical":"https:\/\/afogadosfm.com.br\/afogadosfm\/2025\/07\/16\/afogados-da-ingazeira-inicia-padronizacao-dos-pontos-de-mototaxi-e-intensifica-combate-ao-transporte-clandestino\/","og_locale":"pt_BR","og_type":"article","og_title":"Afogados da Ingazeira inicia padroniza\u00e7\u00e3o dos pontos de motot\u00e1xi e intensifica combate ao transporte clandestino - Afogados FM","og_description":"A Prefeitura de Afogados da Ingazeira segue avan\u00e7ando na organiza\u00e7\u00e3o e municipaliza\u00e7\u00e3o do tr\u00e2nsito urbano. Ap\u00f3s importantes a\u00e7\u00f5es como a","og_url":"https:\/\/afogadosfm.com.br\/afogadosfm\/2025\/07\/16\/afogados-da-ingazeira-inicia-padronizacao-dos-pontos-de-mototaxi-e-intensifica-combate-ao-transporte-clandestino\/","og_site_name":"Afogados FM","article_published_time":"2025-07-16T06:45:33+00:00","article_modified_time":"2025-07-16T06:45:35+00:00","og_image":[{"width":400,"height":300,"url":"https:\/\/afogadosfm.com.br\/afogadosfm\/wp-content\/uploads\/2025\/07\/mototaxi.jpeg","type":"image\/jpeg"}],"author":"afogadosfm","twitter_card":"summary_large_image","twitter_misc":{"Escrito por":"afogadosfm","Est. tempo de leitura":"2 minutos"},"schema":{"@context":"https:\/\/schema.org","@graph":[{"@type":"Article","@id":"https:\/\/afogadosfm.com.br\/afogadosfm\/2025\/07\/16\/afogados-da-ingazeira-inicia-padronizacao-dos-pontos-de-mototaxi-e-intensifica-combate-ao-transporte-clandestino\/#article","isPartOf":{"@id":"https:\/\/afogadosfm.com.br\/afogadosfm\/2025\/07\/16\/afogados-da-ingazeira-inicia-padronizacao-dos-pontos-de-mototaxi-e-intensifica-combate-ao-transporte-clandestino\/"},"author":{"name":"afogadosfm","@id":"https:\/\/afogadosfm.com.br\/afogadosfm\/#\/schema\/person\/60e56f2cf5dc960fc093fe093d9e9057"},"headline":"Afogados da Ingazeira inicia padroniza\u00e7\u00e3o dos pontos de motot\u00e1xi e intensifica combate ao transporte clandestino","datePublished":"2025-07-16T06:45:33+00:00","dateModified":"2025-07-16T06:45:35+00:00","mainEntityOfPage":{"@id":"https:\/\/afogadosfm.com.br\/afogadosfm\/2025\/07\/16\/afogados-da-ingazeira-inicia-padronizacao-dos-pontos-de-mototaxi-e-intensifica-combate-ao-transporte-clandestino\/"},"wordCount":256,"commentCount":0,"publisher":{"@id":"https:\/\/afogadosfm.com.br\/afogadosfm\/#organization"},"image":{"@id":"https:\/\/afogadosfm.com.br\/afogadosfm\/2025\/07\/16\/afogados-da-ingazeira-inicia-padronizacao-dos-pontos-de-mototaxi-e-intensifica-combate-ao-transporte-clandestino\/#primaryimage"},"thumbnailUrl":"https:\/\/i0.wp.com\/afogadosfm.com.br\/afogadosfm\/wp-content\/uploads\/2025\/07\/mototaxi.jpeg?fit=400%2C300&ssl=1","articleSection":["Afogados da Ingazeira"],"inLanguage":"pt-BR","potentialAction":[{"@type":"CommentAction","name":"Comment","target":["https:\/\/afogadosfm.com.br\/afogadosfm\/2025\/07\/16\/afogados-da-ingazeira-inicia-padronizacao-dos-pontos-de-mototaxi-e-intensifica-combate-ao-transporte-clandestino\/#respond"]}]},{"@type":"WebPage","@id":"https:\/\/afogadosfm.com.br\/afogadosfm\/2025\/07\/16\/afogados-da-ingazeira-inicia-padronizacao-dos-pontos-de-mototaxi-e-intensifica-combate-ao-transporte-clandestino\/","url":"https:\/\/afogadosfm.com.br\/afogadosfm\/2025\/07\/16\/afogados-da-ingazeira-inicia-padronizacao-dos-pontos-de-mototaxi-e-intensifica-combate-ao-transporte-clandestino\/","name":"Afogados da Ingazeira inicia padroniza\u00e7\u00e3o dos pontos de motot\u00e1xi e intensifica combate ao transporte clandestino - Afogados FM","isPartOf":{"@id":"https:\/\/afogadosfm.com.br\/afogadosfm\/#website"},"primaryImageOfPage":{"@id":"https:\/\/afogadosfm.com.br\/afogadosfm\/2025\/07\/16\/afogados-da-ingazeira-inicia-padronizacao-dos-pontos-de-mototaxi-e-intensifica-combate-ao-transporte-clandestino\/#primaryimage"},"image":{"@id":"https:\/\/afogadosfm.com.br\/afogadosfm\/2025\/07\/16\/afogados-da-ingazeira-inicia-padronizacao-dos-pontos-de-mototaxi-e-intensifica-combate-ao-transporte-clandestino\/#primaryimage"},"thumbnailUrl":"https:\/\/i0.wp.com\/afogadosfm.com.br\/afogadosfm\/wp-content\/uploads\/2025\/07\/mototaxi.jpeg?fit=400%2C300&ssl=1","datePublished":"2025-07-16T06:45:33+00:00","dateModified":"2025-07-16T06:45:35+00:00","breadcrumb":{"@id":"https:\/\/afogadosfm.com.br\/afogadosfm\/2025\/07\/16\/afogados-da-ingazeira-inicia-padronizacao-dos-pontos-de-mototaxi-e-intensifica-combate-ao-transporte-clandestino\/#breadcrumb"},"inLanguage":"pt-BR","potentialAction":[{"@type":"ReadAction","target":["https:\/\/afogadosfm.com.br\/afogadosfm\/2025\/07\/16\/afogados-da-ingazeira-inicia-padronizacao-dos-pontos-de-mototaxi-e-intensifica-combate-ao-transporte-clandestino\/"]}]},{"@type":"ImageObject","inLanguage":"pt-BR","@id":"https:\/\/afogadosfm.com.br\/afogadosfm\/2025\/07\/16\/afogados-da-ingazeira-inicia-padronizacao-dos-pontos-de-mototaxi-e-intensifica-combate-ao-transporte-clandestino\/#primaryimage","url":"https:\/\/i0.wp.com\/afogadosfm.com.br\/afogadosfm\/wp-content\/uploads\/2025\/07\/mototaxi.jpeg?fit=400%2C300&ssl=1","contentUrl":"https:\/\/i0.wp.com\/afogadosfm.com.br\/afogadosfm\/wp-content\/uploads\/2025\/07\/mototaxi.jpeg?fit=400%2C300&ssl=1","width":400,"height":300},{"@type":"BreadcrumbList","@id":"https:\/\/afogadosfm.com.br\/afogadosfm\/2025\/07\/16\/afogados-da-ingazeira-inicia-padronizacao-dos-pontos-de-mototaxi-e-intensifica-combate-ao-transporte-clandestino\/#breadcrumb","itemListElement":[{"@type":"ListItem","position":1,"name":"In\u00edcio","item":"https:\/\/afogadosfm.com.br\/afogadosfm\/"},{"@type":"ListItem","position":2,"name":"Afogados da Ingazeira inicia padroniza\u00e7\u00e3o dos pontos de motot\u00e1xi e intensifica combate ao transporte clandestino"}]},{"@type":"WebSite","@id":"https:\/\/afogadosfm.com.br\/afogadosfm\/#website","url":"https:\/\/afogadosfm.com.br\/afogadosfm\/","name":"Afogados FM","description":"Um site completo!","publisher":{"@id":"https:\/\/afogadosfm.com.br\/afogadosfm\/#organization"},"potentialAction":[{"@type":"SearchAction","target":{"@type":"EntryPoint","urlTemplate":"https:\/\/afogadosfm.com.br\/afogadosfm\/?s={search_term_string}"},"query-input":{"@type":"PropertyValueSpecification","valueRequired":true,"valueName":"search_term_string"}}],"inLanguage":"pt-BR"},{"@type":"Organization","@id":"https:\/\/afogadosfm.com.br\/afogadosfm\/#organization","name":"Afogados FM","url":"https:\/\/afogadosfm.com.br\/afogadosfm\/","logo":{"@type":"ImageObject","inLanguage":"pt-BR","@id":"https:\/\/afogadosfm.com.br\/afogadosfm\/#\/schema\/logo\/image\/","url":"https:\/\/i0.wp.com\/afogadosfm.com.br\/afogadosfm\/wp-content\/uploads\/2020\/06\/cropped-banner-afogados-4.jpg?fit=369%2C137&ssl=1","contentUrl":"https:\/\/i0.wp.com\/afogadosfm.com.br\/afogadosfm\/wp-content\/uploads\/2020\/06\/cropped-banner-afogados-4.jpg?fit=369%2C137&ssl=1","width":369,"height":137,"caption":"Afogados FM"},"image":{"@id":"https:\/\/afogadosfm.com.br\/afogadosfm\/#\/schema\/logo\/image\/"}},{"@type":"Person","@id":"https:\/\/afogadosfm.com.br\/afogadosfm\/#\/schema\/person\/60e56f2cf5dc960fc093fe093d9e9057","name":"afogadosfm","image":{"@type":"ImageObject","inLanguage":"pt-BR","@id":"https:\/\/secure.gravatar.com\/avatar\/e0359add7ed5dc3560906d861b52c6a8cf5c1e199d3a7dd85070998f49bd4701?s=96&d=mm&r=g","url":"https:\/\/secure.gravatar.com\/avatar\/e0359add7ed5dc3560906d861b52c6a8cf5c1e199d3a7dd85070998f49bd4701?s=96&d=mm&r=g","contentUrl":"https:\/\/secure.gravatar.com\/avatar\/e0359add7ed5dc3560906d861b52c6a8cf5c1e199d3a7dd85070998f49bd4701?s=96&d=mm&r=g","caption":"afogadosfm"},"url":"https:\/\/afogadosfm.com.br\/afogadosfm\/author\/afogadosfm\/"}]}},"jetpack_publicize_connections":[],"jetpack_featured_media_url":"https:\/\/i0.wp.com\/afogadosfm.com.br\/afogadosfm\/wp-content\/uploads\/2025\/07\/mototaxi.jpeg?fit=400%2C300&ssl=1","jetpack-related-posts":[],"jetpack_sharing_enabled":true,"jetpack_likes_enabled":true,"_links":{"self":[{"href":"https:\/\/afogadosfm.com.br\/afogadosfm\/wp-json\/wp\/v2\/posts\/67429","targetHints":{"allow":["GET"]}}],"collection":[{"href":"https:\/\/afogadosfm.com.br\/afogadosfm\/wp-json\/wp\/v2\/posts"}],"about":[{"href":"https:\/\/afogadosfm.com.br\/afogadosfm\/wp-json\/wp\/v2\/types\/post"}],"author":[{"embeddable":true,"href":"https:\/\/afogadosfm.com.br\/afogadosfm\/wp-json\/wp\/v2\/users\/2"}],"replies":[{"embeddable":true,"href":"https:\/\/afogadosfm.com.br\/afogadosfm\/wp-json\/wp\/v2\/comments?post=67429"}],"version-history":[{"count":1,"href":"https:\/\/afogadosfm.com.br\/afogadosfm\/wp-json\/wp\/v2\/posts\/67429\/revisions"}],"predecessor-version":[{"id":67431,"href":"https:\/\/afogadosfm.com.br\/afogadosfm\/wp-json\/wp\/v2\/posts\/67429\/revisions\/67431"}],"wp:featuredmedia":[{"embeddable":true,"href":"https:\/\/afogadosfm.com.br\/afogadosfm\/wp-json\/wp\/v2\/media\/67430"}],"wp:attachment":[{"href":"https:\/\/afogadosfm.com.br\/afogadosfm\/wp-json\/wp\/v2\/media?parent=67429"}],"wp:term":[{"taxonomy":"category","embeddable":true,"href":"https:\/\/afogadosfm.com.br\/afogadosfm\/wp-json\/wp\/v2\/categories?post=67429"},{"taxonomy":"post_tag","embeddable":true,"href":"https:\/\/afogadosfm.com.br\/afogadosfm\/wp-json\/wp\/v2\/tags?post=67429"}],"curies":[{"name":"wp","href":"https:\/\/api.w.org\/{rel}","templated":true}]}}