{"id":67469,"date":"2025-07-18T05:46:57","date_gmt":"2025-07-18T08:46:57","guid":{"rendered":"https:\/\/afogadosfm.com.br\/afogadosfm\/?p=67469"},"modified":"2025-07-18T05:46:58","modified_gmt":"2025-07-18T08:46:58","slug":"iguaracy-na-etapa-final-da-xvi-copa-pernambucana-de-bandas-marciais-e-fanfarras","status":"publish","type":"post","link":"https:\/\/afogadosfm.com.br\/afogadosfm\/2025\/07\/18\/iguaracy-na-etapa-final-da-xvi-copa-pernambucana-de-bandas-marciais-e-fanfarras\/","title":{"rendered":"Iguaracy na etapa final da XVI Copa Pernambucana de Bandas Marciais e Fanfarras"},"content":{"rendered":"\n<p>A Secretaria de Educa\u00e7\u00e3o do Estado de Pernambuco, em parceria com a ABANFARE-PE, realiza a etapa final da XVI Copa Pernambucana de Bandas Marciais e Fanfarras, evento que re\u00fane as principais escolas estaduais do estado na valoriza\u00e7\u00e3o da m\u00fasica e cultura por meio das bandas marciais.<\/p>\n\n\n\n<p>Dentre as participantes, destaque para a Banda Marcial da Escola de Refer\u00eancia em Ensino M\u00e9dio (EREM) Professora Rosete Bezerra de Souza, de Iguaracy, que compete na categoria &#8220;Banda de Percuss\u00e3o Sinf\u00f4nica&#8221;. A banda, regida pelo professor Fausto Sim\u00f5es e coreografada por Ryan Kleyson, conquistou seu espa\u00e7o na semifinal ap\u00f3s uma forte disputa regional.<\/p>\n\n\n\n<p>A fase eliminat\u00f3ria, realizada na cidade de Quixaba no dia 25 de maio, contou com a presen\u00e7a de diversas bandas das Ger\u00eancias Regionais de Educa\u00e7\u00e3o (GRES) de Afogados da Ingazeira, Arcoverde e Floresta. Nessa etapa, a banda de Iguaracy conseguiu se classificar para a semifinal do campeonato, que aconteceu no dia 5 de julho na quadra da Secretaria de Educa\u00e7\u00e3o, no bairro da V\u00e1rzea, Recife.<\/p>\n\n\n\n<p>Na semifinal, a banda da EREM Rosete Bezerra de Souza obteve o terceiro lugar, garantindo sua classifica\u00e7\u00e3o para a grande final. As cinco melhores notas de cada categoria t\u00e9cnica ser\u00e3o concorridas na etapa final, que acontecer\u00e1 neste domingo, dia 20 de julho.<\/p>\n\n\n\n<p>O gestor escolar Jo\u00e3o Liberal de Siqueira Junior parabeniza todos os estudantes, core\u00f3grafo e maestro pelo esfor\u00e7o e dedica\u00e7\u00e3o, refor\u00e7ando o orgulho da cidade de Iguaracy em representar o munic\u00edpio nesta competi\u00e7\u00e3o que enaltece a m\u00fasica, a cultura e o movimento de bandas e fanfarras no estado de Pernambuco. Ele deseja boa sorte e sucesso \u00e0 equipe na etapa final, que promete mais uma vez engrandecer a tradi\u00e7\u00e3o musical local.<\/p>\n\n\n\n<p>&nbsp;\u201cAgradecemos \u00e0 Prefeitura de Iguaracy e ao prefeito Dr. Pedro Alves pelo apoio dado sempre \u00e0 nossa escola bem como a Ger\u00eancia Regional de Educa\u00e7\u00e3o\u201d, destacou J\u00fanior Liberal.<\/p>\n","protected":false},"excerpt":{"rendered":"<p>A Secretaria de Educa\u00e7\u00e3o do Estado de Pernambuco, em parceria com a ABANFARE-PE, realiza a etapa final da XVI Copa<\/p>\n","protected":false},"author":2,"featured_media":67470,"comment_status":"open","ping_status":"open","sticky":false,"template":"","format":"standard","meta":{"jetpack_post_was_ever_published":false,"_jetpack_newsletter_access":"","_jetpack_dont_email_post_to_subs":false,"_jetpack_newsletter_tier_id":0,"_jetpack_memberships_contains_paywalled_content":false,"_jetpack_memberships_contains_paid_content":false,"footnotes":"","jetpack_publicize_message":"","jetpack_publicize_feature_enabled":true,"jetpack_social_post_already_shared":true,"jetpack_social_options":{"image_generator_settings":{"template":"highway","default_image_id":0,"font":"","enabled":false},"version":2}},"categories":[32],"tags":[],"class_list":["post-67469","post","type-post","status-publish","format-standard","has-post-thumbnail","hentry","category-sertao"],"yoast_head":"<!-- This site is optimized with the Yoast SEO plugin v27.5 - https:\/\/yoast.com\/product\/yoast-seo-wordpress\/ -->\n<title>Iguaracy na etapa final da XVI Copa Pernambucana de Bandas Marciais e Fanfarras - Afogados FM<\/title>\n<meta name=\"robots\" content=\"index, follow, max-snippet:-1, max-image-preview:large, max-video-preview:-1\" \/>\n<link rel=\"canonical\" href=\"https:\/\/afogadosfm.com.br\/afogadosfm\/2025\/07\/18\/iguaracy-na-etapa-final-da-xvi-copa-pernambucana-de-bandas-marciais-e-fanfarras\/\" \/>\n<meta property=\"og:locale\" content=\"pt_BR\" \/>\n<meta property=\"og:type\" content=\"article\" \/>\n<meta property=\"og:title\" content=\"Iguaracy na etapa final da XVI Copa Pernambucana de Bandas Marciais e Fanfarras - Afogados FM\" \/>\n<meta property=\"og:description\" content=\"A Secretaria de Educa\u00e7\u00e3o do Estado de Pernambuco, em parceria com a ABANFARE-PE, realiza a etapa final da XVI Copa\" \/>\n<meta property=\"og:url\" content=\"https:\/\/afogadosfm.com.br\/afogadosfm\/2025\/07\/18\/iguaracy-na-etapa-final-da-xvi-copa-pernambucana-de-bandas-marciais-e-fanfarras\/\" \/>\n<meta property=\"og:site_name\" content=\"Afogados FM\" \/>\n<meta property=\"article:published_time\" content=\"2025-07-18T08:46:57+00:00\" \/>\n<meta property=\"article:modified_time\" content=\"2025-07-18T08:46:58+00:00\" \/>\n<meta property=\"og:image\" content=\"https:\/\/afogadosfm.com.br\/afogadosfm\/wp-content\/uploads\/2025\/07\/bandasiguaracy.jpg\" \/>\n\t<meta property=\"og:image:width\" content=\"399\" \/>\n\t<meta property=\"og:image:height\" content=\"266\" \/>\n\t<meta property=\"og:image:type\" content=\"image\/jpeg\" \/>\n<meta name=\"author\" content=\"afogadosfm\" \/>\n<meta name=\"twitter:card\" content=\"summary_large_image\" \/>\n<meta name=\"twitter:label1\" content=\"Escrito por\" \/>\n\t<meta name=\"twitter:data1\" content=\"afogadosfm\" \/>\n\t<meta name=\"twitter:label2\" content=\"Est. tempo de leitura\" \/>\n\t<meta name=\"twitter:data2\" content=\"2 minutos\" \/>\n<script type=\"application\/ld+json\" class=\"yoast-schema-graph\">{\"@context\":\"https:\\\/\\\/schema.org\",\"@graph\":[{\"@type\":\"Article\",\"@id\":\"https:\\\/\\\/afogadosfm.com.br\\\/afogadosfm\\\/2025\\\/07\\\/18\\\/iguaracy-na-etapa-final-da-xvi-copa-pernambucana-de-bandas-marciais-e-fanfarras\\\/#article\",\"isPartOf\":{\"@id\":\"https:\\\/\\\/afogadosfm.com.br\\\/afogadosfm\\\/2025\\\/07\\\/18\\\/iguaracy-na-etapa-final-da-xvi-copa-pernambucana-de-bandas-marciais-e-fanfarras\\\/\"},\"author\":{\"name\":\"afogadosfm\",\"@id\":\"https:\\\/\\\/afogadosfm.com.br\\\/afogadosfm\\\/#\\\/schema\\\/person\\\/60e56f2cf5dc960fc093fe093d9e9057\"},\"headline\":\"Iguaracy na etapa final da XVI Copa Pernambucana de Bandas Marciais e Fanfarras\",\"datePublished\":\"2025-07-18T08:46:57+00:00\",\"dateModified\":\"2025-07-18T08:46:58+00:00\",\"mainEntityOfPage\":{\"@id\":\"https:\\\/\\\/afogadosfm.com.br\\\/afogadosfm\\\/2025\\\/07\\\/18\\\/iguaracy-na-etapa-final-da-xvi-copa-pernambucana-de-bandas-marciais-e-fanfarras\\\/\"},\"wordCount\":344,\"commentCount\":0,\"publisher\":{\"@id\":\"https:\\\/\\\/afogadosfm.com.br\\\/afogadosfm\\\/#organization\"},\"image\":{\"@id\":\"https:\\\/\\\/afogadosfm.com.br\\\/afogadosfm\\\/2025\\\/07\\\/18\\\/iguaracy-na-etapa-final-da-xvi-copa-pernambucana-de-bandas-marciais-e-fanfarras\\\/#primaryimage\"},\"thumbnailUrl\":\"https:\\\/\\\/i0.wp.com\\\/afogadosfm.com.br\\\/afogadosfm\\\/wp-content\\\/uploads\\\/2025\\\/07\\\/bandasiguaracy.jpg?fit=399%2C266&ssl=1\",\"articleSection\":[\"Sert\u00e3o\"],\"inLanguage\":\"pt-BR\",\"potentialAction\":[{\"@type\":\"CommentAction\",\"name\":\"Comment\",\"target\":[\"https:\\\/\\\/afogadosfm.com.br\\\/afogadosfm\\\/2025\\\/07\\\/18\\\/iguaracy-na-etapa-final-da-xvi-copa-pernambucana-de-bandas-marciais-e-fanfarras\\\/#respond\"]}]},{\"@type\":\"WebPage\",\"@id\":\"https:\\\/\\\/afogadosfm.com.br\\\/afogadosfm\\\/2025\\\/07\\\/18\\\/iguaracy-na-etapa-final-da-xvi-copa-pernambucana-de-bandas-marciais-e-fanfarras\\\/\",\"url\":\"https:\\\/\\\/afogadosfm.com.br\\\/afogadosfm\\\/2025\\\/07\\\/18\\\/iguaracy-na-etapa-final-da-xvi-copa-pernambucana-de-bandas-marciais-e-fanfarras\\\/\",\"name\":\"Iguaracy na etapa final da XVI Copa Pernambucana de Bandas Marciais e Fanfarras - Afogados FM\",\"isPartOf\":{\"@id\":\"https:\\\/\\\/afogadosfm.com.br\\\/afogadosfm\\\/#website\"},\"primaryImageOfPage\":{\"@id\":\"https:\\\/\\\/afogadosfm.com.br\\\/afogadosfm\\\/2025\\\/07\\\/18\\\/iguaracy-na-etapa-final-da-xvi-copa-pernambucana-de-bandas-marciais-e-fanfarras\\\/#primaryimage\"},\"image\":{\"@id\":\"https:\\\/\\\/afogadosfm.com.br\\\/afogadosfm\\\/2025\\\/07\\\/18\\\/iguaracy-na-etapa-final-da-xvi-copa-pernambucana-de-bandas-marciais-e-fanfarras\\\/#primaryimage\"},\"thumbnailUrl\":\"https:\\\/\\\/i0.wp.com\\\/afogadosfm.com.br\\\/afogadosfm\\\/wp-content\\\/uploads\\\/2025\\\/07\\\/bandasiguaracy.jpg?fit=399%2C266&ssl=1\",\"datePublished\":\"2025-07-18T08:46:57+00:00\",\"dateModified\":\"2025-07-18T08:46:58+00:00\",\"breadcrumb\":{\"@id\":\"https:\\\/\\\/afogadosfm.com.br\\\/afogadosfm\\\/2025\\\/07\\\/18\\\/iguaracy-na-etapa-final-da-xvi-copa-pernambucana-de-bandas-marciais-e-fanfarras\\\/#breadcrumb\"},\"inLanguage\":\"pt-BR\",\"potentialAction\":[{\"@type\":\"ReadAction\",\"target\":[\"https:\\\/\\\/afogadosfm.com.br\\\/afogadosfm\\\/2025\\\/07\\\/18\\\/iguaracy-na-etapa-final-da-xvi-copa-pernambucana-de-bandas-marciais-e-fanfarras\\\/\"]}]},{\"@type\":\"ImageObject\",\"inLanguage\":\"pt-BR\",\"@id\":\"https:\\\/\\\/afogadosfm.com.br\\\/afogadosfm\\\/2025\\\/07\\\/18\\\/iguaracy-na-etapa-final-da-xvi-copa-pernambucana-de-bandas-marciais-e-fanfarras\\\/#primaryimage\",\"url\":\"https:\\\/\\\/i0.wp.com\\\/afogadosfm.com.br\\\/afogadosfm\\\/wp-content\\\/uploads\\\/2025\\\/07\\\/bandasiguaracy.jpg?fit=399%2C266&ssl=1\",\"contentUrl\":\"https:\\\/\\\/i0.wp.com\\\/afogadosfm.com.br\\\/afogadosfm\\\/wp-content\\\/uploads\\\/2025\\\/07\\\/bandasiguaracy.jpg?fit=399%2C266&ssl=1\",\"width\":399,\"height\":266},{\"@type\":\"BreadcrumbList\",\"@id\":\"https:\\\/\\\/afogadosfm.com.br\\\/afogadosfm\\\/2025\\\/07\\\/18\\\/iguaracy-na-etapa-final-da-xvi-copa-pernambucana-de-bandas-marciais-e-fanfarras\\\/#breadcrumb\",\"itemListElement\":[{\"@type\":\"ListItem\",\"position\":1,\"name\":\"In\u00edcio\",\"item\":\"https:\\\/\\\/afogadosfm.com.br\\\/afogadosfm\\\/\"},{\"@type\":\"ListItem\",\"position\":2,\"name\":\"Iguaracy na etapa final da XVI Copa Pernambucana de Bandas Marciais e Fanfarras\"}]},{\"@type\":\"WebSite\",\"@id\":\"https:\\\/\\\/afogadosfm.com.br\\\/afogadosfm\\\/#website\",\"url\":\"https:\\\/\\\/afogadosfm.com.br\\\/afogadosfm\\\/\",\"name\":\"Afogados FM\",\"description\":\"Um site completo!\",\"publisher\":{\"@id\":\"https:\\\/\\\/afogadosfm.com.br\\\/afogadosfm\\\/#organization\"},\"potentialAction\":[{\"@type\":\"SearchAction\",\"target\":{\"@type\":\"EntryPoint\",\"urlTemplate\":\"https:\\\/\\\/afogadosfm.com.br\\\/afogadosfm\\\/?s={search_term_string}\"},\"query-input\":{\"@type\":\"PropertyValueSpecification\",\"valueRequired\":true,\"valueName\":\"search_term_string\"}}],\"inLanguage\":\"pt-BR\"},{\"@type\":\"Organization\",\"@id\":\"https:\\\/\\\/afogadosfm.com.br\\\/afogadosfm\\\/#organization\",\"name\":\"Afogados FM\",\"url\":\"https:\\\/\\\/afogadosfm.com.br\\\/afogadosfm\\\/\",\"logo\":{\"@type\":\"ImageObject\",\"inLanguage\":\"pt-BR\",\"@id\":\"https:\\\/\\\/afogadosfm.com.br\\\/afogadosfm\\\/#\\\/schema\\\/logo\\\/image\\\/\",\"url\":\"https:\\\/\\\/i0.wp.com\\\/afogadosfm.com.br\\\/afogadosfm\\\/wp-content\\\/uploads\\\/2020\\\/06\\\/cropped-banner-afogados-4.jpg?fit=369%2C137&ssl=1\",\"contentUrl\":\"https:\\\/\\\/i0.wp.com\\\/afogadosfm.com.br\\\/afogadosfm\\\/wp-content\\\/uploads\\\/2020\\\/06\\\/cropped-banner-afogados-4.jpg?fit=369%2C137&ssl=1\",\"width\":369,\"height\":137,\"caption\":\"Afogados FM\"},\"image\":{\"@id\":\"https:\\\/\\\/afogadosfm.com.br\\\/afogadosfm\\\/#\\\/schema\\\/logo\\\/image\\\/\"}},{\"@type\":\"Person\",\"@id\":\"https:\\\/\\\/afogadosfm.com.br\\\/afogadosfm\\\/#\\\/schema\\\/person\\\/60e56f2cf5dc960fc093fe093d9e9057\",\"name\":\"afogadosfm\",\"image\":{\"@type\":\"ImageObject\",\"inLanguage\":\"pt-BR\",\"@id\":\"https:\\\/\\\/secure.gravatar.com\\\/avatar\\\/e0359add7ed5dc3560906d861b52c6a8cf5c1e199d3a7dd85070998f49bd4701?s=96&d=mm&r=g\",\"url\":\"https:\\\/\\\/secure.gravatar.com\\\/avatar\\\/e0359add7ed5dc3560906d861b52c6a8cf5c1e199d3a7dd85070998f49bd4701?s=96&d=mm&r=g\",\"contentUrl\":\"https:\\\/\\\/secure.gravatar.com\\\/avatar\\\/e0359add7ed5dc3560906d861b52c6a8cf5c1e199d3a7dd85070998f49bd4701?s=96&d=mm&r=g\",\"caption\":\"afogadosfm\"},\"url\":\"https:\\\/\\\/afogadosfm.com.br\\\/afogadosfm\\\/author\\\/afogadosfm\\\/\"}]}<\/script>\n<!-- \/ Yoast SEO plugin. -->","yoast_head_json":{"title":"Iguaracy na etapa final da XVI Copa Pernambucana de Bandas Marciais e Fanfarras - Afogados FM","robots":{"index":"index","follow":"follow","max-snippet":"max-snippet:-1","max-image-preview":"max-image-preview:large","max-video-preview":"max-video-preview:-1"},"canonical":"https:\/\/afogadosfm.com.br\/afogadosfm\/2025\/07\/18\/iguaracy-na-etapa-final-da-xvi-copa-pernambucana-de-bandas-marciais-e-fanfarras\/","og_locale":"pt_BR","og_type":"article","og_title":"Iguaracy na etapa final da XVI Copa Pernambucana de Bandas Marciais e Fanfarras - Afogados FM","og_description":"A Secretaria de Educa\u00e7\u00e3o do Estado de Pernambuco, em parceria com a ABANFARE-PE, realiza a etapa final da XVI Copa","og_url":"https:\/\/afogadosfm.com.br\/afogadosfm\/2025\/07\/18\/iguaracy-na-etapa-final-da-xvi-copa-pernambucana-de-bandas-marciais-e-fanfarras\/","og_site_name":"Afogados FM","article_published_time":"2025-07-18T08:46:57+00:00","article_modified_time":"2025-07-18T08:46:58+00:00","og_image":[{"width":399,"height":266,"url":"https:\/\/afogadosfm.com.br\/afogadosfm\/wp-content\/uploads\/2025\/07\/bandasiguaracy.jpg","type":"image\/jpeg"}],"author":"afogadosfm","twitter_card":"summary_large_image","twitter_misc":{"Escrito por":"afogadosfm","Est. tempo de leitura":"2 minutos"},"schema":{"@context":"https:\/\/schema.org","@graph":[{"@type":"Article","@id":"https:\/\/afogadosfm.com.br\/afogadosfm\/2025\/07\/18\/iguaracy-na-etapa-final-da-xvi-copa-pernambucana-de-bandas-marciais-e-fanfarras\/#article","isPartOf":{"@id":"https:\/\/afogadosfm.com.br\/afogadosfm\/2025\/07\/18\/iguaracy-na-etapa-final-da-xvi-copa-pernambucana-de-bandas-marciais-e-fanfarras\/"},"author":{"name":"afogadosfm","@id":"https:\/\/afogadosfm.com.br\/afogadosfm\/#\/schema\/person\/60e56f2cf5dc960fc093fe093d9e9057"},"headline":"Iguaracy na etapa final da XVI Copa Pernambucana de Bandas Marciais e Fanfarras","datePublished":"2025-07-18T08:46:57+00:00","dateModified":"2025-07-18T08:46:58+00:00","mainEntityOfPage":{"@id":"https:\/\/afogadosfm.com.br\/afogadosfm\/2025\/07\/18\/iguaracy-na-etapa-final-da-xvi-copa-pernambucana-de-bandas-marciais-e-fanfarras\/"},"wordCount":344,"commentCount":0,"publisher":{"@id":"https:\/\/afogadosfm.com.br\/afogadosfm\/#organization"},"image":{"@id":"https:\/\/afogadosfm.com.br\/afogadosfm\/2025\/07\/18\/iguaracy-na-etapa-final-da-xvi-copa-pernambucana-de-bandas-marciais-e-fanfarras\/#primaryimage"},"thumbnailUrl":"https:\/\/i0.wp.com\/afogadosfm.com.br\/afogadosfm\/wp-content\/uploads\/2025\/07\/bandasiguaracy.jpg?fit=399%2C266&ssl=1","articleSection":["Sert\u00e3o"],"inLanguage":"pt-BR","potentialAction":[{"@type":"CommentAction","name":"Comment","target":["https:\/\/afogadosfm.com.br\/afogadosfm\/2025\/07\/18\/iguaracy-na-etapa-final-da-xvi-copa-pernambucana-de-bandas-marciais-e-fanfarras\/#respond"]}]},{"@type":"WebPage","@id":"https:\/\/afogadosfm.com.br\/afogadosfm\/2025\/07\/18\/iguaracy-na-etapa-final-da-xvi-copa-pernambucana-de-bandas-marciais-e-fanfarras\/","url":"https:\/\/afogadosfm.com.br\/afogadosfm\/2025\/07\/18\/iguaracy-na-etapa-final-da-xvi-copa-pernambucana-de-bandas-marciais-e-fanfarras\/","name":"Iguaracy na etapa final da XVI Copa Pernambucana de Bandas Marciais e Fanfarras - Afogados FM","isPartOf":{"@id":"https:\/\/afogadosfm.com.br\/afogadosfm\/#website"},"primaryImageOfPage":{"@id":"https:\/\/afogadosfm.com.br\/afogadosfm\/2025\/07\/18\/iguaracy-na-etapa-final-da-xvi-copa-pernambucana-de-bandas-marciais-e-fanfarras\/#primaryimage"},"image":{"@id":"https:\/\/afogadosfm.com.br\/afogadosfm\/2025\/07\/18\/iguaracy-na-etapa-final-da-xvi-copa-pernambucana-de-bandas-marciais-e-fanfarras\/#primaryimage"},"thumbnailUrl":"https:\/\/i0.wp.com\/afogadosfm.com.br\/afogadosfm\/wp-content\/uploads\/2025\/07\/bandasiguaracy.jpg?fit=399%2C266&ssl=1","datePublished":"2025-07-18T08:46:57+00:00","dateModified":"2025-07-18T08:46:58+00:00","breadcrumb":{"@id":"https:\/\/afogadosfm.com.br\/afogadosfm\/2025\/07\/18\/iguaracy-na-etapa-final-da-xvi-copa-pernambucana-de-bandas-marciais-e-fanfarras\/#breadcrumb"},"inLanguage":"pt-BR","potentialAction":[{"@type":"ReadAction","target":["https:\/\/afogadosfm.com.br\/afogadosfm\/2025\/07\/18\/iguaracy-na-etapa-final-da-xvi-copa-pernambucana-de-bandas-marciais-e-fanfarras\/"]}]},{"@type":"ImageObject","inLanguage":"pt-BR","@id":"https:\/\/afogadosfm.com.br\/afogadosfm\/2025\/07\/18\/iguaracy-na-etapa-final-da-xvi-copa-pernambucana-de-bandas-marciais-e-fanfarras\/#primaryimage","url":"https:\/\/i0.wp.com\/afogadosfm.com.br\/afogadosfm\/wp-content\/uploads\/2025\/07\/bandasiguaracy.jpg?fit=399%2C266&ssl=1","contentUrl":"https:\/\/i0.wp.com\/afogadosfm.com.br\/afogadosfm\/wp-content\/uploads\/2025\/07\/bandasiguaracy.jpg?fit=399%2C266&ssl=1","width":399,"height":266},{"@type":"BreadcrumbList","@id":"https:\/\/afogadosfm.com.br\/afogadosfm\/2025\/07\/18\/iguaracy-na-etapa-final-da-xvi-copa-pernambucana-de-bandas-marciais-e-fanfarras\/#breadcrumb","itemListElement":[{"@type":"ListItem","position":1,"name":"In\u00edcio","item":"https:\/\/afogadosfm.com.br\/afogadosfm\/"},{"@type":"ListItem","position":2,"name":"Iguaracy na etapa final da XVI Copa Pernambucana de Bandas Marciais e Fanfarras"}]},{"@type":"WebSite","@id":"https:\/\/afogadosfm.com.br\/afogadosfm\/#website","url":"https:\/\/afogadosfm.com.br\/afogadosfm\/","name":"Afogados FM","description":"Um site completo!","publisher":{"@id":"https:\/\/afogadosfm.com.br\/afogadosfm\/#organization"},"potentialAction":[{"@type":"SearchAction","target":{"@type":"EntryPoint","urlTemplate":"https:\/\/afogadosfm.com.br\/afogadosfm\/?s={search_term_string}"},"query-input":{"@type":"PropertyValueSpecification","valueRequired":true,"valueName":"search_term_string"}}],"inLanguage":"pt-BR"},{"@type":"Organization","@id":"https:\/\/afogadosfm.com.br\/afogadosfm\/#organization","name":"Afogados FM","url":"https:\/\/afogadosfm.com.br\/afogadosfm\/","logo":{"@type":"ImageObject","inLanguage":"pt-BR","@id":"https:\/\/afogadosfm.com.br\/afogadosfm\/#\/schema\/logo\/image\/","url":"https:\/\/i0.wp.com\/afogadosfm.com.br\/afogadosfm\/wp-content\/uploads\/2020\/06\/cropped-banner-afogados-4.jpg?fit=369%2C137&ssl=1","contentUrl":"https:\/\/i0.wp.com\/afogadosfm.com.br\/afogadosfm\/wp-content\/uploads\/2020\/06\/cropped-banner-afogados-4.jpg?fit=369%2C137&ssl=1","width":369,"height":137,"caption":"Afogados FM"},"image":{"@id":"https:\/\/afogadosfm.com.br\/afogadosfm\/#\/schema\/logo\/image\/"}},{"@type":"Person","@id":"https:\/\/afogadosfm.com.br\/afogadosfm\/#\/schema\/person\/60e56f2cf5dc960fc093fe093d9e9057","name":"afogadosfm","image":{"@type":"ImageObject","inLanguage":"pt-BR","@id":"https:\/\/secure.gravatar.com\/avatar\/e0359add7ed5dc3560906d861b52c6a8cf5c1e199d3a7dd85070998f49bd4701?s=96&d=mm&r=g","url":"https:\/\/secure.gravatar.com\/avatar\/e0359add7ed5dc3560906d861b52c6a8cf5c1e199d3a7dd85070998f49bd4701?s=96&d=mm&r=g","contentUrl":"https:\/\/secure.gravatar.com\/avatar\/e0359add7ed5dc3560906d861b52c6a8cf5c1e199d3a7dd85070998f49bd4701?s=96&d=mm&r=g","caption":"afogadosfm"},"url":"https:\/\/afogadosfm.com.br\/afogadosfm\/author\/afogadosfm\/"}]}},"jetpack_publicize_connections":[],"jetpack_featured_media_url":"https:\/\/i0.wp.com\/afogadosfm.com.br\/afogadosfm\/wp-content\/uploads\/2025\/07\/bandasiguaracy.jpg?fit=399%2C266&ssl=1","jetpack-related-posts":[],"jetpack_sharing_enabled":true,"jetpack_likes_enabled":true,"_links":{"self":[{"href":"https:\/\/afogadosfm.com.br\/afogadosfm\/wp-json\/wp\/v2\/posts\/67469","targetHints":{"allow":["GET"]}}],"collection":[{"href":"https:\/\/afogadosfm.com.br\/afogadosfm\/wp-json\/wp\/v2\/posts"}],"about":[{"href":"https:\/\/afogadosfm.com.br\/afogadosfm\/wp-json\/wp\/v2\/types\/post"}],"author":[{"embeddable":true,"href":"https:\/\/afogadosfm.com.br\/afogadosfm\/wp-json\/wp\/v2\/users\/2"}],"replies":[{"embeddable":true,"href":"https:\/\/afogadosfm.com.br\/afogadosfm\/wp-json\/wp\/v2\/comments?post=67469"}],"version-history":[{"count":1,"href":"https:\/\/afogadosfm.com.br\/afogadosfm\/wp-json\/wp\/v2\/posts\/67469\/revisions"}],"predecessor-version":[{"id":67471,"href":"https:\/\/afogadosfm.com.br\/afogadosfm\/wp-json\/wp\/v2\/posts\/67469\/revisions\/67471"}],"wp:featuredmedia":[{"embeddable":true,"href":"https:\/\/afogadosfm.com.br\/afogadosfm\/wp-json\/wp\/v2\/media\/67470"}],"wp:attachment":[{"href":"https:\/\/afogadosfm.com.br\/afogadosfm\/wp-json\/wp\/v2\/media?parent=67469"}],"wp:term":[{"taxonomy":"category","embeddable":true,"href":"https:\/\/afogadosfm.com.br\/afogadosfm\/wp-json\/wp\/v2\/categories?post=67469"},{"taxonomy":"post_tag","embeddable":true,"href":"https:\/\/afogadosfm.com.br\/afogadosfm\/wp-json\/wp\/v2\/tags?post=67469"}],"curies":[{"name":"wp","href":"https:\/\/api.w.org\/{rel}","templated":true}]}}