{"id":67474,"date":"2025-07-18T05:51:45","date_gmt":"2025-07-18T08:51:45","guid":{"rendered":"https:\/\/afogadosfm.com.br\/afogadosfm\/?p=67474"},"modified":"2025-07-18T05:51:46","modified_gmt":"2025-07-18T08:51:46","slug":"idoso-de-aluguel-quadrilha-e-condenada-pala-justica-federal-por-fraude-no-inss","status":"publish","type":"post","link":"https:\/\/afogadosfm.com.br\/afogadosfm\/2025\/07\/18\/idoso-de-aluguel-quadrilha-e-condenada-pala-justica-federal-por-fraude-no-inss\/","title":{"rendered":"&#8216;Idoso de aluguel&#8217;: quadrilha \u00e9 condenada pala Justi\u00e7a Federal por fraude no INSS"},"content":{"rendered":"\n<p>A Justi\u00e7a Federal em Pernambuco (JFPE) condenou oito pessoas por envolvimento em uma complexa organiza\u00e7\u00e3o criminosa que fraudava a Previd\u00eancia Social por meio do uso de documentos falsos.<\/p>\n\n\n\n<p>Segundo a JFPE, a organiza\u00e7\u00e3o fazia a contrata\u00e7\u00e3o de \u201cidosos de aluguel\u201d para obten\u00e7\u00e3o indevida de benef\u00edcios.<\/p>\n\n\n\n<p>O esquema causou um preju\u00edzo estimado em R$ 117 milh\u00f5es aos cofres do INSS, com a concess\u00e3o de 727 benef\u00edcios fraudulentos, principalmente, em Garanhuns, no Agreste, e em Itamarac\u00e1, no Grande Recife.<\/p>\n\n\n\n<p>As investiga\u00e7\u00f5es apontaram que o grupo operou entre 2016 e 2023, em tr\u00eas n\u00facleos familiares distintos. Todos eles eram de \u00c1guas Belas, no Agreste. Havia, segundo a Justi\u00e7a federal, \u201cdivis\u00e3o de tarefas e comunica\u00e7\u00e3o constante para viabilizar as fraudes\u201d.<\/p>\n\n\n\n<p>A investiga\u00e7\u00e3o teve in\u00edcio ap\u00f3s um acidente de carro que vitimou uma idosa. Na ocasi\u00e3o, foi descoberto que dois dos r\u00e9us se deslocavam para uma ag\u00eancia em Vit\u00f3ria de Santo Ant\u00e3o, na Zona da Mata, com a pessoa que morreu.<\/p>\n\n\n\n<p>A v\u00edtima, de acordo com a Justi\u00e7a Federal, era \u201duma idosa de aluguel\u201d, e efetuaria saque em uma conta banc\u00e1ria vinculada a um benef\u00edcio fraudulento.<\/p>\n\n\n\n<p>\u201cCom as investiga\u00e7\u00f5es, verificou-se a exist\u00eancia de diversos benef\u00edcios atrelados a TMCs (Terminais M\u00f3veis) e e-mails utilizados pelo casal. Da an\u00e1lise desses benef\u00edcios, foram encontrados novos TMCs e e-mails ligados aos mesmos, bem como aos demais r\u00e9us do processo, todos integrantes de uma mesma fam\u00edlia, o que permitiu identificar novos benef\u00edcios fraudados\u201d.<\/p>\n\n\n\n<p>A senten\u00e7a destaca que \u201ca estrutura da organiza\u00e7\u00e3o criminosa mostra-se est\u00e1vel e com divis\u00e3o clara de tarefas\u201d, com o uso sistem\u00e1tico de documentos falsos e identidades fict\u00edcias para burlar o sistema previdenci\u00e1rio.<\/p>\n\n\n\n<p>Segundo a senten\u00e7a, os r\u00e9us foram condenados por crimes como estelionato previdenci\u00e1rio, falsifica\u00e7\u00e3o de documentos p\u00fablicos, corrup\u00e7\u00e3o de menores e participa\u00e7\u00e3o em organiza\u00e7\u00e3o criminosa.<\/p>\n","protected":false},"excerpt":{"rendered":"<p>A Justi\u00e7a Federal em Pernambuco (JFPE) condenou oito pessoas por envolvimento em uma complexa organiza\u00e7\u00e3o criminosa que fraudava a Previd\u00eancia<\/p>\n","protected":false},"author":2,"featured_media":873,"comment_status":"open","ping_status":"open","sticky":false,"template":"","format":"standard","meta":{"jetpack_post_was_ever_published":false,"_jetpack_newsletter_access":"","_jetpack_dont_email_post_to_subs":false,"_jetpack_newsletter_tier_id":0,"_jetpack_memberships_contains_paywalled_content":false,"_jetpack_memberships_contains_paid_content":false,"footnotes":"","jetpack_publicize_message":"","jetpack_publicize_feature_enabled":true,"jetpack_social_post_already_shared":true,"jetpack_social_options":{"image_generator_settings":{"template":"highway","default_image_id":0,"font":"","enabled":false},"version":2}},"categories":[12],"tags":[],"class_list":["post-67474","post","type-post","status-publish","format-standard","has-post-thumbnail","hentry","category-brasil"],"yoast_head":"<!-- This site is optimized with the Yoast SEO plugin v27.5 - https:\/\/yoast.com\/product\/yoast-seo-wordpress\/ -->\n<title>&#039;Idoso de aluguel&#039;: quadrilha \u00e9 condenada pala Justi\u00e7a Federal por fraude no INSS - Afogados FM<\/title>\n<meta name=\"robots\" content=\"index, follow, max-snippet:-1, max-image-preview:large, max-video-preview:-1\" \/>\n<link rel=\"canonical\" href=\"https:\/\/afogadosfm.com.br\/afogadosfm\/2025\/07\/18\/idoso-de-aluguel-quadrilha-e-condenada-pala-justica-federal-por-fraude-no-inss\/\" \/>\n<meta property=\"og:locale\" content=\"pt_BR\" \/>\n<meta property=\"og:type\" content=\"article\" \/>\n<meta property=\"og:title\" content=\"&#039;Idoso de aluguel&#039;: quadrilha \u00e9 condenada pala Justi\u00e7a Federal por fraude no INSS - Afogados FM\" \/>\n<meta property=\"og:description\" content=\"A Justi\u00e7a Federal em Pernambuco (JFPE) condenou oito pessoas por envolvimento em uma complexa organiza\u00e7\u00e3o criminosa que fraudava a Previd\u00eancia\" \/>\n<meta property=\"og:url\" content=\"https:\/\/afogadosfm.com.br\/afogadosfm\/2025\/07\/18\/idoso-de-aluguel-quadrilha-e-condenada-pala-justica-federal-por-fraude-no-inss\/\" \/>\n<meta property=\"og:site_name\" content=\"Afogados FM\" \/>\n<meta property=\"article:published_time\" content=\"2025-07-18T08:51:45+00:00\" \/>\n<meta property=\"article:modified_time\" content=\"2025-07-18T08:51:46+00:00\" \/>\n<meta property=\"og:image\" content=\"https:\/\/afogadosfm.com.br\/afogadosfm\/wp-content\/uploads\/2017\/11\/justica.png\" \/>\n\t<meta property=\"og:image:width\" content=\"236\" \/>\n\t<meta property=\"og:image:height\" content=\"250\" \/>\n\t<meta property=\"og:image:type\" content=\"image\/png\" \/>\n<meta name=\"author\" content=\"afogadosfm\" \/>\n<meta name=\"twitter:card\" content=\"summary_large_image\" \/>\n<meta name=\"twitter:label1\" content=\"Escrito por\" \/>\n\t<meta name=\"twitter:data1\" content=\"afogadosfm\" \/>\n\t<meta name=\"twitter:label2\" content=\"Est. tempo de leitura\" \/>\n\t<meta name=\"twitter:data2\" content=\"2 minutos\" \/>\n<script type=\"application\/ld+json\" class=\"yoast-schema-graph\">{\"@context\":\"https:\\\/\\\/schema.org\",\"@graph\":[{\"@type\":\"Article\",\"@id\":\"https:\\\/\\\/afogadosfm.com.br\\\/afogadosfm\\\/2025\\\/07\\\/18\\\/idoso-de-aluguel-quadrilha-e-condenada-pala-justica-federal-por-fraude-no-inss\\\/#article\",\"isPartOf\":{\"@id\":\"https:\\\/\\\/afogadosfm.com.br\\\/afogadosfm\\\/2025\\\/07\\\/18\\\/idoso-de-aluguel-quadrilha-e-condenada-pala-justica-federal-por-fraude-no-inss\\\/\"},\"author\":{\"name\":\"afogadosfm\",\"@id\":\"https:\\\/\\\/afogadosfm.com.br\\\/afogadosfm\\\/#\\\/schema\\\/person\\\/60e56f2cf5dc960fc093fe093d9e9057\"},\"headline\":\"&#8216;Idoso de aluguel&#8217;: quadrilha \u00e9 condenada pala Justi\u00e7a Federal por fraude no INSS\",\"datePublished\":\"2025-07-18T08:51:45+00:00\",\"dateModified\":\"2025-07-18T08:51:46+00:00\",\"mainEntityOfPage\":{\"@id\":\"https:\\\/\\\/afogadosfm.com.br\\\/afogadosfm\\\/2025\\\/07\\\/18\\\/idoso-de-aluguel-quadrilha-e-condenada-pala-justica-federal-por-fraude-no-inss\\\/\"},\"wordCount\":351,\"commentCount\":0,\"publisher\":{\"@id\":\"https:\\\/\\\/afogadosfm.com.br\\\/afogadosfm\\\/#organization\"},\"image\":{\"@id\":\"https:\\\/\\\/afogadosfm.com.br\\\/afogadosfm\\\/2025\\\/07\\\/18\\\/idoso-de-aluguel-quadrilha-e-condenada-pala-justica-federal-por-fraude-no-inss\\\/#primaryimage\"},\"thumbnailUrl\":\"https:\\\/\\\/i0.wp.com\\\/afogadosfm.com.br\\\/afogadosfm\\\/wp-content\\\/uploads\\\/2017\\\/11\\\/justica.png?fit=236%2C250&ssl=1\",\"articleSection\":[\"Brasil\"],\"inLanguage\":\"pt-BR\",\"potentialAction\":[{\"@type\":\"CommentAction\",\"name\":\"Comment\",\"target\":[\"https:\\\/\\\/afogadosfm.com.br\\\/afogadosfm\\\/2025\\\/07\\\/18\\\/idoso-de-aluguel-quadrilha-e-condenada-pala-justica-federal-por-fraude-no-inss\\\/#respond\"]}]},{\"@type\":\"WebPage\",\"@id\":\"https:\\\/\\\/afogadosfm.com.br\\\/afogadosfm\\\/2025\\\/07\\\/18\\\/idoso-de-aluguel-quadrilha-e-condenada-pala-justica-federal-por-fraude-no-inss\\\/\",\"url\":\"https:\\\/\\\/afogadosfm.com.br\\\/afogadosfm\\\/2025\\\/07\\\/18\\\/idoso-de-aluguel-quadrilha-e-condenada-pala-justica-federal-por-fraude-no-inss\\\/\",\"name\":\"'Idoso de aluguel': quadrilha \u00e9 condenada pala Justi\u00e7a Federal por fraude no INSS - Afogados FM\",\"isPartOf\":{\"@id\":\"https:\\\/\\\/afogadosfm.com.br\\\/afogadosfm\\\/#website\"},\"primaryImageOfPage\":{\"@id\":\"https:\\\/\\\/afogadosfm.com.br\\\/afogadosfm\\\/2025\\\/07\\\/18\\\/idoso-de-aluguel-quadrilha-e-condenada-pala-justica-federal-por-fraude-no-inss\\\/#primaryimage\"},\"image\":{\"@id\":\"https:\\\/\\\/afogadosfm.com.br\\\/afogadosfm\\\/2025\\\/07\\\/18\\\/idoso-de-aluguel-quadrilha-e-condenada-pala-justica-federal-por-fraude-no-inss\\\/#primaryimage\"},\"thumbnailUrl\":\"https:\\\/\\\/i0.wp.com\\\/afogadosfm.com.br\\\/afogadosfm\\\/wp-content\\\/uploads\\\/2017\\\/11\\\/justica.png?fit=236%2C250&ssl=1\",\"datePublished\":\"2025-07-18T08:51:45+00:00\",\"dateModified\":\"2025-07-18T08:51:46+00:00\",\"breadcrumb\":{\"@id\":\"https:\\\/\\\/afogadosfm.com.br\\\/afogadosfm\\\/2025\\\/07\\\/18\\\/idoso-de-aluguel-quadrilha-e-condenada-pala-justica-federal-por-fraude-no-inss\\\/#breadcrumb\"},\"inLanguage\":\"pt-BR\",\"potentialAction\":[{\"@type\":\"ReadAction\",\"target\":[\"https:\\\/\\\/afogadosfm.com.br\\\/afogadosfm\\\/2025\\\/07\\\/18\\\/idoso-de-aluguel-quadrilha-e-condenada-pala-justica-federal-por-fraude-no-inss\\\/\"]}]},{\"@type\":\"ImageObject\",\"inLanguage\":\"pt-BR\",\"@id\":\"https:\\\/\\\/afogadosfm.com.br\\\/afogadosfm\\\/2025\\\/07\\\/18\\\/idoso-de-aluguel-quadrilha-e-condenada-pala-justica-federal-por-fraude-no-inss\\\/#primaryimage\",\"url\":\"https:\\\/\\\/i0.wp.com\\\/afogadosfm.com.br\\\/afogadosfm\\\/wp-content\\\/uploads\\\/2017\\\/11\\\/justica.png?fit=236%2C250&ssl=1\",\"contentUrl\":\"https:\\\/\\\/i0.wp.com\\\/afogadosfm.com.br\\\/afogadosfm\\\/wp-content\\\/uploads\\\/2017\\\/11\\\/justica.png?fit=236%2C250&ssl=1\",\"width\":236,\"height\":250},{\"@type\":\"BreadcrumbList\",\"@id\":\"https:\\\/\\\/afogadosfm.com.br\\\/afogadosfm\\\/2025\\\/07\\\/18\\\/idoso-de-aluguel-quadrilha-e-condenada-pala-justica-federal-por-fraude-no-inss\\\/#breadcrumb\",\"itemListElement\":[{\"@type\":\"ListItem\",\"position\":1,\"name\":\"In\u00edcio\",\"item\":\"https:\\\/\\\/afogadosfm.com.br\\\/afogadosfm\\\/\"},{\"@type\":\"ListItem\",\"position\":2,\"name\":\"&#8216;Idoso de aluguel&#8217;: quadrilha \u00e9 condenada pala Justi\u00e7a Federal por fraude no INSS\"}]},{\"@type\":\"WebSite\",\"@id\":\"https:\\\/\\\/afogadosfm.com.br\\\/afogadosfm\\\/#website\",\"url\":\"https:\\\/\\\/afogadosfm.com.br\\\/afogadosfm\\\/\",\"name\":\"Afogados FM\",\"description\":\"Um site completo!\",\"publisher\":{\"@id\":\"https:\\\/\\\/afogadosfm.com.br\\\/afogadosfm\\\/#organization\"},\"potentialAction\":[{\"@type\":\"SearchAction\",\"target\":{\"@type\":\"EntryPoint\",\"urlTemplate\":\"https:\\\/\\\/afogadosfm.com.br\\\/afogadosfm\\\/?s={search_term_string}\"},\"query-input\":{\"@type\":\"PropertyValueSpecification\",\"valueRequired\":true,\"valueName\":\"search_term_string\"}}],\"inLanguage\":\"pt-BR\"},{\"@type\":\"Organization\",\"@id\":\"https:\\\/\\\/afogadosfm.com.br\\\/afogadosfm\\\/#organization\",\"name\":\"Afogados FM\",\"url\":\"https:\\\/\\\/afogadosfm.com.br\\\/afogadosfm\\\/\",\"logo\":{\"@type\":\"ImageObject\",\"inLanguage\":\"pt-BR\",\"@id\":\"https:\\\/\\\/afogadosfm.com.br\\\/afogadosfm\\\/#\\\/schema\\\/logo\\\/image\\\/\",\"url\":\"https:\\\/\\\/i0.wp.com\\\/afogadosfm.com.br\\\/afogadosfm\\\/wp-content\\\/uploads\\\/2020\\\/06\\\/cropped-banner-afogados-4.jpg?fit=369%2C137&ssl=1\",\"contentUrl\":\"https:\\\/\\\/i0.wp.com\\\/afogadosfm.com.br\\\/afogadosfm\\\/wp-content\\\/uploads\\\/2020\\\/06\\\/cropped-banner-afogados-4.jpg?fit=369%2C137&ssl=1\",\"width\":369,\"height\":137,\"caption\":\"Afogados FM\"},\"image\":{\"@id\":\"https:\\\/\\\/afogadosfm.com.br\\\/afogadosfm\\\/#\\\/schema\\\/logo\\\/image\\\/\"}},{\"@type\":\"Person\",\"@id\":\"https:\\\/\\\/afogadosfm.com.br\\\/afogadosfm\\\/#\\\/schema\\\/person\\\/60e56f2cf5dc960fc093fe093d9e9057\",\"name\":\"afogadosfm\",\"image\":{\"@type\":\"ImageObject\",\"inLanguage\":\"pt-BR\",\"@id\":\"https:\\\/\\\/secure.gravatar.com\\\/avatar\\\/e0359add7ed5dc3560906d861b52c6a8cf5c1e199d3a7dd85070998f49bd4701?s=96&d=mm&r=g\",\"url\":\"https:\\\/\\\/secure.gravatar.com\\\/avatar\\\/e0359add7ed5dc3560906d861b52c6a8cf5c1e199d3a7dd85070998f49bd4701?s=96&d=mm&r=g\",\"contentUrl\":\"https:\\\/\\\/secure.gravatar.com\\\/avatar\\\/e0359add7ed5dc3560906d861b52c6a8cf5c1e199d3a7dd85070998f49bd4701?s=96&d=mm&r=g\",\"caption\":\"afogadosfm\"},\"url\":\"https:\\\/\\\/afogadosfm.com.br\\\/afogadosfm\\\/author\\\/afogadosfm\\\/\"}]}<\/script>\n<!-- \/ Yoast SEO plugin. -->","yoast_head_json":{"title":"'Idoso de aluguel': quadrilha \u00e9 condenada pala Justi\u00e7a Federal por fraude no INSS - Afogados FM","robots":{"index":"index","follow":"follow","max-snippet":"max-snippet:-1","max-image-preview":"max-image-preview:large","max-video-preview":"max-video-preview:-1"},"canonical":"https:\/\/afogadosfm.com.br\/afogadosfm\/2025\/07\/18\/idoso-de-aluguel-quadrilha-e-condenada-pala-justica-federal-por-fraude-no-inss\/","og_locale":"pt_BR","og_type":"article","og_title":"'Idoso de aluguel': quadrilha \u00e9 condenada pala Justi\u00e7a Federal por fraude no INSS - Afogados FM","og_description":"A Justi\u00e7a Federal em Pernambuco (JFPE) condenou oito pessoas por envolvimento em uma complexa organiza\u00e7\u00e3o criminosa que fraudava a Previd\u00eancia","og_url":"https:\/\/afogadosfm.com.br\/afogadosfm\/2025\/07\/18\/idoso-de-aluguel-quadrilha-e-condenada-pala-justica-federal-por-fraude-no-inss\/","og_site_name":"Afogados FM","article_published_time":"2025-07-18T08:51:45+00:00","article_modified_time":"2025-07-18T08:51:46+00:00","og_image":[{"width":236,"height":250,"url":"https:\/\/afogadosfm.com.br\/afogadosfm\/wp-content\/uploads\/2017\/11\/justica.png","type":"image\/png"}],"author":"afogadosfm","twitter_card":"summary_large_image","twitter_misc":{"Escrito por":"afogadosfm","Est. tempo de leitura":"2 minutos"},"schema":{"@context":"https:\/\/schema.org","@graph":[{"@type":"Article","@id":"https:\/\/afogadosfm.com.br\/afogadosfm\/2025\/07\/18\/idoso-de-aluguel-quadrilha-e-condenada-pala-justica-federal-por-fraude-no-inss\/#article","isPartOf":{"@id":"https:\/\/afogadosfm.com.br\/afogadosfm\/2025\/07\/18\/idoso-de-aluguel-quadrilha-e-condenada-pala-justica-federal-por-fraude-no-inss\/"},"author":{"name":"afogadosfm","@id":"https:\/\/afogadosfm.com.br\/afogadosfm\/#\/schema\/person\/60e56f2cf5dc960fc093fe093d9e9057"},"headline":"&#8216;Idoso de aluguel&#8217;: quadrilha \u00e9 condenada pala Justi\u00e7a Federal por fraude no INSS","datePublished":"2025-07-18T08:51:45+00:00","dateModified":"2025-07-18T08:51:46+00:00","mainEntityOfPage":{"@id":"https:\/\/afogadosfm.com.br\/afogadosfm\/2025\/07\/18\/idoso-de-aluguel-quadrilha-e-condenada-pala-justica-federal-por-fraude-no-inss\/"},"wordCount":351,"commentCount":0,"publisher":{"@id":"https:\/\/afogadosfm.com.br\/afogadosfm\/#organization"},"image":{"@id":"https:\/\/afogadosfm.com.br\/afogadosfm\/2025\/07\/18\/idoso-de-aluguel-quadrilha-e-condenada-pala-justica-federal-por-fraude-no-inss\/#primaryimage"},"thumbnailUrl":"https:\/\/i0.wp.com\/afogadosfm.com.br\/afogadosfm\/wp-content\/uploads\/2017\/11\/justica.png?fit=236%2C250&ssl=1","articleSection":["Brasil"],"inLanguage":"pt-BR","potentialAction":[{"@type":"CommentAction","name":"Comment","target":["https:\/\/afogadosfm.com.br\/afogadosfm\/2025\/07\/18\/idoso-de-aluguel-quadrilha-e-condenada-pala-justica-federal-por-fraude-no-inss\/#respond"]}]},{"@type":"WebPage","@id":"https:\/\/afogadosfm.com.br\/afogadosfm\/2025\/07\/18\/idoso-de-aluguel-quadrilha-e-condenada-pala-justica-federal-por-fraude-no-inss\/","url":"https:\/\/afogadosfm.com.br\/afogadosfm\/2025\/07\/18\/idoso-de-aluguel-quadrilha-e-condenada-pala-justica-federal-por-fraude-no-inss\/","name":"'Idoso de aluguel': quadrilha \u00e9 condenada pala Justi\u00e7a Federal por fraude no INSS - Afogados FM","isPartOf":{"@id":"https:\/\/afogadosfm.com.br\/afogadosfm\/#website"},"primaryImageOfPage":{"@id":"https:\/\/afogadosfm.com.br\/afogadosfm\/2025\/07\/18\/idoso-de-aluguel-quadrilha-e-condenada-pala-justica-federal-por-fraude-no-inss\/#primaryimage"},"image":{"@id":"https:\/\/afogadosfm.com.br\/afogadosfm\/2025\/07\/18\/idoso-de-aluguel-quadrilha-e-condenada-pala-justica-federal-por-fraude-no-inss\/#primaryimage"},"thumbnailUrl":"https:\/\/i0.wp.com\/afogadosfm.com.br\/afogadosfm\/wp-content\/uploads\/2017\/11\/justica.png?fit=236%2C250&ssl=1","datePublished":"2025-07-18T08:51:45+00:00","dateModified":"2025-07-18T08:51:46+00:00","breadcrumb":{"@id":"https:\/\/afogadosfm.com.br\/afogadosfm\/2025\/07\/18\/idoso-de-aluguel-quadrilha-e-condenada-pala-justica-federal-por-fraude-no-inss\/#breadcrumb"},"inLanguage":"pt-BR","potentialAction":[{"@type":"ReadAction","target":["https:\/\/afogadosfm.com.br\/afogadosfm\/2025\/07\/18\/idoso-de-aluguel-quadrilha-e-condenada-pala-justica-federal-por-fraude-no-inss\/"]}]},{"@type":"ImageObject","inLanguage":"pt-BR","@id":"https:\/\/afogadosfm.com.br\/afogadosfm\/2025\/07\/18\/idoso-de-aluguel-quadrilha-e-condenada-pala-justica-federal-por-fraude-no-inss\/#primaryimage","url":"https:\/\/i0.wp.com\/afogadosfm.com.br\/afogadosfm\/wp-content\/uploads\/2017\/11\/justica.png?fit=236%2C250&ssl=1","contentUrl":"https:\/\/i0.wp.com\/afogadosfm.com.br\/afogadosfm\/wp-content\/uploads\/2017\/11\/justica.png?fit=236%2C250&ssl=1","width":236,"height":250},{"@type":"BreadcrumbList","@id":"https:\/\/afogadosfm.com.br\/afogadosfm\/2025\/07\/18\/idoso-de-aluguel-quadrilha-e-condenada-pala-justica-federal-por-fraude-no-inss\/#breadcrumb","itemListElement":[{"@type":"ListItem","position":1,"name":"In\u00edcio","item":"https:\/\/afogadosfm.com.br\/afogadosfm\/"},{"@type":"ListItem","position":2,"name":"&#8216;Idoso de aluguel&#8217;: quadrilha \u00e9 condenada pala Justi\u00e7a Federal por fraude no INSS"}]},{"@type":"WebSite","@id":"https:\/\/afogadosfm.com.br\/afogadosfm\/#website","url":"https:\/\/afogadosfm.com.br\/afogadosfm\/","name":"Afogados FM","description":"Um site completo!","publisher":{"@id":"https:\/\/afogadosfm.com.br\/afogadosfm\/#organization"},"potentialAction":[{"@type":"SearchAction","target":{"@type":"EntryPoint","urlTemplate":"https:\/\/afogadosfm.com.br\/afogadosfm\/?s={search_term_string}"},"query-input":{"@type":"PropertyValueSpecification","valueRequired":true,"valueName":"search_term_string"}}],"inLanguage":"pt-BR"},{"@type":"Organization","@id":"https:\/\/afogadosfm.com.br\/afogadosfm\/#organization","name":"Afogados FM","url":"https:\/\/afogadosfm.com.br\/afogadosfm\/","logo":{"@type":"ImageObject","inLanguage":"pt-BR","@id":"https:\/\/afogadosfm.com.br\/afogadosfm\/#\/schema\/logo\/image\/","url":"https:\/\/i0.wp.com\/afogadosfm.com.br\/afogadosfm\/wp-content\/uploads\/2020\/06\/cropped-banner-afogados-4.jpg?fit=369%2C137&ssl=1","contentUrl":"https:\/\/i0.wp.com\/afogadosfm.com.br\/afogadosfm\/wp-content\/uploads\/2020\/06\/cropped-banner-afogados-4.jpg?fit=369%2C137&ssl=1","width":369,"height":137,"caption":"Afogados FM"},"image":{"@id":"https:\/\/afogadosfm.com.br\/afogadosfm\/#\/schema\/logo\/image\/"}},{"@type":"Person","@id":"https:\/\/afogadosfm.com.br\/afogadosfm\/#\/schema\/person\/60e56f2cf5dc960fc093fe093d9e9057","name":"afogadosfm","image":{"@type":"ImageObject","inLanguage":"pt-BR","@id":"https:\/\/secure.gravatar.com\/avatar\/e0359add7ed5dc3560906d861b52c6a8cf5c1e199d3a7dd85070998f49bd4701?s=96&d=mm&r=g","url":"https:\/\/secure.gravatar.com\/avatar\/e0359add7ed5dc3560906d861b52c6a8cf5c1e199d3a7dd85070998f49bd4701?s=96&d=mm&r=g","contentUrl":"https:\/\/secure.gravatar.com\/avatar\/e0359add7ed5dc3560906d861b52c6a8cf5c1e199d3a7dd85070998f49bd4701?s=96&d=mm&r=g","caption":"afogadosfm"},"url":"https:\/\/afogadosfm.com.br\/afogadosfm\/author\/afogadosfm\/"}]}},"jetpack_publicize_connections":[],"jetpack_featured_media_url":"https:\/\/i0.wp.com\/afogadosfm.com.br\/afogadosfm\/wp-content\/uploads\/2017\/11\/justica.png?fit=236%2C250&ssl=1","jetpack-related-posts":[],"jetpack_sharing_enabled":true,"jetpack_likes_enabled":true,"_links":{"self":[{"href":"https:\/\/afogadosfm.com.br\/afogadosfm\/wp-json\/wp\/v2\/posts\/67474","targetHints":{"allow":["GET"]}}],"collection":[{"href":"https:\/\/afogadosfm.com.br\/afogadosfm\/wp-json\/wp\/v2\/posts"}],"about":[{"href":"https:\/\/afogadosfm.com.br\/afogadosfm\/wp-json\/wp\/v2\/types\/post"}],"author":[{"embeddable":true,"href":"https:\/\/afogadosfm.com.br\/afogadosfm\/wp-json\/wp\/v2\/users\/2"}],"replies":[{"embeddable":true,"href":"https:\/\/afogadosfm.com.br\/afogadosfm\/wp-json\/wp\/v2\/comments?post=67474"}],"version-history":[{"count":1,"href":"https:\/\/afogadosfm.com.br\/afogadosfm\/wp-json\/wp\/v2\/posts\/67474\/revisions"}],"predecessor-version":[{"id":67475,"href":"https:\/\/afogadosfm.com.br\/afogadosfm\/wp-json\/wp\/v2\/posts\/67474\/revisions\/67475"}],"wp:featuredmedia":[{"embeddable":true,"href":"https:\/\/afogadosfm.com.br\/afogadosfm\/wp-json\/wp\/v2\/media\/873"}],"wp:attachment":[{"href":"https:\/\/afogadosfm.com.br\/afogadosfm\/wp-json\/wp\/v2\/media?parent=67474"}],"wp:term":[{"taxonomy":"category","embeddable":true,"href":"https:\/\/afogadosfm.com.br\/afogadosfm\/wp-json\/wp\/v2\/categories?post=67474"},{"taxonomy":"post_tag","embeddable":true,"href":"https:\/\/afogadosfm.com.br\/afogadosfm\/wp-json\/wp\/v2\/tags?post=67474"}],"curies":[{"name":"wp","href":"https:\/\/api.w.org\/{rel}","templated":true}]}}