{"id":67581,"date":"2025-07-22T05:54:14","date_gmt":"2025-07-22T08:54:14","guid":{"rendered":"https:\/\/afogadosfm.com.br\/afogadosfm\/?p=67581"},"modified":"2025-07-22T05:54:15","modified_gmt":"2025-07-22T08:54:15","slug":"guerra-tarifaria-vai-comecar-quando-eu-der-uma-resposta-a-trump-disse-lula","status":"publish","type":"post","link":"https:\/\/afogadosfm.com.br\/afogadosfm\/2025\/07\/22\/guerra-tarifaria-vai-comecar-quando-eu-der-uma-resposta-a-trump-disse-lula\/","title":{"rendered":"&#8216;Guerra tarif\u00e1ria vai come\u00e7ar quando eu der uma resposta a Trump&#8217; disse Lula"},"content":{"rendered":"\n<p>O presidente Luiz In\u00e1cio Lula da Silva (PT) afirmou nesta segunda-feira, 21, que o Brasil n\u00e3o est\u00e1 em uma guerra tarif\u00e1ria com os Estados Unidos. Segundo ele, a rela\u00e7\u00e3o vai escalar a tal ponto quando ele responder ao presidente americano, Donald Trump se ele &#8220;n\u00e3o mudar de opini\u00e3o&#8221;.<\/p>\n\n\n\n<p>&#8220;N\u00f3s n\u00e3o estamos em uma guerra tarif\u00e1ria. Guerra tarif\u00e1ria vai come\u00e7ar quando eu der uma resposta ao Trump, se ele n\u00e3o mudar de opini\u00e3o. As condi\u00e7\u00f5es que o Trump imp\u00f4s n\u00e3o foram condi\u00e7\u00f5es adequadas&#8221;, afirmou Lula, que voltou a recha\u00e7ar a alega\u00e7\u00e3o do l\u00edder americano sobre d\u00e9ficits na rela\u00e7\u00e3o comercial com o Brasil.<\/p>\n\n\n\n<p>As declara\u00e7\u00f5es de Lula foram feitas em uma conversa com jornalistas, em Santiago. O presidente foi \u00e0 capital chilena para se reunir com chefes de Estado progressistas em um encontro sobre a defesa da democracia. Segundo o presidente, a crise com os Estados Unidos n\u00e3o foi discutida por se tratar de um problema interno.<\/p>\n\n\n\n<p>O presidente dos Estados Unidos anunciou as tarifas de 50% ao Brasil no dia 9 de julho. A taxa\u00e7\u00e3o passar\u00e1 a valer em agosto. Enquanto isso, o governo brasileiro tenta negociar e tamb\u00e9m avalia medidas de retalia\u00e7\u00e3o, como o fim de patentes de medicamentos.<\/p>\n\n\n\n<p>Lula disse estar &#8220;tranquilo&#8221; em rela\u00e7\u00e3o \u00e0 crise e elogiou o trabalho dos ministros Geraldo Alckmin (Desenvolvimento, Ind\u00fastria, Com\u00e9rcio e Servi\u00e7os) e Mauro Vieira (Rela\u00e7\u00f5es Exteriores).<\/p>\n\n\n\n<p>O presidente disse ainda que os empres\u00e1rios brasileiros precisam conversar com os americanos, pois os setores produtivos dos dois pa\u00edses s\u00e3o prejudicados. O chefe do Executivo tamb\u00e9m manifestou interesse em ter uma conversa com Trump.<\/p>\n\n\n\n<p>&#8220;Dois chefes de Estado precisam conversar e precisam levar em conta os interesses dos seus pa\u00edses. Eu n\u00e3o acho ruim que o Trump esteja defendendo os interesses dos Estados Unidos, mas ele tem que levar em conta que eu estou defendendo os interesses do Brasil&#8221;, afirmou Lula.<\/p>\n\n\n\n<p>Ao lado dos presidentes Gabriel Boric (Chile), Gustavo Petro (Col\u00f4mbia), Yamand\u00fa Orsi (Uruguai), al\u00e9m do primeiro-ministro espanhol, Pedro S\u00e1nchez, Lula participou de uma reuni\u00e3o de alto n\u00edvel sobre defesa da democracia. Com informa\u00e7\u00f5es do Estad\u00e3o Conte\u00fado.<\/p>\n","protected":false},"excerpt":{"rendered":"<p>O presidente Luiz In\u00e1cio Lula da Silva (PT) afirmou nesta segunda-feira, 21, que o Brasil n\u00e3o est\u00e1 em uma guerra<\/p>\n","protected":false},"author":2,"featured_media":41544,"comment_status":"open","ping_status":"open","sticky":false,"template":"","format":"standard","meta":{"jetpack_post_was_ever_published":false,"_jetpack_newsletter_access":"","_jetpack_dont_email_post_to_subs":false,"_jetpack_newsletter_tier_id":0,"_jetpack_memberships_contains_paywalled_content":false,"_jetpack_memberships_contains_paid_content":false,"footnotes":"","jetpack_publicize_message":"","jetpack_publicize_feature_enabled":true,"jetpack_social_post_already_shared":true,"jetpack_social_options":{"image_generator_settings":{"template":"highway","default_image_id":0,"font":"","enabled":false},"version":2}},"categories":[35],"tags":[],"class_list":["post-67581","post","type-post","status-publish","format-standard","has-post-thumbnail","hentry","category-politica"],"yoast_head":"<!-- This site is optimized with the Yoast SEO plugin v27.5 - https:\/\/yoast.com\/product\/yoast-seo-wordpress\/ -->\n<title>&#039;Guerra tarif\u00e1ria vai come\u00e7ar quando eu der uma resposta a Trump&#039; disse Lula - Afogados FM<\/title>\n<meta name=\"robots\" content=\"index, follow, max-snippet:-1, max-image-preview:large, max-video-preview:-1\" \/>\n<link rel=\"canonical\" href=\"https:\/\/afogadosfm.com.br\/afogadosfm\/2025\/07\/22\/guerra-tarifaria-vai-comecar-quando-eu-der-uma-resposta-a-trump-disse-lula\/\" \/>\n<meta property=\"og:locale\" content=\"pt_BR\" \/>\n<meta property=\"og:type\" content=\"article\" \/>\n<meta property=\"og:title\" content=\"&#039;Guerra tarif\u00e1ria vai come\u00e7ar quando eu der uma resposta a Trump&#039; disse Lula - Afogados FM\" \/>\n<meta property=\"og:description\" content=\"O presidente Luiz In\u00e1cio Lula da Silva (PT) afirmou nesta segunda-feira, 21, que o Brasil n\u00e3o est\u00e1 em uma guerra\" \/>\n<meta property=\"og:url\" content=\"https:\/\/afogadosfm.com.br\/afogadosfm\/2025\/07\/22\/guerra-tarifaria-vai-comecar-quando-eu-der-uma-resposta-a-trump-disse-lula\/\" \/>\n<meta property=\"og:site_name\" content=\"Afogados FM\" \/>\n<meta property=\"article:published_time\" content=\"2025-07-22T08:54:14+00:00\" \/>\n<meta property=\"article:modified_time\" content=\"2025-07-22T08:54:15+00:00\" \/>\n<meta property=\"og:image\" content=\"https:\/\/afogadosfm.com.br\/afogadosfm\/wp-content\/uploads\/2022\/10\/img_2829.jpg\" \/>\n\t<meta property=\"og:image:width\" content=\"1170\" \/>\n\t<meta property=\"og:image:height\" content=\"700\" \/>\n\t<meta property=\"og:image:type\" content=\"image\/jpeg\" \/>\n<meta name=\"author\" content=\"afogadosfm\" \/>\n<meta name=\"twitter:card\" content=\"summary_large_image\" \/>\n<meta name=\"twitter:label1\" content=\"Escrito por\" \/>\n\t<meta name=\"twitter:data1\" content=\"afogadosfm\" \/>\n\t<meta name=\"twitter:label2\" content=\"Est. tempo de leitura\" \/>\n\t<meta name=\"twitter:data2\" content=\"3 minutos\" \/>\n<script type=\"application\/ld+json\" class=\"yoast-schema-graph\">{\"@context\":\"https:\\\/\\\/schema.org\",\"@graph\":[{\"@type\":\"Article\",\"@id\":\"https:\\\/\\\/afogadosfm.com.br\\\/afogadosfm\\\/2025\\\/07\\\/22\\\/guerra-tarifaria-vai-comecar-quando-eu-der-uma-resposta-a-trump-disse-lula\\\/#article\",\"isPartOf\":{\"@id\":\"https:\\\/\\\/afogadosfm.com.br\\\/afogadosfm\\\/2025\\\/07\\\/22\\\/guerra-tarifaria-vai-comecar-quando-eu-der-uma-resposta-a-trump-disse-lula\\\/\"},\"author\":{\"name\":\"afogadosfm\",\"@id\":\"https:\\\/\\\/afogadosfm.com.br\\\/afogadosfm\\\/#\\\/schema\\\/person\\\/60e56f2cf5dc960fc093fe093d9e9057\"},\"headline\":\"&#8216;Guerra tarif\u00e1ria vai come\u00e7ar quando eu der uma resposta a Trump&#8217; disse Lula\",\"datePublished\":\"2025-07-22T08:54:14+00:00\",\"dateModified\":\"2025-07-22T08:54:15+00:00\",\"mainEntityOfPage\":{\"@id\":\"https:\\\/\\\/afogadosfm.com.br\\\/afogadosfm\\\/2025\\\/07\\\/22\\\/guerra-tarifaria-vai-comecar-quando-eu-der-uma-resposta-a-trump-disse-lula\\\/\"},\"wordCount\":399,\"commentCount\":0,\"publisher\":{\"@id\":\"https:\\\/\\\/afogadosfm.com.br\\\/afogadosfm\\\/#organization\"},\"image\":{\"@id\":\"https:\\\/\\\/afogadosfm.com.br\\\/afogadosfm\\\/2025\\\/07\\\/22\\\/guerra-tarifaria-vai-comecar-quando-eu-der-uma-resposta-a-trump-disse-lula\\\/#primaryimage\"},\"thumbnailUrl\":\"https:\\\/\\\/i0.wp.com\\\/afogadosfm.com.br\\\/afogadosfm\\\/wp-content\\\/uploads\\\/2022\\\/10\\\/img_2829.jpg?fit=1170%2C700&ssl=1\",\"articleSection\":[\"Pol\u00edtica\"],\"inLanguage\":\"pt-BR\",\"potentialAction\":[{\"@type\":\"CommentAction\",\"name\":\"Comment\",\"target\":[\"https:\\\/\\\/afogadosfm.com.br\\\/afogadosfm\\\/2025\\\/07\\\/22\\\/guerra-tarifaria-vai-comecar-quando-eu-der-uma-resposta-a-trump-disse-lula\\\/#respond\"]}]},{\"@type\":\"WebPage\",\"@id\":\"https:\\\/\\\/afogadosfm.com.br\\\/afogadosfm\\\/2025\\\/07\\\/22\\\/guerra-tarifaria-vai-comecar-quando-eu-der-uma-resposta-a-trump-disse-lula\\\/\",\"url\":\"https:\\\/\\\/afogadosfm.com.br\\\/afogadosfm\\\/2025\\\/07\\\/22\\\/guerra-tarifaria-vai-comecar-quando-eu-der-uma-resposta-a-trump-disse-lula\\\/\",\"name\":\"'Guerra tarif\u00e1ria vai come\u00e7ar quando eu der uma resposta a Trump' disse Lula - Afogados FM\",\"isPartOf\":{\"@id\":\"https:\\\/\\\/afogadosfm.com.br\\\/afogadosfm\\\/#website\"},\"primaryImageOfPage\":{\"@id\":\"https:\\\/\\\/afogadosfm.com.br\\\/afogadosfm\\\/2025\\\/07\\\/22\\\/guerra-tarifaria-vai-comecar-quando-eu-der-uma-resposta-a-trump-disse-lula\\\/#primaryimage\"},\"image\":{\"@id\":\"https:\\\/\\\/afogadosfm.com.br\\\/afogadosfm\\\/2025\\\/07\\\/22\\\/guerra-tarifaria-vai-comecar-quando-eu-der-uma-resposta-a-trump-disse-lula\\\/#primaryimage\"},\"thumbnailUrl\":\"https:\\\/\\\/i0.wp.com\\\/afogadosfm.com.br\\\/afogadosfm\\\/wp-content\\\/uploads\\\/2022\\\/10\\\/img_2829.jpg?fit=1170%2C700&ssl=1\",\"datePublished\":\"2025-07-22T08:54:14+00:00\",\"dateModified\":\"2025-07-22T08:54:15+00:00\",\"breadcrumb\":{\"@id\":\"https:\\\/\\\/afogadosfm.com.br\\\/afogadosfm\\\/2025\\\/07\\\/22\\\/guerra-tarifaria-vai-comecar-quando-eu-der-uma-resposta-a-trump-disse-lula\\\/#breadcrumb\"},\"inLanguage\":\"pt-BR\",\"potentialAction\":[{\"@type\":\"ReadAction\",\"target\":[\"https:\\\/\\\/afogadosfm.com.br\\\/afogadosfm\\\/2025\\\/07\\\/22\\\/guerra-tarifaria-vai-comecar-quando-eu-der-uma-resposta-a-trump-disse-lula\\\/\"]}]},{\"@type\":\"ImageObject\",\"inLanguage\":\"pt-BR\",\"@id\":\"https:\\\/\\\/afogadosfm.com.br\\\/afogadosfm\\\/2025\\\/07\\\/22\\\/guerra-tarifaria-vai-comecar-quando-eu-der-uma-resposta-a-trump-disse-lula\\\/#primaryimage\",\"url\":\"https:\\\/\\\/i0.wp.com\\\/afogadosfm.com.br\\\/afogadosfm\\\/wp-content\\\/uploads\\\/2022\\\/10\\\/img_2829.jpg?fit=1170%2C700&ssl=1\",\"contentUrl\":\"https:\\\/\\\/i0.wp.com\\\/afogadosfm.com.br\\\/afogadosfm\\\/wp-content\\\/uploads\\\/2022\\\/10\\\/img_2829.jpg?fit=1170%2C700&ssl=1\",\"width\":1170,\"height\":700,\"caption\":\"Voto de Lula\"},{\"@type\":\"BreadcrumbList\",\"@id\":\"https:\\\/\\\/afogadosfm.com.br\\\/afogadosfm\\\/2025\\\/07\\\/22\\\/guerra-tarifaria-vai-comecar-quando-eu-der-uma-resposta-a-trump-disse-lula\\\/#breadcrumb\",\"itemListElement\":[{\"@type\":\"ListItem\",\"position\":1,\"name\":\"In\u00edcio\",\"item\":\"https:\\\/\\\/afogadosfm.com.br\\\/afogadosfm\\\/\"},{\"@type\":\"ListItem\",\"position\":2,\"name\":\"&#8216;Guerra tarif\u00e1ria vai come\u00e7ar quando eu der uma resposta a Trump&#8217; disse Lula\"}]},{\"@type\":\"WebSite\",\"@id\":\"https:\\\/\\\/afogadosfm.com.br\\\/afogadosfm\\\/#website\",\"url\":\"https:\\\/\\\/afogadosfm.com.br\\\/afogadosfm\\\/\",\"name\":\"Afogados FM\",\"description\":\"Um site completo!\",\"publisher\":{\"@id\":\"https:\\\/\\\/afogadosfm.com.br\\\/afogadosfm\\\/#organization\"},\"potentialAction\":[{\"@type\":\"SearchAction\",\"target\":{\"@type\":\"EntryPoint\",\"urlTemplate\":\"https:\\\/\\\/afogadosfm.com.br\\\/afogadosfm\\\/?s={search_term_string}\"},\"query-input\":{\"@type\":\"PropertyValueSpecification\",\"valueRequired\":true,\"valueName\":\"search_term_string\"}}],\"inLanguage\":\"pt-BR\"},{\"@type\":\"Organization\",\"@id\":\"https:\\\/\\\/afogadosfm.com.br\\\/afogadosfm\\\/#organization\",\"name\":\"Afogados FM\",\"url\":\"https:\\\/\\\/afogadosfm.com.br\\\/afogadosfm\\\/\",\"logo\":{\"@type\":\"ImageObject\",\"inLanguage\":\"pt-BR\",\"@id\":\"https:\\\/\\\/afogadosfm.com.br\\\/afogadosfm\\\/#\\\/schema\\\/logo\\\/image\\\/\",\"url\":\"https:\\\/\\\/i0.wp.com\\\/afogadosfm.com.br\\\/afogadosfm\\\/wp-content\\\/uploads\\\/2020\\\/06\\\/cropped-banner-afogados-4.jpg?fit=369%2C137&ssl=1\",\"contentUrl\":\"https:\\\/\\\/i0.wp.com\\\/afogadosfm.com.br\\\/afogadosfm\\\/wp-content\\\/uploads\\\/2020\\\/06\\\/cropped-banner-afogados-4.jpg?fit=369%2C137&ssl=1\",\"width\":369,\"height\":137,\"caption\":\"Afogados FM\"},\"image\":{\"@id\":\"https:\\\/\\\/afogadosfm.com.br\\\/afogadosfm\\\/#\\\/schema\\\/logo\\\/image\\\/\"}},{\"@type\":\"Person\",\"@id\":\"https:\\\/\\\/afogadosfm.com.br\\\/afogadosfm\\\/#\\\/schema\\\/person\\\/60e56f2cf5dc960fc093fe093d9e9057\",\"name\":\"afogadosfm\",\"image\":{\"@type\":\"ImageObject\",\"inLanguage\":\"pt-BR\",\"@id\":\"https:\\\/\\\/secure.gravatar.com\\\/avatar\\\/e0359add7ed5dc3560906d861b52c6a8cf5c1e199d3a7dd85070998f49bd4701?s=96&d=mm&r=g\",\"url\":\"https:\\\/\\\/secure.gravatar.com\\\/avatar\\\/e0359add7ed5dc3560906d861b52c6a8cf5c1e199d3a7dd85070998f49bd4701?s=96&d=mm&r=g\",\"contentUrl\":\"https:\\\/\\\/secure.gravatar.com\\\/avatar\\\/e0359add7ed5dc3560906d861b52c6a8cf5c1e199d3a7dd85070998f49bd4701?s=96&d=mm&r=g\",\"caption\":\"afogadosfm\"},\"url\":\"https:\\\/\\\/afogadosfm.com.br\\\/afogadosfm\\\/author\\\/afogadosfm\\\/\"}]}<\/script>\n<!-- \/ Yoast SEO plugin. -->","yoast_head_json":{"title":"'Guerra tarif\u00e1ria vai come\u00e7ar quando eu der uma resposta a Trump' disse Lula - Afogados FM","robots":{"index":"index","follow":"follow","max-snippet":"max-snippet:-1","max-image-preview":"max-image-preview:large","max-video-preview":"max-video-preview:-1"},"canonical":"https:\/\/afogadosfm.com.br\/afogadosfm\/2025\/07\/22\/guerra-tarifaria-vai-comecar-quando-eu-der-uma-resposta-a-trump-disse-lula\/","og_locale":"pt_BR","og_type":"article","og_title":"'Guerra tarif\u00e1ria vai come\u00e7ar quando eu der uma resposta a Trump' disse Lula - Afogados FM","og_description":"O presidente Luiz In\u00e1cio Lula da Silva (PT) afirmou nesta segunda-feira, 21, que o Brasil n\u00e3o est\u00e1 em uma guerra","og_url":"https:\/\/afogadosfm.com.br\/afogadosfm\/2025\/07\/22\/guerra-tarifaria-vai-comecar-quando-eu-der-uma-resposta-a-trump-disse-lula\/","og_site_name":"Afogados FM","article_published_time":"2025-07-22T08:54:14+00:00","article_modified_time":"2025-07-22T08:54:15+00:00","og_image":[{"width":1170,"height":700,"url":"https:\/\/afogadosfm.com.br\/afogadosfm\/wp-content\/uploads\/2022\/10\/img_2829.jpg","type":"image\/jpeg"}],"author":"afogadosfm","twitter_card":"summary_large_image","twitter_misc":{"Escrito por":"afogadosfm","Est. tempo de leitura":"3 minutos"},"schema":{"@context":"https:\/\/schema.org","@graph":[{"@type":"Article","@id":"https:\/\/afogadosfm.com.br\/afogadosfm\/2025\/07\/22\/guerra-tarifaria-vai-comecar-quando-eu-der-uma-resposta-a-trump-disse-lula\/#article","isPartOf":{"@id":"https:\/\/afogadosfm.com.br\/afogadosfm\/2025\/07\/22\/guerra-tarifaria-vai-comecar-quando-eu-der-uma-resposta-a-trump-disse-lula\/"},"author":{"name":"afogadosfm","@id":"https:\/\/afogadosfm.com.br\/afogadosfm\/#\/schema\/person\/60e56f2cf5dc960fc093fe093d9e9057"},"headline":"&#8216;Guerra tarif\u00e1ria vai come\u00e7ar quando eu der uma resposta a Trump&#8217; disse Lula","datePublished":"2025-07-22T08:54:14+00:00","dateModified":"2025-07-22T08:54:15+00:00","mainEntityOfPage":{"@id":"https:\/\/afogadosfm.com.br\/afogadosfm\/2025\/07\/22\/guerra-tarifaria-vai-comecar-quando-eu-der-uma-resposta-a-trump-disse-lula\/"},"wordCount":399,"commentCount":0,"publisher":{"@id":"https:\/\/afogadosfm.com.br\/afogadosfm\/#organization"},"image":{"@id":"https:\/\/afogadosfm.com.br\/afogadosfm\/2025\/07\/22\/guerra-tarifaria-vai-comecar-quando-eu-der-uma-resposta-a-trump-disse-lula\/#primaryimage"},"thumbnailUrl":"https:\/\/i0.wp.com\/afogadosfm.com.br\/afogadosfm\/wp-content\/uploads\/2022\/10\/img_2829.jpg?fit=1170%2C700&ssl=1","articleSection":["Pol\u00edtica"],"inLanguage":"pt-BR","potentialAction":[{"@type":"CommentAction","name":"Comment","target":["https:\/\/afogadosfm.com.br\/afogadosfm\/2025\/07\/22\/guerra-tarifaria-vai-comecar-quando-eu-der-uma-resposta-a-trump-disse-lula\/#respond"]}]},{"@type":"WebPage","@id":"https:\/\/afogadosfm.com.br\/afogadosfm\/2025\/07\/22\/guerra-tarifaria-vai-comecar-quando-eu-der-uma-resposta-a-trump-disse-lula\/","url":"https:\/\/afogadosfm.com.br\/afogadosfm\/2025\/07\/22\/guerra-tarifaria-vai-comecar-quando-eu-der-uma-resposta-a-trump-disse-lula\/","name":"'Guerra tarif\u00e1ria vai come\u00e7ar quando eu der uma resposta a Trump' disse Lula - Afogados FM","isPartOf":{"@id":"https:\/\/afogadosfm.com.br\/afogadosfm\/#website"},"primaryImageOfPage":{"@id":"https:\/\/afogadosfm.com.br\/afogadosfm\/2025\/07\/22\/guerra-tarifaria-vai-comecar-quando-eu-der-uma-resposta-a-trump-disse-lula\/#primaryimage"},"image":{"@id":"https:\/\/afogadosfm.com.br\/afogadosfm\/2025\/07\/22\/guerra-tarifaria-vai-comecar-quando-eu-der-uma-resposta-a-trump-disse-lula\/#primaryimage"},"thumbnailUrl":"https:\/\/i0.wp.com\/afogadosfm.com.br\/afogadosfm\/wp-content\/uploads\/2022\/10\/img_2829.jpg?fit=1170%2C700&ssl=1","datePublished":"2025-07-22T08:54:14+00:00","dateModified":"2025-07-22T08:54:15+00:00","breadcrumb":{"@id":"https:\/\/afogadosfm.com.br\/afogadosfm\/2025\/07\/22\/guerra-tarifaria-vai-comecar-quando-eu-der-uma-resposta-a-trump-disse-lula\/#breadcrumb"},"inLanguage":"pt-BR","potentialAction":[{"@type":"ReadAction","target":["https:\/\/afogadosfm.com.br\/afogadosfm\/2025\/07\/22\/guerra-tarifaria-vai-comecar-quando-eu-der-uma-resposta-a-trump-disse-lula\/"]}]},{"@type":"ImageObject","inLanguage":"pt-BR","@id":"https:\/\/afogadosfm.com.br\/afogadosfm\/2025\/07\/22\/guerra-tarifaria-vai-comecar-quando-eu-der-uma-resposta-a-trump-disse-lula\/#primaryimage","url":"https:\/\/i0.wp.com\/afogadosfm.com.br\/afogadosfm\/wp-content\/uploads\/2022\/10\/img_2829.jpg?fit=1170%2C700&ssl=1","contentUrl":"https:\/\/i0.wp.com\/afogadosfm.com.br\/afogadosfm\/wp-content\/uploads\/2022\/10\/img_2829.jpg?fit=1170%2C700&ssl=1","width":1170,"height":700,"caption":"Voto de Lula"},{"@type":"BreadcrumbList","@id":"https:\/\/afogadosfm.com.br\/afogadosfm\/2025\/07\/22\/guerra-tarifaria-vai-comecar-quando-eu-der-uma-resposta-a-trump-disse-lula\/#breadcrumb","itemListElement":[{"@type":"ListItem","position":1,"name":"In\u00edcio","item":"https:\/\/afogadosfm.com.br\/afogadosfm\/"},{"@type":"ListItem","position":2,"name":"&#8216;Guerra tarif\u00e1ria vai come\u00e7ar quando eu der uma resposta a Trump&#8217; disse Lula"}]},{"@type":"WebSite","@id":"https:\/\/afogadosfm.com.br\/afogadosfm\/#website","url":"https:\/\/afogadosfm.com.br\/afogadosfm\/","name":"Afogados FM","description":"Um site completo!","publisher":{"@id":"https:\/\/afogadosfm.com.br\/afogadosfm\/#organization"},"potentialAction":[{"@type":"SearchAction","target":{"@type":"EntryPoint","urlTemplate":"https:\/\/afogadosfm.com.br\/afogadosfm\/?s={search_term_string}"},"query-input":{"@type":"PropertyValueSpecification","valueRequired":true,"valueName":"search_term_string"}}],"inLanguage":"pt-BR"},{"@type":"Organization","@id":"https:\/\/afogadosfm.com.br\/afogadosfm\/#organization","name":"Afogados FM","url":"https:\/\/afogadosfm.com.br\/afogadosfm\/","logo":{"@type":"ImageObject","inLanguage":"pt-BR","@id":"https:\/\/afogadosfm.com.br\/afogadosfm\/#\/schema\/logo\/image\/","url":"https:\/\/i0.wp.com\/afogadosfm.com.br\/afogadosfm\/wp-content\/uploads\/2020\/06\/cropped-banner-afogados-4.jpg?fit=369%2C137&ssl=1","contentUrl":"https:\/\/i0.wp.com\/afogadosfm.com.br\/afogadosfm\/wp-content\/uploads\/2020\/06\/cropped-banner-afogados-4.jpg?fit=369%2C137&ssl=1","width":369,"height":137,"caption":"Afogados FM"},"image":{"@id":"https:\/\/afogadosfm.com.br\/afogadosfm\/#\/schema\/logo\/image\/"}},{"@type":"Person","@id":"https:\/\/afogadosfm.com.br\/afogadosfm\/#\/schema\/person\/60e56f2cf5dc960fc093fe093d9e9057","name":"afogadosfm","image":{"@type":"ImageObject","inLanguage":"pt-BR","@id":"https:\/\/secure.gravatar.com\/avatar\/e0359add7ed5dc3560906d861b52c6a8cf5c1e199d3a7dd85070998f49bd4701?s=96&d=mm&r=g","url":"https:\/\/secure.gravatar.com\/avatar\/e0359add7ed5dc3560906d861b52c6a8cf5c1e199d3a7dd85070998f49bd4701?s=96&d=mm&r=g","contentUrl":"https:\/\/secure.gravatar.com\/avatar\/e0359add7ed5dc3560906d861b52c6a8cf5c1e199d3a7dd85070998f49bd4701?s=96&d=mm&r=g","caption":"afogadosfm"},"url":"https:\/\/afogadosfm.com.br\/afogadosfm\/author\/afogadosfm\/"}]}},"jetpack_publicize_connections":[],"jetpack_featured_media_url":"https:\/\/i0.wp.com\/afogadosfm.com.br\/afogadosfm\/wp-content\/uploads\/2022\/10\/img_2829.jpg?fit=1170%2C700&ssl=1","jetpack-related-posts":[],"jetpack_sharing_enabled":true,"jetpack_likes_enabled":true,"_links":{"self":[{"href":"https:\/\/afogadosfm.com.br\/afogadosfm\/wp-json\/wp\/v2\/posts\/67581","targetHints":{"allow":["GET"]}}],"collection":[{"href":"https:\/\/afogadosfm.com.br\/afogadosfm\/wp-json\/wp\/v2\/posts"}],"about":[{"href":"https:\/\/afogadosfm.com.br\/afogadosfm\/wp-json\/wp\/v2\/types\/post"}],"author":[{"embeddable":true,"href":"https:\/\/afogadosfm.com.br\/afogadosfm\/wp-json\/wp\/v2\/users\/2"}],"replies":[{"embeddable":true,"href":"https:\/\/afogadosfm.com.br\/afogadosfm\/wp-json\/wp\/v2\/comments?post=67581"}],"version-history":[{"count":1,"href":"https:\/\/afogadosfm.com.br\/afogadosfm\/wp-json\/wp\/v2\/posts\/67581\/revisions"}],"predecessor-version":[{"id":67582,"href":"https:\/\/afogadosfm.com.br\/afogadosfm\/wp-json\/wp\/v2\/posts\/67581\/revisions\/67582"}],"wp:featuredmedia":[{"embeddable":true,"href":"https:\/\/afogadosfm.com.br\/afogadosfm\/wp-json\/wp\/v2\/media\/41544"}],"wp:attachment":[{"href":"https:\/\/afogadosfm.com.br\/afogadosfm\/wp-json\/wp\/v2\/media?parent=67581"}],"wp:term":[{"taxonomy":"category","embeddable":true,"href":"https:\/\/afogadosfm.com.br\/afogadosfm\/wp-json\/wp\/v2\/categories?post=67581"},{"taxonomy":"post_tag","embeddable":true,"href":"https:\/\/afogadosfm.com.br\/afogadosfm\/wp-json\/wp\/v2\/tags?post=67581"}],"curies":[{"name":"wp","href":"https:\/\/api.w.org\/{rel}","templated":true}]}}