{"id":67650,"date":"2025-07-24T17:08:59","date_gmt":"2025-07-24T20:08:59","guid":{"rendered":"https:\/\/afogadosfm.com.br\/afogadosfm\/?p=67650"},"modified":"2025-07-24T17:09:00","modified_gmt":"2025-07-24T20:09:00","slug":"dr-pedro-alves-visita-rasa-de-apoio-de-iguaracy-em-recife","status":"publish","type":"post","link":"https:\/\/afogadosfm.com.br\/afogadosfm\/2025\/07\/24\/dr-pedro-alves-visita-rasa-de-apoio-de-iguaracy-em-recife\/","title":{"rendered":"Dr Pedro Alves visita  Rasa de Apoio de Iguaracy em Recife"},"content":{"rendered":"\n<p>O prefeito de Iguaracy, Dr. Pedro Alves, est\u00e1 cumprindo uma agenda intensa nesta quinta-feira, dia 24 de julho, na capital pernambucana, Recife. Uma das atividades realizadas tamb\u00e9m foi uma visita \u00e0 Casa de Apoio do munic\u00edpio na cidade, que recentemente passou por uma grande reforma e ganhou melhorias em toda estrutura para melhor atender \u00e0s necessidades da popula\u00e7\u00e3o que necessita de suporte na capital.<\/p>\n\n\n\n<p>Acompanhado pelo vice-prefeito e secret\u00e1rio de Administra\u00e7\u00e3o e Desenvolvimento Econ\u00f4mico, Marcos Jer\u00f4nimo (Marquinhos Melo), al\u00e9m do chefe de gabinete da prefeitura de Iguaracy, Carlinhos Valadares, o prefeito visitou as instala\u00e7\u00f5es e verificou de perto as a\u00e7\u00f5es realizadas e j\u00e1 em pleno funcionamento.<\/p>\n\n\n\n<p>Durante a visita, Dr. Pedro Alves destacou a import\u00e2ncia de oferecer esse suporte \u00e0s pessoas que precisam de tratamento m\u00e9dico ou de apoio social na capital pernambucana:<br>\u201cInvestimos na melhoria da nossa Casa de Apoio, porque acreditamos que esse \u00e9 um servi\u00e7o essencial para garantir conforto e dignidade aos nossos mun\u00edcipes que dependem desse suporte durante o tratamento em Recife. Nosso compromisso \u00e9 ampliar e aprimorar mais ainda essas a\u00e7\u00f5es, sempre pensando no bem-estar da nossa gente com certeza absoluta.\u201d<\/p>\n\n\n\n<p>Ao final da visita, o prefeito posou para um registro fotogr\u00e1fico ao lado de algumas pessoas que se encontravam na Casa de Apoio, refor\u00e7ando o esp\u00edrito de solidariedade e cuidado que a administra\u00e7\u00e3o municipal tem com a popula\u00e7\u00e3o de Iguaracy.<\/p>\n","protected":false},"excerpt":{"rendered":"<p>O prefeito de Iguaracy, Dr. Pedro Alves, est\u00e1 cumprindo uma agenda intensa nesta quinta-feira, dia 24 de julho, na capital<\/p>\n","protected":false},"author":2,"featured_media":67651,"comment_status":"open","ping_status":"open","sticky":false,"template":"","format":"standard","meta":{"jetpack_post_was_ever_published":false,"_jetpack_newsletter_access":"","_jetpack_dont_email_post_to_subs":false,"_jetpack_newsletter_tier_id":0,"_jetpack_memberships_contains_paywalled_content":false,"_jetpack_memberships_contains_paid_content":false,"footnotes":"","jetpack_publicize_message":"","jetpack_publicize_feature_enabled":true,"jetpack_social_post_already_shared":true,"jetpack_social_options":{"image_generator_settings":{"template":"highway","default_image_id":0,"font":"","enabled":false},"version":2}},"categories":[32],"tags":[],"class_list":["post-67650","post","type-post","status-publish","format-standard","has-post-thumbnail","hentry","category-sertao"],"yoast_head":"<!-- This site is optimized with the Yoast SEO plugin v27.5 - https:\/\/yoast.com\/product\/yoast-seo-wordpress\/ -->\n<title>Dr Pedro Alves visita Rasa de Apoio de Iguaracy em Recife - Afogados FM<\/title>\n<meta name=\"robots\" content=\"index, follow, max-snippet:-1, max-image-preview:large, max-video-preview:-1\" \/>\n<link rel=\"canonical\" href=\"https:\/\/afogadosfm.com.br\/afogadosfm\/2025\/07\/24\/dr-pedro-alves-visita-rasa-de-apoio-de-iguaracy-em-recife\/\" \/>\n<meta property=\"og:locale\" content=\"pt_BR\" \/>\n<meta property=\"og:type\" content=\"article\" \/>\n<meta property=\"og:title\" content=\"Dr Pedro Alves visita Rasa de Apoio de Iguaracy em Recife - Afogados FM\" \/>\n<meta property=\"og:description\" content=\"O prefeito de Iguaracy, Dr. Pedro Alves, est\u00e1 cumprindo uma agenda intensa nesta quinta-feira, dia 24 de julho, na capital\" \/>\n<meta property=\"og:url\" content=\"https:\/\/afogadosfm.com.br\/afogadosfm\/2025\/07\/24\/dr-pedro-alves-visita-rasa-de-apoio-de-iguaracy-em-recife\/\" \/>\n<meta property=\"og:site_name\" content=\"Afogados FM\" \/>\n<meta property=\"article:published_time\" content=\"2025-07-24T20:08:59+00:00\" \/>\n<meta property=\"article:modified_time\" content=\"2025-07-24T20:09:00+00:00\" \/>\n<meta property=\"og:image\" content=\"https:\/\/afogadosfm.com.br\/afogadosfm\/wp-content\/uploads\/2025\/07\/ca023cbc-6820-4d3f-990d-cc4064d8ba69.jpeg\" \/>\n\t<meta property=\"og:image:width\" content=\"1071\" \/>\n\t<meta property=\"og:image:height\" content=\"743\" \/>\n\t<meta property=\"og:image:type\" content=\"image\/jpeg\" \/>\n<meta name=\"author\" content=\"afogadosfm\" \/>\n<meta name=\"twitter:card\" content=\"summary_large_image\" \/>\n<meta name=\"twitter:label1\" content=\"Escrito por\" \/>\n\t<meta name=\"twitter:data1\" content=\"afogadosfm\" \/>\n\t<meta name=\"twitter:label2\" content=\"Est. tempo de leitura\" \/>\n\t<meta name=\"twitter:data2\" content=\"2 minutos\" \/>\n<script type=\"application\/ld+json\" class=\"yoast-schema-graph\">{\"@context\":\"https:\\\/\\\/schema.org\",\"@graph\":[{\"@type\":\"Article\",\"@id\":\"https:\\\/\\\/afogadosfm.com.br\\\/afogadosfm\\\/2025\\\/07\\\/24\\\/dr-pedro-alves-visita-rasa-de-apoio-de-iguaracy-em-recife\\\/#article\",\"isPartOf\":{\"@id\":\"https:\\\/\\\/afogadosfm.com.br\\\/afogadosfm\\\/2025\\\/07\\\/24\\\/dr-pedro-alves-visita-rasa-de-apoio-de-iguaracy-em-recife\\\/\"},\"author\":{\"name\":\"afogadosfm\",\"@id\":\"https:\\\/\\\/afogadosfm.com.br\\\/afogadosfm\\\/#\\\/schema\\\/person\\\/60e56f2cf5dc960fc093fe093d9e9057\"},\"headline\":\"Dr Pedro Alves visita Rasa de Apoio de Iguaracy em Recife\",\"datePublished\":\"2025-07-24T20:08:59+00:00\",\"dateModified\":\"2025-07-24T20:09:00+00:00\",\"mainEntityOfPage\":{\"@id\":\"https:\\\/\\\/afogadosfm.com.br\\\/afogadosfm\\\/2025\\\/07\\\/24\\\/dr-pedro-alves-visita-rasa-de-apoio-de-iguaracy-em-recife\\\/\"},\"wordCount\":253,\"commentCount\":0,\"publisher\":{\"@id\":\"https:\\\/\\\/afogadosfm.com.br\\\/afogadosfm\\\/#organization\"},\"image\":{\"@id\":\"https:\\\/\\\/afogadosfm.com.br\\\/afogadosfm\\\/2025\\\/07\\\/24\\\/dr-pedro-alves-visita-rasa-de-apoio-de-iguaracy-em-recife\\\/#primaryimage\"},\"thumbnailUrl\":\"https:\\\/\\\/i0.wp.com\\\/afogadosfm.com.br\\\/afogadosfm\\\/wp-content\\\/uploads\\\/2025\\\/07\\\/ca023cbc-6820-4d3f-990d-cc4064d8ba69.jpeg?fit=1071%2C743&ssl=1\",\"articleSection\":[\"Sert\u00e3o\"],\"inLanguage\":\"pt-BR\",\"potentialAction\":[{\"@type\":\"CommentAction\",\"name\":\"Comment\",\"target\":[\"https:\\\/\\\/afogadosfm.com.br\\\/afogadosfm\\\/2025\\\/07\\\/24\\\/dr-pedro-alves-visita-rasa-de-apoio-de-iguaracy-em-recife\\\/#respond\"]}]},{\"@type\":\"WebPage\",\"@id\":\"https:\\\/\\\/afogadosfm.com.br\\\/afogadosfm\\\/2025\\\/07\\\/24\\\/dr-pedro-alves-visita-rasa-de-apoio-de-iguaracy-em-recife\\\/\",\"url\":\"https:\\\/\\\/afogadosfm.com.br\\\/afogadosfm\\\/2025\\\/07\\\/24\\\/dr-pedro-alves-visita-rasa-de-apoio-de-iguaracy-em-recife\\\/\",\"name\":\"Dr Pedro Alves visita Rasa de Apoio de Iguaracy em Recife - Afogados FM\",\"isPartOf\":{\"@id\":\"https:\\\/\\\/afogadosfm.com.br\\\/afogadosfm\\\/#website\"},\"primaryImageOfPage\":{\"@id\":\"https:\\\/\\\/afogadosfm.com.br\\\/afogadosfm\\\/2025\\\/07\\\/24\\\/dr-pedro-alves-visita-rasa-de-apoio-de-iguaracy-em-recife\\\/#primaryimage\"},\"image\":{\"@id\":\"https:\\\/\\\/afogadosfm.com.br\\\/afogadosfm\\\/2025\\\/07\\\/24\\\/dr-pedro-alves-visita-rasa-de-apoio-de-iguaracy-em-recife\\\/#primaryimage\"},\"thumbnailUrl\":\"https:\\\/\\\/i0.wp.com\\\/afogadosfm.com.br\\\/afogadosfm\\\/wp-content\\\/uploads\\\/2025\\\/07\\\/ca023cbc-6820-4d3f-990d-cc4064d8ba69.jpeg?fit=1071%2C743&ssl=1\",\"datePublished\":\"2025-07-24T20:08:59+00:00\",\"dateModified\":\"2025-07-24T20:09:00+00:00\",\"breadcrumb\":{\"@id\":\"https:\\\/\\\/afogadosfm.com.br\\\/afogadosfm\\\/2025\\\/07\\\/24\\\/dr-pedro-alves-visita-rasa-de-apoio-de-iguaracy-em-recife\\\/#breadcrumb\"},\"inLanguage\":\"pt-BR\",\"potentialAction\":[{\"@type\":\"ReadAction\",\"target\":[\"https:\\\/\\\/afogadosfm.com.br\\\/afogadosfm\\\/2025\\\/07\\\/24\\\/dr-pedro-alves-visita-rasa-de-apoio-de-iguaracy-em-recife\\\/\"]}]},{\"@type\":\"ImageObject\",\"inLanguage\":\"pt-BR\",\"@id\":\"https:\\\/\\\/afogadosfm.com.br\\\/afogadosfm\\\/2025\\\/07\\\/24\\\/dr-pedro-alves-visita-rasa-de-apoio-de-iguaracy-em-recife\\\/#primaryimage\",\"url\":\"https:\\\/\\\/i0.wp.com\\\/afogadosfm.com.br\\\/afogadosfm\\\/wp-content\\\/uploads\\\/2025\\\/07\\\/ca023cbc-6820-4d3f-990d-cc4064d8ba69.jpeg?fit=1071%2C743&ssl=1\",\"contentUrl\":\"https:\\\/\\\/i0.wp.com\\\/afogadosfm.com.br\\\/afogadosfm\\\/wp-content\\\/uploads\\\/2025\\\/07\\\/ca023cbc-6820-4d3f-990d-cc4064d8ba69.jpeg?fit=1071%2C743&ssl=1\",\"width\":1071,\"height\":743},{\"@type\":\"BreadcrumbList\",\"@id\":\"https:\\\/\\\/afogadosfm.com.br\\\/afogadosfm\\\/2025\\\/07\\\/24\\\/dr-pedro-alves-visita-rasa-de-apoio-de-iguaracy-em-recife\\\/#breadcrumb\",\"itemListElement\":[{\"@type\":\"ListItem\",\"position\":1,\"name\":\"In\u00edcio\",\"item\":\"https:\\\/\\\/afogadosfm.com.br\\\/afogadosfm\\\/\"},{\"@type\":\"ListItem\",\"position\":2,\"name\":\"Dr Pedro Alves visita Rasa de Apoio de Iguaracy em Recife\"}]},{\"@type\":\"WebSite\",\"@id\":\"https:\\\/\\\/afogadosfm.com.br\\\/afogadosfm\\\/#website\",\"url\":\"https:\\\/\\\/afogadosfm.com.br\\\/afogadosfm\\\/\",\"name\":\"Afogados FM\",\"description\":\"Um site completo!\",\"publisher\":{\"@id\":\"https:\\\/\\\/afogadosfm.com.br\\\/afogadosfm\\\/#organization\"},\"potentialAction\":[{\"@type\":\"SearchAction\",\"target\":{\"@type\":\"EntryPoint\",\"urlTemplate\":\"https:\\\/\\\/afogadosfm.com.br\\\/afogadosfm\\\/?s={search_term_string}\"},\"query-input\":{\"@type\":\"PropertyValueSpecification\",\"valueRequired\":true,\"valueName\":\"search_term_string\"}}],\"inLanguage\":\"pt-BR\"},{\"@type\":\"Organization\",\"@id\":\"https:\\\/\\\/afogadosfm.com.br\\\/afogadosfm\\\/#organization\",\"name\":\"Afogados FM\",\"url\":\"https:\\\/\\\/afogadosfm.com.br\\\/afogadosfm\\\/\",\"logo\":{\"@type\":\"ImageObject\",\"inLanguage\":\"pt-BR\",\"@id\":\"https:\\\/\\\/afogadosfm.com.br\\\/afogadosfm\\\/#\\\/schema\\\/logo\\\/image\\\/\",\"url\":\"https:\\\/\\\/i0.wp.com\\\/afogadosfm.com.br\\\/afogadosfm\\\/wp-content\\\/uploads\\\/2020\\\/06\\\/cropped-banner-afogados-4.jpg?fit=369%2C137&ssl=1\",\"contentUrl\":\"https:\\\/\\\/i0.wp.com\\\/afogadosfm.com.br\\\/afogadosfm\\\/wp-content\\\/uploads\\\/2020\\\/06\\\/cropped-banner-afogados-4.jpg?fit=369%2C137&ssl=1\",\"width\":369,\"height\":137,\"caption\":\"Afogados FM\"},\"image\":{\"@id\":\"https:\\\/\\\/afogadosfm.com.br\\\/afogadosfm\\\/#\\\/schema\\\/logo\\\/image\\\/\"}},{\"@type\":\"Person\",\"@id\":\"https:\\\/\\\/afogadosfm.com.br\\\/afogadosfm\\\/#\\\/schema\\\/person\\\/60e56f2cf5dc960fc093fe093d9e9057\",\"name\":\"afogadosfm\",\"image\":{\"@type\":\"ImageObject\",\"inLanguage\":\"pt-BR\",\"@id\":\"https:\\\/\\\/secure.gravatar.com\\\/avatar\\\/e0359add7ed5dc3560906d861b52c6a8cf5c1e199d3a7dd85070998f49bd4701?s=96&d=mm&r=g\",\"url\":\"https:\\\/\\\/secure.gravatar.com\\\/avatar\\\/e0359add7ed5dc3560906d861b52c6a8cf5c1e199d3a7dd85070998f49bd4701?s=96&d=mm&r=g\",\"contentUrl\":\"https:\\\/\\\/secure.gravatar.com\\\/avatar\\\/e0359add7ed5dc3560906d861b52c6a8cf5c1e199d3a7dd85070998f49bd4701?s=96&d=mm&r=g\",\"caption\":\"afogadosfm\"},\"url\":\"https:\\\/\\\/afogadosfm.com.br\\\/afogadosfm\\\/author\\\/afogadosfm\\\/\"}]}<\/script>\n<!-- \/ Yoast SEO plugin. -->","yoast_head_json":{"title":"Dr Pedro Alves visita Rasa de Apoio de Iguaracy em Recife - Afogados FM","robots":{"index":"index","follow":"follow","max-snippet":"max-snippet:-1","max-image-preview":"max-image-preview:large","max-video-preview":"max-video-preview:-1"},"canonical":"https:\/\/afogadosfm.com.br\/afogadosfm\/2025\/07\/24\/dr-pedro-alves-visita-rasa-de-apoio-de-iguaracy-em-recife\/","og_locale":"pt_BR","og_type":"article","og_title":"Dr Pedro Alves visita Rasa de Apoio de Iguaracy em Recife - Afogados FM","og_description":"O prefeito de Iguaracy, Dr. Pedro Alves, est\u00e1 cumprindo uma agenda intensa nesta quinta-feira, dia 24 de julho, na capital","og_url":"https:\/\/afogadosfm.com.br\/afogadosfm\/2025\/07\/24\/dr-pedro-alves-visita-rasa-de-apoio-de-iguaracy-em-recife\/","og_site_name":"Afogados FM","article_published_time":"2025-07-24T20:08:59+00:00","article_modified_time":"2025-07-24T20:09:00+00:00","og_image":[{"width":1071,"height":743,"url":"https:\/\/afogadosfm.com.br\/afogadosfm\/wp-content\/uploads\/2025\/07\/ca023cbc-6820-4d3f-990d-cc4064d8ba69.jpeg","type":"image\/jpeg"}],"author":"afogadosfm","twitter_card":"summary_large_image","twitter_misc":{"Escrito por":"afogadosfm","Est. tempo de leitura":"2 minutos"},"schema":{"@context":"https:\/\/schema.org","@graph":[{"@type":"Article","@id":"https:\/\/afogadosfm.com.br\/afogadosfm\/2025\/07\/24\/dr-pedro-alves-visita-rasa-de-apoio-de-iguaracy-em-recife\/#article","isPartOf":{"@id":"https:\/\/afogadosfm.com.br\/afogadosfm\/2025\/07\/24\/dr-pedro-alves-visita-rasa-de-apoio-de-iguaracy-em-recife\/"},"author":{"name":"afogadosfm","@id":"https:\/\/afogadosfm.com.br\/afogadosfm\/#\/schema\/person\/60e56f2cf5dc960fc093fe093d9e9057"},"headline":"Dr Pedro Alves visita Rasa de Apoio de Iguaracy em Recife","datePublished":"2025-07-24T20:08:59+00:00","dateModified":"2025-07-24T20:09:00+00:00","mainEntityOfPage":{"@id":"https:\/\/afogadosfm.com.br\/afogadosfm\/2025\/07\/24\/dr-pedro-alves-visita-rasa-de-apoio-de-iguaracy-em-recife\/"},"wordCount":253,"commentCount":0,"publisher":{"@id":"https:\/\/afogadosfm.com.br\/afogadosfm\/#organization"},"image":{"@id":"https:\/\/afogadosfm.com.br\/afogadosfm\/2025\/07\/24\/dr-pedro-alves-visita-rasa-de-apoio-de-iguaracy-em-recife\/#primaryimage"},"thumbnailUrl":"https:\/\/i0.wp.com\/afogadosfm.com.br\/afogadosfm\/wp-content\/uploads\/2025\/07\/ca023cbc-6820-4d3f-990d-cc4064d8ba69.jpeg?fit=1071%2C743&ssl=1","articleSection":["Sert\u00e3o"],"inLanguage":"pt-BR","potentialAction":[{"@type":"CommentAction","name":"Comment","target":["https:\/\/afogadosfm.com.br\/afogadosfm\/2025\/07\/24\/dr-pedro-alves-visita-rasa-de-apoio-de-iguaracy-em-recife\/#respond"]}]},{"@type":"WebPage","@id":"https:\/\/afogadosfm.com.br\/afogadosfm\/2025\/07\/24\/dr-pedro-alves-visita-rasa-de-apoio-de-iguaracy-em-recife\/","url":"https:\/\/afogadosfm.com.br\/afogadosfm\/2025\/07\/24\/dr-pedro-alves-visita-rasa-de-apoio-de-iguaracy-em-recife\/","name":"Dr Pedro Alves visita Rasa de Apoio de Iguaracy em Recife - Afogados FM","isPartOf":{"@id":"https:\/\/afogadosfm.com.br\/afogadosfm\/#website"},"primaryImageOfPage":{"@id":"https:\/\/afogadosfm.com.br\/afogadosfm\/2025\/07\/24\/dr-pedro-alves-visita-rasa-de-apoio-de-iguaracy-em-recife\/#primaryimage"},"image":{"@id":"https:\/\/afogadosfm.com.br\/afogadosfm\/2025\/07\/24\/dr-pedro-alves-visita-rasa-de-apoio-de-iguaracy-em-recife\/#primaryimage"},"thumbnailUrl":"https:\/\/i0.wp.com\/afogadosfm.com.br\/afogadosfm\/wp-content\/uploads\/2025\/07\/ca023cbc-6820-4d3f-990d-cc4064d8ba69.jpeg?fit=1071%2C743&ssl=1","datePublished":"2025-07-24T20:08:59+00:00","dateModified":"2025-07-24T20:09:00+00:00","breadcrumb":{"@id":"https:\/\/afogadosfm.com.br\/afogadosfm\/2025\/07\/24\/dr-pedro-alves-visita-rasa-de-apoio-de-iguaracy-em-recife\/#breadcrumb"},"inLanguage":"pt-BR","potentialAction":[{"@type":"ReadAction","target":["https:\/\/afogadosfm.com.br\/afogadosfm\/2025\/07\/24\/dr-pedro-alves-visita-rasa-de-apoio-de-iguaracy-em-recife\/"]}]},{"@type":"ImageObject","inLanguage":"pt-BR","@id":"https:\/\/afogadosfm.com.br\/afogadosfm\/2025\/07\/24\/dr-pedro-alves-visita-rasa-de-apoio-de-iguaracy-em-recife\/#primaryimage","url":"https:\/\/i0.wp.com\/afogadosfm.com.br\/afogadosfm\/wp-content\/uploads\/2025\/07\/ca023cbc-6820-4d3f-990d-cc4064d8ba69.jpeg?fit=1071%2C743&ssl=1","contentUrl":"https:\/\/i0.wp.com\/afogadosfm.com.br\/afogadosfm\/wp-content\/uploads\/2025\/07\/ca023cbc-6820-4d3f-990d-cc4064d8ba69.jpeg?fit=1071%2C743&ssl=1","width":1071,"height":743},{"@type":"BreadcrumbList","@id":"https:\/\/afogadosfm.com.br\/afogadosfm\/2025\/07\/24\/dr-pedro-alves-visita-rasa-de-apoio-de-iguaracy-em-recife\/#breadcrumb","itemListElement":[{"@type":"ListItem","position":1,"name":"In\u00edcio","item":"https:\/\/afogadosfm.com.br\/afogadosfm\/"},{"@type":"ListItem","position":2,"name":"Dr Pedro Alves visita Rasa de Apoio de Iguaracy em Recife"}]},{"@type":"WebSite","@id":"https:\/\/afogadosfm.com.br\/afogadosfm\/#website","url":"https:\/\/afogadosfm.com.br\/afogadosfm\/","name":"Afogados FM","description":"Um site completo!","publisher":{"@id":"https:\/\/afogadosfm.com.br\/afogadosfm\/#organization"},"potentialAction":[{"@type":"SearchAction","target":{"@type":"EntryPoint","urlTemplate":"https:\/\/afogadosfm.com.br\/afogadosfm\/?s={search_term_string}"},"query-input":{"@type":"PropertyValueSpecification","valueRequired":true,"valueName":"search_term_string"}}],"inLanguage":"pt-BR"},{"@type":"Organization","@id":"https:\/\/afogadosfm.com.br\/afogadosfm\/#organization","name":"Afogados FM","url":"https:\/\/afogadosfm.com.br\/afogadosfm\/","logo":{"@type":"ImageObject","inLanguage":"pt-BR","@id":"https:\/\/afogadosfm.com.br\/afogadosfm\/#\/schema\/logo\/image\/","url":"https:\/\/i0.wp.com\/afogadosfm.com.br\/afogadosfm\/wp-content\/uploads\/2020\/06\/cropped-banner-afogados-4.jpg?fit=369%2C137&ssl=1","contentUrl":"https:\/\/i0.wp.com\/afogadosfm.com.br\/afogadosfm\/wp-content\/uploads\/2020\/06\/cropped-banner-afogados-4.jpg?fit=369%2C137&ssl=1","width":369,"height":137,"caption":"Afogados FM"},"image":{"@id":"https:\/\/afogadosfm.com.br\/afogadosfm\/#\/schema\/logo\/image\/"}},{"@type":"Person","@id":"https:\/\/afogadosfm.com.br\/afogadosfm\/#\/schema\/person\/60e56f2cf5dc960fc093fe093d9e9057","name":"afogadosfm","image":{"@type":"ImageObject","inLanguage":"pt-BR","@id":"https:\/\/secure.gravatar.com\/avatar\/e0359add7ed5dc3560906d861b52c6a8cf5c1e199d3a7dd85070998f49bd4701?s=96&d=mm&r=g","url":"https:\/\/secure.gravatar.com\/avatar\/e0359add7ed5dc3560906d861b52c6a8cf5c1e199d3a7dd85070998f49bd4701?s=96&d=mm&r=g","contentUrl":"https:\/\/secure.gravatar.com\/avatar\/e0359add7ed5dc3560906d861b52c6a8cf5c1e199d3a7dd85070998f49bd4701?s=96&d=mm&r=g","caption":"afogadosfm"},"url":"https:\/\/afogadosfm.com.br\/afogadosfm\/author\/afogadosfm\/"}]}},"jetpack_publicize_connections":[],"jetpack_featured_media_url":"https:\/\/i0.wp.com\/afogadosfm.com.br\/afogadosfm\/wp-content\/uploads\/2025\/07\/ca023cbc-6820-4d3f-990d-cc4064d8ba69.jpeg?fit=1071%2C743&ssl=1","jetpack-related-posts":[],"jetpack_sharing_enabled":true,"jetpack_likes_enabled":true,"_links":{"self":[{"href":"https:\/\/afogadosfm.com.br\/afogadosfm\/wp-json\/wp\/v2\/posts\/67650","targetHints":{"allow":["GET"]}}],"collection":[{"href":"https:\/\/afogadosfm.com.br\/afogadosfm\/wp-json\/wp\/v2\/posts"}],"about":[{"href":"https:\/\/afogadosfm.com.br\/afogadosfm\/wp-json\/wp\/v2\/types\/post"}],"author":[{"embeddable":true,"href":"https:\/\/afogadosfm.com.br\/afogadosfm\/wp-json\/wp\/v2\/users\/2"}],"replies":[{"embeddable":true,"href":"https:\/\/afogadosfm.com.br\/afogadosfm\/wp-json\/wp\/v2\/comments?post=67650"}],"version-history":[{"count":1,"href":"https:\/\/afogadosfm.com.br\/afogadosfm\/wp-json\/wp\/v2\/posts\/67650\/revisions"}],"predecessor-version":[{"id":67652,"href":"https:\/\/afogadosfm.com.br\/afogadosfm\/wp-json\/wp\/v2\/posts\/67650\/revisions\/67652"}],"wp:featuredmedia":[{"embeddable":true,"href":"https:\/\/afogadosfm.com.br\/afogadosfm\/wp-json\/wp\/v2\/media\/67651"}],"wp:attachment":[{"href":"https:\/\/afogadosfm.com.br\/afogadosfm\/wp-json\/wp\/v2\/media?parent=67650"}],"wp:term":[{"taxonomy":"category","embeddable":true,"href":"https:\/\/afogadosfm.com.br\/afogadosfm\/wp-json\/wp\/v2\/categories?post=67650"},{"taxonomy":"post_tag","embeddable":true,"href":"https:\/\/afogadosfm.com.br\/afogadosfm\/wp-json\/wp\/v2\/tags?post=67650"}],"curies":[{"name":"wp","href":"https:\/\/api.w.org\/{rel}","templated":true}]}}