{"id":67662,"date":"2025-07-25T05:34:22","date_gmt":"2025-07-25T08:34:22","guid":{"rendered":"https:\/\/afogadosfm.com.br\/afogadosfm\/?p=67662"},"modified":"2025-07-25T05:34:24","modified_gmt":"2025-07-25T08:34:24","slug":"pernambuco-teve-a-maior-taxa-de-homicidios-dolosos-do-pais-em-2024","status":"publish","type":"post","link":"https:\/\/afogadosfm.com.br\/afogadosfm\/2025\/07\/25\/pernambuco-teve-a-maior-taxa-de-homicidios-dolosos-do-pais-em-2024\/","title":{"rendered":"Pernambuco teve a maior taxa de homic\u00eddios dolosos do pa\u00eds em 2024"},"content":{"rendered":"\n<p>Pernambuco \u00e9 o estado com a maior taxa de v\u00edtimas de homic\u00eddios dolosos do pa\u00eds, segundo o Anu\u00e1rio Brasileiro de Seguran\u00e7a P\u00fablica 2025, divulgado nesta quinta-feira (24), pelo F\u00f3rum Brasileiro de Seguran\u00e7a P\u00fablica (FBSP). Segundo o documento, que re\u00fane dados de 2024, foram registradas 3.349 v\u00edtimas no estado, o equivalente a 35,1 mortes por 100 mil habitantes.<\/p>\n\n\n\n<p>O \u00edndice considera homic\u00eddios dolosos (quando h\u00e1 inten\u00e7\u00e3o de matar), mortes decorrentes de interven\u00e7\u00f5es policiais (como em opera\u00e7\u00f5es), feminic\u00eddios (crimes contra a vida de mulheres por g\u00eanero) e seis casos ocorridos em unidade prisional em 2024. O estado supera a m\u00e9dia brasileira de v\u00edtimas de homic\u00eddio doloso. A taxa nacional, que segundo o relat\u00f3rio \u00e9 de 17,1 mortes por 100 mil habitantes, \u00e9 duas vezes menor que a pernambucana.<\/p>\n\n\n\n<p>Apesar de liderar o \u00edndice de homic\u00eddios dolosos, o relat\u00f3rio aponta redu\u00e7\u00e3o neste tipo de crime no estado. Em 2023, a taxa era de 37,1 mortes por 100 mil habitantes, com 3.531 v\u00edtimas \u2014 uma redu\u00e7\u00e3o de 5,4% na compara\u00e7\u00e3o entre 2024 e o ano anterior.<\/p>\n\n\n\n<p>Especialista em seguran\u00e7a p\u00fablica e um dos formuladores do Pacto pela Vida, que vigorou at\u00e9 2022, o professor do Departamento de Sociologia da Universidade Federal de Pernambuco (UFPE) Jos\u00e9 Luiz Ratton avalia que o estado de Pernambuco n\u00e3o conseguiu ainda institucionalizar uma pol\u00edtica de combate \u00e0 criminalidade. \u201cPernambuco volta ao topo do ranking dos estados mais violentos do Brasil. Com exce\u00e7\u00e3o de um curto per\u00edodo entre 2009 e 2013, quando Pernambuco conseguiu reduzir em 40% os homic\u00eddios, o estado n\u00e3o conseguiu institucionalizar e dar continuidade a pr\u00e1ticas, projetos, programas policiais e n\u00e3o-policiais que reduzam \u00e0 viol\u00eancia de forma sustent\u00e1vel e democr\u00e1tica\u201d, disse.<\/p>\n\n\n\n<p>Em rela\u00e7\u00e3o aos munic\u00edpios, Cabo de Santo Agostinho e S\u00e3o Louren\u00e7o da Mata, ambos no Grande Recife, ocupam 5\u00ba e 6\u00ba lugar, respectivamente, no ranking das cidades brasileiras com as maiores taxas de Mortes Violentas Intencionais (MVI).<\/p>\n","protected":false},"excerpt":{"rendered":"<p>Pernambuco \u00e9 o estado com a maior taxa de v\u00edtimas de homic\u00eddios dolosos do pa\u00eds, segundo o Anu\u00e1rio Brasileiro de<\/p>\n","protected":false},"author":2,"featured_media":55347,"comment_status":"open","ping_status":"open","sticky":false,"template":"","format":"standard","meta":{"jetpack_post_was_ever_published":false,"_jetpack_newsletter_access":"","_jetpack_dont_email_post_to_subs":false,"_jetpack_newsletter_tier_id":0,"_jetpack_memberships_contains_paywalled_content":false,"_jetpack_memberships_contains_paid_content":false,"footnotes":"","jetpack_publicize_message":"","jetpack_publicize_feature_enabled":true,"jetpack_social_post_already_shared":true,"jetpack_social_options":{"image_generator_settings":{"template":"highway","default_image_id":0,"font":"","enabled":false},"version":2}},"categories":[13],"tags":[],"class_list":["post-67662","post","type-post","status-publish","format-standard","has-post-thumbnail","hentry","category-pernambuco"],"yoast_head":"<!-- This site is optimized with the Yoast SEO plugin v27.5 - https:\/\/yoast.com\/product\/yoast-seo-wordpress\/ -->\n<title>Pernambuco teve a maior taxa de homic\u00eddios dolosos do pa\u00eds em 2024 - Afogados FM<\/title>\n<meta name=\"robots\" content=\"index, follow, max-snippet:-1, max-image-preview:large, max-video-preview:-1\" \/>\n<link rel=\"canonical\" href=\"https:\/\/afogadosfm.com.br\/afogadosfm\/2025\/07\/25\/pernambuco-teve-a-maior-taxa-de-homicidios-dolosos-do-pais-em-2024\/\" \/>\n<meta property=\"og:locale\" content=\"pt_BR\" \/>\n<meta property=\"og:type\" content=\"article\" \/>\n<meta property=\"og:title\" content=\"Pernambuco teve a maior taxa de homic\u00eddios dolosos do pa\u00eds em 2024 - Afogados FM\" \/>\n<meta property=\"og:description\" content=\"Pernambuco \u00e9 o estado com a maior taxa de v\u00edtimas de homic\u00eddios dolosos do pa\u00eds, segundo o Anu\u00e1rio Brasileiro de\" \/>\n<meta property=\"og:url\" content=\"https:\/\/afogadosfm.com.br\/afogadosfm\/2025\/07\/25\/pernambuco-teve-a-maior-taxa-de-homicidios-dolosos-do-pais-em-2024\/\" \/>\n<meta property=\"og:site_name\" content=\"Afogados FM\" \/>\n<meta property=\"article:published_time\" content=\"2025-07-25T08:34:22+00:00\" \/>\n<meta property=\"article:modified_time\" content=\"2025-07-25T08:34:24+00:00\" \/>\n<meta property=\"og:image\" content=\"https:\/\/afogadosfm.com.br\/afogadosfm\/wp-content\/uploads\/2024\/04\/armadefogo.jpg\" \/>\n\t<meta property=\"og:image:width\" content=\"1280\" \/>\n\t<meta property=\"og:image:height\" content=\"853\" \/>\n\t<meta property=\"og:image:type\" content=\"image\/jpeg\" \/>\n<meta name=\"author\" content=\"afogadosfm\" \/>\n<meta name=\"twitter:card\" content=\"summary_large_image\" \/>\n<meta name=\"twitter:label1\" content=\"Escrito por\" \/>\n\t<meta name=\"twitter:data1\" content=\"afogadosfm\" \/>\n\t<meta name=\"twitter:label2\" content=\"Est. tempo de leitura\" \/>\n\t<meta name=\"twitter:data2\" content=\"2 minutos\" \/>\n<script type=\"application\/ld+json\" class=\"yoast-schema-graph\">{\"@context\":\"https:\\\/\\\/schema.org\",\"@graph\":[{\"@type\":\"Article\",\"@id\":\"https:\\\/\\\/afogadosfm.com.br\\\/afogadosfm\\\/2025\\\/07\\\/25\\\/pernambuco-teve-a-maior-taxa-de-homicidios-dolosos-do-pais-em-2024\\\/#article\",\"isPartOf\":{\"@id\":\"https:\\\/\\\/afogadosfm.com.br\\\/afogadosfm\\\/2025\\\/07\\\/25\\\/pernambuco-teve-a-maior-taxa-de-homicidios-dolosos-do-pais-em-2024\\\/\"},\"author\":{\"name\":\"afogadosfm\",\"@id\":\"https:\\\/\\\/afogadosfm.com.br\\\/afogadosfm\\\/#\\\/schema\\\/person\\\/60e56f2cf5dc960fc093fe093d9e9057\"},\"headline\":\"Pernambuco teve a maior taxa de homic\u00eddios dolosos do pa\u00eds em 2024\",\"datePublished\":\"2025-07-25T08:34:22+00:00\",\"dateModified\":\"2025-07-25T08:34:24+00:00\",\"mainEntityOfPage\":{\"@id\":\"https:\\\/\\\/afogadosfm.com.br\\\/afogadosfm\\\/2025\\\/07\\\/25\\\/pernambuco-teve-a-maior-taxa-de-homicidios-dolosos-do-pais-em-2024\\\/\"},\"wordCount\":341,\"commentCount\":0,\"publisher\":{\"@id\":\"https:\\\/\\\/afogadosfm.com.br\\\/afogadosfm\\\/#organization\"},\"image\":{\"@id\":\"https:\\\/\\\/afogadosfm.com.br\\\/afogadosfm\\\/2025\\\/07\\\/25\\\/pernambuco-teve-a-maior-taxa-de-homicidios-dolosos-do-pais-em-2024\\\/#primaryimage\"},\"thumbnailUrl\":\"https:\\\/\\\/i0.wp.com\\\/afogadosfm.com.br\\\/afogadosfm\\\/wp-content\\\/uploads\\\/2024\\\/04\\\/armadefogo.jpg?fit=1280%2C853&ssl=1\",\"articleSection\":[\"Pernambuco\"],\"inLanguage\":\"pt-BR\",\"potentialAction\":[{\"@type\":\"CommentAction\",\"name\":\"Comment\",\"target\":[\"https:\\\/\\\/afogadosfm.com.br\\\/afogadosfm\\\/2025\\\/07\\\/25\\\/pernambuco-teve-a-maior-taxa-de-homicidios-dolosos-do-pais-em-2024\\\/#respond\"]}]},{\"@type\":\"WebPage\",\"@id\":\"https:\\\/\\\/afogadosfm.com.br\\\/afogadosfm\\\/2025\\\/07\\\/25\\\/pernambuco-teve-a-maior-taxa-de-homicidios-dolosos-do-pais-em-2024\\\/\",\"url\":\"https:\\\/\\\/afogadosfm.com.br\\\/afogadosfm\\\/2025\\\/07\\\/25\\\/pernambuco-teve-a-maior-taxa-de-homicidios-dolosos-do-pais-em-2024\\\/\",\"name\":\"Pernambuco teve a maior taxa de homic\u00eddios dolosos do pa\u00eds em 2024 - Afogados FM\",\"isPartOf\":{\"@id\":\"https:\\\/\\\/afogadosfm.com.br\\\/afogadosfm\\\/#website\"},\"primaryImageOfPage\":{\"@id\":\"https:\\\/\\\/afogadosfm.com.br\\\/afogadosfm\\\/2025\\\/07\\\/25\\\/pernambuco-teve-a-maior-taxa-de-homicidios-dolosos-do-pais-em-2024\\\/#primaryimage\"},\"image\":{\"@id\":\"https:\\\/\\\/afogadosfm.com.br\\\/afogadosfm\\\/2025\\\/07\\\/25\\\/pernambuco-teve-a-maior-taxa-de-homicidios-dolosos-do-pais-em-2024\\\/#primaryimage\"},\"thumbnailUrl\":\"https:\\\/\\\/i0.wp.com\\\/afogadosfm.com.br\\\/afogadosfm\\\/wp-content\\\/uploads\\\/2024\\\/04\\\/armadefogo.jpg?fit=1280%2C853&ssl=1\",\"datePublished\":\"2025-07-25T08:34:22+00:00\",\"dateModified\":\"2025-07-25T08:34:24+00:00\",\"breadcrumb\":{\"@id\":\"https:\\\/\\\/afogadosfm.com.br\\\/afogadosfm\\\/2025\\\/07\\\/25\\\/pernambuco-teve-a-maior-taxa-de-homicidios-dolosos-do-pais-em-2024\\\/#breadcrumb\"},\"inLanguage\":\"pt-BR\",\"potentialAction\":[{\"@type\":\"ReadAction\",\"target\":[\"https:\\\/\\\/afogadosfm.com.br\\\/afogadosfm\\\/2025\\\/07\\\/25\\\/pernambuco-teve-a-maior-taxa-de-homicidios-dolosos-do-pais-em-2024\\\/\"]}]},{\"@type\":\"ImageObject\",\"inLanguage\":\"pt-BR\",\"@id\":\"https:\\\/\\\/afogadosfm.com.br\\\/afogadosfm\\\/2025\\\/07\\\/25\\\/pernambuco-teve-a-maior-taxa-de-homicidios-dolosos-do-pais-em-2024\\\/#primaryimage\",\"url\":\"https:\\\/\\\/i0.wp.com\\\/afogadosfm.com.br\\\/afogadosfm\\\/wp-content\\\/uploads\\\/2024\\\/04\\\/armadefogo.jpg?fit=1280%2C853&ssl=1\",\"contentUrl\":\"https:\\\/\\\/i0.wp.com\\\/afogadosfm.com.br\\\/afogadosfm\\\/wp-content\\\/uploads\\\/2024\\\/04\\\/armadefogo.jpg?fit=1280%2C853&ssl=1\",\"width\":1280,\"height\":853},{\"@type\":\"BreadcrumbList\",\"@id\":\"https:\\\/\\\/afogadosfm.com.br\\\/afogadosfm\\\/2025\\\/07\\\/25\\\/pernambuco-teve-a-maior-taxa-de-homicidios-dolosos-do-pais-em-2024\\\/#breadcrumb\",\"itemListElement\":[{\"@type\":\"ListItem\",\"position\":1,\"name\":\"In\u00edcio\",\"item\":\"https:\\\/\\\/afogadosfm.com.br\\\/afogadosfm\\\/\"},{\"@type\":\"ListItem\",\"position\":2,\"name\":\"Pernambuco teve a maior taxa de homic\u00eddios dolosos do pa\u00eds em 2024\"}]},{\"@type\":\"WebSite\",\"@id\":\"https:\\\/\\\/afogadosfm.com.br\\\/afogadosfm\\\/#website\",\"url\":\"https:\\\/\\\/afogadosfm.com.br\\\/afogadosfm\\\/\",\"name\":\"Afogados FM\",\"description\":\"Um site completo!\",\"publisher\":{\"@id\":\"https:\\\/\\\/afogadosfm.com.br\\\/afogadosfm\\\/#organization\"},\"potentialAction\":[{\"@type\":\"SearchAction\",\"target\":{\"@type\":\"EntryPoint\",\"urlTemplate\":\"https:\\\/\\\/afogadosfm.com.br\\\/afogadosfm\\\/?s={search_term_string}\"},\"query-input\":{\"@type\":\"PropertyValueSpecification\",\"valueRequired\":true,\"valueName\":\"search_term_string\"}}],\"inLanguage\":\"pt-BR\"},{\"@type\":\"Organization\",\"@id\":\"https:\\\/\\\/afogadosfm.com.br\\\/afogadosfm\\\/#organization\",\"name\":\"Afogados FM\",\"url\":\"https:\\\/\\\/afogadosfm.com.br\\\/afogadosfm\\\/\",\"logo\":{\"@type\":\"ImageObject\",\"inLanguage\":\"pt-BR\",\"@id\":\"https:\\\/\\\/afogadosfm.com.br\\\/afogadosfm\\\/#\\\/schema\\\/logo\\\/image\\\/\",\"url\":\"https:\\\/\\\/i0.wp.com\\\/afogadosfm.com.br\\\/afogadosfm\\\/wp-content\\\/uploads\\\/2020\\\/06\\\/cropped-banner-afogados-4.jpg?fit=369%2C137&ssl=1\",\"contentUrl\":\"https:\\\/\\\/i0.wp.com\\\/afogadosfm.com.br\\\/afogadosfm\\\/wp-content\\\/uploads\\\/2020\\\/06\\\/cropped-banner-afogados-4.jpg?fit=369%2C137&ssl=1\",\"width\":369,\"height\":137,\"caption\":\"Afogados FM\"},\"image\":{\"@id\":\"https:\\\/\\\/afogadosfm.com.br\\\/afogadosfm\\\/#\\\/schema\\\/logo\\\/image\\\/\"}},{\"@type\":\"Person\",\"@id\":\"https:\\\/\\\/afogadosfm.com.br\\\/afogadosfm\\\/#\\\/schema\\\/person\\\/60e56f2cf5dc960fc093fe093d9e9057\",\"name\":\"afogadosfm\",\"image\":{\"@type\":\"ImageObject\",\"inLanguage\":\"pt-BR\",\"@id\":\"https:\\\/\\\/secure.gravatar.com\\\/avatar\\\/e0359add7ed5dc3560906d861b52c6a8cf5c1e199d3a7dd85070998f49bd4701?s=96&d=mm&r=g\",\"url\":\"https:\\\/\\\/secure.gravatar.com\\\/avatar\\\/e0359add7ed5dc3560906d861b52c6a8cf5c1e199d3a7dd85070998f49bd4701?s=96&d=mm&r=g\",\"contentUrl\":\"https:\\\/\\\/secure.gravatar.com\\\/avatar\\\/e0359add7ed5dc3560906d861b52c6a8cf5c1e199d3a7dd85070998f49bd4701?s=96&d=mm&r=g\",\"caption\":\"afogadosfm\"},\"url\":\"https:\\\/\\\/afogadosfm.com.br\\\/afogadosfm\\\/author\\\/afogadosfm\\\/\"}]}<\/script>\n<!-- \/ Yoast SEO plugin. -->","yoast_head_json":{"title":"Pernambuco teve a maior taxa de homic\u00eddios dolosos do pa\u00eds em 2024 - Afogados FM","robots":{"index":"index","follow":"follow","max-snippet":"max-snippet:-1","max-image-preview":"max-image-preview:large","max-video-preview":"max-video-preview:-1"},"canonical":"https:\/\/afogadosfm.com.br\/afogadosfm\/2025\/07\/25\/pernambuco-teve-a-maior-taxa-de-homicidios-dolosos-do-pais-em-2024\/","og_locale":"pt_BR","og_type":"article","og_title":"Pernambuco teve a maior taxa de homic\u00eddios dolosos do pa\u00eds em 2024 - Afogados FM","og_description":"Pernambuco \u00e9 o estado com a maior taxa de v\u00edtimas de homic\u00eddios dolosos do pa\u00eds, segundo o Anu\u00e1rio Brasileiro de","og_url":"https:\/\/afogadosfm.com.br\/afogadosfm\/2025\/07\/25\/pernambuco-teve-a-maior-taxa-de-homicidios-dolosos-do-pais-em-2024\/","og_site_name":"Afogados FM","article_published_time":"2025-07-25T08:34:22+00:00","article_modified_time":"2025-07-25T08:34:24+00:00","og_image":[{"width":1280,"height":853,"url":"https:\/\/afogadosfm.com.br\/afogadosfm\/wp-content\/uploads\/2024\/04\/armadefogo.jpg","type":"image\/jpeg"}],"author":"afogadosfm","twitter_card":"summary_large_image","twitter_misc":{"Escrito por":"afogadosfm","Est. tempo de leitura":"2 minutos"},"schema":{"@context":"https:\/\/schema.org","@graph":[{"@type":"Article","@id":"https:\/\/afogadosfm.com.br\/afogadosfm\/2025\/07\/25\/pernambuco-teve-a-maior-taxa-de-homicidios-dolosos-do-pais-em-2024\/#article","isPartOf":{"@id":"https:\/\/afogadosfm.com.br\/afogadosfm\/2025\/07\/25\/pernambuco-teve-a-maior-taxa-de-homicidios-dolosos-do-pais-em-2024\/"},"author":{"name":"afogadosfm","@id":"https:\/\/afogadosfm.com.br\/afogadosfm\/#\/schema\/person\/60e56f2cf5dc960fc093fe093d9e9057"},"headline":"Pernambuco teve a maior taxa de homic\u00eddios dolosos do pa\u00eds em 2024","datePublished":"2025-07-25T08:34:22+00:00","dateModified":"2025-07-25T08:34:24+00:00","mainEntityOfPage":{"@id":"https:\/\/afogadosfm.com.br\/afogadosfm\/2025\/07\/25\/pernambuco-teve-a-maior-taxa-de-homicidios-dolosos-do-pais-em-2024\/"},"wordCount":341,"commentCount":0,"publisher":{"@id":"https:\/\/afogadosfm.com.br\/afogadosfm\/#organization"},"image":{"@id":"https:\/\/afogadosfm.com.br\/afogadosfm\/2025\/07\/25\/pernambuco-teve-a-maior-taxa-de-homicidios-dolosos-do-pais-em-2024\/#primaryimage"},"thumbnailUrl":"https:\/\/i0.wp.com\/afogadosfm.com.br\/afogadosfm\/wp-content\/uploads\/2024\/04\/armadefogo.jpg?fit=1280%2C853&ssl=1","articleSection":["Pernambuco"],"inLanguage":"pt-BR","potentialAction":[{"@type":"CommentAction","name":"Comment","target":["https:\/\/afogadosfm.com.br\/afogadosfm\/2025\/07\/25\/pernambuco-teve-a-maior-taxa-de-homicidios-dolosos-do-pais-em-2024\/#respond"]}]},{"@type":"WebPage","@id":"https:\/\/afogadosfm.com.br\/afogadosfm\/2025\/07\/25\/pernambuco-teve-a-maior-taxa-de-homicidios-dolosos-do-pais-em-2024\/","url":"https:\/\/afogadosfm.com.br\/afogadosfm\/2025\/07\/25\/pernambuco-teve-a-maior-taxa-de-homicidios-dolosos-do-pais-em-2024\/","name":"Pernambuco teve a maior taxa de homic\u00eddios dolosos do pa\u00eds em 2024 - Afogados FM","isPartOf":{"@id":"https:\/\/afogadosfm.com.br\/afogadosfm\/#website"},"primaryImageOfPage":{"@id":"https:\/\/afogadosfm.com.br\/afogadosfm\/2025\/07\/25\/pernambuco-teve-a-maior-taxa-de-homicidios-dolosos-do-pais-em-2024\/#primaryimage"},"image":{"@id":"https:\/\/afogadosfm.com.br\/afogadosfm\/2025\/07\/25\/pernambuco-teve-a-maior-taxa-de-homicidios-dolosos-do-pais-em-2024\/#primaryimage"},"thumbnailUrl":"https:\/\/i0.wp.com\/afogadosfm.com.br\/afogadosfm\/wp-content\/uploads\/2024\/04\/armadefogo.jpg?fit=1280%2C853&ssl=1","datePublished":"2025-07-25T08:34:22+00:00","dateModified":"2025-07-25T08:34:24+00:00","breadcrumb":{"@id":"https:\/\/afogadosfm.com.br\/afogadosfm\/2025\/07\/25\/pernambuco-teve-a-maior-taxa-de-homicidios-dolosos-do-pais-em-2024\/#breadcrumb"},"inLanguage":"pt-BR","potentialAction":[{"@type":"ReadAction","target":["https:\/\/afogadosfm.com.br\/afogadosfm\/2025\/07\/25\/pernambuco-teve-a-maior-taxa-de-homicidios-dolosos-do-pais-em-2024\/"]}]},{"@type":"ImageObject","inLanguage":"pt-BR","@id":"https:\/\/afogadosfm.com.br\/afogadosfm\/2025\/07\/25\/pernambuco-teve-a-maior-taxa-de-homicidios-dolosos-do-pais-em-2024\/#primaryimage","url":"https:\/\/i0.wp.com\/afogadosfm.com.br\/afogadosfm\/wp-content\/uploads\/2024\/04\/armadefogo.jpg?fit=1280%2C853&ssl=1","contentUrl":"https:\/\/i0.wp.com\/afogadosfm.com.br\/afogadosfm\/wp-content\/uploads\/2024\/04\/armadefogo.jpg?fit=1280%2C853&ssl=1","width":1280,"height":853},{"@type":"BreadcrumbList","@id":"https:\/\/afogadosfm.com.br\/afogadosfm\/2025\/07\/25\/pernambuco-teve-a-maior-taxa-de-homicidios-dolosos-do-pais-em-2024\/#breadcrumb","itemListElement":[{"@type":"ListItem","position":1,"name":"In\u00edcio","item":"https:\/\/afogadosfm.com.br\/afogadosfm\/"},{"@type":"ListItem","position":2,"name":"Pernambuco teve a maior taxa de homic\u00eddios dolosos do pa\u00eds em 2024"}]},{"@type":"WebSite","@id":"https:\/\/afogadosfm.com.br\/afogadosfm\/#website","url":"https:\/\/afogadosfm.com.br\/afogadosfm\/","name":"Afogados FM","description":"Um site completo!","publisher":{"@id":"https:\/\/afogadosfm.com.br\/afogadosfm\/#organization"},"potentialAction":[{"@type":"SearchAction","target":{"@type":"EntryPoint","urlTemplate":"https:\/\/afogadosfm.com.br\/afogadosfm\/?s={search_term_string}"},"query-input":{"@type":"PropertyValueSpecification","valueRequired":true,"valueName":"search_term_string"}}],"inLanguage":"pt-BR"},{"@type":"Organization","@id":"https:\/\/afogadosfm.com.br\/afogadosfm\/#organization","name":"Afogados FM","url":"https:\/\/afogadosfm.com.br\/afogadosfm\/","logo":{"@type":"ImageObject","inLanguage":"pt-BR","@id":"https:\/\/afogadosfm.com.br\/afogadosfm\/#\/schema\/logo\/image\/","url":"https:\/\/i0.wp.com\/afogadosfm.com.br\/afogadosfm\/wp-content\/uploads\/2020\/06\/cropped-banner-afogados-4.jpg?fit=369%2C137&ssl=1","contentUrl":"https:\/\/i0.wp.com\/afogadosfm.com.br\/afogadosfm\/wp-content\/uploads\/2020\/06\/cropped-banner-afogados-4.jpg?fit=369%2C137&ssl=1","width":369,"height":137,"caption":"Afogados FM"},"image":{"@id":"https:\/\/afogadosfm.com.br\/afogadosfm\/#\/schema\/logo\/image\/"}},{"@type":"Person","@id":"https:\/\/afogadosfm.com.br\/afogadosfm\/#\/schema\/person\/60e56f2cf5dc960fc093fe093d9e9057","name":"afogadosfm","image":{"@type":"ImageObject","inLanguage":"pt-BR","@id":"https:\/\/secure.gravatar.com\/avatar\/e0359add7ed5dc3560906d861b52c6a8cf5c1e199d3a7dd85070998f49bd4701?s=96&d=mm&r=g","url":"https:\/\/secure.gravatar.com\/avatar\/e0359add7ed5dc3560906d861b52c6a8cf5c1e199d3a7dd85070998f49bd4701?s=96&d=mm&r=g","contentUrl":"https:\/\/secure.gravatar.com\/avatar\/e0359add7ed5dc3560906d861b52c6a8cf5c1e199d3a7dd85070998f49bd4701?s=96&d=mm&r=g","caption":"afogadosfm"},"url":"https:\/\/afogadosfm.com.br\/afogadosfm\/author\/afogadosfm\/"}]}},"jetpack_publicize_connections":[],"jetpack_featured_media_url":"https:\/\/i0.wp.com\/afogadosfm.com.br\/afogadosfm\/wp-content\/uploads\/2024\/04\/armadefogo.jpg?fit=1280%2C853&ssl=1","jetpack-related-posts":[],"jetpack_sharing_enabled":true,"jetpack_likes_enabled":true,"_links":{"self":[{"href":"https:\/\/afogadosfm.com.br\/afogadosfm\/wp-json\/wp\/v2\/posts\/67662","targetHints":{"allow":["GET"]}}],"collection":[{"href":"https:\/\/afogadosfm.com.br\/afogadosfm\/wp-json\/wp\/v2\/posts"}],"about":[{"href":"https:\/\/afogadosfm.com.br\/afogadosfm\/wp-json\/wp\/v2\/types\/post"}],"author":[{"embeddable":true,"href":"https:\/\/afogadosfm.com.br\/afogadosfm\/wp-json\/wp\/v2\/users\/2"}],"replies":[{"embeddable":true,"href":"https:\/\/afogadosfm.com.br\/afogadosfm\/wp-json\/wp\/v2\/comments?post=67662"}],"version-history":[{"count":1,"href":"https:\/\/afogadosfm.com.br\/afogadosfm\/wp-json\/wp\/v2\/posts\/67662\/revisions"}],"predecessor-version":[{"id":67663,"href":"https:\/\/afogadosfm.com.br\/afogadosfm\/wp-json\/wp\/v2\/posts\/67662\/revisions\/67663"}],"wp:featuredmedia":[{"embeddable":true,"href":"https:\/\/afogadosfm.com.br\/afogadosfm\/wp-json\/wp\/v2\/media\/55347"}],"wp:attachment":[{"href":"https:\/\/afogadosfm.com.br\/afogadosfm\/wp-json\/wp\/v2\/media?parent=67662"}],"wp:term":[{"taxonomy":"category","embeddable":true,"href":"https:\/\/afogadosfm.com.br\/afogadosfm\/wp-json\/wp\/v2\/categories?post=67662"},{"taxonomy":"post_tag","embeddable":true,"href":"https:\/\/afogadosfm.com.br\/afogadosfm\/wp-json\/wp\/v2\/tags?post=67662"}],"curies":[{"name":"wp","href":"https:\/\/api.w.org\/{rel}","templated":true}]}}