{"id":67670,"date":"2025-07-25T07:37:21","date_gmt":"2025-07-25T10:37:21","guid":{"rendered":"https:\/\/afogadosfm.com.br\/afogadosfm\/?p=67670"},"modified":"2025-07-25T07:37:22","modified_gmt":"2025-07-25T10:37:22","slug":"general-mario-fernandes-admitiu-ser-autor-de-plano-para-matar-lula-e-moraes","status":"publish","type":"post","link":"https:\/\/afogadosfm.com.br\/afogadosfm\/2025\/07\/25\/general-mario-fernandes-admitiu-ser-autor-de-plano-para-matar-lula-e-moraes\/","title":{"rendered":"General Mario Fernandes admitiu ser autor de plano para matar Lula e Moraes"},"content":{"rendered":"\n<p>O general Mario Fernandes, ex-secret\u00e1rio executivo da Secretaria-Geral da Presid\u00eancia no governo de Jair Bolsonaro (PL), admitiu, nesta quinta-feira (24), ter idealizado o chamado plano \u201cPunhal Verde e Amarelo\u201d.<\/p>\n\n\n\n<p>O documento previa o assassinato do presidente Luiz In\u00e1cio Lula da Silva (PT), do vice-presidente Geraldo Alckmin (PSB) e do ministro Alexandre de Moraes.<\/p>\n\n\n\n<p>Em interrogat\u00f3rio no STF (Supremo Tribunal Federal), Fernandes disse que o plano n\u00e3o passava de um \u201cpensamento\u201d seu e um \u201cestudo de situa\u00e7\u00e3o\u201d que foi digitalizado. Ele nega ter apresentado o documento a qualquer pessoa.<\/p>\n\n\n\n<p>\u201cEsse arquivo digital nada mais retrata do que um pensamento meu que foi digitalizado. Um compilar de dados, um estudo de situa\u00e7\u00e3o meu, uma an\u00e1lise de riscos que eu fiz e por costume pr\u00f3prio resolvi digitalizar. N\u00e3o foi apresentado a ningu\u00e9m e nem compartilhado com ningu\u00e9m\u201d, disse.<\/p>\n\n\n\n<p>Fernandes tamb\u00e9m confirmou ter imprimido o documento. Segundo ele, a impress\u00e3o foi apenas para que pudesse ler melhor e \u201cn\u00e3o for\u00e7ar a vista\u201d. Ele alega ter rasgado o plano logo em seguida.<\/p>\n\n\n\n<p>De acordo com as investiga\u00e7\u00f5es da PF (Pol\u00edcia Federal), tr\u00eas c\u00f3pias do documento foram impressas no Pal\u00e1cio do Planalto pelo general.<\/p>\n\n\n\n<p>Quarenta minutos depois, Fernandes teria dado entrada no Pal\u00e1cio do Alvorada, resid\u00eancia oficial da presid\u00eancia da Rep\u00fablica. L\u00e1 estavam Jair Bolsonaro e o tenente-coronel Mauro Cid.<\/p>\n\n\n\n<p>Questionado se apresentou o plano ao ex-presidente Jair Bolsonaro, o general negou. \u201cEu ratifico. Imposs\u00edvel. Eu imprimi para ler no papel, para n\u00e3o for\u00e7ar a vista. Ap\u00f3s isso, rasguei. Esse hor\u00e1rio foi uma coincid\u00eancia em rela\u00e7\u00e3o a minha atribui\u00e7\u00e3o administrativa e log\u00edstica como secret\u00e1rio executivo. N\u00e3o compartilhei esse arquivo com ningu\u00e9m.\u201d<\/p>\n\n\n\n<p>A PGR (Procuradoria-Geral da Rep\u00fablica) questionou Fernandes sobre a impress\u00e3o ter sido feita em tr\u00eas c\u00f3pias e uma reimpress\u00e3o em outra data, com um m\u00eas de dist\u00e2ncia da primeira.<\/p>\n\n\n\n<p>O general disse que n\u00e3o se lembra de ter imprimido mais de uma c\u00f3pia do plano e disse acreditar ter sido uma \u201cconfigura\u00e7\u00e3o da impressora\u201d. Sobre a impress\u00e3o em outra data, ele afirmou que a fez por ter tido uma \u201cnova ideia\u201d e alterado o documento.<\/p>\n\n\n\n<p>De acordo com as investiga\u00e7\u00f5es da Pol\u00edcia Federal, Jair Bolsonaro tinha \u201cpleno conhecimento\u201d do plano.<\/p>\n\n\n\n<p>Fernandes foi interrogado nesta quinta-feira pelo Supremo Tribunal Federal. Esta \u00e9 a \u00faltima parte da fase de instru\u00e7\u00e3o (investiga\u00e7\u00e3o) no processo contra o n\u00facleo 2 da organiza\u00e7\u00e3o que supostamente planejou um golpe de Estado.<\/p>\n\n\n\n<p>Segundo a dela\u00e7\u00e3o de Mauro Cid, Mario Fernandes era um dos generais que mais incentivava que as For\u00e7as Armadas agissem para tentar uma suposta tentativa de golpe de Estado em 2022, para impedir a posse de Lula.<\/p>\n\n\n\n<p>Plano Punhal Verde e Amarelo<\/p>\n\n\n\n<p>A Pol\u00edcia Federal deflagrou uma opera\u00e7\u00e3o que revelou o plano para matar autoridades em novembro de 2024. Segundo as investiga\u00e7\u00f5es, o grupo \u2014 formado em sua maioria por militares das FE (For\u00e7as Especiais) do Ex\u00e9rcito, os chamados \u201ckids pretos\u201d \u2014, tinha como alvos Lula, Alckmin e Moraes.<\/p>\n\n\n\n<p>Os assassinatos foram planejados para ocorrer em 15 de dezembro de 2022, tr\u00eas dias ap\u00f3s a diploma\u00e7\u00e3o do petista no TSE (Tribunal Superior Eleitoral). A ideia era envenenar os alvos.<\/p>\n\n\n\n<p>Tamb\u00e9m foi prevista a utiliza\u00e7\u00e3o de um arsenal de guerra, com pistolas, fuzis, metralhadora e um lan\u00e7a-granada. A opera\u00e7\u00e3o revelou ainda que Moraes era monitorado constantemente.<\/p>\n\n\n\n<p>Do G1<\/p>\n","protected":false},"excerpt":{"rendered":"<p>O general Mario Fernandes, ex-secret\u00e1rio executivo da Secretaria-Geral da Presid\u00eancia no governo de Jair Bolsonaro (PL), admitiu, nesta quinta-feira (24),<\/p>\n","protected":false},"author":2,"featured_media":67671,"comment_status":"open","ping_status":"open","sticky":false,"template":"","format":"standard","meta":{"jetpack_post_was_ever_published":false,"_jetpack_newsletter_access":"","_jetpack_dont_email_post_to_subs":false,"_jetpack_newsletter_tier_id":0,"_jetpack_memberships_contains_paywalled_content":false,"_jetpack_memberships_contains_paid_content":false,"footnotes":"","jetpack_publicize_message":"","jetpack_publicize_feature_enabled":true,"jetpack_social_post_already_shared":true,"jetpack_social_options":{"image_generator_settings":{"template":"highway","default_image_id":0,"font":"","enabled":false},"version":2}},"categories":[12],"tags":[],"class_list":["post-67670","post","type-post","status-publish","format-standard","has-post-thumbnail","hentry","category-brasil"],"yoast_head":"<!-- This site is optimized with the Yoast SEO plugin v27.5 - https:\/\/yoast.com\/product\/yoast-seo-wordpress\/ -->\n<title>General Mario Fernandes admitiu ser autor de plano para matar Lula e Moraes - Afogados FM<\/title>\n<meta name=\"robots\" content=\"index, follow, max-snippet:-1, max-image-preview:large, max-video-preview:-1\" \/>\n<link rel=\"canonical\" href=\"https:\/\/afogadosfm.com.br\/afogadosfm\/2025\/07\/25\/general-mario-fernandes-admitiu-ser-autor-de-plano-para-matar-lula-e-moraes\/\" \/>\n<meta property=\"og:locale\" content=\"pt_BR\" \/>\n<meta property=\"og:type\" content=\"article\" \/>\n<meta property=\"og:title\" content=\"General Mario Fernandes admitiu ser autor de plano para matar Lula e Moraes - Afogados FM\" \/>\n<meta property=\"og:description\" content=\"O general Mario Fernandes, ex-secret\u00e1rio executivo da Secretaria-Geral da Presid\u00eancia no governo de Jair Bolsonaro (PL), admitiu, nesta quinta-feira (24),\" \/>\n<meta property=\"og:url\" content=\"https:\/\/afogadosfm.com.br\/afogadosfm\/2025\/07\/25\/general-mario-fernandes-admitiu-ser-autor-de-plano-para-matar-lula-e-moraes\/\" \/>\n<meta property=\"og:site_name\" content=\"Afogados FM\" \/>\n<meta property=\"article:published_time\" content=\"2025-07-25T10:37:21+00:00\" \/>\n<meta property=\"article:modified_time\" content=\"2025-07-25T10:37:22+00:00\" \/>\n<meta property=\"og:image\" content=\"https:\/\/afogadosfm.com.br\/afogadosfm\/wp-content\/uploads\/2025\/07\/general.webp\" \/>\n\t<meta property=\"og:image:width\" content=\"250\" \/>\n\t<meta property=\"og:image:height\" content=\"180\" \/>\n\t<meta property=\"og:image:type\" content=\"image\/webp\" \/>\n<meta name=\"author\" content=\"afogadosfm\" \/>\n<meta name=\"twitter:card\" content=\"summary_large_image\" \/>\n<meta name=\"twitter:label1\" content=\"Escrito por\" \/>\n\t<meta name=\"twitter:data1\" content=\"afogadosfm\" \/>\n\t<meta name=\"twitter:label2\" content=\"Est. tempo de leitura\" \/>\n\t<meta name=\"twitter:data2\" content=\"4 minutos\" \/>\n<script type=\"application\/ld+json\" class=\"yoast-schema-graph\">{\"@context\":\"https:\\\/\\\/schema.org\",\"@graph\":[{\"@type\":\"Article\",\"@id\":\"https:\\\/\\\/afogadosfm.com.br\\\/afogadosfm\\\/2025\\\/07\\\/25\\\/general-mario-fernandes-admitiu-ser-autor-de-plano-para-matar-lula-e-moraes\\\/#article\",\"isPartOf\":{\"@id\":\"https:\\\/\\\/afogadosfm.com.br\\\/afogadosfm\\\/2025\\\/07\\\/25\\\/general-mario-fernandes-admitiu-ser-autor-de-plano-para-matar-lula-e-moraes\\\/\"},\"author\":{\"name\":\"afogadosfm\",\"@id\":\"https:\\\/\\\/afogadosfm.com.br\\\/afogadosfm\\\/#\\\/schema\\\/person\\\/60e56f2cf5dc960fc093fe093d9e9057\"},\"headline\":\"General Mario Fernandes admitiu ser autor de plano para matar Lula e Moraes\",\"datePublished\":\"2025-07-25T10:37:21+00:00\",\"dateModified\":\"2025-07-25T10:37:22+00:00\",\"mainEntityOfPage\":{\"@id\":\"https:\\\/\\\/afogadosfm.com.br\\\/afogadosfm\\\/2025\\\/07\\\/25\\\/general-mario-fernandes-admitiu-ser-autor-de-plano-para-matar-lula-e-moraes\\\/\"},\"wordCount\":608,\"commentCount\":0,\"publisher\":{\"@id\":\"https:\\\/\\\/afogadosfm.com.br\\\/afogadosfm\\\/#organization\"},\"image\":{\"@id\":\"https:\\\/\\\/afogadosfm.com.br\\\/afogadosfm\\\/2025\\\/07\\\/25\\\/general-mario-fernandes-admitiu-ser-autor-de-plano-para-matar-lula-e-moraes\\\/#primaryimage\"},\"thumbnailUrl\":\"https:\\\/\\\/i0.wp.com\\\/afogadosfm.com.br\\\/afogadosfm\\\/wp-content\\\/uploads\\\/2025\\\/07\\\/general.webp?fit=250%2C180&ssl=1\",\"articleSection\":[\"Brasil\"],\"inLanguage\":\"pt-BR\",\"potentialAction\":[{\"@type\":\"CommentAction\",\"name\":\"Comment\",\"target\":[\"https:\\\/\\\/afogadosfm.com.br\\\/afogadosfm\\\/2025\\\/07\\\/25\\\/general-mario-fernandes-admitiu-ser-autor-de-plano-para-matar-lula-e-moraes\\\/#respond\"]}]},{\"@type\":\"WebPage\",\"@id\":\"https:\\\/\\\/afogadosfm.com.br\\\/afogadosfm\\\/2025\\\/07\\\/25\\\/general-mario-fernandes-admitiu-ser-autor-de-plano-para-matar-lula-e-moraes\\\/\",\"url\":\"https:\\\/\\\/afogadosfm.com.br\\\/afogadosfm\\\/2025\\\/07\\\/25\\\/general-mario-fernandes-admitiu-ser-autor-de-plano-para-matar-lula-e-moraes\\\/\",\"name\":\"General Mario Fernandes admitiu ser autor de plano para matar Lula e Moraes - Afogados FM\",\"isPartOf\":{\"@id\":\"https:\\\/\\\/afogadosfm.com.br\\\/afogadosfm\\\/#website\"},\"primaryImageOfPage\":{\"@id\":\"https:\\\/\\\/afogadosfm.com.br\\\/afogadosfm\\\/2025\\\/07\\\/25\\\/general-mario-fernandes-admitiu-ser-autor-de-plano-para-matar-lula-e-moraes\\\/#primaryimage\"},\"image\":{\"@id\":\"https:\\\/\\\/afogadosfm.com.br\\\/afogadosfm\\\/2025\\\/07\\\/25\\\/general-mario-fernandes-admitiu-ser-autor-de-plano-para-matar-lula-e-moraes\\\/#primaryimage\"},\"thumbnailUrl\":\"https:\\\/\\\/i0.wp.com\\\/afogadosfm.com.br\\\/afogadosfm\\\/wp-content\\\/uploads\\\/2025\\\/07\\\/general.webp?fit=250%2C180&ssl=1\",\"datePublished\":\"2025-07-25T10:37:21+00:00\",\"dateModified\":\"2025-07-25T10:37:22+00:00\",\"breadcrumb\":{\"@id\":\"https:\\\/\\\/afogadosfm.com.br\\\/afogadosfm\\\/2025\\\/07\\\/25\\\/general-mario-fernandes-admitiu-ser-autor-de-plano-para-matar-lula-e-moraes\\\/#breadcrumb\"},\"inLanguage\":\"pt-BR\",\"potentialAction\":[{\"@type\":\"ReadAction\",\"target\":[\"https:\\\/\\\/afogadosfm.com.br\\\/afogadosfm\\\/2025\\\/07\\\/25\\\/general-mario-fernandes-admitiu-ser-autor-de-plano-para-matar-lula-e-moraes\\\/\"]}]},{\"@type\":\"ImageObject\",\"inLanguage\":\"pt-BR\",\"@id\":\"https:\\\/\\\/afogadosfm.com.br\\\/afogadosfm\\\/2025\\\/07\\\/25\\\/general-mario-fernandes-admitiu-ser-autor-de-plano-para-matar-lula-e-moraes\\\/#primaryimage\",\"url\":\"https:\\\/\\\/i0.wp.com\\\/afogadosfm.com.br\\\/afogadosfm\\\/wp-content\\\/uploads\\\/2025\\\/07\\\/general.webp?fit=250%2C180&ssl=1\",\"contentUrl\":\"https:\\\/\\\/i0.wp.com\\\/afogadosfm.com.br\\\/afogadosfm\\\/wp-content\\\/uploads\\\/2025\\\/07\\\/general.webp?fit=250%2C180&ssl=1\",\"width\":250,\"height\":180},{\"@type\":\"BreadcrumbList\",\"@id\":\"https:\\\/\\\/afogadosfm.com.br\\\/afogadosfm\\\/2025\\\/07\\\/25\\\/general-mario-fernandes-admitiu-ser-autor-de-plano-para-matar-lula-e-moraes\\\/#breadcrumb\",\"itemListElement\":[{\"@type\":\"ListItem\",\"position\":1,\"name\":\"In\u00edcio\",\"item\":\"https:\\\/\\\/afogadosfm.com.br\\\/afogadosfm\\\/\"},{\"@type\":\"ListItem\",\"position\":2,\"name\":\"General Mario Fernandes admitiu ser autor de plano para matar Lula e Moraes\"}]},{\"@type\":\"WebSite\",\"@id\":\"https:\\\/\\\/afogadosfm.com.br\\\/afogadosfm\\\/#website\",\"url\":\"https:\\\/\\\/afogadosfm.com.br\\\/afogadosfm\\\/\",\"name\":\"Afogados FM\",\"description\":\"Um site completo!\",\"publisher\":{\"@id\":\"https:\\\/\\\/afogadosfm.com.br\\\/afogadosfm\\\/#organization\"},\"potentialAction\":[{\"@type\":\"SearchAction\",\"target\":{\"@type\":\"EntryPoint\",\"urlTemplate\":\"https:\\\/\\\/afogadosfm.com.br\\\/afogadosfm\\\/?s={search_term_string}\"},\"query-input\":{\"@type\":\"PropertyValueSpecification\",\"valueRequired\":true,\"valueName\":\"search_term_string\"}}],\"inLanguage\":\"pt-BR\"},{\"@type\":\"Organization\",\"@id\":\"https:\\\/\\\/afogadosfm.com.br\\\/afogadosfm\\\/#organization\",\"name\":\"Afogados FM\",\"url\":\"https:\\\/\\\/afogadosfm.com.br\\\/afogadosfm\\\/\",\"logo\":{\"@type\":\"ImageObject\",\"inLanguage\":\"pt-BR\",\"@id\":\"https:\\\/\\\/afogadosfm.com.br\\\/afogadosfm\\\/#\\\/schema\\\/logo\\\/image\\\/\",\"url\":\"https:\\\/\\\/i0.wp.com\\\/afogadosfm.com.br\\\/afogadosfm\\\/wp-content\\\/uploads\\\/2020\\\/06\\\/cropped-banner-afogados-4.jpg?fit=369%2C137&ssl=1\",\"contentUrl\":\"https:\\\/\\\/i0.wp.com\\\/afogadosfm.com.br\\\/afogadosfm\\\/wp-content\\\/uploads\\\/2020\\\/06\\\/cropped-banner-afogados-4.jpg?fit=369%2C137&ssl=1\",\"width\":369,\"height\":137,\"caption\":\"Afogados FM\"},\"image\":{\"@id\":\"https:\\\/\\\/afogadosfm.com.br\\\/afogadosfm\\\/#\\\/schema\\\/logo\\\/image\\\/\"}},{\"@type\":\"Person\",\"@id\":\"https:\\\/\\\/afogadosfm.com.br\\\/afogadosfm\\\/#\\\/schema\\\/person\\\/60e56f2cf5dc960fc093fe093d9e9057\",\"name\":\"afogadosfm\",\"image\":{\"@type\":\"ImageObject\",\"inLanguage\":\"pt-BR\",\"@id\":\"https:\\\/\\\/secure.gravatar.com\\\/avatar\\\/e0359add7ed5dc3560906d861b52c6a8cf5c1e199d3a7dd85070998f49bd4701?s=96&d=mm&r=g\",\"url\":\"https:\\\/\\\/secure.gravatar.com\\\/avatar\\\/e0359add7ed5dc3560906d861b52c6a8cf5c1e199d3a7dd85070998f49bd4701?s=96&d=mm&r=g\",\"contentUrl\":\"https:\\\/\\\/secure.gravatar.com\\\/avatar\\\/e0359add7ed5dc3560906d861b52c6a8cf5c1e199d3a7dd85070998f49bd4701?s=96&d=mm&r=g\",\"caption\":\"afogadosfm\"},\"url\":\"https:\\\/\\\/afogadosfm.com.br\\\/afogadosfm\\\/author\\\/afogadosfm\\\/\"}]}<\/script>\n<!-- \/ Yoast SEO plugin. -->","yoast_head_json":{"title":"General Mario Fernandes admitiu ser autor de plano para matar Lula e Moraes - Afogados FM","robots":{"index":"index","follow":"follow","max-snippet":"max-snippet:-1","max-image-preview":"max-image-preview:large","max-video-preview":"max-video-preview:-1"},"canonical":"https:\/\/afogadosfm.com.br\/afogadosfm\/2025\/07\/25\/general-mario-fernandes-admitiu-ser-autor-de-plano-para-matar-lula-e-moraes\/","og_locale":"pt_BR","og_type":"article","og_title":"General Mario Fernandes admitiu ser autor de plano para matar Lula e Moraes - Afogados FM","og_description":"O general Mario Fernandes, ex-secret\u00e1rio executivo da Secretaria-Geral da Presid\u00eancia no governo de Jair Bolsonaro (PL), admitiu, nesta quinta-feira (24),","og_url":"https:\/\/afogadosfm.com.br\/afogadosfm\/2025\/07\/25\/general-mario-fernandes-admitiu-ser-autor-de-plano-para-matar-lula-e-moraes\/","og_site_name":"Afogados FM","article_published_time":"2025-07-25T10:37:21+00:00","article_modified_time":"2025-07-25T10:37:22+00:00","og_image":[{"width":250,"height":180,"url":"https:\/\/afogadosfm.com.br\/afogadosfm\/wp-content\/uploads\/2025\/07\/general.webp","type":"image\/webp"}],"author":"afogadosfm","twitter_card":"summary_large_image","twitter_misc":{"Escrito por":"afogadosfm","Est. tempo de leitura":"4 minutos"},"schema":{"@context":"https:\/\/schema.org","@graph":[{"@type":"Article","@id":"https:\/\/afogadosfm.com.br\/afogadosfm\/2025\/07\/25\/general-mario-fernandes-admitiu-ser-autor-de-plano-para-matar-lula-e-moraes\/#article","isPartOf":{"@id":"https:\/\/afogadosfm.com.br\/afogadosfm\/2025\/07\/25\/general-mario-fernandes-admitiu-ser-autor-de-plano-para-matar-lula-e-moraes\/"},"author":{"name":"afogadosfm","@id":"https:\/\/afogadosfm.com.br\/afogadosfm\/#\/schema\/person\/60e56f2cf5dc960fc093fe093d9e9057"},"headline":"General Mario Fernandes admitiu ser autor de plano para matar Lula e Moraes","datePublished":"2025-07-25T10:37:21+00:00","dateModified":"2025-07-25T10:37:22+00:00","mainEntityOfPage":{"@id":"https:\/\/afogadosfm.com.br\/afogadosfm\/2025\/07\/25\/general-mario-fernandes-admitiu-ser-autor-de-plano-para-matar-lula-e-moraes\/"},"wordCount":608,"commentCount":0,"publisher":{"@id":"https:\/\/afogadosfm.com.br\/afogadosfm\/#organization"},"image":{"@id":"https:\/\/afogadosfm.com.br\/afogadosfm\/2025\/07\/25\/general-mario-fernandes-admitiu-ser-autor-de-plano-para-matar-lula-e-moraes\/#primaryimage"},"thumbnailUrl":"https:\/\/i0.wp.com\/afogadosfm.com.br\/afogadosfm\/wp-content\/uploads\/2025\/07\/general.webp?fit=250%2C180&ssl=1","articleSection":["Brasil"],"inLanguage":"pt-BR","potentialAction":[{"@type":"CommentAction","name":"Comment","target":["https:\/\/afogadosfm.com.br\/afogadosfm\/2025\/07\/25\/general-mario-fernandes-admitiu-ser-autor-de-plano-para-matar-lula-e-moraes\/#respond"]}]},{"@type":"WebPage","@id":"https:\/\/afogadosfm.com.br\/afogadosfm\/2025\/07\/25\/general-mario-fernandes-admitiu-ser-autor-de-plano-para-matar-lula-e-moraes\/","url":"https:\/\/afogadosfm.com.br\/afogadosfm\/2025\/07\/25\/general-mario-fernandes-admitiu-ser-autor-de-plano-para-matar-lula-e-moraes\/","name":"General Mario Fernandes admitiu ser autor de plano para matar Lula e Moraes - Afogados FM","isPartOf":{"@id":"https:\/\/afogadosfm.com.br\/afogadosfm\/#website"},"primaryImageOfPage":{"@id":"https:\/\/afogadosfm.com.br\/afogadosfm\/2025\/07\/25\/general-mario-fernandes-admitiu-ser-autor-de-plano-para-matar-lula-e-moraes\/#primaryimage"},"image":{"@id":"https:\/\/afogadosfm.com.br\/afogadosfm\/2025\/07\/25\/general-mario-fernandes-admitiu-ser-autor-de-plano-para-matar-lula-e-moraes\/#primaryimage"},"thumbnailUrl":"https:\/\/i0.wp.com\/afogadosfm.com.br\/afogadosfm\/wp-content\/uploads\/2025\/07\/general.webp?fit=250%2C180&ssl=1","datePublished":"2025-07-25T10:37:21+00:00","dateModified":"2025-07-25T10:37:22+00:00","breadcrumb":{"@id":"https:\/\/afogadosfm.com.br\/afogadosfm\/2025\/07\/25\/general-mario-fernandes-admitiu-ser-autor-de-plano-para-matar-lula-e-moraes\/#breadcrumb"},"inLanguage":"pt-BR","potentialAction":[{"@type":"ReadAction","target":["https:\/\/afogadosfm.com.br\/afogadosfm\/2025\/07\/25\/general-mario-fernandes-admitiu-ser-autor-de-plano-para-matar-lula-e-moraes\/"]}]},{"@type":"ImageObject","inLanguage":"pt-BR","@id":"https:\/\/afogadosfm.com.br\/afogadosfm\/2025\/07\/25\/general-mario-fernandes-admitiu-ser-autor-de-plano-para-matar-lula-e-moraes\/#primaryimage","url":"https:\/\/i0.wp.com\/afogadosfm.com.br\/afogadosfm\/wp-content\/uploads\/2025\/07\/general.webp?fit=250%2C180&ssl=1","contentUrl":"https:\/\/i0.wp.com\/afogadosfm.com.br\/afogadosfm\/wp-content\/uploads\/2025\/07\/general.webp?fit=250%2C180&ssl=1","width":250,"height":180},{"@type":"BreadcrumbList","@id":"https:\/\/afogadosfm.com.br\/afogadosfm\/2025\/07\/25\/general-mario-fernandes-admitiu-ser-autor-de-plano-para-matar-lula-e-moraes\/#breadcrumb","itemListElement":[{"@type":"ListItem","position":1,"name":"In\u00edcio","item":"https:\/\/afogadosfm.com.br\/afogadosfm\/"},{"@type":"ListItem","position":2,"name":"General Mario Fernandes admitiu ser autor de plano para matar Lula e Moraes"}]},{"@type":"WebSite","@id":"https:\/\/afogadosfm.com.br\/afogadosfm\/#website","url":"https:\/\/afogadosfm.com.br\/afogadosfm\/","name":"Afogados FM","description":"Um site completo!","publisher":{"@id":"https:\/\/afogadosfm.com.br\/afogadosfm\/#organization"},"potentialAction":[{"@type":"SearchAction","target":{"@type":"EntryPoint","urlTemplate":"https:\/\/afogadosfm.com.br\/afogadosfm\/?s={search_term_string}"},"query-input":{"@type":"PropertyValueSpecification","valueRequired":true,"valueName":"search_term_string"}}],"inLanguage":"pt-BR"},{"@type":"Organization","@id":"https:\/\/afogadosfm.com.br\/afogadosfm\/#organization","name":"Afogados FM","url":"https:\/\/afogadosfm.com.br\/afogadosfm\/","logo":{"@type":"ImageObject","inLanguage":"pt-BR","@id":"https:\/\/afogadosfm.com.br\/afogadosfm\/#\/schema\/logo\/image\/","url":"https:\/\/i0.wp.com\/afogadosfm.com.br\/afogadosfm\/wp-content\/uploads\/2020\/06\/cropped-banner-afogados-4.jpg?fit=369%2C137&ssl=1","contentUrl":"https:\/\/i0.wp.com\/afogadosfm.com.br\/afogadosfm\/wp-content\/uploads\/2020\/06\/cropped-banner-afogados-4.jpg?fit=369%2C137&ssl=1","width":369,"height":137,"caption":"Afogados FM"},"image":{"@id":"https:\/\/afogadosfm.com.br\/afogadosfm\/#\/schema\/logo\/image\/"}},{"@type":"Person","@id":"https:\/\/afogadosfm.com.br\/afogadosfm\/#\/schema\/person\/60e56f2cf5dc960fc093fe093d9e9057","name":"afogadosfm","image":{"@type":"ImageObject","inLanguage":"pt-BR","@id":"https:\/\/secure.gravatar.com\/avatar\/e0359add7ed5dc3560906d861b52c6a8cf5c1e199d3a7dd85070998f49bd4701?s=96&d=mm&r=g","url":"https:\/\/secure.gravatar.com\/avatar\/e0359add7ed5dc3560906d861b52c6a8cf5c1e199d3a7dd85070998f49bd4701?s=96&d=mm&r=g","contentUrl":"https:\/\/secure.gravatar.com\/avatar\/e0359add7ed5dc3560906d861b52c6a8cf5c1e199d3a7dd85070998f49bd4701?s=96&d=mm&r=g","caption":"afogadosfm"},"url":"https:\/\/afogadosfm.com.br\/afogadosfm\/author\/afogadosfm\/"}]}},"jetpack_publicize_connections":[],"jetpack_featured_media_url":"https:\/\/i0.wp.com\/afogadosfm.com.br\/afogadosfm\/wp-content\/uploads\/2025\/07\/general.webp?fit=250%2C180&ssl=1","jetpack-related-posts":[],"jetpack_sharing_enabled":true,"jetpack_likes_enabled":true,"_links":{"self":[{"href":"https:\/\/afogadosfm.com.br\/afogadosfm\/wp-json\/wp\/v2\/posts\/67670","targetHints":{"allow":["GET"]}}],"collection":[{"href":"https:\/\/afogadosfm.com.br\/afogadosfm\/wp-json\/wp\/v2\/posts"}],"about":[{"href":"https:\/\/afogadosfm.com.br\/afogadosfm\/wp-json\/wp\/v2\/types\/post"}],"author":[{"embeddable":true,"href":"https:\/\/afogadosfm.com.br\/afogadosfm\/wp-json\/wp\/v2\/users\/2"}],"replies":[{"embeddable":true,"href":"https:\/\/afogadosfm.com.br\/afogadosfm\/wp-json\/wp\/v2\/comments?post=67670"}],"version-history":[{"count":1,"href":"https:\/\/afogadosfm.com.br\/afogadosfm\/wp-json\/wp\/v2\/posts\/67670\/revisions"}],"predecessor-version":[{"id":67672,"href":"https:\/\/afogadosfm.com.br\/afogadosfm\/wp-json\/wp\/v2\/posts\/67670\/revisions\/67672"}],"wp:featuredmedia":[{"embeddable":true,"href":"https:\/\/afogadosfm.com.br\/afogadosfm\/wp-json\/wp\/v2\/media\/67671"}],"wp:attachment":[{"href":"https:\/\/afogadosfm.com.br\/afogadosfm\/wp-json\/wp\/v2\/media?parent=67670"}],"wp:term":[{"taxonomy":"category","embeddable":true,"href":"https:\/\/afogadosfm.com.br\/afogadosfm\/wp-json\/wp\/v2\/categories?post=67670"},{"taxonomy":"post_tag","embeddable":true,"href":"https:\/\/afogadosfm.com.br\/afogadosfm\/wp-json\/wp\/v2\/tags?post=67670"}],"curies":[{"name":"wp","href":"https:\/\/api.w.org\/{rel}","templated":true}]}}