{"id":67677,"date":"2025-07-25T08:43:44","date_gmt":"2025-07-25T11:43:44","guid":{"rendered":"https:\/\/afogadosfm.com.br\/afogadosfm\/?p=67677"},"modified":"2025-07-25T08:48:17","modified_gmt":"2025-07-25T11:48:17","slug":"pintou-um-clima-justica-condena-bolsonaro-a-pagar-r-150-mil-por-falas-sobre-meninas-venezuelanas","status":"publish","type":"post","link":"https:\/\/afogadosfm.com.br\/afogadosfm\/2025\/07\/25\/pintou-um-clima-justica-condena-bolsonaro-a-pagar-r-150-mil-por-falas-sobre-meninas-venezuelanas\/","title":{"rendered":"&#8220;Pintou um clima&#8221; justi\u00e7a condena Bolsonaro a pagar R$ 150 mil por falas sobre meninas venezuelanas"},"content":{"rendered":"\n<p>O Tribunal de Justi\u00e7a do Distrito Federal e dos Territ\u00f3rios (TJDFT) condenou o ex-presidente Jair Bolsonaro (PL) ao pagamento de R$ 150 mil por danos morais coletivos por declara\u00e7\u00f5es com conota\u00e7\u00e3o sexual envolvendo adolescentes migrantes venezuelanas durante a campanha eleitoral de 2022. O valor dever\u00e1 ser destinado ao Fundo dos Direitos da Crian\u00e7a e do Adolescente.<\/p>\n\n\n\n<p> A decis\u00e3o foi proferida pela 5\u00aa Turma C\u00edvel do TJDFT, que acolheu parcialmente o recurso do Minist\u00e9rio P\u00fablico do DF. A promotoria havia pedido uma indeniza\u00e7\u00e3o de R$ 30 milh\u00f5es, alegando que Bolsonaro violou os direitos de crian\u00e7as e adolescentes ao estimular gestos violentos por menores e sexualizar adolescentes em situa\u00e7\u00e3o de vulnerabilidade.<\/p>\n\n\n\n<p> Os magistrados rejeitaram a maior parte dos argumentos, mas reconheceram a exist\u00eancia de dano coletivo causado por declara\u00e7\u00f5es feitas pelo ent\u00e3o presidente em uma transmiss\u00e3o ao vivo nas redes sociais.<\/p>\n\n\n\n<p> Durante a live, Bolsonaro afirmou ter visto \u201cmeninas bonitinhas de 14, 15 anos, arrumadinhas num s\u00e1bado, pintou um clima\u201d, ao relatar uma visita a uma comunidade carente de Bras\u00edlia onde viviam adolescentes venezuelanas. Para a relatora, desembargadora Leonor Aguena, as declara\u00e7\u00f5es refor\u00e7aram estere\u00f3tipos e tiveram \u201cconota\u00e7\u00e3o sexual inaceit\u00e1vel, especialmente vinda de uma figura p\u00fablica com alta capacidade de influ\u00eancia\u201d.<\/p>\n\n\n\n<p> Segundo a magistrada, o discurso ultrapassou os limites da liberdade de express\u00e3o e violou princ\u00edpios constitucionais de prote\u00e7\u00e3o integral da inf\u00e2ncia e da adolesc\u00eancia.<\/p>\n\n\n\n<p>\u201cA forma como a fala foi constru\u00edda associa vulnerabilidade social \u00e0 disponibilidade sexual, o que contribui para a estigmatiza\u00e7\u00e3o de meninas migrantes e pobres. Isso ofende a dignidade coletiva das adolescentes e gera um impacto que deve ser reparado\u201d, afirmou a relatora.<\/p>\n","protected":false},"excerpt":{"rendered":"<p>O Tribunal de Justi\u00e7a do Distrito Federal e dos Territ\u00f3rios (TJDFT) condenou o ex-presidente Jair Bolsonaro (PL) ao pagamento de<\/p>\n","protected":false},"author":2,"featured_media":67679,"comment_status":"open","ping_status":"open","sticky":false,"template":"","format":"standard","meta":{"jetpack_post_was_ever_published":false,"_jetpack_newsletter_access":"","_jetpack_dont_email_post_to_subs":false,"_jetpack_newsletter_tier_id":0,"_jetpack_memberships_contains_paywalled_content":false,"_jetpack_memberships_contains_paid_content":false,"footnotes":"","jetpack_publicize_message":"","jetpack_publicize_feature_enabled":true,"jetpack_social_post_already_shared":true,"jetpack_social_options":{"image_generator_settings":{"template":"highway","default_image_id":0,"font":"","enabled":false},"version":2}},"categories":[12],"tags":[],"class_list":["post-67677","post","type-post","status-publish","format-standard","has-post-thumbnail","hentry","category-brasil"],"yoast_head":"<!-- This site is optimized with the Yoast SEO plugin v27.5 - https:\/\/yoast.com\/product\/yoast-seo-wordpress\/ -->\n<title>&quot;Pintou um clima&quot; justi\u00e7a condena Bolsonaro a pagar R$ 150 mil por falas sobre meninas venezuelanas - Afogados FM<\/title>\n<meta name=\"robots\" content=\"index, follow, max-snippet:-1, max-image-preview:large, max-video-preview:-1\" \/>\n<link rel=\"canonical\" href=\"https:\/\/afogadosfm.com.br\/afogadosfm\/2025\/07\/25\/pintou-um-clima-justica-condena-bolsonaro-a-pagar-r-150-mil-por-falas-sobre-meninas-venezuelanas\/\" \/>\n<meta property=\"og:locale\" content=\"pt_BR\" \/>\n<meta property=\"og:type\" content=\"article\" \/>\n<meta property=\"og:title\" content=\"&quot;Pintou um clima&quot; justi\u00e7a condena Bolsonaro a pagar R$ 150 mil por falas sobre meninas venezuelanas - Afogados FM\" \/>\n<meta property=\"og:description\" content=\"O Tribunal de Justi\u00e7a do Distrito Federal e dos Territ\u00f3rios (TJDFT) condenou o ex-presidente Jair Bolsonaro (PL) ao pagamento de\" \/>\n<meta property=\"og:url\" content=\"https:\/\/afogadosfm.com.br\/afogadosfm\/2025\/07\/25\/pintou-um-clima-justica-condena-bolsonaro-a-pagar-r-150-mil-por-falas-sobre-meninas-venezuelanas\/\" \/>\n<meta property=\"og:site_name\" content=\"Afogados FM\" \/>\n<meta property=\"article:published_time\" content=\"2025-07-25T11:43:44+00:00\" \/>\n<meta property=\"article:modified_time\" content=\"2025-07-25T11:48:17+00:00\" \/>\n<meta property=\"og:image\" content=\"https:\/\/afogadosfm.com.br\/afogadosfm\/wp-content\/uploads\/2025\/07\/TJDF.webp\" \/>\n\t<meta property=\"og:image:width\" content=\"474\" \/>\n\t<meta property=\"og:image:height\" content=\"316\" \/>\n\t<meta property=\"og:image:type\" content=\"image\/webp\" \/>\n<meta name=\"author\" content=\"afogadosfm\" \/>\n<meta name=\"twitter:card\" content=\"summary_large_image\" \/>\n<meta name=\"twitter:label1\" content=\"Escrito por\" \/>\n\t<meta name=\"twitter:data1\" content=\"afogadosfm\" \/>\n\t<meta name=\"twitter:label2\" content=\"Est. tempo de leitura\" \/>\n\t<meta name=\"twitter:data2\" content=\"2 minutos\" \/>\n<script type=\"application\/ld+json\" class=\"yoast-schema-graph\">{\"@context\":\"https:\\\/\\\/schema.org\",\"@graph\":[{\"@type\":\"Article\",\"@id\":\"https:\\\/\\\/afogadosfm.com.br\\\/afogadosfm\\\/2025\\\/07\\\/25\\\/pintou-um-clima-justica-condena-bolsonaro-a-pagar-r-150-mil-por-falas-sobre-meninas-venezuelanas\\\/#article\",\"isPartOf\":{\"@id\":\"https:\\\/\\\/afogadosfm.com.br\\\/afogadosfm\\\/2025\\\/07\\\/25\\\/pintou-um-clima-justica-condena-bolsonaro-a-pagar-r-150-mil-por-falas-sobre-meninas-venezuelanas\\\/\"},\"author\":{\"name\":\"afogadosfm\",\"@id\":\"https:\\\/\\\/afogadosfm.com.br\\\/afogadosfm\\\/#\\\/schema\\\/person\\\/60e56f2cf5dc960fc093fe093d9e9057\"},\"headline\":\"&#8220;Pintou um clima&#8221; justi\u00e7a condena Bolsonaro a pagar R$ 150 mil por falas sobre meninas venezuelanas\",\"datePublished\":\"2025-07-25T11:43:44+00:00\",\"dateModified\":\"2025-07-25T11:48:17+00:00\",\"mainEntityOfPage\":{\"@id\":\"https:\\\/\\\/afogadosfm.com.br\\\/afogadosfm\\\/2025\\\/07\\\/25\\\/pintou-um-clima-justica-condena-bolsonaro-a-pagar-r-150-mil-por-falas-sobre-meninas-venezuelanas\\\/\"},\"wordCount\":306,\"commentCount\":0,\"publisher\":{\"@id\":\"https:\\\/\\\/afogadosfm.com.br\\\/afogadosfm\\\/#organization\"},\"image\":{\"@id\":\"https:\\\/\\\/afogadosfm.com.br\\\/afogadosfm\\\/2025\\\/07\\\/25\\\/pintou-um-clima-justica-condena-bolsonaro-a-pagar-r-150-mil-por-falas-sobre-meninas-venezuelanas\\\/#primaryimage\"},\"thumbnailUrl\":\"https:\\\/\\\/i0.wp.com\\\/afogadosfm.com.br\\\/afogadosfm\\\/wp-content\\\/uploads\\\/2025\\\/07\\\/TJDF.webp?fit=474%2C316&ssl=1\",\"articleSection\":[\"Brasil\"],\"inLanguage\":\"pt-BR\",\"potentialAction\":[{\"@type\":\"CommentAction\",\"name\":\"Comment\",\"target\":[\"https:\\\/\\\/afogadosfm.com.br\\\/afogadosfm\\\/2025\\\/07\\\/25\\\/pintou-um-clima-justica-condena-bolsonaro-a-pagar-r-150-mil-por-falas-sobre-meninas-venezuelanas\\\/#respond\"]}]},{\"@type\":\"WebPage\",\"@id\":\"https:\\\/\\\/afogadosfm.com.br\\\/afogadosfm\\\/2025\\\/07\\\/25\\\/pintou-um-clima-justica-condena-bolsonaro-a-pagar-r-150-mil-por-falas-sobre-meninas-venezuelanas\\\/\",\"url\":\"https:\\\/\\\/afogadosfm.com.br\\\/afogadosfm\\\/2025\\\/07\\\/25\\\/pintou-um-clima-justica-condena-bolsonaro-a-pagar-r-150-mil-por-falas-sobre-meninas-venezuelanas\\\/\",\"name\":\"\\\"Pintou um clima\\\" justi\u00e7a condena Bolsonaro a pagar R$ 150 mil por falas sobre meninas venezuelanas - Afogados FM\",\"isPartOf\":{\"@id\":\"https:\\\/\\\/afogadosfm.com.br\\\/afogadosfm\\\/#website\"},\"primaryImageOfPage\":{\"@id\":\"https:\\\/\\\/afogadosfm.com.br\\\/afogadosfm\\\/2025\\\/07\\\/25\\\/pintou-um-clima-justica-condena-bolsonaro-a-pagar-r-150-mil-por-falas-sobre-meninas-venezuelanas\\\/#primaryimage\"},\"image\":{\"@id\":\"https:\\\/\\\/afogadosfm.com.br\\\/afogadosfm\\\/2025\\\/07\\\/25\\\/pintou-um-clima-justica-condena-bolsonaro-a-pagar-r-150-mil-por-falas-sobre-meninas-venezuelanas\\\/#primaryimage\"},\"thumbnailUrl\":\"https:\\\/\\\/i0.wp.com\\\/afogadosfm.com.br\\\/afogadosfm\\\/wp-content\\\/uploads\\\/2025\\\/07\\\/TJDF.webp?fit=474%2C316&ssl=1\",\"datePublished\":\"2025-07-25T11:43:44+00:00\",\"dateModified\":\"2025-07-25T11:48:17+00:00\",\"breadcrumb\":{\"@id\":\"https:\\\/\\\/afogadosfm.com.br\\\/afogadosfm\\\/2025\\\/07\\\/25\\\/pintou-um-clima-justica-condena-bolsonaro-a-pagar-r-150-mil-por-falas-sobre-meninas-venezuelanas\\\/#breadcrumb\"},\"inLanguage\":\"pt-BR\",\"potentialAction\":[{\"@type\":\"ReadAction\",\"target\":[\"https:\\\/\\\/afogadosfm.com.br\\\/afogadosfm\\\/2025\\\/07\\\/25\\\/pintou-um-clima-justica-condena-bolsonaro-a-pagar-r-150-mil-por-falas-sobre-meninas-venezuelanas\\\/\"]}]},{\"@type\":\"ImageObject\",\"inLanguage\":\"pt-BR\",\"@id\":\"https:\\\/\\\/afogadosfm.com.br\\\/afogadosfm\\\/2025\\\/07\\\/25\\\/pintou-um-clima-justica-condena-bolsonaro-a-pagar-r-150-mil-por-falas-sobre-meninas-venezuelanas\\\/#primaryimage\",\"url\":\"https:\\\/\\\/i0.wp.com\\\/afogadosfm.com.br\\\/afogadosfm\\\/wp-content\\\/uploads\\\/2025\\\/07\\\/TJDF.webp?fit=474%2C316&ssl=1\",\"contentUrl\":\"https:\\\/\\\/i0.wp.com\\\/afogadosfm.com.br\\\/afogadosfm\\\/wp-content\\\/uploads\\\/2025\\\/07\\\/TJDF.webp?fit=474%2C316&ssl=1\",\"width\":474,\"height\":316},{\"@type\":\"BreadcrumbList\",\"@id\":\"https:\\\/\\\/afogadosfm.com.br\\\/afogadosfm\\\/2025\\\/07\\\/25\\\/pintou-um-clima-justica-condena-bolsonaro-a-pagar-r-150-mil-por-falas-sobre-meninas-venezuelanas\\\/#breadcrumb\",\"itemListElement\":[{\"@type\":\"ListItem\",\"position\":1,\"name\":\"In\u00edcio\",\"item\":\"https:\\\/\\\/afogadosfm.com.br\\\/afogadosfm\\\/\"},{\"@type\":\"ListItem\",\"position\":2,\"name\":\"&#8220;Pintou um clima&#8221; justi\u00e7a condena Bolsonaro a pagar R$ 150 mil por falas sobre meninas venezuelanas\"}]},{\"@type\":\"WebSite\",\"@id\":\"https:\\\/\\\/afogadosfm.com.br\\\/afogadosfm\\\/#website\",\"url\":\"https:\\\/\\\/afogadosfm.com.br\\\/afogadosfm\\\/\",\"name\":\"Afogados FM\",\"description\":\"Um site completo!\",\"publisher\":{\"@id\":\"https:\\\/\\\/afogadosfm.com.br\\\/afogadosfm\\\/#organization\"},\"potentialAction\":[{\"@type\":\"SearchAction\",\"target\":{\"@type\":\"EntryPoint\",\"urlTemplate\":\"https:\\\/\\\/afogadosfm.com.br\\\/afogadosfm\\\/?s={search_term_string}\"},\"query-input\":{\"@type\":\"PropertyValueSpecification\",\"valueRequired\":true,\"valueName\":\"search_term_string\"}}],\"inLanguage\":\"pt-BR\"},{\"@type\":\"Organization\",\"@id\":\"https:\\\/\\\/afogadosfm.com.br\\\/afogadosfm\\\/#organization\",\"name\":\"Afogados FM\",\"url\":\"https:\\\/\\\/afogadosfm.com.br\\\/afogadosfm\\\/\",\"logo\":{\"@type\":\"ImageObject\",\"inLanguage\":\"pt-BR\",\"@id\":\"https:\\\/\\\/afogadosfm.com.br\\\/afogadosfm\\\/#\\\/schema\\\/logo\\\/image\\\/\",\"url\":\"https:\\\/\\\/i0.wp.com\\\/afogadosfm.com.br\\\/afogadosfm\\\/wp-content\\\/uploads\\\/2020\\\/06\\\/cropped-banner-afogados-4.jpg?fit=369%2C137&ssl=1\",\"contentUrl\":\"https:\\\/\\\/i0.wp.com\\\/afogadosfm.com.br\\\/afogadosfm\\\/wp-content\\\/uploads\\\/2020\\\/06\\\/cropped-banner-afogados-4.jpg?fit=369%2C137&ssl=1\",\"width\":369,\"height\":137,\"caption\":\"Afogados FM\"},\"image\":{\"@id\":\"https:\\\/\\\/afogadosfm.com.br\\\/afogadosfm\\\/#\\\/schema\\\/logo\\\/image\\\/\"}},{\"@type\":\"Person\",\"@id\":\"https:\\\/\\\/afogadosfm.com.br\\\/afogadosfm\\\/#\\\/schema\\\/person\\\/60e56f2cf5dc960fc093fe093d9e9057\",\"name\":\"afogadosfm\",\"image\":{\"@type\":\"ImageObject\",\"inLanguage\":\"pt-BR\",\"@id\":\"https:\\\/\\\/secure.gravatar.com\\\/avatar\\\/e0359add7ed5dc3560906d861b52c6a8cf5c1e199d3a7dd85070998f49bd4701?s=96&d=mm&r=g\",\"url\":\"https:\\\/\\\/secure.gravatar.com\\\/avatar\\\/e0359add7ed5dc3560906d861b52c6a8cf5c1e199d3a7dd85070998f49bd4701?s=96&d=mm&r=g\",\"contentUrl\":\"https:\\\/\\\/secure.gravatar.com\\\/avatar\\\/e0359add7ed5dc3560906d861b52c6a8cf5c1e199d3a7dd85070998f49bd4701?s=96&d=mm&r=g\",\"caption\":\"afogadosfm\"},\"url\":\"https:\\\/\\\/afogadosfm.com.br\\\/afogadosfm\\\/author\\\/afogadosfm\\\/\"}]}<\/script>\n<!-- \/ Yoast SEO plugin. -->","yoast_head_json":{"title":"\"Pintou um clima\" justi\u00e7a condena Bolsonaro a pagar R$ 150 mil por falas sobre meninas venezuelanas - Afogados FM","robots":{"index":"index","follow":"follow","max-snippet":"max-snippet:-1","max-image-preview":"max-image-preview:large","max-video-preview":"max-video-preview:-1"},"canonical":"https:\/\/afogadosfm.com.br\/afogadosfm\/2025\/07\/25\/pintou-um-clima-justica-condena-bolsonaro-a-pagar-r-150-mil-por-falas-sobre-meninas-venezuelanas\/","og_locale":"pt_BR","og_type":"article","og_title":"\"Pintou um clima\" justi\u00e7a condena Bolsonaro a pagar R$ 150 mil por falas sobre meninas venezuelanas - Afogados FM","og_description":"O Tribunal de Justi\u00e7a do Distrito Federal e dos Territ\u00f3rios (TJDFT) condenou o ex-presidente Jair Bolsonaro (PL) ao pagamento de","og_url":"https:\/\/afogadosfm.com.br\/afogadosfm\/2025\/07\/25\/pintou-um-clima-justica-condena-bolsonaro-a-pagar-r-150-mil-por-falas-sobre-meninas-venezuelanas\/","og_site_name":"Afogados FM","article_published_time":"2025-07-25T11:43:44+00:00","article_modified_time":"2025-07-25T11:48:17+00:00","og_image":[{"width":474,"height":316,"url":"https:\/\/afogadosfm.com.br\/afogadosfm\/wp-content\/uploads\/2025\/07\/TJDF.webp","type":"image\/webp"}],"author":"afogadosfm","twitter_card":"summary_large_image","twitter_misc":{"Escrito por":"afogadosfm","Est. tempo de leitura":"2 minutos"},"schema":{"@context":"https:\/\/schema.org","@graph":[{"@type":"Article","@id":"https:\/\/afogadosfm.com.br\/afogadosfm\/2025\/07\/25\/pintou-um-clima-justica-condena-bolsonaro-a-pagar-r-150-mil-por-falas-sobre-meninas-venezuelanas\/#article","isPartOf":{"@id":"https:\/\/afogadosfm.com.br\/afogadosfm\/2025\/07\/25\/pintou-um-clima-justica-condena-bolsonaro-a-pagar-r-150-mil-por-falas-sobre-meninas-venezuelanas\/"},"author":{"name":"afogadosfm","@id":"https:\/\/afogadosfm.com.br\/afogadosfm\/#\/schema\/person\/60e56f2cf5dc960fc093fe093d9e9057"},"headline":"&#8220;Pintou um clima&#8221; justi\u00e7a condena Bolsonaro a pagar R$ 150 mil por falas sobre meninas venezuelanas","datePublished":"2025-07-25T11:43:44+00:00","dateModified":"2025-07-25T11:48:17+00:00","mainEntityOfPage":{"@id":"https:\/\/afogadosfm.com.br\/afogadosfm\/2025\/07\/25\/pintou-um-clima-justica-condena-bolsonaro-a-pagar-r-150-mil-por-falas-sobre-meninas-venezuelanas\/"},"wordCount":306,"commentCount":0,"publisher":{"@id":"https:\/\/afogadosfm.com.br\/afogadosfm\/#organization"},"image":{"@id":"https:\/\/afogadosfm.com.br\/afogadosfm\/2025\/07\/25\/pintou-um-clima-justica-condena-bolsonaro-a-pagar-r-150-mil-por-falas-sobre-meninas-venezuelanas\/#primaryimage"},"thumbnailUrl":"https:\/\/i0.wp.com\/afogadosfm.com.br\/afogadosfm\/wp-content\/uploads\/2025\/07\/TJDF.webp?fit=474%2C316&ssl=1","articleSection":["Brasil"],"inLanguage":"pt-BR","potentialAction":[{"@type":"CommentAction","name":"Comment","target":["https:\/\/afogadosfm.com.br\/afogadosfm\/2025\/07\/25\/pintou-um-clima-justica-condena-bolsonaro-a-pagar-r-150-mil-por-falas-sobre-meninas-venezuelanas\/#respond"]}]},{"@type":"WebPage","@id":"https:\/\/afogadosfm.com.br\/afogadosfm\/2025\/07\/25\/pintou-um-clima-justica-condena-bolsonaro-a-pagar-r-150-mil-por-falas-sobre-meninas-venezuelanas\/","url":"https:\/\/afogadosfm.com.br\/afogadosfm\/2025\/07\/25\/pintou-um-clima-justica-condena-bolsonaro-a-pagar-r-150-mil-por-falas-sobre-meninas-venezuelanas\/","name":"\"Pintou um clima\" justi\u00e7a condena Bolsonaro a pagar R$ 150 mil por falas sobre meninas venezuelanas - Afogados FM","isPartOf":{"@id":"https:\/\/afogadosfm.com.br\/afogadosfm\/#website"},"primaryImageOfPage":{"@id":"https:\/\/afogadosfm.com.br\/afogadosfm\/2025\/07\/25\/pintou-um-clima-justica-condena-bolsonaro-a-pagar-r-150-mil-por-falas-sobre-meninas-venezuelanas\/#primaryimage"},"image":{"@id":"https:\/\/afogadosfm.com.br\/afogadosfm\/2025\/07\/25\/pintou-um-clima-justica-condena-bolsonaro-a-pagar-r-150-mil-por-falas-sobre-meninas-venezuelanas\/#primaryimage"},"thumbnailUrl":"https:\/\/i0.wp.com\/afogadosfm.com.br\/afogadosfm\/wp-content\/uploads\/2025\/07\/TJDF.webp?fit=474%2C316&ssl=1","datePublished":"2025-07-25T11:43:44+00:00","dateModified":"2025-07-25T11:48:17+00:00","breadcrumb":{"@id":"https:\/\/afogadosfm.com.br\/afogadosfm\/2025\/07\/25\/pintou-um-clima-justica-condena-bolsonaro-a-pagar-r-150-mil-por-falas-sobre-meninas-venezuelanas\/#breadcrumb"},"inLanguage":"pt-BR","potentialAction":[{"@type":"ReadAction","target":["https:\/\/afogadosfm.com.br\/afogadosfm\/2025\/07\/25\/pintou-um-clima-justica-condena-bolsonaro-a-pagar-r-150-mil-por-falas-sobre-meninas-venezuelanas\/"]}]},{"@type":"ImageObject","inLanguage":"pt-BR","@id":"https:\/\/afogadosfm.com.br\/afogadosfm\/2025\/07\/25\/pintou-um-clima-justica-condena-bolsonaro-a-pagar-r-150-mil-por-falas-sobre-meninas-venezuelanas\/#primaryimage","url":"https:\/\/i0.wp.com\/afogadosfm.com.br\/afogadosfm\/wp-content\/uploads\/2025\/07\/TJDF.webp?fit=474%2C316&ssl=1","contentUrl":"https:\/\/i0.wp.com\/afogadosfm.com.br\/afogadosfm\/wp-content\/uploads\/2025\/07\/TJDF.webp?fit=474%2C316&ssl=1","width":474,"height":316},{"@type":"BreadcrumbList","@id":"https:\/\/afogadosfm.com.br\/afogadosfm\/2025\/07\/25\/pintou-um-clima-justica-condena-bolsonaro-a-pagar-r-150-mil-por-falas-sobre-meninas-venezuelanas\/#breadcrumb","itemListElement":[{"@type":"ListItem","position":1,"name":"In\u00edcio","item":"https:\/\/afogadosfm.com.br\/afogadosfm\/"},{"@type":"ListItem","position":2,"name":"&#8220;Pintou um clima&#8221; justi\u00e7a condena Bolsonaro a pagar R$ 150 mil por falas sobre meninas venezuelanas"}]},{"@type":"WebSite","@id":"https:\/\/afogadosfm.com.br\/afogadosfm\/#website","url":"https:\/\/afogadosfm.com.br\/afogadosfm\/","name":"Afogados FM","description":"Um site completo!","publisher":{"@id":"https:\/\/afogadosfm.com.br\/afogadosfm\/#organization"},"potentialAction":[{"@type":"SearchAction","target":{"@type":"EntryPoint","urlTemplate":"https:\/\/afogadosfm.com.br\/afogadosfm\/?s={search_term_string}"},"query-input":{"@type":"PropertyValueSpecification","valueRequired":true,"valueName":"search_term_string"}}],"inLanguage":"pt-BR"},{"@type":"Organization","@id":"https:\/\/afogadosfm.com.br\/afogadosfm\/#organization","name":"Afogados FM","url":"https:\/\/afogadosfm.com.br\/afogadosfm\/","logo":{"@type":"ImageObject","inLanguage":"pt-BR","@id":"https:\/\/afogadosfm.com.br\/afogadosfm\/#\/schema\/logo\/image\/","url":"https:\/\/i0.wp.com\/afogadosfm.com.br\/afogadosfm\/wp-content\/uploads\/2020\/06\/cropped-banner-afogados-4.jpg?fit=369%2C137&ssl=1","contentUrl":"https:\/\/i0.wp.com\/afogadosfm.com.br\/afogadosfm\/wp-content\/uploads\/2020\/06\/cropped-banner-afogados-4.jpg?fit=369%2C137&ssl=1","width":369,"height":137,"caption":"Afogados FM"},"image":{"@id":"https:\/\/afogadosfm.com.br\/afogadosfm\/#\/schema\/logo\/image\/"}},{"@type":"Person","@id":"https:\/\/afogadosfm.com.br\/afogadosfm\/#\/schema\/person\/60e56f2cf5dc960fc093fe093d9e9057","name":"afogadosfm","image":{"@type":"ImageObject","inLanguage":"pt-BR","@id":"https:\/\/secure.gravatar.com\/avatar\/e0359add7ed5dc3560906d861b52c6a8cf5c1e199d3a7dd85070998f49bd4701?s=96&d=mm&r=g","url":"https:\/\/secure.gravatar.com\/avatar\/e0359add7ed5dc3560906d861b52c6a8cf5c1e199d3a7dd85070998f49bd4701?s=96&d=mm&r=g","contentUrl":"https:\/\/secure.gravatar.com\/avatar\/e0359add7ed5dc3560906d861b52c6a8cf5c1e199d3a7dd85070998f49bd4701?s=96&d=mm&r=g","caption":"afogadosfm"},"url":"https:\/\/afogadosfm.com.br\/afogadosfm\/author\/afogadosfm\/"}]}},"jetpack_publicize_connections":[],"jetpack_featured_media_url":"https:\/\/i0.wp.com\/afogadosfm.com.br\/afogadosfm\/wp-content\/uploads\/2025\/07\/TJDF.webp?fit=474%2C316&ssl=1","jetpack-related-posts":[],"jetpack_sharing_enabled":true,"jetpack_likes_enabled":true,"_links":{"self":[{"href":"https:\/\/afogadosfm.com.br\/afogadosfm\/wp-json\/wp\/v2\/posts\/67677","targetHints":{"allow":["GET"]}}],"collection":[{"href":"https:\/\/afogadosfm.com.br\/afogadosfm\/wp-json\/wp\/v2\/posts"}],"about":[{"href":"https:\/\/afogadosfm.com.br\/afogadosfm\/wp-json\/wp\/v2\/types\/post"}],"author":[{"embeddable":true,"href":"https:\/\/afogadosfm.com.br\/afogadosfm\/wp-json\/wp\/v2\/users\/2"}],"replies":[{"embeddable":true,"href":"https:\/\/afogadosfm.com.br\/afogadosfm\/wp-json\/wp\/v2\/comments?post=67677"}],"version-history":[{"count":1,"href":"https:\/\/afogadosfm.com.br\/afogadosfm\/wp-json\/wp\/v2\/posts\/67677\/revisions"}],"predecessor-version":[{"id":67678,"href":"https:\/\/afogadosfm.com.br\/afogadosfm\/wp-json\/wp\/v2\/posts\/67677\/revisions\/67678"}],"wp:featuredmedia":[{"embeddable":true,"href":"https:\/\/afogadosfm.com.br\/afogadosfm\/wp-json\/wp\/v2\/media\/67679"}],"wp:attachment":[{"href":"https:\/\/afogadosfm.com.br\/afogadosfm\/wp-json\/wp\/v2\/media?parent=67677"}],"wp:term":[{"taxonomy":"category","embeddable":true,"href":"https:\/\/afogadosfm.com.br\/afogadosfm\/wp-json\/wp\/v2\/categories?post=67677"},{"taxonomy":"post_tag","embeddable":true,"href":"https:\/\/afogadosfm.com.br\/afogadosfm\/wp-json\/wp\/v2\/tags?post=67677"}],"curies":[{"name":"wp","href":"https:\/\/api.w.org\/{rel}","templated":true}]}}