{"id":67698,"date":"2025-07-26T07:09:38","date_gmt":"2025-07-26T10:09:38","guid":{"rendered":"https:\/\/afogadosfm.com.br\/afogadosfm\/?p=67698"},"modified":"2025-07-26T07:09:39","modified_gmt":"2025-07-26T10:09:39","slug":"pernambuco-tem-duas-entre-as-cidades-mais-perigosas-do-brasil","status":"publish","type":"post","link":"https:\/\/afogadosfm.com.br\/afogadosfm\/2025\/07\/26\/pernambuco-tem-duas-entre-as-cidades-mais-perigosas-do-brasil\/","title":{"rendered":"Pernambuco tem duas entre as cidades mais perigosas do Brasil"},"content":{"rendered":"\n<p>Duas cidades de Pernambuco figuram entre as 10 mais violentas do Brasil em 2024. Cabo de Santo Agostinho e S\u00e3o Louren\u00e7o da Mata, ambas na Regi\u00e3o Metropolitana do Recife, aparecem no ranking do Anu\u00e1rio Brasileiro de Seguran\u00e7a P\u00fablica 2025, divulgado na quinta-feira (24) pelo F\u00f3rum Brasileiro de Seguran\u00e7a P\u00fablica (FBSP).<\/p>\n\n\n\n<p>S\u00e3o do Nordeste do Brasil todos os 10 munic\u00edpios com maiores taxas de Mortes Violentas Intencionais (MVI), sendo cinco deles da Bahia. Os dados usados para a classifica\u00e7\u00e3o s\u00e3o do ano de 2024.<\/p>\n\n\n\n<p>Entre os crimes que se enquadram como MVI est\u00e3o homic\u00eddios dolosos, latroc\u00ednios, les\u00f5es corporais seguidas de morte e mortes decorrentes de interven\u00e7\u00e3o policial.<\/p>\n\n\n\n<p>A lista \u00e9 liderada por Maranguape, na Regi\u00e3o Metropolitana do Cear\u00e1, com taxa de 79,9 \u00f3bitos a cada 100 mil habitantes. Em 2023, o munic\u00edpio aparecia no oitavo lugar com 78 v\u00edtimas de MVI. Com crescimento de 11,5% no n\u00famero de v\u00edtimas, a cidade somou 87 mortes em 2024.<\/p>\n\n\n\n<p>\ud83d\udccaNa sequ\u00eancia da lista est\u00e3o Jequi\u00e9 (BA), com taxa de 77,6, e Juazeiro (BA), com 76,2. Em quarto lugar no ranking das cidades com maiores taxas de mortes violentas intencionais est\u00e1 o munic\u00edpio de Cama\u00e7ari (BA), com 74,8 mortes a cada 100 mil habitantes.<\/p>\n\n\n\n<p>Em 5\u00ba est\u00e1 o Cabo de Santo Agostinho, que contabilizou 159 mortos em 2024 e atingiu a taxa de 73,3 \u00f3bitos por 100 mil habitantes. Na sequ\u00eancia, em 6\u00ba, est\u00e1 S\u00e3o Louren\u00e7o da Mata, com 86 v\u00edtimas, e taxa de 73 MVI por 100 mil habitantes.<\/p>\n\n\n\n<p>A lista segue com Sim\u00f5es Filho (BA) em 7\u00ba, com taxa de 71,4; Caucaia (CE) em 8\u00ba, com 68,7; Maracana\u00fa (CE) em 9\u00ba, com 68,5; e Feira de Santana (BA) em 10\u00ba, com taxa de 65,2 e 429 mortes registradas em 2024.<\/p>\n\n\n\n<p>Considerando o sexo de registro das MVI no Brasil, 91,1% das v\u00edtimas s\u00e3o do sexo masculino, enquanto 8,9% s\u00e3o do sexo feminino.<\/p>\n\n\n\n<p>Da FolhaPE<\/p>\n","protected":false},"excerpt":{"rendered":"<p>Duas cidades de Pernambuco figuram entre as 10 mais violentas do Brasil em 2024. Cabo de Santo Agostinho e S\u00e3o<\/p>\n","protected":false},"author":2,"featured_media":66370,"comment_status":"open","ping_status":"open","sticky":false,"template":"","format":"standard","meta":{"jetpack_post_was_ever_published":false,"_jetpack_newsletter_access":"","_jetpack_dont_email_post_to_subs":false,"_jetpack_newsletter_tier_id":0,"_jetpack_memberships_contains_paywalled_content":false,"_jetpack_memberships_contains_paid_content":false,"footnotes":"","jetpack_publicize_message":"","jetpack_publicize_feature_enabled":true,"jetpack_social_post_already_shared":true,"jetpack_social_options":{"image_generator_settings":{"template":"highway","default_image_id":0,"font":"","enabled":false},"version":2}},"categories":[13],"tags":[],"class_list":["post-67698","post","type-post","status-publish","format-standard","has-post-thumbnail","hentry","category-pernambuco"],"yoast_head":"<!-- This site is optimized with the Yoast SEO plugin v27.5 - https:\/\/yoast.com\/product\/yoast-seo-wordpress\/ -->\n<title>Pernambuco tem duas entre as cidades mais perigosas do Brasil - Afogados FM<\/title>\n<meta name=\"robots\" content=\"index, follow, max-snippet:-1, max-image-preview:large, max-video-preview:-1\" \/>\n<link rel=\"canonical\" href=\"https:\/\/afogadosfm.com.br\/afogadosfm\/2025\/07\/26\/pernambuco-tem-duas-entre-as-cidades-mais-perigosas-do-brasil\/\" \/>\n<meta property=\"og:locale\" content=\"pt_BR\" \/>\n<meta property=\"og:type\" content=\"article\" \/>\n<meta property=\"og:title\" content=\"Pernambuco tem duas entre as cidades mais perigosas do Brasil - Afogados FM\" \/>\n<meta property=\"og:description\" content=\"Duas cidades de Pernambuco figuram entre as 10 mais violentas do Brasil em 2024. Cabo de Santo Agostinho e S\u00e3o\" \/>\n<meta property=\"og:url\" content=\"https:\/\/afogadosfm.com.br\/afogadosfm\/2025\/07\/26\/pernambuco-tem-duas-entre-as-cidades-mais-perigosas-do-brasil\/\" \/>\n<meta property=\"og:site_name\" content=\"Afogados FM\" \/>\n<meta property=\"article:published_time\" content=\"2025-07-26T10:09:38+00:00\" \/>\n<meta property=\"article:modified_time\" content=\"2025-07-26T10:09:39+00:00\" \/>\n<meta property=\"og:image\" content=\"https:\/\/afogadosfm.com.br\/afogadosfm\/wp-content\/uploads\/2025\/06\/violencia.jpg\" \/>\n\t<meta property=\"og:image:width\" content=\"180\" \/>\n\t<meta property=\"og:image:height\" content=\"149\" \/>\n\t<meta property=\"og:image:type\" content=\"image\/jpeg\" \/>\n<meta name=\"author\" content=\"afogadosfm\" \/>\n<meta name=\"twitter:card\" content=\"summary_large_image\" \/>\n<meta name=\"twitter:label1\" content=\"Escrito por\" \/>\n\t<meta name=\"twitter:data1\" content=\"afogadosfm\" \/>\n\t<meta name=\"twitter:label2\" content=\"Est. tempo de leitura\" \/>\n\t<meta name=\"twitter:data2\" content=\"2 minutos\" \/>\n<script type=\"application\/ld+json\" class=\"yoast-schema-graph\">{\"@context\":\"https:\\\/\\\/schema.org\",\"@graph\":[{\"@type\":\"Article\",\"@id\":\"https:\\\/\\\/afogadosfm.com.br\\\/afogadosfm\\\/2025\\\/07\\\/26\\\/pernambuco-tem-duas-entre-as-cidades-mais-perigosas-do-brasil\\\/#article\",\"isPartOf\":{\"@id\":\"https:\\\/\\\/afogadosfm.com.br\\\/afogadosfm\\\/2025\\\/07\\\/26\\\/pernambuco-tem-duas-entre-as-cidades-mais-perigosas-do-brasil\\\/\"},\"author\":{\"name\":\"afogadosfm\",\"@id\":\"https:\\\/\\\/afogadosfm.com.br\\\/afogadosfm\\\/#\\\/schema\\\/person\\\/60e56f2cf5dc960fc093fe093d9e9057\"},\"headline\":\"Pernambuco tem duas entre as cidades mais perigosas do Brasil\",\"datePublished\":\"2025-07-26T10:09:38+00:00\",\"dateModified\":\"2025-07-26T10:09:39+00:00\",\"mainEntityOfPage\":{\"@id\":\"https:\\\/\\\/afogadosfm.com.br\\\/afogadosfm\\\/2025\\\/07\\\/26\\\/pernambuco-tem-duas-entre-as-cidades-mais-perigosas-do-brasil\\\/\"},\"wordCount\":317,\"commentCount\":0,\"publisher\":{\"@id\":\"https:\\\/\\\/afogadosfm.com.br\\\/afogadosfm\\\/#organization\"},\"image\":{\"@id\":\"https:\\\/\\\/afogadosfm.com.br\\\/afogadosfm\\\/2025\\\/07\\\/26\\\/pernambuco-tem-duas-entre-as-cidades-mais-perigosas-do-brasil\\\/#primaryimage\"},\"thumbnailUrl\":\"https:\\\/\\\/i0.wp.com\\\/afogadosfm.com.br\\\/afogadosfm\\\/wp-content\\\/uploads\\\/2025\\\/06\\\/violencia.jpg?fit=180%2C149&ssl=1\",\"articleSection\":[\"Pernambuco\"],\"inLanguage\":\"pt-BR\",\"potentialAction\":[{\"@type\":\"CommentAction\",\"name\":\"Comment\",\"target\":[\"https:\\\/\\\/afogadosfm.com.br\\\/afogadosfm\\\/2025\\\/07\\\/26\\\/pernambuco-tem-duas-entre-as-cidades-mais-perigosas-do-brasil\\\/#respond\"]}]},{\"@type\":\"WebPage\",\"@id\":\"https:\\\/\\\/afogadosfm.com.br\\\/afogadosfm\\\/2025\\\/07\\\/26\\\/pernambuco-tem-duas-entre-as-cidades-mais-perigosas-do-brasil\\\/\",\"url\":\"https:\\\/\\\/afogadosfm.com.br\\\/afogadosfm\\\/2025\\\/07\\\/26\\\/pernambuco-tem-duas-entre-as-cidades-mais-perigosas-do-brasil\\\/\",\"name\":\"Pernambuco tem duas entre as cidades mais perigosas do Brasil - Afogados FM\",\"isPartOf\":{\"@id\":\"https:\\\/\\\/afogadosfm.com.br\\\/afogadosfm\\\/#website\"},\"primaryImageOfPage\":{\"@id\":\"https:\\\/\\\/afogadosfm.com.br\\\/afogadosfm\\\/2025\\\/07\\\/26\\\/pernambuco-tem-duas-entre-as-cidades-mais-perigosas-do-brasil\\\/#primaryimage\"},\"image\":{\"@id\":\"https:\\\/\\\/afogadosfm.com.br\\\/afogadosfm\\\/2025\\\/07\\\/26\\\/pernambuco-tem-duas-entre-as-cidades-mais-perigosas-do-brasil\\\/#primaryimage\"},\"thumbnailUrl\":\"https:\\\/\\\/i0.wp.com\\\/afogadosfm.com.br\\\/afogadosfm\\\/wp-content\\\/uploads\\\/2025\\\/06\\\/violencia.jpg?fit=180%2C149&ssl=1\",\"datePublished\":\"2025-07-26T10:09:38+00:00\",\"dateModified\":\"2025-07-26T10:09:39+00:00\",\"breadcrumb\":{\"@id\":\"https:\\\/\\\/afogadosfm.com.br\\\/afogadosfm\\\/2025\\\/07\\\/26\\\/pernambuco-tem-duas-entre-as-cidades-mais-perigosas-do-brasil\\\/#breadcrumb\"},\"inLanguage\":\"pt-BR\",\"potentialAction\":[{\"@type\":\"ReadAction\",\"target\":[\"https:\\\/\\\/afogadosfm.com.br\\\/afogadosfm\\\/2025\\\/07\\\/26\\\/pernambuco-tem-duas-entre-as-cidades-mais-perigosas-do-brasil\\\/\"]}]},{\"@type\":\"ImageObject\",\"inLanguage\":\"pt-BR\",\"@id\":\"https:\\\/\\\/afogadosfm.com.br\\\/afogadosfm\\\/2025\\\/07\\\/26\\\/pernambuco-tem-duas-entre-as-cidades-mais-perigosas-do-brasil\\\/#primaryimage\",\"url\":\"https:\\\/\\\/i0.wp.com\\\/afogadosfm.com.br\\\/afogadosfm\\\/wp-content\\\/uploads\\\/2025\\\/06\\\/violencia.jpg?fit=180%2C149&ssl=1\",\"contentUrl\":\"https:\\\/\\\/i0.wp.com\\\/afogadosfm.com.br\\\/afogadosfm\\\/wp-content\\\/uploads\\\/2025\\\/06\\\/violencia.jpg?fit=180%2C149&ssl=1\",\"width\":180,\"height\":149},{\"@type\":\"BreadcrumbList\",\"@id\":\"https:\\\/\\\/afogadosfm.com.br\\\/afogadosfm\\\/2025\\\/07\\\/26\\\/pernambuco-tem-duas-entre-as-cidades-mais-perigosas-do-brasil\\\/#breadcrumb\",\"itemListElement\":[{\"@type\":\"ListItem\",\"position\":1,\"name\":\"In\u00edcio\",\"item\":\"https:\\\/\\\/afogadosfm.com.br\\\/afogadosfm\\\/\"},{\"@type\":\"ListItem\",\"position\":2,\"name\":\"Pernambuco tem duas entre as cidades mais perigosas do Brasil\"}]},{\"@type\":\"WebSite\",\"@id\":\"https:\\\/\\\/afogadosfm.com.br\\\/afogadosfm\\\/#website\",\"url\":\"https:\\\/\\\/afogadosfm.com.br\\\/afogadosfm\\\/\",\"name\":\"Afogados FM\",\"description\":\"Um site completo!\",\"publisher\":{\"@id\":\"https:\\\/\\\/afogadosfm.com.br\\\/afogadosfm\\\/#organization\"},\"potentialAction\":[{\"@type\":\"SearchAction\",\"target\":{\"@type\":\"EntryPoint\",\"urlTemplate\":\"https:\\\/\\\/afogadosfm.com.br\\\/afogadosfm\\\/?s={search_term_string}\"},\"query-input\":{\"@type\":\"PropertyValueSpecification\",\"valueRequired\":true,\"valueName\":\"search_term_string\"}}],\"inLanguage\":\"pt-BR\"},{\"@type\":\"Organization\",\"@id\":\"https:\\\/\\\/afogadosfm.com.br\\\/afogadosfm\\\/#organization\",\"name\":\"Afogados FM\",\"url\":\"https:\\\/\\\/afogadosfm.com.br\\\/afogadosfm\\\/\",\"logo\":{\"@type\":\"ImageObject\",\"inLanguage\":\"pt-BR\",\"@id\":\"https:\\\/\\\/afogadosfm.com.br\\\/afogadosfm\\\/#\\\/schema\\\/logo\\\/image\\\/\",\"url\":\"https:\\\/\\\/i0.wp.com\\\/afogadosfm.com.br\\\/afogadosfm\\\/wp-content\\\/uploads\\\/2020\\\/06\\\/cropped-banner-afogados-4.jpg?fit=369%2C137&ssl=1\",\"contentUrl\":\"https:\\\/\\\/i0.wp.com\\\/afogadosfm.com.br\\\/afogadosfm\\\/wp-content\\\/uploads\\\/2020\\\/06\\\/cropped-banner-afogados-4.jpg?fit=369%2C137&ssl=1\",\"width\":369,\"height\":137,\"caption\":\"Afogados FM\"},\"image\":{\"@id\":\"https:\\\/\\\/afogadosfm.com.br\\\/afogadosfm\\\/#\\\/schema\\\/logo\\\/image\\\/\"}},{\"@type\":\"Person\",\"@id\":\"https:\\\/\\\/afogadosfm.com.br\\\/afogadosfm\\\/#\\\/schema\\\/person\\\/60e56f2cf5dc960fc093fe093d9e9057\",\"name\":\"afogadosfm\",\"image\":{\"@type\":\"ImageObject\",\"inLanguage\":\"pt-BR\",\"@id\":\"https:\\\/\\\/secure.gravatar.com\\\/avatar\\\/e0359add7ed5dc3560906d861b52c6a8cf5c1e199d3a7dd85070998f49bd4701?s=96&d=mm&r=g\",\"url\":\"https:\\\/\\\/secure.gravatar.com\\\/avatar\\\/e0359add7ed5dc3560906d861b52c6a8cf5c1e199d3a7dd85070998f49bd4701?s=96&d=mm&r=g\",\"contentUrl\":\"https:\\\/\\\/secure.gravatar.com\\\/avatar\\\/e0359add7ed5dc3560906d861b52c6a8cf5c1e199d3a7dd85070998f49bd4701?s=96&d=mm&r=g\",\"caption\":\"afogadosfm\"},\"url\":\"https:\\\/\\\/afogadosfm.com.br\\\/afogadosfm\\\/author\\\/afogadosfm\\\/\"}]}<\/script>\n<!-- \/ Yoast SEO plugin. -->","yoast_head_json":{"title":"Pernambuco tem duas entre as cidades mais perigosas do Brasil - Afogados FM","robots":{"index":"index","follow":"follow","max-snippet":"max-snippet:-1","max-image-preview":"max-image-preview:large","max-video-preview":"max-video-preview:-1"},"canonical":"https:\/\/afogadosfm.com.br\/afogadosfm\/2025\/07\/26\/pernambuco-tem-duas-entre-as-cidades-mais-perigosas-do-brasil\/","og_locale":"pt_BR","og_type":"article","og_title":"Pernambuco tem duas entre as cidades mais perigosas do Brasil - Afogados FM","og_description":"Duas cidades de Pernambuco figuram entre as 10 mais violentas do Brasil em 2024. Cabo de Santo Agostinho e S\u00e3o","og_url":"https:\/\/afogadosfm.com.br\/afogadosfm\/2025\/07\/26\/pernambuco-tem-duas-entre-as-cidades-mais-perigosas-do-brasil\/","og_site_name":"Afogados FM","article_published_time":"2025-07-26T10:09:38+00:00","article_modified_time":"2025-07-26T10:09:39+00:00","og_image":[{"width":180,"height":149,"url":"https:\/\/afogadosfm.com.br\/afogadosfm\/wp-content\/uploads\/2025\/06\/violencia.jpg","type":"image\/jpeg"}],"author":"afogadosfm","twitter_card":"summary_large_image","twitter_misc":{"Escrito por":"afogadosfm","Est. tempo de leitura":"2 minutos"},"schema":{"@context":"https:\/\/schema.org","@graph":[{"@type":"Article","@id":"https:\/\/afogadosfm.com.br\/afogadosfm\/2025\/07\/26\/pernambuco-tem-duas-entre-as-cidades-mais-perigosas-do-brasil\/#article","isPartOf":{"@id":"https:\/\/afogadosfm.com.br\/afogadosfm\/2025\/07\/26\/pernambuco-tem-duas-entre-as-cidades-mais-perigosas-do-brasil\/"},"author":{"name":"afogadosfm","@id":"https:\/\/afogadosfm.com.br\/afogadosfm\/#\/schema\/person\/60e56f2cf5dc960fc093fe093d9e9057"},"headline":"Pernambuco tem duas entre as cidades mais perigosas do Brasil","datePublished":"2025-07-26T10:09:38+00:00","dateModified":"2025-07-26T10:09:39+00:00","mainEntityOfPage":{"@id":"https:\/\/afogadosfm.com.br\/afogadosfm\/2025\/07\/26\/pernambuco-tem-duas-entre-as-cidades-mais-perigosas-do-brasil\/"},"wordCount":317,"commentCount":0,"publisher":{"@id":"https:\/\/afogadosfm.com.br\/afogadosfm\/#organization"},"image":{"@id":"https:\/\/afogadosfm.com.br\/afogadosfm\/2025\/07\/26\/pernambuco-tem-duas-entre-as-cidades-mais-perigosas-do-brasil\/#primaryimage"},"thumbnailUrl":"https:\/\/i0.wp.com\/afogadosfm.com.br\/afogadosfm\/wp-content\/uploads\/2025\/06\/violencia.jpg?fit=180%2C149&ssl=1","articleSection":["Pernambuco"],"inLanguage":"pt-BR","potentialAction":[{"@type":"CommentAction","name":"Comment","target":["https:\/\/afogadosfm.com.br\/afogadosfm\/2025\/07\/26\/pernambuco-tem-duas-entre-as-cidades-mais-perigosas-do-brasil\/#respond"]}]},{"@type":"WebPage","@id":"https:\/\/afogadosfm.com.br\/afogadosfm\/2025\/07\/26\/pernambuco-tem-duas-entre-as-cidades-mais-perigosas-do-brasil\/","url":"https:\/\/afogadosfm.com.br\/afogadosfm\/2025\/07\/26\/pernambuco-tem-duas-entre-as-cidades-mais-perigosas-do-brasil\/","name":"Pernambuco tem duas entre as cidades mais perigosas do Brasil - Afogados FM","isPartOf":{"@id":"https:\/\/afogadosfm.com.br\/afogadosfm\/#website"},"primaryImageOfPage":{"@id":"https:\/\/afogadosfm.com.br\/afogadosfm\/2025\/07\/26\/pernambuco-tem-duas-entre-as-cidades-mais-perigosas-do-brasil\/#primaryimage"},"image":{"@id":"https:\/\/afogadosfm.com.br\/afogadosfm\/2025\/07\/26\/pernambuco-tem-duas-entre-as-cidades-mais-perigosas-do-brasil\/#primaryimage"},"thumbnailUrl":"https:\/\/i0.wp.com\/afogadosfm.com.br\/afogadosfm\/wp-content\/uploads\/2025\/06\/violencia.jpg?fit=180%2C149&ssl=1","datePublished":"2025-07-26T10:09:38+00:00","dateModified":"2025-07-26T10:09:39+00:00","breadcrumb":{"@id":"https:\/\/afogadosfm.com.br\/afogadosfm\/2025\/07\/26\/pernambuco-tem-duas-entre-as-cidades-mais-perigosas-do-brasil\/#breadcrumb"},"inLanguage":"pt-BR","potentialAction":[{"@type":"ReadAction","target":["https:\/\/afogadosfm.com.br\/afogadosfm\/2025\/07\/26\/pernambuco-tem-duas-entre-as-cidades-mais-perigosas-do-brasil\/"]}]},{"@type":"ImageObject","inLanguage":"pt-BR","@id":"https:\/\/afogadosfm.com.br\/afogadosfm\/2025\/07\/26\/pernambuco-tem-duas-entre-as-cidades-mais-perigosas-do-brasil\/#primaryimage","url":"https:\/\/i0.wp.com\/afogadosfm.com.br\/afogadosfm\/wp-content\/uploads\/2025\/06\/violencia.jpg?fit=180%2C149&ssl=1","contentUrl":"https:\/\/i0.wp.com\/afogadosfm.com.br\/afogadosfm\/wp-content\/uploads\/2025\/06\/violencia.jpg?fit=180%2C149&ssl=1","width":180,"height":149},{"@type":"BreadcrumbList","@id":"https:\/\/afogadosfm.com.br\/afogadosfm\/2025\/07\/26\/pernambuco-tem-duas-entre-as-cidades-mais-perigosas-do-brasil\/#breadcrumb","itemListElement":[{"@type":"ListItem","position":1,"name":"In\u00edcio","item":"https:\/\/afogadosfm.com.br\/afogadosfm\/"},{"@type":"ListItem","position":2,"name":"Pernambuco tem duas entre as cidades mais perigosas do Brasil"}]},{"@type":"WebSite","@id":"https:\/\/afogadosfm.com.br\/afogadosfm\/#website","url":"https:\/\/afogadosfm.com.br\/afogadosfm\/","name":"Afogados FM","description":"Um site completo!","publisher":{"@id":"https:\/\/afogadosfm.com.br\/afogadosfm\/#organization"},"potentialAction":[{"@type":"SearchAction","target":{"@type":"EntryPoint","urlTemplate":"https:\/\/afogadosfm.com.br\/afogadosfm\/?s={search_term_string}"},"query-input":{"@type":"PropertyValueSpecification","valueRequired":true,"valueName":"search_term_string"}}],"inLanguage":"pt-BR"},{"@type":"Organization","@id":"https:\/\/afogadosfm.com.br\/afogadosfm\/#organization","name":"Afogados FM","url":"https:\/\/afogadosfm.com.br\/afogadosfm\/","logo":{"@type":"ImageObject","inLanguage":"pt-BR","@id":"https:\/\/afogadosfm.com.br\/afogadosfm\/#\/schema\/logo\/image\/","url":"https:\/\/i0.wp.com\/afogadosfm.com.br\/afogadosfm\/wp-content\/uploads\/2020\/06\/cropped-banner-afogados-4.jpg?fit=369%2C137&ssl=1","contentUrl":"https:\/\/i0.wp.com\/afogadosfm.com.br\/afogadosfm\/wp-content\/uploads\/2020\/06\/cropped-banner-afogados-4.jpg?fit=369%2C137&ssl=1","width":369,"height":137,"caption":"Afogados FM"},"image":{"@id":"https:\/\/afogadosfm.com.br\/afogadosfm\/#\/schema\/logo\/image\/"}},{"@type":"Person","@id":"https:\/\/afogadosfm.com.br\/afogadosfm\/#\/schema\/person\/60e56f2cf5dc960fc093fe093d9e9057","name":"afogadosfm","image":{"@type":"ImageObject","inLanguage":"pt-BR","@id":"https:\/\/secure.gravatar.com\/avatar\/e0359add7ed5dc3560906d861b52c6a8cf5c1e199d3a7dd85070998f49bd4701?s=96&d=mm&r=g","url":"https:\/\/secure.gravatar.com\/avatar\/e0359add7ed5dc3560906d861b52c6a8cf5c1e199d3a7dd85070998f49bd4701?s=96&d=mm&r=g","contentUrl":"https:\/\/secure.gravatar.com\/avatar\/e0359add7ed5dc3560906d861b52c6a8cf5c1e199d3a7dd85070998f49bd4701?s=96&d=mm&r=g","caption":"afogadosfm"},"url":"https:\/\/afogadosfm.com.br\/afogadosfm\/author\/afogadosfm\/"}]}},"jetpack_publicize_connections":[],"jetpack_featured_media_url":"https:\/\/i0.wp.com\/afogadosfm.com.br\/afogadosfm\/wp-content\/uploads\/2025\/06\/violencia.jpg?fit=180%2C149&ssl=1","jetpack-related-posts":[],"jetpack_sharing_enabled":true,"jetpack_likes_enabled":true,"_links":{"self":[{"href":"https:\/\/afogadosfm.com.br\/afogadosfm\/wp-json\/wp\/v2\/posts\/67698","targetHints":{"allow":["GET"]}}],"collection":[{"href":"https:\/\/afogadosfm.com.br\/afogadosfm\/wp-json\/wp\/v2\/posts"}],"about":[{"href":"https:\/\/afogadosfm.com.br\/afogadosfm\/wp-json\/wp\/v2\/types\/post"}],"author":[{"embeddable":true,"href":"https:\/\/afogadosfm.com.br\/afogadosfm\/wp-json\/wp\/v2\/users\/2"}],"replies":[{"embeddable":true,"href":"https:\/\/afogadosfm.com.br\/afogadosfm\/wp-json\/wp\/v2\/comments?post=67698"}],"version-history":[{"count":1,"href":"https:\/\/afogadosfm.com.br\/afogadosfm\/wp-json\/wp\/v2\/posts\/67698\/revisions"}],"predecessor-version":[{"id":67699,"href":"https:\/\/afogadosfm.com.br\/afogadosfm\/wp-json\/wp\/v2\/posts\/67698\/revisions\/67699"}],"wp:featuredmedia":[{"embeddable":true,"href":"https:\/\/afogadosfm.com.br\/afogadosfm\/wp-json\/wp\/v2\/media\/66370"}],"wp:attachment":[{"href":"https:\/\/afogadosfm.com.br\/afogadosfm\/wp-json\/wp\/v2\/media?parent=67698"}],"wp:term":[{"taxonomy":"category","embeddable":true,"href":"https:\/\/afogadosfm.com.br\/afogadosfm\/wp-json\/wp\/v2\/categories?post=67698"},{"taxonomy":"post_tag","embeddable":true,"href":"https:\/\/afogadosfm.com.br\/afogadosfm\/wp-json\/wp\/v2\/tags?post=67698"}],"curies":[{"name":"wp","href":"https:\/\/api.w.org\/{rel}","templated":true}]}}