{"id":67705,"date":"2025-07-26T07:17:41","date_gmt":"2025-07-26T10:17:41","guid":{"rendered":"https:\/\/afogadosfm.com.br\/afogadosfm\/?p=67705"},"modified":"2025-07-26T07:17:42","modified_gmt":"2025-07-26T10:17:42","slug":"selecao-brasileira-feminina-empata-com-a-colombia-e-fica-em-1o-no-grupo-b","status":"publish","type":"post","link":"https:\/\/afogadosfm.com.br\/afogadosfm\/2025\/07\/26\/selecao-brasileira-feminina-empata-com-a-colombia-e-fica-em-1o-no-grupo-b\/","title":{"rendered":"Sele\u00e7\u00e3o brasileira feminina empata com a Col\u00f4mbia e fica em 1\u00ba no Grupo B"},"content":{"rendered":"\n<p>A sele\u00e7\u00e3o brasileira feminina de futebol empatou com a Col\u00f4mbia, nesta sexta-feira, em duelo v\u00e1lido pela quinta rodada da Copa Am\u00e9rica, em Quito, no Equador. Com o resultado, o Brasil terminou em 1\u00ba no Grupo B, com dez pontos, enquanto as colombianas ficaram em segundo, com oito, ambas classificadas para as semifinais.<\/p>\n\n\n\n<p>O Brasil vai pegar o Uruguai na segunda-feira por uma vaga na final, enquanto a Col\u00f4mbia encara a Argentina na ter\u00e7a-feira.<\/p>\n\n\n\n<p>O Brasil come\u00e7ou o jogo com Lorena, F\u00ea Palermo, Tarciane, Mariza e Yasmim; Ary Borges, Angelina e Kerolin; Gabi Portilho, Jhonson e Dudinha. Entraram tamb\u00e9m Cl\u00e1udia, Gio Garbelini, Duda Sampaio, Vit\u00f3ria Yaya e Marta.<\/p>\n\n\n\n<p>Com a necessidade da vit\u00f3ria, a sele\u00e7\u00e3o colombiana tomou a iniciativa e pressionou em busca do primeiro gol desde o in\u00edcio. A lateral-esquerdo Caicedo foi o destaque com pelo menos tr\u00eas boas jogadas nos cinco primeiros minutos.<\/p>\n\n\n\n<p>O Brasil foi mais objetivo e levou perigo \u00e0 meta de Kathe Tapia em arremate de Dudinha, ap\u00f3s triangula\u00e7\u00e3o com Kerolin e Johnson. A resposta da Col\u00f4mbia foi imediato e o primeiro gol s\u00f3 n\u00e3o saiu porque Lorena fez grande defesa.<\/p>\n\n\n\n<p>Aos 24 minutos, o lance que mudou o panorama do jogo. Lorena cortou fora da \u00e1rea um chute de Caicedo com o bra\u00e7o esquerdo. A goleira foi expulsa. Arthur Elias tirou Johnson para colocar Cl\u00e1udia no gol.<\/p>\n\n\n\n<p>A press\u00e3o da Col\u00f4mbia era grande e um chute de Leicy Santos levou muito perigo, aos 29 minutos. A disputa pela bola \u00e9 muito intensa, \u00e0s vezes violenta. Aos 36 minutos, Kerolin recebe cart\u00e3o amarelo ap\u00f3s chutar a bola no banco de reservas colombiano. Na sequ\u00eancia, a brasileira pede desculpas.<\/p>\n\n\n\n<p>O primeiro tempo termina com dom\u00ednio colombiano, enquanto o Brasil abusou das faltas para paralisar as jogadas advers\u00e1rias.<\/p>\n\n\n\n<p>Apesar de ter uma jogadora a menos em campo, a sele\u00e7\u00e3o brasileira voltou mais agressiva para a etapa final. J\u00e1 a Col\u00f4mbia permaneceu com a depend\u00eancia do talento de Caicedo.<\/p>\n\n\n\n<p>O Brasil tinha o dom\u00ednio da partida, fazia boa arma\u00e7\u00e3o das jogadas, mas n\u00e3o tinha poder de finaliza\u00e7\u00e3o. A goleira Kathe Tapia era pouco acionada. Aos 28 minutos, Gabi Portilho teve espa\u00e7o e liberdade, mas chutou mal.<\/p>\n\n\n\n<p>Aos 31, Caicedo escapou pela esquerda e cruzou para Pav\u00ed dentro da \u00e1rea, mas Mariza salvou o gol colombiano. O Brasil parece sentir um pouco de cansa\u00e7o e a Col\u00f4mbia vai ao ataque.<\/p>\n\n\n\n<p>O final de jogo ficou dram\u00e1tico para o Brasil. Portilho sofreu les\u00e3o no joelho, mas seguiu em campo, e Vit\u00f3ria Yaya, uma bolada no rosto.<\/p>\n\n\n\n<p>Aos 49, Yasmin bateu falta na trave e em seguida uma confus\u00e3o entre as jogadoras foi resolvida pela arbitragem. A Col\u00f4mbia ainda tentou uma press\u00e3o final, mas sem sucesso.<\/p>\n\n\n\n<p>da FolhaPE<\/p>\n","protected":false},"excerpt":{"rendered":"<p>A sele\u00e7\u00e3o brasileira feminina de futebol empatou com a Col\u00f4mbia, nesta sexta-feira, em duelo v\u00e1lido pela quinta rodada da Copa<\/p>\n","protected":false},"author":2,"featured_media":67706,"comment_status":"open","ping_status":"open","sticky":false,"template":"","format":"standard","meta":{"jetpack_post_was_ever_published":false,"_jetpack_newsletter_access":"","_jetpack_dont_email_post_to_subs":false,"_jetpack_newsletter_tier_id":0,"_jetpack_memberships_contains_paywalled_content":false,"_jetpack_memberships_contains_paid_content":false,"footnotes":"","jetpack_publicize_message":"","jetpack_publicize_feature_enabled":true,"jetpack_social_post_already_shared":true,"jetpack_social_options":{"image_generator_settings":{"template":"highway","default_image_id":0,"font":"","enabled":false},"version":2}},"categories":[8],"tags":[],"class_list":["post-67705","post","type-post","status-publish","format-standard","has-post-thumbnail","hentry","category-esporte"],"yoast_head":"<!-- This site is optimized with the Yoast SEO plugin v27.5 - https:\/\/yoast.com\/product\/yoast-seo-wordpress\/ -->\n<title>Sele\u00e7\u00e3o brasileira feminina empata com a Col\u00f4mbia e fica em 1\u00ba no Grupo B - Afogados FM<\/title>\n<meta name=\"robots\" content=\"index, follow, max-snippet:-1, max-image-preview:large, max-video-preview:-1\" \/>\n<link rel=\"canonical\" href=\"https:\/\/afogadosfm.com.br\/afogadosfm\/2025\/07\/26\/selecao-brasileira-feminina-empata-com-a-colombia-e-fica-em-1o-no-grupo-b\/\" \/>\n<meta property=\"og:locale\" content=\"pt_BR\" \/>\n<meta property=\"og:type\" content=\"article\" \/>\n<meta property=\"og:title\" content=\"Sele\u00e7\u00e3o brasileira feminina empata com a Col\u00f4mbia e fica em 1\u00ba no Grupo B - Afogados FM\" \/>\n<meta property=\"og:description\" content=\"A sele\u00e7\u00e3o brasileira feminina de futebol empatou com a Col\u00f4mbia, nesta sexta-feira, em duelo v\u00e1lido pela quinta rodada da Copa\" \/>\n<meta property=\"og:url\" content=\"https:\/\/afogadosfm.com.br\/afogadosfm\/2025\/07\/26\/selecao-brasileira-feminina-empata-com-a-colombia-e-fica-em-1o-no-grupo-b\/\" \/>\n<meta property=\"og:site_name\" content=\"Afogados FM\" \/>\n<meta property=\"article:published_time\" content=\"2025-07-26T10:17:41+00:00\" \/>\n<meta property=\"article:modified_time\" content=\"2025-07-26T10:17:42+00:00\" \/>\n<meta property=\"og:image\" content=\"https:\/\/afogadosfm.com.br\/afogadosfm\/wp-content\/uploads\/2025\/07\/bola.jpg\" \/>\n\t<meta property=\"og:image:width\" content=\"300\" \/>\n\t<meta property=\"og:image:height\" content=\"168\" \/>\n\t<meta property=\"og:image:type\" content=\"image\/jpeg\" \/>\n<meta name=\"author\" content=\"afogadosfm\" \/>\n<meta name=\"twitter:card\" content=\"summary_large_image\" \/>\n<meta name=\"twitter:label1\" content=\"Escrito por\" \/>\n\t<meta name=\"twitter:data1\" content=\"afogadosfm\" \/>\n\t<meta name=\"twitter:label2\" content=\"Est. tempo de leitura\" \/>\n\t<meta name=\"twitter:data2\" content=\"3 minutos\" \/>\n<script type=\"application\/ld+json\" class=\"yoast-schema-graph\">{\"@context\":\"https:\\\/\\\/schema.org\",\"@graph\":[{\"@type\":\"Article\",\"@id\":\"https:\\\/\\\/afogadosfm.com.br\\\/afogadosfm\\\/2025\\\/07\\\/26\\\/selecao-brasileira-feminina-empata-com-a-colombia-e-fica-em-1o-no-grupo-b\\\/#article\",\"isPartOf\":{\"@id\":\"https:\\\/\\\/afogadosfm.com.br\\\/afogadosfm\\\/2025\\\/07\\\/26\\\/selecao-brasileira-feminina-empata-com-a-colombia-e-fica-em-1o-no-grupo-b\\\/\"},\"author\":{\"name\":\"afogadosfm\",\"@id\":\"https:\\\/\\\/afogadosfm.com.br\\\/afogadosfm\\\/#\\\/schema\\\/person\\\/60e56f2cf5dc960fc093fe093d9e9057\"},\"headline\":\"Sele\u00e7\u00e3o brasileira feminina empata com a Col\u00f4mbia e fica em 1\u00ba no Grupo B\",\"datePublished\":\"2025-07-26T10:17:41+00:00\",\"dateModified\":\"2025-07-26T10:17:42+00:00\",\"mainEntityOfPage\":{\"@id\":\"https:\\\/\\\/afogadosfm.com.br\\\/afogadosfm\\\/2025\\\/07\\\/26\\\/selecao-brasileira-feminina-empata-com-a-colombia-e-fica-em-1o-no-grupo-b\\\/\"},\"wordCount\":495,\"commentCount\":0,\"publisher\":{\"@id\":\"https:\\\/\\\/afogadosfm.com.br\\\/afogadosfm\\\/#organization\"},\"image\":{\"@id\":\"https:\\\/\\\/afogadosfm.com.br\\\/afogadosfm\\\/2025\\\/07\\\/26\\\/selecao-brasileira-feminina-empata-com-a-colombia-e-fica-em-1o-no-grupo-b\\\/#primaryimage\"},\"thumbnailUrl\":\"https:\\\/\\\/i0.wp.com\\\/afogadosfm.com.br\\\/afogadosfm\\\/wp-content\\\/uploads\\\/2025\\\/07\\\/bola.jpg?fit=300%2C168&ssl=1\",\"articleSection\":[\"Esporte\"],\"inLanguage\":\"pt-BR\",\"potentialAction\":[{\"@type\":\"CommentAction\",\"name\":\"Comment\",\"target\":[\"https:\\\/\\\/afogadosfm.com.br\\\/afogadosfm\\\/2025\\\/07\\\/26\\\/selecao-brasileira-feminina-empata-com-a-colombia-e-fica-em-1o-no-grupo-b\\\/#respond\"]}]},{\"@type\":\"WebPage\",\"@id\":\"https:\\\/\\\/afogadosfm.com.br\\\/afogadosfm\\\/2025\\\/07\\\/26\\\/selecao-brasileira-feminina-empata-com-a-colombia-e-fica-em-1o-no-grupo-b\\\/\",\"url\":\"https:\\\/\\\/afogadosfm.com.br\\\/afogadosfm\\\/2025\\\/07\\\/26\\\/selecao-brasileira-feminina-empata-com-a-colombia-e-fica-em-1o-no-grupo-b\\\/\",\"name\":\"Sele\u00e7\u00e3o brasileira feminina empata com a Col\u00f4mbia e fica em 1\u00ba no Grupo B - Afogados FM\",\"isPartOf\":{\"@id\":\"https:\\\/\\\/afogadosfm.com.br\\\/afogadosfm\\\/#website\"},\"primaryImageOfPage\":{\"@id\":\"https:\\\/\\\/afogadosfm.com.br\\\/afogadosfm\\\/2025\\\/07\\\/26\\\/selecao-brasileira-feminina-empata-com-a-colombia-e-fica-em-1o-no-grupo-b\\\/#primaryimage\"},\"image\":{\"@id\":\"https:\\\/\\\/afogadosfm.com.br\\\/afogadosfm\\\/2025\\\/07\\\/26\\\/selecao-brasileira-feminina-empata-com-a-colombia-e-fica-em-1o-no-grupo-b\\\/#primaryimage\"},\"thumbnailUrl\":\"https:\\\/\\\/i0.wp.com\\\/afogadosfm.com.br\\\/afogadosfm\\\/wp-content\\\/uploads\\\/2025\\\/07\\\/bola.jpg?fit=300%2C168&ssl=1\",\"datePublished\":\"2025-07-26T10:17:41+00:00\",\"dateModified\":\"2025-07-26T10:17:42+00:00\",\"breadcrumb\":{\"@id\":\"https:\\\/\\\/afogadosfm.com.br\\\/afogadosfm\\\/2025\\\/07\\\/26\\\/selecao-brasileira-feminina-empata-com-a-colombia-e-fica-em-1o-no-grupo-b\\\/#breadcrumb\"},\"inLanguage\":\"pt-BR\",\"potentialAction\":[{\"@type\":\"ReadAction\",\"target\":[\"https:\\\/\\\/afogadosfm.com.br\\\/afogadosfm\\\/2025\\\/07\\\/26\\\/selecao-brasileira-feminina-empata-com-a-colombia-e-fica-em-1o-no-grupo-b\\\/\"]}]},{\"@type\":\"ImageObject\",\"inLanguage\":\"pt-BR\",\"@id\":\"https:\\\/\\\/afogadosfm.com.br\\\/afogadosfm\\\/2025\\\/07\\\/26\\\/selecao-brasileira-feminina-empata-com-a-colombia-e-fica-em-1o-no-grupo-b\\\/#primaryimage\",\"url\":\"https:\\\/\\\/i0.wp.com\\\/afogadosfm.com.br\\\/afogadosfm\\\/wp-content\\\/uploads\\\/2025\\\/07\\\/bola.jpg?fit=300%2C168&ssl=1\",\"contentUrl\":\"https:\\\/\\\/i0.wp.com\\\/afogadosfm.com.br\\\/afogadosfm\\\/wp-content\\\/uploads\\\/2025\\\/07\\\/bola.jpg?fit=300%2C168&ssl=1\",\"width\":300,\"height\":168},{\"@type\":\"BreadcrumbList\",\"@id\":\"https:\\\/\\\/afogadosfm.com.br\\\/afogadosfm\\\/2025\\\/07\\\/26\\\/selecao-brasileira-feminina-empata-com-a-colombia-e-fica-em-1o-no-grupo-b\\\/#breadcrumb\",\"itemListElement\":[{\"@type\":\"ListItem\",\"position\":1,\"name\":\"In\u00edcio\",\"item\":\"https:\\\/\\\/afogadosfm.com.br\\\/afogadosfm\\\/\"},{\"@type\":\"ListItem\",\"position\":2,\"name\":\"Sele\u00e7\u00e3o brasileira feminina empata com a Col\u00f4mbia e fica em 1\u00ba no Grupo B\"}]},{\"@type\":\"WebSite\",\"@id\":\"https:\\\/\\\/afogadosfm.com.br\\\/afogadosfm\\\/#website\",\"url\":\"https:\\\/\\\/afogadosfm.com.br\\\/afogadosfm\\\/\",\"name\":\"Afogados FM\",\"description\":\"Um site completo!\",\"publisher\":{\"@id\":\"https:\\\/\\\/afogadosfm.com.br\\\/afogadosfm\\\/#organization\"},\"potentialAction\":[{\"@type\":\"SearchAction\",\"target\":{\"@type\":\"EntryPoint\",\"urlTemplate\":\"https:\\\/\\\/afogadosfm.com.br\\\/afogadosfm\\\/?s={search_term_string}\"},\"query-input\":{\"@type\":\"PropertyValueSpecification\",\"valueRequired\":true,\"valueName\":\"search_term_string\"}}],\"inLanguage\":\"pt-BR\"},{\"@type\":\"Organization\",\"@id\":\"https:\\\/\\\/afogadosfm.com.br\\\/afogadosfm\\\/#organization\",\"name\":\"Afogados FM\",\"url\":\"https:\\\/\\\/afogadosfm.com.br\\\/afogadosfm\\\/\",\"logo\":{\"@type\":\"ImageObject\",\"inLanguage\":\"pt-BR\",\"@id\":\"https:\\\/\\\/afogadosfm.com.br\\\/afogadosfm\\\/#\\\/schema\\\/logo\\\/image\\\/\",\"url\":\"https:\\\/\\\/i0.wp.com\\\/afogadosfm.com.br\\\/afogadosfm\\\/wp-content\\\/uploads\\\/2020\\\/06\\\/cropped-banner-afogados-4.jpg?fit=369%2C137&ssl=1\",\"contentUrl\":\"https:\\\/\\\/i0.wp.com\\\/afogadosfm.com.br\\\/afogadosfm\\\/wp-content\\\/uploads\\\/2020\\\/06\\\/cropped-banner-afogados-4.jpg?fit=369%2C137&ssl=1\",\"width\":369,\"height\":137,\"caption\":\"Afogados FM\"},\"image\":{\"@id\":\"https:\\\/\\\/afogadosfm.com.br\\\/afogadosfm\\\/#\\\/schema\\\/logo\\\/image\\\/\"}},{\"@type\":\"Person\",\"@id\":\"https:\\\/\\\/afogadosfm.com.br\\\/afogadosfm\\\/#\\\/schema\\\/person\\\/60e56f2cf5dc960fc093fe093d9e9057\",\"name\":\"afogadosfm\",\"image\":{\"@type\":\"ImageObject\",\"inLanguage\":\"pt-BR\",\"@id\":\"https:\\\/\\\/secure.gravatar.com\\\/avatar\\\/e0359add7ed5dc3560906d861b52c6a8cf5c1e199d3a7dd85070998f49bd4701?s=96&d=mm&r=g\",\"url\":\"https:\\\/\\\/secure.gravatar.com\\\/avatar\\\/e0359add7ed5dc3560906d861b52c6a8cf5c1e199d3a7dd85070998f49bd4701?s=96&d=mm&r=g\",\"contentUrl\":\"https:\\\/\\\/secure.gravatar.com\\\/avatar\\\/e0359add7ed5dc3560906d861b52c6a8cf5c1e199d3a7dd85070998f49bd4701?s=96&d=mm&r=g\",\"caption\":\"afogadosfm\"},\"url\":\"https:\\\/\\\/afogadosfm.com.br\\\/afogadosfm\\\/author\\\/afogadosfm\\\/\"}]}<\/script>\n<!-- \/ Yoast SEO plugin. -->","yoast_head_json":{"title":"Sele\u00e7\u00e3o brasileira feminina empata com a Col\u00f4mbia e fica em 1\u00ba no Grupo B - Afogados FM","robots":{"index":"index","follow":"follow","max-snippet":"max-snippet:-1","max-image-preview":"max-image-preview:large","max-video-preview":"max-video-preview:-1"},"canonical":"https:\/\/afogadosfm.com.br\/afogadosfm\/2025\/07\/26\/selecao-brasileira-feminina-empata-com-a-colombia-e-fica-em-1o-no-grupo-b\/","og_locale":"pt_BR","og_type":"article","og_title":"Sele\u00e7\u00e3o brasileira feminina empata com a Col\u00f4mbia e fica em 1\u00ba no Grupo B - Afogados FM","og_description":"A sele\u00e7\u00e3o brasileira feminina de futebol empatou com a Col\u00f4mbia, nesta sexta-feira, em duelo v\u00e1lido pela quinta rodada da Copa","og_url":"https:\/\/afogadosfm.com.br\/afogadosfm\/2025\/07\/26\/selecao-brasileira-feminina-empata-com-a-colombia-e-fica-em-1o-no-grupo-b\/","og_site_name":"Afogados FM","article_published_time":"2025-07-26T10:17:41+00:00","article_modified_time":"2025-07-26T10:17:42+00:00","og_image":[{"width":300,"height":168,"url":"https:\/\/afogadosfm.com.br\/afogadosfm\/wp-content\/uploads\/2025\/07\/bola.jpg","type":"image\/jpeg"}],"author":"afogadosfm","twitter_card":"summary_large_image","twitter_misc":{"Escrito por":"afogadosfm","Est. tempo de leitura":"3 minutos"},"schema":{"@context":"https:\/\/schema.org","@graph":[{"@type":"Article","@id":"https:\/\/afogadosfm.com.br\/afogadosfm\/2025\/07\/26\/selecao-brasileira-feminina-empata-com-a-colombia-e-fica-em-1o-no-grupo-b\/#article","isPartOf":{"@id":"https:\/\/afogadosfm.com.br\/afogadosfm\/2025\/07\/26\/selecao-brasileira-feminina-empata-com-a-colombia-e-fica-em-1o-no-grupo-b\/"},"author":{"name":"afogadosfm","@id":"https:\/\/afogadosfm.com.br\/afogadosfm\/#\/schema\/person\/60e56f2cf5dc960fc093fe093d9e9057"},"headline":"Sele\u00e7\u00e3o brasileira feminina empata com a Col\u00f4mbia e fica em 1\u00ba no Grupo B","datePublished":"2025-07-26T10:17:41+00:00","dateModified":"2025-07-26T10:17:42+00:00","mainEntityOfPage":{"@id":"https:\/\/afogadosfm.com.br\/afogadosfm\/2025\/07\/26\/selecao-brasileira-feminina-empata-com-a-colombia-e-fica-em-1o-no-grupo-b\/"},"wordCount":495,"commentCount":0,"publisher":{"@id":"https:\/\/afogadosfm.com.br\/afogadosfm\/#organization"},"image":{"@id":"https:\/\/afogadosfm.com.br\/afogadosfm\/2025\/07\/26\/selecao-brasileira-feminina-empata-com-a-colombia-e-fica-em-1o-no-grupo-b\/#primaryimage"},"thumbnailUrl":"https:\/\/i0.wp.com\/afogadosfm.com.br\/afogadosfm\/wp-content\/uploads\/2025\/07\/bola.jpg?fit=300%2C168&ssl=1","articleSection":["Esporte"],"inLanguage":"pt-BR","potentialAction":[{"@type":"CommentAction","name":"Comment","target":["https:\/\/afogadosfm.com.br\/afogadosfm\/2025\/07\/26\/selecao-brasileira-feminina-empata-com-a-colombia-e-fica-em-1o-no-grupo-b\/#respond"]}]},{"@type":"WebPage","@id":"https:\/\/afogadosfm.com.br\/afogadosfm\/2025\/07\/26\/selecao-brasileira-feminina-empata-com-a-colombia-e-fica-em-1o-no-grupo-b\/","url":"https:\/\/afogadosfm.com.br\/afogadosfm\/2025\/07\/26\/selecao-brasileira-feminina-empata-com-a-colombia-e-fica-em-1o-no-grupo-b\/","name":"Sele\u00e7\u00e3o brasileira feminina empata com a Col\u00f4mbia e fica em 1\u00ba no Grupo B - Afogados FM","isPartOf":{"@id":"https:\/\/afogadosfm.com.br\/afogadosfm\/#website"},"primaryImageOfPage":{"@id":"https:\/\/afogadosfm.com.br\/afogadosfm\/2025\/07\/26\/selecao-brasileira-feminina-empata-com-a-colombia-e-fica-em-1o-no-grupo-b\/#primaryimage"},"image":{"@id":"https:\/\/afogadosfm.com.br\/afogadosfm\/2025\/07\/26\/selecao-brasileira-feminina-empata-com-a-colombia-e-fica-em-1o-no-grupo-b\/#primaryimage"},"thumbnailUrl":"https:\/\/i0.wp.com\/afogadosfm.com.br\/afogadosfm\/wp-content\/uploads\/2025\/07\/bola.jpg?fit=300%2C168&ssl=1","datePublished":"2025-07-26T10:17:41+00:00","dateModified":"2025-07-26T10:17:42+00:00","breadcrumb":{"@id":"https:\/\/afogadosfm.com.br\/afogadosfm\/2025\/07\/26\/selecao-brasileira-feminina-empata-com-a-colombia-e-fica-em-1o-no-grupo-b\/#breadcrumb"},"inLanguage":"pt-BR","potentialAction":[{"@type":"ReadAction","target":["https:\/\/afogadosfm.com.br\/afogadosfm\/2025\/07\/26\/selecao-brasileira-feminina-empata-com-a-colombia-e-fica-em-1o-no-grupo-b\/"]}]},{"@type":"ImageObject","inLanguage":"pt-BR","@id":"https:\/\/afogadosfm.com.br\/afogadosfm\/2025\/07\/26\/selecao-brasileira-feminina-empata-com-a-colombia-e-fica-em-1o-no-grupo-b\/#primaryimage","url":"https:\/\/i0.wp.com\/afogadosfm.com.br\/afogadosfm\/wp-content\/uploads\/2025\/07\/bola.jpg?fit=300%2C168&ssl=1","contentUrl":"https:\/\/i0.wp.com\/afogadosfm.com.br\/afogadosfm\/wp-content\/uploads\/2025\/07\/bola.jpg?fit=300%2C168&ssl=1","width":300,"height":168},{"@type":"BreadcrumbList","@id":"https:\/\/afogadosfm.com.br\/afogadosfm\/2025\/07\/26\/selecao-brasileira-feminina-empata-com-a-colombia-e-fica-em-1o-no-grupo-b\/#breadcrumb","itemListElement":[{"@type":"ListItem","position":1,"name":"In\u00edcio","item":"https:\/\/afogadosfm.com.br\/afogadosfm\/"},{"@type":"ListItem","position":2,"name":"Sele\u00e7\u00e3o brasileira feminina empata com a Col\u00f4mbia e fica em 1\u00ba no Grupo B"}]},{"@type":"WebSite","@id":"https:\/\/afogadosfm.com.br\/afogadosfm\/#website","url":"https:\/\/afogadosfm.com.br\/afogadosfm\/","name":"Afogados FM","description":"Um site completo!","publisher":{"@id":"https:\/\/afogadosfm.com.br\/afogadosfm\/#organization"},"potentialAction":[{"@type":"SearchAction","target":{"@type":"EntryPoint","urlTemplate":"https:\/\/afogadosfm.com.br\/afogadosfm\/?s={search_term_string}"},"query-input":{"@type":"PropertyValueSpecification","valueRequired":true,"valueName":"search_term_string"}}],"inLanguage":"pt-BR"},{"@type":"Organization","@id":"https:\/\/afogadosfm.com.br\/afogadosfm\/#organization","name":"Afogados FM","url":"https:\/\/afogadosfm.com.br\/afogadosfm\/","logo":{"@type":"ImageObject","inLanguage":"pt-BR","@id":"https:\/\/afogadosfm.com.br\/afogadosfm\/#\/schema\/logo\/image\/","url":"https:\/\/i0.wp.com\/afogadosfm.com.br\/afogadosfm\/wp-content\/uploads\/2020\/06\/cropped-banner-afogados-4.jpg?fit=369%2C137&ssl=1","contentUrl":"https:\/\/i0.wp.com\/afogadosfm.com.br\/afogadosfm\/wp-content\/uploads\/2020\/06\/cropped-banner-afogados-4.jpg?fit=369%2C137&ssl=1","width":369,"height":137,"caption":"Afogados FM"},"image":{"@id":"https:\/\/afogadosfm.com.br\/afogadosfm\/#\/schema\/logo\/image\/"}},{"@type":"Person","@id":"https:\/\/afogadosfm.com.br\/afogadosfm\/#\/schema\/person\/60e56f2cf5dc960fc093fe093d9e9057","name":"afogadosfm","image":{"@type":"ImageObject","inLanguage":"pt-BR","@id":"https:\/\/secure.gravatar.com\/avatar\/e0359add7ed5dc3560906d861b52c6a8cf5c1e199d3a7dd85070998f49bd4701?s=96&d=mm&r=g","url":"https:\/\/secure.gravatar.com\/avatar\/e0359add7ed5dc3560906d861b52c6a8cf5c1e199d3a7dd85070998f49bd4701?s=96&d=mm&r=g","contentUrl":"https:\/\/secure.gravatar.com\/avatar\/e0359add7ed5dc3560906d861b52c6a8cf5c1e199d3a7dd85070998f49bd4701?s=96&d=mm&r=g","caption":"afogadosfm"},"url":"https:\/\/afogadosfm.com.br\/afogadosfm\/author\/afogadosfm\/"}]}},"jetpack_publicize_connections":[],"jetpack_featured_media_url":"https:\/\/i0.wp.com\/afogadosfm.com.br\/afogadosfm\/wp-content\/uploads\/2025\/07\/bola.jpg?fit=300%2C168&ssl=1","jetpack-related-posts":[],"jetpack_sharing_enabled":true,"jetpack_likes_enabled":true,"_links":{"self":[{"href":"https:\/\/afogadosfm.com.br\/afogadosfm\/wp-json\/wp\/v2\/posts\/67705","targetHints":{"allow":["GET"]}}],"collection":[{"href":"https:\/\/afogadosfm.com.br\/afogadosfm\/wp-json\/wp\/v2\/posts"}],"about":[{"href":"https:\/\/afogadosfm.com.br\/afogadosfm\/wp-json\/wp\/v2\/types\/post"}],"author":[{"embeddable":true,"href":"https:\/\/afogadosfm.com.br\/afogadosfm\/wp-json\/wp\/v2\/users\/2"}],"replies":[{"embeddable":true,"href":"https:\/\/afogadosfm.com.br\/afogadosfm\/wp-json\/wp\/v2\/comments?post=67705"}],"version-history":[{"count":1,"href":"https:\/\/afogadosfm.com.br\/afogadosfm\/wp-json\/wp\/v2\/posts\/67705\/revisions"}],"predecessor-version":[{"id":67707,"href":"https:\/\/afogadosfm.com.br\/afogadosfm\/wp-json\/wp\/v2\/posts\/67705\/revisions\/67707"}],"wp:featuredmedia":[{"embeddable":true,"href":"https:\/\/afogadosfm.com.br\/afogadosfm\/wp-json\/wp\/v2\/media\/67706"}],"wp:attachment":[{"href":"https:\/\/afogadosfm.com.br\/afogadosfm\/wp-json\/wp\/v2\/media?parent=67705"}],"wp:term":[{"taxonomy":"category","embeddable":true,"href":"https:\/\/afogadosfm.com.br\/afogadosfm\/wp-json\/wp\/v2\/categories?post=67705"},{"taxonomy":"post_tag","embeddable":true,"href":"https:\/\/afogadosfm.com.br\/afogadosfm\/wp-json\/wp\/v2\/tags?post=67705"}],"curies":[{"name":"wp","href":"https:\/\/api.w.org\/{rel}","templated":true}]}}