{"id":67753,"date":"2025-07-28T18:03:20","date_gmt":"2025-07-28T21:03:20","guid":{"rendered":"https:\/\/afogadosfm.com.br\/afogadosfm\/?p=67753"},"modified":"2025-07-28T18:06:51","modified_gmt":"2025-07-28T21:06:51","slug":"governadora-raquel-lyra-podera-visitar-iguaracy-na-proxima-sexta-01","status":"publish","type":"post","link":"https:\/\/afogadosfm.com.br\/afogadosfm\/2025\/07\/28\/governadora-raquel-lyra-podera-visitar-iguaracy-na-proxima-sexta-01\/","title":{"rendered":"Governadora Raquel Lyra poder\u00e1 visitar Iguaracy na pr\u00f3xima sexta (01)"},"content":{"rendered":"\n<p>O prefeito de Iguaracy recebeu, nesta segunda-feira 28 de julho, a informa\u00e7\u00e3o que deve ser confirmada nas pr\u00f3ximas horas pela Casa Civil de Pernambuco de que a governadora Raquel Lyra, dever\u00e1 esta no munic\u00edpio para inaugurar uma importante obra de infraestrutura h\u00eddrica. Trata-se do sistema de abastecimento de \u00e1gua do SISAR, uma iniciativa que promete beneficiar a popula\u00e7\u00e3o dos s\u00edtios: Bom Nome, Alaz\u00e3o e Aroeira.<\/p>\n\n\n\n<p>A visita da chefe do Executivo estadual est\u00e1 prevista, inicialmente, para ocorrer na sexta-feira dia 1\u00b0 de agosto, \u00e0s 15 horas, embora a confirma\u00e7\u00e3o exata do hor\u00e1rio dependa de uma defini\u00e7\u00e3o final do Pal\u00e1cio do Governo. A expectativa \u00e9 grande, pois a inaugura\u00e7\u00e3o marca um avan\u00e7o significativo na garantia do abastecimento de \u00e1gua na zona rural, contribuindo para a melhoria da qualidade de vida dos moradores.<\/p>\n\n\n\n<p>O prefeito de Iguaracy Dr. Pedro, destacou a import\u00e2ncia da obra, ressaltando que a chegada da governadora representa um momento importante. A expectativa \u00e9 que o evento seja realizado na \u00e1rea pr\u00f3xima ao sistema de abastecimento, cujo nome ainda ser\u00e1 confirmado oficialmente.<\/p>\n","protected":false},"excerpt":{"rendered":"<p>O prefeito de Iguaracy recebeu, nesta segunda-feira 28 de julho, a informa\u00e7\u00e3o que deve ser confirmada nas pr\u00f3ximas horas pela<\/p>\n","protected":false},"author":2,"featured_media":67756,"comment_status":"open","ping_status":"open","sticky":false,"template":"","format":"standard","meta":{"jetpack_post_was_ever_published":false,"_jetpack_newsletter_access":"","_jetpack_dont_email_post_to_subs":false,"_jetpack_newsletter_tier_id":0,"_jetpack_memberships_contains_paywalled_content":false,"_jetpack_memberships_contains_paid_content":false,"footnotes":"","jetpack_publicize_message":"","jetpack_publicize_feature_enabled":true,"jetpack_social_post_already_shared":true,"jetpack_social_options":{"image_generator_settings":{"template":"highway","default_image_id":0,"font":"","enabled":false},"version":2}},"categories":[32],"tags":[],"class_list":["post-67753","post","type-post","status-publish","format-standard","has-post-thumbnail","hentry","category-sertao"],"yoast_head":"<!-- This site is optimized with the Yoast SEO plugin v27.5 - https:\/\/yoast.com\/product\/yoast-seo-wordpress\/ -->\n<title>Governadora Raquel Lyra poder\u00e1 visitar Iguaracy na pr\u00f3xima sexta (01) - Afogados FM<\/title>\n<meta name=\"robots\" content=\"index, follow, max-snippet:-1, max-image-preview:large, max-video-preview:-1\" \/>\n<link rel=\"canonical\" href=\"https:\/\/afogadosfm.com.br\/afogadosfm\/2025\/07\/28\/governadora-raquel-lyra-podera-visitar-iguaracy-na-proxima-sexta-01\/\" \/>\n<meta property=\"og:locale\" content=\"pt_BR\" \/>\n<meta property=\"og:type\" content=\"article\" \/>\n<meta property=\"og:title\" content=\"Governadora Raquel Lyra poder\u00e1 visitar Iguaracy na pr\u00f3xima sexta (01) - Afogados FM\" \/>\n<meta property=\"og:description\" content=\"O prefeito de Iguaracy recebeu, nesta segunda-feira 28 de julho, a informa\u00e7\u00e3o que deve ser confirmada nas pr\u00f3ximas horas pela\" \/>\n<meta property=\"og:url\" content=\"https:\/\/afogadosfm.com.br\/afogadosfm\/2025\/07\/28\/governadora-raquel-lyra-podera-visitar-iguaracy-na-proxima-sexta-01\/\" \/>\n<meta property=\"og:site_name\" content=\"Afogados FM\" \/>\n<meta property=\"article:published_time\" content=\"2025-07-28T21:03:20+00:00\" \/>\n<meta property=\"article:modified_time\" content=\"2025-07-28T21:06:51+00:00\" \/>\n<meta property=\"og:image\" content=\"https:\/\/afogadosfm.com.br\/afogadosfm\/wp-content\/uploads\/2025\/07\/IMG_4258.jpeg\" \/>\n\t<meta property=\"og:image:width\" content=\"1020\" \/>\n\t<meta property=\"og:image:height\" content=\"1127\" \/>\n\t<meta property=\"og:image:type\" content=\"image\/jpeg\" \/>\n<meta name=\"author\" content=\"afogadosfm\" \/>\n<meta name=\"twitter:card\" content=\"summary_large_image\" \/>\n<meta name=\"twitter:label1\" content=\"Escrito por\" \/>\n\t<meta name=\"twitter:data1\" content=\"afogadosfm\" \/>\n\t<meta name=\"twitter:label2\" content=\"Est. tempo de leitura\" \/>\n\t<meta name=\"twitter:data2\" content=\"2 minutos\" \/>\n<script type=\"application\/ld+json\" class=\"yoast-schema-graph\">{\"@context\":\"https:\\\/\\\/schema.org\",\"@graph\":[{\"@type\":\"Article\",\"@id\":\"https:\\\/\\\/afogadosfm.com.br\\\/afogadosfm\\\/2025\\\/07\\\/28\\\/governadora-raquel-lyra-podera-visitar-iguaracy-na-proxima-sexta-01\\\/#article\",\"isPartOf\":{\"@id\":\"https:\\\/\\\/afogadosfm.com.br\\\/afogadosfm\\\/2025\\\/07\\\/28\\\/governadora-raquel-lyra-podera-visitar-iguaracy-na-proxima-sexta-01\\\/\"},\"author\":{\"name\":\"afogadosfm\",\"@id\":\"https:\\\/\\\/afogadosfm.com.br\\\/afogadosfm\\\/#\\\/schema\\\/person\\\/60e56f2cf5dc960fc093fe093d9e9057\"},\"headline\":\"Governadora Raquel Lyra poder\u00e1 visitar Iguaracy na pr\u00f3xima sexta (01)\",\"datePublished\":\"2025-07-28T21:03:20+00:00\",\"dateModified\":\"2025-07-28T21:06:51+00:00\",\"mainEntityOfPage\":{\"@id\":\"https:\\\/\\\/afogadosfm.com.br\\\/afogadosfm\\\/2025\\\/07\\\/28\\\/governadora-raquel-lyra-podera-visitar-iguaracy-na-proxima-sexta-01\\\/\"},\"wordCount\":193,\"commentCount\":0,\"publisher\":{\"@id\":\"https:\\\/\\\/afogadosfm.com.br\\\/afogadosfm\\\/#organization\"},\"image\":{\"@id\":\"https:\\\/\\\/afogadosfm.com.br\\\/afogadosfm\\\/2025\\\/07\\\/28\\\/governadora-raquel-lyra-podera-visitar-iguaracy-na-proxima-sexta-01\\\/#primaryimage\"},\"thumbnailUrl\":\"https:\\\/\\\/i0.wp.com\\\/afogadosfm.com.br\\\/afogadosfm\\\/wp-content\\\/uploads\\\/2025\\\/07\\\/IMG_4258.jpeg?fit=1020%2C1127&ssl=1\",\"articleSection\":[\"Sert\u00e3o\"],\"inLanguage\":\"pt-BR\",\"potentialAction\":[{\"@type\":\"CommentAction\",\"name\":\"Comment\",\"target\":[\"https:\\\/\\\/afogadosfm.com.br\\\/afogadosfm\\\/2025\\\/07\\\/28\\\/governadora-raquel-lyra-podera-visitar-iguaracy-na-proxima-sexta-01\\\/#respond\"]}]},{\"@type\":\"WebPage\",\"@id\":\"https:\\\/\\\/afogadosfm.com.br\\\/afogadosfm\\\/2025\\\/07\\\/28\\\/governadora-raquel-lyra-podera-visitar-iguaracy-na-proxima-sexta-01\\\/\",\"url\":\"https:\\\/\\\/afogadosfm.com.br\\\/afogadosfm\\\/2025\\\/07\\\/28\\\/governadora-raquel-lyra-podera-visitar-iguaracy-na-proxima-sexta-01\\\/\",\"name\":\"Governadora Raquel Lyra poder\u00e1 visitar Iguaracy na pr\u00f3xima sexta (01) - Afogados FM\",\"isPartOf\":{\"@id\":\"https:\\\/\\\/afogadosfm.com.br\\\/afogadosfm\\\/#website\"},\"primaryImageOfPage\":{\"@id\":\"https:\\\/\\\/afogadosfm.com.br\\\/afogadosfm\\\/2025\\\/07\\\/28\\\/governadora-raquel-lyra-podera-visitar-iguaracy-na-proxima-sexta-01\\\/#primaryimage\"},\"image\":{\"@id\":\"https:\\\/\\\/afogadosfm.com.br\\\/afogadosfm\\\/2025\\\/07\\\/28\\\/governadora-raquel-lyra-podera-visitar-iguaracy-na-proxima-sexta-01\\\/#primaryimage\"},\"thumbnailUrl\":\"https:\\\/\\\/i0.wp.com\\\/afogadosfm.com.br\\\/afogadosfm\\\/wp-content\\\/uploads\\\/2025\\\/07\\\/IMG_4258.jpeg?fit=1020%2C1127&ssl=1\",\"datePublished\":\"2025-07-28T21:03:20+00:00\",\"dateModified\":\"2025-07-28T21:06:51+00:00\",\"breadcrumb\":{\"@id\":\"https:\\\/\\\/afogadosfm.com.br\\\/afogadosfm\\\/2025\\\/07\\\/28\\\/governadora-raquel-lyra-podera-visitar-iguaracy-na-proxima-sexta-01\\\/#breadcrumb\"},\"inLanguage\":\"pt-BR\",\"potentialAction\":[{\"@type\":\"ReadAction\",\"target\":[\"https:\\\/\\\/afogadosfm.com.br\\\/afogadosfm\\\/2025\\\/07\\\/28\\\/governadora-raquel-lyra-podera-visitar-iguaracy-na-proxima-sexta-01\\\/\"]}]},{\"@type\":\"ImageObject\",\"inLanguage\":\"pt-BR\",\"@id\":\"https:\\\/\\\/afogadosfm.com.br\\\/afogadosfm\\\/2025\\\/07\\\/28\\\/governadora-raquel-lyra-podera-visitar-iguaracy-na-proxima-sexta-01\\\/#primaryimage\",\"url\":\"https:\\\/\\\/i0.wp.com\\\/afogadosfm.com.br\\\/afogadosfm\\\/wp-content\\\/uploads\\\/2025\\\/07\\\/IMG_4258.jpeg?fit=1020%2C1127&ssl=1\",\"contentUrl\":\"https:\\\/\\\/i0.wp.com\\\/afogadosfm.com.br\\\/afogadosfm\\\/wp-content\\\/uploads\\\/2025\\\/07\\\/IMG_4258.jpeg?fit=1020%2C1127&ssl=1\",\"width\":1020,\"height\":1127},{\"@type\":\"BreadcrumbList\",\"@id\":\"https:\\\/\\\/afogadosfm.com.br\\\/afogadosfm\\\/2025\\\/07\\\/28\\\/governadora-raquel-lyra-podera-visitar-iguaracy-na-proxima-sexta-01\\\/#breadcrumb\",\"itemListElement\":[{\"@type\":\"ListItem\",\"position\":1,\"name\":\"In\u00edcio\",\"item\":\"https:\\\/\\\/afogadosfm.com.br\\\/afogadosfm\\\/\"},{\"@type\":\"ListItem\",\"position\":2,\"name\":\"Governadora Raquel Lyra poder\u00e1 visitar Iguaracy na pr\u00f3xima sexta (01)\"}]},{\"@type\":\"WebSite\",\"@id\":\"https:\\\/\\\/afogadosfm.com.br\\\/afogadosfm\\\/#website\",\"url\":\"https:\\\/\\\/afogadosfm.com.br\\\/afogadosfm\\\/\",\"name\":\"Afogados FM\",\"description\":\"Um site completo!\",\"publisher\":{\"@id\":\"https:\\\/\\\/afogadosfm.com.br\\\/afogadosfm\\\/#organization\"},\"potentialAction\":[{\"@type\":\"SearchAction\",\"target\":{\"@type\":\"EntryPoint\",\"urlTemplate\":\"https:\\\/\\\/afogadosfm.com.br\\\/afogadosfm\\\/?s={search_term_string}\"},\"query-input\":{\"@type\":\"PropertyValueSpecification\",\"valueRequired\":true,\"valueName\":\"search_term_string\"}}],\"inLanguage\":\"pt-BR\"},{\"@type\":\"Organization\",\"@id\":\"https:\\\/\\\/afogadosfm.com.br\\\/afogadosfm\\\/#organization\",\"name\":\"Afogados FM\",\"url\":\"https:\\\/\\\/afogadosfm.com.br\\\/afogadosfm\\\/\",\"logo\":{\"@type\":\"ImageObject\",\"inLanguage\":\"pt-BR\",\"@id\":\"https:\\\/\\\/afogadosfm.com.br\\\/afogadosfm\\\/#\\\/schema\\\/logo\\\/image\\\/\",\"url\":\"https:\\\/\\\/i0.wp.com\\\/afogadosfm.com.br\\\/afogadosfm\\\/wp-content\\\/uploads\\\/2020\\\/06\\\/cropped-banner-afogados-4.jpg?fit=369%2C137&ssl=1\",\"contentUrl\":\"https:\\\/\\\/i0.wp.com\\\/afogadosfm.com.br\\\/afogadosfm\\\/wp-content\\\/uploads\\\/2020\\\/06\\\/cropped-banner-afogados-4.jpg?fit=369%2C137&ssl=1\",\"width\":369,\"height\":137,\"caption\":\"Afogados FM\"},\"image\":{\"@id\":\"https:\\\/\\\/afogadosfm.com.br\\\/afogadosfm\\\/#\\\/schema\\\/logo\\\/image\\\/\"}},{\"@type\":\"Person\",\"@id\":\"https:\\\/\\\/afogadosfm.com.br\\\/afogadosfm\\\/#\\\/schema\\\/person\\\/60e56f2cf5dc960fc093fe093d9e9057\",\"name\":\"afogadosfm\",\"image\":{\"@type\":\"ImageObject\",\"inLanguage\":\"pt-BR\",\"@id\":\"https:\\\/\\\/secure.gravatar.com\\\/avatar\\\/e0359add7ed5dc3560906d861b52c6a8cf5c1e199d3a7dd85070998f49bd4701?s=96&d=mm&r=g\",\"url\":\"https:\\\/\\\/secure.gravatar.com\\\/avatar\\\/e0359add7ed5dc3560906d861b52c6a8cf5c1e199d3a7dd85070998f49bd4701?s=96&d=mm&r=g\",\"contentUrl\":\"https:\\\/\\\/secure.gravatar.com\\\/avatar\\\/e0359add7ed5dc3560906d861b52c6a8cf5c1e199d3a7dd85070998f49bd4701?s=96&d=mm&r=g\",\"caption\":\"afogadosfm\"},\"url\":\"https:\\\/\\\/afogadosfm.com.br\\\/afogadosfm\\\/author\\\/afogadosfm\\\/\"}]}<\/script>\n<!-- \/ Yoast SEO plugin. -->","yoast_head_json":{"title":"Governadora Raquel Lyra poder\u00e1 visitar Iguaracy na pr\u00f3xima sexta (01) - Afogados FM","robots":{"index":"index","follow":"follow","max-snippet":"max-snippet:-1","max-image-preview":"max-image-preview:large","max-video-preview":"max-video-preview:-1"},"canonical":"https:\/\/afogadosfm.com.br\/afogadosfm\/2025\/07\/28\/governadora-raquel-lyra-podera-visitar-iguaracy-na-proxima-sexta-01\/","og_locale":"pt_BR","og_type":"article","og_title":"Governadora Raquel Lyra poder\u00e1 visitar Iguaracy na pr\u00f3xima sexta (01) - Afogados FM","og_description":"O prefeito de Iguaracy recebeu, nesta segunda-feira 28 de julho, a informa\u00e7\u00e3o que deve ser confirmada nas pr\u00f3ximas horas pela","og_url":"https:\/\/afogadosfm.com.br\/afogadosfm\/2025\/07\/28\/governadora-raquel-lyra-podera-visitar-iguaracy-na-proxima-sexta-01\/","og_site_name":"Afogados FM","article_published_time":"2025-07-28T21:03:20+00:00","article_modified_time":"2025-07-28T21:06:51+00:00","og_image":[{"width":1020,"height":1127,"url":"https:\/\/afogadosfm.com.br\/afogadosfm\/wp-content\/uploads\/2025\/07\/IMG_4258.jpeg","type":"image\/jpeg"}],"author":"afogadosfm","twitter_card":"summary_large_image","twitter_misc":{"Escrito por":"afogadosfm","Est. tempo de leitura":"2 minutos"},"schema":{"@context":"https:\/\/schema.org","@graph":[{"@type":"Article","@id":"https:\/\/afogadosfm.com.br\/afogadosfm\/2025\/07\/28\/governadora-raquel-lyra-podera-visitar-iguaracy-na-proxima-sexta-01\/#article","isPartOf":{"@id":"https:\/\/afogadosfm.com.br\/afogadosfm\/2025\/07\/28\/governadora-raquel-lyra-podera-visitar-iguaracy-na-proxima-sexta-01\/"},"author":{"name":"afogadosfm","@id":"https:\/\/afogadosfm.com.br\/afogadosfm\/#\/schema\/person\/60e56f2cf5dc960fc093fe093d9e9057"},"headline":"Governadora Raquel Lyra poder\u00e1 visitar Iguaracy na pr\u00f3xima sexta (01)","datePublished":"2025-07-28T21:03:20+00:00","dateModified":"2025-07-28T21:06:51+00:00","mainEntityOfPage":{"@id":"https:\/\/afogadosfm.com.br\/afogadosfm\/2025\/07\/28\/governadora-raquel-lyra-podera-visitar-iguaracy-na-proxima-sexta-01\/"},"wordCount":193,"commentCount":0,"publisher":{"@id":"https:\/\/afogadosfm.com.br\/afogadosfm\/#organization"},"image":{"@id":"https:\/\/afogadosfm.com.br\/afogadosfm\/2025\/07\/28\/governadora-raquel-lyra-podera-visitar-iguaracy-na-proxima-sexta-01\/#primaryimage"},"thumbnailUrl":"https:\/\/i0.wp.com\/afogadosfm.com.br\/afogadosfm\/wp-content\/uploads\/2025\/07\/IMG_4258.jpeg?fit=1020%2C1127&ssl=1","articleSection":["Sert\u00e3o"],"inLanguage":"pt-BR","potentialAction":[{"@type":"CommentAction","name":"Comment","target":["https:\/\/afogadosfm.com.br\/afogadosfm\/2025\/07\/28\/governadora-raquel-lyra-podera-visitar-iguaracy-na-proxima-sexta-01\/#respond"]}]},{"@type":"WebPage","@id":"https:\/\/afogadosfm.com.br\/afogadosfm\/2025\/07\/28\/governadora-raquel-lyra-podera-visitar-iguaracy-na-proxima-sexta-01\/","url":"https:\/\/afogadosfm.com.br\/afogadosfm\/2025\/07\/28\/governadora-raquel-lyra-podera-visitar-iguaracy-na-proxima-sexta-01\/","name":"Governadora Raquel Lyra poder\u00e1 visitar Iguaracy na pr\u00f3xima sexta (01) - Afogados FM","isPartOf":{"@id":"https:\/\/afogadosfm.com.br\/afogadosfm\/#website"},"primaryImageOfPage":{"@id":"https:\/\/afogadosfm.com.br\/afogadosfm\/2025\/07\/28\/governadora-raquel-lyra-podera-visitar-iguaracy-na-proxima-sexta-01\/#primaryimage"},"image":{"@id":"https:\/\/afogadosfm.com.br\/afogadosfm\/2025\/07\/28\/governadora-raquel-lyra-podera-visitar-iguaracy-na-proxima-sexta-01\/#primaryimage"},"thumbnailUrl":"https:\/\/i0.wp.com\/afogadosfm.com.br\/afogadosfm\/wp-content\/uploads\/2025\/07\/IMG_4258.jpeg?fit=1020%2C1127&ssl=1","datePublished":"2025-07-28T21:03:20+00:00","dateModified":"2025-07-28T21:06:51+00:00","breadcrumb":{"@id":"https:\/\/afogadosfm.com.br\/afogadosfm\/2025\/07\/28\/governadora-raquel-lyra-podera-visitar-iguaracy-na-proxima-sexta-01\/#breadcrumb"},"inLanguage":"pt-BR","potentialAction":[{"@type":"ReadAction","target":["https:\/\/afogadosfm.com.br\/afogadosfm\/2025\/07\/28\/governadora-raquel-lyra-podera-visitar-iguaracy-na-proxima-sexta-01\/"]}]},{"@type":"ImageObject","inLanguage":"pt-BR","@id":"https:\/\/afogadosfm.com.br\/afogadosfm\/2025\/07\/28\/governadora-raquel-lyra-podera-visitar-iguaracy-na-proxima-sexta-01\/#primaryimage","url":"https:\/\/i0.wp.com\/afogadosfm.com.br\/afogadosfm\/wp-content\/uploads\/2025\/07\/IMG_4258.jpeg?fit=1020%2C1127&ssl=1","contentUrl":"https:\/\/i0.wp.com\/afogadosfm.com.br\/afogadosfm\/wp-content\/uploads\/2025\/07\/IMG_4258.jpeg?fit=1020%2C1127&ssl=1","width":1020,"height":1127},{"@type":"BreadcrumbList","@id":"https:\/\/afogadosfm.com.br\/afogadosfm\/2025\/07\/28\/governadora-raquel-lyra-podera-visitar-iguaracy-na-proxima-sexta-01\/#breadcrumb","itemListElement":[{"@type":"ListItem","position":1,"name":"In\u00edcio","item":"https:\/\/afogadosfm.com.br\/afogadosfm\/"},{"@type":"ListItem","position":2,"name":"Governadora Raquel Lyra poder\u00e1 visitar Iguaracy na pr\u00f3xima sexta (01)"}]},{"@type":"WebSite","@id":"https:\/\/afogadosfm.com.br\/afogadosfm\/#website","url":"https:\/\/afogadosfm.com.br\/afogadosfm\/","name":"Afogados FM","description":"Um site completo!","publisher":{"@id":"https:\/\/afogadosfm.com.br\/afogadosfm\/#organization"},"potentialAction":[{"@type":"SearchAction","target":{"@type":"EntryPoint","urlTemplate":"https:\/\/afogadosfm.com.br\/afogadosfm\/?s={search_term_string}"},"query-input":{"@type":"PropertyValueSpecification","valueRequired":true,"valueName":"search_term_string"}}],"inLanguage":"pt-BR"},{"@type":"Organization","@id":"https:\/\/afogadosfm.com.br\/afogadosfm\/#organization","name":"Afogados FM","url":"https:\/\/afogadosfm.com.br\/afogadosfm\/","logo":{"@type":"ImageObject","inLanguage":"pt-BR","@id":"https:\/\/afogadosfm.com.br\/afogadosfm\/#\/schema\/logo\/image\/","url":"https:\/\/i0.wp.com\/afogadosfm.com.br\/afogadosfm\/wp-content\/uploads\/2020\/06\/cropped-banner-afogados-4.jpg?fit=369%2C137&ssl=1","contentUrl":"https:\/\/i0.wp.com\/afogadosfm.com.br\/afogadosfm\/wp-content\/uploads\/2020\/06\/cropped-banner-afogados-4.jpg?fit=369%2C137&ssl=1","width":369,"height":137,"caption":"Afogados FM"},"image":{"@id":"https:\/\/afogadosfm.com.br\/afogadosfm\/#\/schema\/logo\/image\/"}},{"@type":"Person","@id":"https:\/\/afogadosfm.com.br\/afogadosfm\/#\/schema\/person\/60e56f2cf5dc960fc093fe093d9e9057","name":"afogadosfm","image":{"@type":"ImageObject","inLanguage":"pt-BR","@id":"https:\/\/secure.gravatar.com\/avatar\/e0359add7ed5dc3560906d861b52c6a8cf5c1e199d3a7dd85070998f49bd4701?s=96&d=mm&r=g","url":"https:\/\/secure.gravatar.com\/avatar\/e0359add7ed5dc3560906d861b52c6a8cf5c1e199d3a7dd85070998f49bd4701?s=96&d=mm&r=g","contentUrl":"https:\/\/secure.gravatar.com\/avatar\/e0359add7ed5dc3560906d861b52c6a8cf5c1e199d3a7dd85070998f49bd4701?s=96&d=mm&r=g","caption":"afogadosfm"},"url":"https:\/\/afogadosfm.com.br\/afogadosfm\/author\/afogadosfm\/"}]}},"jetpack_publicize_connections":[],"jetpack_featured_media_url":"https:\/\/i0.wp.com\/afogadosfm.com.br\/afogadosfm\/wp-content\/uploads\/2025\/07\/IMG_4258.jpeg?fit=1020%2C1127&ssl=1","jetpack-related-posts":[],"jetpack_sharing_enabled":true,"jetpack_likes_enabled":true,"_links":{"self":[{"href":"https:\/\/afogadosfm.com.br\/afogadosfm\/wp-json\/wp\/v2\/posts\/67753","targetHints":{"allow":["GET"]}}],"collection":[{"href":"https:\/\/afogadosfm.com.br\/afogadosfm\/wp-json\/wp\/v2\/posts"}],"about":[{"href":"https:\/\/afogadosfm.com.br\/afogadosfm\/wp-json\/wp\/v2\/types\/post"}],"author":[{"embeddable":true,"href":"https:\/\/afogadosfm.com.br\/afogadosfm\/wp-json\/wp\/v2\/users\/2"}],"replies":[{"embeddable":true,"href":"https:\/\/afogadosfm.com.br\/afogadosfm\/wp-json\/wp\/v2\/comments?post=67753"}],"version-history":[{"count":1,"href":"https:\/\/afogadosfm.com.br\/afogadosfm\/wp-json\/wp\/v2\/posts\/67753\/revisions"}],"predecessor-version":[{"id":67755,"href":"https:\/\/afogadosfm.com.br\/afogadosfm\/wp-json\/wp\/v2\/posts\/67753\/revisions\/67755"}],"wp:featuredmedia":[{"embeddable":true,"href":"https:\/\/afogadosfm.com.br\/afogadosfm\/wp-json\/wp\/v2\/media\/67756"}],"wp:attachment":[{"href":"https:\/\/afogadosfm.com.br\/afogadosfm\/wp-json\/wp\/v2\/media?parent=67753"}],"wp:term":[{"taxonomy":"category","embeddable":true,"href":"https:\/\/afogadosfm.com.br\/afogadosfm\/wp-json\/wp\/v2\/categories?post=67753"},{"taxonomy":"post_tag","embeddable":true,"href":"https:\/\/afogadosfm.com.br\/afogadosfm\/wp-json\/wp\/v2\/tags?post=67753"}],"curies":[{"name":"wp","href":"https:\/\/api.w.org\/{rel}","templated":true}]}}