{"id":67757,"date":"2025-07-29T05:51:35","date_gmt":"2025-07-29T08:51:35","guid":{"rendered":"https:\/\/afogadosfm.com.br\/afogadosfm\/?p=67757"},"modified":"2025-07-29T05:51:36","modified_gmt":"2025-07-29T08:51:36","slug":"afogados-chuva-de-gols-na-abertura-do-campeonato-rural","status":"publish","type":"post","link":"https:\/\/afogadosfm.com.br\/afogadosfm\/2025\/07\/29\/afogados-chuva-de-gols-na-abertura-do-campeonato-rural\/","title":{"rendered":"Afogados: chuva de gols na abertura do campeonato rural"},"content":{"rendered":"\n<p>O campeonato rural de futebol amador de Afogados da Ingazeira \u00e9 uma das maiores competi\u00e7\u00f5es do g\u00eanero no interior de Pernambuco. S\u00e3o vinte equipes e quinhentos atletas competindo e disputando, al\u00e9m do t\u00edtulo, uma premia\u00e7\u00e3o total de 14 mil Reais.<\/p>\n\n\n\n<p>A abertura, ocorrida no \u00faltimo s\u00e1bado (26), contou com uma verdadeira chuva de gols, 17 em duas partidas. Na primeira, o Corinthians do Riacho da on\u00e7a bateu o Bragantino da Gangorra por 12 a 0. Na segunda partida, o Vasco da Varzinha vendeu o Guarani do Saco da Serra por 5&#215;0.<\/p>\n\n\n\n<p>No domingo, os times foram mais econ\u00f4micos no quesito \u201cgols\u201d. Na rodada, dois empates: 0x0 para S\u00e3o Paulo do Jatob\u00e1 e Vila Real do S\u00e3o Jo\u00e3o; e 1&#215;1 para Cruzeiro da V\u00e1rzea Comprida e S\u00e3o Caetano do Curral Velho.<\/p>\n\n\n\n<p>\u201cQuero agradecer a toda a equipe da gest\u00e3o que tem me ajudado muito nesse momento dif\u00edcil, que tem se desdobrado para fazer as coisas acontecerem. Esse \u00e9 um campeonato amador mas com toda uma organiza\u00e7\u00e3o profissional, que realizamos com muito esmero, atentando pra cada detalhe. Que tenhamos mais uma grande edi\u00e7\u00e3o do campeonato rural,\u201d declarou o Secret\u00e1rio de Cultura e Esportes Augusto Martins.<\/p>\n\n\n\n<p>A rodada de abertura do torneio contou com as presen\u00e7as do Prefeito Sandrinho Palmeira e dos vereadores Vicente Zuza, C\u00e9sar Ten\u00f3rio e Reinaldo Lima.<\/p>\n","protected":false},"excerpt":{"rendered":"<p>O campeonato rural de futebol amador de Afogados da Ingazeira \u00e9 uma das maiores competi\u00e7\u00f5es do g\u00eanero no interior de<\/p>\n","protected":false},"author":2,"featured_media":67758,"comment_status":"open","ping_status":"open","sticky":false,"template":"","format":"standard","meta":{"jetpack_post_was_ever_published":false,"_jetpack_newsletter_access":"","_jetpack_dont_email_post_to_subs":false,"_jetpack_newsletter_tier_id":0,"_jetpack_memberships_contains_paywalled_content":false,"_jetpack_memberships_contains_paid_content":false,"footnotes":"","jetpack_publicize_message":"","jetpack_publicize_feature_enabled":true,"jetpack_social_post_already_shared":true,"jetpack_social_options":{"image_generator_settings":{"template":"highway","default_image_id":0,"font":"","enabled":false},"version":2}},"categories":[8],"tags":[],"class_list":["post-67757","post","type-post","status-publish","format-standard","has-post-thumbnail","hentry","category-esporte"],"yoast_head":"<!-- This site is optimized with the Yoast SEO plugin v27.5 - https:\/\/yoast.com\/product\/yoast-seo-wordpress\/ -->\n<title>Afogados: chuva de gols na abertura do campeonato rural - Afogados FM<\/title>\n<meta name=\"robots\" content=\"index, follow, max-snippet:-1, max-image-preview:large, max-video-preview:-1\" \/>\n<link rel=\"canonical\" href=\"https:\/\/afogadosfm.com.br\/afogadosfm\/2025\/07\/29\/afogados-chuva-de-gols-na-abertura-do-campeonato-rural\/\" \/>\n<meta property=\"og:locale\" content=\"pt_BR\" \/>\n<meta property=\"og:type\" content=\"article\" \/>\n<meta property=\"og:title\" content=\"Afogados: chuva de gols na abertura do campeonato rural - Afogados FM\" \/>\n<meta property=\"og:description\" content=\"O campeonato rural de futebol amador de Afogados da Ingazeira \u00e9 uma das maiores competi\u00e7\u00f5es do g\u00eanero no interior de\" \/>\n<meta property=\"og:url\" content=\"https:\/\/afogadosfm.com.br\/afogadosfm\/2025\/07\/29\/afogados-chuva-de-gols-na-abertura-do-campeonato-rural\/\" \/>\n<meta property=\"og:site_name\" content=\"Afogados FM\" \/>\n<meta property=\"article:published_time\" content=\"2025-07-29T08:51:35+00:00\" \/>\n<meta property=\"article:modified_time\" content=\"2025-07-29T08:51:36+00:00\" \/>\n<meta property=\"og:image\" content=\"https:\/\/afogadosfm.com.br\/afogadosfm\/wp-content\/uploads\/2025\/07\/Imagem-do-WhatsApp-de-2025-07-29-as-05.50.24_fe38ac5d.jpg\" \/>\n\t<meta property=\"og:image:width\" content=\"1600\" \/>\n\t<meta property=\"og:image:height\" content=\"1066\" \/>\n\t<meta property=\"og:image:type\" content=\"image\/jpeg\" \/>\n<meta name=\"author\" content=\"afogadosfm\" \/>\n<meta name=\"twitter:card\" content=\"summary_large_image\" \/>\n<meta name=\"twitter:label1\" content=\"Escrito por\" \/>\n\t<meta name=\"twitter:data1\" content=\"afogadosfm\" \/>\n\t<meta name=\"twitter:label2\" content=\"Est. tempo de leitura\" \/>\n\t<meta name=\"twitter:data2\" content=\"2 minutos\" \/>\n<script type=\"application\/ld+json\" class=\"yoast-schema-graph\">{\"@context\":\"https:\\\/\\\/schema.org\",\"@graph\":[{\"@type\":\"Article\",\"@id\":\"https:\\\/\\\/afogadosfm.com.br\\\/afogadosfm\\\/2025\\\/07\\\/29\\\/afogados-chuva-de-gols-na-abertura-do-campeonato-rural\\\/#article\",\"isPartOf\":{\"@id\":\"https:\\\/\\\/afogadosfm.com.br\\\/afogadosfm\\\/2025\\\/07\\\/29\\\/afogados-chuva-de-gols-na-abertura-do-campeonato-rural\\\/\"},\"author\":{\"name\":\"afogadosfm\",\"@id\":\"https:\\\/\\\/afogadosfm.com.br\\\/afogadosfm\\\/#\\\/schema\\\/person\\\/60e56f2cf5dc960fc093fe093d9e9057\"},\"headline\":\"Afogados: chuva de gols na abertura do campeonato rural\",\"datePublished\":\"2025-07-29T08:51:35+00:00\",\"dateModified\":\"2025-07-29T08:51:36+00:00\",\"mainEntityOfPage\":{\"@id\":\"https:\\\/\\\/afogadosfm.com.br\\\/afogadosfm\\\/2025\\\/07\\\/29\\\/afogados-chuva-de-gols-na-abertura-do-campeonato-rural\\\/\"},\"wordCount\":241,\"commentCount\":0,\"publisher\":{\"@id\":\"https:\\\/\\\/afogadosfm.com.br\\\/afogadosfm\\\/#organization\"},\"image\":{\"@id\":\"https:\\\/\\\/afogadosfm.com.br\\\/afogadosfm\\\/2025\\\/07\\\/29\\\/afogados-chuva-de-gols-na-abertura-do-campeonato-rural\\\/#primaryimage\"},\"thumbnailUrl\":\"https:\\\/\\\/i0.wp.com\\\/afogadosfm.com.br\\\/afogadosfm\\\/wp-content\\\/uploads\\\/2025\\\/07\\\/Imagem-do-WhatsApp-de-2025-07-29-as-05.50.24_fe38ac5d.jpg?fit=1600%2C1066&ssl=1\",\"articleSection\":[\"Esporte\"],\"inLanguage\":\"pt-BR\",\"potentialAction\":[{\"@type\":\"CommentAction\",\"name\":\"Comment\",\"target\":[\"https:\\\/\\\/afogadosfm.com.br\\\/afogadosfm\\\/2025\\\/07\\\/29\\\/afogados-chuva-de-gols-na-abertura-do-campeonato-rural\\\/#respond\"]}]},{\"@type\":\"WebPage\",\"@id\":\"https:\\\/\\\/afogadosfm.com.br\\\/afogadosfm\\\/2025\\\/07\\\/29\\\/afogados-chuva-de-gols-na-abertura-do-campeonato-rural\\\/\",\"url\":\"https:\\\/\\\/afogadosfm.com.br\\\/afogadosfm\\\/2025\\\/07\\\/29\\\/afogados-chuva-de-gols-na-abertura-do-campeonato-rural\\\/\",\"name\":\"Afogados: chuva de gols na abertura do campeonato rural - Afogados FM\",\"isPartOf\":{\"@id\":\"https:\\\/\\\/afogadosfm.com.br\\\/afogadosfm\\\/#website\"},\"primaryImageOfPage\":{\"@id\":\"https:\\\/\\\/afogadosfm.com.br\\\/afogadosfm\\\/2025\\\/07\\\/29\\\/afogados-chuva-de-gols-na-abertura-do-campeonato-rural\\\/#primaryimage\"},\"image\":{\"@id\":\"https:\\\/\\\/afogadosfm.com.br\\\/afogadosfm\\\/2025\\\/07\\\/29\\\/afogados-chuva-de-gols-na-abertura-do-campeonato-rural\\\/#primaryimage\"},\"thumbnailUrl\":\"https:\\\/\\\/i0.wp.com\\\/afogadosfm.com.br\\\/afogadosfm\\\/wp-content\\\/uploads\\\/2025\\\/07\\\/Imagem-do-WhatsApp-de-2025-07-29-as-05.50.24_fe38ac5d.jpg?fit=1600%2C1066&ssl=1\",\"datePublished\":\"2025-07-29T08:51:35+00:00\",\"dateModified\":\"2025-07-29T08:51:36+00:00\",\"breadcrumb\":{\"@id\":\"https:\\\/\\\/afogadosfm.com.br\\\/afogadosfm\\\/2025\\\/07\\\/29\\\/afogados-chuva-de-gols-na-abertura-do-campeonato-rural\\\/#breadcrumb\"},\"inLanguage\":\"pt-BR\",\"potentialAction\":[{\"@type\":\"ReadAction\",\"target\":[\"https:\\\/\\\/afogadosfm.com.br\\\/afogadosfm\\\/2025\\\/07\\\/29\\\/afogados-chuva-de-gols-na-abertura-do-campeonato-rural\\\/\"]}]},{\"@type\":\"ImageObject\",\"inLanguage\":\"pt-BR\",\"@id\":\"https:\\\/\\\/afogadosfm.com.br\\\/afogadosfm\\\/2025\\\/07\\\/29\\\/afogados-chuva-de-gols-na-abertura-do-campeonato-rural\\\/#primaryimage\",\"url\":\"https:\\\/\\\/i0.wp.com\\\/afogadosfm.com.br\\\/afogadosfm\\\/wp-content\\\/uploads\\\/2025\\\/07\\\/Imagem-do-WhatsApp-de-2025-07-29-as-05.50.24_fe38ac5d.jpg?fit=1600%2C1066&ssl=1\",\"contentUrl\":\"https:\\\/\\\/i0.wp.com\\\/afogadosfm.com.br\\\/afogadosfm\\\/wp-content\\\/uploads\\\/2025\\\/07\\\/Imagem-do-WhatsApp-de-2025-07-29-as-05.50.24_fe38ac5d.jpg?fit=1600%2C1066&ssl=1\",\"width\":1600,\"height\":1066},{\"@type\":\"BreadcrumbList\",\"@id\":\"https:\\\/\\\/afogadosfm.com.br\\\/afogadosfm\\\/2025\\\/07\\\/29\\\/afogados-chuva-de-gols-na-abertura-do-campeonato-rural\\\/#breadcrumb\",\"itemListElement\":[{\"@type\":\"ListItem\",\"position\":1,\"name\":\"In\u00edcio\",\"item\":\"https:\\\/\\\/afogadosfm.com.br\\\/afogadosfm\\\/\"},{\"@type\":\"ListItem\",\"position\":2,\"name\":\"Afogados: chuva de gols na abertura do campeonato rural\"}]},{\"@type\":\"WebSite\",\"@id\":\"https:\\\/\\\/afogadosfm.com.br\\\/afogadosfm\\\/#website\",\"url\":\"https:\\\/\\\/afogadosfm.com.br\\\/afogadosfm\\\/\",\"name\":\"Afogados FM\",\"description\":\"Um site completo!\",\"publisher\":{\"@id\":\"https:\\\/\\\/afogadosfm.com.br\\\/afogadosfm\\\/#organization\"},\"potentialAction\":[{\"@type\":\"SearchAction\",\"target\":{\"@type\":\"EntryPoint\",\"urlTemplate\":\"https:\\\/\\\/afogadosfm.com.br\\\/afogadosfm\\\/?s={search_term_string}\"},\"query-input\":{\"@type\":\"PropertyValueSpecification\",\"valueRequired\":true,\"valueName\":\"search_term_string\"}}],\"inLanguage\":\"pt-BR\"},{\"@type\":\"Organization\",\"@id\":\"https:\\\/\\\/afogadosfm.com.br\\\/afogadosfm\\\/#organization\",\"name\":\"Afogados FM\",\"url\":\"https:\\\/\\\/afogadosfm.com.br\\\/afogadosfm\\\/\",\"logo\":{\"@type\":\"ImageObject\",\"inLanguage\":\"pt-BR\",\"@id\":\"https:\\\/\\\/afogadosfm.com.br\\\/afogadosfm\\\/#\\\/schema\\\/logo\\\/image\\\/\",\"url\":\"https:\\\/\\\/i0.wp.com\\\/afogadosfm.com.br\\\/afogadosfm\\\/wp-content\\\/uploads\\\/2020\\\/06\\\/cropped-banner-afogados-4.jpg?fit=369%2C137&ssl=1\",\"contentUrl\":\"https:\\\/\\\/i0.wp.com\\\/afogadosfm.com.br\\\/afogadosfm\\\/wp-content\\\/uploads\\\/2020\\\/06\\\/cropped-banner-afogados-4.jpg?fit=369%2C137&ssl=1\",\"width\":369,\"height\":137,\"caption\":\"Afogados FM\"},\"image\":{\"@id\":\"https:\\\/\\\/afogadosfm.com.br\\\/afogadosfm\\\/#\\\/schema\\\/logo\\\/image\\\/\"}},{\"@type\":\"Person\",\"@id\":\"https:\\\/\\\/afogadosfm.com.br\\\/afogadosfm\\\/#\\\/schema\\\/person\\\/60e56f2cf5dc960fc093fe093d9e9057\",\"name\":\"afogadosfm\",\"image\":{\"@type\":\"ImageObject\",\"inLanguage\":\"pt-BR\",\"@id\":\"https:\\\/\\\/secure.gravatar.com\\\/avatar\\\/e0359add7ed5dc3560906d861b52c6a8cf5c1e199d3a7dd85070998f49bd4701?s=96&d=mm&r=g\",\"url\":\"https:\\\/\\\/secure.gravatar.com\\\/avatar\\\/e0359add7ed5dc3560906d861b52c6a8cf5c1e199d3a7dd85070998f49bd4701?s=96&d=mm&r=g\",\"contentUrl\":\"https:\\\/\\\/secure.gravatar.com\\\/avatar\\\/e0359add7ed5dc3560906d861b52c6a8cf5c1e199d3a7dd85070998f49bd4701?s=96&d=mm&r=g\",\"caption\":\"afogadosfm\"},\"url\":\"https:\\\/\\\/afogadosfm.com.br\\\/afogadosfm\\\/author\\\/afogadosfm\\\/\"}]}<\/script>\n<!-- \/ Yoast SEO plugin. -->","yoast_head_json":{"title":"Afogados: chuva de gols na abertura do campeonato rural - Afogados FM","robots":{"index":"index","follow":"follow","max-snippet":"max-snippet:-1","max-image-preview":"max-image-preview:large","max-video-preview":"max-video-preview:-1"},"canonical":"https:\/\/afogadosfm.com.br\/afogadosfm\/2025\/07\/29\/afogados-chuva-de-gols-na-abertura-do-campeonato-rural\/","og_locale":"pt_BR","og_type":"article","og_title":"Afogados: chuva de gols na abertura do campeonato rural - Afogados FM","og_description":"O campeonato rural de futebol amador de Afogados da Ingazeira \u00e9 uma das maiores competi\u00e7\u00f5es do g\u00eanero no interior de","og_url":"https:\/\/afogadosfm.com.br\/afogadosfm\/2025\/07\/29\/afogados-chuva-de-gols-na-abertura-do-campeonato-rural\/","og_site_name":"Afogados FM","article_published_time":"2025-07-29T08:51:35+00:00","article_modified_time":"2025-07-29T08:51:36+00:00","og_image":[{"width":1600,"height":1066,"url":"https:\/\/afogadosfm.com.br\/afogadosfm\/wp-content\/uploads\/2025\/07\/Imagem-do-WhatsApp-de-2025-07-29-as-05.50.24_fe38ac5d.jpg","type":"image\/jpeg"}],"author":"afogadosfm","twitter_card":"summary_large_image","twitter_misc":{"Escrito por":"afogadosfm","Est. tempo de leitura":"2 minutos"},"schema":{"@context":"https:\/\/schema.org","@graph":[{"@type":"Article","@id":"https:\/\/afogadosfm.com.br\/afogadosfm\/2025\/07\/29\/afogados-chuva-de-gols-na-abertura-do-campeonato-rural\/#article","isPartOf":{"@id":"https:\/\/afogadosfm.com.br\/afogadosfm\/2025\/07\/29\/afogados-chuva-de-gols-na-abertura-do-campeonato-rural\/"},"author":{"name":"afogadosfm","@id":"https:\/\/afogadosfm.com.br\/afogadosfm\/#\/schema\/person\/60e56f2cf5dc960fc093fe093d9e9057"},"headline":"Afogados: chuva de gols na abertura do campeonato rural","datePublished":"2025-07-29T08:51:35+00:00","dateModified":"2025-07-29T08:51:36+00:00","mainEntityOfPage":{"@id":"https:\/\/afogadosfm.com.br\/afogadosfm\/2025\/07\/29\/afogados-chuva-de-gols-na-abertura-do-campeonato-rural\/"},"wordCount":241,"commentCount":0,"publisher":{"@id":"https:\/\/afogadosfm.com.br\/afogadosfm\/#organization"},"image":{"@id":"https:\/\/afogadosfm.com.br\/afogadosfm\/2025\/07\/29\/afogados-chuva-de-gols-na-abertura-do-campeonato-rural\/#primaryimage"},"thumbnailUrl":"https:\/\/i0.wp.com\/afogadosfm.com.br\/afogadosfm\/wp-content\/uploads\/2025\/07\/Imagem-do-WhatsApp-de-2025-07-29-as-05.50.24_fe38ac5d.jpg?fit=1600%2C1066&ssl=1","articleSection":["Esporte"],"inLanguage":"pt-BR","potentialAction":[{"@type":"CommentAction","name":"Comment","target":["https:\/\/afogadosfm.com.br\/afogadosfm\/2025\/07\/29\/afogados-chuva-de-gols-na-abertura-do-campeonato-rural\/#respond"]}]},{"@type":"WebPage","@id":"https:\/\/afogadosfm.com.br\/afogadosfm\/2025\/07\/29\/afogados-chuva-de-gols-na-abertura-do-campeonato-rural\/","url":"https:\/\/afogadosfm.com.br\/afogadosfm\/2025\/07\/29\/afogados-chuva-de-gols-na-abertura-do-campeonato-rural\/","name":"Afogados: chuva de gols na abertura do campeonato rural - Afogados FM","isPartOf":{"@id":"https:\/\/afogadosfm.com.br\/afogadosfm\/#website"},"primaryImageOfPage":{"@id":"https:\/\/afogadosfm.com.br\/afogadosfm\/2025\/07\/29\/afogados-chuva-de-gols-na-abertura-do-campeonato-rural\/#primaryimage"},"image":{"@id":"https:\/\/afogadosfm.com.br\/afogadosfm\/2025\/07\/29\/afogados-chuva-de-gols-na-abertura-do-campeonato-rural\/#primaryimage"},"thumbnailUrl":"https:\/\/i0.wp.com\/afogadosfm.com.br\/afogadosfm\/wp-content\/uploads\/2025\/07\/Imagem-do-WhatsApp-de-2025-07-29-as-05.50.24_fe38ac5d.jpg?fit=1600%2C1066&ssl=1","datePublished":"2025-07-29T08:51:35+00:00","dateModified":"2025-07-29T08:51:36+00:00","breadcrumb":{"@id":"https:\/\/afogadosfm.com.br\/afogadosfm\/2025\/07\/29\/afogados-chuva-de-gols-na-abertura-do-campeonato-rural\/#breadcrumb"},"inLanguage":"pt-BR","potentialAction":[{"@type":"ReadAction","target":["https:\/\/afogadosfm.com.br\/afogadosfm\/2025\/07\/29\/afogados-chuva-de-gols-na-abertura-do-campeonato-rural\/"]}]},{"@type":"ImageObject","inLanguage":"pt-BR","@id":"https:\/\/afogadosfm.com.br\/afogadosfm\/2025\/07\/29\/afogados-chuva-de-gols-na-abertura-do-campeonato-rural\/#primaryimage","url":"https:\/\/i0.wp.com\/afogadosfm.com.br\/afogadosfm\/wp-content\/uploads\/2025\/07\/Imagem-do-WhatsApp-de-2025-07-29-as-05.50.24_fe38ac5d.jpg?fit=1600%2C1066&ssl=1","contentUrl":"https:\/\/i0.wp.com\/afogadosfm.com.br\/afogadosfm\/wp-content\/uploads\/2025\/07\/Imagem-do-WhatsApp-de-2025-07-29-as-05.50.24_fe38ac5d.jpg?fit=1600%2C1066&ssl=1","width":1600,"height":1066},{"@type":"BreadcrumbList","@id":"https:\/\/afogadosfm.com.br\/afogadosfm\/2025\/07\/29\/afogados-chuva-de-gols-na-abertura-do-campeonato-rural\/#breadcrumb","itemListElement":[{"@type":"ListItem","position":1,"name":"In\u00edcio","item":"https:\/\/afogadosfm.com.br\/afogadosfm\/"},{"@type":"ListItem","position":2,"name":"Afogados: chuva de gols na abertura do campeonato rural"}]},{"@type":"WebSite","@id":"https:\/\/afogadosfm.com.br\/afogadosfm\/#website","url":"https:\/\/afogadosfm.com.br\/afogadosfm\/","name":"Afogados FM","description":"Um site completo!","publisher":{"@id":"https:\/\/afogadosfm.com.br\/afogadosfm\/#organization"},"potentialAction":[{"@type":"SearchAction","target":{"@type":"EntryPoint","urlTemplate":"https:\/\/afogadosfm.com.br\/afogadosfm\/?s={search_term_string}"},"query-input":{"@type":"PropertyValueSpecification","valueRequired":true,"valueName":"search_term_string"}}],"inLanguage":"pt-BR"},{"@type":"Organization","@id":"https:\/\/afogadosfm.com.br\/afogadosfm\/#organization","name":"Afogados FM","url":"https:\/\/afogadosfm.com.br\/afogadosfm\/","logo":{"@type":"ImageObject","inLanguage":"pt-BR","@id":"https:\/\/afogadosfm.com.br\/afogadosfm\/#\/schema\/logo\/image\/","url":"https:\/\/i0.wp.com\/afogadosfm.com.br\/afogadosfm\/wp-content\/uploads\/2020\/06\/cropped-banner-afogados-4.jpg?fit=369%2C137&ssl=1","contentUrl":"https:\/\/i0.wp.com\/afogadosfm.com.br\/afogadosfm\/wp-content\/uploads\/2020\/06\/cropped-banner-afogados-4.jpg?fit=369%2C137&ssl=1","width":369,"height":137,"caption":"Afogados FM"},"image":{"@id":"https:\/\/afogadosfm.com.br\/afogadosfm\/#\/schema\/logo\/image\/"}},{"@type":"Person","@id":"https:\/\/afogadosfm.com.br\/afogadosfm\/#\/schema\/person\/60e56f2cf5dc960fc093fe093d9e9057","name":"afogadosfm","image":{"@type":"ImageObject","inLanguage":"pt-BR","@id":"https:\/\/secure.gravatar.com\/avatar\/e0359add7ed5dc3560906d861b52c6a8cf5c1e199d3a7dd85070998f49bd4701?s=96&d=mm&r=g","url":"https:\/\/secure.gravatar.com\/avatar\/e0359add7ed5dc3560906d861b52c6a8cf5c1e199d3a7dd85070998f49bd4701?s=96&d=mm&r=g","contentUrl":"https:\/\/secure.gravatar.com\/avatar\/e0359add7ed5dc3560906d861b52c6a8cf5c1e199d3a7dd85070998f49bd4701?s=96&d=mm&r=g","caption":"afogadosfm"},"url":"https:\/\/afogadosfm.com.br\/afogadosfm\/author\/afogadosfm\/"}]}},"jetpack_publicize_connections":[],"jetpack_featured_media_url":"https:\/\/i0.wp.com\/afogadosfm.com.br\/afogadosfm\/wp-content\/uploads\/2025\/07\/Imagem-do-WhatsApp-de-2025-07-29-as-05.50.24_fe38ac5d.jpg?fit=1600%2C1066&ssl=1","jetpack-related-posts":[],"jetpack_sharing_enabled":true,"jetpack_likes_enabled":true,"_links":{"self":[{"href":"https:\/\/afogadosfm.com.br\/afogadosfm\/wp-json\/wp\/v2\/posts\/67757","targetHints":{"allow":["GET"]}}],"collection":[{"href":"https:\/\/afogadosfm.com.br\/afogadosfm\/wp-json\/wp\/v2\/posts"}],"about":[{"href":"https:\/\/afogadosfm.com.br\/afogadosfm\/wp-json\/wp\/v2\/types\/post"}],"author":[{"embeddable":true,"href":"https:\/\/afogadosfm.com.br\/afogadosfm\/wp-json\/wp\/v2\/users\/2"}],"replies":[{"embeddable":true,"href":"https:\/\/afogadosfm.com.br\/afogadosfm\/wp-json\/wp\/v2\/comments?post=67757"}],"version-history":[{"count":1,"href":"https:\/\/afogadosfm.com.br\/afogadosfm\/wp-json\/wp\/v2\/posts\/67757\/revisions"}],"predecessor-version":[{"id":67759,"href":"https:\/\/afogadosfm.com.br\/afogadosfm\/wp-json\/wp\/v2\/posts\/67757\/revisions\/67759"}],"wp:featuredmedia":[{"embeddable":true,"href":"https:\/\/afogadosfm.com.br\/afogadosfm\/wp-json\/wp\/v2\/media\/67758"}],"wp:attachment":[{"href":"https:\/\/afogadosfm.com.br\/afogadosfm\/wp-json\/wp\/v2\/media?parent=67757"}],"wp:term":[{"taxonomy":"category","embeddable":true,"href":"https:\/\/afogadosfm.com.br\/afogadosfm\/wp-json\/wp\/v2\/categories?post=67757"},{"taxonomy":"post_tag","embeddable":true,"href":"https:\/\/afogadosfm.com.br\/afogadosfm\/wp-json\/wp\/v2\/tags?post=67757"}],"curies":[{"name":"wp","href":"https:\/\/api.w.org\/{rel}","templated":true}]}}