{"id":67776,"date":"2025-07-29T06:23:47","date_gmt":"2025-07-29T09:23:47","guid":{"rendered":"https:\/\/afogadosfm.com.br\/afogadosfm\/?p=67776"},"modified":"2025-07-29T06:23:48","modified_gmt":"2025-07-29T09:23:48","slug":"senadores-brasileiros-estao-nos-eua-para-reunioes-sobre-tarifaco","status":"publish","type":"post","link":"https:\/\/afogadosfm.com.br\/afogadosfm\/2025\/07\/29\/senadores-brasileiros-estao-nos-eua-para-reunioes-sobre-tarifaco\/","title":{"rendered":"Senadores brasileiros est\u00e3o nos EUA para reuni\u00f5es sobre tarifa\u00e7o"},"content":{"rendered":"\n<p>Uma miss\u00e3o oficial do Senado Federal est\u00e1 em Washington, capital dos Estados Unidos, para tratar do tarifa\u00e7o de Donald Trump com congressistas norte-americanos. Pela manh\u00e3, o grupo teve um primeiro encontro com autoridades diplom\u00e1ticas e especialistas em com\u00e9rcio internacional na resid\u00eancia oficial da embaixadora do Brasil no pa\u00eds, Maria Luiza Viotti.<img data-recalc-dims=\"1\" decoding=\"async\" src=\"https:\/\/i0.wp.com\/agenciabrasil.ebc.com.br\/ebc.png?w=840&#038;ssl=1\"><img data-recalc-dims=\"1\" decoding=\"async\" src=\"https:\/\/i0.wp.com\/agenciabrasil.ebc.com.br\/ebc.gif?w=840&#038;ssl=1\"><\/p>\n\n\n\n<p>O grupo \u00e9 composto pelos senadores Jacques Wagner, do PT da Bahia; Rog\u00e9rio Carvalho, do PT de Sergipe; Carlos Viana, do Podemos de Minas Gerais; Nelsinho Trad, do PSD do Mato Grosso do Sul; Esperidi\u00e3o Amin, do PP de Santa Catarina; Teresa Cristina, do PP de Mato Grosso do Sul; o astronauta Marcos Pontes, do PL de S\u00e3o Paulo; e Fernando Farias, do MDB de Alagoas. Tamb\u00e9m esteve presente no encontro o ex-diretor-geral da Organiza\u00e7\u00e3o Mundial do Com\u00e9rcio, o embaixador Roberto Azev\u00eado.<\/p>\n\n\n\n<p>Segundo Nelsinho do Trad, presidente da Comiss\u00e3o de Rela\u00e7\u00f5es Exteriores do Senado e coordenador da miss\u00e3o oficial, o objetivo nos pr\u00f3ximos dias ser\u00e1 distensionar a rela\u00e7\u00e3o entre os pa\u00edses, al\u00e9m de reabrir o di\u00e1logo direto com o Congresso norte-americano, para que se crie um ambiente favor\u00e1vel de negocia\u00e7\u00e3o para o governo federal, que tem a prerrogativa de fechar um eventual acordo.<\/p>\n\n\n\n<blockquote class=\"wp-block-quote is-layout-flow wp-block-quote-is-layout-flow\">\n<p>\u201cA nossa miss\u00e3o tem o intuito principal de distensionar essa rela\u00e7\u00e3o entre o Brasil e os Estados Unidos, com a nossa contraparte parlamentar. A partir do momento que a gente conquistar isso, eu penso que a miss\u00e3o j\u00e1 vai ter o seu primeiro ponto no sentido proporcionar ambiente e caminho para que quem tenha a prerrogativa de negociar, que n\u00e3o somos n\u00f3s, e sim o governo federal, possa assim faz\u00ea-lo\u201d.<\/p>\n<\/blockquote>\n\n\n\n<p>Trad tamb\u00e9m confirmou que est\u00e1 prevista para esta ter\u00e7a-feira (29) uma s\u00e9rie de compromissos estrat\u00e9gicos com autoridades e parlamentares norte-americanos, tanto Republicanos, quanto Democratas.<\/p>\n","protected":false},"excerpt":{"rendered":"<p>Uma miss\u00e3o oficial do Senado Federal est\u00e1 em Washington, capital dos Estados Unidos, para tratar do tarifa\u00e7o de Donald Trump<\/p>\n","protected":false},"author":2,"featured_media":21692,"comment_status":"open","ping_status":"open","sticky":false,"template":"","format":"standard","meta":{"jetpack_post_was_ever_published":false,"_jetpack_newsletter_access":"","_jetpack_dont_email_post_to_subs":false,"_jetpack_newsletter_tier_id":0,"_jetpack_memberships_contains_paywalled_content":false,"_jetpack_memberships_contains_paid_content":false,"footnotes":"","jetpack_publicize_message":"","jetpack_publicize_feature_enabled":true,"jetpack_social_post_already_shared":true,"jetpack_social_options":{"image_generator_settings":{"template":"highway","default_image_id":0,"font":"","enabled":false},"version":2}},"categories":[12],"tags":[],"class_list":["post-67776","post","type-post","status-publish","format-standard","has-post-thumbnail","hentry","category-brasil"],"yoast_head":"<!-- This site is optimized with the Yoast SEO plugin v27.5 - https:\/\/yoast.com\/product\/yoast-seo-wordpress\/ -->\n<title>Senadores brasileiros est\u00e3o nos EUA para reuni\u00f5es sobre tarifa\u00e7o - Afogados FM<\/title>\n<meta name=\"robots\" content=\"index, follow, max-snippet:-1, max-image-preview:large, max-video-preview:-1\" \/>\n<link rel=\"canonical\" href=\"https:\/\/afogadosfm.com.br\/afogadosfm\/2025\/07\/29\/senadores-brasileiros-estao-nos-eua-para-reunioes-sobre-tarifaco\/\" \/>\n<meta property=\"og:locale\" content=\"pt_BR\" \/>\n<meta property=\"og:type\" content=\"article\" \/>\n<meta property=\"og:title\" content=\"Senadores brasileiros est\u00e3o nos EUA para reuni\u00f5es sobre tarifa\u00e7o - Afogados FM\" \/>\n<meta property=\"og:description\" content=\"Uma miss\u00e3o oficial do Senado Federal est\u00e1 em Washington, capital dos Estados Unidos, para tratar do tarifa\u00e7o de Donald Trump\" \/>\n<meta property=\"og:url\" content=\"https:\/\/afogadosfm.com.br\/afogadosfm\/2025\/07\/29\/senadores-brasileiros-estao-nos-eua-para-reunioes-sobre-tarifaco\/\" \/>\n<meta property=\"og:site_name\" content=\"Afogados FM\" \/>\n<meta property=\"article:published_time\" content=\"2025-07-29T09:23:47+00:00\" \/>\n<meta property=\"article:modified_time\" content=\"2025-07-29T09:23:48+00:00\" \/>\n<meta property=\"og:image\" content=\"https:\/\/afogadosfm.com.br\/afogadosfm\/wp-content\/uploads\/2020\/11\/bandeiraseuabrasil.jpg\" \/>\n\t<meta property=\"og:image:width\" content=\"1697\" \/>\n\t<meta property=\"og:image:height\" content=\"1131\" \/>\n\t<meta property=\"og:image:type\" content=\"image\/jpeg\" \/>\n<meta name=\"author\" content=\"afogadosfm\" \/>\n<meta name=\"twitter:card\" content=\"summary_large_image\" \/>\n<meta name=\"twitter:label1\" content=\"Escrito por\" \/>\n\t<meta name=\"twitter:data1\" content=\"afogadosfm\" \/>\n\t<meta name=\"twitter:label2\" content=\"Est. tempo de leitura\" \/>\n\t<meta name=\"twitter:data2\" content=\"2 minutos\" \/>\n<script type=\"application\/ld+json\" class=\"yoast-schema-graph\">{\"@context\":\"https:\\\/\\\/schema.org\",\"@graph\":[{\"@type\":\"Article\",\"@id\":\"https:\\\/\\\/afogadosfm.com.br\\\/afogadosfm\\\/2025\\\/07\\\/29\\\/senadores-brasileiros-estao-nos-eua-para-reunioes-sobre-tarifaco\\\/#article\",\"isPartOf\":{\"@id\":\"https:\\\/\\\/afogadosfm.com.br\\\/afogadosfm\\\/2025\\\/07\\\/29\\\/senadores-brasileiros-estao-nos-eua-para-reunioes-sobre-tarifaco\\\/\"},\"author\":{\"name\":\"afogadosfm\",\"@id\":\"https:\\\/\\\/afogadosfm.com.br\\\/afogadosfm\\\/#\\\/schema\\\/person\\\/60e56f2cf5dc960fc093fe093d9e9057\"},\"headline\":\"Senadores brasileiros est\u00e3o nos EUA para reuni\u00f5es sobre tarifa\u00e7o\",\"datePublished\":\"2025-07-29T09:23:47+00:00\",\"dateModified\":\"2025-07-29T09:23:48+00:00\",\"mainEntityOfPage\":{\"@id\":\"https:\\\/\\\/afogadosfm.com.br\\\/afogadosfm\\\/2025\\\/07\\\/29\\\/senadores-brasileiros-estao-nos-eua-para-reunioes-sobre-tarifaco\\\/\"},\"wordCount\":331,\"commentCount\":0,\"publisher\":{\"@id\":\"https:\\\/\\\/afogadosfm.com.br\\\/afogadosfm\\\/#organization\"},\"image\":{\"@id\":\"https:\\\/\\\/afogadosfm.com.br\\\/afogadosfm\\\/2025\\\/07\\\/29\\\/senadores-brasileiros-estao-nos-eua-para-reunioes-sobre-tarifaco\\\/#primaryimage\"},\"thumbnailUrl\":\"https:\\\/\\\/i0.wp.com\\\/afogadosfm.com.br\\\/afogadosfm\\\/wp-content\\\/uploads\\\/2020\\\/11\\\/bandeiraseuabrasil.jpg?fit=1697%2C1131&ssl=1\",\"articleSection\":[\"Brasil\"],\"inLanguage\":\"pt-BR\",\"potentialAction\":[{\"@type\":\"CommentAction\",\"name\":\"Comment\",\"target\":[\"https:\\\/\\\/afogadosfm.com.br\\\/afogadosfm\\\/2025\\\/07\\\/29\\\/senadores-brasileiros-estao-nos-eua-para-reunioes-sobre-tarifaco\\\/#respond\"]}]},{\"@type\":\"WebPage\",\"@id\":\"https:\\\/\\\/afogadosfm.com.br\\\/afogadosfm\\\/2025\\\/07\\\/29\\\/senadores-brasileiros-estao-nos-eua-para-reunioes-sobre-tarifaco\\\/\",\"url\":\"https:\\\/\\\/afogadosfm.com.br\\\/afogadosfm\\\/2025\\\/07\\\/29\\\/senadores-brasileiros-estao-nos-eua-para-reunioes-sobre-tarifaco\\\/\",\"name\":\"Senadores brasileiros est\u00e3o nos EUA para reuni\u00f5es sobre tarifa\u00e7o - Afogados FM\",\"isPartOf\":{\"@id\":\"https:\\\/\\\/afogadosfm.com.br\\\/afogadosfm\\\/#website\"},\"primaryImageOfPage\":{\"@id\":\"https:\\\/\\\/afogadosfm.com.br\\\/afogadosfm\\\/2025\\\/07\\\/29\\\/senadores-brasileiros-estao-nos-eua-para-reunioes-sobre-tarifaco\\\/#primaryimage\"},\"image\":{\"@id\":\"https:\\\/\\\/afogadosfm.com.br\\\/afogadosfm\\\/2025\\\/07\\\/29\\\/senadores-brasileiros-estao-nos-eua-para-reunioes-sobre-tarifaco\\\/#primaryimage\"},\"thumbnailUrl\":\"https:\\\/\\\/i0.wp.com\\\/afogadosfm.com.br\\\/afogadosfm\\\/wp-content\\\/uploads\\\/2020\\\/11\\\/bandeiraseuabrasil.jpg?fit=1697%2C1131&ssl=1\",\"datePublished\":\"2025-07-29T09:23:47+00:00\",\"dateModified\":\"2025-07-29T09:23:48+00:00\",\"breadcrumb\":{\"@id\":\"https:\\\/\\\/afogadosfm.com.br\\\/afogadosfm\\\/2025\\\/07\\\/29\\\/senadores-brasileiros-estao-nos-eua-para-reunioes-sobre-tarifaco\\\/#breadcrumb\"},\"inLanguage\":\"pt-BR\",\"potentialAction\":[{\"@type\":\"ReadAction\",\"target\":[\"https:\\\/\\\/afogadosfm.com.br\\\/afogadosfm\\\/2025\\\/07\\\/29\\\/senadores-brasileiros-estao-nos-eua-para-reunioes-sobre-tarifaco\\\/\"]}]},{\"@type\":\"ImageObject\",\"inLanguage\":\"pt-BR\",\"@id\":\"https:\\\/\\\/afogadosfm.com.br\\\/afogadosfm\\\/2025\\\/07\\\/29\\\/senadores-brasileiros-estao-nos-eua-para-reunioes-sobre-tarifaco\\\/#primaryimage\",\"url\":\"https:\\\/\\\/i0.wp.com\\\/afogadosfm.com.br\\\/afogadosfm\\\/wp-content\\\/uploads\\\/2020\\\/11\\\/bandeiraseuabrasil.jpg?fit=1697%2C1131&ssl=1\",\"contentUrl\":\"https:\\\/\\\/i0.wp.com\\\/afogadosfm.com.br\\\/afogadosfm\\\/wp-content\\\/uploads\\\/2020\\\/11\\\/bandeiraseuabrasil.jpg?fit=1697%2C1131&ssl=1\",\"width\":1697,\"height\":1131},{\"@type\":\"BreadcrumbList\",\"@id\":\"https:\\\/\\\/afogadosfm.com.br\\\/afogadosfm\\\/2025\\\/07\\\/29\\\/senadores-brasileiros-estao-nos-eua-para-reunioes-sobre-tarifaco\\\/#breadcrumb\",\"itemListElement\":[{\"@type\":\"ListItem\",\"position\":1,\"name\":\"In\u00edcio\",\"item\":\"https:\\\/\\\/afogadosfm.com.br\\\/afogadosfm\\\/\"},{\"@type\":\"ListItem\",\"position\":2,\"name\":\"Senadores brasileiros est\u00e3o nos EUA para reuni\u00f5es sobre tarifa\u00e7o\"}]},{\"@type\":\"WebSite\",\"@id\":\"https:\\\/\\\/afogadosfm.com.br\\\/afogadosfm\\\/#website\",\"url\":\"https:\\\/\\\/afogadosfm.com.br\\\/afogadosfm\\\/\",\"name\":\"Afogados FM\",\"description\":\"Um site completo!\",\"publisher\":{\"@id\":\"https:\\\/\\\/afogadosfm.com.br\\\/afogadosfm\\\/#organization\"},\"potentialAction\":[{\"@type\":\"SearchAction\",\"target\":{\"@type\":\"EntryPoint\",\"urlTemplate\":\"https:\\\/\\\/afogadosfm.com.br\\\/afogadosfm\\\/?s={search_term_string}\"},\"query-input\":{\"@type\":\"PropertyValueSpecification\",\"valueRequired\":true,\"valueName\":\"search_term_string\"}}],\"inLanguage\":\"pt-BR\"},{\"@type\":\"Organization\",\"@id\":\"https:\\\/\\\/afogadosfm.com.br\\\/afogadosfm\\\/#organization\",\"name\":\"Afogados FM\",\"url\":\"https:\\\/\\\/afogadosfm.com.br\\\/afogadosfm\\\/\",\"logo\":{\"@type\":\"ImageObject\",\"inLanguage\":\"pt-BR\",\"@id\":\"https:\\\/\\\/afogadosfm.com.br\\\/afogadosfm\\\/#\\\/schema\\\/logo\\\/image\\\/\",\"url\":\"https:\\\/\\\/i0.wp.com\\\/afogadosfm.com.br\\\/afogadosfm\\\/wp-content\\\/uploads\\\/2020\\\/06\\\/cropped-banner-afogados-4.jpg?fit=369%2C137&ssl=1\",\"contentUrl\":\"https:\\\/\\\/i0.wp.com\\\/afogadosfm.com.br\\\/afogadosfm\\\/wp-content\\\/uploads\\\/2020\\\/06\\\/cropped-banner-afogados-4.jpg?fit=369%2C137&ssl=1\",\"width\":369,\"height\":137,\"caption\":\"Afogados FM\"},\"image\":{\"@id\":\"https:\\\/\\\/afogadosfm.com.br\\\/afogadosfm\\\/#\\\/schema\\\/logo\\\/image\\\/\"}},{\"@type\":\"Person\",\"@id\":\"https:\\\/\\\/afogadosfm.com.br\\\/afogadosfm\\\/#\\\/schema\\\/person\\\/60e56f2cf5dc960fc093fe093d9e9057\",\"name\":\"afogadosfm\",\"image\":{\"@type\":\"ImageObject\",\"inLanguage\":\"pt-BR\",\"@id\":\"https:\\\/\\\/secure.gravatar.com\\\/avatar\\\/e0359add7ed5dc3560906d861b52c6a8cf5c1e199d3a7dd85070998f49bd4701?s=96&d=mm&r=g\",\"url\":\"https:\\\/\\\/secure.gravatar.com\\\/avatar\\\/e0359add7ed5dc3560906d861b52c6a8cf5c1e199d3a7dd85070998f49bd4701?s=96&d=mm&r=g\",\"contentUrl\":\"https:\\\/\\\/secure.gravatar.com\\\/avatar\\\/e0359add7ed5dc3560906d861b52c6a8cf5c1e199d3a7dd85070998f49bd4701?s=96&d=mm&r=g\",\"caption\":\"afogadosfm\"},\"url\":\"https:\\\/\\\/afogadosfm.com.br\\\/afogadosfm\\\/author\\\/afogadosfm\\\/\"}]}<\/script>\n<!-- \/ Yoast SEO plugin. -->","yoast_head_json":{"title":"Senadores brasileiros est\u00e3o nos EUA para reuni\u00f5es sobre tarifa\u00e7o - Afogados FM","robots":{"index":"index","follow":"follow","max-snippet":"max-snippet:-1","max-image-preview":"max-image-preview:large","max-video-preview":"max-video-preview:-1"},"canonical":"https:\/\/afogadosfm.com.br\/afogadosfm\/2025\/07\/29\/senadores-brasileiros-estao-nos-eua-para-reunioes-sobre-tarifaco\/","og_locale":"pt_BR","og_type":"article","og_title":"Senadores brasileiros est\u00e3o nos EUA para reuni\u00f5es sobre tarifa\u00e7o - Afogados FM","og_description":"Uma miss\u00e3o oficial do Senado Federal est\u00e1 em Washington, capital dos Estados Unidos, para tratar do tarifa\u00e7o de Donald Trump","og_url":"https:\/\/afogadosfm.com.br\/afogadosfm\/2025\/07\/29\/senadores-brasileiros-estao-nos-eua-para-reunioes-sobre-tarifaco\/","og_site_name":"Afogados FM","article_published_time":"2025-07-29T09:23:47+00:00","article_modified_time":"2025-07-29T09:23:48+00:00","og_image":[{"width":1697,"height":1131,"url":"https:\/\/afogadosfm.com.br\/afogadosfm\/wp-content\/uploads\/2020\/11\/bandeiraseuabrasil.jpg","type":"image\/jpeg"}],"author":"afogadosfm","twitter_card":"summary_large_image","twitter_misc":{"Escrito por":"afogadosfm","Est. tempo de leitura":"2 minutos"},"schema":{"@context":"https:\/\/schema.org","@graph":[{"@type":"Article","@id":"https:\/\/afogadosfm.com.br\/afogadosfm\/2025\/07\/29\/senadores-brasileiros-estao-nos-eua-para-reunioes-sobre-tarifaco\/#article","isPartOf":{"@id":"https:\/\/afogadosfm.com.br\/afogadosfm\/2025\/07\/29\/senadores-brasileiros-estao-nos-eua-para-reunioes-sobre-tarifaco\/"},"author":{"name":"afogadosfm","@id":"https:\/\/afogadosfm.com.br\/afogadosfm\/#\/schema\/person\/60e56f2cf5dc960fc093fe093d9e9057"},"headline":"Senadores brasileiros est\u00e3o nos EUA para reuni\u00f5es sobre tarifa\u00e7o","datePublished":"2025-07-29T09:23:47+00:00","dateModified":"2025-07-29T09:23:48+00:00","mainEntityOfPage":{"@id":"https:\/\/afogadosfm.com.br\/afogadosfm\/2025\/07\/29\/senadores-brasileiros-estao-nos-eua-para-reunioes-sobre-tarifaco\/"},"wordCount":331,"commentCount":0,"publisher":{"@id":"https:\/\/afogadosfm.com.br\/afogadosfm\/#organization"},"image":{"@id":"https:\/\/afogadosfm.com.br\/afogadosfm\/2025\/07\/29\/senadores-brasileiros-estao-nos-eua-para-reunioes-sobre-tarifaco\/#primaryimage"},"thumbnailUrl":"https:\/\/i0.wp.com\/afogadosfm.com.br\/afogadosfm\/wp-content\/uploads\/2020\/11\/bandeiraseuabrasil.jpg?fit=1697%2C1131&ssl=1","articleSection":["Brasil"],"inLanguage":"pt-BR","potentialAction":[{"@type":"CommentAction","name":"Comment","target":["https:\/\/afogadosfm.com.br\/afogadosfm\/2025\/07\/29\/senadores-brasileiros-estao-nos-eua-para-reunioes-sobre-tarifaco\/#respond"]}]},{"@type":"WebPage","@id":"https:\/\/afogadosfm.com.br\/afogadosfm\/2025\/07\/29\/senadores-brasileiros-estao-nos-eua-para-reunioes-sobre-tarifaco\/","url":"https:\/\/afogadosfm.com.br\/afogadosfm\/2025\/07\/29\/senadores-brasileiros-estao-nos-eua-para-reunioes-sobre-tarifaco\/","name":"Senadores brasileiros est\u00e3o nos EUA para reuni\u00f5es sobre tarifa\u00e7o - Afogados FM","isPartOf":{"@id":"https:\/\/afogadosfm.com.br\/afogadosfm\/#website"},"primaryImageOfPage":{"@id":"https:\/\/afogadosfm.com.br\/afogadosfm\/2025\/07\/29\/senadores-brasileiros-estao-nos-eua-para-reunioes-sobre-tarifaco\/#primaryimage"},"image":{"@id":"https:\/\/afogadosfm.com.br\/afogadosfm\/2025\/07\/29\/senadores-brasileiros-estao-nos-eua-para-reunioes-sobre-tarifaco\/#primaryimage"},"thumbnailUrl":"https:\/\/i0.wp.com\/afogadosfm.com.br\/afogadosfm\/wp-content\/uploads\/2020\/11\/bandeiraseuabrasil.jpg?fit=1697%2C1131&ssl=1","datePublished":"2025-07-29T09:23:47+00:00","dateModified":"2025-07-29T09:23:48+00:00","breadcrumb":{"@id":"https:\/\/afogadosfm.com.br\/afogadosfm\/2025\/07\/29\/senadores-brasileiros-estao-nos-eua-para-reunioes-sobre-tarifaco\/#breadcrumb"},"inLanguage":"pt-BR","potentialAction":[{"@type":"ReadAction","target":["https:\/\/afogadosfm.com.br\/afogadosfm\/2025\/07\/29\/senadores-brasileiros-estao-nos-eua-para-reunioes-sobre-tarifaco\/"]}]},{"@type":"ImageObject","inLanguage":"pt-BR","@id":"https:\/\/afogadosfm.com.br\/afogadosfm\/2025\/07\/29\/senadores-brasileiros-estao-nos-eua-para-reunioes-sobre-tarifaco\/#primaryimage","url":"https:\/\/i0.wp.com\/afogadosfm.com.br\/afogadosfm\/wp-content\/uploads\/2020\/11\/bandeiraseuabrasil.jpg?fit=1697%2C1131&ssl=1","contentUrl":"https:\/\/i0.wp.com\/afogadosfm.com.br\/afogadosfm\/wp-content\/uploads\/2020\/11\/bandeiraseuabrasil.jpg?fit=1697%2C1131&ssl=1","width":1697,"height":1131},{"@type":"BreadcrumbList","@id":"https:\/\/afogadosfm.com.br\/afogadosfm\/2025\/07\/29\/senadores-brasileiros-estao-nos-eua-para-reunioes-sobre-tarifaco\/#breadcrumb","itemListElement":[{"@type":"ListItem","position":1,"name":"In\u00edcio","item":"https:\/\/afogadosfm.com.br\/afogadosfm\/"},{"@type":"ListItem","position":2,"name":"Senadores brasileiros est\u00e3o nos EUA para reuni\u00f5es sobre tarifa\u00e7o"}]},{"@type":"WebSite","@id":"https:\/\/afogadosfm.com.br\/afogadosfm\/#website","url":"https:\/\/afogadosfm.com.br\/afogadosfm\/","name":"Afogados FM","description":"Um site completo!","publisher":{"@id":"https:\/\/afogadosfm.com.br\/afogadosfm\/#organization"},"potentialAction":[{"@type":"SearchAction","target":{"@type":"EntryPoint","urlTemplate":"https:\/\/afogadosfm.com.br\/afogadosfm\/?s={search_term_string}"},"query-input":{"@type":"PropertyValueSpecification","valueRequired":true,"valueName":"search_term_string"}}],"inLanguage":"pt-BR"},{"@type":"Organization","@id":"https:\/\/afogadosfm.com.br\/afogadosfm\/#organization","name":"Afogados FM","url":"https:\/\/afogadosfm.com.br\/afogadosfm\/","logo":{"@type":"ImageObject","inLanguage":"pt-BR","@id":"https:\/\/afogadosfm.com.br\/afogadosfm\/#\/schema\/logo\/image\/","url":"https:\/\/i0.wp.com\/afogadosfm.com.br\/afogadosfm\/wp-content\/uploads\/2020\/06\/cropped-banner-afogados-4.jpg?fit=369%2C137&ssl=1","contentUrl":"https:\/\/i0.wp.com\/afogadosfm.com.br\/afogadosfm\/wp-content\/uploads\/2020\/06\/cropped-banner-afogados-4.jpg?fit=369%2C137&ssl=1","width":369,"height":137,"caption":"Afogados FM"},"image":{"@id":"https:\/\/afogadosfm.com.br\/afogadosfm\/#\/schema\/logo\/image\/"}},{"@type":"Person","@id":"https:\/\/afogadosfm.com.br\/afogadosfm\/#\/schema\/person\/60e56f2cf5dc960fc093fe093d9e9057","name":"afogadosfm","image":{"@type":"ImageObject","inLanguage":"pt-BR","@id":"https:\/\/secure.gravatar.com\/avatar\/e0359add7ed5dc3560906d861b52c6a8cf5c1e199d3a7dd85070998f49bd4701?s=96&d=mm&r=g","url":"https:\/\/secure.gravatar.com\/avatar\/e0359add7ed5dc3560906d861b52c6a8cf5c1e199d3a7dd85070998f49bd4701?s=96&d=mm&r=g","contentUrl":"https:\/\/secure.gravatar.com\/avatar\/e0359add7ed5dc3560906d861b52c6a8cf5c1e199d3a7dd85070998f49bd4701?s=96&d=mm&r=g","caption":"afogadosfm"},"url":"https:\/\/afogadosfm.com.br\/afogadosfm\/author\/afogadosfm\/"}]}},"jetpack_publicize_connections":[],"jetpack_featured_media_url":"https:\/\/i0.wp.com\/afogadosfm.com.br\/afogadosfm\/wp-content\/uploads\/2020\/11\/bandeiraseuabrasil.jpg?fit=1697%2C1131&ssl=1","jetpack-related-posts":[],"jetpack_sharing_enabled":true,"jetpack_likes_enabled":true,"_links":{"self":[{"href":"https:\/\/afogadosfm.com.br\/afogadosfm\/wp-json\/wp\/v2\/posts\/67776","targetHints":{"allow":["GET"]}}],"collection":[{"href":"https:\/\/afogadosfm.com.br\/afogadosfm\/wp-json\/wp\/v2\/posts"}],"about":[{"href":"https:\/\/afogadosfm.com.br\/afogadosfm\/wp-json\/wp\/v2\/types\/post"}],"author":[{"embeddable":true,"href":"https:\/\/afogadosfm.com.br\/afogadosfm\/wp-json\/wp\/v2\/users\/2"}],"replies":[{"embeddable":true,"href":"https:\/\/afogadosfm.com.br\/afogadosfm\/wp-json\/wp\/v2\/comments?post=67776"}],"version-history":[{"count":1,"href":"https:\/\/afogadosfm.com.br\/afogadosfm\/wp-json\/wp\/v2\/posts\/67776\/revisions"}],"predecessor-version":[{"id":67777,"href":"https:\/\/afogadosfm.com.br\/afogadosfm\/wp-json\/wp\/v2\/posts\/67776\/revisions\/67777"}],"wp:featuredmedia":[{"embeddable":true,"href":"https:\/\/afogadosfm.com.br\/afogadosfm\/wp-json\/wp\/v2\/media\/21692"}],"wp:attachment":[{"href":"https:\/\/afogadosfm.com.br\/afogadosfm\/wp-json\/wp\/v2\/media?parent=67776"}],"wp:term":[{"taxonomy":"category","embeddable":true,"href":"https:\/\/afogadosfm.com.br\/afogadosfm\/wp-json\/wp\/v2\/categories?post=67776"},{"taxonomy":"post_tag","embeddable":true,"href":"https:\/\/afogadosfm.com.br\/afogadosfm\/wp-json\/wp\/v2\/tags?post=67776"}],"curies":[{"name":"wp","href":"https:\/\/api.w.org\/{rel}","templated":true}]}}