{"id":67780,"date":"2025-07-29T09:26:28","date_gmt":"2025-07-29T12:26:28","guid":{"rendered":"https:\/\/afogadosfm.com.br\/afogadosfm\/?p=67780"},"modified":"2025-07-29T09:26:29","modified_gmt":"2025-07-29T12:26:29","slug":"festival-rua-nova-reune-musica-e-cinema-de-graca-no-bairro-sao-francisco-em-afogados-da-ingazeira","status":"publish","type":"post","link":"https:\/\/afogadosfm.com.br\/afogadosfm\/2025\/07\/29\/festival-rua-nova-reune-musica-e-cinema-de-graca-no-bairro-sao-francisco-em-afogados-da-ingazeira\/","title":{"rendered":"Festival Rua Nova re\u00fane m\u00fasica e cinema de gra\u00e7a no Bairro S\u00e3o Francisco, em Afogados da Ingazeira"},"content":{"rendered":"\n<p>O \u201cFestival Rua Nova de Cinema e M\u00fasica\u201d chega a em sua primeira edi\u00e7\u00e3o no bairro S\u00e3o Francisco, em Afogados da Ingazeira (PE), com a proposta de reverter a l\u00f3gica de \u201ceventos culturais no centro\u201d. Local pulsante da cultura do Paje\u00fa, nele residem artistas e cineastas que levam o nome de Afogados ao mundo. A a\u00e7\u00e3o \u00e9 um incentivo da PNAB Afogados da Ingazeira, Secretaria de Cultura Municipal, Minist\u00e9rio da Cultura e Governo Federal.<\/p>\n\n\n\n<p>De 25 a 31 de julho, o festival promover\u00e1 a\u00e7\u00f5es psicopedag\u00f3gicas, oficinas e exibi\u00e7\u00f5es de filmes na rede de ensino e tamb\u00e9m em pra\u00e7a p\u00fablica, al\u00e9m de shows de importantes artistas pernambucanos. Em comum, os astros Islan (S\u00e3o Jos\u00e9 do Egito), Ambrosino (Triunfo) e Jonatas Onofre (Igarassu) sobem ao palco com novos trabalhos. \u201c \u00c9 muito importante poder trazer artistas contempor\u00e2neos e que apresentam trabalhos originais e inovadores, se faz muito necess\u00e1rio construir coletivamente esse espa\u00e7o de ocupa\u00e7\u00e3o urbana com arte e cultura da nossa terra\u201d, reflete Leonardo Wallace, proponente.<\/p>\n\n\n\n<p>O projeto busca desenvolver arte e cultura numa das \u00e1reas perif\u00e9ricas da cidade. Bairro S\u00e3o Francisco (Rua Nova), \u00e9 um dos maiores bairros da cidade e que segue em constante crescimento e \u00e9 por esse \u00e2mbito que o Festival Rua Nova vem com uma forma\u00e7\u00e3o cultural e intera\u00e7\u00e3o de linguagens para diversos p\u00fablicos diferentes, a grande e diversa popula\u00e7\u00e3o do bairro e tamb\u00e9m de fora dele.<\/p>\n\n\n\n<p>No segmento de m\u00fasica, haver\u00e3o shows na quarta, 30, e quinta, 31: na quarta a Batucada Feminista, Dj ISabella Brito e poetas e rappers da cidade ocupam o palco; j\u00e1 na quinta, os pratas da Geninho e Edierck Jos\u00e9 abrem a noite, enquanto Jonatas Onofre segue apresentando um pouco do CD \u201cOlho D\u2019\u00c1gua\u201d, produ\u00e7\u00e3o na qual revisita suas composi\u00e7\u00f5es com novas melodias e parcerias. Por fim Islan e o trio Ambrosino lan\u00e7am no palco do festival seus novos trabalhos. DJ Leuguim fecha a noite.<\/p>\n\n\n\n<p>\u201cO show que ser\u00e1 apresentado compreende o repert\u00f3rio do meu 1\u00ba EP autoral que ser\u00e1 lan\u00e7ado em 21\/08; vem sendo gestado desde 2022 e agora ganha a estrada numa nova forma\u00e7\u00e3o e diferente de tudo que j\u00e1 fiz como cantor e compositor\u201d, destaca Islan, um dos destaques da programa\u00e7\u00e3o. \u201cVoltar a Afogados depois de anos com esse show de pr\u00e9-lan\u00e7amento ser\u00e1 uma honra\u201d, finaliza. J\u00e1 o trio Ambrosino apresenta o show &#8220;Cor de Brasa&#8221;. \u201c\u00c9 uma apresenta\u00e7\u00e3o do segundo trabalho autoral, que traz toda sua for\u00e7a sonora apoiada nos pilares da cultura popular, rock e m\u00fasica eletr\u00f4nica, com letras que denunciam mazelas sociais em forma de m\u00fasica e poesia\u201d, explica PH, um dos integrantes.<\/p>\n\n\n\n<p>AUDIOVISUAL E FORMA\u00c7\u00d5ES<br>O Festival ir\u00e1 propor, no \u00e2mbito escolar, debates interativos com a psicopedagoga Jecielma Vasconcelos, elencando elementos do processo da aprendizagem, interligando a arte e a cultura como pontos fundamentais para a forma\u00e7\u00e3o cr\u00edtica e cognitiva da crian\u00e7a e do pr\u00e9-adolescente. Oficinas de introdu\u00e7\u00e3o ao pandeiro com o percussionista Danilo Leite.<\/p>\n\n\n\n<p>H\u00e1 ainda a parceria com o projeto \u201cOutros Sert\u00f5es e o Minuto\u201d, que formar\u00e1 alunas e alunos em audiovisual, refletindo sobre cinema e fazendo video minutos na pr\u00e1tica, que ser\u00e3o exibidos no fim do festival. Al\u00e9m disso, o premiado longa metragem document\u00e1rio \u201cO Bem Vir\u00e1\u201d, da diretora afogadense Uilma Queiroz, ser\u00e1 exibido na pra\u00e7a do bairro, na programa\u00e7\u00e3o da quarta, 30\/7.<\/p>\n\n\n\n<p>Ainda sobre cinema, videoclipes e curtas-metragens afogadenses ser\u00e3o exibidos em escolas e na pra\u00e7a nos dias 30 e 31. \u201cEstou participando diretamente da articula\u00e7\u00e3o e vai ser maravilhoso contar com escolas e p\u00fablico externo aqui na Rua Nova, celebrando nossos filmes e recebendo grandes m\u00fasicos. \u00c9 uma festa da cultura\u201d, reflete o realizador audiovisual e jornalista Leonardo Lemos, integrante da equipe do festival.<\/p>\n\n\n\n<p>Com a ideia de ocupar e resistir, o festival leva a arte at\u00e9 a periferia. Os artistas contam o que acharam da din\u00e2mica: \u201cDa periferia pulsa as vozes que o centro tenta calar. Vozes de for\u00e7a e de arte pura. Levar uma apresenta\u00e7\u00e3o pra periferia \u00e9 mais que apenas apresentar seu trabalho, \u00e9 ser nutrido por essa resist\u00eancia. Pensar um festival na periferia \u00e9 al\u00e9m de ir contra o sistema, \u00e9 quebr\u00e1-lo, esquec\u00ea-lo\u201d, afirma Islan. \u201cDescentralizar a arte \u00e9 necess\u00e1rio, visto que tamb\u00e9m em sua grande parte os grandes artistas saem da periferia, pra n\u00f3s \u00e9 uma honra participar de eventos perif\u00e9ricos\u201d destaca PH.<\/p>\n\n\n\n<p>As noites dos dias 30 e 31 ainda ter\u00e3o debates com Isabela Brito, DJ e percussionista; Danilo Leite, poeta e pandeirista e Richard Soares, MC e multi-instrumentista, sobre desenvolver sua pr\u00f3pria m\u00fasica, desde a composi\u00e7\u00e3o at\u00e9 a finaliza\u00e7\u00e3o em est\u00fadio de forma simples e de custeio baixo. Integrando \u00e0 Quinta Cultural na quinta-feira, 31\/7, o Festival mesclar\u00e1 no palco exibi\u00e7\u00f5es de curtas, shows, declama\u00e7\u00f5es e discotecagem: tudo de gra\u00e7a. Acompanhe a programa\u00e7\u00e3o completa a seguir:<\/p>\n\n\n\n<p>25\/07 &#8211; IN\u00cdCIO DA OFICINA OUTROS SERT\u00d5ES E O MINUTO (CENTRO TECNOL\u00d3GICO &#8211; ANTIGO CAGEP) 14H (SEGUE AT\u00c9 30\/7. INSCRI\u00c7\u00d5ES NO LOCAL \/ ANTIGO CAGEP).<br>26\/07 &#8211; OFICINA DE PANDEIRO COM DANILO LEITE &#8211; LOCAL SAL\u00c3O PAROQUIAL 15H<br>28\/07 &#8211; EXIBI\u00c7\u00c3O DE CURTA-METRAGENS NA ESCOLA JOS\u00c9 RODRIGUES + ATIVIDADE PSICOPEDAG\u00d3GICA COM JECIELMA VASCONCELOS<br>29\/07 &#8211; EXIBI\u00c7\u00c3O DE CURTA-METRAGENS NA ESCOLA GERALDO CIPRIANO + DEBATE COM REALIZADORES<br>30\/07 &#8211; SESS\u00c3O NA PRA\u00c7A DA IGREJA \u201cNOSSO CINEMA\u201d &#8211; 18H30<br>O BEM VIR\u00c1, DIR. UILMA QUEIR\u00d3Z<br>RESULTADO DA OFICINA OUTROS SERT\u00d5ES E O MINUTO<br>APRESENTA\u00c7\u00d5ES MUSICAIS:<br>BATUCADA FEMINISTA<br>DJ BELA<br>INTERVEN\u00c7\u00c3O RITMO E POESIA (POETAS E RAPPERS)<br>31\/07 &#8211; QUINTA CULTURAL<br>SESS\u00c3O NA PRA\u00c7A DA IGREJA &#8211; 18H<br>CURTA-METRAGENS SESS\u00c3O \u201cESPELHOS\u201d<br>A HORA DO TABAQUEIRO &#8211; (DIR. COLETIVA)<br>A PONTE &#8211; (DIR. RICHARD SOARES)<br>AQUILO QUE A MEM\u00d3RIA AMOU &#8211; (DIR. SILMARA MARQUES)<br>CASINHA DE MURETA &#8211; (DIR. LEONARDO LEMOS)<br>LILITH &#8211; (DIR. NAYANE NAYSE)<br>A CABE\u00c7A QUEBRADA DE VERA &#8211; (DIR. DIEGO PADILHA)<br>VIDEOCLIPES SESS\u00c3O \u201cIMAGEM E SOM\u201d 19H30<br>A CRIAN\u00c7A E O PALHA\u00c7O \u20187MIN (JONATAS ONOFRE E NELSON BREDERODE) &#8211; DIR. JONATAS ONOFRE<br>CONEX\u00c3O PAJE\u00da SOUNDSYSTEM \u20185MIN (BLACKLEO E JUNKIE\/U-MORTO) &#8211; DIR. RICHARD SOARES<br>DEIXA A MATA EM P\u00c9 (EDNARDO DALI) \u20184MIN &#8211; DIR. JO\u00c3O KARIRI, TIAGO SALGUEIRO, MARIANA MACIEL, DANILO GALV\u00c3O E ANA EUG\u00caNIA BRITO<br>VERTIGEM (ALMA NO CONGELADOR) \u20184MIN (ORPHEUS NOAR) &#8211; DIR. CRAWD<br>SHOWS MUSICAIS:<br>GENINHO BEZERRA<br>EDIERCK JOS\u00c9<br>JONATAS ONOFRE<br>ISLAN<br>AMBROSINO<br>INTERVEN\u00c7\u00d5ES DJ LEUGUIM<\/p>\n","protected":false},"excerpt":{"rendered":"<p>O \u201cFestival Rua Nova de Cinema e M\u00fasica\u201d chega a em sua primeira edi\u00e7\u00e3o no bairro S\u00e3o Francisco, em Afogados<\/p>\n","protected":false},"author":2,"featured_media":67781,"comment_status":"open","ping_status":"open","sticky":false,"template":"","format":"standard","meta":{"jetpack_post_was_ever_published":false,"_jetpack_newsletter_access":"","_jetpack_dont_email_post_to_subs":false,"_jetpack_newsletter_tier_id":0,"_jetpack_memberships_contains_paywalled_content":false,"_jetpack_memberships_contains_paid_content":false,"footnotes":"","jetpack_publicize_message":"","jetpack_publicize_feature_enabled":true,"jetpack_social_post_already_shared":true,"jetpack_social_options":{"image_generator_settings":{"template":"highway","default_image_id":0,"font":"","enabled":false},"version":2}},"categories":[33],"tags":[],"class_list":["post-67780","post","type-post","status-publish","format-standard","has-post-thumbnail","hentry","category-cultura"],"yoast_head":"<!-- This site is optimized with the Yoast SEO plugin v27.5 - https:\/\/yoast.com\/product\/yoast-seo-wordpress\/ -->\n<title>Festival Rua Nova re\u00fane m\u00fasica e cinema de gra\u00e7a no Bairro S\u00e3o Francisco, em Afogados da Ingazeira - Afogados FM<\/title>\n<meta name=\"robots\" content=\"index, follow, max-snippet:-1, max-image-preview:large, max-video-preview:-1\" \/>\n<link rel=\"canonical\" href=\"https:\/\/afogadosfm.com.br\/afogadosfm\/2025\/07\/29\/festival-rua-nova-reune-musica-e-cinema-de-graca-no-bairro-sao-francisco-em-afogados-da-ingazeira\/\" \/>\n<meta property=\"og:locale\" content=\"pt_BR\" \/>\n<meta property=\"og:type\" content=\"article\" \/>\n<meta property=\"og:title\" content=\"Festival Rua Nova re\u00fane m\u00fasica e cinema de gra\u00e7a no Bairro S\u00e3o Francisco, em Afogados da Ingazeira - Afogados FM\" \/>\n<meta property=\"og:description\" content=\"O \u201cFestival Rua Nova de Cinema e M\u00fasica\u201d chega a em sua primeira edi\u00e7\u00e3o no bairro S\u00e3o Francisco, em Afogados\" \/>\n<meta property=\"og:url\" content=\"https:\/\/afogadosfm.com.br\/afogadosfm\/2025\/07\/29\/festival-rua-nova-reune-musica-e-cinema-de-graca-no-bairro-sao-francisco-em-afogados-da-ingazeira\/\" \/>\n<meta property=\"og:site_name\" content=\"Afogados FM\" \/>\n<meta property=\"article:published_time\" content=\"2025-07-29T12:26:28+00:00\" \/>\n<meta property=\"article:modified_time\" content=\"2025-07-29T12:26:29+00:00\" \/>\n<meta property=\"og:image\" content=\"https:\/\/afogadosfm.com.br\/afogadosfm\/wp-content\/uploads\/2025\/07\/ruanova.jpg\" \/>\n\t<meta property=\"og:image:width\" content=\"1600\" \/>\n\t<meta property=\"og:image:height\" content=\"979\" \/>\n\t<meta property=\"og:image:type\" content=\"image\/jpeg\" \/>\n<meta name=\"author\" content=\"afogadosfm\" \/>\n<meta name=\"twitter:card\" content=\"summary_large_image\" \/>\n<meta name=\"twitter:label1\" content=\"Escrito por\" \/>\n\t<meta name=\"twitter:data1\" content=\"afogadosfm\" \/>\n\t<meta name=\"twitter:label2\" content=\"Est. tempo de leitura\" \/>\n\t<meta name=\"twitter:data2\" content=\"6 minutos\" \/>\n<script type=\"application\/ld+json\" class=\"yoast-schema-graph\">{\"@context\":\"https:\\\/\\\/schema.org\",\"@graph\":[{\"@type\":\"Article\",\"@id\":\"https:\\\/\\\/afogadosfm.com.br\\\/afogadosfm\\\/2025\\\/07\\\/29\\\/festival-rua-nova-reune-musica-e-cinema-de-graca-no-bairro-sao-francisco-em-afogados-da-ingazeira\\\/#article\",\"isPartOf\":{\"@id\":\"https:\\\/\\\/afogadosfm.com.br\\\/afogadosfm\\\/2025\\\/07\\\/29\\\/festival-rua-nova-reune-musica-e-cinema-de-graca-no-bairro-sao-francisco-em-afogados-da-ingazeira\\\/\"},\"author\":{\"name\":\"afogadosfm\",\"@id\":\"https:\\\/\\\/afogadosfm.com.br\\\/afogadosfm\\\/#\\\/schema\\\/person\\\/60e56f2cf5dc960fc093fe093d9e9057\"},\"headline\":\"Festival Rua Nova re\u00fane m\u00fasica e cinema de gra\u00e7a no Bairro S\u00e3o Francisco, em Afogados da Ingazeira\",\"datePublished\":\"2025-07-29T12:26:28+00:00\",\"dateModified\":\"2025-07-29T12:26:29+00:00\",\"mainEntityOfPage\":{\"@id\":\"https:\\\/\\\/afogadosfm.com.br\\\/afogadosfm\\\/2025\\\/07\\\/29\\\/festival-rua-nova-reune-musica-e-cinema-de-graca-no-bairro-sao-francisco-em-afogados-da-ingazeira\\\/\"},\"wordCount\":1100,\"commentCount\":0,\"publisher\":{\"@id\":\"https:\\\/\\\/afogadosfm.com.br\\\/afogadosfm\\\/#organization\"},\"image\":{\"@id\":\"https:\\\/\\\/afogadosfm.com.br\\\/afogadosfm\\\/2025\\\/07\\\/29\\\/festival-rua-nova-reune-musica-e-cinema-de-graca-no-bairro-sao-francisco-em-afogados-da-ingazeira\\\/#primaryimage\"},\"thumbnailUrl\":\"https:\\\/\\\/i0.wp.com\\\/afogadosfm.com.br\\\/afogadosfm\\\/wp-content\\\/uploads\\\/2025\\\/07\\\/ruanova.jpg?fit=1600%2C979&ssl=1\",\"articleSection\":[\"Cultura\"],\"inLanguage\":\"pt-BR\",\"potentialAction\":[{\"@type\":\"CommentAction\",\"name\":\"Comment\",\"target\":[\"https:\\\/\\\/afogadosfm.com.br\\\/afogadosfm\\\/2025\\\/07\\\/29\\\/festival-rua-nova-reune-musica-e-cinema-de-graca-no-bairro-sao-francisco-em-afogados-da-ingazeira\\\/#respond\"]}]},{\"@type\":\"WebPage\",\"@id\":\"https:\\\/\\\/afogadosfm.com.br\\\/afogadosfm\\\/2025\\\/07\\\/29\\\/festival-rua-nova-reune-musica-e-cinema-de-graca-no-bairro-sao-francisco-em-afogados-da-ingazeira\\\/\",\"url\":\"https:\\\/\\\/afogadosfm.com.br\\\/afogadosfm\\\/2025\\\/07\\\/29\\\/festival-rua-nova-reune-musica-e-cinema-de-graca-no-bairro-sao-francisco-em-afogados-da-ingazeira\\\/\",\"name\":\"Festival Rua Nova re\u00fane m\u00fasica e cinema de gra\u00e7a no Bairro S\u00e3o Francisco, em Afogados da Ingazeira - Afogados FM\",\"isPartOf\":{\"@id\":\"https:\\\/\\\/afogadosfm.com.br\\\/afogadosfm\\\/#website\"},\"primaryImageOfPage\":{\"@id\":\"https:\\\/\\\/afogadosfm.com.br\\\/afogadosfm\\\/2025\\\/07\\\/29\\\/festival-rua-nova-reune-musica-e-cinema-de-graca-no-bairro-sao-francisco-em-afogados-da-ingazeira\\\/#primaryimage\"},\"image\":{\"@id\":\"https:\\\/\\\/afogadosfm.com.br\\\/afogadosfm\\\/2025\\\/07\\\/29\\\/festival-rua-nova-reune-musica-e-cinema-de-graca-no-bairro-sao-francisco-em-afogados-da-ingazeira\\\/#primaryimage\"},\"thumbnailUrl\":\"https:\\\/\\\/i0.wp.com\\\/afogadosfm.com.br\\\/afogadosfm\\\/wp-content\\\/uploads\\\/2025\\\/07\\\/ruanova.jpg?fit=1600%2C979&ssl=1\",\"datePublished\":\"2025-07-29T12:26:28+00:00\",\"dateModified\":\"2025-07-29T12:26:29+00:00\",\"breadcrumb\":{\"@id\":\"https:\\\/\\\/afogadosfm.com.br\\\/afogadosfm\\\/2025\\\/07\\\/29\\\/festival-rua-nova-reune-musica-e-cinema-de-graca-no-bairro-sao-francisco-em-afogados-da-ingazeira\\\/#breadcrumb\"},\"inLanguage\":\"pt-BR\",\"potentialAction\":[{\"@type\":\"ReadAction\",\"target\":[\"https:\\\/\\\/afogadosfm.com.br\\\/afogadosfm\\\/2025\\\/07\\\/29\\\/festival-rua-nova-reune-musica-e-cinema-de-graca-no-bairro-sao-francisco-em-afogados-da-ingazeira\\\/\"]}]},{\"@type\":\"ImageObject\",\"inLanguage\":\"pt-BR\",\"@id\":\"https:\\\/\\\/afogadosfm.com.br\\\/afogadosfm\\\/2025\\\/07\\\/29\\\/festival-rua-nova-reune-musica-e-cinema-de-graca-no-bairro-sao-francisco-em-afogados-da-ingazeira\\\/#primaryimage\",\"url\":\"https:\\\/\\\/i0.wp.com\\\/afogadosfm.com.br\\\/afogadosfm\\\/wp-content\\\/uploads\\\/2025\\\/07\\\/ruanova.jpg?fit=1600%2C979&ssl=1\",\"contentUrl\":\"https:\\\/\\\/i0.wp.com\\\/afogadosfm.com.br\\\/afogadosfm\\\/wp-content\\\/uploads\\\/2025\\\/07\\\/ruanova.jpg?fit=1600%2C979&ssl=1\",\"width\":1600,\"height\":979},{\"@type\":\"BreadcrumbList\",\"@id\":\"https:\\\/\\\/afogadosfm.com.br\\\/afogadosfm\\\/2025\\\/07\\\/29\\\/festival-rua-nova-reune-musica-e-cinema-de-graca-no-bairro-sao-francisco-em-afogados-da-ingazeira\\\/#breadcrumb\",\"itemListElement\":[{\"@type\":\"ListItem\",\"position\":1,\"name\":\"In\u00edcio\",\"item\":\"https:\\\/\\\/afogadosfm.com.br\\\/afogadosfm\\\/\"},{\"@type\":\"ListItem\",\"position\":2,\"name\":\"Festival Rua Nova re\u00fane m\u00fasica e cinema de gra\u00e7a no Bairro S\u00e3o Francisco, em Afogados da Ingazeira\"}]},{\"@type\":\"WebSite\",\"@id\":\"https:\\\/\\\/afogadosfm.com.br\\\/afogadosfm\\\/#website\",\"url\":\"https:\\\/\\\/afogadosfm.com.br\\\/afogadosfm\\\/\",\"name\":\"Afogados FM\",\"description\":\"Um site completo!\",\"publisher\":{\"@id\":\"https:\\\/\\\/afogadosfm.com.br\\\/afogadosfm\\\/#organization\"},\"potentialAction\":[{\"@type\":\"SearchAction\",\"target\":{\"@type\":\"EntryPoint\",\"urlTemplate\":\"https:\\\/\\\/afogadosfm.com.br\\\/afogadosfm\\\/?s={search_term_string}\"},\"query-input\":{\"@type\":\"PropertyValueSpecification\",\"valueRequired\":true,\"valueName\":\"search_term_string\"}}],\"inLanguage\":\"pt-BR\"},{\"@type\":\"Organization\",\"@id\":\"https:\\\/\\\/afogadosfm.com.br\\\/afogadosfm\\\/#organization\",\"name\":\"Afogados FM\",\"url\":\"https:\\\/\\\/afogadosfm.com.br\\\/afogadosfm\\\/\",\"logo\":{\"@type\":\"ImageObject\",\"inLanguage\":\"pt-BR\",\"@id\":\"https:\\\/\\\/afogadosfm.com.br\\\/afogadosfm\\\/#\\\/schema\\\/logo\\\/image\\\/\",\"url\":\"https:\\\/\\\/i0.wp.com\\\/afogadosfm.com.br\\\/afogadosfm\\\/wp-content\\\/uploads\\\/2020\\\/06\\\/cropped-banner-afogados-4.jpg?fit=369%2C137&ssl=1\",\"contentUrl\":\"https:\\\/\\\/i0.wp.com\\\/afogadosfm.com.br\\\/afogadosfm\\\/wp-content\\\/uploads\\\/2020\\\/06\\\/cropped-banner-afogados-4.jpg?fit=369%2C137&ssl=1\",\"width\":369,\"height\":137,\"caption\":\"Afogados FM\"},\"image\":{\"@id\":\"https:\\\/\\\/afogadosfm.com.br\\\/afogadosfm\\\/#\\\/schema\\\/logo\\\/image\\\/\"}},{\"@type\":\"Person\",\"@id\":\"https:\\\/\\\/afogadosfm.com.br\\\/afogadosfm\\\/#\\\/schema\\\/person\\\/60e56f2cf5dc960fc093fe093d9e9057\",\"name\":\"afogadosfm\",\"image\":{\"@type\":\"ImageObject\",\"inLanguage\":\"pt-BR\",\"@id\":\"https:\\\/\\\/secure.gravatar.com\\\/avatar\\\/e0359add7ed5dc3560906d861b52c6a8cf5c1e199d3a7dd85070998f49bd4701?s=96&d=mm&r=g\",\"url\":\"https:\\\/\\\/secure.gravatar.com\\\/avatar\\\/e0359add7ed5dc3560906d861b52c6a8cf5c1e199d3a7dd85070998f49bd4701?s=96&d=mm&r=g\",\"contentUrl\":\"https:\\\/\\\/secure.gravatar.com\\\/avatar\\\/e0359add7ed5dc3560906d861b52c6a8cf5c1e199d3a7dd85070998f49bd4701?s=96&d=mm&r=g\",\"caption\":\"afogadosfm\"},\"url\":\"https:\\\/\\\/afogadosfm.com.br\\\/afogadosfm\\\/author\\\/afogadosfm\\\/\"}]}<\/script>\n<!-- \/ Yoast SEO plugin. -->","yoast_head_json":{"title":"Festival Rua Nova re\u00fane m\u00fasica e cinema de gra\u00e7a no Bairro S\u00e3o Francisco, em Afogados da Ingazeira - Afogados FM","robots":{"index":"index","follow":"follow","max-snippet":"max-snippet:-1","max-image-preview":"max-image-preview:large","max-video-preview":"max-video-preview:-1"},"canonical":"https:\/\/afogadosfm.com.br\/afogadosfm\/2025\/07\/29\/festival-rua-nova-reune-musica-e-cinema-de-graca-no-bairro-sao-francisco-em-afogados-da-ingazeira\/","og_locale":"pt_BR","og_type":"article","og_title":"Festival Rua Nova re\u00fane m\u00fasica e cinema de gra\u00e7a no Bairro S\u00e3o Francisco, em Afogados da Ingazeira - Afogados FM","og_description":"O \u201cFestival Rua Nova de Cinema e M\u00fasica\u201d chega a em sua primeira edi\u00e7\u00e3o no bairro S\u00e3o Francisco, em Afogados","og_url":"https:\/\/afogadosfm.com.br\/afogadosfm\/2025\/07\/29\/festival-rua-nova-reune-musica-e-cinema-de-graca-no-bairro-sao-francisco-em-afogados-da-ingazeira\/","og_site_name":"Afogados FM","article_published_time":"2025-07-29T12:26:28+00:00","article_modified_time":"2025-07-29T12:26:29+00:00","og_image":[{"width":1600,"height":979,"url":"https:\/\/afogadosfm.com.br\/afogadosfm\/wp-content\/uploads\/2025\/07\/ruanova.jpg","type":"image\/jpeg"}],"author":"afogadosfm","twitter_card":"summary_large_image","twitter_misc":{"Escrito por":"afogadosfm","Est. tempo de leitura":"6 minutos"},"schema":{"@context":"https:\/\/schema.org","@graph":[{"@type":"Article","@id":"https:\/\/afogadosfm.com.br\/afogadosfm\/2025\/07\/29\/festival-rua-nova-reune-musica-e-cinema-de-graca-no-bairro-sao-francisco-em-afogados-da-ingazeira\/#article","isPartOf":{"@id":"https:\/\/afogadosfm.com.br\/afogadosfm\/2025\/07\/29\/festival-rua-nova-reune-musica-e-cinema-de-graca-no-bairro-sao-francisco-em-afogados-da-ingazeira\/"},"author":{"name":"afogadosfm","@id":"https:\/\/afogadosfm.com.br\/afogadosfm\/#\/schema\/person\/60e56f2cf5dc960fc093fe093d9e9057"},"headline":"Festival Rua Nova re\u00fane m\u00fasica e cinema de gra\u00e7a no Bairro S\u00e3o Francisco, em Afogados da Ingazeira","datePublished":"2025-07-29T12:26:28+00:00","dateModified":"2025-07-29T12:26:29+00:00","mainEntityOfPage":{"@id":"https:\/\/afogadosfm.com.br\/afogadosfm\/2025\/07\/29\/festival-rua-nova-reune-musica-e-cinema-de-graca-no-bairro-sao-francisco-em-afogados-da-ingazeira\/"},"wordCount":1100,"commentCount":0,"publisher":{"@id":"https:\/\/afogadosfm.com.br\/afogadosfm\/#organization"},"image":{"@id":"https:\/\/afogadosfm.com.br\/afogadosfm\/2025\/07\/29\/festival-rua-nova-reune-musica-e-cinema-de-graca-no-bairro-sao-francisco-em-afogados-da-ingazeira\/#primaryimage"},"thumbnailUrl":"https:\/\/i0.wp.com\/afogadosfm.com.br\/afogadosfm\/wp-content\/uploads\/2025\/07\/ruanova.jpg?fit=1600%2C979&ssl=1","articleSection":["Cultura"],"inLanguage":"pt-BR","potentialAction":[{"@type":"CommentAction","name":"Comment","target":["https:\/\/afogadosfm.com.br\/afogadosfm\/2025\/07\/29\/festival-rua-nova-reune-musica-e-cinema-de-graca-no-bairro-sao-francisco-em-afogados-da-ingazeira\/#respond"]}]},{"@type":"WebPage","@id":"https:\/\/afogadosfm.com.br\/afogadosfm\/2025\/07\/29\/festival-rua-nova-reune-musica-e-cinema-de-graca-no-bairro-sao-francisco-em-afogados-da-ingazeira\/","url":"https:\/\/afogadosfm.com.br\/afogadosfm\/2025\/07\/29\/festival-rua-nova-reune-musica-e-cinema-de-graca-no-bairro-sao-francisco-em-afogados-da-ingazeira\/","name":"Festival Rua Nova re\u00fane m\u00fasica e cinema de gra\u00e7a no Bairro S\u00e3o Francisco, em Afogados da Ingazeira - Afogados FM","isPartOf":{"@id":"https:\/\/afogadosfm.com.br\/afogadosfm\/#website"},"primaryImageOfPage":{"@id":"https:\/\/afogadosfm.com.br\/afogadosfm\/2025\/07\/29\/festival-rua-nova-reune-musica-e-cinema-de-graca-no-bairro-sao-francisco-em-afogados-da-ingazeira\/#primaryimage"},"image":{"@id":"https:\/\/afogadosfm.com.br\/afogadosfm\/2025\/07\/29\/festival-rua-nova-reune-musica-e-cinema-de-graca-no-bairro-sao-francisco-em-afogados-da-ingazeira\/#primaryimage"},"thumbnailUrl":"https:\/\/i0.wp.com\/afogadosfm.com.br\/afogadosfm\/wp-content\/uploads\/2025\/07\/ruanova.jpg?fit=1600%2C979&ssl=1","datePublished":"2025-07-29T12:26:28+00:00","dateModified":"2025-07-29T12:26:29+00:00","breadcrumb":{"@id":"https:\/\/afogadosfm.com.br\/afogadosfm\/2025\/07\/29\/festival-rua-nova-reune-musica-e-cinema-de-graca-no-bairro-sao-francisco-em-afogados-da-ingazeira\/#breadcrumb"},"inLanguage":"pt-BR","potentialAction":[{"@type":"ReadAction","target":["https:\/\/afogadosfm.com.br\/afogadosfm\/2025\/07\/29\/festival-rua-nova-reune-musica-e-cinema-de-graca-no-bairro-sao-francisco-em-afogados-da-ingazeira\/"]}]},{"@type":"ImageObject","inLanguage":"pt-BR","@id":"https:\/\/afogadosfm.com.br\/afogadosfm\/2025\/07\/29\/festival-rua-nova-reune-musica-e-cinema-de-graca-no-bairro-sao-francisco-em-afogados-da-ingazeira\/#primaryimage","url":"https:\/\/i0.wp.com\/afogadosfm.com.br\/afogadosfm\/wp-content\/uploads\/2025\/07\/ruanova.jpg?fit=1600%2C979&ssl=1","contentUrl":"https:\/\/i0.wp.com\/afogadosfm.com.br\/afogadosfm\/wp-content\/uploads\/2025\/07\/ruanova.jpg?fit=1600%2C979&ssl=1","width":1600,"height":979},{"@type":"BreadcrumbList","@id":"https:\/\/afogadosfm.com.br\/afogadosfm\/2025\/07\/29\/festival-rua-nova-reune-musica-e-cinema-de-graca-no-bairro-sao-francisco-em-afogados-da-ingazeira\/#breadcrumb","itemListElement":[{"@type":"ListItem","position":1,"name":"In\u00edcio","item":"https:\/\/afogadosfm.com.br\/afogadosfm\/"},{"@type":"ListItem","position":2,"name":"Festival Rua Nova re\u00fane m\u00fasica e cinema de gra\u00e7a no Bairro S\u00e3o Francisco, em Afogados da Ingazeira"}]},{"@type":"WebSite","@id":"https:\/\/afogadosfm.com.br\/afogadosfm\/#website","url":"https:\/\/afogadosfm.com.br\/afogadosfm\/","name":"Afogados FM","description":"Um site completo!","publisher":{"@id":"https:\/\/afogadosfm.com.br\/afogadosfm\/#organization"},"potentialAction":[{"@type":"SearchAction","target":{"@type":"EntryPoint","urlTemplate":"https:\/\/afogadosfm.com.br\/afogadosfm\/?s={search_term_string}"},"query-input":{"@type":"PropertyValueSpecification","valueRequired":true,"valueName":"search_term_string"}}],"inLanguage":"pt-BR"},{"@type":"Organization","@id":"https:\/\/afogadosfm.com.br\/afogadosfm\/#organization","name":"Afogados FM","url":"https:\/\/afogadosfm.com.br\/afogadosfm\/","logo":{"@type":"ImageObject","inLanguage":"pt-BR","@id":"https:\/\/afogadosfm.com.br\/afogadosfm\/#\/schema\/logo\/image\/","url":"https:\/\/i0.wp.com\/afogadosfm.com.br\/afogadosfm\/wp-content\/uploads\/2020\/06\/cropped-banner-afogados-4.jpg?fit=369%2C137&ssl=1","contentUrl":"https:\/\/i0.wp.com\/afogadosfm.com.br\/afogadosfm\/wp-content\/uploads\/2020\/06\/cropped-banner-afogados-4.jpg?fit=369%2C137&ssl=1","width":369,"height":137,"caption":"Afogados FM"},"image":{"@id":"https:\/\/afogadosfm.com.br\/afogadosfm\/#\/schema\/logo\/image\/"}},{"@type":"Person","@id":"https:\/\/afogadosfm.com.br\/afogadosfm\/#\/schema\/person\/60e56f2cf5dc960fc093fe093d9e9057","name":"afogadosfm","image":{"@type":"ImageObject","inLanguage":"pt-BR","@id":"https:\/\/secure.gravatar.com\/avatar\/e0359add7ed5dc3560906d861b52c6a8cf5c1e199d3a7dd85070998f49bd4701?s=96&d=mm&r=g","url":"https:\/\/secure.gravatar.com\/avatar\/e0359add7ed5dc3560906d861b52c6a8cf5c1e199d3a7dd85070998f49bd4701?s=96&d=mm&r=g","contentUrl":"https:\/\/secure.gravatar.com\/avatar\/e0359add7ed5dc3560906d861b52c6a8cf5c1e199d3a7dd85070998f49bd4701?s=96&d=mm&r=g","caption":"afogadosfm"},"url":"https:\/\/afogadosfm.com.br\/afogadosfm\/author\/afogadosfm\/"}]}},"jetpack_publicize_connections":[],"jetpack_featured_media_url":"https:\/\/i0.wp.com\/afogadosfm.com.br\/afogadosfm\/wp-content\/uploads\/2025\/07\/ruanova.jpg?fit=1600%2C979&ssl=1","jetpack-related-posts":[],"jetpack_sharing_enabled":true,"jetpack_likes_enabled":true,"_links":{"self":[{"href":"https:\/\/afogadosfm.com.br\/afogadosfm\/wp-json\/wp\/v2\/posts\/67780","targetHints":{"allow":["GET"]}}],"collection":[{"href":"https:\/\/afogadosfm.com.br\/afogadosfm\/wp-json\/wp\/v2\/posts"}],"about":[{"href":"https:\/\/afogadosfm.com.br\/afogadosfm\/wp-json\/wp\/v2\/types\/post"}],"author":[{"embeddable":true,"href":"https:\/\/afogadosfm.com.br\/afogadosfm\/wp-json\/wp\/v2\/users\/2"}],"replies":[{"embeddable":true,"href":"https:\/\/afogadosfm.com.br\/afogadosfm\/wp-json\/wp\/v2\/comments?post=67780"}],"version-history":[{"count":1,"href":"https:\/\/afogadosfm.com.br\/afogadosfm\/wp-json\/wp\/v2\/posts\/67780\/revisions"}],"predecessor-version":[{"id":67782,"href":"https:\/\/afogadosfm.com.br\/afogadosfm\/wp-json\/wp\/v2\/posts\/67780\/revisions\/67782"}],"wp:featuredmedia":[{"embeddable":true,"href":"https:\/\/afogadosfm.com.br\/afogadosfm\/wp-json\/wp\/v2\/media\/67781"}],"wp:attachment":[{"href":"https:\/\/afogadosfm.com.br\/afogadosfm\/wp-json\/wp\/v2\/media?parent=67780"}],"wp:term":[{"taxonomy":"category","embeddable":true,"href":"https:\/\/afogadosfm.com.br\/afogadosfm\/wp-json\/wp\/v2\/categories?post=67780"},{"taxonomy":"post_tag","embeddable":true,"href":"https:\/\/afogadosfm.com.br\/afogadosfm\/wp-json\/wp\/v2\/tags?post=67780"}],"curies":[{"name":"wp","href":"https:\/\/api.w.org\/{rel}","templated":true}]}}