{"id":67794,"date":"2025-07-30T05:46:20","date_gmt":"2025-07-30T08:46:20","guid":{"rendered":"https:\/\/afogadosfm.com.br\/afogadosfm\/?p=67794"},"modified":"2025-07-30T05:46:21","modified_gmt":"2025-07-30T08:46:21","slug":"preco-da-cnh-pode-cair-em-80-se-obrigatoriedade-de-autoescolas-acabar","status":"publish","type":"post","link":"https:\/\/afogadosfm.com.br\/afogadosfm\/2025\/07\/30\/preco-da-cnh-pode-cair-em-80-se-obrigatoriedade-de-autoescolas-acabar\/","title":{"rendered":"Pre\u00e7o da CNH pode cair em 80% se obrigatoriedade de autoescolas acabar"},"content":{"rendered":"\n<p>O custo de uma carteira nacional de habilita\u00e7\u00e3o (CNH), atualmente na faixa de R$ 3,2 mil, poder\u00e1 ser reduzido em at\u00e9 80% para as categorias A e B \u2013 respectivamente motocicletas e ve\u00edculos de passeio.<\/p>\n\n\n\n<p>\u00c9 o que prev\u00ea projeto que est\u00e1 sendo elaborado pelo Minist\u00e9rio dos Transportes, que pretende acabar com a obrigatoriedade das aulas em autoescolas.<\/p>\n\n\n\n<p>De acordo com a pasta, o objetivo \u00e9 democratizar o acesso da popula\u00e7\u00e3o \u00e0 CNH, facilitando, inclusive, a qualifica\u00e7\u00e3o para atividades profissionais, em especial para aqueles que buscam o primeiro emprego.<\/p>\n\n\n\n<p>O ministro dos Transportes, Renan Filho, informou que, pelo projeto, as autoescolas continuariam oferecendo as aulas, ainda que n\u00e3o mais obrigat\u00f3rias. Atualmente s\u00e3o exigidas, no m\u00ednimo, 20 horas de aula pr\u00e1tica.<\/p>\n\n\n\n<p>J\u00e1 e exig\u00eancia de aprova\u00e7\u00e3o nas provas te\u00f3rica e pr\u00e1tica dos departamentos de tr\u00e2nsito (Detrans) ser\u00e1 mantida.<\/p>\n\n\n\n<p>\u201cIsso vai ser produtivo para o Brasil. Vai incluir as pessoas, porque dentro do recorte h\u00e1 outras exclus\u00f5es ainda mais cru\u00e9is. Por exemplo, se a fam\u00edlia tivesse o dinheiro para tirar s\u00f3 uma carteira, e como tirar uma custa em torno de R$ 3 a R$ 4 mil, ela escolhe tirar s\u00f3 do homem e muitas vezes a mulher fica inabilitada, exclu\u00edda, justamente por essa condi\u00e7\u00e3o\u201d, justificou o ministro.<\/p>\n\n\n\n<p>\u201cEnt\u00e3o, a gente precisa criar um ambiente para que as pessoas tenham condi\u00e7\u00e3o de se formalizar, de serem inclu\u00eddas\u201d, acrescentou referindo-se a uma pr\u00e1tica j\u00e1 adotada em diversos pa\u00edses, como Estados Unidos, Canad\u00e1, Inglaterra, Jap\u00e3o, Paraguai e Uruguai.<\/p>\n\n\n\n<p>Dados do minist\u00e9rio indicam que 54% da popula\u00e7\u00e3o n\u00e3o dirige ou dirige sem habilita\u00e7\u00e3o. Nesse sentido, tirar a carteira gastando menos \u00e9 importante tamb\u00e9m por ajudar a aumentar a seguran\u00e7a no tr\u00e2nsito. Com informa\u00e7\u00f5es da Ag\u00eancia Brasil.<\/p>\n","protected":false},"excerpt":{"rendered":"<p>O custo de uma carteira nacional de habilita\u00e7\u00e3o (CNH), atualmente na faixa de R$ 3,2 mil, poder\u00e1 ser reduzido em<\/p>\n","protected":false},"author":2,"featured_media":54362,"comment_status":"open","ping_status":"open","sticky":false,"template":"","format":"standard","meta":{"jetpack_post_was_ever_published":false,"_jetpack_newsletter_access":"","_jetpack_dont_email_post_to_subs":false,"_jetpack_newsletter_tier_id":0,"_jetpack_memberships_contains_paywalled_content":false,"_jetpack_memberships_contains_paid_content":false,"footnotes":"","jetpack_publicize_message":"","jetpack_publicize_feature_enabled":true,"jetpack_social_post_already_shared":true,"jetpack_social_options":{"image_generator_settings":{"template":"highway","default_image_id":0,"font":"","enabled":false},"version":2}},"categories":[12],"tags":[],"class_list":["post-67794","post","type-post","status-publish","format-standard","has-post-thumbnail","hentry","category-brasil"],"yoast_head":"<!-- This site is optimized with the Yoast SEO plugin v27.5 - https:\/\/yoast.com\/product\/yoast-seo-wordpress\/ -->\n<title>Pre\u00e7o da CNH pode cair em 80% se obrigatoriedade de autoescolas acabar - Afogados FM<\/title>\n<meta name=\"robots\" content=\"index, follow, max-snippet:-1, max-image-preview:large, max-video-preview:-1\" \/>\n<link rel=\"canonical\" href=\"https:\/\/afogadosfm.com.br\/afogadosfm\/2025\/07\/30\/preco-da-cnh-pode-cair-em-80-se-obrigatoriedade-de-autoescolas-acabar\/\" \/>\n<meta property=\"og:locale\" content=\"pt_BR\" \/>\n<meta property=\"og:type\" content=\"article\" \/>\n<meta property=\"og:title\" content=\"Pre\u00e7o da CNH pode cair em 80% se obrigatoriedade de autoescolas acabar - Afogados FM\" \/>\n<meta property=\"og:description\" content=\"O custo de uma carteira nacional de habilita\u00e7\u00e3o (CNH), atualmente na faixa de R$ 3,2 mil, poder\u00e1 ser reduzido em\" \/>\n<meta property=\"og:url\" content=\"https:\/\/afogadosfm.com.br\/afogadosfm\/2025\/07\/30\/preco-da-cnh-pode-cair-em-80-se-obrigatoriedade-de-autoescolas-acabar\/\" \/>\n<meta property=\"og:site_name\" content=\"Afogados FM\" \/>\n<meta property=\"article:published_time\" content=\"2025-07-30T08:46:20+00:00\" \/>\n<meta property=\"article:modified_time\" content=\"2025-07-30T08:46:21+00:00\" \/>\n<meta property=\"og:image\" content=\"https:\/\/afogadosfm.com.br\/afogadosfm\/wp-content\/uploads\/2024\/02\/nova-cnh.jpg\" \/>\n\t<meta property=\"og:image:width\" content=\"1100\" \/>\n\t<meta property=\"og:image:height\" content=\"659\" \/>\n\t<meta property=\"og:image:type\" content=\"image\/jpeg\" \/>\n<meta name=\"author\" content=\"afogadosfm\" \/>\n<meta name=\"twitter:card\" content=\"summary_large_image\" \/>\n<meta name=\"twitter:label1\" content=\"Escrito por\" \/>\n\t<meta name=\"twitter:data1\" content=\"afogadosfm\" \/>\n\t<meta name=\"twitter:label2\" content=\"Est. tempo de leitura\" \/>\n\t<meta name=\"twitter:data2\" content=\"2 minutos\" \/>\n<script type=\"application\/ld+json\" class=\"yoast-schema-graph\">{\"@context\":\"https:\\\/\\\/schema.org\",\"@graph\":[{\"@type\":\"Article\",\"@id\":\"https:\\\/\\\/afogadosfm.com.br\\\/afogadosfm\\\/2025\\\/07\\\/30\\\/preco-da-cnh-pode-cair-em-80-se-obrigatoriedade-de-autoescolas-acabar\\\/#article\",\"isPartOf\":{\"@id\":\"https:\\\/\\\/afogadosfm.com.br\\\/afogadosfm\\\/2025\\\/07\\\/30\\\/preco-da-cnh-pode-cair-em-80-se-obrigatoriedade-de-autoescolas-acabar\\\/\"},\"author\":{\"name\":\"afogadosfm\",\"@id\":\"https:\\\/\\\/afogadosfm.com.br\\\/afogadosfm\\\/#\\\/schema\\\/person\\\/60e56f2cf5dc960fc093fe093d9e9057\"},\"headline\":\"Pre\u00e7o da CNH pode cair em 80% se obrigatoriedade de autoescolas acabar\",\"datePublished\":\"2025-07-30T08:46:20+00:00\",\"dateModified\":\"2025-07-30T08:46:21+00:00\",\"mainEntityOfPage\":{\"@id\":\"https:\\\/\\\/afogadosfm.com.br\\\/afogadosfm\\\/2025\\\/07\\\/30\\\/preco-da-cnh-pode-cair-em-80-se-obrigatoriedade-de-autoescolas-acabar\\\/\"},\"wordCount\":317,\"commentCount\":0,\"publisher\":{\"@id\":\"https:\\\/\\\/afogadosfm.com.br\\\/afogadosfm\\\/#organization\"},\"image\":{\"@id\":\"https:\\\/\\\/afogadosfm.com.br\\\/afogadosfm\\\/2025\\\/07\\\/30\\\/preco-da-cnh-pode-cair-em-80-se-obrigatoriedade-de-autoescolas-acabar\\\/#primaryimage\"},\"thumbnailUrl\":\"https:\\\/\\\/i0.wp.com\\\/afogadosfm.com.br\\\/afogadosfm\\\/wp-content\\\/uploads\\\/2024\\\/02\\\/nova-cnh.jpg?fit=1100%2C659&ssl=1\",\"articleSection\":[\"Brasil\"],\"inLanguage\":\"pt-BR\",\"potentialAction\":[{\"@type\":\"CommentAction\",\"name\":\"Comment\",\"target\":[\"https:\\\/\\\/afogadosfm.com.br\\\/afogadosfm\\\/2025\\\/07\\\/30\\\/preco-da-cnh-pode-cair-em-80-se-obrigatoriedade-de-autoescolas-acabar\\\/#respond\"]}]},{\"@type\":\"WebPage\",\"@id\":\"https:\\\/\\\/afogadosfm.com.br\\\/afogadosfm\\\/2025\\\/07\\\/30\\\/preco-da-cnh-pode-cair-em-80-se-obrigatoriedade-de-autoescolas-acabar\\\/\",\"url\":\"https:\\\/\\\/afogadosfm.com.br\\\/afogadosfm\\\/2025\\\/07\\\/30\\\/preco-da-cnh-pode-cair-em-80-se-obrigatoriedade-de-autoescolas-acabar\\\/\",\"name\":\"Pre\u00e7o da CNH pode cair em 80% se obrigatoriedade de autoescolas acabar - Afogados FM\",\"isPartOf\":{\"@id\":\"https:\\\/\\\/afogadosfm.com.br\\\/afogadosfm\\\/#website\"},\"primaryImageOfPage\":{\"@id\":\"https:\\\/\\\/afogadosfm.com.br\\\/afogadosfm\\\/2025\\\/07\\\/30\\\/preco-da-cnh-pode-cair-em-80-se-obrigatoriedade-de-autoescolas-acabar\\\/#primaryimage\"},\"image\":{\"@id\":\"https:\\\/\\\/afogadosfm.com.br\\\/afogadosfm\\\/2025\\\/07\\\/30\\\/preco-da-cnh-pode-cair-em-80-se-obrigatoriedade-de-autoescolas-acabar\\\/#primaryimage\"},\"thumbnailUrl\":\"https:\\\/\\\/i0.wp.com\\\/afogadosfm.com.br\\\/afogadosfm\\\/wp-content\\\/uploads\\\/2024\\\/02\\\/nova-cnh.jpg?fit=1100%2C659&ssl=1\",\"datePublished\":\"2025-07-30T08:46:20+00:00\",\"dateModified\":\"2025-07-30T08:46:21+00:00\",\"breadcrumb\":{\"@id\":\"https:\\\/\\\/afogadosfm.com.br\\\/afogadosfm\\\/2025\\\/07\\\/30\\\/preco-da-cnh-pode-cair-em-80-se-obrigatoriedade-de-autoescolas-acabar\\\/#breadcrumb\"},\"inLanguage\":\"pt-BR\",\"potentialAction\":[{\"@type\":\"ReadAction\",\"target\":[\"https:\\\/\\\/afogadosfm.com.br\\\/afogadosfm\\\/2025\\\/07\\\/30\\\/preco-da-cnh-pode-cair-em-80-se-obrigatoriedade-de-autoescolas-acabar\\\/\"]}]},{\"@type\":\"ImageObject\",\"inLanguage\":\"pt-BR\",\"@id\":\"https:\\\/\\\/afogadosfm.com.br\\\/afogadosfm\\\/2025\\\/07\\\/30\\\/preco-da-cnh-pode-cair-em-80-se-obrigatoriedade-de-autoescolas-acabar\\\/#primaryimage\",\"url\":\"https:\\\/\\\/i0.wp.com\\\/afogadosfm.com.br\\\/afogadosfm\\\/wp-content\\\/uploads\\\/2024\\\/02\\\/nova-cnh.jpg?fit=1100%2C659&ssl=1\",\"contentUrl\":\"https:\\\/\\\/i0.wp.com\\\/afogadosfm.com.br\\\/afogadosfm\\\/wp-content\\\/uploads\\\/2024\\\/02\\\/nova-cnh.jpg?fit=1100%2C659&ssl=1\",\"width\":1100,\"height\":659},{\"@type\":\"BreadcrumbList\",\"@id\":\"https:\\\/\\\/afogadosfm.com.br\\\/afogadosfm\\\/2025\\\/07\\\/30\\\/preco-da-cnh-pode-cair-em-80-se-obrigatoriedade-de-autoescolas-acabar\\\/#breadcrumb\",\"itemListElement\":[{\"@type\":\"ListItem\",\"position\":1,\"name\":\"In\u00edcio\",\"item\":\"https:\\\/\\\/afogadosfm.com.br\\\/afogadosfm\\\/\"},{\"@type\":\"ListItem\",\"position\":2,\"name\":\"Pre\u00e7o da CNH pode cair em 80% se obrigatoriedade de autoescolas acabar\"}]},{\"@type\":\"WebSite\",\"@id\":\"https:\\\/\\\/afogadosfm.com.br\\\/afogadosfm\\\/#website\",\"url\":\"https:\\\/\\\/afogadosfm.com.br\\\/afogadosfm\\\/\",\"name\":\"Afogados FM\",\"description\":\"Um site completo!\",\"publisher\":{\"@id\":\"https:\\\/\\\/afogadosfm.com.br\\\/afogadosfm\\\/#organization\"},\"potentialAction\":[{\"@type\":\"SearchAction\",\"target\":{\"@type\":\"EntryPoint\",\"urlTemplate\":\"https:\\\/\\\/afogadosfm.com.br\\\/afogadosfm\\\/?s={search_term_string}\"},\"query-input\":{\"@type\":\"PropertyValueSpecification\",\"valueRequired\":true,\"valueName\":\"search_term_string\"}}],\"inLanguage\":\"pt-BR\"},{\"@type\":\"Organization\",\"@id\":\"https:\\\/\\\/afogadosfm.com.br\\\/afogadosfm\\\/#organization\",\"name\":\"Afogados FM\",\"url\":\"https:\\\/\\\/afogadosfm.com.br\\\/afogadosfm\\\/\",\"logo\":{\"@type\":\"ImageObject\",\"inLanguage\":\"pt-BR\",\"@id\":\"https:\\\/\\\/afogadosfm.com.br\\\/afogadosfm\\\/#\\\/schema\\\/logo\\\/image\\\/\",\"url\":\"https:\\\/\\\/i0.wp.com\\\/afogadosfm.com.br\\\/afogadosfm\\\/wp-content\\\/uploads\\\/2020\\\/06\\\/cropped-banner-afogados-4.jpg?fit=369%2C137&ssl=1\",\"contentUrl\":\"https:\\\/\\\/i0.wp.com\\\/afogadosfm.com.br\\\/afogadosfm\\\/wp-content\\\/uploads\\\/2020\\\/06\\\/cropped-banner-afogados-4.jpg?fit=369%2C137&ssl=1\",\"width\":369,\"height\":137,\"caption\":\"Afogados FM\"},\"image\":{\"@id\":\"https:\\\/\\\/afogadosfm.com.br\\\/afogadosfm\\\/#\\\/schema\\\/logo\\\/image\\\/\"}},{\"@type\":\"Person\",\"@id\":\"https:\\\/\\\/afogadosfm.com.br\\\/afogadosfm\\\/#\\\/schema\\\/person\\\/60e56f2cf5dc960fc093fe093d9e9057\",\"name\":\"afogadosfm\",\"image\":{\"@type\":\"ImageObject\",\"inLanguage\":\"pt-BR\",\"@id\":\"https:\\\/\\\/secure.gravatar.com\\\/avatar\\\/e0359add7ed5dc3560906d861b52c6a8cf5c1e199d3a7dd85070998f49bd4701?s=96&d=mm&r=g\",\"url\":\"https:\\\/\\\/secure.gravatar.com\\\/avatar\\\/e0359add7ed5dc3560906d861b52c6a8cf5c1e199d3a7dd85070998f49bd4701?s=96&d=mm&r=g\",\"contentUrl\":\"https:\\\/\\\/secure.gravatar.com\\\/avatar\\\/e0359add7ed5dc3560906d861b52c6a8cf5c1e199d3a7dd85070998f49bd4701?s=96&d=mm&r=g\",\"caption\":\"afogadosfm\"},\"url\":\"https:\\\/\\\/afogadosfm.com.br\\\/afogadosfm\\\/author\\\/afogadosfm\\\/\"}]}<\/script>\n<!-- \/ Yoast SEO plugin. -->","yoast_head_json":{"title":"Pre\u00e7o da CNH pode cair em 80% se obrigatoriedade de autoescolas acabar - Afogados FM","robots":{"index":"index","follow":"follow","max-snippet":"max-snippet:-1","max-image-preview":"max-image-preview:large","max-video-preview":"max-video-preview:-1"},"canonical":"https:\/\/afogadosfm.com.br\/afogadosfm\/2025\/07\/30\/preco-da-cnh-pode-cair-em-80-se-obrigatoriedade-de-autoescolas-acabar\/","og_locale":"pt_BR","og_type":"article","og_title":"Pre\u00e7o da CNH pode cair em 80% se obrigatoriedade de autoescolas acabar - Afogados FM","og_description":"O custo de uma carteira nacional de habilita\u00e7\u00e3o (CNH), atualmente na faixa de R$ 3,2 mil, poder\u00e1 ser reduzido em","og_url":"https:\/\/afogadosfm.com.br\/afogadosfm\/2025\/07\/30\/preco-da-cnh-pode-cair-em-80-se-obrigatoriedade-de-autoescolas-acabar\/","og_site_name":"Afogados FM","article_published_time":"2025-07-30T08:46:20+00:00","article_modified_time":"2025-07-30T08:46:21+00:00","og_image":[{"width":1100,"height":659,"url":"https:\/\/afogadosfm.com.br\/afogadosfm\/wp-content\/uploads\/2024\/02\/nova-cnh.jpg","type":"image\/jpeg"}],"author":"afogadosfm","twitter_card":"summary_large_image","twitter_misc":{"Escrito por":"afogadosfm","Est. tempo de leitura":"2 minutos"},"schema":{"@context":"https:\/\/schema.org","@graph":[{"@type":"Article","@id":"https:\/\/afogadosfm.com.br\/afogadosfm\/2025\/07\/30\/preco-da-cnh-pode-cair-em-80-se-obrigatoriedade-de-autoescolas-acabar\/#article","isPartOf":{"@id":"https:\/\/afogadosfm.com.br\/afogadosfm\/2025\/07\/30\/preco-da-cnh-pode-cair-em-80-se-obrigatoriedade-de-autoescolas-acabar\/"},"author":{"name":"afogadosfm","@id":"https:\/\/afogadosfm.com.br\/afogadosfm\/#\/schema\/person\/60e56f2cf5dc960fc093fe093d9e9057"},"headline":"Pre\u00e7o da CNH pode cair em 80% se obrigatoriedade de autoescolas acabar","datePublished":"2025-07-30T08:46:20+00:00","dateModified":"2025-07-30T08:46:21+00:00","mainEntityOfPage":{"@id":"https:\/\/afogadosfm.com.br\/afogadosfm\/2025\/07\/30\/preco-da-cnh-pode-cair-em-80-se-obrigatoriedade-de-autoescolas-acabar\/"},"wordCount":317,"commentCount":0,"publisher":{"@id":"https:\/\/afogadosfm.com.br\/afogadosfm\/#organization"},"image":{"@id":"https:\/\/afogadosfm.com.br\/afogadosfm\/2025\/07\/30\/preco-da-cnh-pode-cair-em-80-se-obrigatoriedade-de-autoescolas-acabar\/#primaryimage"},"thumbnailUrl":"https:\/\/i0.wp.com\/afogadosfm.com.br\/afogadosfm\/wp-content\/uploads\/2024\/02\/nova-cnh.jpg?fit=1100%2C659&ssl=1","articleSection":["Brasil"],"inLanguage":"pt-BR","potentialAction":[{"@type":"CommentAction","name":"Comment","target":["https:\/\/afogadosfm.com.br\/afogadosfm\/2025\/07\/30\/preco-da-cnh-pode-cair-em-80-se-obrigatoriedade-de-autoescolas-acabar\/#respond"]}]},{"@type":"WebPage","@id":"https:\/\/afogadosfm.com.br\/afogadosfm\/2025\/07\/30\/preco-da-cnh-pode-cair-em-80-se-obrigatoriedade-de-autoescolas-acabar\/","url":"https:\/\/afogadosfm.com.br\/afogadosfm\/2025\/07\/30\/preco-da-cnh-pode-cair-em-80-se-obrigatoriedade-de-autoescolas-acabar\/","name":"Pre\u00e7o da CNH pode cair em 80% se obrigatoriedade de autoescolas acabar - Afogados FM","isPartOf":{"@id":"https:\/\/afogadosfm.com.br\/afogadosfm\/#website"},"primaryImageOfPage":{"@id":"https:\/\/afogadosfm.com.br\/afogadosfm\/2025\/07\/30\/preco-da-cnh-pode-cair-em-80-se-obrigatoriedade-de-autoescolas-acabar\/#primaryimage"},"image":{"@id":"https:\/\/afogadosfm.com.br\/afogadosfm\/2025\/07\/30\/preco-da-cnh-pode-cair-em-80-se-obrigatoriedade-de-autoescolas-acabar\/#primaryimage"},"thumbnailUrl":"https:\/\/i0.wp.com\/afogadosfm.com.br\/afogadosfm\/wp-content\/uploads\/2024\/02\/nova-cnh.jpg?fit=1100%2C659&ssl=1","datePublished":"2025-07-30T08:46:20+00:00","dateModified":"2025-07-30T08:46:21+00:00","breadcrumb":{"@id":"https:\/\/afogadosfm.com.br\/afogadosfm\/2025\/07\/30\/preco-da-cnh-pode-cair-em-80-se-obrigatoriedade-de-autoescolas-acabar\/#breadcrumb"},"inLanguage":"pt-BR","potentialAction":[{"@type":"ReadAction","target":["https:\/\/afogadosfm.com.br\/afogadosfm\/2025\/07\/30\/preco-da-cnh-pode-cair-em-80-se-obrigatoriedade-de-autoescolas-acabar\/"]}]},{"@type":"ImageObject","inLanguage":"pt-BR","@id":"https:\/\/afogadosfm.com.br\/afogadosfm\/2025\/07\/30\/preco-da-cnh-pode-cair-em-80-se-obrigatoriedade-de-autoescolas-acabar\/#primaryimage","url":"https:\/\/i0.wp.com\/afogadosfm.com.br\/afogadosfm\/wp-content\/uploads\/2024\/02\/nova-cnh.jpg?fit=1100%2C659&ssl=1","contentUrl":"https:\/\/i0.wp.com\/afogadosfm.com.br\/afogadosfm\/wp-content\/uploads\/2024\/02\/nova-cnh.jpg?fit=1100%2C659&ssl=1","width":1100,"height":659},{"@type":"BreadcrumbList","@id":"https:\/\/afogadosfm.com.br\/afogadosfm\/2025\/07\/30\/preco-da-cnh-pode-cair-em-80-se-obrigatoriedade-de-autoescolas-acabar\/#breadcrumb","itemListElement":[{"@type":"ListItem","position":1,"name":"In\u00edcio","item":"https:\/\/afogadosfm.com.br\/afogadosfm\/"},{"@type":"ListItem","position":2,"name":"Pre\u00e7o da CNH pode cair em 80% se obrigatoriedade de autoescolas acabar"}]},{"@type":"WebSite","@id":"https:\/\/afogadosfm.com.br\/afogadosfm\/#website","url":"https:\/\/afogadosfm.com.br\/afogadosfm\/","name":"Afogados FM","description":"Um site completo!","publisher":{"@id":"https:\/\/afogadosfm.com.br\/afogadosfm\/#organization"},"potentialAction":[{"@type":"SearchAction","target":{"@type":"EntryPoint","urlTemplate":"https:\/\/afogadosfm.com.br\/afogadosfm\/?s={search_term_string}"},"query-input":{"@type":"PropertyValueSpecification","valueRequired":true,"valueName":"search_term_string"}}],"inLanguage":"pt-BR"},{"@type":"Organization","@id":"https:\/\/afogadosfm.com.br\/afogadosfm\/#organization","name":"Afogados FM","url":"https:\/\/afogadosfm.com.br\/afogadosfm\/","logo":{"@type":"ImageObject","inLanguage":"pt-BR","@id":"https:\/\/afogadosfm.com.br\/afogadosfm\/#\/schema\/logo\/image\/","url":"https:\/\/i0.wp.com\/afogadosfm.com.br\/afogadosfm\/wp-content\/uploads\/2020\/06\/cropped-banner-afogados-4.jpg?fit=369%2C137&ssl=1","contentUrl":"https:\/\/i0.wp.com\/afogadosfm.com.br\/afogadosfm\/wp-content\/uploads\/2020\/06\/cropped-banner-afogados-4.jpg?fit=369%2C137&ssl=1","width":369,"height":137,"caption":"Afogados FM"},"image":{"@id":"https:\/\/afogadosfm.com.br\/afogadosfm\/#\/schema\/logo\/image\/"}},{"@type":"Person","@id":"https:\/\/afogadosfm.com.br\/afogadosfm\/#\/schema\/person\/60e56f2cf5dc960fc093fe093d9e9057","name":"afogadosfm","image":{"@type":"ImageObject","inLanguage":"pt-BR","@id":"https:\/\/secure.gravatar.com\/avatar\/e0359add7ed5dc3560906d861b52c6a8cf5c1e199d3a7dd85070998f49bd4701?s=96&d=mm&r=g","url":"https:\/\/secure.gravatar.com\/avatar\/e0359add7ed5dc3560906d861b52c6a8cf5c1e199d3a7dd85070998f49bd4701?s=96&d=mm&r=g","contentUrl":"https:\/\/secure.gravatar.com\/avatar\/e0359add7ed5dc3560906d861b52c6a8cf5c1e199d3a7dd85070998f49bd4701?s=96&d=mm&r=g","caption":"afogadosfm"},"url":"https:\/\/afogadosfm.com.br\/afogadosfm\/author\/afogadosfm\/"}]}},"jetpack_publicize_connections":[],"jetpack_featured_media_url":"https:\/\/i0.wp.com\/afogadosfm.com.br\/afogadosfm\/wp-content\/uploads\/2024\/02\/nova-cnh.jpg?fit=1100%2C659&ssl=1","jetpack-related-posts":[],"jetpack_sharing_enabled":true,"jetpack_likes_enabled":true,"_links":{"self":[{"href":"https:\/\/afogadosfm.com.br\/afogadosfm\/wp-json\/wp\/v2\/posts\/67794","targetHints":{"allow":["GET"]}}],"collection":[{"href":"https:\/\/afogadosfm.com.br\/afogadosfm\/wp-json\/wp\/v2\/posts"}],"about":[{"href":"https:\/\/afogadosfm.com.br\/afogadosfm\/wp-json\/wp\/v2\/types\/post"}],"author":[{"embeddable":true,"href":"https:\/\/afogadosfm.com.br\/afogadosfm\/wp-json\/wp\/v2\/users\/2"}],"replies":[{"embeddable":true,"href":"https:\/\/afogadosfm.com.br\/afogadosfm\/wp-json\/wp\/v2\/comments?post=67794"}],"version-history":[{"count":1,"href":"https:\/\/afogadosfm.com.br\/afogadosfm\/wp-json\/wp\/v2\/posts\/67794\/revisions"}],"predecessor-version":[{"id":67795,"href":"https:\/\/afogadosfm.com.br\/afogadosfm\/wp-json\/wp\/v2\/posts\/67794\/revisions\/67795"}],"wp:featuredmedia":[{"embeddable":true,"href":"https:\/\/afogadosfm.com.br\/afogadosfm\/wp-json\/wp\/v2\/media\/54362"}],"wp:attachment":[{"href":"https:\/\/afogadosfm.com.br\/afogadosfm\/wp-json\/wp\/v2\/media?parent=67794"}],"wp:term":[{"taxonomy":"category","embeddable":true,"href":"https:\/\/afogadosfm.com.br\/afogadosfm\/wp-json\/wp\/v2\/categories?post=67794"},{"taxonomy":"post_tag","embeddable":true,"href":"https:\/\/afogadosfm.com.br\/afogadosfm\/wp-json\/wp\/v2\/tags?post=67794"}],"curies":[{"name":"wp","href":"https:\/\/api.w.org\/{rel}","templated":true}]}}