{"id":67802,"date":"2025-07-30T05:53:18","date_gmt":"2025-07-30T08:53:18","guid":{"rendered":"https:\/\/afogadosfm.com.br\/afogadosfm\/?p=67802"},"modified":"2025-07-30T05:53:19","modified_gmt":"2025-07-30T08:53:19","slug":"de-olho-em-2026-joao-campos-se-aproxima-de-um-dos-principais-aliados-de-raquel-lyra","status":"publish","type":"post","link":"https:\/\/afogadosfm.com.br\/afogadosfm\/2025\/07\/30\/de-olho-em-2026-joao-campos-se-aproxima-de-um-dos-principais-aliados-de-raquel-lyra\/","title":{"rendered":"De olho em 2026, Jo\u00e3o Campos se aproxima de um dos principais aliados de Raquel Lyra"},"content":{"rendered":"\n<p>O prefeito do Recife, Jo\u00e3o Campos (PSB), tem tentado uma aproxima\u00e7\u00e3o com um dos aliados mais fortes da governadora Raquel Lyra (PSD), o deputado federal Eduardo da Fonte (PP), com objetivo de atrair o PP e isolar a advers\u00e1ria nas Elei\u00e7\u00f5es de 2026.<\/p>\n\n\n\n<p>Internamente, a equipe de Jo\u00e3o avalia que uma eventual alian\u00e7a seria estrat\u00e9gica. Com apoio do parlamentar, o PSB conseguiria reunir todos os maiores partidos em torno da candidatura do recifense e poderia atingir at\u00e9 \u00be do tempo de TV durante a campanha.<\/p>\n\n\n\n<p>Dudu da Fonte, como o deputado \u00e9 chamado, pretende concorrer a uma das duas vagas ao Senado Federal pela federa\u00e7\u00e3o Uni\u00e3o Progressista (Uni\u00e3o Brasil\/PP), da qual \u00e9 presidente estadual. O outro nome que deve ser lan\u00e7ado pelas siglas \u00e9 o do ex-prefeito de Petrolina, Miguel Coelho (UB).<\/p>\n\n\n\n<p>At\u00e9 o momento, entretanto, Dudu e Miguel est\u00e3o em lados opostos. O deputado federal est\u00e1 com a governadora, enquanto o petrolinense pleiteia uma das vagas para senador na chapa de Jo\u00e3o \u2013 tamb\u00e9m disputada por Humberto Costa (PT), Mar\u00edlia Arraes (Solidariedade) e Silvio Costa Filho (Republicanos).<\/p>\n\n\n\n<p>Atualmente, Dudu tem influ\u00eancia sobre uma fatia importante do or\u00e7amento no Pal\u00e1cio do Campo das Princesas. Entre suas indica\u00e7\u00f5es, est\u00e3o o secret\u00e1rio de Turismo, Kaio Mani\u00e7oba (PP), e cargos de lideran\u00e7a no Ceasa, no Departamento Estadual de Tr\u00e2nsito (Detran-PE) e no Laborat\u00f3rio Farmac\u00eautico de Pernambuco (Lafepe).<\/p>\n\n\n\n<p>Da Fonte tamb\u00e9m \u00e9 presidente estadual do PP, partido respons\u00e1vel pela segunda maior bancada da Assembleia Legislativa de Pernambuco (Alepe), com oito parlamentares que fazem volume ao \u201cbloc\u00e3o\u201d governista.<\/p>\n\n\n\n<p>Para aliados de Jo\u00e3o, no entanto, ele poderia ser atra\u00eddo caso as pesquisas indiquem vantagem do prefeito na disputa contra a governadora. Segundo avaliam, o deputado j\u00e1 teria hist\u00f3rico de \u201ctrocar de palanque\u201d \u00e0s v\u00e9speras da elei\u00e7\u00e3o.<\/p>\n\n\n\n<p>A \u2018impessoalidade\u2019 da alian\u00e7a entre Raquel e Dudu contribui para essa no\u00e7\u00e3o. Apesar da participa\u00e7\u00e3o do grupo pol\u00edtico do deputado no governo e de ambos dividirem palanques, eles n\u00e3o costumam trocar elogios ou acenos al\u00e9m do \u00e2mbito pol\u00edtico.<\/p>\n\n\n\n<p>Do DP<\/p>\n","protected":false},"excerpt":{"rendered":"<p>O prefeito do Recife, Jo\u00e3o Campos (PSB), tem tentado uma aproxima\u00e7\u00e3o com um dos aliados mais fortes da governadora Raquel<\/p>\n","protected":false},"author":2,"featured_media":58019,"comment_status":"open","ping_status":"open","sticky":false,"template":"","format":"standard","meta":{"jetpack_post_was_ever_published":false,"_jetpack_newsletter_access":"","_jetpack_dont_email_post_to_subs":false,"_jetpack_newsletter_tier_id":0,"_jetpack_memberships_contains_paywalled_content":false,"_jetpack_memberships_contains_paid_content":false,"footnotes":"","jetpack_publicize_message":"","jetpack_publicize_feature_enabled":true,"jetpack_social_post_already_shared":true,"jetpack_social_options":{"image_generator_settings":{"template":"highway","default_image_id":0,"font":"","enabled":false},"version":2}},"categories":[35],"tags":[],"class_list":["post-67802","post","type-post","status-publish","format-standard","has-post-thumbnail","hentry","category-politica"],"yoast_head":"<!-- This site is optimized with the Yoast SEO plugin v27.5 - https:\/\/yoast.com\/product\/yoast-seo-wordpress\/ -->\n<title>De olho em 2026, Jo\u00e3o Campos se aproxima de um dos principais aliados de Raquel Lyra - Afogados FM<\/title>\n<meta name=\"robots\" content=\"index, follow, max-snippet:-1, max-image-preview:large, max-video-preview:-1\" \/>\n<link rel=\"canonical\" href=\"https:\/\/afogadosfm.com.br\/afogadosfm\/2025\/07\/30\/de-olho-em-2026-joao-campos-se-aproxima-de-um-dos-principais-aliados-de-raquel-lyra\/\" \/>\n<meta property=\"og:locale\" content=\"pt_BR\" \/>\n<meta property=\"og:type\" content=\"article\" \/>\n<meta property=\"og:title\" content=\"De olho em 2026, Jo\u00e3o Campos se aproxima de um dos principais aliados de Raquel Lyra - Afogados FM\" \/>\n<meta property=\"og:description\" content=\"O prefeito do Recife, Jo\u00e3o Campos (PSB), tem tentado uma aproxima\u00e7\u00e3o com um dos aliados mais fortes da governadora Raquel\" \/>\n<meta property=\"og:url\" content=\"https:\/\/afogadosfm.com.br\/afogadosfm\/2025\/07\/30\/de-olho-em-2026-joao-campos-se-aproxima-de-um-dos-principais-aliados-de-raquel-lyra\/\" \/>\n<meta property=\"og:site_name\" content=\"Afogados FM\" \/>\n<meta property=\"article:published_time\" content=\"2025-07-30T08:53:18+00:00\" \/>\n<meta property=\"article:modified_time\" content=\"2025-07-30T08:53:19+00:00\" \/>\n<meta property=\"og:image\" content=\"https:\/\/afogadosfm.com.br\/afogadosfm\/wp-content\/uploads\/2024\/07\/urnas.jpg\" \/>\n\t<meta property=\"og:image:width\" content=\"768\" \/>\n\t<meta property=\"og:image:height\" content=\"512\" \/>\n\t<meta property=\"og:image:type\" content=\"image\/jpeg\" \/>\n<meta name=\"author\" content=\"afogadosfm\" \/>\n<meta name=\"twitter:card\" content=\"summary_large_image\" \/>\n<meta name=\"twitter:label1\" content=\"Escrito por\" \/>\n\t<meta name=\"twitter:data1\" content=\"afogadosfm\" \/>\n\t<meta name=\"twitter:label2\" content=\"Est. tempo de leitura\" \/>\n\t<meta name=\"twitter:data2\" content=\"3 minutos\" \/>\n<script type=\"application\/ld+json\" class=\"yoast-schema-graph\">{\"@context\":\"https:\\\/\\\/schema.org\",\"@graph\":[{\"@type\":\"Article\",\"@id\":\"https:\\\/\\\/afogadosfm.com.br\\\/afogadosfm\\\/2025\\\/07\\\/30\\\/de-olho-em-2026-joao-campos-se-aproxima-de-um-dos-principais-aliados-de-raquel-lyra\\\/#article\",\"isPartOf\":{\"@id\":\"https:\\\/\\\/afogadosfm.com.br\\\/afogadosfm\\\/2025\\\/07\\\/30\\\/de-olho-em-2026-joao-campos-se-aproxima-de-um-dos-principais-aliados-de-raquel-lyra\\\/\"},\"author\":{\"name\":\"afogadosfm\",\"@id\":\"https:\\\/\\\/afogadosfm.com.br\\\/afogadosfm\\\/#\\\/schema\\\/person\\\/60e56f2cf5dc960fc093fe093d9e9057\"},\"headline\":\"De olho em 2026, Jo\u00e3o Campos se aproxima de um dos principais aliados de Raquel Lyra\",\"datePublished\":\"2025-07-30T08:53:18+00:00\",\"dateModified\":\"2025-07-30T08:53:19+00:00\",\"mainEntityOfPage\":{\"@id\":\"https:\\\/\\\/afogadosfm.com.br\\\/afogadosfm\\\/2025\\\/07\\\/30\\\/de-olho-em-2026-joao-campos-se-aproxima-de-um-dos-principais-aliados-de-raquel-lyra\\\/\"},\"wordCount\":381,\"commentCount\":0,\"publisher\":{\"@id\":\"https:\\\/\\\/afogadosfm.com.br\\\/afogadosfm\\\/#organization\"},\"image\":{\"@id\":\"https:\\\/\\\/afogadosfm.com.br\\\/afogadosfm\\\/2025\\\/07\\\/30\\\/de-olho-em-2026-joao-campos-se-aproxima-de-um-dos-principais-aliados-de-raquel-lyra\\\/#primaryimage\"},\"thumbnailUrl\":\"https:\\\/\\\/i0.wp.com\\\/afogadosfm.com.br\\\/afogadosfm\\\/wp-content\\\/uploads\\\/2024\\\/07\\\/urnas.jpg?fit=768%2C512&ssl=1\",\"articleSection\":[\"Pol\u00edtica\"],\"inLanguage\":\"pt-BR\",\"potentialAction\":[{\"@type\":\"CommentAction\",\"name\":\"Comment\",\"target\":[\"https:\\\/\\\/afogadosfm.com.br\\\/afogadosfm\\\/2025\\\/07\\\/30\\\/de-olho-em-2026-joao-campos-se-aproxima-de-um-dos-principais-aliados-de-raquel-lyra\\\/#respond\"]}]},{\"@type\":\"WebPage\",\"@id\":\"https:\\\/\\\/afogadosfm.com.br\\\/afogadosfm\\\/2025\\\/07\\\/30\\\/de-olho-em-2026-joao-campos-se-aproxima-de-um-dos-principais-aliados-de-raquel-lyra\\\/\",\"url\":\"https:\\\/\\\/afogadosfm.com.br\\\/afogadosfm\\\/2025\\\/07\\\/30\\\/de-olho-em-2026-joao-campos-se-aproxima-de-um-dos-principais-aliados-de-raquel-lyra\\\/\",\"name\":\"De olho em 2026, Jo\u00e3o Campos se aproxima de um dos principais aliados de Raquel Lyra - Afogados FM\",\"isPartOf\":{\"@id\":\"https:\\\/\\\/afogadosfm.com.br\\\/afogadosfm\\\/#website\"},\"primaryImageOfPage\":{\"@id\":\"https:\\\/\\\/afogadosfm.com.br\\\/afogadosfm\\\/2025\\\/07\\\/30\\\/de-olho-em-2026-joao-campos-se-aproxima-de-um-dos-principais-aliados-de-raquel-lyra\\\/#primaryimage\"},\"image\":{\"@id\":\"https:\\\/\\\/afogadosfm.com.br\\\/afogadosfm\\\/2025\\\/07\\\/30\\\/de-olho-em-2026-joao-campos-se-aproxima-de-um-dos-principais-aliados-de-raquel-lyra\\\/#primaryimage\"},\"thumbnailUrl\":\"https:\\\/\\\/i0.wp.com\\\/afogadosfm.com.br\\\/afogadosfm\\\/wp-content\\\/uploads\\\/2024\\\/07\\\/urnas.jpg?fit=768%2C512&ssl=1\",\"datePublished\":\"2025-07-30T08:53:18+00:00\",\"dateModified\":\"2025-07-30T08:53:19+00:00\",\"breadcrumb\":{\"@id\":\"https:\\\/\\\/afogadosfm.com.br\\\/afogadosfm\\\/2025\\\/07\\\/30\\\/de-olho-em-2026-joao-campos-se-aproxima-de-um-dos-principais-aliados-de-raquel-lyra\\\/#breadcrumb\"},\"inLanguage\":\"pt-BR\",\"potentialAction\":[{\"@type\":\"ReadAction\",\"target\":[\"https:\\\/\\\/afogadosfm.com.br\\\/afogadosfm\\\/2025\\\/07\\\/30\\\/de-olho-em-2026-joao-campos-se-aproxima-de-um-dos-principais-aliados-de-raquel-lyra\\\/\"]}]},{\"@type\":\"ImageObject\",\"inLanguage\":\"pt-BR\",\"@id\":\"https:\\\/\\\/afogadosfm.com.br\\\/afogadosfm\\\/2025\\\/07\\\/30\\\/de-olho-em-2026-joao-campos-se-aproxima-de-um-dos-principais-aliados-de-raquel-lyra\\\/#primaryimage\",\"url\":\"https:\\\/\\\/i0.wp.com\\\/afogadosfm.com.br\\\/afogadosfm\\\/wp-content\\\/uploads\\\/2024\\\/07\\\/urnas.jpg?fit=768%2C512&ssl=1\",\"contentUrl\":\"https:\\\/\\\/i0.wp.com\\\/afogadosfm.com.br\\\/afogadosfm\\\/wp-content\\\/uploads\\\/2024\\\/07\\\/urnas.jpg?fit=768%2C512&ssl=1\",\"width\":768,\"height\":512},{\"@type\":\"BreadcrumbList\",\"@id\":\"https:\\\/\\\/afogadosfm.com.br\\\/afogadosfm\\\/2025\\\/07\\\/30\\\/de-olho-em-2026-joao-campos-se-aproxima-de-um-dos-principais-aliados-de-raquel-lyra\\\/#breadcrumb\",\"itemListElement\":[{\"@type\":\"ListItem\",\"position\":1,\"name\":\"In\u00edcio\",\"item\":\"https:\\\/\\\/afogadosfm.com.br\\\/afogadosfm\\\/\"},{\"@type\":\"ListItem\",\"position\":2,\"name\":\"De olho em 2026, Jo\u00e3o Campos se aproxima de um dos principais aliados de Raquel Lyra\"}]},{\"@type\":\"WebSite\",\"@id\":\"https:\\\/\\\/afogadosfm.com.br\\\/afogadosfm\\\/#website\",\"url\":\"https:\\\/\\\/afogadosfm.com.br\\\/afogadosfm\\\/\",\"name\":\"Afogados FM\",\"description\":\"Um site completo!\",\"publisher\":{\"@id\":\"https:\\\/\\\/afogadosfm.com.br\\\/afogadosfm\\\/#organization\"},\"potentialAction\":[{\"@type\":\"SearchAction\",\"target\":{\"@type\":\"EntryPoint\",\"urlTemplate\":\"https:\\\/\\\/afogadosfm.com.br\\\/afogadosfm\\\/?s={search_term_string}\"},\"query-input\":{\"@type\":\"PropertyValueSpecification\",\"valueRequired\":true,\"valueName\":\"search_term_string\"}}],\"inLanguage\":\"pt-BR\"},{\"@type\":\"Organization\",\"@id\":\"https:\\\/\\\/afogadosfm.com.br\\\/afogadosfm\\\/#organization\",\"name\":\"Afogados FM\",\"url\":\"https:\\\/\\\/afogadosfm.com.br\\\/afogadosfm\\\/\",\"logo\":{\"@type\":\"ImageObject\",\"inLanguage\":\"pt-BR\",\"@id\":\"https:\\\/\\\/afogadosfm.com.br\\\/afogadosfm\\\/#\\\/schema\\\/logo\\\/image\\\/\",\"url\":\"https:\\\/\\\/i0.wp.com\\\/afogadosfm.com.br\\\/afogadosfm\\\/wp-content\\\/uploads\\\/2020\\\/06\\\/cropped-banner-afogados-4.jpg?fit=369%2C137&ssl=1\",\"contentUrl\":\"https:\\\/\\\/i0.wp.com\\\/afogadosfm.com.br\\\/afogadosfm\\\/wp-content\\\/uploads\\\/2020\\\/06\\\/cropped-banner-afogados-4.jpg?fit=369%2C137&ssl=1\",\"width\":369,\"height\":137,\"caption\":\"Afogados FM\"},\"image\":{\"@id\":\"https:\\\/\\\/afogadosfm.com.br\\\/afogadosfm\\\/#\\\/schema\\\/logo\\\/image\\\/\"}},{\"@type\":\"Person\",\"@id\":\"https:\\\/\\\/afogadosfm.com.br\\\/afogadosfm\\\/#\\\/schema\\\/person\\\/60e56f2cf5dc960fc093fe093d9e9057\",\"name\":\"afogadosfm\",\"image\":{\"@type\":\"ImageObject\",\"inLanguage\":\"pt-BR\",\"@id\":\"https:\\\/\\\/secure.gravatar.com\\\/avatar\\\/e0359add7ed5dc3560906d861b52c6a8cf5c1e199d3a7dd85070998f49bd4701?s=96&d=mm&r=g\",\"url\":\"https:\\\/\\\/secure.gravatar.com\\\/avatar\\\/e0359add7ed5dc3560906d861b52c6a8cf5c1e199d3a7dd85070998f49bd4701?s=96&d=mm&r=g\",\"contentUrl\":\"https:\\\/\\\/secure.gravatar.com\\\/avatar\\\/e0359add7ed5dc3560906d861b52c6a8cf5c1e199d3a7dd85070998f49bd4701?s=96&d=mm&r=g\",\"caption\":\"afogadosfm\"},\"url\":\"https:\\\/\\\/afogadosfm.com.br\\\/afogadosfm\\\/author\\\/afogadosfm\\\/\"}]}<\/script>\n<!-- \/ Yoast SEO plugin. -->","yoast_head_json":{"title":"De olho em 2026, Jo\u00e3o Campos se aproxima de um dos principais aliados de Raquel Lyra - Afogados FM","robots":{"index":"index","follow":"follow","max-snippet":"max-snippet:-1","max-image-preview":"max-image-preview:large","max-video-preview":"max-video-preview:-1"},"canonical":"https:\/\/afogadosfm.com.br\/afogadosfm\/2025\/07\/30\/de-olho-em-2026-joao-campos-se-aproxima-de-um-dos-principais-aliados-de-raquel-lyra\/","og_locale":"pt_BR","og_type":"article","og_title":"De olho em 2026, Jo\u00e3o Campos se aproxima de um dos principais aliados de Raquel Lyra - Afogados FM","og_description":"O prefeito do Recife, Jo\u00e3o Campos (PSB), tem tentado uma aproxima\u00e7\u00e3o com um dos aliados mais fortes da governadora Raquel","og_url":"https:\/\/afogadosfm.com.br\/afogadosfm\/2025\/07\/30\/de-olho-em-2026-joao-campos-se-aproxima-de-um-dos-principais-aliados-de-raquel-lyra\/","og_site_name":"Afogados FM","article_published_time":"2025-07-30T08:53:18+00:00","article_modified_time":"2025-07-30T08:53:19+00:00","og_image":[{"width":768,"height":512,"url":"https:\/\/afogadosfm.com.br\/afogadosfm\/wp-content\/uploads\/2024\/07\/urnas.jpg","type":"image\/jpeg"}],"author":"afogadosfm","twitter_card":"summary_large_image","twitter_misc":{"Escrito por":"afogadosfm","Est. tempo de leitura":"3 minutos"},"schema":{"@context":"https:\/\/schema.org","@graph":[{"@type":"Article","@id":"https:\/\/afogadosfm.com.br\/afogadosfm\/2025\/07\/30\/de-olho-em-2026-joao-campos-se-aproxima-de-um-dos-principais-aliados-de-raquel-lyra\/#article","isPartOf":{"@id":"https:\/\/afogadosfm.com.br\/afogadosfm\/2025\/07\/30\/de-olho-em-2026-joao-campos-se-aproxima-de-um-dos-principais-aliados-de-raquel-lyra\/"},"author":{"name":"afogadosfm","@id":"https:\/\/afogadosfm.com.br\/afogadosfm\/#\/schema\/person\/60e56f2cf5dc960fc093fe093d9e9057"},"headline":"De olho em 2026, Jo\u00e3o Campos se aproxima de um dos principais aliados de Raquel Lyra","datePublished":"2025-07-30T08:53:18+00:00","dateModified":"2025-07-30T08:53:19+00:00","mainEntityOfPage":{"@id":"https:\/\/afogadosfm.com.br\/afogadosfm\/2025\/07\/30\/de-olho-em-2026-joao-campos-se-aproxima-de-um-dos-principais-aliados-de-raquel-lyra\/"},"wordCount":381,"commentCount":0,"publisher":{"@id":"https:\/\/afogadosfm.com.br\/afogadosfm\/#organization"},"image":{"@id":"https:\/\/afogadosfm.com.br\/afogadosfm\/2025\/07\/30\/de-olho-em-2026-joao-campos-se-aproxima-de-um-dos-principais-aliados-de-raquel-lyra\/#primaryimage"},"thumbnailUrl":"https:\/\/i0.wp.com\/afogadosfm.com.br\/afogadosfm\/wp-content\/uploads\/2024\/07\/urnas.jpg?fit=768%2C512&ssl=1","articleSection":["Pol\u00edtica"],"inLanguage":"pt-BR","potentialAction":[{"@type":"CommentAction","name":"Comment","target":["https:\/\/afogadosfm.com.br\/afogadosfm\/2025\/07\/30\/de-olho-em-2026-joao-campos-se-aproxima-de-um-dos-principais-aliados-de-raquel-lyra\/#respond"]}]},{"@type":"WebPage","@id":"https:\/\/afogadosfm.com.br\/afogadosfm\/2025\/07\/30\/de-olho-em-2026-joao-campos-se-aproxima-de-um-dos-principais-aliados-de-raquel-lyra\/","url":"https:\/\/afogadosfm.com.br\/afogadosfm\/2025\/07\/30\/de-olho-em-2026-joao-campos-se-aproxima-de-um-dos-principais-aliados-de-raquel-lyra\/","name":"De olho em 2026, Jo\u00e3o Campos se aproxima de um dos principais aliados de Raquel Lyra - Afogados FM","isPartOf":{"@id":"https:\/\/afogadosfm.com.br\/afogadosfm\/#website"},"primaryImageOfPage":{"@id":"https:\/\/afogadosfm.com.br\/afogadosfm\/2025\/07\/30\/de-olho-em-2026-joao-campos-se-aproxima-de-um-dos-principais-aliados-de-raquel-lyra\/#primaryimage"},"image":{"@id":"https:\/\/afogadosfm.com.br\/afogadosfm\/2025\/07\/30\/de-olho-em-2026-joao-campos-se-aproxima-de-um-dos-principais-aliados-de-raquel-lyra\/#primaryimage"},"thumbnailUrl":"https:\/\/i0.wp.com\/afogadosfm.com.br\/afogadosfm\/wp-content\/uploads\/2024\/07\/urnas.jpg?fit=768%2C512&ssl=1","datePublished":"2025-07-30T08:53:18+00:00","dateModified":"2025-07-30T08:53:19+00:00","breadcrumb":{"@id":"https:\/\/afogadosfm.com.br\/afogadosfm\/2025\/07\/30\/de-olho-em-2026-joao-campos-se-aproxima-de-um-dos-principais-aliados-de-raquel-lyra\/#breadcrumb"},"inLanguage":"pt-BR","potentialAction":[{"@type":"ReadAction","target":["https:\/\/afogadosfm.com.br\/afogadosfm\/2025\/07\/30\/de-olho-em-2026-joao-campos-se-aproxima-de-um-dos-principais-aliados-de-raquel-lyra\/"]}]},{"@type":"ImageObject","inLanguage":"pt-BR","@id":"https:\/\/afogadosfm.com.br\/afogadosfm\/2025\/07\/30\/de-olho-em-2026-joao-campos-se-aproxima-de-um-dos-principais-aliados-de-raquel-lyra\/#primaryimage","url":"https:\/\/i0.wp.com\/afogadosfm.com.br\/afogadosfm\/wp-content\/uploads\/2024\/07\/urnas.jpg?fit=768%2C512&ssl=1","contentUrl":"https:\/\/i0.wp.com\/afogadosfm.com.br\/afogadosfm\/wp-content\/uploads\/2024\/07\/urnas.jpg?fit=768%2C512&ssl=1","width":768,"height":512},{"@type":"BreadcrumbList","@id":"https:\/\/afogadosfm.com.br\/afogadosfm\/2025\/07\/30\/de-olho-em-2026-joao-campos-se-aproxima-de-um-dos-principais-aliados-de-raquel-lyra\/#breadcrumb","itemListElement":[{"@type":"ListItem","position":1,"name":"In\u00edcio","item":"https:\/\/afogadosfm.com.br\/afogadosfm\/"},{"@type":"ListItem","position":2,"name":"De olho em 2026, Jo\u00e3o Campos se aproxima de um dos principais aliados de Raquel Lyra"}]},{"@type":"WebSite","@id":"https:\/\/afogadosfm.com.br\/afogadosfm\/#website","url":"https:\/\/afogadosfm.com.br\/afogadosfm\/","name":"Afogados FM","description":"Um site completo!","publisher":{"@id":"https:\/\/afogadosfm.com.br\/afogadosfm\/#organization"},"potentialAction":[{"@type":"SearchAction","target":{"@type":"EntryPoint","urlTemplate":"https:\/\/afogadosfm.com.br\/afogadosfm\/?s={search_term_string}"},"query-input":{"@type":"PropertyValueSpecification","valueRequired":true,"valueName":"search_term_string"}}],"inLanguage":"pt-BR"},{"@type":"Organization","@id":"https:\/\/afogadosfm.com.br\/afogadosfm\/#organization","name":"Afogados FM","url":"https:\/\/afogadosfm.com.br\/afogadosfm\/","logo":{"@type":"ImageObject","inLanguage":"pt-BR","@id":"https:\/\/afogadosfm.com.br\/afogadosfm\/#\/schema\/logo\/image\/","url":"https:\/\/i0.wp.com\/afogadosfm.com.br\/afogadosfm\/wp-content\/uploads\/2020\/06\/cropped-banner-afogados-4.jpg?fit=369%2C137&ssl=1","contentUrl":"https:\/\/i0.wp.com\/afogadosfm.com.br\/afogadosfm\/wp-content\/uploads\/2020\/06\/cropped-banner-afogados-4.jpg?fit=369%2C137&ssl=1","width":369,"height":137,"caption":"Afogados FM"},"image":{"@id":"https:\/\/afogadosfm.com.br\/afogadosfm\/#\/schema\/logo\/image\/"}},{"@type":"Person","@id":"https:\/\/afogadosfm.com.br\/afogadosfm\/#\/schema\/person\/60e56f2cf5dc960fc093fe093d9e9057","name":"afogadosfm","image":{"@type":"ImageObject","inLanguage":"pt-BR","@id":"https:\/\/secure.gravatar.com\/avatar\/e0359add7ed5dc3560906d861b52c6a8cf5c1e199d3a7dd85070998f49bd4701?s=96&d=mm&r=g","url":"https:\/\/secure.gravatar.com\/avatar\/e0359add7ed5dc3560906d861b52c6a8cf5c1e199d3a7dd85070998f49bd4701?s=96&d=mm&r=g","contentUrl":"https:\/\/secure.gravatar.com\/avatar\/e0359add7ed5dc3560906d861b52c6a8cf5c1e199d3a7dd85070998f49bd4701?s=96&d=mm&r=g","caption":"afogadosfm"},"url":"https:\/\/afogadosfm.com.br\/afogadosfm\/author\/afogadosfm\/"}]}},"jetpack_publicize_connections":[],"jetpack_featured_media_url":"https:\/\/i0.wp.com\/afogadosfm.com.br\/afogadosfm\/wp-content\/uploads\/2024\/07\/urnas.jpg?fit=768%2C512&ssl=1","jetpack-related-posts":[],"jetpack_sharing_enabled":true,"jetpack_likes_enabled":true,"_links":{"self":[{"href":"https:\/\/afogadosfm.com.br\/afogadosfm\/wp-json\/wp\/v2\/posts\/67802","targetHints":{"allow":["GET"]}}],"collection":[{"href":"https:\/\/afogadosfm.com.br\/afogadosfm\/wp-json\/wp\/v2\/posts"}],"about":[{"href":"https:\/\/afogadosfm.com.br\/afogadosfm\/wp-json\/wp\/v2\/types\/post"}],"author":[{"embeddable":true,"href":"https:\/\/afogadosfm.com.br\/afogadosfm\/wp-json\/wp\/v2\/users\/2"}],"replies":[{"embeddable":true,"href":"https:\/\/afogadosfm.com.br\/afogadosfm\/wp-json\/wp\/v2\/comments?post=67802"}],"version-history":[{"count":1,"href":"https:\/\/afogadosfm.com.br\/afogadosfm\/wp-json\/wp\/v2\/posts\/67802\/revisions"}],"predecessor-version":[{"id":67803,"href":"https:\/\/afogadosfm.com.br\/afogadosfm\/wp-json\/wp\/v2\/posts\/67802\/revisions\/67803"}],"wp:featuredmedia":[{"embeddable":true,"href":"https:\/\/afogadosfm.com.br\/afogadosfm\/wp-json\/wp\/v2\/media\/58019"}],"wp:attachment":[{"href":"https:\/\/afogadosfm.com.br\/afogadosfm\/wp-json\/wp\/v2\/media?parent=67802"}],"wp:term":[{"taxonomy":"category","embeddable":true,"href":"https:\/\/afogadosfm.com.br\/afogadosfm\/wp-json\/wp\/v2\/categories?post=67802"},{"taxonomy":"post_tag","embeddable":true,"href":"https:\/\/afogadosfm.com.br\/afogadosfm\/wp-json\/wp\/v2\/tags?post=67802"}],"curies":[{"name":"wp","href":"https:\/\/api.w.org\/{rel}","templated":true}]}}