{"id":67807,"date":"2025-07-30T05:55:56","date_gmt":"2025-07-30T08:55:56","guid":{"rendered":"https:\/\/afogadosfm.com.br\/afogadosfm\/?p=67807"},"modified":"2025-07-30T06:20:10","modified_gmt":"2025-07-30T09:20:10","slug":"prefeitura-de-afogados-da-ingazeira-iniciou-curso-de-mecanica-de-motocicleta","status":"publish","type":"post","link":"https:\/\/afogadosfm.com.br\/afogadosfm\/2025\/07\/30\/prefeitura-de-afogados-da-ingazeira-iniciou-curso-de-mecanica-de-motocicleta\/","title":{"rendered":"Prefeitura de Afogados da Ingazeira iniciou curso de mec\u00e2nica de motocicleta"},"content":{"rendered":"\n<p>Iniciando a programa\u00e7\u00e3o de cursos gratuitos de qualifica\u00e7\u00e3o profissional para este semestre, a Prefeitura de Afogados da Ingazeira iniciou na segunda (28), as aulas de duas turmas do curso de mec\u00e2nica de motocicletas.\u00a0<\/p>\n\n\n\n<p>\u201cEssa iniciativa faz parte do processo de descentraliza\u00e7\u00e3o do nosso programa de qualifica\u00e7\u00e3o CAPACITA + AFOGADOS, levando cursos de qualifica\u00e7\u00e3o para p\u00fablicos espec\u00edficos, como as mulheres e os moradores da zona rural. A qualifica\u00e7\u00e3o fortalece o empreendedorismo, gerando oportunidades, emprego e renda, impulsionando o crescimento de Afogados,\u201d destacou Ney Quidute, secret\u00e1rio de administra\u00e7\u00e3o e desenvolvimento econ\u00f4mico de Afogados.&nbsp;<\/p>\n\n\n\n<p>Durante esse semestre, ser\u00e3o realizados 14 diferentes cursos, em parcerias com diversas institui\u00e7\u00f5es integrantes do sistema S.<\/p>\n\n\n\n<figure class=\"wp-block-image\"><a href=\"https:\/\/i0.wp.com\/blogger.googleusercontent.com\/img\/b\/R29vZ2xl\/AVvXsEjXa1dJsDJcn14-GedhIhYS4RTNYDkpiKiEu2fWZBGu1I2UWgFE4QNGGTnPLDELJO4bDWCTyB9xriSUYQoad_eUyliyMWClFsMqkZsVy-P1GTKKSyT6XmkZIaPegGKNYw3nhm7ioCuD50MHJL0fi2x4nuaienhu-59xV39-nHqodpDZyEyXijXulT9orP7H\/s1600\/23f22723-597c-4a9f-8074-065620baca35.jpeg?ssl=1\"><img data-recalc-dims=\"1\" decoding=\"async\" src=\"https:\/\/i0.wp.com\/blogger.googleusercontent.com\/img\/b\/R29vZ2xl\/AVvXsEjXa1dJsDJcn14-GedhIhYS4RTNYDkpiKiEu2fWZBGu1I2UWgFE4QNGGTnPLDELJO4bDWCTyB9xriSUYQoad_eUyliyMWClFsMqkZsVy-P1GTKKSyT6XmkZIaPegGKNYw3nhm7ioCuD50MHJL0fi2x4nuaienhu-59xV39-nHqodpDZyEyXijXulT9orP7H\/w400-h266\/23f22723-597c-4a9f-8074-065620baca35.jpeg?w=840&#038;ssl=1\" alt=\"\"\/><\/a><\/figure>\n\n\n\n<figure class=\"wp-block-image\"><a href=\"https:\/\/i0.wp.com\/blogger.googleusercontent.com\/img\/b\/R29vZ2xl\/AVvXsEiDzV0QEEbepc7xsFBHeMYdCYQxZY5mNAlaQk4fEbFvjsdZvfPdowtJdVaw5cb3Zuv4W4iuVMNJpOMUpTqtApt63qy4GWiWE03BRBfYfyyFz8-9gR0Zpp95nMhWEQp9atie-dMwb5LjieOxiKmKhwTjfeFz0lIsbWHk_tzRxmIiEeCe0ShWUtZyd3AKE_tM\/s1600\/7b005d5e-12bb-46ec-ac8b-b6771e103b58.jpeg?ssl=1\"><img data-recalc-dims=\"1\" decoding=\"async\" src=\"https:\/\/i0.wp.com\/blogger.googleusercontent.com\/img\/b\/R29vZ2xl\/AVvXsEiDzV0QEEbepc7xsFBHeMYdCYQxZY5mNAlaQk4fEbFvjsdZvfPdowtJdVaw5cb3Zuv4W4iuVMNJpOMUpTqtApt63qy4GWiWE03BRBfYfyyFz8-9gR0Zpp95nMhWEQp9atie-dMwb5LjieOxiKmKhwTjfeFz0lIsbWHk_tzRxmIiEeCe0ShWUtZyd3AKE_tM\/w400-h266\/7b005d5e-12bb-46ec-ac8b-b6771e103b58.jpeg?w=840&#038;ssl=1\" alt=\"\"\/><\/a><\/figure>\n","protected":false},"excerpt":{"rendered":"<p>Iniciando a programa\u00e7\u00e3o de cursos gratuitos de qualifica\u00e7\u00e3o profissional para este semestre, a Prefeitura de Afogados da Ingazeira iniciou na<\/p>\n","protected":false},"author":2,"featured_media":67808,"comment_status":"open","ping_status":"open","sticky":false,"template":"","format":"standard","meta":{"jetpack_post_was_ever_published":false,"_jetpack_newsletter_access":"","_jetpack_dont_email_post_to_subs":false,"_jetpack_newsletter_tier_id":0,"_jetpack_memberships_contains_paywalled_content":false,"_jetpack_memberships_contains_paid_content":false,"footnotes":"","jetpack_publicize_message":"","jetpack_publicize_feature_enabled":true,"jetpack_social_post_already_shared":true,"jetpack_social_options":{"image_generator_settings":{"template":"highway","default_image_id":0,"font":"","enabled":false},"version":2}},"categories":[14],"tags":[],"class_list":["post-67807","post","type-post","status-publish","format-standard","has-post-thumbnail","hentry","category-afogados-da-ingazeira"],"yoast_head":"<!-- This site is optimized with the Yoast SEO plugin v27.5 - https:\/\/yoast.com\/product\/yoast-seo-wordpress\/ -->\n<title>Prefeitura de Afogados da Ingazeira iniciou curso de mec\u00e2nica de motocicleta - Afogados FM<\/title>\n<meta name=\"robots\" content=\"index, follow, max-snippet:-1, max-image-preview:large, max-video-preview:-1\" \/>\n<link rel=\"canonical\" href=\"https:\/\/afogadosfm.com.br\/afogadosfm\/2025\/07\/30\/prefeitura-de-afogados-da-ingazeira-iniciou-curso-de-mecanica-de-motocicleta\/\" \/>\n<meta property=\"og:locale\" content=\"pt_BR\" \/>\n<meta property=\"og:type\" content=\"article\" \/>\n<meta property=\"og:title\" content=\"Prefeitura de Afogados da Ingazeira iniciou curso de mec\u00e2nica de motocicleta - Afogados FM\" \/>\n<meta property=\"og:description\" content=\"Iniciando a programa\u00e7\u00e3o de cursos gratuitos de qualifica\u00e7\u00e3o profissional para este semestre, a Prefeitura de Afogados da Ingazeira iniciou na\" \/>\n<meta property=\"og:url\" content=\"https:\/\/afogadosfm.com.br\/afogadosfm\/2025\/07\/30\/prefeitura-de-afogados-da-ingazeira-iniciou-curso-de-mecanica-de-motocicleta\/\" \/>\n<meta property=\"og:site_name\" content=\"Afogados FM\" \/>\n<meta property=\"article:published_time\" content=\"2025-07-30T08:55:56+00:00\" \/>\n<meta property=\"article:modified_time\" content=\"2025-07-30T09:20:10+00:00\" \/>\n<meta property=\"og:image\" content=\"https:\/\/afogadosfm.com.br\/afogadosfm\/wp-content\/uploads\/2025\/07\/cursomoto.jpeg\" \/>\n\t<meta property=\"og:image:width\" content=\"400\" \/>\n\t<meta property=\"og:image:height\" content=\"266\" \/>\n\t<meta property=\"og:image:type\" content=\"image\/jpeg\" \/>\n<meta name=\"author\" content=\"afogadosfm\" \/>\n<meta name=\"twitter:card\" content=\"summary_large_image\" \/>\n<meta name=\"twitter:label1\" content=\"Escrito por\" \/>\n\t<meta name=\"twitter:data1\" content=\"afogadosfm\" \/>\n\t<meta name=\"twitter:label2\" content=\"Est. tempo de leitura\" \/>\n\t<meta name=\"twitter:data2\" content=\"2 minutos\" \/>\n<script type=\"application\/ld+json\" class=\"yoast-schema-graph\">{\"@context\":\"https:\\\/\\\/schema.org\",\"@graph\":[{\"@type\":\"Article\",\"@id\":\"https:\\\/\\\/afogadosfm.com.br\\\/afogadosfm\\\/2025\\\/07\\\/30\\\/prefeitura-de-afogados-da-ingazeira-iniciou-curso-de-mecanica-de-motocicleta\\\/#article\",\"isPartOf\":{\"@id\":\"https:\\\/\\\/afogadosfm.com.br\\\/afogadosfm\\\/2025\\\/07\\\/30\\\/prefeitura-de-afogados-da-ingazeira-iniciou-curso-de-mecanica-de-motocicleta\\\/\"},\"author\":{\"name\":\"afogadosfm\",\"@id\":\"https:\\\/\\\/afogadosfm.com.br\\\/afogadosfm\\\/#\\\/schema\\\/person\\\/60e56f2cf5dc960fc093fe093d9e9057\"},\"headline\":\"Prefeitura de Afogados da Ingazeira iniciou curso de mec\u00e2nica de motocicleta\",\"datePublished\":\"2025-07-30T08:55:56+00:00\",\"dateModified\":\"2025-07-30T09:20:10+00:00\",\"mainEntityOfPage\":{\"@id\":\"https:\\\/\\\/afogadosfm.com.br\\\/afogadosfm\\\/2025\\\/07\\\/30\\\/prefeitura-de-afogados-da-ingazeira-iniciou-curso-de-mecanica-de-motocicleta\\\/\"},\"wordCount\":132,\"commentCount\":0,\"publisher\":{\"@id\":\"https:\\\/\\\/afogadosfm.com.br\\\/afogadosfm\\\/#organization\"},\"image\":{\"@id\":\"https:\\\/\\\/afogadosfm.com.br\\\/afogadosfm\\\/2025\\\/07\\\/30\\\/prefeitura-de-afogados-da-ingazeira-iniciou-curso-de-mecanica-de-motocicleta\\\/#primaryimage\"},\"thumbnailUrl\":\"https:\\\/\\\/i0.wp.com\\\/afogadosfm.com.br\\\/afogadosfm\\\/wp-content\\\/uploads\\\/2025\\\/07\\\/cursomoto.jpeg?fit=400%2C266&ssl=1\",\"articleSection\":[\"Afogados da Ingazeira\"],\"inLanguage\":\"pt-BR\",\"potentialAction\":[{\"@type\":\"CommentAction\",\"name\":\"Comment\",\"target\":[\"https:\\\/\\\/afogadosfm.com.br\\\/afogadosfm\\\/2025\\\/07\\\/30\\\/prefeitura-de-afogados-da-ingazeira-iniciou-curso-de-mecanica-de-motocicleta\\\/#respond\"]}]},{\"@type\":\"WebPage\",\"@id\":\"https:\\\/\\\/afogadosfm.com.br\\\/afogadosfm\\\/2025\\\/07\\\/30\\\/prefeitura-de-afogados-da-ingazeira-iniciou-curso-de-mecanica-de-motocicleta\\\/\",\"url\":\"https:\\\/\\\/afogadosfm.com.br\\\/afogadosfm\\\/2025\\\/07\\\/30\\\/prefeitura-de-afogados-da-ingazeira-iniciou-curso-de-mecanica-de-motocicleta\\\/\",\"name\":\"Prefeitura de Afogados da Ingazeira iniciou curso de mec\u00e2nica de motocicleta - Afogados FM\",\"isPartOf\":{\"@id\":\"https:\\\/\\\/afogadosfm.com.br\\\/afogadosfm\\\/#website\"},\"primaryImageOfPage\":{\"@id\":\"https:\\\/\\\/afogadosfm.com.br\\\/afogadosfm\\\/2025\\\/07\\\/30\\\/prefeitura-de-afogados-da-ingazeira-iniciou-curso-de-mecanica-de-motocicleta\\\/#primaryimage\"},\"image\":{\"@id\":\"https:\\\/\\\/afogadosfm.com.br\\\/afogadosfm\\\/2025\\\/07\\\/30\\\/prefeitura-de-afogados-da-ingazeira-iniciou-curso-de-mecanica-de-motocicleta\\\/#primaryimage\"},\"thumbnailUrl\":\"https:\\\/\\\/i0.wp.com\\\/afogadosfm.com.br\\\/afogadosfm\\\/wp-content\\\/uploads\\\/2025\\\/07\\\/cursomoto.jpeg?fit=400%2C266&ssl=1\",\"datePublished\":\"2025-07-30T08:55:56+00:00\",\"dateModified\":\"2025-07-30T09:20:10+00:00\",\"breadcrumb\":{\"@id\":\"https:\\\/\\\/afogadosfm.com.br\\\/afogadosfm\\\/2025\\\/07\\\/30\\\/prefeitura-de-afogados-da-ingazeira-iniciou-curso-de-mecanica-de-motocicleta\\\/#breadcrumb\"},\"inLanguage\":\"pt-BR\",\"potentialAction\":[{\"@type\":\"ReadAction\",\"target\":[\"https:\\\/\\\/afogadosfm.com.br\\\/afogadosfm\\\/2025\\\/07\\\/30\\\/prefeitura-de-afogados-da-ingazeira-iniciou-curso-de-mecanica-de-motocicleta\\\/\"]}]},{\"@type\":\"ImageObject\",\"inLanguage\":\"pt-BR\",\"@id\":\"https:\\\/\\\/afogadosfm.com.br\\\/afogadosfm\\\/2025\\\/07\\\/30\\\/prefeitura-de-afogados-da-ingazeira-iniciou-curso-de-mecanica-de-motocicleta\\\/#primaryimage\",\"url\":\"https:\\\/\\\/i0.wp.com\\\/afogadosfm.com.br\\\/afogadosfm\\\/wp-content\\\/uploads\\\/2025\\\/07\\\/cursomoto.jpeg?fit=400%2C266&ssl=1\",\"contentUrl\":\"https:\\\/\\\/i0.wp.com\\\/afogadosfm.com.br\\\/afogadosfm\\\/wp-content\\\/uploads\\\/2025\\\/07\\\/cursomoto.jpeg?fit=400%2C266&ssl=1\",\"width\":400,\"height\":266},{\"@type\":\"BreadcrumbList\",\"@id\":\"https:\\\/\\\/afogadosfm.com.br\\\/afogadosfm\\\/2025\\\/07\\\/30\\\/prefeitura-de-afogados-da-ingazeira-iniciou-curso-de-mecanica-de-motocicleta\\\/#breadcrumb\",\"itemListElement\":[{\"@type\":\"ListItem\",\"position\":1,\"name\":\"In\u00edcio\",\"item\":\"https:\\\/\\\/afogadosfm.com.br\\\/afogadosfm\\\/\"},{\"@type\":\"ListItem\",\"position\":2,\"name\":\"Prefeitura de Afogados da Ingazeira iniciou curso de mec\u00e2nica de motocicleta\"}]},{\"@type\":\"WebSite\",\"@id\":\"https:\\\/\\\/afogadosfm.com.br\\\/afogadosfm\\\/#website\",\"url\":\"https:\\\/\\\/afogadosfm.com.br\\\/afogadosfm\\\/\",\"name\":\"Afogados FM\",\"description\":\"Um site completo!\",\"publisher\":{\"@id\":\"https:\\\/\\\/afogadosfm.com.br\\\/afogadosfm\\\/#organization\"},\"potentialAction\":[{\"@type\":\"SearchAction\",\"target\":{\"@type\":\"EntryPoint\",\"urlTemplate\":\"https:\\\/\\\/afogadosfm.com.br\\\/afogadosfm\\\/?s={search_term_string}\"},\"query-input\":{\"@type\":\"PropertyValueSpecification\",\"valueRequired\":true,\"valueName\":\"search_term_string\"}}],\"inLanguage\":\"pt-BR\"},{\"@type\":\"Organization\",\"@id\":\"https:\\\/\\\/afogadosfm.com.br\\\/afogadosfm\\\/#organization\",\"name\":\"Afogados FM\",\"url\":\"https:\\\/\\\/afogadosfm.com.br\\\/afogadosfm\\\/\",\"logo\":{\"@type\":\"ImageObject\",\"inLanguage\":\"pt-BR\",\"@id\":\"https:\\\/\\\/afogadosfm.com.br\\\/afogadosfm\\\/#\\\/schema\\\/logo\\\/image\\\/\",\"url\":\"https:\\\/\\\/i0.wp.com\\\/afogadosfm.com.br\\\/afogadosfm\\\/wp-content\\\/uploads\\\/2020\\\/06\\\/cropped-banner-afogados-4.jpg?fit=369%2C137&ssl=1\",\"contentUrl\":\"https:\\\/\\\/i0.wp.com\\\/afogadosfm.com.br\\\/afogadosfm\\\/wp-content\\\/uploads\\\/2020\\\/06\\\/cropped-banner-afogados-4.jpg?fit=369%2C137&ssl=1\",\"width\":369,\"height\":137,\"caption\":\"Afogados FM\"},\"image\":{\"@id\":\"https:\\\/\\\/afogadosfm.com.br\\\/afogadosfm\\\/#\\\/schema\\\/logo\\\/image\\\/\"}},{\"@type\":\"Person\",\"@id\":\"https:\\\/\\\/afogadosfm.com.br\\\/afogadosfm\\\/#\\\/schema\\\/person\\\/60e56f2cf5dc960fc093fe093d9e9057\",\"name\":\"afogadosfm\",\"image\":{\"@type\":\"ImageObject\",\"inLanguage\":\"pt-BR\",\"@id\":\"https:\\\/\\\/secure.gravatar.com\\\/avatar\\\/e0359add7ed5dc3560906d861b52c6a8cf5c1e199d3a7dd85070998f49bd4701?s=96&d=mm&r=g\",\"url\":\"https:\\\/\\\/secure.gravatar.com\\\/avatar\\\/e0359add7ed5dc3560906d861b52c6a8cf5c1e199d3a7dd85070998f49bd4701?s=96&d=mm&r=g\",\"contentUrl\":\"https:\\\/\\\/secure.gravatar.com\\\/avatar\\\/e0359add7ed5dc3560906d861b52c6a8cf5c1e199d3a7dd85070998f49bd4701?s=96&d=mm&r=g\",\"caption\":\"afogadosfm\"},\"url\":\"https:\\\/\\\/afogadosfm.com.br\\\/afogadosfm\\\/author\\\/afogadosfm\\\/\"}]}<\/script>\n<!-- \/ Yoast SEO plugin. -->","yoast_head_json":{"title":"Prefeitura de Afogados da Ingazeira iniciou curso de mec\u00e2nica de motocicleta - Afogados FM","robots":{"index":"index","follow":"follow","max-snippet":"max-snippet:-1","max-image-preview":"max-image-preview:large","max-video-preview":"max-video-preview:-1"},"canonical":"https:\/\/afogadosfm.com.br\/afogadosfm\/2025\/07\/30\/prefeitura-de-afogados-da-ingazeira-iniciou-curso-de-mecanica-de-motocicleta\/","og_locale":"pt_BR","og_type":"article","og_title":"Prefeitura de Afogados da Ingazeira iniciou curso de mec\u00e2nica de motocicleta - Afogados FM","og_description":"Iniciando a programa\u00e7\u00e3o de cursos gratuitos de qualifica\u00e7\u00e3o profissional para este semestre, a Prefeitura de Afogados da Ingazeira iniciou na","og_url":"https:\/\/afogadosfm.com.br\/afogadosfm\/2025\/07\/30\/prefeitura-de-afogados-da-ingazeira-iniciou-curso-de-mecanica-de-motocicleta\/","og_site_name":"Afogados FM","article_published_time":"2025-07-30T08:55:56+00:00","article_modified_time":"2025-07-30T09:20:10+00:00","og_image":[{"width":400,"height":266,"url":"https:\/\/afogadosfm.com.br\/afogadosfm\/wp-content\/uploads\/2025\/07\/cursomoto.jpeg","type":"image\/jpeg"}],"author":"afogadosfm","twitter_card":"summary_large_image","twitter_misc":{"Escrito por":"afogadosfm","Est. tempo de leitura":"2 minutos"},"schema":{"@context":"https:\/\/schema.org","@graph":[{"@type":"Article","@id":"https:\/\/afogadosfm.com.br\/afogadosfm\/2025\/07\/30\/prefeitura-de-afogados-da-ingazeira-iniciou-curso-de-mecanica-de-motocicleta\/#article","isPartOf":{"@id":"https:\/\/afogadosfm.com.br\/afogadosfm\/2025\/07\/30\/prefeitura-de-afogados-da-ingazeira-iniciou-curso-de-mecanica-de-motocicleta\/"},"author":{"name":"afogadosfm","@id":"https:\/\/afogadosfm.com.br\/afogadosfm\/#\/schema\/person\/60e56f2cf5dc960fc093fe093d9e9057"},"headline":"Prefeitura de Afogados da Ingazeira iniciou curso de mec\u00e2nica de motocicleta","datePublished":"2025-07-30T08:55:56+00:00","dateModified":"2025-07-30T09:20:10+00:00","mainEntityOfPage":{"@id":"https:\/\/afogadosfm.com.br\/afogadosfm\/2025\/07\/30\/prefeitura-de-afogados-da-ingazeira-iniciou-curso-de-mecanica-de-motocicleta\/"},"wordCount":132,"commentCount":0,"publisher":{"@id":"https:\/\/afogadosfm.com.br\/afogadosfm\/#organization"},"image":{"@id":"https:\/\/afogadosfm.com.br\/afogadosfm\/2025\/07\/30\/prefeitura-de-afogados-da-ingazeira-iniciou-curso-de-mecanica-de-motocicleta\/#primaryimage"},"thumbnailUrl":"https:\/\/i0.wp.com\/afogadosfm.com.br\/afogadosfm\/wp-content\/uploads\/2025\/07\/cursomoto.jpeg?fit=400%2C266&ssl=1","articleSection":["Afogados da Ingazeira"],"inLanguage":"pt-BR","potentialAction":[{"@type":"CommentAction","name":"Comment","target":["https:\/\/afogadosfm.com.br\/afogadosfm\/2025\/07\/30\/prefeitura-de-afogados-da-ingazeira-iniciou-curso-de-mecanica-de-motocicleta\/#respond"]}]},{"@type":"WebPage","@id":"https:\/\/afogadosfm.com.br\/afogadosfm\/2025\/07\/30\/prefeitura-de-afogados-da-ingazeira-iniciou-curso-de-mecanica-de-motocicleta\/","url":"https:\/\/afogadosfm.com.br\/afogadosfm\/2025\/07\/30\/prefeitura-de-afogados-da-ingazeira-iniciou-curso-de-mecanica-de-motocicleta\/","name":"Prefeitura de Afogados da Ingazeira iniciou curso de mec\u00e2nica de motocicleta - Afogados FM","isPartOf":{"@id":"https:\/\/afogadosfm.com.br\/afogadosfm\/#website"},"primaryImageOfPage":{"@id":"https:\/\/afogadosfm.com.br\/afogadosfm\/2025\/07\/30\/prefeitura-de-afogados-da-ingazeira-iniciou-curso-de-mecanica-de-motocicleta\/#primaryimage"},"image":{"@id":"https:\/\/afogadosfm.com.br\/afogadosfm\/2025\/07\/30\/prefeitura-de-afogados-da-ingazeira-iniciou-curso-de-mecanica-de-motocicleta\/#primaryimage"},"thumbnailUrl":"https:\/\/i0.wp.com\/afogadosfm.com.br\/afogadosfm\/wp-content\/uploads\/2025\/07\/cursomoto.jpeg?fit=400%2C266&ssl=1","datePublished":"2025-07-30T08:55:56+00:00","dateModified":"2025-07-30T09:20:10+00:00","breadcrumb":{"@id":"https:\/\/afogadosfm.com.br\/afogadosfm\/2025\/07\/30\/prefeitura-de-afogados-da-ingazeira-iniciou-curso-de-mecanica-de-motocicleta\/#breadcrumb"},"inLanguage":"pt-BR","potentialAction":[{"@type":"ReadAction","target":["https:\/\/afogadosfm.com.br\/afogadosfm\/2025\/07\/30\/prefeitura-de-afogados-da-ingazeira-iniciou-curso-de-mecanica-de-motocicleta\/"]}]},{"@type":"ImageObject","inLanguage":"pt-BR","@id":"https:\/\/afogadosfm.com.br\/afogadosfm\/2025\/07\/30\/prefeitura-de-afogados-da-ingazeira-iniciou-curso-de-mecanica-de-motocicleta\/#primaryimage","url":"https:\/\/i0.wp.com\/afogadosfm.com.br\/afogadosfm\/wp-content\/uploads\/2025\/07\/cursomoto.jpeg?fit=400%2C266&ssl=1","contentUrl":"https:\/\/i0.wp.com\/afogadosfm.com.br\/afogadosfm\/wp-content\/uploads\/2025\/07\/cursomoto.jpeg?fit=400%2C266&ssl=1","width":400,"height":266},{"@type":"BreadcrumbList","@id":"https:\/\/afogadosfm.com.br\/afogadosfm\/2025\/07\/30\/prefeitura-de-afogados-da-ingazeira-iniciou-curso-de-mecanica-de-motocicleta\/#breadcrumb","itemListElement":[{"@type":"ListItem","position":1,"name":"In\u00edcio","item":"https:\/\/afogadosfm.com.br\/afogadosfm\/"},{"@type":"ListItem","position":2,"name":"Prefeitura de Afogados da Ingazeira iniciou curso de mec\u00e2nica de motocicleta"}]},{"@type":"WebSite","@id":"https:\/\/afogadosfm.com.br\/afogadosfm\/#website","url":"https:\/\/afogadosfm.com.br\/afogadosfm\/","name":"Afogados FM","description":"Um site completo!","publisher":{"@id":"https:\/\/afogadosfm.com.br\/afogadosfm\/#organization"},"potentialAction":[{"@type":"SearchAction","target":{"@type":"EntryPoint","urlTemplate":"https:\/\/afogadosfm.com.br\/afogadosfm\/?s={search_term_string}"},"query-input":{"@type":"PropertyValueSpecification","valueRequired":true,"valueName":"search_term_string"}}],"inLanguage":"pt-BR"},{"@type":"Organization","@id":"https:\/\/afogadosfm.com.br\/afogadosfm\/#organization","name":"Afogados FM","url":"https:\/\/afogadosfm.com.br\/afogadosfm\/","logo":{"@type":"ImageObject","inLanguage":"pt-BR","@id":"https:\/\/afogadosfm.com.br\/afogadosfm\/#\/schema\/logo\/image\/","url":"https:\/\/i0.wp.com\/afogadosfm.com.br\/afogadosfm\/wp-content\/uploads\/2020\/06\/cropped-banner-afogados-4.jpg?fit=369%2C137&ssl=1","contentUrl":"https:\/\/i0.wp.com\/afogadosfm.com.br\/afogadosfm\/wp-content\/uploads\/2020\/06\/cropped-banner-afogados-4.jpg?fit=369%2C137&ssl=1","width":369,"height":137,"caption":"Afogados FM"},"image":{"@id":"https:\/\/afogadosfm.com.br\/afogadosfm\/#\/schema\/logo\/image\/"}},{"@type":"Person","@id":"https:\/\/afogadosfm.com.br\/afogadosfm\/#\/schema\/person\/60e56f2cf5dc960fc093fe093d9e9057","name":"afogadosfm","image":{"@type":"ImageObject","inLanguage":"pt-BR","@id":"https:\/\/secure.gravatar.com\/avatar\/e0359add7ed5dc3560906d861b52c6a8cf5c1e199d3a7dd85070998f49bd4701?s=96&d=mm&r=g","url":"https:\/\/secure.gravatar.com\/avatar\/e0359add7ed5dc3560906d861b52c6a8cf5c1e199d3a7dd85070998f49bd4701?s=96&d=mm&r=g","contentUrl":"https:\/\/secure.gravatar.com\/avatar\/e0359add7ed5dc3560906d861b52c6a8cf5c1e199d3a7dd85070998f49bd4701?s=96&d=mm&r=g","caption":"afogadosfm"},"url":"https:\/\/afogadosfm.com.br\/afogadosfm\/author\/afogadosfm\/"}]}},"jetpack_publicize_connections":[],"jetpack_featured_media_url":"https:\/\/i0.wp.com\/afogadosfm.com.br\/afogadosfm\/wp-content\/uploads\/2025\/07\/cursomoto.jpeg?fit=400%2C266&ssl=1","jetpack-related-posts":[],"jetpack_sharing_enabled":true,"jetpack_likes_enabled":true,"_links":{"self":[{"href":"https:\/\/afogadosfm.com.br\/afogadosfm\/wp-json\/wp\/v2\/posts\/67807","targetHints":{"allow":["GET"]}}],"collection":[{"href":"https:\/\/afogadosfm.com.br\/afogadosfm\/wp-json\/wp\/v2\/posts"}],"about":[{"href":"https:\/\/afogadosfm.com.br\/afogadosfm\/wp-json\/wp\/v2\/types\/post"}],"author":[{"embeddable":true,"href":"https:\/\/afogadosfm.com.br\/afogadosfm\/wp-json\/wp\/v2\/users\/2"}],"replies":[{"embeddable":true,"href":"https:\/\/afogadosfm.com.br\/afogadosfm\/wp-json\/wp\/v2\/comments?post=67807"}],"version-history":[{"count":2,"href":"https:\/\/afogadosfm.com.br\/afogadosfm\/wp-json\/wp\/v2\/posts\/67807\/revisions"}],"predecessor-version":[{"id":67812,"href":"https:\/\/afogadosfm.com.br\/afogadosfm\/wp-json\/wp\/v2\/posts\/67807\/revisions\/67812"}],"wp:featuredmedia":[{"embeddable":true,"href":"https:\/\/afogadosfm.com.br\/afogadosfm\/wp-json\/wp\/v2\/media\/67808"}],"wp:attachment":[{"href":"https:\/\/afogadosfm.com.br\/afogadosfm\/wp-json\/wp\/v2\/media?parent=67807"}],"wp:term":[{"taxonomy":"category","embeddable":true,"href":"https:\/\/afogadosfm.com.br\/afogadosfm\/wp-json\/wp\/v2\/categories?post=67807"},{"taxonomy":"post_tag","embeddable":true,"href":"https:\/\/afogadosfm.com.br\/afogadosfm\/wp-json\/wp\/v2\/tags?post=67807"}],"curies":[{"name":"wp","href":"https:\/\/api.w.org\/{rel}","templated":true}]}}