{"id":67817,"date":"2025-07-30T07:14:31","date_gmt":"2025-07-30T10:14:31","guid":{"rendered":"https:\/\/afogadosfm.com.br\/afogadosfm\/?p=67817"},"modified":"2025-07-30T07:14:32","modified_gmt":"2025-07-30T10:14:32","slug":"afogados-homem-em-surto-ameaca-mulheres-e-criancas-no-bairro-sao-francisco","status":"publish","type":"post","link":"https:\/\/afogadosfm.com.br\/afogadosfm\/2025\/07\/30\/afogados-homem-em-surto-ameaca-mulheres-e-criancas-no-bairro-sao-francisco\/","title":{"rendered":"Afogados: Homem em surto amea\u00e7a mulheres e crian\u00e7as no bairro S\u00e3o Francisco"},"content":{"rendered":"\n<p>Segundo relatos Um homem identificado como &#8220;Marquinhos&#8221;, conhecido por enfrentar problemas mentais, est\u00e1 em surto e tem gerado medo no bairro S\u00e3o Francisco (Rua Nova), em Afogados da Ingazeira.<\/p>\n\n\n\n<p>Este blog j\u00e1 noticiou anteriormente um caso em que uma mulher foi atacada pelo mesmo indiv\u00edduo na mesma localidade. Agora, uma outra mulher relatou que tem sido amea\u00e7ada por Marquinhos. De acordo com ela, ele afirma que \u201cs\u00f3 sossega quando matar ela de uma pisa\u201d.<\/p>\n\n\n\n<p>A situa\u00e7\u00e3o tem fugido do controle. Nesta ter\u00e7a-feira, por exemplo, o marido da mulher teve que intervir e correu atr\u00e1s de Marquinhos ap\u00f3s presenciar mais uma amea\u00e7a contra sua esposa. Por pouco a mulher n\u00e3o foi atacada fisicamente, sendo protegida pela presen\u00e7a de um outro homem pr\u00f3ximo ao local.<\/p>\n\n\n\n<p>Moradores pedem provid\u00eancias urgentes das autoridades para garantir a seguran\u00e7a de todos, especialmente de mulheres e crian\u00e7as que circulam pela \u00e1rea.<\/p>\n\n\n\n<p>Do Mais Paje\u00fa<\/p>\n","protected":false},"excerpt":{"rendered":"<p>Segundo relatos Um homem identificado como &#8220;Marquinhos&#8221;, conhecido por enfrentar problemas mentais, est\u00e1 em surto e tem gerado medo no<\/p>\n","protected":false},"author":2,"featured_media":67818,"comment_status":"open","ping_status":"open","sticky":false,"template":"","format":"standard","meta":{"jetpack_post_was_ever_published":false,"_jetpack_newsletter_access":"","_jetpack_dont_email_post_to_subs":false,"_jetpack_newsletter_tier_id":0,"_jetpack_memberships_contains_paywalled_content":false,"_jetpack_memberships_contains_paid_content":false,"footnotes":"","jetpack_publicize_message":"","jetpack_publicize_feature_enabled":true,"jetpack_social_post_already_shared":true,"jetpack_social_options":{"image_generator_settings":{"template":"highway","default_image_id":0,"font":"","enabled":false},"version":2}},"categories":[14],"tags":[],"class_list":["post-67817","post","type-post","status-publish","format-standard","has-post-thumbnail","hentry","category-afogados-da-ingazeira"],"yoast_head":"<!-- This site is optimized with the Yoast SEO plugin v27.5 - https:\/\/yoast.com\/product\/yoast-seo-wordpress\/ -->\n<title>Afogados: Homem em surto amea\u00e7a mulheres e crian\u00e7as no bairro S\u00e3o Francisco - Afogados FM<\/title>\n<meta name=\"robots\" content=\"index, follow, max-snippet:-1, max-image-preview:large, max-video-preview:-1\" \/>\n<link rel=\"canonical\" href=\"https:\/\/afogadosfm.com.br\/afogadosfm\/2025\/07\/30\/afogados-homem-em-surto-ameaca-mulheres-e-criancas-no-bairro-sao-francisco\/\" \/>\n<meta property=\"og:locale\" content=\"pt_BR\" \/>\n<meta property=\"og:type\" content=\"article\" \/>\n<meta property=\"og:title\" content=\"Afogados: Homem em surto amea\u00e7a mulheres e crian\u00e7as no bairro S\u00e3o Francisco - Afogados FM\" \/>\n<meta property=\"og:description\" content=\"Segundo relatos Um homem identificado como &#8220;Marquinhos&#8221;, conhecido por enfrentar problemas mentais, est\u00e1 em surto e tem gerado medo no\" \/>\n<meta property=\"og:url\" content=\"https:\/\/afogadosfm.com.br\/afogadosfm\/2025\/07\/30\/afogados-homem-em-surto-ameaca-mulheres-e-criancas-no-bairro-sao-francisco\/\" \/>\n<meta property=\"og:site_name\" content=\"Afogados FM\" \/>\n<meta property=\"article:published_time\" content=\"2025-07-30T10:14:31+00:00\" \/>\n<meta property=\"article:modified_time\" content=\"2025-07-30T10:14:32+00:00\" \/>\n<meta property=\"og:image\" content=\"https:\/\/afogadosfm.com.br\/afogadosfm\/wp-content\/uploads\/2025\/07\/urgente.jpg\" \/>\n\t<meta property=\"og:image:width\" content=\"1000\" \/>\n\t<meta property=\"og:image:height\" content=\"1000\" \/>\n\t<meta property=\"og:image:type\" content=\"image\/jpeg\" \/>\n<meta name=\"author\" content=\"afogadosfm\" \/>\n<meta name=\"twitter:card\" content=\"summary_large_image\" \/>\n<meta name=\"twitter:label1\" content=\"Escrito por\" \/>\n\t<meta name=\"twitter:data1\" content=\"afogadosfm\" \/>\n\t<meta name=\"twitter:label2\" content=\"Est. tempo de leitura\" \/>\n\t<meta name=\"twitter:data2\" content=\"2 minutos\" \/>\n<script type=\"application\/ld+json\" class=\"yoast-schema-graph\">{\"@context\":\"https:\\\/\\\/schema.org\",\"@graph\":[{\"@type\":\"Article\",\"@id\":\"https:\\\/\\\/afogadosfm.com.br\\\/afogadosfm\\\/2025\\\/07\\\/30\\\/afogados-homem-em-surto-ameaca-mulheres-e-criancas-no-bairro-sao-francisco\\\/#article\",\"isPartOf\":{\"@id\":\"https:\\\/\\\/afogadosfm.com.br\\\/afogadosfm\\\/2025\\\/07\\\/30\\\/afogados-homem-em-surto-ameaca-mulheres-e-criancas-no-bairro-sao-francisco\\\/\"},\"author\":{\"name\":\"afogadosfm\",\"@id\":\"https:\\\/\\\/afogadosfm.com.br\\\/afogadosfm\\\/#\\\/schema\\\/person\\\/60e56f2cf5dc960fc093fe093d9e9057\"},\"headline\":\"Afogados: Homem em surto amea\u00e7a mulheres e crian\u00e7as no bairro S\u00e3o Francisco\",\"datePublished\":\"2025-07-30T10:14:31+00:00\",\"dateModified\":\"2025-07-30T10:14:32+00:00\",\"mainEntityOfPage\":{\"@id\":\"https:\\\/\\\/afogadosfm.com.br\\\/afogadosfm\\\/2025\\\/07\\\/30\\\/afogados-homem-em-surto-ameaca-mulheres-e-criancas-no-bairro-sao-francisco\\\/\"},\"wordCount\":176,\"commentCount\":0,\"publisher\":{\"@id\":\"https:\\\/\\\/afogadosfm.com.br\\\/afogadosfm\\\/#organization\"},\"image\":{\"@id\":\"https:\\\/\\\/afogadosfm.com.br\\\/afogadosfm\\\/2025\\\/07\\\/30\\\/afogados-homem-em-surto-ameaca-mulheres-e-criancas-no-bairro-sao-francisco\\\/#primaryimage\"},\"thumbnailUrl\":\"https:\\\/\\\/i0.wp.com\\\/afogadosfm.com.br\\\/afogadosfm\\\/wp-content\\\/uploads\\\/2025\\\/07\\\/urgente.jpg?fit=1000%2C1000&ssl=1\",\"articleSection\":[\"Afogados da Ingazeira\"],\"inLanguage\":\"pt-BR\",\"potentialAction\":[{\"@type\":\"CommentAction\",\"name\":\"Comment\",\"target\":[\"https:\\\/\\\/afogadosfm.com.br\\\/afogadosfm\\\/2025\\\/07\\\/30\\\/afogados-homem-em-surto-ameaca-mulheres-e-criancas-no-bairro-sao-francisco\\\/#respond\"]}]},{\"@type\":\"WebPage\",\"@id\":\"https:\\\/\\\/afogadosfm.com.br\\\/afogadosfm\\\/2025\\\/07\\\/30\\\/afogados-homem-em-surto-ameaca-mulheres-e-criancas-no-bairro-sao-francisco\\\/\",\"url\":\"https:\\\/\\\/afogadosfm.com.br\\\/afogadosfm\\\/2025\\\/07\\\/30\\\/afogados-homem-em-surto-ameaca-mulheres-e-criancas-no-bairro-sao-francisco\\\/\",\"name\":\"Afogados: Homem em surto amea\u00e7a mulheres e crian\u00e7as no bairro S\u00e3o Francisco - Afogados FM\",\"isPartOf\":{\"@id\":\"https:\\\/\\\/afogadosfm.com.br\\\/afogadosfm\\\/#website\"},\"primaryImageOfPage\":{\"@id\":\"https:\\\/\\\/afogadosfm.com.br\\\/afogadosfm\\\/2025\\\/07\\\/30\\\/afogados-homem-em-surto-ameaca-mulheres-e-criancas-no-bairro-sao-francisco\\\/#primaryimage\"},\"image\":{\"@id\":\"https:\\\/\\\/afogadosfm.com.br\\\/afogadosfm\\\/2025\\\/07\\\/30\\\/afogados-homem-em-surto-ameaca-mulheres-e-criancas-no-bairro-sao-francisco\\\/#primaryimage\"},\"thumbnailUrl\":\"https:\\\/\\\/i0.wp.com\\\/afogadosfm.com.br\\\/afogadosfm\\\/wp-content\\\/uploads\\\/2025\\\/07\\\/urgente.jpg?fit=1000%2C1000&ssl=1\",\"datePublished\":\"2025-07-30T10:14:31+00:00\",\"dateModified\":\"2025-07-30T10:14:32+00:00\",\"breadcrumb\":{\"@id\":\"https:\\\/\\\/afogadosfm.com.br\\\/afogadosfm\\\/2025\\\/07\\\/30\\\/afogados-homem-em-surto-ameaca-mulheres-e-criancas-no-bairro-sao-francisco\\\/#breadcrumb\"},\"inLanguage\":\"pt-BR\",\"potentialAction\":[{\"@type\":\"ReadAction\",\"target\":[\"https:\\\/\\\/afogadosfm.com.br\\\/afogadosfm\\\/2025\\\/07\\\/30\\\/afogados-homem-em-surto-ameaca-mulheres-e-criancas-no-bairro-sao-francisco\\\/\"]}]},{\"@type\":\"ImageObject\",\"inLanguage\":\"pt-BR\",\"@id\":\"https:\\\/\\\/afogadosfm.com.br\\\/afogadosfm\\\/2025\\\/07\\\/30\\\/afogados-homem-em-surto-ameaca-mulheres-e-criancas-no-bairro-sao-francisco\\\/#primaryimage\",\"url\":\"https:\\\/\\\/i0.wp.com\\\/afogadosfm.com.br\\\/afogadosfm\\\/wp-content\\\/uploads\\\/2025\\\/07\\\/urgente.jpg?fit=1000%2C1000&ssl=1\",\"contentUrl\":\"https:\\\/\\\/i0.wp.com\\\/afogadosfm.com.br\\\/afogadosfm\\\/wp-content\\\/uploads\\\/2025\\\/07\\\/urgente.jpg?fit=1000%2C1000&ssl=1\",\"width\":1000,\"height\":1000},{\"@type\":\"BreadcrumbList\",\"@id\":\"https:\\\/\\\/afogadosfm.com.br\\\/afogadosfm\\\/2025\\\/07\\\/30\\\/afogados-homem-em-surto-ameaca-mulheres-e-criancas-no-bairro-sao-francisco\\\/#breadcrumb\",\"itemListElement\":[{\"@type\":\"ListItem\",\"position\":1,\"name\":\"In\u00edcio\",\"item\":\"https:\\\/\\\/afogadosfm.com.br\\\/afogadosfm\\\/\"},{\"@type\":\"ListItem\",\"position\":2,\"name\":\"Afogados: Homem em surto amea\u00e7a mulheres e crian\u00e7as no bairro S\u00e3o Francisco\"}]},{\"@type\":\"WebSite\",\"@id\":\"https:\\\/\\\/afogadosfm.com.br\\\/afogadosfm\\\/#website\",\"url\":\"https:\\\/\\\/afogadosfm.com.br\\\/afogadosfm\\\/\",\"name\":\"Afogados FM\",\"description\":\"Um site completo!\",\"publisher\":{\"@id\":\"https:\\\/\\\/afogadosfm.com.br\\\/afogadosfm\\\/#organization\"},\"potentialAction\":[{\"@type\":\"SearchAction\",\"target\":{\"@type\":\"EntryPoint\",\"urlTemplate\":\"https:\\\/\\\/afogadosfm.com.br\\\/afogadosfm\\\/?s={search_term_string}\"},\"query-input\":{\"@type\":\"PropertyValueSpecification\",\"valueRequired\":true,\"valueName\":\"search_term_string\"}}],\"inLanguage\":\"pt-BR\"},{\"@type\":\"Organization\",\"@id\":\"https:\\\/\\\/afogadosfm.com.br\\\/afogadosfm\\\/#organization\",\"name\":\"Afogados FM\",\"url\":\"https:\\\/\\\/afogadosfm.com.br\\\/afogadosfm\\\/\",\"logo\":{\"@type\":\"ImageObject\",\"inLanguage\":\"pt-BR\",\"@id\":\"https:\\\/\\\/afogadosfm.com.br\\\/afogadosfm\\\/#\\\/schema\\\/logo\\\/image\\\/\",\"url\":\"https:\\\/\\\/i0.wp.com\\\/afogadosfm.com.br\\\/afogadosfm\\\/wp-content\\\/uploads\\\/2020\\\/06\\\/cropped-banner-afogados-4.jpg?fit=369%2C137&ssl=1\",\"contentUrl\":\"https:\\\/\\\/i0.wp.com\\\/afogadosfm.com.br\\\/afogadosfm\\\/wp-content\\\/uploads\\\/2020\\\/06\\\/cropped-banner-afogados-4.jpg?fit=369%2C137&ssl=1\",\"width\":369,\"height\":137,\"caption\":\"Afogados FM\"},\"image\":{\"@id\":\"https:\\\/\\\/afogadosfm.com.br\\\/afogadosfm\\\/#\\\/schema\\\/logo\\\/image\\\/\"}},{\"@type\":\"Person\",\"@id\":\"https:\\\/\\\/afogadosfm.com.br\\\/afogadosfm\\\/#\\\/schema\\\/person\\\/60e56f2cf5dc960fc093fe093d9e9057\",\"name\":\"afogadosfm\",\"image\":{\"@type\":\"ImageObject\",\"inLanguage\":\"pt-BR\",\"@id\":\"https:\\\/\\\/secure.gravatar.com\\\/avatar\\\/e0359add7ed5dc3560906d861b52c6a8cf5c1e199d3a7dd85070998f49bd4701?s=96&d=mm&r=g\",\"url\":\"https:\\\/\\\/secure.gravatar.com\\\/avatar\\\/e0359add7ed5dc3560906d861b52c6a8cf5c1e199d3a7dd85070998f49bd4701?s=96&d=mm&r=g\",\"contentUrl\":\"https:\\\/\\\/secure.gravatar.com\\\/avatar\\\/e0359add7ed5dc3560906d861b52c6a8cf5c1e199d3a7dd85070998f49bd4701?s=96&d=mm&r=g\",\"caption\":\"afogadosfm\"},\"url\":\"https:\\\/\\\/afogadosfm.com.br\\\/afogadosfm\\\/author\\\/afogadosfm\\\/\"}]}<\/script>\n<!-- \/ Yoast SEO plugin. -->","yoast_head_json":{"title":"Afogados: Homem em surto amea\u00e7a mulheres e crian\u00e7as no bairro S\u00e3o Francisco - Afogados FM","robots":{"index":"index","follow":"follow","max-snippet":"max-snippet:-1","max-image-preview":"max-image-preview:large","max-video-preview":"max-video-preview:-1"},"canonical":"https:\/\/afogadosfm.com.br\/afogadosfm\/2025\/07\/30\/afogados-homem-em-surto-ameaca-mulheres-e-criancas-no-bairro-sao-francisco\/","og_locale":"pt_BR","og_type":"article","og_title":"Afogados: Homem em surto amea\u00e7a mulheres e crian\u00e7as no bairro S\u00e3o Francisco - Afogados FM","og_description":"Segundo relatos Um homem identificado como &#8220;Marquinhos&#8221;, conhecido por enfrentar problemas mentais, est\u00e1 em surto e tem gerado medo no","og_url":"https:\/\/afogadosfm.com.br\/afogadosfm\/2025\/07\/30\/afogados-homem-em-surto-ameaca-mulheres-e-criancas-no-bairro-sao-francisco\/","og_site_name":"Afogados FM","article_published_time":"2025-07-30T10:14:31+00:00","article_modified_time":"2025-07-30T10:14:32+00:00","og_image":[{"width":1000,"height":1000,"url":"https:\/\/afogadosfm.com.br\/afogadosfm\/wp-content\/uploads\/2025\/07\/urgente.jpg","type":"image\/jpeg"}],"author":"afogadosfm","twitter_card":"summary_large_image","twitter_misc":{"Escrito por":"afogadosfm","Est. tempo de leitura":"2 minutos"},"schema":{"@context":"https:\/\/schema.org","@graph":[{"@type":"Article","@id":"https:\/\/afogadosfm.com.br\/afogadosfm\/2025\/07\/30\/afogados-homem-em-surto-ameaca-mulheres-e-criancas-no-bairro-sao-francisco\/#article","isPartOf":{"@id":"https:\/\/afogadosfm.com.br\/afogadosfm\/2025\/07\/30\/afogados-homem-em-surto-ameaca-mulheres-e-criancas-no-bairro-sao-francisco\/"},"author":{"name":"afogadosfm","@id":"https:\/\/afogadosfm.com.br\/afogadosfm\/#\/schema\/person\/60e56f2cf5dc960fc093fe093d9e9057"},"headline":"Afogados: Homem em surto amea\u00e7a mulheres e crian\u00e7as no bairro S\u00e3o Francisco","datePublished":"2025-07-30T10:14:31+00:00","dateModified":"2025-07-30T10:14:32+00:00","mainEntityOfPage":{"@id":"https:\/\/afogadosfm.com.br\/afogadosfm\/2025\/07\/30\/afogados-homem-em-surto-ameaca-mulheres-e-criancas-no-bairro-sao-francisco\/"},"wordCount":176,"commentCount":0,"publisher":{"@id":"https:\/\/afogadosfm.com.br\/afogadosfm\/#organization"},"image":{"@id":"https:\/\/afogadosfm.com.br\/afogadosfm\/2025\/07\/30\/afogados-homem-em-surto-ameaca-mulheres-e-criancas-no-bairro-sao-francisco\/#primaryimage"},"thumbnailUrl":"https:\/\/i0.wp.com\/afogadosfm.com.br\/afogadosfm\/wp-content\/uploads\/2025\/07\/urgente.jpg?fit=1000%2C1000&ssl=1","articleSection":["Afogados da Ingazeira"],"inLanguage":"pt-BR","potentialAction":[{"@type":"CommentAction","name":"Comment","target":["https:\/\/afogadosfm.com.br\/afogadosfm\/2025\/07\/30\/afogados-homem-em-surto-ameaca-mulheres-e-criancas-no-bairro-sao-francisco\/#respond"]}]},{"@type":"WebPage","@id":"https:\/\/afogadosfm.com.br\/afogadosfm\/2025\/07\/30\/afogados-homem-em-surto-ameaca-mulheres-e-criancas-no-bairro-sao-francisco\/","url":"https:\/\/afogadosfm.com.br\/afogadosfm\/2025\/07\/30\/afogados-homem-em-surto-ameaca-mulheres-e-criancas-no-bairro-sao-francisco\/","name":"Afogados: Homem em surto amea\u00e7a mulheres e crian\u00e7as no bairro S\u00e3o Francisco - Afogados FM","isPartOf":{"@id":"https:\/\/afogadosfm.com.br\/afogadosfm\/#website"},"primaryImageOfPage":{"@id":"https:\/\/afogadosfm.com.br\/afogadosfm\/2025\/07\/30\/afogados-homem-em-surto-ameaca-mulheres-e-criancas-no-bairro-sao-francisco\/#primaryimage"},"image":{"@id":"https:\/\/afogadosfm.com.br\/afogadosfm\/2025\/07\/30\/afogados-homem-em-surto-ameaca-mulheres-e-criancas-no-bairro-sao-francisco\/#primaryimage"},"thumbnailUrl":"https:\/\/i0.wp.com\/afogadosfm.com.br\/afogadosfm\/wp-content\/uploads\/2025\/07\/urgente.jpg?fit=1000%2C1000&ssl=1","datePublished":"2025-07-30T10:14:31+00:00","dateModified":"2025-07-30T10:14:32+00:00","breadcrumb":{"@id":"https:\/\/afogadosfm.com.br\/afogadosfm\/2025\/07\/30\/afogados-homem-em-surto-ameaca-mulheres-e-criancas-no-bairro-sao-francisco\/#breadcrumb"},"inLanguage":"pt-BR","potentialAction":[{"@type":"ReadAction","target":["https:\/\/afogadosfm.com.br\/afogadosfm\/2025\/07\/30\/afogados-homem-em-surto-ameaca-mulheres-e-criancas-no-bairro-sao-francisco\/"]}]},{"@type":"ImageObject","inLanguage":"pt-BR","@id":"https:\/\/afogadosfm.com.br\/afogadosfm\/2025\/07\/30\/afogados-homem-em-surto-ameaca-mulheres-e-criancas-no-bairro-sao-francisco\/#primaryimage","url":"https:\/\/i0.wp.com\/afogadosfm.com.br\/afogadosfm\/wp-content\/uploads\/2025\/07\/urgente.jpg?fit=1000%2C1000&ssl=1","contentUrl":"https:\/\/i0.wp.com\/afogadosfm.com.br\/afogadosfm\/wp-content\/uploads\/2025\/07\/urgente.jpg?fit=1000%2C1000&ssl=1","width":1000,"height":1000},{"@type":"BreadcrumbList","@id":"https:\/\/afogadosfm.com.br\/afogadosfm\/2025\/07\/30\/afogados-homem-em-surto-ameaca-mulheres-e-criancas-no-bairro-sao-francisco\/#breadcrumb","itemListElement":[{"@type":"ListItem","position":1,"name":"In\u00edcio","item":"https:\/\/afogadosfm.com.br\/afogadosfm\/"},{"@type":"ListItem","position":2,"name":"Afogados: Homem em surto amea\u00e7a mulheres e crian\u00e7as no bairro S\u00e3o Francisco"}]},{"@type":"WebSite","@id":"https:\/\/afogadosfm.com.br\/afogadosfm\/#website","url":"https:\/\/afogadosfm.com.br\/afogadosfm\/","name":"Afogados FM","description":"Um site completo!","publisher":{"@id":"https:\/\/afogadosfm.com.br\/afogadosfm\/#organization"},"potentialAction":[{"@type":"SearchAction","target":{"@type":"EntryPoint","urlTemplate":"https:\/\/afogadosfm.com.br\/afogadosfm\/?s={search_term_string}"},"query-input":{"@type":"PropertyValueSpecification","valueRequired":true,"valueName":"search_term_string"}}],"inLanguage":"pt-BR"},{"@type":"Organization","@id":"https:\/\/afogadosfm.com.br\/afogadosfm\/#organization","name":"Afogados FM","url":"https:\/\/afogadosfm.com.br\/afogadosfm\/","logo":{"@type":"ImageObject","inLanguage":"pt-BR","@id":"https:\/\/afogadosfm.com.br\/afogadosfm\/#\/schema\/logo\/image\/","url":"https:\/\/i0.wp.com\/afogadosfm.com.br\/afogadosfm\/wp-content\/uploads\/2020\/06\/cropped-banner-afogados-4.jpg?fit=369%2C137&ssl=1","contentUrl":"https:\/\/i0.wp.com\/afogadosfm.com.br\/afogadosfm\/wp-content\/uploads\/2020\/06\/cropped-banner-afogados-4.jpg?fit=369%2C137&ssl=1","width":369,"height":137,"caption":"Afogados FM"},"image":{"@id":"https:\/\/afogadosfm.com.br\/afogadosfm\/#\/schema\/logo\/image\/"}},{"@type":"Person","@id":"https:\/\/afogadosfm.com.br\/afogadosfm\/#\/schema\/person\/60e56f2cf5dc960fc093fe093d9e9057","name":"afogadosfm","image":{"@type":"ImageObject","inLanguage":"pt-BR","@id":"https:\/\/secure.gravatar.com\/avatar\/e0359add7ed5dc3560906d861b52c6a8cf5c1e199d3a7dd85070998f49bd4701?s=96&d=mm&r=g","url":"https:\/\/secure.gravatar.com\/avatar\/e0359add7ed5dc3560906d861b52c6a8cf5c1e199d3a7dd85070998f49bd4701?s=96&d=mm&r=g","contentUrl":"https:\/\/secure.gravatar.com\/avatar\/e0359add7ed5dc3560906d861b52c6a8cf5c1e199d3a7dd85070998f49bd4701?s=96&d=mm&r=g","caption":"afogadosfm"},"url":"https:\/\/afogadosfm.com.br\/afogadosfm\/author\/afogadosfm\/"}]}},"jetpack_publicize_connections":[],"jetpack_featured_media_url":"https:\/\/i0.wp.com\/afogadosfm.com.br\/afogadosfm\/wp-content\/uploads\/2025\/07\/urgente.jpg?fit=1000%2C1000&ssl=1","jetpack-related-posts":[],"jetpack_sharing_enabled":true,"jetpack_likes_enabled":true,"_links":{"self":[{"href":"https:\/\/afogadosfm.com.br\/afogadosfm\/wp-json\/wp\/v2\/posts\/67817","targetHints":{"allow":["GET"]}}],"collection":[{"href":"https:\/\/afogadosfm.com.br\/afogadosfm\/wp-json\/wp\/v2\/posts"}],"about":[{"href":"https:\/\/afogadosfm.com.br\/afogadosfm\/wp-json\/wp\/v2\/types\/post"}],"author":[{"embeddable":true,"href":"https:\/\/afogadosfm.com.br\/afogadosfm\/wp-json\/wp\/v2\/users\/2"}],"replies":[{"embeddable":true,"href":"https:\/\/afogadosfm.com.br\/afogadosfm\/wp-json\/wp\/v2\/comments?post=67817"}],"version-history":[{"count":1,"href":"https:\/\/afogadosfm.com.br\/afogadosfm\/wp-json\/wp\/v2\/posts\/67817\/revisions"}],"predecessor-version":[{"id":67819,"href":"https:\/\/afogadosfm.com.br\/afogadosfm\/wp-json\/wp\/v2\/posts\/67817\/revisions\/67819"}],"wp:featuredmedia":[{"embeddable":true,"href":"https:\/\/afogadosfm.com.br\/afogadosfm\/wp-json\/wp\/v2\/media\/67818"}],"wp:attachment":[{"href":"https:\/\/afogadosfm.com.br\/afogadosfm\/wp-json\/wp\/v2\/media?parent=67817"}],"wp:term":[{"taxonomy":"category","embeddable":true,"href":"https:\/\/afogadosfm.com.br\/afogadosfm\/wp-json\/wp\/v2\/categories?post=67817"},{"taxonomy":"post_tag","embeddable":true,"href":"https:\/\/afogadosfm.com.br\/afogadosfm\/wp-json\/wp\/v2\/tags?post=67817"}],"curies":[{"name":"wp","href":"https:\/\/api.w.org\/{rel}","templated":true}]}}