{"id":68362,"date":"2025-08-19T07:55:01","date_gmt":"2025-08-19T10:55:01","guid":{"rendered":"https:\/\/afogadosfm.com.br\/afogadosfm\/?p=68362"},"modified":"2025-08-19T07:55:02","modified_gmt":"2025-08-19T10:55:02","slug":"futebol-sport-e-segundo-clube-da-serie-a-que-mais-perdeu-pontos-por-sofrer-gols-no-fim-nautico-e-vice-lider-na-serie-c","status":"publish","type":"post","link":"https:\/\/afogadosfm.com.br\/afogadosfm\/2025\/08\/19\/futebol-sport-e-segundo-clube-da-serie-a-que-mais-perdeu-pontos-por-sofrer-gols-no-fim-nautico-e-vice-lider-na-serie-c\/","title":{"rendered":"Futebol: Sport \u00e9 segundo clube da S\u00e9rie A que mais &#8220;perdeu pontos&#8221; por sofrer gols no fim, N\u00e1utico e vice-l\u00edder na S\u00e9rie C"},"content":{"rendered":"\n<p>O Sport \u00e9 o segundo que mais perdeu pontos devido aos gols que tomou ap\u00f3s os 40 minutos do segundo tempo. Tudo come\u00e7ou com a derrota por 2&#215;1 para o Palmeiras, na Ilha do Retiro, quando foi vazado de p\u00eanalti no fim.<\/p>\n\n\n\n<p>Contra Botafogo e Fluminense, o Sport tamb\u00e9m estava empatando os respectivos confrontos at\u00e9 o fim. Diante dos alvinegros, o gol sofrido decretou o trope\u00e7o por 1&#215;0, na Ilha do Retiro. Perante o Tricolor, o rev\u00e9s por 2&#215;1, no Maracan\u00e3.<\/p>\n\n\n\n<p>Contra Santos e S\u00e3o Paulo, os gols sofridos foram com requintes de crueldade. Em ambos, o Sport abriu 2&#215;0 na Ilha do Retiro e sofreu o empate. Diante do Peixe, vale lembrar, os rubro-negros tinham um a mais em campo. Somando tudo, o Le\u00e3o deixou de faturar mais sete pontos.<\/p>\n\n\n\n<p>&#8220;\u00c9 um conjunto de situa\u00e7\u00f5es que precisam ser melhoradas. A quest\u00e3o mental, no sentido de concentra\u00e7\u00e3o nos \u00faltimos minutos, precisa ser evolu\u00edda. N\u00e3o podemos achar isso normal. Temos de cobrar e vamos fazer isso. O mais dif\u00edcil a gente tem feito, jogando bem, construindo resultado e saindo \u00e0 frente de grandes times, mas, nos \u00faltimos instantes, a gente se desconecta da partida&#8221;, lamentou o t\u00e9cnico Daniel Paulista.<\/p>\n\n\n\n<p>A \u00fanica equipe que deixou de ganhar mais pontos na S\u00e9rie A foi o Vit\u00f3ria. Os baianos poderiam ter 10 a mais na tabela, pulando dos 19 atuais para 29. O clube est\u00e1 atualmente em 17\u00ba lugar, abrindo a zona de rebaixamento.<\/p>\n\n\n\n<p>Um dos jogos em que o Vit\u00f3ria desperdi\u00e7ou pontos no fim, curiosamente, foi contra o Sport, ao sofrer o gol de empate no lance final, ficando no 2&#215;2 com os pernambucanos, no Barrad\u00e3o.<\/p>\n\n\n\n<p>O pr\u00f3ximo compromisso do Sport no Brasileir\u00e3o \u00e9 diante do Palmeiras, no Allianz Parque, no dia 25 de agosto.<\/p>\n\n\n\n<p>N\u00e1utico<\/p>\n\n\n\n<p>A vit\u00f3ria por 1&#215;0 diante do An\u00e1polis, nos Aflitos, pela 17\u00aa rodada da S\u00e9rie C do Campeonato Brasileiro, garantiu ao N\u00e1utico a vaga antecipadamente ao quadrangular final da competi\u00e7\u00e3o. Ningu\u00e9m pode tirar mais o Timbu do G8, faltando ainda dois jogos para o t\u00e9rmino da primeira fase. Isso n\u00e3o significa, contudo, que os alvirrubros est\u00e3o satisfeitos. O foco dos pernambucanos agora \u00e9 segurar um lugar no G4 para ter vantagem na etapa que vale o acesso \u00e0 S\u00e9rie B.<\/p>\n\n\n\n<p>O N\u00e1utico \u00e9 o vice-l\u00edder da S\u00e9rie C, com 32 pontos. Na pior das hip\u00f3teses, os alvirrubros poderiam ficar em quinto. Os clubes que podem ultrapassar s\u00e3o Ponte Preta, terceiro colocado, com 30 pontos, al\u00e9m de Londrina e S\u00e3o Bernardo, em quarto e quinto lugares, respectivamente, com 29 pontos.<\/p>\n\n\n\n<p>Terminar no G4 garante ao N\u00e1utico a vantagem de jogar como mandante no \u00faltimo jogo do quadrangular. H\u00e1, por\u00e9m, uma diferen\u00e7a na sequ\u00eancia de partidas a depender da posi\u00e7\u00e3o.<\/p>\n","protected":false},"excerpt":{"rendered":"<p>O Sport \u00e9 o segundo que mais perdeu pontos devido aos gols que tomou ap\u00f3s os 40 minutos do segundo<\/p>\n","protected":false},"author":2,"featured_media":67706,"comment_status":"open","ping_status":"open","sticky":false,"template":"","format":"standard","meta":{"jetpack_post_was_ever_published":false,"_jetpack_newsletter_access":"","_jetpack_dont_email_post_to_subs":false,"_jetpack_newsletter_tier_id":0,"_jetpack_memberships_contains_paywalled_content":false,"_jetpack_memberships_contains_paid_content":false,"footnotes":"","jetpack_publicize_message":"","jetpack_publicize_feature_enabled":true,"jetpack_social_post_already_shared":true,"jetpack_social_options":{"image_generator_settings":{"template":"highway","default_image_id":0,"font":"","enabled":false},"version":2}},"categories":[8],"tags":[],"class_list":["post-68362","post","type-post","status-publish","format-standard","has-post-thumbnail","hentry","category-esporte"],"yoast_head":"<!-- This site is optimized with the Yoast SEO plugin v27.5 - https:\/\/yoast.com\/product\/yoast-seo-wordpress\/ -->\n<title>Futebol: Sport \u00e9 segundo clube da S\u00e9rie A que mais &quot;perdeu pontos&quot; por sofrer gols no fim, N\u00e1utico e vice-l\u00edder na S\u00e9rie C - Afogados FM<\/title>\n<meta name=\"robots\" content=\"index, follow, max-snippet:-1, max-image-preview:large, max-video-preview:-1\" \/>\n<link rel=\"canonical\" href=\"https:\/\/afogadosfm.com.br\/afogadosfm\/2025\/08\/19\/futebol-sport-e-segundo-clube-da-serie-a-que-mais-perdeu-pontos-por-sofrer-gols-no-fim-nautico-e-vice-lider-na-serie-c\/\" \/>\n<meta property=\"og:locale\" content=\"pt_BR\" \/>\n<meta property=\"og:type\" content=\"article\" \/>\n<meta property=\"og:title\" content=\"Futebol: Sport \u00e9 segundo clube da S\u00e9rie A que mais &quot;perdeu pontos&quot; por sofrer gols no fim, N\u00e1utico e vice-l\u00edder na S\u00e9rie C - Afogados FM\" \/>\n<meta property=\"og:description\" content=\"O Sport \u00e9 o segundo que mais perdeu pontos devido aos gols que tomou ap\u00f3s os 40 minutos do segundo\" \/>\n<meta property=\"og:url\" content=\"https:\/\/afogadosfm.com.br\/afogadosfm\/2025\/08\/19\/futebol-sport-e-segundo-clube-da-serie-a-que-mais-perdeu-pontos-por-sofrer-gols-no-fim-nautico-e-vice-lider-na-serie-c\/\" \/>\n<meta property=\"og:site_name\" content=\"Afogados FM\" \/>\n<meta property=\"article:published_time\" content=\"2025-08-19T10:55:01+00:00\" \/>\n<meta property=\"article:modified_time\" content=\"2025-08-19T10:55:02+00:00\" \/>\n<meta property=\"og:image\" content=\"https:\/\/afogadosfm.com.br\/afogadosfm\/wp-content\/uploads\/2025\/07\/bola.jpg\" \/>\n\t<meta property=\"og:image:width\" content=\"300\" \/>\n\t<meta property=\"og:image:height\" content=\"168\" \/>\n\t<meta property=\"og:image:type\" content=\"image\/jpeg\" \/>\n<meta name=\"author\" content=\"afogadosfm\" \/>\n<meta name=\"twitter:card\" content=\"summary_large_image\" \/>\n<meta name=\"twitter:label1\" content=\"Escrito por\" \/>\n\t<meta name=\"twitter:data1\" content=\"afogadosfm\" \/>\n\t<meta name=\"twitter:label2\" content=\"Est. tempo de leitura\" \/>\n\t<meta name=\"twitter:data2\" content=\"3 minutos\" \/>\n<script type=\"application\/ld+json\" class=\"yoast-schema-graph\">{\"@context\":\"https:\\\/\\\/schema.org\",\"@graph\":[{\"@type\":\"Article\",\"@id\":\"https:\\\/\\\/afogadosfm.com.br\\\/afogadosfm\\\/2025\\\/08\\\/19\\\/futebol-sport-e-segundo-clube-da-serie-a-que-mais-perdeu-pontos-por-sofrer-gols-no-fim-nautico-e-vice-lider-na-serie-c\\\/#article\",\"isPartOf\":{\"@id\":\"https:\\\/\\\/afogadosfm.com.br\\\/afogadosfm\\\/2025\\\/08\\\/19\\\/futebol-sport-e-segundo-clube-da-serie-a-que-mais-perdeu-pontos-por-sofrer-gols-no-fim-nautico-e-vice-lider-na-serie-c\\\/\"},\"author\":{\"name\":\"afogadosfm\",\"@id\":\"https:\\\/\\\/afogadosfm.com.br\\\/afogadosfm\\\/#\\\/schema\\\/person\\\/60e56f2cf5dc960fc093fe093d9e9057\"},\"headline\":\"Futebol: Sport \u00e9 segundo clube da S\u00e9rie A que mais &#8220;perdeu pontos&#8221; por sofrer gols no fim, N\u00e1utico e vice-l\u00edder na S\u00e9rie C\",\"datePublished\":\"2025-08-19T10:55:01+00:00\",\"dateModified\":\"2025-08-19T10:55:02+00:00\",\"mainEntityOfPage\":{\"@id\":\"https:\\\/\\\/afogadosfm.com.br\\\/afogadosfm\\\/2025\\\/08\\\/19\\\/futebol-sport-e-segundo-clube-da-serie-a-que-mais-perdeu-pontos-por-sofrer-gols-no-fim-nautico-e-vice-lider-na-serie-c\\\/\"},\"wordCount\":504,\"commentCount\":0,\"publisher\":{\"@id\":\"https:\\\/\\\/afogadosfm.com.br\\\/afogadosfm\\\/#organization\"},\"image\":{\"@id\":\"https:\\\/\\\/afogadosfm.com.br\\\/afogadosfm\\\/2025\\\/08\\\/19\\\/futebol-sport-e-segundo-clube-da-serie-a-que-mais-perdeu-pontos-por-sofrer-gols-no-fim-nautico-e-vice-lider-na-serie-c\\\/#primaryimage\"},\"thumbnailUrl\":\"https:\\\/\\\/i0.wp.com\\\/afogadosfm.com.br\\\/afogadosfm\\\/wp-content\\\/uploads\\\/2025\\\/07\\\/bola.jpg?fit=300%2C168&ssl=1\",\"articleSection\":[\"Esporte\"],\"inLanguage\":\"pt-BR\",\"potentialAction\":[{\"@type\":\"CommentAction\",\"name\":\"Comment\",\"target\":[\"https:\\\/\\\/afogadosfm.com.br\\\/afogadosfm\\\/2025\\\/08\\\/19\\\/futebol-sport-e-segundo-clube-da-serie-a-que-mais-perdeu-pontos-por-sofrer-gols-no-fim-nautico-e-vice-lider-na-serie-c\\\/#respond\"]}]},{\"@type\":\"WebPage\",\"@id\":\"https:\\\/\\\/afogadosfm.com.br\\\/afogadosfm\\\/2025\\\/08\\\/19\\\/futebol-sport-e-segundo-clube-da-serie-a-que-mais-perdeu-pontos-por-sofrer-gols-no-fim-nautico-e-vice-lider-na-serie-c\\\/\",\"url\":\"https:\\\/\\\/afogadosfm.com.br\\\/afogadosfm\\\/2025\\\/08\\\/19\\\/futebol-sport-e-segundo-clube-da-serie-a-que-mais-perdeu-pontos-por-sofrer-gols-no-fim-nautico-e-vice-lider-na-serie-c\\\/\",\"name\":\"Futebol: Sport \u00e9 segundo clube da S\u00e9rie A que mais \\\"perdeu pontos\\\" por sofrer gols no fim, N\u00e1utico e vice-l\u00edder na S\u00e9rie C - Afogados FM\",\"isPartOf\":{\"@id\":\"https:\\\/\\\/afogadosfm.com.br\\\/afogadosfm\\\/#website\"},\"primaryImageOfPage\":{\"@id\":\"https:\\\/\\\/afogadosfm.com.br\\\/afogadosfm\\\/2025\\\/08\\\/19\\\/futebol-sport-e-segundo-clube-da-serie-a-que-mais-perdeu-pontos-por-sofrer-gols-no-fim-nautico-e-vice-lider-na-serie-c\\\/#primaryimage\"},\"image\":{\"@id\":\"https:\\\/\\\/afogadosfm.com.br\\\/afogadosfm\\\/2025\\\/08\\\/19\\\/futebol-sport-e-segundo-clube-da-serie-a-que-mais-perdeu-pontos-por-sofrer-gols-no-fim-nautico-e-vice-lider-na-serie-c\\\/#primaryimage\"},\"thumbnailUrl\":\"https:\\\/\\\/i0.wp.com\\\/afogadosfm.com.br\\\/afogadosfm\\\/wp-content\\\/uploads\\\/2025\\\/07\\\/bola.jpg?fit=300%2C168&ssl=1\",\"datePublished\":\"2025-08-19T10:55:01+00:00\",\"dateModified\":\"2025-08-19T10:55:02+00:00\",\"breadcrumb\":{\"@id\":\"https:\\\/\\\/afogadosfm.com.br\\\/afogadosfm\\\/2025\\\/08\\\/19\\\/futebol-sport-e-segundo-clube-da-serie-a-que-mais-perdeu-pontos-por-sofrer-gols-no-fim-nautico-e-vice-lider-na-serie-c\\\/#breadcrumb\"},\"inLanguage\":\"pt-BR\",\"potentialAction\":[{\"@type\":\"ReadAction\",\"target\":[\"https:\\\/\\\/afogadosfm.com.br\\\/afogadosfm\\\/2025\\\/08\\\/19\\\/futebol-sport-e-segundo-clube-da-serie-a-que-mais-perdeu-pontos-por-sofrer-gols-no-fim-nautico-e-vice-lider-na-serie-c\\\/\"]}]},{\"@type\":\"ImageObject\",\"inLanguage\":\"pt-BR\",\"@id\":\"https:\\\/\\\/afogadosfm.com.br\\\/afogadosfm\\\/2025\\\/08\\\/19\\\/futebol-sport-e-segundo-clube-da-serie-a-que-mais-perdeu-pontos-por-sofrer-gols-no-fim-nautico-e-vice-lider-na-serie-c\\\/#primaryimage\",\"url\":\"https:\\\/\\\/i0.wp.com\\\/afogadosfm.com.br\\\/afogadosfm\\\/wp-content\\\/uploads\\\/2025\\\/07\\\/bola.jpg?fit=300%2C168&ssl=1\",\"contentUrl\":\"https:\\\/\\\/i0.wp.com\\\/afogadosfm.com.br\\\/afogadosfm\\\/wp-content\\\/uploads\\\/2025\\\/07\\\/bola.jpg?fit=300%2C168&ssl=1\",\"width\":300,\"height\":168},{\"@type\":\"BreadcrumbList\",\"@id\":\"https:\\\/\\\/afogadosfm.com.br\\\/afogadosfm\\\/2025\\\/08\\\/19\\\/futebol-sport-e-segundo-clube-da-serie-a-que-mais-perdeu-pontos-por-sofrer-gols-no-fim-nautico-e-vice-lider-na-serie-c\\\/#breadcrumb\",\"itemListElement\":[{\"@type\":\"ListItem\",\"position\":1,\"name\":\"In\u00edcio\",\"item\":\"https:\\\/\\\/afogadosfm.com.br\\\/afogadosfm\\\/\"},{\"@type\":\"ListItem\",\"position\":2,\"name\":\"Futebol: Sport \u00e9 segundo clube da S\u00e9rie A que mais &#8220;perdeu pontos&#8221; por sofrer gols no fim, N\u00e1utico e vice-l\u00edder na S\u00e9rie C\"}]},{\"@type\":\"WebSite\",\"@id\":\"https:\\\/\\\/afogadosfm.com.br\\\/afogadosfm\\\/#website\",\"url\":\"https:\\\/\\\/afogadosfm.com.br\\\/afogadosfm\\\/\",\"name\":\"Afogados FM\",\"description\":\"Um site completo!\",\"publisher\":{\"@id\":\"https:\\\/\\\/afogadosfm.com.br\\\/afogadosfm\\\/#organization\"},\"potentialAction\":[{\"@type\":\"SearchAction\",\"target\":{\"@type\":\"EntryPoint\",\"urlTemplate\":\"https:\\\/\\\/afogadosfm.com.br\\\/afogadosfm\\\/?s={search_term_string}\"},\"query-input\":{\"@type\":\"PropertyValueSpecification\",\"valueRequired\":true,\"valueName\":\"search_term_string\"}}],\"inLanguage\":\"pt-BR\"},{\"@type\":\"Organization\",\"@id\":\"https:\\\/\\\/afogadosfm.com.br\\\/afogadosfm\\\/#organization\",\"name\":\"Afogados FM\",\"url\":\"https:\\\/\\\/afogadosfm.com.br\\\/afogadosfm\\\/\",\"logo\":{\"@type\":\"ImageObject\",\"inLanguage\":\"pt-BR\",\"@id\":\"https:\\\/\\\/afogadosfm.com.br\\\/afogadosfm\\\/#\\\/schema\\\/logo\\\/image\\\/\",\"url\":\"https:\\\/\\\/i0.wp.com\\\/afogadosfm.com.br\\\/afogadosfm\\\/wp-content\\\/uploads\\\/2020\\\/06\\\/cropped-banner-afogados-4.jpg?fit=369%2C137&ssl=1\",\"contentUrl\":\"https:\\\/\\\/i0.wp.com\\\/afogadosfm.com.br\\\/afogadosfm\\\/wp-content\\\/uploads\\\/2020\\\/06\\\/cropped-banner-afogados-4.jpg?fit=369%2C137&ssl=1\",\"width\":369,\"height\":137,\"caption\":\"Afogados FM\"},\"image\":{\"@id\":\"https:\\\/\\\/afogadosfm.com.br\\\/afogadosfm\\\/#\\\/schema\\\/logo\\\/image\\\/\"}},{\"@type\":\"Person\",\"@id\":\"https:\\\/\\\/afogadosfm.com.br\\\/afogadosfm\\\/#\\\/schema\\\/person\\\/60e56f2cf5dc960fc093fe093d9e9057\",\"name\":\"afogadosfm\",\"image\":{\"@type\":\"ImageObject\",\"inLanguage\":\"pt-BR\",\"@id\":\"https:\\\/\\\/secure.gravatar.com\\\/avatar\\\/e0359add7ed5dc3560906d861b52c6a8cf5c1e199d3a7dd85070998f49bd4701?s=96&d=mm&r=g\",\"url\":\"https:\\\/\\\/secure.gravatar.com\\\/avatar\\\/e0359add7ed5dc3560906d861b52c6a8cf5c1e199d3a7dd85070998f49bd4701?s=96&d=mm&r=g\",\"contentUrl\":\"https:\\\/\\\/secure.gravatar.com\\\/avatar\\\/e0359add7ed5dc3560906d861b52c6a8cf5c1e199d3a7dd85070998f49bd4701?s=96&d=mm&r=g\",\"caption\":\"afogadosfm\"},\"url\":\"https:\\\/\\\/afogadosfm.com.br\\\/afogadosfm\\\/author\\\/afogadosfm\\\/\"}]}<\/script>\n<!-- \/ Yoast SEO plugin. -->","yoast_head_json":{"title":"Futebol: Sport \u00e9 segundo clube da S\u00e9rie A que mais \"perdeu pontos\" por sofrer gols no fim, N\u00e1utico e vice-l\u00edder na S\u00e9rie C - Afogados FM","robots":{"index":"index","follow":"follow","max-snippet":"max-snippet:-1","max-image-preview":"max-image-preview:large","max-video-preview":"max-video-preview:-1"},"canonical":"https:\/\/afogadosfm.com.br\/afogadosfm\/2025\/08\/19\/futebol-sport-e-segundo-clube-da-serie-a-que-mais-perdeu-pontos-por-sofrer-gols-no-fim-nautico-e-vice-lider-na-serie-c\/","og_locale":"pt_BR","og_type":"article","og_title":"Futebol: Sport \u00e9 segundo clube da S\u00e9rie A que mais \"perdeu pontos\" por sofrer gols no fim, N\u00e1utico e vice-l\u00edder na S\u00e9rie C - Afogados FM","og_description":"O Sport \u00e9 o segundo que mais perdeu pontos devido aos gols que tomou ap\u00f3s os 40 minutos do segundo","og_url":"https:\/\/afogadosfm.com.br\/afogadosfm\/2025\/08\/19\/futebol-sport-e-segundo-clube-da-serie-a-que-mais-perdeu-pontos-por-sofrer-gols-no-fim-nautico-e-vice-lider-na-serie-c\/","og_site_name":"Afogados FM","article_published_time":"2025-08-19T10:55:01+00:00","article_modified_time":"2025-08-19T10:55:02+00:00","og_image":[{"width":300,"height":168,"url":"https:\/\/afogadosfm.com.br\/afogadosfm\/wp-content\/uploads\/2025\/07\/bola.jpg","type":"image\/jpeg"}],"author":"afogadosfm","twitter_card":"summary_large_image","twitter_misc":{"Escrito por":"afogadosfm","Est. tempo de leitura":"3 minutos"},"schema":{"@context":"https:\/\/schema.org","@graph":[{"@type":"Article","@id":"https:\/\/afogadosfm.com.br\/afogadosfm\/2025\/08\/19\/futebol-sport-e-segundo-clube-da-serie-a-que-mais-perdeu-pontos-por-sofrer-gols-no-fim-nautico-e-vice-lider-na-serie-c\/#article","isPartOf":{"@id":"https:\/\/afogadosfm.com.br\/afogadosfm\/2025\/08\/19\/futebol-sport-e-segundo-clube-da-serie-a-que-mais-perdeu-pontos-por-sofrer-gols-no-fim-nautico-e-vice-lider-na-serie-c\/"},"author":{"name":"afogadosfm","@id":"https:\/\/afogadosfm.com.br\/afogadosfm\/#\/schema\/person\/60e56f2cf5dc960fc093fe093d9e9057"},"headline":"Futebol: Sport \u00e9 segundo clube da S\u00e9rie A que mais &#8220;perdeu pontos&#8221; por sofrer gols no fim, N\u00e1utico e vice-l\u00edder na S\u00e9rie C","datePublished":"2025-08-19T10:55:01+00:00","dateModified":"2025-08-19T10:55:02+00:00","mainEntityOfPage":{"@id":"https:\/\/afogadosfm.com.br\/afogadosfm\/2025\/08\/19\/futebol-sport-e-segundo-clube-da-serie-a-que-mais-perdeu-pontos-por-sofrer-gols-no-fim-nautico-e-vice-lider-na-serie-c\/"},"wordCount":504,"commentCount":0,"publisher":{"@id":"https:\/\/afogadosfm.com.br\/afogadosfm\/#organization"},"image":{"@id":"https:\/\/afogadosfm.com.br\/afogadosfm\/2025\/08\/19\/futebol-sport-e-segundo-clube-da-serie-a-que-mais-perdeu-pontos-por-sofrer-gols-no-fim-nautico-e-vice-lider-na-serie-c\/#primaryimage"},"thumbnailUrl":"https:\/\/i0.wp.com\/afogadosfm.com.br\/afogadosfm\/wp-content\/uploads\/2025\/07\/bola.jpg?fit=300%2C168&ssl=1","articleSection":["Esporte"],"inLanguage":"pt-BR","potentialAction":[{"@type":"CommentAction","name":"Comment","target":["https:\/\/afogadosfm.com.br\/afogadosfm\/2025\/08\/19\/futebol-sport-e-segundo-clube-da-serie-a-que-mais-perdeu-pontos-por-sofrer-gols-no-fim-nautico-e-vice-lider-na-serie-c\/#respond"]}]},{"@type":"WebPage","@id":"https:\/\/afogadosfm.com.br\/afogadosfm\/2025\/08\/19\/futebol-sport-e-segundo-clube-da-serie-a-que-mais-perdeu-pontos-por-sofrer-gols-no-fim-nautico-e-vice-lider-na-serie-c\/","url":"https:\/\/afogadosfm.com.br\/afogadosfm\/2025\/08\/19\/futebol-sport-e-segundo-clube-da-serie-a-que-mais-perdeu-pontos-por-sofrer-gols-no-fim-nautico-e-vice-lider-na-serie-c\/","name":"Futebol: Sport \u00e9 segundo clube da S\u00e9rie A que mais \"perdeu pontos\" por sofrer gols no fim, N\u00e1utico e vice-l\u00edder na S\u00e9rie C - Afogados FM","isPartOf":{"@id":"https:\/\/afogadosfm.com.br\/afogadosfm\/#website"},"primaryImageOfPage":{"@id":"https:\/\/afogadosfm.com.br\/afogadosfm\/2025\/08\/19\/futebol-sport-e-segundo-clube-da-serie-a-que-mais-perdeu-pontos-por-sofrer-gols-no-fim-nautico-e-vice-lider-na-serie-c\/#primaryimage"},"image":{"@id":"https:\/\/afogadosfm.com.br\/afogadosfm\/2025\/08\/19\/futebol-sport-e-segundo-clube-da-serie-a-que-mais-perdeu-pontos-por-sofrer-gols-no-fim-nautico-e-vice-lider-na-serie-c\/#primaryimage"},"thumbnailUrl":"https:\/\/i0.wp.com\/afogadosfm.com.br\/afogadosfm\/wp-content\/uploads\/2025\/07\/bola.jpg?fit=300%2C168&ssl=1","datePublished":"2025-08-19T10:55:01+00:00","dateModified":"2025-08-19T10:55:02+00:00","breadcrumb":{"@id":"https:\/\/afogadosfm.com.br\/afogadosfm\/2025\/08\/19\/futebol-sport-e-segundo-clube-da-serie-a-que-mais-perdeu-pontos-por-sofrer-gols-no-fim-nautico-e-vice-lider-na-serie-c\/#breadcrumb"},"inLanguage":"pt-BR","potentialAction":[{"@type":"ReadAction","target":["https:\/\/afogadosfm.com.br\/afogadosfm\/2025\/08\/19\/futebol-sport-e-segundo-clube-da-serie-a-que-mais-perdeu-pontos-por-sofrer-gols-no-fim-nautico-e-vice-lider-na-serie-c\/"]}]},{"@type":"ImageObject","inLanguage":"pt-BR","@id":"https:\/\/afogadosfm.com.br\/afogadosfm\/2025\/08\/19\/futebol-sport-e-segundo-clube-da-serie-a-que-mais-perdeu-pontos-por-sofrer-gols-no-fim-nautico-e-vice-lider-na-serie-c\/#primaryimage","url":"https:\/\/i0.wp.com\/afogadosfm.com.br\/afogadosfm\/wp-content\/uploads\/2025\/07\/bola.jpg?fit=300%2C168&ssl=1","contentUrl":"https:\/\/i0.wp.com\/afogadosfm.com.br\/afogadosfm\/wp-content\/uploads\/2025\/07\/bola.jpg?fit=300%2C168&ssl=1","width":300,"height":168},{"@type":"BreadcrumbList","@id":"https:\/\/afogadosfm.com.br\/afogadosfm\/2025\/08\/19\/futebol-sport-e-segundo-clube-da-serie-a-que-mais-perdeu-pontos-por-sofrer-gols-no-fim-nautico-e-vice-lider-na-serie-c\/#breadcrumb","itemListElement":[{"@type":"ListItem","position":1,"name":"In\u00edcio","item":"https:\/\/afogadosfm.com.br\/afogadosfm\/"},{"@type":"ListItem","position":2,"name":"Futebol: Sport \u00e9 segundo clube da S\u00e9rie A que mais &#8220;perdeu pontos&#8221; por sofrer gols no fim, N\u00e1utico e vice-l\u00edder na S\u00e9rie C"}]},{"@type":"WebSite","@id":"https:\/\/afogadosfm.com.br\/afogadosfm\/#website","url":"https:\/\/afogadosfm.com.br\/afogadosfm\/","name":"Afogados FM","description":"Um site completo!","publisher":{"@id":"https:\/\/afogadosfm.com.br\/afogadosfm\/#organization"},"potentialAction":[{"@type":"SearchAction","target":{"@type":"EntryPoint","urlTemplate":"https:\/\/afogadosfm.com.br\/afogadosfm\/?s={search_term_string}"},"query-input":{"@type":"PropertyValueSpecification","valueRequired":true,"valueName":"search_term_string"}}],"inLanguage":"pt-BR"},{"@type":"Organization","@id":"https:\/\/afogadosfm.com.br\/afogadosfm\/#organization","name":"Afogados FM","url":"https:\/\/afogadosfm.com.br\/afogadosfm\/","logo":{"@type":"ImageObject","inLanguage":"pt-BR","@id":"https:\/\/afogadosfm.com.br\/afogadosfm\/#\/schema\/logo\/image\/","url":"https:\/\/i0.wp.com\/afogadosfm.com.br\/afogadosfm\/wp-content\/uploads\/2020\/06\/cropped-banner-afogados-4.jpg?fit=369%2C137&ssl=1","contentUrl":"https:\/\/i0.wp.com\/afogadosfm.com.br\/afogadosfm\/wp-content\/uploads\/2020\/06\/cropped-banner-afogados-4.jpg?fit=369%2C137&ssl=1","width":369,"height":137,"caption":"Afogados FM"},"image":{"@id":"https:\/\/afogadosfm.com.br\/afogadosfm\/#\/schema\/logo\/image\/"}},{"@type":"Person","@id":"https:\/\/afogadosfm.com.br\/afogadosfm\/#\/schema\/person\/60e56f2cf5dc960fc093fe093d9e9057","name":"afogadosfm","image":{"@type":"ImageObject","inLanguage":"pt-BR","@id":"https:\/\/secure.gravatar.com\/avatar\/e0359add7ed5dc3560906d861b52c6a8cf5c1e199d3a7dd85070998f49bd4701?s=96&d=mm&r=g","url":"https:\/\/secure.gravatar.com\/avatar\/e0359add7ed5dc3560906d861b52c6a8cf5c1e199d3a7dd85070998f49bd4701?s=96&d=mm&r=g","contentUrl":"https:\/\/secure.gravatar.com\/avatar\/e0359add7ed5dc3560906d861b52c6a8cf5c1e199d3a7dd85070998f49bd4701?s=96&d=mm&r=g","caption":"afogadosfm"},"url":"https:\/\/afogadosfm.com.br\/afogadosfm\/author\/afogadosfm\/"}]}},"jetpack_publicize_connections":[],"jetpack_featured_media_url":"https:\/\/i0.wp.com\/afogadosfm.com.br\/afogadosfm\/wp-content\/uploads\/2025\/07\/bola.jpg?fit=300%2C168&ssl=1","jetpack-related-posts":[],"jetpack_sharing_enabled":true,"jetpack_likes_enabled":true,"_links":{"self":[{"href":"https:\/\/afogadosfm.com.br\/afogadosfm\/wp-json\/wp\/v2\/posts\/68362","targetHints":{"allow":["GET"]}}],"collection":[{"href":"https:\/\/afogadosfm.com.br\/afogadosfm\/wp-json\/wp\/v2\/posts"}],"about":[{"href":"https:\/\/afogadosfm.com.br\/afogadosfm\/wp-json\/wp\/v2\/types\/post"}],"author":[{"embeddable":true,"href":"https:\/\/afogadosfm.com.br\/afogadosfm\/wp-json\/wp\/v2\/users\/2"}],"replies":[{"embeddable":true,"href":"https:\/\/afogadosfm.com.br\/afogadosfm\/wp-json\/wp\/v2\/comments?post=68362"}],"version-history":[{"count":1,"href":"https:\/\/afogadosfm.com.br\/afogadosfm\/wp-json\/wp\/v2\/posts\/68362\/revisions"}],"predecessor-version":[{"id":68363,"href":"https:\/\/afogadosfm.com.br\/afogadosfm\/wp-json\/wp\/v2\/posts\/68362\/revisions\/68363"}],"wp:featuredmedia":[{"embeddable":true,"href":"https:\/\/afogadosfm.com.br\/afogadosfm\/wp-json\/wp\/v2\/media\/67706"}],"wp:attachment":[{"href":"https:\/\/afogadosfm.com.br\/afogadosfm\/wp-json\/wp\/v2\/media?parent=68362"}],"wp:term":[{"taxonomy":"category","embeddable":true,"href":"https:\/\/afogadosfm.com.br\/afogadosfm\/wp-json\/wp\/v2\/categories?post=68362"},{"taxonomy":"post_tag","embeddable":true,"href":"https:\/\/afogadosfm.com.br\/afogadosfm\/wp-json\/wp\/v2\/tags?post=68362"}],"curies":[{"name":"wp","href":"https:\/\/api.w.org\/{rel}","templated":true}]}}