{"id":68380,"date":"2025-08-20T06:19:37","date_gmt":"2025-08-20T09:19:37","guid":{"rendered":"https:\/\/afogadosfm.com.br\/afogadosfm\/?p=68380"},"modified":"2025-08-20T06:19:37","modified_gmt":"2025-08-20T09:19:37","slug":"camara-federal-deve-votar-nesta-quarta-feira-20-projeto-contra-adultizacao-de-criancas-e-adolescentes","status":"publish","type":"post","link":"https:\/\/afogadosfm.com.br\/afogadosfm\/2025\/08\/20\/camara-federal-deve-votar-nesta-quarta-feira-20-projeto-contra-adultizacao-de-criancas-e-adolescentes\/","title":{"rendered":"C\u00e2mara Federal deve votar nesta quarta-feira (20) projeto contra adultiza\u00e7\u00e3o de crian\u00e7as\u00a0e adolescentes"},"content":{"rendered":"\n<p>A C\u00e2mara dos Deputados deve votar nesta quarta-feira (20) o projeto que estabelece regras para a prote\u00e7\u00e3o de crian\u00e7as e adolescentes no ambiente digital. A proposta j\u00e1 foi aprovada no Senado e tem como autor o senador Alessandro Vieira (MDB-SE).<\/p>\n\n\n\n<p>O texto prev\u00ea que as plataformas digitais adotem o chamado dever de cuidado, princ\u00edpio jur\u00eddico que obriga a ado\u00e7\u00e3o de medidas para evitar danos a terceiros e permite a responsabiliza\u00e7\u00e3o por omiss\u00e3o.<\/p>\n\n\n\n<p><strong>O que prev\u00ea o projeto<\/strong><\/p>\n\n\n\n<p>As empresas de tecnologia com produtos voltados ou acessados por menores dever\u00e3o adotar mecanismos para prevenir ou mitigar exposi\u00e7\u00e3o a conte\u00fados de:<\/p>\n\n\n\n<ul class=\"wp-block-list\">\n<li>explora\u00e7\u00e3o e abuso sexual;<\/li>\n\n\n\n<li>viol\u00eancia f\u00edsica, bullying virtual e ass\u00e9dio;<\/li>\n\n\n\n<li>incentivo \u00e0 automutila\u00e7\u00e3o e transtornos de sa\u00fade mental;<\/li>\n\n\n\n<li>jogos de azar, tabaco, \u00e1lcool e drogas;<\/li>\n\n\n\n<li>publicidade enganosa.<\/li>\n<\/ul>\n\n\n\n<p><strong>Al\u00e9m disso, as plataformas ter\u00e3o que:<\/strong><\/p>\n\n\n\n<ul class=\"wp-block-list\">\n<li>realizar avalia\u00e7\u00f5es de risco e disponibilizar ferramentas de controle parental;<\/li>\n\n\n\n<li>derrubar imediatamente conte\u00fados ilegais de abuso sexual infantil, mesmo sem ordem judicial, ap\u00f3s notifica\u00e7\u00e3o;<\/li>\n\n\n\n<li>adotar barreiras confi\u00e1veis de verifica\u00e7\u00e3o de idade em sites pornogr\u00e1ficos;<\/li>\n\n\n\n<li>proibir perfis comportamentais de menores para fins publicit\u00e1rios;<\/li>\n\n\n\n<li>impedir a venda de \u201cloot boxes\u201d em jogos eletr\u00f4nicos direcionados a crian\u00e7as e adolescentes;<\/li>\n\n\n\n<li>vincular perfis de menores \u00e0s contas de seus respons\u00e1veis legais.<\/li>\n<\/ul>\n\n\n\n<p><strong>Controle parental<\/strong><\/p>\n\n\n\n<p>Outra medida \u00e9 a configura\u00e7\u00e3o padr\u00e3o das ferramentas de controle parental. As configura\u00e7\u00f5es dever\u00e3o:<\/p>\n\n\n\n<ul class=\"wp-block-list\">\n<li>limitar a capacidade de outros indiv\u00edduos de se comunicarem com crian\u00e7as e adolescentes;<\/li>\n\n\n\n<li>impedir que usu\u00e1rios n\u00e3o autorizados acessem os dados pessoais do p\u00fablico infantojuvenil;<\/li>\n\n\n\n<li>limitar o tempo de uso do produto ou servi\u00e7o e o funcionamento de recursos que estendam a sua utiliza\u00e7\u00e3o;<\/li>\n\n\n\n<li>controlar sistemas de recomenda\u00e7\u00e3o personalizados;<\/li>\n\n\n\n<li>restringir o compartilhamento da geolocaliza\u00e7\u00e3o;<\/li>\n\n\n\n<li>promover educa\u00e7\u00e3o midi\u00e1tica quanto ao uso seguro das m\u00eddias digitais;<\/li>\n\n\n\n<li>controlar ferramentas de intelig\u00eancia artificial que n\u00e3o sejam estritamente necess\u00e1rias para o funcionamento do produto ou servi\u00e7o.<\/li>\n<\/ul>\n\n\n\n<p><strong>Puni\u00e7\u00f5es<\/strong><\/p>\n\n\n\n<p>O descumprimento das regras poder\u00e1 gerar san\u00e7\u00f5es c\u00edveis, criminais e administrativas. Entre as penalidades previstas est\u00e3o:<\/p>\n\n\n\n<ul class=\"wp-block-list\">\n<li>advert\u00eancia com prazo para corre\u00e7\u00e3o;<\/li>\n\n\n\n<li>multa de at\u00e9 10% do faturamento ou at\u00e9 R$ 50 milh\u00f5es por infra\u00e7\u00e3o;<\/li>\n\n\n\n<li>suspens\u00e3o tempor\u00e1ria das atividades;<\/li>\n\n\n\n<li>proibi\u00e7\u00e3o definitiva de funcionamento no Brasil.<\/li>\n<\/ul>\n\n\n\n<p>Os valores arrecadados ir\u00e3o para o Fundo Nacional para a Crian\u00e7a e o Adolescente.<\/p>\n\n\n\n<p><strong>Urg\u00eancia aprovada<\/strong><\/p>\n\n\n\n<p>Na ter\u00e7a-feira (19), a C\u00e2mara aprovou em vota\u00e7\u00e3o simb\u00f3lica a urg\u00eancia para a tramita\u00e7\u00e3o do projeto. O processo r\u00e1pido gerou protestos da oposi\u00e7\u00e3o, que pediu o registro nominal dos votos, mas o requerimento foi apresentado ap\u00f3s a aprova\u00e7\u00e3o.<\/p>\n\n\n\n<p>Parlamentares contr\u00e1rios alegam risco de \u201ccensura\u201d e criticam a reda\u00e7\u00e3o de um trecho que determina a aplica\u00e7\u00e3o da lei a produtos ou servi\u00e7os de \u201cacesso prov\u00e1vel\u201d por menores, considerada uma express\u00e3o vaga.<\/p>\n","protected":false},"excerpt":{"rendered":"<p>A C\u00e2mara dos Deputados deve votar nesta quarta-feira (20) o projeto que estabelece regras para a prote\u00e7\u00e3o de crian\u00e7as e<\/p>\n","protected":false},"author":2,"featured_media":32756,"comment_status":"open","ping_status":"open","sticky":false,"template":"","format":"standard","meta":{"jetpack_post_was_ever_published":false,"_jetpack_newsletter_access":"","_jetpack_dont_email_post_to_subs":false,"_jetpack_newsletter_tier_id":0,"_jetpack_memberships_contains_paywalled_content":false,"_jetpack_memberships_contains_paid_content":false,"footnotes":"","jetpack_publicize_message":"","jetpack_publicize_feature_enabled":true,"jetpack_social_post_already_shared":true,"jetpack_social_options":{"image_generator_settings":{"template":"highway","default_image_id":0,"font":"","enabled":false},"version":2}},"categories":[12],"tags":[],"class_list":["post-68380","post","type-post","status-publish","format-standard","has-post-thumbnail","hentry","category-brasil"],"yoast_head":"<!-- This site is optimized with the Yoast SEO plugin v27.5 - https:\/\/yoast.com\/product\/yoast-seo-wordpress\/ -->\n<title>C\u00e2mara Federal deve votar nesta quarta-feira (20) projeto contra adultiza\u00e7\u00e3o de crian\u00e7as\u00a0e adolescentes - Afogados FM<\/title>\n<meta name=\"robots\" content=\"index, follow, max-snippet:-1, max-image-preview:large, max-video-preview:-1\" \/>\n<link rel=\"canonical\" href=\"https:\/\/afogadosfm.com.br\/afogadosfm\/2025\/08\/20\/camara-federal-deve-votar-nesta-quarta-feira-20-projeto-contra-adultizacao-de-criancas-e-adolescentes\/\" \/>\n<meta property=\"og:locale\" content=\"pt_BR\" \/>\n<meta property=\"og:type\" content=\"article\" \/>\n<meta property=\"og:title\" content=\"C\u00e2mara Federal deve votar nesta quarta-feira (20) projeto contra adultiza\u00e7\u00e3o de crian\u00e7as\u00a0e adolescentes - Afogados FM\" \/>\n<meta property=\"og:description\" content=\"A C\u00e2mara dos Deputados deve votar nesta quarta-feira (20) o projeto que estabelece regras para a prote\u00e7\u00e3o de crian\u00e7as e\" \/>\n<meta property=\"og:url\" content=\"https:\/\/afogadosfm.com.br\/afogadosfm\/2025\/08\/20\/camara-federal-deve-votar-nesta-quarta-feira-20-projeto-contra-adultizacao-de-criancas-e-adolescentes\/\" \/>\n<meta property=\"og:site_name\" content=\"Afogados FM\" \/>\n<meta property=\"article:published_time\" content=\"2025-08-20T09:19:37+00:00\" \/>\n<meta property=\"og:image\" content=\"https:\/\/afogadosfm.com.br\/afogadosfm\/wp-content\/uploads\/2021\/11\/51353479591_39626c972e_o.jpg\" \/>\n\t<meta property=\"og:image:width\" content=\"390\" \/>\n\t<meta property=\"og:image:height\" content=\"240\" \/>\n\t<meta property=\"og:image:type\" content=\"image\/jpeg\" \/>\n<meta name=\"author\" content=\"afogadosfm\" \/>\n<meta name=\"twitter:card\" content=\"summary_large_image\" \/>\n<meta name=\"twitter:label1\" content=\"Escrito por\" \/>\n\t<meta name=\"twitter:data1\" content=\"afogadosfm\" \/>\n\t<meta name=\"twitter:label2\" content=\"Est. tempo de leitura\" \/>\n\t<meta name=\"twitter:data2\" content=\"3 minutos\" \/>\n<script type=\"application\/ld+json\" class=\"yoast-schema-graph\">{\"@context\":\"https:\\\/\\\/schema.org\",\"@graph\":[{\"@type\":\"Article\",\"@id\":\"https:\\\/\\\/afogadosfm.com.br\\\/afogadosfm\\\/2025\\\/08\\\/20\\\/camara-federal-deve-votar-nesta-quarta-feira-20-projeto-contra-adultizacao-de-criancas-e-adolescentes\\\/#article\",\"isPartOf\":{\"@id\":\"https:\\\/\\\/afogadosfm.com.br\\\/afogadosfm\\\/2025\\\/08\\\/20\\\/camara-federal-deve-votar-nesta-quarta-feira-20-projeto-contra-adultizacao-de-criancas-e-adolescentes\\\/\"},\"author\":{\"name\":\"afogadosfm\",\"@id\":\"https:\\\/\\\/afogadosfm.com.br\\\/afogadosfm\\\/#\\\/schema\\\/person\\\/60e56f2cf5dc960fc093fe093d9e9057\"},\"headline\":\"C\u00e2mara Federal deve votar nesta quarta-feira (20) projeto contra adultiza\u00e7\u00e3o de crian\u00e7as\u00a0e adolescentes\",\"datePublished\":\"2025-08-20T09:19:37+00:00\",\"mainEntityOfPage\":{\"@id\":\"https:\\\/\\\/afogadosfm.com.br\\\/afogadosfm\\\/2025\\\/08\\\/20\\\/camara-federal-deve-votar-nesta-quarta-feira-20-projeto-contra-adultizacao-de-criancas-e-adolescentes\\\/\"},\"wordCount\":516,\"commentCount\":0,\"publisher\":{\"@id\":\"https:\\\/\\\/afogadosfm.com.br\\\/afogadosfm\\\/#organization\"},\"image\":{\"@id\":\"https:\\\/\\\/afogadosfm.com.br\\\/afogadosfm\\\/2025\\\/08\\\/20\\\/camara-federal-deve-votar-nesta-quarta-feira-20-projeto-contra-adultizacao-de-criancas-e-adolescentes\\\/#primaryimage\"},\"thumbnailUrl\":\"https:\\\/\\\/i0.wp.com\\\/afogadosfm.com.br\\\/afogadosfm\\\/wp-content\\\/uploads\\\/2021\\\/11\\\/51353479591_39626c972e_o.jpg?fit=390%2C240&ssl=1\",\"articleSection\":[\"Brasil\"],\"inLanguage\":\"pt-BR\",\"potentialAction\":[{\"@type\":\"CommentAction\",\"name\":\"Comment\",\"target\":[\"https:\\\/\\\/afogadosfm.com.br\\\/afogadosfm\\\/2025\\\/08\\\/20\\\/camara-federal-deve-votar-nesta-quarta-feira-20-projeto-contra-adultizacao-de-criancas-e-adolescentes\\\/#respond\"]}]},{\"@type\":\"WebPage\",\"@id\":\"https:\\\/\\\/afogadosfm.com.br\\\/afogadosfm\\\/2025\\\/08\\\/20\\\/camara-federal-deve-votar-nesta-quarta-feira-20-projeto-contra-adultizacao-de-criancas-e-adolescentes\\\/\",\"url\":\"https:\\\/\\\/afogadosfm.com.br\\\/afogadosfm\\\/2025\\\/08\\\/20\\\/camara-federal-deve-votar-nesta-quarta-feira-20-projeto-contra-adultizacao-de-criancas-e-adolescentes\\\/\",\"name\":\"C\u00e2mara Federal deve votar nesta quarta-feira (20) projeto contra adultiza\u00e7\u00e3o de crian\u00e7as\u00a0e adolescentes - Afogados FM\",\"isPartOf\":{\"@id\":\"https:\\\/\\\/afogadosfm.com.br\\\/afogadosfm\\\/#website\"},\"primaryImageOfPage\":{\"@id\":\"https:\\\/\\\/afogadosfm.com.br\\\/afogadosfm\\\/2025\\\/08\\\/20\\\/camara-federal-deve-votar-nesta-quarta-feira-20-projeto-contra-adultizacao-de-criancas-e-adolescentes\\\/#primaryimage\"},\"image\":{\"@id\":\"https:\\\/\\\/afogadosfm.com.br\\\/afogadosfm\\\/2025\\\/08\\\/20\\\/camara-federal-deve-votar-nesta-quarta-feira-20-projeto-contra-adultizacao-de-criancas-e-adolescentes\\\/#primaryimage\"},\"thumbnailUrl\":\"https:\\\/\\\/i0.wp.com\\\/afogadosfm.com.br\\\/afogadosfm\\\/wp-content\\\/uploads\\\/2021\\\/11\\\/51353479591_39626c972e_o.jpg?fit=390%2C240&ssl=1\",\"datePublished\":\"2025-08-20T09:19:37+00:00\",\"breadcrumb\":{\"@id\":\"https:\\\/\\\/afogadosfm.com.br\\\/afogadosfm\\\/2025\\\/08\\\/20\\\/camara-federal-deve-votar-nesta-quarta-feira-20-projeto-contra-adultizacao-de-criancas-e-adolescentes\\\/#breadcrumb\"},\"inLanguage\":\"pt-BR\",\"potentialAction\":[{\"@type\":\"ReadAction\",\"target\":[\"https:\\\/\\\/afogadosfm.com.br\\\/afogadosfm\\\/2025\\\/08\\\/20\\\/camara-federal-deve-votar-nesta-quarta-feira-20-projeto-contra-adultizacao-de-criancas-e-adolescentes\\\/\"]}]},{\"@type\":\"ImageObject\",\"inLanguage\":\"pt-BR\",\"@id\":\"https:\\\/\\\/afogadosfm.com.br\\\/afogadosfm\\\/2025\\\/08\\\/20\\\/camara-federal-deve-votar-nesta-quarta-feira-20-projeto-contra-adultizacao-de-criancas-e-adolescentes\\\/#primaryimage\",\"url\":\"https:\\\/\\\/i0.wp.com\\\/afogadosfm.com.br\\\/afogadosfm\\\/wp-content\\\/uploads\\\/2021\\\/11\\\/51353479591_39626c972e_o.jpg?fit=390%2C240&ssl=1\",\"contentUrl\":\"https:\\\/\\\/i0.wp.com\\\/afogadosfm.com.br\\\/afogadosfm\\\/wp-content\\\/uploads\\\/2021\\\/11\\\/51353479591_39626c972e_o.jpg?fit=390%2C240&ssl=1\",\"width\":390,\"height\":240,\"caption\":\"O Congresso Nacional est\u00e1 iluminado com a cor laranja em apoio \u00e0 Semana Mundial de Amamenta\u00e7\u00e3o e ao M\u00eas do Aleitamento Materno, institu\u00eddo no Brasil pela Lei 13.435\\\/2.017. A solicita\u00e7\u00e3o partiu do Minist\u00e9rio da Sa\u00fade e o tema da campanha deste ano \u00e9 \u201cProteger a amamenta\u00e7\u00e3o: uma responsabilidade compartilhada\u201d. Segundo o minist\u00e9rio, o m\u00eas da campanha \u00e9 conhecido como \u201cAgosto Dourado\u201d, porque a cor dourada est\u00e1 relacionada ao padr\u00e3o ouro de qualidade do leite materno. A ilumina\u00e7\u00e3o ficar\u00e1 at\u00e9 o dia 7 deste m\u00eas. Foto: Waldemir Barreto\\\/Ag\u00eancia Senado\"},{\"@type\":\"BreadcrumbList\",\"@id\":\"https:\\\/\\\/afogadosfm.com.br\\\/afogadosfm\\\/2025\\\/08\\\/20\\\/camara-federal-deve-votar-nesta-quarta-feira-20-projeto-contra-adultizacao-de-criancas-e-adolescentes\\\/#breadcrumb\",\"itemListElement\":[{\"@type\":\"ListItem\",\"position\":1,\"name\":\"In\u00edcio\",\"item\":\"https:\\\/\\\/afogadosfm.com.br\\\/afogadosfm\\\/\"},{\"@type\":\"ListItem\",\"position\":2,\"name\":\"C\u00e2mara Federal deve votar nesta quarta-feira (20) projeto contra adultiza\u00e7\u00e3o de crian\u00e7as\u00a0e adolescentes\"}]},{\"@type\":\"WebSite\",\"@id\":\"https:\\\/\\\/afogadosfm.com.br\\\/afogadosfm\\\/#website\",\"url\":\"https:\\\/\\\/afogadosfm.com.br\\\/afogadosfm\\\/\",\"name\":\"Afogados FM\",\"description\":\"Um site completo!\",\"publisher\":{\"@id\":\"https:\\\/\\\/afogadosfm.com.br\\\/afogadosfm\\\/#organization\"},\"potentialAction\":[{\"@type\":\"SearchAction\",\"target\":{\"@type\":\"EntryPoint\",\"urlTemplate\":\"https:\\\/\\\/afogadosfm.com.br\\\/afogadosfm\\\/?s={search_term_string}\"},\"query-input\":{\"@type\":\"PropertyValueSpecification\",\"valueRequired\":true,\"valueName\":\"search_term_string\"}}],\"inLanguage\":\"pt-BR\"},{\"@type\":\"Organization\",\"@id\":\"https:\\\/\\\/afogadosfm.com.br\\\/afogadosfm\\\/#organization\",\"name\":\"Afogados FM\",\"url\":\"https:\\\/\\\/afogadosfm.com.br\\\/afogadosfm\\\/\",\"logo\":{\"@type\":\"ImageObject\",\"inLanguage\":\"pt-BR\",\"@id\":\"https:\\\/\\\/afogadosfm.com.br\\\/afogadosfm\\\/#\\\/schema\\\/logo\\\/image\\\/\",\"url\":\"https:\\\/\\\/i0.wp.com\\\/afogadosfm.com.br\\\/afogadosfm\\\/wp-content\\\/uploads\\\/2020\\\/06\\\/cropped-banner-afogados-4.jpg?fit=369%2C137&ssl=1\",\"contentUrl\":\"https:\\\/\\\/i0.wp.com\\\/afogadosfm.com.br\\\/afogadosfm\\\/wp-content\\\/uploads\\\/2020\\\/06\\\/cropped-banner-afogados-4.jpg?fit=369%2C137&ssl=1\",\"width\":369,\"height\":137,\"caption\":\"Afogados FM\"},\"image\":{\"@id\":\"https:\\\/\\\/afogadosfm.com.br\\\/afogadosfm\\\/#\\\/schema\\\/logo\\\/image\\\/\"}},{\"@type\":\"Person\",\"@id\":\"https:\\\/\\\/afogadosfm.com.br\\\/afogadosfm\\\/#\\\/schema\\\/person\\\/60e56f2cf5dc960fc093fe093d9e9057\",\"name\":\"afogadosfm\",\"image\":{\"@type\":\"ImageObject\",\"inLanguage\":\"pt-BR\",\"@id\":\"https:\\\/\\\/secure.gravatar.com\\\/avatar\\\/e0359add7ed5dc3560906d861b52c6a8cf5c1e199d3a7dd85070998f49bd4701?s=96&d=mm&r=g\",\"url\":\"https:\\\/\\\/secure.gravatar.com\\\/avatar\\\/e0359add7ed5dc3560906d861b52c6a8cf5c1e199d3a7dd85070998f49bd4701?s=96&d=mm&r=g\",\"contentUrl\":\"https:\\\/\\\/secure.gravatar.com\\\/avatar\\\/e0359add7ed5dc3560906d861b52c6a8cf5c1e199d3a7dd85070998f49bd4701?s=96&d=mm&r=g\",\"caption\":\"afogadosfm\"},\"url\":\"https:\\\/\\\/afogadosfm.com.br\\\/afogadosfm\\\/author\\\/afogadosfm\\\/\"}]}<\/script>\n<!-- \/ Yoast SEO plugin. -->","yoast_head_json":{"title":"C\u00e2mara Federal deve votar nesta quarta-feira (20) projeto contra adultiza\u00e7\u00e3o de crian\u00e7as\u00a0e adolescentes - Afogados FM","robots":{"index":"index","follow":"follow","max-snippet":"max-snippet:-1","max-image-preview":"max-image-preview:large","max-video-preview":"max-video-preview:-1"},"canonical":"https:\/\/afogadosfm.com.br\/afogadosfm\/2025\/08\/20\/camara-federal-deve-votar-nesta-quarta-feira-20-projeto-contra-adultizacao-de-criancas-e-adolescentes\/","og_locale":"pt_BR","og_type":"article","og_title":"C\u00e2mara Federal deve votar nesta quarta-feira (20) projeto contra adultiza\u00e7\u00e3o de crian\u00e7as\u00a0e adolescentes - Afogados FM","og_description":"A C\u00e2mara dos Deputados deve votar nesta quarta-feira (20) o projeto que estabelece regras para a prote\u00e7\u00e3o de crian\u00e7as e","og_url":"https:\/\/afogadosfm.com.br\/afogadosfm\/2025\/08\/20\/camara-federal-deve-votar-nesta-quarta-feira-20-projeto-contra-adultizacao-de-criancas-e-adolescentes\/","og_site_name":"Afogados FM","article_published_time":"2025-08-20T09:19:37+00:00","og_image":[{"width":390,"height":240,"url":"https:\/\/afogadosfm.com.br\/afogadosfm\/wp-content\/uploads\/2021\/11\/51353479591_39626c972e_o.jpg","type":"image\/jpeg"}],"author":"afogadosfm","twitter_card":"summary_large_image","twitter_misc":{"Escrito por":"afogadosfm","Est. tempo de leitura":"3 minutos"},"schema":{"@context":"https:\/\/schema.org","@graph":[{"@type":"Article","@id":"https:\/\/afogadosfm.com.br\/afogadosfm\/2025\/08\/20\/camara-federal-deve-votar-nesta-quarta-feira-20-projeto-contra-adultizacao-de-criancas-e-adolescentes\/#article","isPartOf":{"@id":"https:\/\/afogadosfm.com.br\/afogadosfm\/2025\/08\/20\/camara-federal-deve-votar-nesta-quarta-feira-20-projeto-contra-adultizacao-de-criancas-e-adolescentes\/"},"author":{"name":"afogadosfm","@id":"https:\/\/afogadosfm.com.br\/afogadosfm\/#\/schema\/person\/60e56f2cf5dc960fc093fe093d9e9057"},"headline":"C\u00e2mara Federal deve votar nesta quarta-feira (20) projeto contra adultiza\u00e7\u00e3o de crian\u00e7as\u00a0e adolescentes","datePublished":"2025-08-20T09:19:37+00:00","mainEntityOfPage":{"@id":"https:\/\/afogadosfm.com.br\/afogadosfm\/2025\/08\/20\/camara-federal-deve-votar-nesta-quarta-feira-20-projeto-contra-adultizacao-de-criancas-e-adolescentes\/"},"wordCount":516,"commentCount":0,"publisher":{"@id":"https:\/\/afogadosfm.com.br\/afogadosfm\/#organization"},"image":{"@id":"https:\/\/afogadosfm.com.br\/afogadosfm\/2025\/08\/20\/camara-federal-deve-votar-nesta-quarta-feira-20-projeto-contra-adultizacao-de-criancas-e-adolescentes\/#primaryimage"},"thumbnailUrl":"https:\/\/i0.wp.com\/afogadosfm.com.br\/afogadosfm\/wp-content\/uploads\/2021\/11\/51353479591_39626c972e_o.jpg?fit=390%2C240&ssl=1","articleSection":["Brasil"],"inLanguage":"pt-BR","potentialAction":[{"@type":"CommentAction","name":"Comment","target":["https:\/\/afogadosfm.com.br\/afogadosfm\/2025\/08\/20\/camara-federal-deve-votar-nesta-quarta-feira-20-projeto-contra-adultizacao-de-criancas-e-adolescentes\/#respond"]}]},{"@type":"WebPage","@id":"https:\/\/afogadosfm.com.br\/afogadosfm\/2025\/08\/20\/camara-federal-deve-votar-nesta-quarta-feira-20-projeto-contra-adultizacao-de-criancas-e-adolescentes\/","url":"https:\/\/afogadosfm.com.br\/afogadosfm\/2025\/08\/20\/camara-federal-deve-votar-nesta-quarta-feira-20-projeto-contra-adultizacao-de-criancas-e-adolescentes\/","name":"C\u00e2mara Federal deve votar nesta quarta-feira (20) projeto contra adultiza\u00e7\u00e3o de crian\u00e7as\u00a0e adolescentes - Afogados FM","isPartOf":{"@id":"https:\/\/afogadosfm.com.br\/afogadosfm\/#website"},"primaryImageOfPage":{"@id":"https:\/\/afogadosfm.com.br\/afogadosfm\/2025\/08\/20\/camara-federal-deve-votar-nesta-quarta-feira-20-projeto-contra-adultizacao-de-criancas-e-adolescentes\/#primaryimage"},"image":{"@id":"https:\/\/afogadosfm.com.br\/afogadosfm\/2025\/08\/20\/camara-federal-deve-votar-nesta-quarta-feira-20-projeto-contra-adultizacao-de-criancas-e-adolescentes\/#primaryimage"},"thumbnailUrl":"https:\/\/i0.wp.com\/afogadosfm.com.br\/afogadosfm\/wp-content\/uploads\/2021\/11\/51353479591_39626c972e_o.jpg?fit=390%2C240&ssl=1","datePublished":"2025-08-20T09:19:37+00:00","breadcrumb":{"@id":"https:\/\/afogadosfm.com.br\/afogadosfm\/2025\/08\/20\/camara-federal-deve-votar-nesta-quarta-feira-20-projeto-contra-adultizacao-de-criancas-e-adolescentes\/#breadcrumb"},"inLanguage":"pt-BR","potentialAction":[{"@type":"ReadAction","target":["https:\/\/afogadosfm.com.br\/afogadosfm\/2025\/08\/20\/camara-federal-deve-votar-nesta-quarta-feira-20-projeto-contra-adultizacao-de-criancas-e-adolescentes\/"]}]},{"@type":"ImageObject","inLanguage":"pt-BR","@id":"https:\/\/afogadosfm.com.br\/afogadosfm\/2025\/08\/20\/camara-federal-deve-votar-nesta-quarta-feira-20-projeto-contra-adultizacao-de-criancas-e-adolescentes\/#primaryimage","url":"https:\/\/i0.wp.com\/afogadosfm.com.br\/afogadosfm\/wp-content\/uploads\/2021\/11\/51353479591_39626c972e_o.jpg?fit=390%2C240&ssl=1","contentUrl":"https:\/\/i0.wp.com\/afogadosfm.com.br\/afogadosfm\/wp-content\/uploads\/2021\/11\/51353479591_39626c972e_o.jpg?fit=390%2C240&ssl=1","width":390,"height":240,"caption":"O Congresso Nacional est\u00e1 iluminado com a cor laranja em apoio \u00e0 Semana Mundial de Amamenta\u00e7\u00e3o e ao M\u00eas do Aleitamento Materno, institu\u00eddo no Brasil pela Lei 13.435\/2.017. A solicita\u00e7\u00e3o partiu do Minist\u00e9rio da Sa\u00fade e o tema da campanha deste ano \u00e9 \u201cProteger a amamenta\u00e7\u00e3o: uma responsabilidade compartilhada\u201d. Segundo o minist\u00e9rio, o m\u00eas da campanha \u00e9 conhecido como \u201cAgosto Dourado\u201d, porque a cor dourada est\u00e1 relacionada ao padr\u00e3o ouro de qualidade do leite materno. A ilumina\u00e7\u00e3o ficar\u00e1 at\u00e9 o dia 7 deste m\u00eas. Foto: Waldemir Barreto\/Ag\u00eancia Senado"},{"@type":"BreadcrumbList","@id":"https:\/\/afogadosfm.com.br\/afogadosfm\/2025\/08\/20\/camara-federal-deve-votar-nesta-quarta-feira-20-projeto-contra-adultizacao-de-criancas-e-adolescentes\/#breadcrumb","itemListElement":[{"@type":"ListItem","position":1,"name":"In\u00edcio","item":"https:\/\/afogadosfm.com.br\/afogadosfm\/"},{"@type":"ListItem","position":2,"name":"C\u00e2mara Federal deve votar nesta quarta-feira (20) projeto contra adultiza\u00e7\u00e3o de crian\u00e7as\u00a0e adolescentes"}]},{"@type":"WebSite","@id":"https:\/\/afogadosfm.com.br\/afogadosfm\/#website","url":"https:\/\/afogadosfm.com.br\/afogadosfm\/","name":"Afogados FM","description":"Um site completo!","publisher":{"@id":"https:\/\/afogadosfm.com.br\/afogadosfm\/#organization"},"potentialAction":[{"@type":"SearchAction","target":{"@type":"EntryPoint","urlTemplate":"https:\/\/afogadosfm.com.br\/afogadosfm\/?s={search_term_string}"},"query-input":{"@type":"PropertyValueSpecification","valueRequired":true,"valueName":"search_term_string"}}],"inLanguage":"pt-BR"},{"@type":"Organization","@id":"https:\/\/afogadosfm.com.br\/afogadosfm\/#organization","name":"Afogados FM","url":"https:\/\/afogadosfm.com.br\/afogadosfm\/","logo":{"@type":"ImageObject","inLanguage":"pt-BR","@id":"https:\/\/afogadosfm.com.br\/afogadosfm\/#\/schema\/logo\/image\/","url":"https:\/\/i0.wp.com\/afogadosfm.com.br\/afogadosfm\/wp-content\/uploads\/2020\/06\/cropped-banner-afogados-4.jpg?fit=369%2C137&ssl=1","contentUrl":"https:\/\/i0.wp.com\/afogadosfm.com.br\/afogadosfm\/wp-content\/uploads\/2020\/06\/cropped-banner-afogados-4.jpg?fit=369%2C137&ssl=1","width":369,"height":137,"caption":"Afogados FM"},"image":{"@id":"https:\/\/afogadosfm.com.br\/afogadosfm\/#\/schema\/logo\/image\/"}},{"@type":"Person","@id":"https:\/\/afogadosfm.com.br\/afogadosfm\/#\/schema\/person\/60e56f2cf5dc960fc093fe093d9e9057","name":"afogadosfm","image":{"@type":"ImageObject","inLanguage":"pt-BR","@id":"https:\/\/secure.gravatar.com\/avatar\/e0359add7ed5dc3560906d861b52c6a8cf5c1e199d3a7dd85070998f49bd4701?s=96&d=mm&r=g","url":"https:\/\/secure.gravatar.com\/avatar\/e0359add7ed5dc3560906d861b52c6a8cf5c1e199d3a7dd85070998f49bd4701?s=96&d=mm&r=g","contentUrl":"https:\/\/secure.gravatar.com\/avatar\/e0359add7ed5dc3560906d861b52c6a8cf5c1e199d3a7dd85070998f49bd4701?s=96&d=mm&r=g","caption":"afogadosfm"},"url":"https:\/\/afogadosfm.com.br\/afogadosfm\/author\/afogadosfm\/"}]}},"jetpack_publicize_connections":[],"jetpack_featured_media_url":"https:\/\/i0.wp.com\/afogadosfm.com.br\/afogadosfm\/wp-content\/uploads\/2021\/11\/51353479591_39626c972e_o.jpg?fit=390%2C240&ssl=1","jetpack-related-posts":[],"jetpack_sharing_enabled":true,"jetpack_likes_enabled":true,"_links":{"self":[{"href":"https:\/\/afogadosfm.com.br\/afogadosfm\/wp-json\/wp\/v2\/posts\/68380","targetHints":{"allow":["GET"]}}],"collection":[{"href":"https:\/\/afogadosfm.com.br\/afogadosfm\/wp-json\/wp\/v2\/posts"}],"about":[{"href":"https:\/\/afogadosfm.com.br\/afogadosfm\/wp-json\/wp\/v2\/types\/post"}],"author":[{"embeddable":true,"href":"https:\/\/afogadosfm.com.br\/afogadosfm\/wp-json\/wp\/v2\/users\/2"}],"replies":[{"embeddable":true,"href":"https:\/\/afogadosfm.com.br\/afogadosfm\/wp-json\/wp\/v2\/comments?post=68380"}],"version-history":[{"count":1,"href":"https:\/\/afogadosfm.com.br\/afogadosfm\/wp-json\/wp\/v2\/posts\/68380\/revisions"}],"predecessor-version":[{"id":68381,"href":"https:\/\/afogadosfm.com.br\/afogadosfm\/wp-json\/wp\/v2\/posts\/68380\/revisions\/68381"}],"wp:featuredmedia":[{"embeddable":true,"href":"https:\/\/afogadosfm.com.br\/afogadosfm\/wp-json\/wp\/v2\/media\/32756"}],"wp:attachment":[{"href":"https:\/\/afogadosfm.com.br\/afogadosfm\/wp-json\/wp\/v2\/media?parent=68380"}],"wp:term":[{"taxonomy":"category","embeddable":true,"href":"https:\/\/afogadosfm.com.br\/afogadosfm\/wp-json\/wp\/v2\/categories?post=68380"},{"taxonomy":"post_tag","embeddable":true,"href":"https:\/\/afogadosfm.com.br\/afogadosfm\/wp-json\/wp\/v2\/tags?post=68380"}],"curies":[{"name":"wp","href":"https:\/\/api.w.org\/{rel}","templated":true}]}}