{"id":68382,"date":"2025-08-20T06:25:52","date_gmt":"2025-08-20T09:25:52","guid":{"rendered":"https:\/\/afogadosfm.com.br\/afogadosfm\/?p=68382"},"modified":"2025-08-20T06:25:52","modified_gmt":"2025-08-20T09:25:52","slug":"afogadense-alexandre-morais-em-legua-tirana-o-filme","status":"publish","type":"post","link":"https:\/\/afogadosfm.com.br\/afogadosfm\/2025\/08\/20\/afogadense-alexandre-morais-em-legua-tirana-o-filme\/","title":{"rendered":"Afogadense Alexandre Morais em L\u00e9gua Tirana, \u201co filme\u201d"},"content":{"rendered":"\n<p>O afogadense, poeta, produtor cultural, cordelista, declamador e ator, Alexandre Morais, ter\u00e1 a sua estreia nas telas dos cinemas de todo o Brasil a partir do dia 21 de agosto, especialmente na capital pernambucana. O poeta, como \u00e9 conhecido, tamb\u00e9m tem seu sangue correndo na veia da s\u00e9tima arte.<\/p>\n\n\n\n<p>Depois de participar de alguns curtas como \u201cA Bailarina e a Mo\u00e7a\u201d, \u201cReden\u00e7\u00e3o\u201d, \u201cLiberdade Condicional\u201d, \u201cO Eu e O Outro\u201d, \u201cPra Tocar os Dias\u201d. Al\u00e9m da produ\u00e7\u00e3o e roteiro em \u201cAs Quatro Velas\u201d, \u201cA L\u00edngua do P\u201d, \u201cHu-Manos e \u201cTransposi\u00e7\u00e3o\u201d, todos estes gravados em Afogados da Ingazeira, Morais, a convite do produtor Marcos Carvalho, parte para o munic\u00edpio de Ex\u00fa, na regi\u00e3o do Araripe, terra de Luiz Gonzaga, onde inicia as grava\u00e7\u00f5es de \u201cL\u00e9gua Tirana\u201d.<\/p>\n\n\n\n<p>Alexandre Morais ficou na responsabilidade de representar o Coronel Raimundo, pai de Nazinha, a primeira paix\u00e3o do Rei do Bai\u00e3o, e o respons\u00e1vel pela surra que motivou a partida de Gonzaga da Velho Ex\u00fa.<\/p>\n\n\n\n<figure class=\"wp-block-image\"><img data-recalc-dims=\"1\" height=\"473\" width=\"840\" decoding=\"async\" src=\"https:\/\/i0.wp.com\/corujaodopepeu.com.br\/wp-content\/uploads\/2025\/08\/WhatsApp-Image-2025-08-19-at-22.32.12-1200x675.jpeg?resize=840%2C473&#038;ssl=1\" alt=\"\" class=\"wp-image-2583\"\/><figcaption class=\"wp-element-caption\">Foto: Alexandre Morais em cena que representa o Coronel Raimundo \u2013 Reprodu\u00e7\u00e3o YouTube<\/figcaption><\/figure>\n\n\n\n<p>&nbsp;&nbsp;&nbsp;&nbsp;&nbsp;&nbsp; Tive o prazer de assistir ao trailer do filme e, embora n\u00e3o seja cr\u00edtico de cinema, \u00e9 percept\u00edvel a boa atua\u00e7\u00e3o do afogadense nas cenas em que participa. O olhar e fala firme dos bons atores ser\u00e1 refletida na telona em todas as cenas representadas pelo poeta.<\/p>\n\n\n\n<p>Luiz Gonzaga \u2013 L\u00e9gua Tirana, \u00e9 nada mais nada menos que um belo passeio entre a inf\u00e2ncia e a adolesc\u00eancia do maior \u00edcone da m\u00fasica nordestina, Luiz Gonzaga, onde ficar\u00e3o evidentes as principais refer\u00eancias culturais e religiosas que o levaram a escrever can\u00e7\u00f5es simb\u00f3licas e marcantes.<\/p>\n\n\n\n<p>Alexandre Jos\u00e9 Lira de Morais, ou o poeta Alexandre Morais, como \u00e9 mais conhecido, estreia nas telas dos cinemas brasileiros passeando poeticamente entre estrelas j\u00e1 conhecidas do p\u00fablico, como Tonico Pereira, Cl\u00e1udia Ohana, Luiz Carlos Vasconcelos, Chambinho do Acordeon, Wellington Lugo, Kayro Oliveira, Ivanildo Gomes Nogueira (Bator\u00e9 da Pra\u00e7a \u00e9 Nossa) e o nosso Coronel Raimundo, Alexandre Morais.<\/p>\n\n\n\n<p>O filme tem a dire\u00e7\u00e3o de Marcos Carvalho e Diogo Fontes.<\/p>\n\n\n\n<p><em>Por Alexsandro Acioly<\/em><\/p>\n","protected":false},"excerpt":{"rendered":"<p>O afogadense, poeta, produtor cultural, cordelista, declamador e ator, Alexandre Morais, ter\u00e1 a sua estreia nas telas dos cinemas de<\/p>\n","protected":false},"author":2,"featured_media":68383,"comment_status":"open","ping_status":"open","sticky":false,"template":"","format":"standard","meta":{"jetpack_post_was_ever_published":false,"_jetpack_newsletter_access":"","_jetpack_dont_email_post_to_subs":false,"_jetpack_newsletter_tier_id":0,"_jetpack_memberships_contains_paywalled_content":false,"_jetpack_memberships_contains_paid_content":false,"footnotes":"","jetpack_publicize_message":"","jetpack_publicize_feature_enabled":true,"jetpack_social_post_already_shared":true,"jetpack_social_options":{"image_generator_settings":{"template":"highway","default_image_id":0,"font":"","enabled":false},"version":2}},"categories":[33],"tags":[],"class_list":["post-68382","post","type-post","status-publish","format-standard","has-post-thumbnail","hentry","category-cultura"],"yoast_head":"<!-- This site is optimized with the Yoast SEO plugin v27.5 - https:\/\/yoast.com\/product\/yoast-seo-wordpress\/ -->\n<title>Afogadense Alexandre Morais em L\u00e9gua Tirana, \u201co filme\u201d - Afogados FM<\/title>\n<meta name=\"robots\" content=\"index, follow, max-snippet:-1, max-image-preview:large, max-video-preview:-1\" \/>\n<link rel=\"canonical\" href=\"https:\/\/afogadosfm.com.br\/afogadosfm\/2025\/08\/20\/afogadense-alexandre-morais-em-legua-tirana-o-filme\/\" \/>\n<meta property=\"og:locale\" content=\"pt_BR\" \/>\n<meta property=\"og:type\" content=\"article\" \/>\n<meta property=\"og:title\" content=\"Afogadense Alexandre Morais em L\u00e9gua Tirana, \u201co filme\u201d - Afogados FM\" \/>\n<meta property=\"og:description\" content=\"O afogadense, poeta, produtor cultural, cordelista, declamador e ator, Alexandre Morais, ter\u00e1 a sua estreia nas telas dos cinemas de\" \/>\n<meta property=\"og:url\" content=\"https:\/\/afogadosfm.com.br\/afogadosfm\/2025\/08\/20\/afogadense-alexandre-morais-em-legua-tirana-o-filme\/\" \/>\n<meta property=\"og:site_name\" content=\"Afogados FM\" \/>\n<meta property=\"article:published_time\" content=\"2025-08-20T09:25:52+00:00\" \/>\n<meta property=\"og:image\" content=\"https:\/\/afogadosfm.com.br\/afogadosfm\/wp-content\/uploads\/2025\/08\/img_2622-1200x515-1.webp\" \/>\n\t<meta property=\"og:image:width\" content=\"1200\" \/>\n\t<meta property=\"og:image:height\" content=\"515\" \/>\n\t<meta property=\"og:image:type\" content=\"image\/webp\" \/>\n<meta name=\"author\" content=\"afogadosfm\" \/>\n<meta name=\"twitter:card\" content=\"summary_large_image\" \/>\n<meta name=\"twitter:label1\" content=\"Escrito por\" \/>\n\t<meta name=\"twitter:data1\" content=\"afogadosfm\" \/>\n\t<meta name=\"twitter:label2\" content=\"Est. tempo de leitura\" \/>\n\t<meta name=\"twitter:data2\" content=\"3 minutos\" \/>\n<script type=\"application\/ld+json\" class=\"yoast-schema-graph\">{\"@context\":\"https:\\\/\\\/schema.org\",\"@graph\":[{\"@type\":\"Article\",\"@id\":\"https:\\\/\\\/afogadosfm.com.br\\\/afogadosfm\\\/2025\\\/08\\\/20\\\/afogadense-alexandre-morais-em-legua-tirana-o-filme\\\/#article\",\"isPartOf\":{\"@id\":\"https:\\\/\\\/afogadosfm.com.br\\\/afogadosfm\\\/2025\\\/08\\\/20\\\/afogadense-alexandre-morais-em-legua-tirana-o-filme\\\/\"},\"author\":{\"name\":\"afogadosfm\",\"@id\":\"https:\\\/\\\/afogadosfm.com.br\\\/afogadosfm\\\/#\\\/schema\\\/person\\\/60e56f2cf5dc960fc093fe093d9e9057\"},\"headline\":\"Afogadense Alexandre Morais em L\u00e9gua Tirana, \u201co filme\u201d\",\"datePublished\":\"2025-08-20T09:25:52+00:00\",\"mainEntityOfPage\":{\"@id\":\"https:\\\/\\\/afogadosfm.com.br\\\/afogadosfm\\\/2025\\\/08\\\/20\\\/afogadense-alexandre-morais-em-legua-tirana-o-filme\\\/\"},\"wordCount\":375,\"commentCount\":0,\"publisher\":{\"@id\":\"https:\\\/\\\/afogadosfm.com.br\\\/afogadosfm\\\/#organization\"},\"image\":{\"@id\":\"https:\\\/\\\/afogadosfm.com.br\\\/afogadosfm\\\/2025\\\/08\\\/20\\\/afogadense-alexandre-morais-em-legua-tirana-o-filme\\\/#primaryimage\"},\"thumbnailUrl\":\"https:\\\/\\\/i0.wp.com\\\/afogadosfm.com.br\\\/afogadosfm\\\/wp-content\\\/uploads\\\/2025\\\/08\\\/img_2622-1200x515-1.webp?fit=1200%2C515&ssl=1\",\"articleSection\":[\"Cultura\"],\"inLanguage\":\"pt-BR\",\"potentialAction\":[{\"@type\":\"CommentAction\",\"name\":\"Comment\",\"target\":[\"https:\\\/\\\/afogadosfm.com.br\\\/afogadosfm\\\/2025\\\/08\\\/20\\\/afogadense-alexandre-morais-em-legua-tirana-o-filme\\\/#respond\"]}]},{\"@type\":\"WebPage\",\"@id\":\"https:\\\/\\\/afogadosfm.com.br\\\/afogadosfm\\\/2025\\\/08\\\/20\\\/afogadense-alexandre-morais-em-legua-tirana-o-filme\\\/\",\"url\":\"https:\\\/\\\/afogadosfm.com.br\\\/afogadosfm\\\/2025\\\/08\\\/20\\\/afogadense-alexandre-morais-em-legua-tirana-o-filme\\\/\",\"name\":\"Afogadense Alexandre Morais em L\u00e9gua Tirana, \u201co filme\u201d - Afogados FM\",\"isPartOf\":{\"@id\":\"https:\\\/\\\/afogadosfm.com.br\\\/afogadosfm\\\/#website\"},\"primaryImageOfPage\":{\"@id\":\"https:\\\/\\\/afogadosfm.com.br\\\/afogadosfm\\\/2025\\\/08\\\/20\\\/afogadense-alexandre-morais-em-legua-tirana-o-filme\\\/#primaryimage\"},\"image\":{\"@id\":\"https:\\\/\\\/afogadosfm.com.br\\\/afogadosfm\\\/2025\\\/08\\\/20\\\/afogadense-alexandre-morais-em-legua-tirana-o-filme\\\/#primaryimage\"},\"thumbnailUrl\":\"https:\\\/\\\/i0.wp.com\\\/afogadosfm.com.br\\\/afogadosfm\\\/wp-content\\\/uploads\\\/2025\\\/08\\\/img_2622-1200x515-1.webp?fit=1200%2C515&ssl=1\",\"datePublished\":\"2025-08-20T09:25:52+00:00\",\"breadcrumb\":{\"@id\":\"https:\\\/\\\/afogadosfm.com.br\\\/afogadosfm\\\/2025\\\/08\\\/20\\\/afogadense-alexandre-morais-em-legua-tirana-o-filme\\\/#breadcrumb\"},\"inLanguage\":\"pt-BR\",\"potentialAction\":[{\"@type\":\"ReadAction\",\"target\":[\"https:\\\/\\\/afogadosfm.com.br\\\/afogadosfm\\\/2025\\\/08\\\/20\\\/afogadense-alexandre-morais-em-legua-tirana-o-filme\\\/\"]}]},{\"@type\":\"ImageObject\",\"inLanguage\":\"pt-BR\",\"@id\":\"https:\\\/\\\/afogadosfm.com.br\\\/afogadosfm\\\/2025\\\/08\\\/20\\\/afogadense-alexandre-morais-em-legua-tirana-o-filme\\\/#primaryimage\",\"url\":\"https:\\\/\\\/i0.wp.com\\\/afogadosfm.com.br\\\/afogadosfm\\\/wp-content\\\/uploads\\\/2025\\\/08\\\/img_2622-1200x515-1.webp?fit=1200%2C515&ssl=1\",\"contentUrl\":\"https:\\\/\\\/i0.wp.com\\\/afogadosfm.com.br\\\/afogadosfm\\\/wp-content\\\/uploads\\\/2025\\\/08\\\/img_2622-1200x515-1.webp?fit=1200%2C515&ssl=1\",\"width\":1200,\"height\":515},{\"@type\":\"BreadcrumbList\",\"@id\":\"https:\\\/\\\/afogadosfm.com.br\\\/afogadosfm\\\/2025\\\/08\\\/20\\\/afogadense-alexandre-morais-em-legua-tirana-o-filme\\\/#breadcrumb\",\"itemListElement\":[{\"@type\":\"ListItem\",\"position\":1,\"name\":\"In\u00edcio\",\"item\":\"https:\\\/\\\/afogadosfm.com.br\\\/afogadosfm\\\/\"},{\"@type\":\"ListItem\",\"position\":2,\"name\":\"Afogadense Alexandre Morais em L\u00e9gua Tirana, \u201co filme\u201d\"}]},{\"@type\":\"WebSite\",\"@id\":\"https:\\\/\\\/afogadosfm.com.br\\\/afogadosfm\\\/#website\",\"url\":\"https:\\\/\\\/afogadosfm.com.br\\\/afogadosfm\\\/\",\"name\":\"Afogados FM\",\"description\":\"Um site completo!\",\"publisher\":{\"@id\":\"https:\\\/\\\/afogadosfm.com.br\\\/afogadosfm\\\/#organization\"},\"potentialAction\":[{\"@type\":\"SearchAction\",\"target\":{\"@type\":\"EntryPoint\",\"urlTemplate\":\"https:\\\/\\\/afogadosfm.com.br\\\/afogadosfm\\\/?s={search_term_string}\"},\"query-input\":{\"@type\":\"PropertyValueSpecification\",\"valueRequired\":true,\"valueName\":\"search_term_string\"}}],\"inLanguage\":\"pt-BR\"},{\"@type\":\"Organization\",\"@id\":\"https:\\\/\\\/afogadosfm.com.br\\\/afogadosfm\\\/#organization\",\"name\":\"Afogados FM\",\"url\":\"https:\\\/\\\/afogadosfm.com.br\\\/afogadosfm\\\/\",\"logo\":{\"@type\":\"ImageObject\",\"inLanguage\":\"pt-BR\",\"@id\":\"https:\\\/\\\/afogadosfm.com.br\\\/afogadosfm\\\/#\\\/schema\\\/logo\\\/image\\\/\",\"url\":\"https:\\\/\\\/i0.wp.com\\\/afogadosfm.com.br\\\/afogadosfm\\\/wp-content\\\/uploads\\\/2020\\\/06\\\/cropped-banner-afogados-4.jpg?fit=369%2C137&ssl=1\",\"contentUrl\":\"https:\\\/\\\/i0.wp.com\\\/afogadosfm.com.br\\\/afogadosfm\\\/wp-content\\\/uploads\\\/2020\\\/06\\\/cropped-banner-afogados-4.jpg?fit=369%2C137&ssl=1\",\"width\":369,\"height\":137,\"caption\":\"Afogados FM\"},\"image\":{\"@id\":\"https:\\\/\\\/afogadosfm.com.br\\\/afogadosfm\\\/#\\\/schema\\\/logo\\\/image\\\/\"}},{\"@type\":\"Person\",\"@id\":\"https:\\\/\\\/afogadosfm.com.br\\\/afogadosfm\\\/#\\\/schema\\\/person\\\/60e56f2cf5dc960fc093fe093d9e9057\",\"name\":\"afogadosfm\",\"image\":{\"@type\":\"ImageObject\",\"inLanguage\":\"pt-BR\",\"@id\":\"https:\\\/\\\/secure.gravatar.com\\\/avatar\\\/e0359add7ed5dc3560906d861b52c6a8cf5c1e199d3a7dd85070998f49bd4701?s=96&d=mm&r=g\",\"url\":\"https:\\\/\\\/secure.gravatar.com\\\/avatar\\\/e0359add7ed5dc3560906d861b52c6a8cf5c1e199d3a7dd85070998f49bd4701?s=96&d=mm&r=g\",\"contentUrl\":\"https:\\\/\\\/secure.gravatar.com\\\/avatar\\\/e0359add7ed5dc3560906d861b52c6a8cf5c1e199d3a7dd85070998f49bd4701?s=96&d=mm&r=g\",\"caption\":\"afogadosfm\"},\"url\":\"https:\\\/\\\/afogadosfm.com.br\\\/afogadosfm\\\/author\\\/afogadosfm\\\/\"}]}<\/script>\n<!-- \/ Yoast SEO plugin. -->","yoast_head_json":{"title":"Afogadense Alexandre Morais em L\u00e9gua Tirana, \u201co filme\u201d - Afogados FM","robots":{"index":"index","follow":"follow","max-snippet":"max-snippet:-1","max-image-preview":"max-image-preview:large","max-video-preview":"max-video-preview:-1"},"canonical":"https:\/\/afogadosfm.com.br\/afogadosfm\/2025\/08\/20\/afogadense-alexandre-morais-em-legua-tirana-o-filme\/","og_locale":"pt_BR","og_type":"article","og_title":"Afogadense Alexandre Morais em L\u00e9gua Tirana, \u201co filme\u201d - Afogados FM","og_description":"O afogadense, poeta, produtor cultural, cordelista, declamador e ator, Alexandre Morais, ter\u00e1 a sua estreia nas telas dos cinemas de","og_url":"https:\/\/afogadosfm.com.br\/afogadosfm\/2025\/08\/20\/afogadense-alexandre-morais-em-legua-tirana-o-filme\/","og_site_name":"Afogados FM","article_published_time":"2025-08-20T09:25:52+00:00","og_image":[{"width":1200,"height":515,"url":"https:\/\/afogadosfm.com.br\/afogadosfm\/wp-content\/uploads\/2025\/08\/img_2622-1200x515-1.webp","type":"image\/webp"}],"author":"afogadosfm","twitter_card":"summary_large_image","twitter_misc":{"Escrito por":"afogadosfm","Est. tempo de leitura":"3 minutos"},"schema":{"@context":"https:\/\/schema.org","@graph":[{"@type":"Article","@id":"https:\/\/afogadosfm.com.br\/afogadosfm\/2025\/08\/20\/afogadense-alexandre-morais-em-legua-tirana-o-filme\/#article","isPartOf":{"@id":"https:\/\/afogadosfm.com.br\/afogadosfm\/2025\/08\/20\/afogadense-alexandre-morais-em-legua-tirana-o-filme\/"},"author":{"name":"afogadosfm","@id":"https:\/\/afogadosfm.com.br\/afogadosfm\/#\/schema\/person\/60e56f2cf5dc960fc093fe093d9e9057"},"headline":"Afogadense Alexandre Morais em L\u00e9gua Tirana, \u201co filme\u201d","datePublished":"2025-08-20T09:25:52+00:00","mainEntityOfPage":{"@id":"https:\/\/afogadosfm.com.br\/afogadosfm\/2025\/08\/20\/afogadense-alexandre-morais-em-legua-tirana-o-filme\/"},"wordCount":375,"commentCount":0,"publisher":{"@id":"https:\/\/afogadosfm.com.br\/afogadosfm\/#organization"},"image":{"@id":"https:\/\/afogadosfm.com.br\/afogadosfm\/2025\/08\/20\/afogadense-alexandre-morais-em-legua-tirana-o-filme\/#primaryimage"},"thumbnailUrl":"https:\/\/i0.wp.com\/afogadosfm.com.br\/afogadosfm\/wp-content\/uploads\/2025\/08\/img_2622-1200x515-1.webp?fit=1200%2C515&ssl=1","articleSection":["Cultura"],"inLanguage":"pt-BR","potentialAction":[{"@type":"CommentAction","name":"Comment","target":["https:\/\/afogadosfm.com.br\/afogadosfm\/2025\/08\/20\/afogadense-alexandre-morais-em-legua-tirana-o-filme\/#respond"]}]},{"@type":"WebPage","@id":"https:\/\/afogadosfm.com.br\/afogadosfm\/2025\/08\/20\/afogadense-alexandre-morais-em-legua-tirana-o-filme\/","url":"https:\/\/afogadosfm.com.br\/afogadosfm\/2025\/08\/20\/afogadense-alexandre-morais-em-legua-tirana-o-filme\/","name":"Afogadense Alexandre Morais em L\u00e9gua Tirana, \u201co filme\u201d - Afogados FM","isPartOf":{"@id":"https:\/\/afogadosfm.com.br\/afogadosfm\/#website"},"primaryImageOfPage":{"@id":"https:\/\/afogadosfm.com.br\/afogadosfm\/2025\/08\/20\/afogadense-alexandre-morais-em-legua-tirana-o-filme\/#primaryimage"},"image":{"@id":"https:\/\/afogadosfm.com.br\/afogadosfm\/2025\/08\/20\/afogadense-alexandre-morais-em-legua-tirana-o-filme\/#primaryimage"},"thumbnailUrl":"https:\/\/i0.wp.com\/afogadosfm.com.br\/afogadosfm\/wp-content\/uploads\/2025\/08\/img_2622-1200x515-1.webp?fit=1200%2C515&ssl=1","datePublished":"2025-08-20T09:25:52+00:00","breadcrumb":{"@id":"https:\/\/afogadosfm.com.br\/afogadosfm\/2025\/08\/20\/afogadense-alexandre-morais-em-legua-tirana-o-filme\/#breadcrumb"},"inLanguage":"pt-BR","potentialAction":[{"@type":"ReadAction","target":["https:\/\/afogadosfm.com.br\/afogadosfm\/2025\/08\/20\/afogadense-alexandre-morais-em-legua-tirana-o-filme\/"]}]},{"@type":"ImageObject","inLanguage":"pt-BR","@id":"https:\/\/afogadosfm.com.br\/afogadosfm\/2025\/08\/20\/afogadense-alexandre-morais-em-legua-tirana-o-filme\/#primaryimage","url":"https:\/\/i0.wp.com\/afogadosfm.com.br\/afogadosfm\/wp-content\/uploads\/2025\/08\/img_2622-1200x515-1.webp?fit=1200%2C515&ssl=1","contentUrl":"https:\/\/i0.wp.com\/afogadosfm.com.br\/afogadosfm\/wp-content\/uploads\/2025\/08\/img_2622-1200x515-1.webp?fit=1200%2C515&ssl=1","width":1200,"height":515},{"@type":"BreadcrumbList","@id":"https:\/\/afogadosfm.com.br\/afogadosfm\/2025\/08\/20\/afogadense-alexandre-morais-em-legua-tirana-o-filme\/#breadcrumb","itemListElement":[{"@type":"ListItem","position":1,"name":"In\u00edcio","item":"https:\/\/afogadosfm.com.br\/afogadosfm\/"},{"@type":"ListItem","position":2,"name":"Afogadense Alexandre Morais em L\u00e9gua Tirana, \u201co filme\u201d"}]},{"@type":"WebSite","@id":"https:\/\/afogadosfm.com.br\/afogadosfm\/#website","url":"https:\/\/afogadosfm.com.br\/afogadosfm\/","name":"Afogados FM","description":"Um site completo!","publisher":{"@id":"https:\/\/afogadosfm.com.br\/afogadosfm\/#organization"},"potentialAction":[{"@type":"SearchAction","target":{"@type":"EntryPoint","urlTemplate":"https:\/\/afogadosfm.com.br\/afogadosfm\/?s={search_term_string}"},"query-input":{"@type":"PropertyValueSpecification","valueRequired":true,"valueName":"search_term_string"}}],"inLanguage":"pt-BR"},{"@type":"Organization","@id":"https:\/\/afogadosfm.com.br\/afogadosfm\/#organization","name":"Afogados FM","url":"https:\/\/afogadosfm.com.br\/afogadosfm\/","logo":{"@type":"ImageObject","inLanguage":"pt-BR","@id":"https:\/\/afogadosfm.com.br\/afogadosfm\/#\/schema\/logo\/image\/","url":"https:\/\/i0.wp.com\/afogadosfm.com.br\/afogadosfm\/wp-content\/uploads\/2020\/06\/cropped-banner-afogados-4.jpg?fit=369%2C137&ssl=1","contentUrl":"https:\/\/i0.wp.com\/afogadosfm.com.br\/afogadosfm\/wp-content\/uploads\/2020\/06\/cropped-banner-afogados-4.jpg?fit=369%2C137&ssl=1","width":369,"height":137,"caption":"Afogados FM"},"image":{"@id":"https:\/\/afogadosfm.com.br\/afogadosfm\/#\/schema\/logo\/image\/"}},{"@type":"Person","@id":"https:\/\/afogadosfm.com.br\/afogadosfm\/#\/schema\/person\/60e56f2cf5dc960fc093fe093d9e9057","name":"afogadosfm","image":{"@type":"ImageObject","inLanguage":"pt-BR","@id":"https:\/\/secure.gravatar.com\/avatar\/e0359add7ed5dc3560906d861b52c6a8cf5c1e199d3a7dd85070998f49bd4701?s=96&d=mm&r=g","url":"https:\/\/secure.gravatar.com\/avatar\/e0359add7ed5dc3560906d861b52c6a8cf5c1e199d3a7dd85070998f49bd4701?s=96&d=mm&r=g","contentUrl":"https:\/\/secure.gravatar.com\/avatar\/e0359add7ed5dc3560906d861b52c6a8cf5c1e199d3a7dd85070998f49bd4701?s=96&d=mm&r=g","caption":"afogadosfm"},"url":"https:\/\/afogadosfm.com.br\/afogadosfm\/author\/afogadosfm\/"}]}},"jetpack_publicize_connections":[],"jetpack_featured_media_url":"https:\/\/i0.wp.com\/afogadosfm.com.br\/afogadosfm\/wp-content\/uploads\/2025\/08\/img_2622-1200x515-1.webp?fit=1200%2C515&ssl=1","jetpack-related-posts":[],"jetpack_sharing_enabled":true,"jetpack_likes_enabled":true,"_links":{"self":[{"href":"https:\/\/afogadosfm.com.br\/afogadosfm\/wp-json\/wp\/v2\/posts\/68382","targetHints":{"allow":["GET"]}}],"collection":[{"href":"https:\/\/afogadosfm.com.br\/afogadosfm\/wp-json\/wp\/v2\/posts"}],"about":[{"href":"https:\/\/afogadosfm.com.br\/afogadosfm\/wp-json\/wp\/v2\/types\/post"}],"author":[{"embeddable":true,"href":"https:\/\/afogadosfm.com.br\/afogadosfm\/wp-json\/wp\/v2\/users\/2"}],"replies":[{"embeddable":true,"href":"https:\/\/afogadosfm.com.br\/afogadosfm\/wp-json\/wp\/v2\/comments?post=68382"}],"version-history":[{"count":1,"href":"https:\/\/afogadosfm.com.br\/afogadosfm\/wp-json\/wp\/v2\/posts\/68382\/revisions"}],"predecessor-version":[{"id":68384,"href":"https:\/\/afogadosfm.com.br\/afogadosfm\/wp-json\/wp\/v2\/posts\/68382\/revisions\/68384"}],"wp:featuredmedia":[{"embeddable":true,"href":"https:\/\/afogadosfm.com.br\/afogadosfm\/wp-json\/wp\/v2\/media\/68383"}],"wp:attachment":[{"href":"https:\/\/afogadosfm.com.br\/afogadosfm\/wp-json\/wp\/v2\/media?parent=68382"}],"wp:term":[{"taxonomy":"category","embeddable":true,"href":"https:\/\/afogadosfm.com.br\/afogadosfm\/wp-json\/wp\/v2\/categories?post=68382"},{"taxonomy":"post_tag","embeddable":true,"href":"https:\/\/afogadosfm.com.br\/afogadosfm\/wp-json\/wp\/v2\/tags?post=68382"}],"curies":[{"name":"wp","href":"https:\/\/api.w.org\/{rel}","templated":true}]}}