{"id":68445,"date":"2025-08-22T08:49:27","date_gmt":"2025-08-22T11:49:27","guid":{"rendered":"https:\/\/afogadosfm.com.br\/afogadosfm\/?p=68445"},"modified":"2025-08-22T08:49:27","modified_gmt":"2025-08-22T11:49:27","slug":"afogados-da-ingazeira-recebe-a-curso-gratuito-na-area-cultural-saiba-como-se-inscrever-na-oficina-sou-artista","status":"publish","type":"post","link":"https:\/\/afogadosfm.com.br\/afogadosfm\/2025\/08\/22\/afogados-da-ingazeira-recebe-a-curso-gratuito-na-area-cultural-saiba-como-se-inscrever-na-oficina-sou-artista\/","title":{"rendered":"Afogados da Ingazeira recebe a curso gratuito na \u00e1rea cultural; saiba como se inscrever na oficina &#8220;Sou Artista&#8221;?"},"content":{"rendered":"\n<p>A forma\u00e7\u00e3o &#8220;Sou Artista&#8221;, com incentivo da PNAB Pernambuco, atrav\u00e9s da Secretaria de Cultura do Governo de Pernambuco, Minist\u00e9rio da Cultura e Governo Federal, ir\u00e1 qualificar 15 artistas de Afogados da Ingazeira no universo cultural: de no\u00e7\u00f5es sobre projetos, passando por cria\u00e7\u00e3o de portf\u00f3lio, cadastro em redes sociais e mentoria art\u00edstica &#8211; tudo de gra\u00e7a durante seis dias: as incri\u00e7\u00f5es est\u00e3o abertas at\u00e9 domingo, 24\/8, pelo link: https:\/\/forms.gle\/5Nqoz9HZTtk5jpKc6<\/p>\n\n\n\n<p>Com propon\u00eancia de Mestre Manoel Miguel, Patrim\u00f4nio Vivo, as aulas ser\u00e3o gratuitas e dar\u00e3o direito a alimenta\u00e7\u00e3o aos participantes e certificado. A previs\u00e3o de selecionados \u00e9 de 15 pessoas, das quais 10 reservadas para mulheres ou pessoas trans. &#8220;Esse projeto \u00e9 uma maneira de outros artistas passarem pelo que eu passei, antes do Patrim\u00f4nio a gente era pouco conhecido; hoje onde a gente chega \u00e9 festa&#8221;, reflete Manoel Miguel.<\/p>\n\n\n\n<p>O crit\u00e9rio de desempate na escolha dos alunos, em caso de inscri\u00e7\u00f5es excedentes, ser\u00e1: priorizar 1) inexperi\u00eancia em projetos e 2) nunca ter aprovado projetos em leis de incentivo tipo PNAB ou LPG. &#8220;Esses crit\u00e9rios est\u00e3o presentes no projeto original, financiado pela PNAB, por\u00e9m organizamos a oficina de maneira que al\u00e9m dos 15 selecionados, mais 10 alunos possam entrar como ouvintes, sem direito \u00e0 mentoria mas com acesso \u00e0s explica\u00e7\u00f5es e t\u00e9cnicas repassadas por mim e Benedita&#8221;, informa Leonardo Lemos, jornalista e produtor executivo na regi\u00e3o do Paje\u00fa.<\/p>\n\n\n\n<p>&#8220;Acho chique a busca por artistas trans, porque garante que esse p\u00fablico tenha forma\u00e7\u00e3o digna na \u00e1rea cultural e possa competir de igual pra igual nas sele\u00e7\u00f5es&#8221;, destaca Gabi Benedita, travesti preta que h\u00e1 mais de 15 anos atua como artista visual, atriz e performer. Sua trajet\u00f3ria \u00e9 atravessada por um olhar potente sobre o corpo, o territ\u00f3rio e a mem\u00f3ria, transformando viv\u00eancias pessoais em obras que dialogam com quest\u00f5es sociais, pol\u00edticas e afetivas.<\/p>\n\n\n\n<p>A oficina \u00e9 uma forma\u00e7\u00e3o pr\u00e1tica, ou seja, um curso onde o participante ir\u00e1 pensar, planejar e executar um plano de carreira com foco em desenvolver sua personalidade art\u00edstica, n\u00e3o importa se sua \u00e1rea \u00e9 m\u00fasica, teatro, dan\u00e7a ou artesanato: qualquer artista pode participar.<\/p>\n\n\n\n<p>As aulas ser\u00e3o ministradas na EREM Ione G\u00f3es &#8211; Antigo Col\u00e9gio Normal, no Centro de Afogados da Ingazeira, nos seguintes dias: 26\/8 (ter\u00e7a, 18h \u00e0s 21h), 27\/8 (qua. 18h \u00e0s 21h), 28\/8 (qui. 18h \u00e0s 21h), 29\/8 (sexta, 18h \u00e0s 21h), 30\/8 (s\u00e1b. 16h \u00e0s 20h), 31\/8 (dom. 9h \u00e0s 12h, 13h \u00e0s 18h &#8211; ter\u00e1 almo\u00e7o no local), 01\/9 (segunda, 19h \u00e0s 22h) e 02\/9 (ter\u00e7a, culmin\u00e2ncia com atra\u00e7\u00f5es culturais das 19h \u00e0s 22h &#8211; evento FESTIVAL DO ESTUDANTE 2025 em frente \u00e0 capela da EREM Ione Goes). Ser\u00e3o oficineiros:<\/p>\n\n\n\n<p>Mestre Manoel Miguel &#8211; proponente do projeto e Patrim\u00f4nio Vivo de PE, ir\u00e1 falar sobre o antes e depois da carreira, como \u00e9 se apresentar em palcos do governo do Estado e como as pessoas podem se inspirar na jornada dele para chegar a outro patamar de carreira;<\/p>\n\n\n\n<p>Gabi Benedita &#8211; multiartista, Gabi \u00e9 atriz, curadora, performance e artes\u00e3, al\u00e9m de agitadora cultural. Possui pr\u00eamios no cinema e reconhecimento nas artes pl\u00e1sticas; na oficina, ir\u00e1 fomentar em cada participante &#8220;o que \u00e9 ser artista&#8221;, al\u00e9m de dar mentoria a alun@s interessad@s;<\/p>\n\n\n\n<p>Leonardo Lemos &#8211; jornalista e produtor cultural &#8211; ser\u00e1 respons\u00e1vel pela mentoria nos projetos culturais, que ser\u00e3o a avalia\u00e7\u00e3o final da oficina.<\/p>\n\n\n\n<p>A carga hor\u00e1ria total \u00e9 de 24h de forma\u00e7\u00e3o no total &#8211; 4 a mais que na proposta original. Encerrando a oficina, a culmin\u00e2ncia do projeto ser\u00e1 o evento FESTIVAL DO ESTUDANTE 2025 &#8211; onde os artistas presentes na oficina ir\u00e3o expor suas produ\u00e7\u00f5es ou sobem no palco para apresent\u00e1-las e, assim, soma mais uma experi\u00eancia art\u00edstica ao curr\u00edculo.<\/p>\n\n\n\n<p>Outras informa\u00e7\u00f5es via whatsapp: 81 99745 8340 &#8211; Leonardo Lemos.<\/p>\n","protected":false},"excerpt":{"rendered":"<p>A forma\u00e7\u00e3o &#8220;Sou Artista&#8221;, com incentivo da PNAB Pernambuco, atrav\u00e9s da Secretaria de Cultura do Governo de Pernambuco, Minist\u00e9rio da<\/p>\n","protected":false},"author":2,"featured_media":68447,"comment_status":"open","ping_status":"open","sticky":false,"template":"","format":"standard","meta":{"jetpack_post_was_ever_published":false,"_jetpack_newsletter_access":"","_jetpack_dont_email_post_to_subs":false,"_jetpack_newsletter_tier_id":0,"_jetpack_memberships_contains_paywalled_content":false,"_jetpack_memberships_contains_paid_content":false,"footnotes":"","jetpack_publicize_message":"","jetpack_publicize_feature_enabled":true,"jetpack_social_post_already_shared":true,"jetpack_social_options":{"image_generator_settings":{"template":"highway","default_image_id":0,"font":"","enabled":false},"version":2}},"categories":[33],"tags":[],"class_list":["post-68445","post","type-post","status-publish","format-standard","has-post-thumbnail","hentry","category-cultura"],"yoast_head":"<!-- This site is optimized with the Yoast SEO plugin v27.5 - https:\/\/yoast.com\/product\/yoast-seo-wordpress\/ -->\n<title>Afogados da Ingazeira recebe a curso gratuito na \u00e1rea cultural; saiba como se inscrever na oficina &quot;Sou Artista&quot;? - Afogados FM<\/title>\n<meta name=\"robots\" content=\"index, follow, max-snippet:-1, max-image-preview:large, max-video-preview:-1\" \/>\n<link rel=\"canonical\" href=\"https:\/\/afogadosfm.com.br\/afogadosfm\/2025\/08\/22\/afogados-da-ingazeira-recebe-a-curso-gratuito-na-area-cultural-saiba-como-se-inscrever-na-oficina-sou-artista\/\" \/>\n<meta property=\"og:locale\" content=\"pt_BR\" \/>\n<meta property=\"og:type\" content=\"article\" \/>\n<meta property=\"og:title\" content=\"Afogados da Ingazeira recebe a curso gratuito na \u00e1rea cultural; saiba como se inscrever na oficina &quot;Sou Artista&quot;? - Afogados FM\" \/>\n<meta property=\"og:description\" content=\"A forma\u00e7\u00e3o &#8220;Sou Artista&#8221;, com incentivo da PNAB Pernambuco, atrav\u00e9s da Secretaria de Cultura do Governo de Pernambuco, Minist\u00e9rio da\" \/>\n<meta property=\"og:url\" content=\"https:\/\/afogadosfm.com.br\/afogadosfm\/2025\/08\/22\/afogados-da-ingazeira-recebe-a-curso-gratuito-na-area-cultural-saiba-como-se-inscrever-na-oficina-sou-artista\/\" \/>\n<meta property=\"og:site_name\" content=\"Afogados FM\" \/>\n<meta property=\"article:published_time\" content=\"2025-08-22T11:49:27+00:00\" \/>\n<meta property=\"og:image\" content=\"https:\/\/afogadosfm.com.br\/afogadosfm\/wp-content\/uploads\/2025\/08\/Imagem-do-WhatsApp-de-2025-08-22-as-08.26.16_4e544443.jpg\" \/>\n\t<meta property=\"og:image:width\" content=\"1400\" \/>\n\t<meta property=\"og:image:height\" content=\"1200\" \/>\n\t<meta property=\"og:image:type\" content=\"image\/jpeg\" \/>\n<meta name=\"author\" content=\"afogadosfm\" \/>\n<meta name=\"twitter:card\" content=\"summary_large_image\" \/>\n<meta name=\"twitter:label1\" content=\"Escrito por\" \/>\n\t<meta name=\"twitter:data1\" content=\"afogadosfm\" \/>\n\t<meta name=\"twitter:label2\" content=\"Est. tempo de leitura\" \/>\n\t<meta name=\"twitter:data2\" content=\"4 minutos\" \/>\n<script type=\"application\/ld+json\" class=\"yoast-schema-graph\">{\"@context\":\"https:\\\/\\\/schema.org\",\"@graph\":[{\"@type\":\"Article\",\"@id\":\"https:\\\/\\\/afogadosfm.com.br\\\/afogadosfm\\\/2025\\\/08\\\/22\\\/afogados-da-ingazeira-recebe-a-curso-gratuito-na-area-cultural-saiba-como-se-inscrever-na-oficina-sou-artista\\\/#article\",\"isPartOf\":{\"@id\":\"https:\\\/\\\/afogadosfm.com.br\\\/afogadosfm\\\/2025\\\/08\\\/22\\\/afogados-da-ingazeira-recebe-a-curso-gratuito-na-area-cultural-saiba-como-se-inscrever-na-oficina-sou-artista\\\/\"},\"author\":{\"name\":\"afogadosfm\",\"@id\":\"https:\\\/\\\/afogadosfm.com.br\\\/afogadosfm\\\/#\\\/schema\\\/person\\\/60e56f2cf5dc960fc093fe093d9e9057\"},\"headline\":\"Afogados da Ingazeira recebe a curso gratuito na \u00e1rea cultural; saiba como se inscrever na oficina &#8220;Sou Artista&#8221;?\",\"datePublished\":\"2025-08-22T11:49:27+00:00\",\"mainEntityOfPage\":{\"@id\":\"https:\\\/\\\/afogadosfm.com.br\\\/afogadosfm\\\/2025\\\/08\\\/22\\\/afogados-da-ingazeira-recebe-a-curso-gratuito-na-area-cultural-saiba-como-se-inscrever-na-oficina-sou-artista\\\/\"},\"wordCount\":676,\"commentCount\":0,\"publisher\":{\"@id\":\"https:\\\/\\\/afogadosfm.com.br\\\/afogadosfm\\\/#organization\"},\"image\":{\"@id\":\"https:\\\/\\\/afogadosfm.com.br\\\/afogadosfm\\\/2025\\\/08\\\/22\\\/afogados-da-ingazeira-recebe-a-curso-gratuito-na-area-cultural-saiba-como-se-inscrever-na-oficina-sou-artista\\\/#primaryimage\"},\"thumbnailUrl\":\"https:\\\/\\\/i0.wp.com\\\/afogadosfm.com.br\\\/afogadosfm\\\/wp-content\\\/uploads\\\/2025\\\/08\\\/Imagem-do-WhatsApp-de-2025-08-22-as-08.26.16_4e544443.jpg?fit=1400%2C1200&ssl=1\",\"articleSection\":[\"Cultura\"],\"inLanguage\":\"pt-BR\",\"potentialAction\":[{\"@type\":\"CommentAction\",\"name\":\"Comment\",\"target\":[\"https:\\\/\\\/afogadosfm.com.br\\\/afogadosfm\\\/2025\\\/08\\\/22\\\/afogados-da-ingazeira-recebe-a-curso-gratuito-na-area-cultural-saiba-como-se-inscrever-na-oficina-sou-artista\\\/#respond\"]}]},{\"@type\":\"WebPage\",\"@id\":\"https:\\\/\\\/afogadosfm.com.br\\\/afogadosfm\\\/2025\\\/08\\\/22\\\/afogados-da-ingazeira-recebe-a-curso-gratuito-na-area-cultural-saiba-como-se-inscrever-na-oficina-sou-artista\\\/\",\"url\":\"https:\\\/\\\/afogadosfm.com.br\\\/afogadosfm\\\/2025\\\/08\\\/22\\\/afogados-da-ingazeira-recebe-a-curso-gratuito-na-area-cultural-saiba-como-se-inscrever-na-oficina-sou-artista\\\/\",\"name\":\"Afogados da Ingazeira recebe a curso gratuito na \u00e1rea cultural; saiba como se inscrever na oficina \\\"Sou Artista\\\"? - Afogados FM\",\"isPartOf\":{\"@id\":\"https:\\\/\\\/afogadosfm.com.br\\\/afogadosfm\\\/#website\"},\"primaryImageOfPage\":{\"@id\":\"https:\\\/\\\/afogadosfm.com.br\\\/afogadosfm\\\/2025\\\/08\\\/22\\\/afogados-da-ingazeira-recebe-a-curso-gratuito-na-area-cultural-saiba-como-se-inscrever-na-oficina-sou-artista\\\/#primaryimage\"},\"image\":{\"@id\":\"https:\\\/\\\/afogadosfm.com.br\\\/afogadosfm\\\/2025\\\/08\\\/22\\\/afogados-da-ingazeira-recebe-a-curso-gratuito-na-area-cultural-saiba-como-se-inscrever-na-oficina-sou-artista\\\/#primaryimage\"},\"thumbnailUrl\":\"https:\\\/\\\/i0.wp.com\\\/afogadosfm.com.br\\\/afogadosfm\\\/wp-content\\\/uploads\\\/2025\\\/08\\\/Imagem-do-WhatsApp-de-2025-08-22-as-08.26.16_4e544443.jpg?fit=1400%2C1200&ssl=1\",\"datePublished\":\"2025-08-22T11:49:27+00:00\",\"breadcrumb\":{\"@id\":\"https:\\\/\\\/afogadosfm.com.br\\\/afogadosfm\\\/2025\\\/08\\\/22\\\/afogados-da-ingazeira-recebe-a-curso-gratuito-na-area-cultural-saiba-como-se-inscrever-na-oficina-sou-artista\\\/#breadcrumb\"},\"inLanguage\":\"pt-BR\",\"potentialAction\":[{\"@type\":\"ReadAction\",\"target\":[\"https:\\\/\\\/afogadosfm.com.br\\\/afogadosfm\\\/2025\\\/08\\\/22\\\/afogados-da-ingazeira-recebe-a-curso-gratuito-na-area-cultural-saiba-como-se-inscrever-na-oficina-sou-artista\\\/\"]}]},{\"@type\":\"ImageObject\",\"inLanguage\":\"pt-BR\",\"@id\":\"https:\\\/\\\/afogadosfm.com.br\\\/afogadosfm\\\/2025\\\/08\\\/22\\\/afogados-da-ingazeira-recebe-a-curso-gratuito-na-area-cultural-saiba-como-se-inscrever-na-oficina-sou-artista\\\/#primaryimage\",\"url\":\"https:\\\/\\\/i0.wp.com\\\/afogadosfm.com.br\\\/afogadosfm\\\/wp-content\\\/uploads\\\/2025\\\/08\\\/Imagem-do-WhatsApp-de-2025-08-22-as-08.26.16_4e544443.jpg?fit=1400%2C1200&ssl=1\",\"contentUrl\":\"https:\\\/\\\/i0.wp.com\\\/afogadosfm.com.br\\\/afogadosfm\\\/wp-content\\\/uploads\\\/2025\\\/08\\\/Imagem-do-WhatsApp-de-2025-08-22-as-08.26.16_4e544443.jpg?fit=1400%2C1200&ssl=1\",\"width\":1400,\"height\":1200},{\"@type\":\"BreadcrumbList\",\"@id\":\"https:\\\/\\\/afogadosfm.com.br\\\/afogadosfm\\\/2025\\\/08\\\/22\\\/afogados-da-ingazeira-recebe-a-curso-gratuito-na-area-cultural-saiba-como-se-inscrever-na-oficina-sou-artista\\\/#breadcrumb\",\"itemListElement\":[{\"@type\":\"ListItem\",\"position\":1,\"name\":\"In\u00edcio\",\"item\":\"https:\\\/\\\/afogadosfm.com.br\\\/afogadosfm\\\/\"},{\"@type\":\"ListItem\",\"position\":2,\"name\":\"Afogados da Ingazeira recebe a curso gratuito na \u00e1rea cultural; saiba como se inscrever na oficina &#8220;Sou Artista&#8221;?\"}]},{\"@type\":\"WebSite\",\"@id\":\"https:\\\/\\\/afogadosfm.com.br\\\/afogadosfm\\\/#website\",\"url\":\"https:\\\/\\\/afogadosfm.com.br\\\/afogadosfm\\\/\",\"name\":\"Afogados FM\",\"description\":\"Um site completo!\",\"publisher\":{\"@id\":\"https:\\\/\\\/afogadosfm.com.br\\\/afogadosfm\\\/#organization\"},\"potentialAction\":[{\"@type\":\"SearchAction\",\"target\":{\"@type\":\"EntryPoint\",\"urlTemplate\":\"https:\\\/\\\/afogadosfm.com.br\\\/afogadosfm\\\/?s={search_term_string}\"},\"query-input\":{\"@type\":\"PropertyValueSpecification\",\"valueRequired\":true,\"valueName\":\"search_term_string\"}}],\"inLanguage\":\"pt-BR\"},{\"@type\":\"Organization\",\"@id\":\"https:\\\/\\\/afogadosfm.com.br\\\/afogadosfm\\\/#organization\",\"name\":\"Afogados FM\",\"url\":\"https:\\\/\\\/afogadosfm.com.br\\\/afogadosfm\\\/\",\"logo\":{\"@type\":\"ImageObject\",\"inLanguage\":\"pt-BR\",\"@id\":\"https:\\\/\\\/afogadosfm.com.br\\\/afogadosfm\\\/#\\\/schema\\\/logo\\\/image\\\/\",\"url\":\"https:\\\/\\\/i0.wp.com\\\/afogadosfm.com.br\\\/afogadosfm\\\/wp-content\\\/uploads\\\/2020\\\/06\\\/cropped-banner-afogados-4.jpg?fit=369%2C137&ssl=1\",\"contentUrl\":\"https:\\\/\\\/i0.wp.com\\\/afogadosfm.com.br\\\/afogadosfm\\\/wp-content\\\/uploads\\\/2020\\\/06\\\/cropped-banner-afogados-4.jpg?fit=369%2C137&ssl=1\",\"width\":369,\"height\":137,\"caption\":\"Afogados FM\"},\"image\":{\"@id\":\"https:\\\/\\\/afogadosfm.com.br\\\/afogadosfm\\\/#\\\/schema\\\/logo\\\/image\\\/\"}},{\"@type\":\"Person\",\"@id\":\"https:\\\/\\\/afogadosfm.com.br\\\/afogadosfm\\\/#\\\/schema\\\/person\\\/60e56f2cf5dc960fc093fe093d9e9057\",\"name\":\"afogadosfm\",\"image\":{\"@type\":\"ImageObject\",\"inLanguage\":\"pt-BR\",\"@id\":\"https:\\\/\\\/secure.gravatar.com\\\/avatar\\\/e0359add7ed5dc3560906d861b52c6a8cf5c1e199d3a7dd85070998f49bd4701?s=96&d=mm&r=g\",\"url\":\"https:\\\/\\\/secure.gravatar.com\\\/avatar\\\/e0359add7ed5dc3560906d861b52c6a8cf5c1e199d3a7dd85070998f49bd4701?s=96&d=mm&r=g\",\"contentUrl\":\"https:\\\/\\\/secure.gravatar.com\\\/avatar\\\/e0359add7ed5dc3560906d861b52c6a8cf5c1e199d3a7dd85070998f49bd4701?s=96&d=mm&r=g\",\"caption\":\"afogadosfm\"},\"url\":\"https:\\\/\\\/afogadosfm.com.br\\\/afogadosfm\\\/author\\\/afogadosfm\\\/\"}]}<\/script>\n<!-- \/ Yoast SEO plugin. -->","yoast_head_json":{"title":"Afogados da Ingazeira recebe a curso gratuito na \u00e1rea cultural; saiba como se inscrever na oficina \"Sou Artista\"? - Afogados FM","robots":{"index":"index","follow":"follow","max-snippet":"max-snippet:-1","max-image-preview":"max-image-preview:large","max-video-preview":"max-video-preview:-1"},"canonical":"https:\/\/afogadosfm.com.br\/afogadosfm\/2025\/08\/22\/afogados-da-ingazeira-recebe-a-curso-gratuito-na-area-cultural-saiba-como-se-inscrever-na-oficina-sou-artista\/","og_locale":"pt_BR","og_type":"article","og_title":"Afogados da Ingazeira recebe a curso gratuito na \u00e1rea cultural; saiba como se inscrever na oficina \"Sou Artista\"? - Afogados FM","og_description":"A forma\u00e7\u00e3o &#8220;Sou Artista&#8221;, com incentivo da PNAB Pernambuco, atrav\u00e9s da Secretaria de Cultura do Governo de Pernambuco, Minist\u00e9rio da","og_url":"https:\/\/afogadosfm.com.br\/afogadosfm\/2025\/08\/22\/afogados-da-ingazeira-recebe-a-curso-gratuito-na-area-cultural-saiba-como-se-inscrever-na-oficina-sou-artista\/","og_site_name":"Afogados FM","article_published_time":"2025-08-22T11:49:27+00:00","og_image":[{"width":1400,"height":1200,"url":"https:\/\/afogadosfm.com.br\/afogadosfm\/wp-content\/uploads\/2025\/08\/Imagem-do-WhatsApp-de-2025-08-22-as-08.26.16_4e544443.jpg","type":"image\/jpeg"}],"author":"afogadosfm","twitter_card":"summary_large_image","twitter_misc":{"Escrito por":"afogadosfm","Est. tempo de leitura":"4 minutos"},"schema":{"@context":"https:\/\/schema.org","@graph":[{"@type":"Article","@id":"https:\/\/afogadosfm.com.br\/afogadosfm\/2025\/08\/22\/afogados-da-ingazeira-recebe-a-curso-gratuito-na-area-cultural-saiba-como-se-inscrever-na-oficina-sou-artista\/#article","isPartOf":{"@id":"https:\/\/afogadosfm.com.br\/afogadosfm\/2025\/08\/22\/afogados-da-ingazeira-recebe-a-curso-gratuito-na-area-cultural-saiba-como-se-inscrever-na-oficina-sou-artista\/"},"author":{"name":"afogadosfm","@id":"https:\/\/afogadosfm.com.br\/afogadosfm\/#\/schema\/person\/60e56f2cf5dc960fc093fe093d9e9057"},"headline":"Afogados da Ingazeira recebe a curso gratuito na \u00e1rea cultural; saiba como se inscrever na oficina &#8220;Sou Artista&#8221;?","datePublished":"2025-08-22T11:49:27+00:00","mainEntityOfPage":{"@id":"https:\/\/afogadosfm.com.br\/afogadosfm\/2025\/08\/22\/afogados-da-ingazeira-recebe-a-curso-gratuito-na-area-cultural-saiba-como-se-inscrever-na-oficina-sou-artista\/"},"wordCount":676,"commentCount":0,"publisher":{"@id":"https:\/\/afogadosfm.com.br\/afogadosfm\/#organization"},"image":{"@id":"https:\/\/afogadosfm.com.br\/afogadosfm\/2025\/08\/22\/afogados-da-ingazeira-recebe-a-curso-gratuito-na-area-cultural-saiba-como-se-inscrever-na-oficina-sou-artista\/#primaryimage"},"thumbnailUrl":"https:\/\/i0.wp.com\/afogadosfm.com.br\/afogadosfm\/wp-content\/uploads\/2025\/08\/Imagem-do-WhatsApp-de-2025-08-22-as-08.26.16_4e544443.jpg?fit=1400%2C1200&ssl=1","articleSection":["Cultura"],"inLanguage":"pt-BR","potentialAction":[{"@type":"CommentAction","name":"Comment","target":["https:\/\/afogadosfm.com.br\/afogadosfm\/2025\/08\/22\/afogados-da-ingazeira-recebe-a-curso-gratuito-na-area-cultural-saiba-como-se-inscrever-na-oficina-sou-artista\/#respond"]}]},{"@type":"WebPage","@id":"https:\/\/afogadosfm.com.br\/afogadosfm\/2025\/08\/22\/afogados-da-ingazeira-recebe-a-curso-gratuito-na-area-cultural-saiba-como-se-inscrever-na-oficina-sou-artista\/","url":"https:\/\/afogadosfm.com.br\/afogadosfm\/2025\/08\/22\/afogados-da-ingazeira-recebe-a-curso-gratuito-na-area-cultural-saiba-como-se-inscrever-na-oficina-sou-artista\/","name":"Afogados da Ingazeira recebe a curso gratuito na \u00e1rea cultural; saiba como se inscrever na oficina \"Sou Artista\"? - Afogados FM","isPartOf":{"@id":"https:\/\/afogadosfm.com.br\/afogadosfm\/#website"},"primaryImageOfPage":{"@id":"https:\/\/afogadosfm.com.br\/afogadosfm\/2025\/08\/22\/afogados-da-ingazeira-recebe-a-curso-gratuito-na-area-cultural-saiba-como-se-inscrever-na-oficina-sou-artista\/#primaryimage"},"image":{"@id":"https:\/\/afogadosfm.com.br\/afogadosfm\/2025\/08\/22\/afogados-da-ingazeira-recebe-a-curso-gratuito-na-area-cultural-saiba-como-se-inscrever-na-oficina-sou-artista\/#primaryimage"},"thumbnailUrl":"https:\/\/i0.wp.com\/afogadosfm.com.br\/afogadosfm\/wp-content\/uploads\/2025\/08\/Imagem-do-WhatsApp-de-2025-08-22-as-08.26.16_4e544443.jpg?fit=1400%2C1200&ssl=1","datePublished":"2025-08-22T11:49:27+00:00","breadcrumb":{"@id":"https:\/\/afogadosfm.com.br\/afogadosfm\/2025\/08\/22\/afogados-da-ingazeira-recebe-a-curso-gratuito-na-area-cultural-saiba-como-se-inscrever-na-oficina-sou-artista\/#breadcrumb"},"inLanguage":"pt-BR","potentialAction":[{"@type":"ReadAction","target":["https:\/\/afogadosfm.com.br\/afogadosfm\/2025\/08\/22\/afogados-da-ingazeira-recebe-a-curso-gratuito-na-area-cultural-saiba-como-se-inscrever-na-oficina-sou-artista\/"]}]},{"@type":"ImageObject","inLanguage":"pt-BR","@id":"https:\/\/afogadosfm.com.br\/afogadosfm\/2025\/08\/22\/afogados-da-ingazeira-recebe-a-curso-gratuito-na-area-cultural-saiba-como-se-inscrever-na-oficina-sou-artista\/#primaryimage","url":"https:\/\/i0.wp.com\/afogadosfm.com.br\/afogadosfm\/wp-content\/uploads\/2025\/08\/Imagem-do-WhatsApp-de-2025-08-22-as-08.26.16_4e544443.jpg?fit=1400%2C1200&ssl=1","contentUrl":"https:\/\/i0.wp.com\/afogadosfm.com.br\/afogadosfm\/wp-content\/uploads\/2025\/08\/Imagem-do-WhatsApp-de-2025-08-22-as-08.26.16_4e544443.jpg?fit=1400%2C1200&ssl=1","width":1400,"height":1200},{"@type":"BreadcrumbList","@id":"https:\/\/afogadosfm.com.br\/afogadosfm\/2025\/08\/22\/afogados-da-ingazeira-recebe-a-curso-gratuito-na-area-cultural-saiba-como-se-inscrever-na-oficina-sou-artista\/#breadcrumb","itemListElement":[{"@type":"ListItem","position":1,"name":"In\u00edcio","item":"https:\/\/afogadosfm.com.br\/afogadosfm\/"},{"@type":"ListItem","position":2,"name":"Afogados da Ingazeira recebe a curso gratuito na \u00e1rea cultural; saiba como se inscrever na oficina &#8220;Sou Artista&#8221;?"}]},{"@type":"WebSite","@id":"https:\/\/afogadosfm.com.br\/afogadosfm\/#website","url":"https:\/\/afogadosfm.com.br\/afogadosfm\/","name":"Afogados FM","description":"Um site completo!","publisher":{"@id":"https:\/\/afogadosfm.com.br\/afogadosfm\/#organization"},"potentialAction":[{"@type":"SearchAction","target":{"@type":"EntryPoint","urlTemplate":"https:\/\/afogadosfm.com.br\/afogadosfm\/?s={search_term_string}"},"query-input":{"@type":"PropertyValueSpecification","valueRequired":true,"valueName":"search_term_string"}}],"inLanguage":"pt-BR"},{"@type":"Organization","@id":"https:\/\/afogadosfm.com.br\/afogadosfm\/#organization","name":"Afogados FM","url":"https:\/\/afogadosfm.com.br\/afogadosfm\/","logo":{"@type":"ImageObject","inLanguage":"pt-BR","@id":"https:\/\/afogadosfm.com.br\/afogadosfm\/#\/schema\/logo\/image\/","url":"https:\/\/i0.wp.com\/afogadosfm.com.br\/afogadosfm\/wp-content\/uploads\/2020\/06\/cropped-banner-afogados-4.jpg?fit=369%2C137&ssl=1","contentUrl":"https:\/\/i0.wp.com\/afogadosfm.com.br\/afogadosfm\/wp-content\/uploads\/2020\/06\/cropped-banner-afogados-4.jpg?fit=369%2C137&ssl=1","width":369,"height":137,"caption":"Afogados FM"},"image":{"@id":"https:\/\/afogadosfm.com.br\/afogadosfm\/#\/schema\/logo\/image\/"}},{"@type":"Person","@id":"https:\/\/afogadosfm.com.br\/afogadosfm\/#\/schema\/person\/60e56f2cf5dc960fc093fe093d9e9057","name":"afogadosfm","image":{"@type":"ImageObject","inLanguage":"pt-BR","@id":"https:\/\/secure.gravatar.com\/avatar\/e0359add7ed5dc3560906d861b52c6a8cf5c1e199d3a7dd85070998f49bd4701?s=96&d=mm&r=g","url":"https:\/\/secure.gravatar.com\/avatar\/e0359add7ed5dc3560906d861b52c6a8cf5c1e199d3a7dd85070998f49bd4701?s=96&d=mm&r=g","contentUrl":"https:\/\/secure.gravatar.com\/avatar\/e0359add7ed5dc3560906d861b52c6a8cf5c1e199d3a7dd85070998f49bd4701?s=96&d=mm&r=g","caption":"afogadosfm"},"url":"https:\/\/afogadosfm.com.br\/afogadosfm\/author\/afogadosfm\/"}]}},"jetpack_publicize_connections":[],"jetpack_featured_media_url":"https:\/\/i0.wp.com\/afogadosfm.com.br\/afogadosfm\/wp-content\/uploads\/2025\/08\/Imagem-do-WhatsApp-de-2025-08-22-as-08.26.16_4e544443.jpg?fit=1400%2C1200&ssl=1","jetpack-related-posts":[],"jetpack_sharing_enabled":true,"jetpack_likes_enabled":true,"_links":{"self":[{"href":"https:\/\/afogadosfm.com.br\/afogadosfm\/wp-json\/wp\/v2\/posts\/68445","targetHints":{"allow":["GET"]}}],"collection":[{"href":"https:\/\/afogadosfm.com.br\/afogadosfm\/wp-json\/wp\/v2\/posts"}],"about":[{"href":"https:\/\/afogadosfm.com.br\/afogadosfm\/wp-json\/wp\/v2\/types\/post"}],"author":[{"embeddable":true,"href":"https:\/\/afogadosfm.com.br\/afogadosfm\/wp-json\/wp\/v2\/users\/2"}],"replies":[{"embeddable":true,"href":"https:\/\/afogadosfm.com.br\/afogadosfm\/wp-json\/wp\/v2\/comments?post=68445"}],"version-history":[{"count":1,"href":"https:\/\/afogadosfm.com.br\/afogadosfm\/wp-json\/wp\/v2\/posts\/68445\/revisions"}],"predecessor-version":[{"id":68448,"href":"https:\/\/afogadosfm.com.br\/afogadosfm\/wp-json\/wp\/v2\/posts\/68445\/revisions\/68448"}],"wp:featuredmedia":[{"embeddable":true,"href":"https:\/\/afogadosfm.com.br\/afogadosfm\/wp-json\/wp\/v2\/media\/68447"}],"wp:attachment":[{"href":"https:\/\/afogadosfm.com.br\/afogadosfm\/wp-json\/wp\/v2\/media?parent=68445"}],"wp:term":[{"taxonomy":"category","embeddable":true,"href":"https:\/\/afogadosfm.com.br\/afogadosfm\/wp-json\/wp\/v2\/categories?post=68445"},{"taxonomy":"post_tag","embeddable":true,"href":"https:\/\/afogadosfm.com.br\/afogadosfm\/wp-json\/wp\/v2\/tags?post=68445"}],"curies":[{"name":"wp","href":"https:\/\/api.w.org\/{rel}","templated":true}]}}