{"id":68466,"date":"2025-08-23T07:21:45","date_gmt":"2025-08-23T10:21:45","guid":{"rendered":"https:\/\/afogadosfm.com.br\/afogadosfm\/?p=68466"},"modified":"2025-08-23T07:21:46","modified_gmt":"2025-08-23T10:21:46","slug":"defesa-de-bolsonaro-entregou-resposta-a-moraes-e-nega-plano-de-fuga","status":"publish","type":"post","link":"https:\/\/afogadosfm.com.br\/afogadosfm\/2025\/08\/23\/defesa-de-bolsonaro-entregou-resposta-a-moraes-e-nega-plano-de-fuga\/","title":{"rendered":"Defesa de Bolsonaro entregou resposta a Moraes e nega &#8220;plano de fuga&#8221;"},"content":{"rendered":"\n<p>A defesa de Jair Bolsonaro disse nesta sexta-feira (22) ao Supremo Tribunal Federal (STF) que o ex-presidente n\u00e3o solicitou pedido de asilo pol\u00edtico ao presidente da Argentina, Javier Milei. Os advogados tamb\u00e9m negaram que o ex-presidente tenha a inten\u00e7\u00e3o de fugir do pa\u00eds.<\/p>\n\n\n\n<p>A manifesta\u00e7\u00e3o foi enviada ao Supremo ap\u00f3s o ministro Alexandre de Moraes conceder, na quarta-feira (20), prazo de 48 horas para os advogados se manifestarem sobre o documento de asilo encontrado pela Pol\u00edcia Federal no celular de Bolsonaro durante busca e apreens\u00e3o realizada, no m\u00eas passado, dentro da investiga\u00e7\u00e3o sobre as san\u00e7\u00f5es dos Estados Unidos contra o Brasil.<\/p>\n\n\n\n<p>Segundo a PF, o documento estava salvo no aparelho desde 2024.<\/p>\n\n\n\n<p>De acordo com a defesa, o documento era um &#8220;rascunho&#8221;, e a solicita\u00e7\u00e3o de asilo n\u00e3o ocorreu. Os advogados tamb\u00e9m aproveitaram para solicitar a revoga\u00e7\u00e3o da pris\u00e3o preventiva de Bolsonaro.<\/p>\n\n\n\n<p>&#8220;A autoridade policial evidentemente sabe \u2013 posto que cedi\u00e7o \u2013 que para se aventar de uma pris\u00e3o preventiva \u00e9 preciso haver fato contempor\u00e2neo. Mas, ainda assim, tem apenas um documento, que reconhece ser mero rascunho antigo enviado por terceiro, al\u00e9m da indeclin\u00e1vel constata\u00e7\u00e3o de que o tal pedido n\u00e3o se materializou!&#8221;, disse a defesa.<\/p>\n\n\n\n<p>A defesa tamb\u00e9m reiterou que o ex-presidente sempre cumpriu as cautelares determinadas pelo STF, como proibi\u00e7\u00e3o de deixar o pa\u00eds e de n\u00e3o utilizar suas redes sociais e de terceiros.<\/p>\n\n\n\n<p>\u201cFato \u00e9 que, com ou sem o rascunho, o ex-presidente n\u00e3o fugiu. Pelo contr\u00e1rio, obedeceu a todas as decis\u00f5es emanadas pela Suprema Corte, inclusive a que o proibia de viajar ao exterior, respondeu \u00e0 den\u00fancia oferecida, compareceu a todas as audi\u00eancias, sempre respeitando todas as ordens\u201d, disseram os advogados.<\/p>\n\n\n\n<p>Bolsonaro e o filho, o deputado Eduardo Bolsonaro (PL-SP), foram indiciados pela PF no inqu\u00e9rito das san\u00e7\u00f5es dos Estados Unidos. Ap\u00f3s receber o relat\u00f3rio de indiciamento, Moraes enviou o caso para a Procuradoria-Geral da Rep\u00fablica (PGR).<\/p>\n\n\n\n<p>Caber\u00e1 ao \u00f3rg\u00e3o decidir se Bolsonaro e Eduardo ser\u00e3o denunciados ao STF.<\/p>\n\n\n\n<p>Desde o in\u00edcio deste m\u00eas, Bolsonaro cumpre pris\u00e3o domiciliar.<\/p>\n\n\n\n<p>Braga Netto<\/p>\n\n\n\n<p>A defesa de Bolsonaro tamb\u00e9m se manifestou sobre outras acusa\u00e7\u00f5es que constam no relat\u00f3rio no qual a PF indicou o ex-presidente, como o recebimento de uma mensagem de SMS do general Braga Netto, que estava proibido de entrar em contato com Bolsonaro.<\/p>\n\n\n\n<p>Para os advogados, Bolsonaro n\u00e3o respondeu \u00e0 mensagem nem cometeu qualquer ilegalidade.<\/p>\n\n\n\n<p>\u201cA mensagem foi apenas recebida. Sem not\u00edcia de resposta. Sem qualquer rea\u00e7\u00e3o. Sem qualquer comunica\u00e7\u00e3o por parte do ex-presidente\u201d, declarou a defesa.<\/p>\n\n\n\n<p>Advogado de Trump<\/p>\n\n\n\n<p>Sobre o pedido de orienta\u00e7\u00f5es feito pelo ex-presidente ao advogado norte-americano Martin Luca, ligado ao presidente Donald Trump, para se pronunciar sobre o tarifa\u00e7o aplicado contra as exporta\u00e7\u00f5es brasileiras, a defesa disse que as trocas de mensagens ocorrem antes das medidas cautelares decretadas contra Bolsonaro.<\/p>\n\n\n\n<p>\u201cO advogado americano n\u00e3o \u00e9 investigado em nenhum feito. E n\u00e3o h\u00e1 qualquer proibi\u00e7\u00e3o de contato do peticion\u00e1rio com o advogado\u201d, pontuou a defesa.<\/p>\n\n\n\n<p>Transfer\u00eancias<\/p>\n\n\n\n<p>A defesa tamb\u00e9m criticou a divulga\u00e7\u00e3o dos dados banc\u00e1rios de Bolsonaro. De acordo com as investiga\u00e7\u00f5es, o ex-presidente movimentou cerca de R$ 30,5 milh\u00f5es no per\u00edodo de um ano.<\/p>\n\n\n\n<p>\u201cO pior \u00e9 que uma transfer\u00eancia de dinheiro para sua esposa, de valores com origem l\u00edcita, foi anunciada, com base em fontes, como um ind\u00edcio de lavagem de dinheiro\u201d, afirmaram os advogados.<\/p>\n\n\n\n<p>Law Fare<\/p>\n\n\n\n<p>Por fim, os advogados de Bolsonaro acusaram a Pol\u00edcia Federal de cometer Lawfare, tese jur\u00eddica que trata do uso de manobras para prejudicar um investigado. A tese foi difundida no Brasil por Cristiano Zanin, ex-advogado do presidente Luiz In\u00e1cio Lula da Silva e atual ministro do STF.<\/p>\n\n\n\n<p>\u201cO relat\u00f3rio da Pol\u00edcia Federal causa espanto. Encaixa-se como uma pe\u00e7a pol\u00edtica, com o objetivo de desmoralizar um ex-presidente da Rep\u00fablica &#8211; quer queiram as autoridades policiais ou n\u00e3o, ainda \u00e9 um l\u00edder pol\u00edtico &#8211; expondo sua vida privada e acusando-o de fatos t\u00e3o graves quanto descabidos\u201d, completam os advogados.<\/p>\n","protected":false},"excerpt":{"rendered":"<p>A defesa de Jair Bolsonaro disse nesta sexta-feira (22) ao Supremo Tribunal Federal (STF) que o ex-presidente n\u00e3o solicitou pedido<\/p>\n","protected":false},"author":2,"featured_media":41515,"comment_status":"open","ping_status":"open","sticky":false,"template":"","format":"standard","meta":{"jetpack_post_was_ever_published":false,"_jetpack_newsletter_access":"","_jetpack_dont_email_post_to_subs":false,"_jetpack_newsletter_tier_id":0,"_jetpack_memberships_contains_paywalled_content":false,"_jetpack_memberships_contains_paid_content":false,"footnotes":"","jetpack_publicize_message":"","jetpack_publicize_feature_enabled":true,"jetpack_social_post_already_shared":true,"jetpack_social_options":{"image_generator_settings":{"template":"highway","default_image_id":0,"font":"","enabled":false},"version":2}},"categories":[12],"tags":[],"class_list":["post-68466","post","type-post","status-publish","format-standard","has-post-thumbnail","hentry","category-brasil"],"yoast_head":"<!-- This site is optimized with the Yoast SEO plugin v27.5 - https:\/\/yoast.com\/product\/yoast-seo-wordpress\/ -->\n<title>Defesa de Bolsonaro entregou resposta a Moraes e nega &quot;plano de fuga&quot; - Afogados FM<\/title>\n<meta name=\"robots\" content=\"index, follow, max-snippet:-1, max-image-preview:large, max-video-preview:-1\" \/>\n<link rel=\"canonical\" href=\"https:\/\/afogadosfm.com.br\/afogadosfm\/2025\/08\/23\/defesa-de-bolsonaro-entregou-resposta-a-moraes-e-nega-plano-de-fuga\/\" \/>\n<meta property=\"og:locale\" content=\"pt_BR\" \/>\n<meta property=\"og:type\" content=\"article\" \/>\n<meta property=\"og:title\" content=\"Defesa de Bolsonaro entregou resposta a Moraes e nega &quot;plano de fuga&quot; - Afogados FM\" \/>\n<meta property=\"og:description\" content=\"A defesa de Jair Bolsonaro disse nesta sexta-feira (22) ao Supremo Tribunal Federal (STF) que o ex-presidente n\u00e3o solicitou pedido\" \/>\n<meta property=\"og:url\" content=\"https:\/\/afogadosfm.com.br\/afogadosfm\/2025\/08\/23\/defesa-de-bolsonaro-entregou-resposta-a-moraes-e-nega-plano-de-fuga\/\" \/>\n<meta property=\"og:site_name\" content=\"Afogados FM\" \/>\n<meta property=\"article:published_time\" content=\"2025-08-23T10:21:45+00:00\" \/>\n<meta property=\"article:modified_time\" content=\"2025-08-23T10:21:46+00:00\" \/>\n<meta property=\"og:image\" content=\"https:\/\/afogadosfm.com.br\/afogadosfm\/wp-content\/uploads\/2022\/10\/bolso02.jpeg\" \/>\n\t<meta property=\"og:image:width\" content=\"1059\" \/>\n\t<meta property=\"og:image:height\" content=\"599\" \/>\n\t<meta property=\"og:image:type\" content=\"image\/jpeg\" \/>\n<meta name=\"author\" content=\"afogadosfm\" \/>\n<meta name=\"twitter:card\" content=\"summary_large_image\" \/>\n<meta name=\"twitter:label1\" content=\"Escrito por\" \/>\n\t<meta name=\"twitter:data1\" content=\"afogadosfm\" \/>\n\t<meta name=\"twitter:label2\" content=\"Est. tempo de leitura\" \/>\n\t<meta name=\"twitter:data2\" content=\"4 minutos\" \/>\n<script type=\"application\/ld+json\" class=\"yoast-schema-graph\">{\"@context\":\"https:\\\/\\\/schema.org\",\"@graph\":[{\"@type\":\"Article\",\"@id\":\"https:\\\/\\\/afogadosfm.com.br\\\/afogadosfm\\\/2025\\\/08\\\/23\\\/defesa-de-bolsonaro-entregou-resposta-a-moraes-e-nega-plano-de-fuga\\\/#article\",\"isPartOf\":{\"@id\":\"https:\\\/\\\/afogadosfm.com.br\\\/afogadosfm\\\/2025\\\/08\\\/23\\\/defesa-de-bolsonaro-entregou-resposta-a-moraes-e-nega-plano-de-fuga\\\/\"},\"author\":{\"name\":\"afogadosfm\",\"@id\":\"https:\\\/\\\/afogadosfm.com.br\\\/afogadosfm\\\/#\\\/schema\\\/person\\\/60e56f2cf5dc960fc093fe093d9e9057\"},\"headline\":\"Defesa de Bolsonaro entregou resposta a Moraes e nega &#8220;plano de fuga&#8221;\",\"datePublished\":\"2025-08-23T10:21:45+00:00\",\"dateModified\":\"2025-08-23T10:21:46+00:00\",\"mainEntityOfPage\":{\"@id\":\"https:\\\/\\\/afogadosfm.com.br\\\/afogadosfm\\\/2025\\\/08\\\/23\\\/defesa-de-bolsonaro-entregou-resposta-a-moraes-e-nega-plano-de-fuga\\\/\"},\"wordCount\":720,\"commentCount\":0,\"publisher\":{\"@id\":\"https:\\\/\\\/afogadosfm.com.br\\\/afogadosfm\\\/#organization\"},\"image\":{\"@id\":\"https:\\\/\\\/afogadosfm.com.br\\\/afogadosfm\\\/2025\\\/08\\\/23\\\/defesa-de-bolsonaro-entregou-resposta-a-moraes-e-nega-plano-de-fuga\\\/#primaryimage\"},\"thumbnailUrl\":\"https:\\\/\\\/i0.wp.com\\\/afogadosfm.com.br\\\/afogadosfm\\\/wp-content\\\/uploads\\\/2022\\\/10\\\/bolso02.jpeg?fit=1059%2C599&ssl=1\",\"articleSection\":[\"Brasil\"],\"inLanguage\":\"pt-BR\",\"potentialAction\":[{\"@type\":\"CommentAction\",\"name\":\"Comment\",\"target\":[\"https:\\\/\\\/afogadosfm.com.br\\\/afogadosfm\\\/2025\\\/08\\\/23\\\/defesa-de-bolsonaro-entregou-resposta-a-moraes-e-nega-plano-de-fuga\\\/#respond\"]}]},{\"@type\":\"WebPage\",\"@id\":\"https:\\\/\\\/afogadosfm.com.br\\\/afogadosfm\\\/2025\\\/08\\\/23\\\/defesa-de-bolsonaro-entregou-resposta-a-moraes-e-nega-plano-de-fuga\\\/\",\"url\":\"https:\\\/\\\/afogadosfm.com.br\\\/afogadosfm\\\/2025\\\/08\\\/23\\\/defesa-de-bolsonaro-entregou-resposta-a-moraes-e-nega-plano-de-fuga\\\/\",\"name\":\"Defesa de Bolsonaro entregou resposta a Moraes e nega \\\"plano de fuga\\\" - Afogados FM\",\"isPartOf\":{\"@id\":\"https:\\\/\\\/afogadosfm.com.br\\\/afogadosfm\\\/#website\"},\"primaryImageOfPage\":{\"@id\":\"https:\\\/\\\/afogadosfm.com.br\\\/afogadosfm\\\/2025\\\/08\\\/23\\\/defesa-de-bolsonaro-entregou-resposta-a-moraes-e-nega-plano-de-fuga\\\/#primaryimage\"},\"image\":{\"@id\":\"https:\\\/\\\/afogadosfm.com.br\\\/afogadosfm\\\/2025\\\/08\\\/23\\\/defesa-de-bolsonaro-entregou-resposta-a-moraes-e-nega-plano-de-fuga\\\/#primaryimage\"},\"thumbnailUrl\":\"https:\\\/\\\/i0.wp.com\\\/afogadosfm.com.br\\\/afogadosfm\\\/wp-content\\\/uploads\\\/2022\\\/10\\\/bolso02.jpeg?fit=1059%2C599&ssl=1\",\"datePublished\":\"2025-08-23T10:21:45+00:00\",\"dateModified\":\"2025-08-23T10:21:46+00:00\",\"breadcrumb\":{\"@id\":\"https:\\\/\\\/afogadosfm.com.br\\\/afogadosfm\\\/2025\\\/08\\\/23\\\/defesa-de-bolsonaro-entregou-resposta-a-moraes-e-nega-plano-de-fuga\\\/#breadcrumb\"},\"inLanguage\":\"pt-BR\",\"potentialAction\":[{\"@type\":\"ReadAction\",\"target\":[\"https:\\\/\\\/afogadosfm.com.br\\\/afogadosfm\\\/2025\\\/08\\\/23\\\/defesa-de-bolsonaro-entregou-resposta-a-moraes-e-nega-plano-de-fuga\\\/\"]}]},{\"@type\":\"ImageObject\",\"inLanguage\":\"pt-BR\",\"@id\":\"https:\\\/\\\/afogadosfm.com.br\\\/afogadosfm\\\/2025\\\/08\\\/23\\\/defesa-de-bolsonaro-entregou-resposta-a-moraes-e-nega-plano-de-fuga\\\/#primaryimage\",\"url\":\"https:\\\/\\\/i0.wp.com\\\/afogadosfm.com.br\\\/afogadosfm\\\/wp-content\\\/uploads\\\/2022\\\/10\\\/bolso02.jpeg?fit=1059%2C599&ssl=1\",\"contentUrl\":\"https:\\\/\\\/i0.wp.com\\\/afogadosfm.com.br\\\/afogadosfm\\\/wp-content\\\/uploads\\\/2022\\\/10\\\/bolso02.jpeg?fit=1059%2C599&ssl=1\",\"width\":1059,\"height\":599},{\"@type\":\"BreadcrumbList\",\"@id\":\"https:\\\/\\\/afogadosfm.com.br\\\/afogadosfm\\\/2025\\\/08\\\/23\\\/defesa-de-bolsonaro-entregou-resposta-a-moraes-e-nega-plano-de-fuga\\\/#breadcrumb\",\"itemListElement\":[{\"@type\":\"ListItem\",\"position\":1,\"name\":\"In\u00edcio\",\"item\":\"https:\\\/\\\/afogadosfm.com.br\\\/afogadosfm\\\/\"},{\"@type\":\"ListItem\",\"position\":2,\"name\":\"Defesa de Bolsonaro entregou resposta a Moraes e nega &#8220;plano de fuga&#8221;\"}]},{\"@type\":\"WebSite\",\"@id\":\"https:\\\/\\\/afogadosfm.com.br\\\/afogadosfm\\\/#website\",\"url\":\"https:\\\/\\\/afogadosfm.com.br\\\/afogadosfm\\\/\",\"name\":\"Afogados FM\",\"description\":\"Um site completo!\",\"publisher\":{\"@id\":\"https:\\\/\\\/afogadosfm.com.br\\\/afogadosfm\\\/#organization\"},\"potentialAction\":[{\"@type\":\"SearchAction\",\"target\":{\"@type\":\"EntryPoint\",\"urlTemplate\":\"https:\\\/\\\/afogadosfm.com.br\\\/afogadosfm\\\/?s={search_term_string}\"},\"query-input\":{\"@type\":\"PropertyValueSpecification\",\"valueRequired\":true,\"valueName\":\"search_term_string\"}}],\"inLanguage\":\"pt-BR\"},{\"@type\":\"Organization\",\"@id\":\"https:\\\/\\\/afogadosfm.com.br\\\/afogadosfm\\\/#organization\",\"name\":\"Afogados FM\",\"url\":\"https:\\\/\\\/afogadosfm.com.br\\\/afogadosfm\\\/\",\"logo\":{\"@type\":\"ImageObject\",\"inLanguage\":\"pt-BR\",\"@id\":\"https:\\\/\\\/afogadosfm.com.br\\\/afogadosfm\\\/#\\\/schema\\\/logo\\\/image\\\/\",\"url\":\"https:\\\/\\\/i0.wp.com\\\/afogadosfm.com.br\\\/afogadosfm\\\/wp-content\\\/uploads\\\/2020\\\/06\\\/cropped-banner-afogados-4.jpg?fit=369%2C137&ssl=1\",\"contentUrl\":\"https:\\\/\\\/i0.wp.com\\\/afogadosfm.com.br\\\/afogadosfm\\\/wp-content\\\/uploads\\\/2020\\\/06\\\/cropped-banner-afogados-4.jpg?fit=369%2C137&ssl=1\",\"width\":369,\"height\":137,\"caption\":\"Afogados FM\"},\"image\":{\"@id\":\"https:\\\/\\\/afogadosfm.com.br\\\/afogadosfm\\\/#\\\/schema\\\/logo\\\/image\\\/\"}},{\"@type\":\"Person\",\"@id\":\"https:\\\/\\\/afogadosfm.com.br\\\/afogadosfm\\\/#\\\/schema\\\/person\\\/60e56f2cf5dc960fc093fe093d9e9057\",\"name\":\"afogadosfm\",\"image\":{\"@type\":\"ImageObject\",\"inLanguage\":\"pt-BR\",\"@id\":\"https:\\\/\\\/secure.gravatar.com\\\/avatar\\\/e0359add7ed5dc3560906d861b52c6a8cf5c1e199d3a7dd85070998f49bd4701?s=96&d=mm&r=g\",\"url\":\"https:\\\/\\\/secure.gravatar.com\\\/avatar\\\/e0359add7ed5dc3560906d861b52c6a8cf5c1e199d3a7dd85070998f49bd4701?s=96&d=mm&r=g\",\"contentUrl\":\"https:\\\/\\\/secure.gravatar.com\\\/avatar\\\/e0359add7ed5dc3560906d861b52c6a8cf5c1e199d3a7dd85070998f49bd4701?s=96&d=mm&r=g\",\"caption\":\"afogadosfm\"},\"url\":\"https:\\\/\\\/afogadosfm.com.br\\\/afogadosfm\\\/author\\\/afogadosfm\\\/\"}]}<\/script>\n<!-- \/ Yoast SEO plugin. -->","yoast_head_json":{"title":"Defesa de Bolsonaro entregou resposta a Moraes e nega \"plano de fuga\" - Afogados FM","robots":{"index":"index","follow":"follow","max-snippet":"max-snippet:-1","max-image-preview":"max-image-preview:large","max-video-preview":"max-video-preview:-1"},"canonical":"https:\/\/afogadosfm.com.br\/afogadosfm\/2025\/08\/23\/defesa-de-bolsonaro-entregou-resposta-a-moraes-e-nega-plano-de-fuga\/","og_locale":"pt_BR","og_type":"article","og_title":"Defesa de Bolsonaro entregou resposta a Moraes e nega \"plano de fuga\" - Afogados FM","og_description":"A defesa de Jair Bolsonaro disse nesta sexta-feira (22) ao Supremo Tribunal Federal (STF) que o ex-presidente n\u00e3o solicitou pedido","og_url":"https:\/\/afogadosfm.com.br\/afogadosfm\/2025\/08\/23\/defesa-de-bolsonaro-entregou-resposta-a-moraes-e-nega-plano-de-fuga\/","og_site_name":"Afogados FM","article_published_time":"2025-08-23T10:21:45+00:00","article_modified_time":"2025-08-23T10:21:46+00:00","og_image":[{"width":1059,"height":599,"url":"https:\/\/afogadosfm.com.br\/afogadosfm\/wp-content\/uploads\/2022\/10\/bolso02.jpeg","type":"image\/jpeg"}],"author":"afogadosfm","twitter_card":"summary_large_image","twitter_misc":{"Escrito por":"afogadosfm","Est. tempo de leitura":"4 minutos"},"schema":{"@context":"https:\/\/schema.org","@graph":[{"@type":"Article","@id":"https:\/\/afogadosfm.com.br\/afogadosfm\/2025\/08\/23\/defesa-de-bolsonaro-entregou-resposta-a-moraes-e-nega-plano-de-fuga\/#article","isPartOf":{"@id":"https:\/\/afogadosfm.com.br\/afogadosfm\/2025\/08\/23\/defesa-de-bolsonaro-entregou-resposta-a-moraes-e-nega-plano-de-fuga\/"},"author":{"name":"afogadosfm","@id":"https:\/\/afogadosfm.com.br\/afogadosfm\/#\/schema\/person\/60e56f2cf5dc960fc093fe093d9e9057"},"headline":"Defesa de Bolsonaro entregou resposta a Moraes e nega &#8220;plano de fuga&#8221;","datePublished":"2025-08-23T10:21:45+00:00","dateModified":"2025-08-23T10:21:46+00:00","mainEntityOfPage":{"@id":"https:\/\/afogadosfm.com.br\/afogadosfm\/2025\/08\/23\/defesa-de-bolsonaro-entregou-resposta-a-moraes-e-nega-plano-de-fuga\/"},"wordCount":720,"commentCount":0,"publisher":{"@id":"https:\/\/afogadosfm.com.br\/afogadosfm\/#organization"},"image":{"@id":"https:\/\/afogadosfm.com.br\/afogadosfm\/2025\/08\/23\/defesa-de-bolsonaro-entregou-resposta-a-moraes-e-nega-plano-de-fuga\/#primaryimage"},"thumbnailUrl":"https:\/\/i0.wp.com\/afogadosfm.com.br\/afogadosfm\/wp-content\/uploads\/2022\/10\/bolso02.jpeg?fit=1059%2C599&ssl=1","articleSection":["Brasil"],"inLanguage":"pt-BR","potentialAction":[{"@type":"CommentAction","name":"Comment","target":["https:\/\/afogadosfm.com.br\/afogadosfm\/2025\/08\/23\/defesa-de-bolsonaro-entregou-resposta-a-moraes-e-nega-plano-de-fuga\/#respond"]}]},{"@type":"WebPage","@id":"https:\/\/afogadosfm.com.br\/afogadosfm\/2025\/08\/23\/defesa-de-bolsonaro-entregou-resposta-a-moraes-e-nega-plano-de-fuga\/","url":"https:\/\/afogadosfm.com.br\/afogadosfm\/2025\/08\/23\/defesa-de-bolsonaro-entregou-resposta-a-moraes-e-nega-plano-de-fuga\/","name":"Defesa de Bolsonaro entregou resposta a Moraes e nega \"plano de fuga\" - Afogados FM","isPartOf":{"@id":"https:\/\/afogadosfm.com.br\/afogadosfm\/#website"},"primaryImageOfPage":{"@id":"https:\/\/afogadosfm.com.br\/afogadosfm\/2025\/08\/23\/defesa-de-bolsonaro-entregou-resposta-a-moraes-e-nega-plano-de-fuga\/#primaryimage"},"image":{"@id":"https:\/\/afogadosfm.com.br\/afogadosfm\/2025\/08\/23\/defesa-de-bolsonaro-entregou-resposta-a-moraes-e-nega-plano-de-fuga\/#primaryimage"},"thumbnailUrl":"https:\/\/i0.wp.com\/afogadosfm.com.br\/afogadosfm\/wp-content\/uploads\/2022\/10\/bolso02.jpeg?fit=1059%2C599&ssl=1","datePublished":"2025-08-23T10:21:45+00:00","dateModified":"2025-08-23T10:21:46+00:00","breadcrumb":{"@id":"https:\/\/afogadosfm.com.br\/afogadosfm\/2025\/08\/23\/defesa-de-bolsonaro-entregou-resposta-a-moraes-e-nega-plano-de-fuga\/#breadcrumb"},"inLanguage":"pt-BR","potentialAction":[{"@type":"ReadAction","target":["https:\/\/afogadosfm.com.br\/afogadosfm\/2025\/08\/23\/defesa-de-bolsonaro-entregou-resposta-a-moraes-e-nega-plano-de-fuga\/"]}]},{"@type":"ImageObject","inLanguage":"pt-BR","@id":"https:\/\/afogadosfm.com.br\/afogadosfm\/2025\/08\/23\/defesa-de-bolsonaro-entregou-resposta-a-moraes-e-nega-plano-de-fuga\/#primaryimage","url":"https:\/\/i0.wp.com\/afogadosfm.com.br\/afogadosfm\/wp-content\/uploads\/2022\/10\/bolso02.jpeg?fit=1059%2C599&ssl=1","contentUrl":"https:\/\/i0.wp.com\/afogadosfm.com.br\/afogadosfm\/wp-content\/uploads\/2022\/10\/bolso02.jpeg?fit=1059%2C599&ssl=1","width":1059,"height":599},{"@type":"BreadcrumbList","@id":"https:\/\/afogadosfm.com.br\/afogadosfm\/2025\/08\/23\/defesa-de-bolsonaro-entregou-resposta-a-moraes-e-nega-plano-de-fuga\/#breadcrumb","itemListElement":[{"@type":"ListItem","position":1,"name":"In\u00edcio","item":"https:\/\/afogadosfm.com.br\/afogadosfm\/"},{"@type":"ListItem","position":2,"name":"Defesa de Bolsonaro entregou resposta a Moraes e nega &#8220;plano de fuga&#8221;"}]},{"@type":"WebSite","@id":"https:\/\/afogadosfm.com.br\/afogadosfm\/#website","url":"https:\/\/afogadosfm.com.br\/afogadosfm\/","name":"Afogados FM","description":"Um site completo!","publisher":{"@id":"https:\/\/afogadosfm.com.br\/afogadosfm\/#organization"},"potentialAction":[{"@type":"SearchAction","target":{"@type":"EntryPoint","urlTemplate":"https:\/\/afogadosfm.com.br\/afogadosfm\/?s={search_term_string}"},"query-input":{"@type":"PropertyValueSpecification","valueRequired":true,"valueName":"search_term_string"}}],"inLanguage":"pt-BR"},{"@type":"Organization","@id":"https:\/\/afogadosfm.com.br\/afogadosfm\/#organization","name":"Afogados FM","url":"https:\/\/afogadosfm.com.br\/afogadosfm\/","logo":{"@type":"ImageObject","inLanguage":"pt-BR","@id":"https:\/\/afogadosfm.com.br\/afogadosfm\/#\/schema\/logo\/image\/","url":"https:\/\/i0.wp.com\/afogadosfm.com.br\/afogadosfm\/wp-content\/uploads\/2020\/06\/cropped-banner-afogados-4.jpg?fit=369%2C137&ssl=1","contentUrl":"https:\/\/i0.wp.com\/afogadosfm.com.br\/afogadosfm\/wp-content\/uploads\/2020\/06\/cropped-banner-afogados-4.jpg?fit=369%2C137&ssl=1","width":369,"height":137,"caption":"Afogados FM"},"image":{"@id":"https:\/\/afogadosfm.com.br\/afogadosfm\/#\/schema\/logo\/image\/"}},{"@type":"Person","@id":"https:\/\/afogadosfm.com.br\/afogadosfm\/#\/schema\/person\/60e56f2cf5dc960fc093fe093d9e9057","name":"afogadosfm","image":{"@type":"ImageObject","inLanguage":"pt-BR","@id":"https:\/\/secure.gravatar.com\/avatar\/e0359add7ed5dc3560906d861b52c6a8cf5c1e199d3a7dd85070998f49bd4701?s=96&d=mm&r=g","url":"https:\/\/secure.gravatar.com\/avatar\/e0359add7ed5dc3560906d861b52c6a8cf5c1e199d3a7dd85070998f49bd4701?s=96&d=mm&r=g","contentUrl":"https:\/\/secure.gravatar.com\/avatar\/e0359add7ed5dc3560906d861b52c6a8cf5c1e199d3a7dd85070998f49bd4701?s=96&d=mm&r=g","caption":"afogadosfm"},"url":"https:\/\/afogadosfm.com.br\/afogadosfm\/author\/afogadosfm\/"}]}},"jetpack_publicize_connections":[],"jetpack_featured_media_url":"https:\/\/i0.wp.com\/afogadosfm.com.br\/afogadosfm\/wp-content\/uploads\/2022\/10\/bolso02.jpeg?fit=1059%2C599&ssl=1","jetpack-related-posts":[],"jetpack_sharing_enabled":true,"jetpack_likes_enabled":true,"_links":{"self":[{"href":"https:\/\/afogadosfm.com.br\/afogadosfm\/wp-json\/wp\/v2\/posts\/68466","targetHints":{"allow":["GET"]}}],"collection":[{"href":"https:\/\/afogadosfm.com.br\/afogadosfm\/wp-json\/wp\/v2\/posts"}],"about":[{"href":"https:\/\/afogadosfm.com.br\/afogadosfm\/wp-json\/wp\/v2\/types\/post"}],"author":[{"embeddable":true,"href":"https:\/\/afogadosfm.com.br\/afogadosfm\/wp-json\/wp\/v2\/users\/2"}],"replies":[{"embeddable":true,"href":"https:\/\/afogadosfm.com.br\/afogadosfm\/wp-json\/wp\/v2\/comments?post=68466"}],"version-history":[{"count":1,"href":"https:\/\/afogadosfm.com.br\/afogadosfm\/wp-json\/wp\/v2\/posts\/68466\/revisions"}],"predecessor-version":[{"id":68467,"href":"https:\/\/afogadosfm.com.br\/afogadosfm\/wp-json\/wp\/v2\/posts\/68466\/revisions\/68467"}],"wp:featuredmedia":[{"embeddable":true,"href":"https:\/\/afogadosfm.com.br\/afogadosfm\/wp-json\/wp\/v2\/media\/41515"}],"wp:attachment":[{"href":"https:\/\/afogadosfm.com.br\/afogadosfm\/wp-json\/wp\/v2\/media?parent=68466"}],"wp:term":[{"taxonomy":"category","embeddable":true,"href":"https:\/\/afogadosfm.com.br\/afogadosfm\/wp-json\/wp\/v2\/categories?post=68466"},{"taxonomy":"post_tag","embeddable":true,"href":"https:\/\/afogadosfm.com.br\/afogadosfm\/wp-json\/wp\/v2\/tags?post=68466"}],"curies":[{"name":"wp","href":"https:\/\/api.w.org\/{rel}","templated":true}]}}