{"id":68526,"date":"2025-08-26T05:54:03","date_gmt":"2025-08-26T08:54:03","guid":{"rendered":"https:\/\/afogadosfm.com.br\/afogadosfm\/?p=68526"},"modified":"2025-08-26T05:54:04","modified_gmt":"2025-08-26T08:54:04","slug":"eduardo-bolsonaro-associa-assalto-na-casa-de-avos-a-alexandre-moraes","status":"publish","type":"post","link":"https:\/\/afogadosfm.com.br\/afogadosfm\/2025\/08\/26\/eduardo-bolsonaro-associa-assalto-na-casa-de-avos-a-alexandre-moraes\/","title":{"rendered":"Eduardo Bolsonaro associa assalto na casa de av\u00f3s a Alexandre Moraes"},"content":{"rendered":"\n<p>O deputado federal Eduardo Bolsonaro (PL-SP) insinuou nas redes sociais que o assalto na casa de familiares dele em Resende, no sul fluminense, na manh\u00e3 desse domingo, 24, estaria associado \u00e0s recentes decis\u00f5es do ministro Alexandre de Moraes, do Supremo Tribunal Federal (STF), contra ele e o pai, o ex-presidente Jair Bolsonaro (PL).<\/p>\n\n\n\n<p>Em um post publicado no X, Eduardo questiona se os criminosos estariam seguindo &#8220;ordens de Moraes&#8221;, e diz que o assalto ocorreu ap\u00f3s &#8220;vazamentos seletivos e persegui\u00e7\u00f5es de Moraes&#8221;.<\/p>\n\n\n\n<p>&#8220;Bandidos sequestraram meus av\u00f3s e minha m\u00e3e. Ordens de Moraes? (\u2026) E tudo isso acontece depois dos vazamentos seletivos e persegui\u00e7\u00f5es de Moraes, que exp\u00f5em nossos familiares como alvos f\u00e1ceis. At\u00e9 onde vai a sede de vingan\u00e7a desse homem? At\u00e9 onde ir\u00e1 a obedi\u00eancia cega de policiais que cumprem suas ordens sem questionar?&#8221;, escreveu.<\/p>\n\n\n\n<p>De acordo com a Pol\u00edcia Militar do Rio de Janeiro, policiais militares do 37\u00ba BPM (Resende) foram acionados na manh\u00e3 do domingo para uma ocorr\u00eancia de roubo a resid\u00eancia no bairro Vila Julieta, em Resende. Segundo informa\u00e7\u00f5es da PM, &#8220;as v\u00edtimas n\u00e3o ficaram feridas durante a a\u00e7\u00e3o criminosa&#8221;.<\/p>\n\n\n\n<p>&#8220;Ap\u00f3s buscas na regi\u00e3o, os policiais recuperaram um autom\u00f3vel levado pelos assaltantes. A Corpora\u00e7\u00e3o segue trabalhando para identificar e prender os respons\u00e1veis pelo crime&#8221;, diz a PM.<\/p>\n\n\n\n<p>Em outra publica\u00e7\u00e3o, Eduardo culpa a Pol\u00edcia Federal e questiona se os agentes vazaram informa\u00e7\u00f5es para os criminosos.<\/p>\n\n\n\n<p>&#8220;Voc\u00eas que dizem que s\u00f3 est\u00e3o seguindo ordem, voc\u00eas da Pol\u00edcia Federal, voc\u00eas s\u00e3o os respons\u00e1veis por isso, por entrar nessa onda, desse maluco do Alexandre Moraes, tem que me segurar aqui para n\u00e3o falar um palavr\u00e3o, para tentar fazer esse tipo de coisa (\u2026) Quem \u00e9 que me garante que voc\u00eas n\u00e3o vazaram para esses criminosos entrarem na casa dos meus av\u00f3s?&#8221;, afirmou.<\/p>\n\n\n\n<p>Da FolhaPE<\/p>\n","protected":false},"excerpt":{"rendered":"<p>O deputado federal Eduardo Bolsonaro (PL-SP) insinuou nas redes sociais que o assalto na casa de familiares dele em Resende,<\/p>\n","protected":false},"author":2,"featured_media":11891,"comment_status":"open","ping_status":"open","sticky":false,"template":"","format":"standard","meta":{"jetpack_post_was_ever_published":false,"_jetpack_newsletter_access":"","_jetpack_dont_email_post_to_subs":false,"_jetpack_newsletter_tier_id":0,"_jetpack_memberships_contains_paywalled_content":false,"_jetpack_memberships_contains_paid_content":false,"footnotes":"","jetpack_publicize_message":"","jetpack_publicize_feature_enabled":true,"jetpack_social_post_already_shared":true,"jetpack_social_options":{"image_generator_settings":{"template":"highway","default_image_id":0,"font":"","enabled":false},"version":2}},"categories":[12],"tags":[],"class_list":["post-68526","post","type-post","status-publish","format-standard","has-post-thumbnail","hentry","category-brasil"],"yoast_head":"<!-- This site is optimized with the Yoast SEO plugin v27.5 - https:\/\/yoast.com\/product\/yoast-seo-wordpress\/ -->\n<title>Eduardo Bolsonaro associa assalto na casa de av\u00f3s a Alexandre Moraes - Afogados FM<\/title>\n<meta name=\"robots\" content=\"index, follow, max-snippet:-1, max-image-preview:large, max-video-preview:-1\" \/>\n<link rel=\"canonical\" href=\"https:\/\/afogadosfm.com.br\/afogadosfm\/2025\/08\/26\/eduardo-bolsonaro-associa-assalto-na-casa-de-avos-a-alexandre-moraes\/\" \/>\n<meta property=\"og:locale\" content=\"pt_BR\" \/>\n<meta property=\"og:type\" content=\"article\" \/>\n<meta property=\"og:title\" content=\"Eduardo Bolsonaro associa assalto na casa de av\u00f3s a Alexandre Moraes - Afogados FM\" \/>\n<meta property=\"og:description\" content=\"O deputado federal Eduardo Bolsonaro (PL-SP) insinuou nas redes sociais que o assalto na casa de familiares dele em Resende,\" \/>\n<meta property=\"og:url\" content=\"https:\/\/afogadosfm.com.br\/afogadosfm\/2025\/08\/26\/eduardo-bolsonaro-associa-assalto-na-casa-de-avos-a-alexandre-moraes\/\" \/>\n<meta property=\"og:site_name\" content=\"Afogados FM\" \/>\n<meta property=\"article:published_time\" content=\"2025-08-26T08:54:03+00:00\" \/>\n<meta property=\"article:modified_time\" content=\"2025-08-26T08:54:04+00:00\" \/>\n<meta property=\"og:image\" content=\"https:\/\/afogadosfm.com.br\/afogadosfm\/wp-content\/uploads\/2019\/08\/eduardo-bolso.jpg\" \/>\n\t<meta property=\"og:image:width\" content=\"800\" \/>\n\t<meta property=\"og:image:height\" content=\"533\" \/>\n\t<meta property=\"og:image:type\" content=\"image\/jpeg\" \/>\n<meta name=\"author\" content=\"afogadosfm\" \/>\n<meta name=\"twitter:card\" content=\"summary_large_image\" \/>\n<meta name=\"twitter:label1\" content=\"Escrito por\" \/>\n\t<meta name=\"twitter:data1\" content=\"afogadosfm\" \/>\n\t<meta name=\"twitter:label2\" content=\"Est. tempo de leitura\" \/>\n\t<meta name=\"twitter:data2\" content=\"2 minutos\" \/>\n<script type=\"application\/ld+json\" class=\"yoast-schema-graph\">{\"@context\":\"https:\\\/\\\/schema.org\",\"@graph\":[{\"@type\":\"Article\",\"@id\":\"https:\\\/\\\/afogadosfm.com.br\\\/afogadosfm\\\/2025\\\/08\\\/26\\\/eduardo-bolsonaro-associa-assalto-na-casa-de-avos-a-alexandre-moraes\\\/#article\",\"isPartOf\":{\"@id\":\"https:\\\/\\\/afogadosfm.com.br\\\/afogadosfm\\\/2025\\\/08\\\/26\\\/eduardo-bolsonaro-associa-assalto-na-casa-de-avos-a-alexandre-moraes\\\/\"},\"author\":{\"name\":\"afogadosfm\",\"@id\":\"https:\\\/\\\/afogadosfm.com.br\\\/afogadosfm\\\/#\\\/schema\\\/person\\\/60e56f2cf5dc960fc093fe093d9e9057\"},\"headline\":\"Eduardo Bolsonaro associa assalto na casa de av\u00f3s a Alexandre Moraes\",\"datePublished\":\"2025-08-26T08:54:03+00:00\",\"dateModified\":\"2025-08-26T08:54:04+00:00\",\"mainEntityOfPage\":{\"@id\":\"https:\\\/\\\/afogadosfm.com.br\\\/afogadosfm\\\/2025\\\/08\\\/26\\\/eduardo-bolsonaro-associa-assalto-na-casa-de-avos-a-alexandre-moraes\\\/\"},\"wordCount\":339,\"commentCount\":0,\"publisher\":{\"@id\":\"https:\\\/\\\/afogadosfm.com.br\\\/afogadosfm\\\/#organization\"},\"image\":{\"@id\":\"https:\\\/\\\/afogadosfm.com.br\\\/afogadosfm\\\/2025\\\/08\\\/26\\\/eduardo-bolsonaro-associa-assalto-na-casa-de-avos-a-alexandre-moraes\\\/#primaryimage\"},\"thumbnailUrl\":\"https:\\\/\\\/i0.wp.com\\\/afogadosfm.com.br\\\/afogadosfm\\\/wp-content\\\/uploads\\\/2019\\\/08\\\/eduardo-bolso.jpg?fit=800%2C533&ssl=1\",\"articleSection\":[\"Brasil\"],\"inLanguage\":\"pt-BR\",\"potentialAction\":[{\"@type\":\"CommentAction\",\"name\":\"Comment\",\"target\":[\"https:\\\/\\\/afogadosfm.com.br\\\/afogadosfm\\\/2025\\\/08\\\/26\\\/eduardo-bolsonaro-associa-assalto-na-casa-de-avos-a-alexandre-moraes\\\/#respond\"]}]},{\"@type\":\"WebPage\",\"@id\":\"https:\\\/\\\/afogadosfm.com.br\\\/afogadosfm\\\/2025\\\/08\\\/26\\\/eduardo-bolsonaro-associa-assalto-na-casa-de-avos-a-alexandre-moraes\\\/\",\"url\":\"https:\\\/\\\/afogadosfm.com.br\\\/afogadosfm\\\/2025\\\/08\\\/26\\\/eduardo-bolsonaro-associa-assalto-na-casa-de-avos-a-alexandre-moraes\\\/\",\"name\":\"Eduardo Bolsonaro associa assalto na casa de av\u00f3s a Alexandre Moraes - Afogados FM\",\"isPartOf\":{\"@id\":\"https:\\\/\\\/afogadosfm.com.br\\\/afogadosfm\\\/#website\"},\"primaryImageOfPage\":{\"@id\":\"https:\\\/\\\/afogadosfm.com.br\\\/afogadosfm\\\/2025\\\/08\\\/26\\\/eduardo-bolsonaro-associa-assalto-na-casa-de-avos-a-alexandre-moraes\\\/#primaryimage\"},\"image\":{\"@id\":\"https:\\\/\\\/afogadosfm.com.br\\\/afogadosfm\\\/2025\\\/08\\\/26\\\/eduardo-bolsonaro-associa-assalto-na-casa-de-avos-a-alexandre-moraes\\\/#primaryimage\"},\"thumbnailUrl\":\"https:\\\/\\\/i0.wp.com\\\/afogadosfm.com.br\\\/afogadosfm\\\/wp-content\\\/uploads\\\/2019\\\/08\\\/eduardo-bolso.jpg?fit=800%2C533&ssl=1\",\"datePublished\":\"2025-08-26T08:54:03+00:00\",\"dateModified\":\"2025-08-26T08:54:04+00:00\",\"breadcrumb\":{\"@id\":\"https:\\\/\\\/afogadosfm.com.br\\\/afogadosfm\\\/2025\\\/08\\\/26\\\/eduardo-bolsonaro-associa-assalto-na-casa-de-avos-a-alexandre-moraes\\\/#breadcrumb\"},\"inLanguage\":\"pt-BR\",\"potentialAction\":[{\"@type\":\"ReadAction\",\"target\":[\"https:\\\/\\\/afogadosfm.com.br\\\/afogadosfm\\\/2025\\\/08\\\/26\\\/eduardo-bolsonaro-associa-assalto-na-casa-de-avos-a-alexandre-moraes\\\/\"]}]},{\"@type\":\"ImageObject\",\"inLanguage\":\"pt-BR\",\"@id\":\"https:\\\/\\\/afogadosfm.com.br\\\/afogadosfm\\\/2025\\\/08\\\/26\\\/eduardo-bolsonaro-associa-assalto-na-casa-de-avos-a-alexandre-moraes\\\/#primaryimage\",\"url\":\"https:\\\/\\\/i0.wp.com\\\/afogadosfm.com.br\\\/afogadosfm\\\/wp-content\\\/uploads\\\/2019\\\/08\\\/eduardo-bolso.jpg?fit=800%2C533&ssl=1\",\"contentUrl\":\"https:\\\/\\\/i0.wp.com\\\/afogadosfm.com.br\\\/afogadosfm\\\/wp-content\\\/uploads\\\/2019\\\/08\\\/eduardo-bolso.jpg?fit=800%2C533&ssl=1\",\"width\":800,\"height\":533},{\"@type\":\"BreadcrumbList\",\"@id\":\"https:\\\/\\\/afogadosfm.com.br\\\/afogadosfm\\\/2025\\\/08\\\/26\\\/eduardo-bolsonaro-associa-assalto-na-casa-de-avos-a-alexandre-moraes\\\/#breadcrumb\",\"itemListElement\":[{\"@type\":\"ListItem\",\"position\":1,\"name\":\"In\u00edcio\",\"item\":\"https:\\\/\\\/afogadosfm.com.br\\\/afogadosfm\\\/\"},{\"@type\":\"ListItem\",\"position\":2,\"name\":\"Eduardo Bolsonaro associa assalto na casa de av\u00f3s a Alexandre Moraes\"}]},{\"@type\":\"WebSite\",\"@id\":\"https:\\\/\\\/afogadosfm.com.br\\\/afogadosfm\\\/#website\",\"url\":\"https:\\\/\\\/afogadosfm.com.br\\\/afogadosfm\\\/\",\"name\":\"Afogados FM\",\"description\":\"Um site completo!\",\"publisher\":{\"@id\":\"https:\\\/\\\/afogadosfm.com.br\\\/afogadosfm\\\/#organization\"},\"potentialAction\":[{\"@type\":\"SearchAction\",\"target\":{\"@type\":\"EntryPoint\",\"urlTemplate\":\"https:\\\/\\\/afogadosfm.com.br\\\/afogadosfm\\\/?s={search_term_string}\"},\"query-input\":{\"@type\":\"PropertyValueSpecification\",\"valueRequired\":true,\"valueName\":\"search_term_string\"}}],\"inLanguage\":\"pt-BR\"},{\"@type\":\"Organization\",\"@id\":\"https:\\\/\\\/afogadosfm.com.br\\\/afogadosfm\\\/#organization\",\"name\":\"Afogados FM\",\"url\":\"https:\\\/\\\/afogadosfm.com.br\\\/afogadosfm\\\/\",\"logo\":{\"@type\":\"ImageObject\",\"inLanguage\":\"pt-BR\",\"@id\":\"https:\\\/\\\/afogadosfm.com.br\\\/afogadosfm\\\/#\\\/schema\\\/logo\\\/image\\\/\",\"url\":\"https:\\\/\\\/i0.wp.com\\\/afogadosfm.com.br\\\/afogadosfm\\\/wp-content\\\/uploads\\\/2020\\\/06\\\/cropped-banner-afogados-4.jpg?fit=369%2C137&ssl=1\",\"contentUrl\":\"https:\\\/\\\/i0.wp.com\\\/afogadosfm.com.br\\\/afogadosfm\\\/wp-content\\\/uploads\\\/2020\\\/06\\\/cropped-banner-afogados-4.jpg?fit=369%2C137&ssl=1\",\"width\":369,\"height\":137,\"caption\":\"Afogados FM\"},\"image\":{\"@id\":\"https:\\\/\\\/afogadosfm.com.br\\\/afogadosfm\\\/#\\\/schema\\\/logo\\\/image\\\/\"}},{\"@type\":\"Person\",\"@id\":\"https:\\\/\\\/afogadosfm.com.br\\\/afogadosfm\\\/#\\\/schema\\\/person\\\/60e56f2cf5dc960fc093fe093d9e9057\",\"name\":\"afogadosfm\",\"image\":{\"@type\":\"ImageObject\",\"inLanguage\":\"pt-BR\",\"@id\":\"https:\\\/\\\/secure.gravatar.com\\\/avatar\\\/e0359add7ed5dc3560906d861b52c6a8cf5c1e199d3a7dd85070998f49bd4701?s=96&d=mm&r=g\",\"url\":\"https:\\\/\\\/secure.gravatar.com\\\/avatar\\\/e0359add7ed5dc3560906d861b52c6a8cf5c1e199d3a7dd85070998f49bd4701?s=96&d=mm&r=g\",\"contentUrl\":\"https:\\\/\\\/secure.gravatar.com\\\/avatar\\\/e0359add7ed5dc3560906d861b52c6a8cf5c1e199d3a7dd85070998f49bd4701?s=96&d=mm&r=g\",\"caption\":\"afogadosfm\"},\"url\":\"https:\\\/\\\/afogadosfm.com.br\\\/afogadosfm\\\/author\\\/afogadosfm\\\/\"}]}<\/script>\n<!-- \/ Yoast SEO plugin. -->","yoast_head_json":{"title":"Eduardo Bolsonaro associa assalto na casa de av\u00f3s a Alexandre Moraes - Afogados FM","robots":{"index":"index","follow":"follow","max-snippet":"max-snippet:-1","max-image-preview":"max-image-preview:large","max-video-preview":"max-video-preview:-1"},"canonical":"https:\/\/afogadosfm.com.br\/afogadosfm\/2025\/08\/26\/eduardo-bolsonaro-associa-assalto-na-casa-de-avos-a-alexandre-moraes\/","og_locale":"pt_BR","og_type":"article","og_title":"Eduardo Bolsonaro associa assalto na casa de av\u00f3s a Alexandre Moraes - Afogados FM","og_description":"O deputado federal Eduardo Bolsonaro (PL-SP) insinuou nas redes sociais que o assalto na casa de familiares dele em Resende,","og_url":"https:\/\/afogadosfm.com.br\/afogadosfm\/2025\/08\/26\/eduardo-bolsonaro-associa-assalto-na-casa-de-avos-a-alexandre-moraes\/","og_site_name":"Afogados FM","article_published_time":"2025-08-26T08:54:03+00:00","article_modified_time":"2025-08-26T08:54:04+00:00","og_image":[{"width":800,"height":533,"url":"https:\/\/afogadosfm.com.br\/afogadosfm\/wp-content\/uploads\/2019\/08\/eduardo-bolso.jpg","type":"image\/jpeg"}],"author":"afogadosfm","twitter_card":"summary_large_image","twitter_misc":{"Escrito por":"afogadosfm","Est. tempo de leitura":"2 minutos"},"schema":{"@context":"https:\/\/schema.org","@graph":[{"@type":"Article","@id":"https:\/\/afogadosfm.com.br\/afogadosfm\/2025\/08\/26\/eduardo-bolsonaro-associa-assalto-na-casa-de-avos-a-alexandre-moraes\/#article","isPartOf":{"@id":"https:\/\/afogadosfm.com.br\/afogadosfm\/2025\/08\/26\/eduardo-bolsonaro-associa-assalto-na-casa-de-avos-a-alexandre-moraes\/"},"author":{"name":"afogadosfm","@id":"https:\/\/afogadosfm.com.br\/afogadosfm\/#\/schema\/person\/60e56f2cf5dc960fc093fe093d9e9057"},"headline":"Eduardo Bolsonaro associa assalto na casa de av\u00f3s a Alexandre Moraes","datePublished":"2025-08-26T08:54:03+00:00","dateModified":"2025-08-26T08:54:04+00:00","mainEntityOfPage":{"@id":"https:\/\/afogadosfm.com.br\/afogadosfm\/2025\/08\/26\/eduardo-bolsonaro-associa-assalto-na-casa-de-avos-a-alexandre-moraes\/"},"wordCount":339,"commentCount":0,"publisher":{"@id":"https:\/\/afogadosfm.com.br\/afogadosfm\/#organization"},"image":{"@id":"https:\/\/afogadosfm.com.br\/afogadosfm\/2025\/08\/26\/eduardo-bolsonaro-associa-assalto-na-casa-de-avos-a-alexandre-moraes\/#primaryimage"},"thumbnailUrl":"https:\/\/i0.wp.com\/afogadosfm.com.br\/afogadosfm\/wp-content\/uploads\/2019\/08\/eduardo-bolso.jpg?fit=800%2C533&ssl=1","articleSection":["Brasil"],"inLanguage":"pt-BR","potentialAction":[{"@type":"CommentAction","name":"Comment","target":["https:\/\/afogadosfm.com.br\/afogadosfm\/2025\/08\/26\/eduardo-bolsonaro-associa-assalto-na-casa-de-avos-a-alexandre-moraes\/#respond"]}]},{"@type":"WebPage","@id":"https:\/\/afogadosfm.com.br\/afogadosfm\/2025\/08\/26\/eduardo-bolsonaro-associa-assalto-na-casa-de-avos-a-alexandre-moraes\/","url":"https:\/\/afogadosfm.com.br\/afogadosfm\/2025\/08\/26\/eduardo-bolsonaro-associa-assalto-na-casa-de-avos-a-alexandre-moraes\/","name":"Eduardo Bolsonaro associa assalto na casa de av\u00f3s a Alexandre Moraes - Afogados FM","isPartOf":{"@id":"https:\/\/afogadosfm.com.br\/afogadosfm\/#website"},"primaryImageOfPage":{"@id":"https:\/\/afogadosfm.com.br\/afogadosfm\/2025\/08\/26\/eduardo-bolsonaro-associa-assalto-na-casa-de-avos-a-alexandre-moraes\/#primaryimage"},"image":{"@id":"https:\/\/afogadosfm.com.br\/afogadosfm\/2025\/08\/26\/eduardo-bolsonaro-associa-assalto-na-casa-de-avos-a-alexandre-moraes\/#primaryimage"},"thumbnailUrl":"https:\/\/i0.wp.com\/afogadosfm.com.br\/afogadosfm\/wp-content\/uploads\/2019\/08\/eduardo-bolso.jpg?fit=800%2C533&ssl=1","datePublished":"2025-08-26T08:54:03+00:00","dateModified":"2025-08-26T08:54:04+00:00","breadcrumb":{"@id":"https:\/\/afogadosfm.com.br\/afogadosfm\/2025\/08\/26\/eduardo-bolsonaro-associa-assalto-na-casa-de-avos-a-alexandre-moraes\/#breadcrumb"},"inLanguage":"pt-BR","potentialAction":[{"@type":"ReadAction","target":["https:\/\/afogadosfm.com.br\/afogadosfm\/2025\/08\/26\/eduardo-bolsonaro-associa-assalto-na-casa-de-avos-a-alexandre-moraes\/"]}]},{"@type":"ImageObject","inLanguage":"pt-BR","@id":"https:\/\/afogadosfm.com.br\/afogadosfm\/2025\/08\/26\/eduardo-bolsonaro-associa-assalto-na-casa-de-avos-a-alexandre-moraes\/#primaryimage","url":"https:\/\/i0.wp.com\/afogadosfm.com.br\/afogadosfm\/wp-content\/uploads\/2019\/08\/eduardo-bolso.jpg?fit=800%2C533&ssl=1","contentUrl":"https:\/\/i0.wp.com\/afogadosfm.com.br\/afogadosfm\/wp-content\/uploads\/2019\/08\/eduardo-bolso.jpg?fit=800%2C533&ssl=1","width":800,"height":533},{"@type":"BreadcrumbList","@id":"https:\/\/afogadosfm.com.br\/afogadosfm\/2025\/08\/26\/eduardo-bolsonaro-associa-assalto-na-casa-de-avos-a-alexandre-moraes\/#breadcrumb","itemListElement":[{"@type":"ListItem","position":1,"name":"In\u00edcio","item":"https:\/\/afogadosfm.com.br\/afogadosfm\/"},{"@type":"ListItem","position":2,"name":"Eduardo Bolsonaro associa assalto na casa de av\u00f3s a Alexandre Moraes"}]},{"@type":"WebSite","@id":"https:\/\/afogadosfm.com.br\/afogadosfm\/#website","url":"https:\/\/afogadosfm.com.br\/afogadosfm\/","name":"Afogados FM","description":"Um site completo!","publisher":{"@id":"https:\/\/afogadosfm.com.br\/afogadosfm\/#organization"},"potentialAction":[{"@type":"SearchAction","target":{"@type":"EntryPoint","urlTemplate":"https:\/\/afogadosfm.com.br\/afogadosfm\/?s={search_term_string}"},"query-input":{"@type":"PropertyValueSpecification","valueRequired":true,"valueName":"search_term_string"}}],"inLanguage":"pt-BR"},{"@type":"Organization","@id":"https:\/\/afogadosfm.com.br\/afogadosfm\/#organization","name":"Afogados FM","url":"https:\/\/afogadosfm.com.br\/afogadosfm\/","logo":{"@type":"ImageObject","inLanguage":"pt-BR","@id":"https:\/\/afogadosfm.com.br\/afogadosfm\/#\/schema\/logo\/image\/","url":"https:\/\/i0.wp.com\/afogadosfm.com.br\/afogadosfm\/wp-content\/uploads\/2020\/06\/cropped-banner-afogados-4.jpg?fit=369%2C137&ssl=1","contentUrl":"https:\/\/i0.wp.com\/afogadosfm.com.br\/afogadosfm\/wp-content\/uploads\/2020\/06\/cropped-banner-afogados-4.jpg?fit=369%2C137&ssl=1","width":369,"height":137,"caption":"Afogados FM"},"image":{"@id":"https:\/\/afogadosfm.com.br\/afogadosfm\/#\/schema\/logo\/image\/"}},{"@type":"Person","@id":"https:\/\/afogadosfm.com.br\/afogadosfm\/#\/schema\/person\/60e56f2cf5dc960fc093fe093d9e9057","name":"afogadosfm","image":{"@type":"ImageObject","inLanguage":"pt-BR","@id":"https:\/\/secure.gravatar.com\/avatar\/e0359add7ed5dc3560906d861b52c6a8cf5c1e199d3a7dd85070998f49bd4701?s=96&d=mm&r=g","url":"https:\/\/secure.gravatar.com\/avatar\/e0359add7ed5dc3560906d861b52c6a8cf5c1e199d3a7dd85070998f49bd4701?s=96&d=mm&r=g","contentUrl":"https:\/\/secure.gravatar.com\/avatar\/e0359add7ed5dc3560906d861b52c6a8cf5c1e199d3a7dd85070998f49bd4701?s=96&d=mm&r=g","caption":"afogadosfm"},"url":"https:\/\/afogadosfm.com.br\/afogadosfm\/author\/afogadosfm\/"}]}},"jetpack_publicize_connections":[],"jetpack_featured_media_url":"https:\/\/i0.wp.com\/afogadosfm.com.br\/afogadosfm\/wp-content\/uploads\/2019\/08\/eduardo-bolso.jpg?fit=800%2C533&ssl=1","jetpack-related-posts":[],"jetpack_sharing_enabled":true,"jetpack_likes_enabled":true,"_links":{"self":[{"href":"https:\/\/afogadosfm.com.br\/afogadosfm\/wp-json\/wp\/v2\/posts\/68526","targetHints":{"allow":["GET"]}}],"collection":[{"href":"https:\/\/afogadosfm.com.br\/afogadosfm\/wp-json\/wp\/v2\/posts"}],"about":[{"href":"https:\/\/afogadosfm.com.br\/afogadosfm\/wp-json\/wp\/v2\/types\/post"}],"author":[{"embeddable":true,"href":"https:\/\/afogadosfm.com.br\/afogadosfm\/wp-json\/wp\/v2\/users\/2"}],"replies":[{"embeddable":true,"href":"https:\/\/afogadosfm.com.br\/afogadosfm\/wp-json\/wp\/v2\/comments?post=68526"}],"version-history":[{"count":1,"href":"https:\/\/afogadosfm.com.br\/afogadosfm\/wp-json\/wp\/v2\/posts\/68526\/revisions"}],"predecessor-version":[{"id":68527,"href":"https:\/\/afogadosfm.com.br\/afogadosfm\/wp-json\/wp\/v2\/posts\/68526\/revisions\/68527"}],"wp:featuredmedia":[{"embeddable":true,"href":"https:\/\/afogadosfm.com.br\/afogadosfm\/wp-json\/wp\/v2\/media\/11891"}],"wp:attachment":[{"href":"https:\/\/afogadosfm.com.br\/afogadosfm\/wp-json\/wp\/v2\/media?parent=68526"}],"wp:term":[{"taxonomy":"category","embeddable":true,"href":"https:\/\/afogadosfm.com.br\/afogadosfm\/wp-json\/wp\/v2\/categories?post=68526"},{"taxonomy":"post_tag","embeddable":true,"href":"https:\/\/afogadosfm.com.br\/afogadosfm\/wp-json\/wp\/v2\/tags?post=68526"}],"curies":[{"name":"wp","href":"https:\/\/api.w.org\/{rel}","templated":true}]}}