{"id":68660,"date":"2025-08-31T05:28:57","date_gmt":"2025-08-31T08:28:57","guid":{"rendered":"https:\/\/afogadosfm.com.br\/afogadosfm\/?p=68660"},"modified":"2025-08-31T05:28:58","modified_gmt":"2025-08-31T08:28:58","slug":"pf-lobista-do-stj-acumulou-frota-de-396-veiculos-e-4-aeronaves-com-valor-de-r-113-milhoes","status":"publish","type":"post","link":"https:\/\/afogadosfm.com.br\/afogadosfm\/2025\/08\/31\/pf-lobista-do-stj-acumulou-frota-de-396-veiculos-e-4-aeronaves-com-valor-de-r-113-milhoes\/","title":{"rendered":"PF: Lobista do STJ acumulou frota de 396 ve\u00edculos e 4 aeronaves com valor de R$ 113 milh\u00f5es"},"content":{"rendered":"\n<p>Suspeito de operar um esquema de venda de decis\u00f5es do Superior Tribunal de Justi\u00e7a (STJ) e outros tribunais, o lobista Andreson de Oliveira Gon\u00e7alves acumulou um patrim\u00f4nio de 396 ve\u00edculos e quatro aeronaves em suas empresas que totalizam R$ 113 milh\u00f5es. A frota de ve\u00edculos pertence \u00e0 empresa Florais Transporte, que \u00e9 suspeita de ser usada por Andreson para lavagem de dinheiro e pagamentos de propina.<\/p>\n\n\n\n<p>A empresa tem apenas 48 funcion\u00e1rios e, segundo a Pol\u00edcia Federal, n\u00e3o teria capacidade para operar toda a frota que possui. As informa\u00e7\u00f5es foram levantadas pela PF na investiga\u00e7\u00e3o sobre o esquema venda de decis\u00f5es judiciais.<\/p>\n\n\n\n<p>De acordo com a PF, a empresa possui 113 caminh\u00f5es de carga chamados de cavalos tratores, 48 reboques, 215 semirreboques e 20 ve\u00edculos leves, com valor total estimado de R$ 97 milh\u00f5es. Procurada, a defesa do empres\u00e1rio n\u00e3o quis comentar.<\/p>\n\n\n\n<p>As informa\u00e7\u00f5es foram produzidas em um relat\u00f3rio da PF enviado neste m\u00eas ao ministro Cristiano Zanin, relator do caso no Supremo Tribunal Federal (STF). A PF est\u00e1 na fase final da investiga\u00e7\u00e3o sobre um suposto esquema de venda de decis\u00f5es envolvendo assessores do STJ.<\/p>\n\n\n\n<p>Andreson \u00e9 um dos personagens centrais, suspeito de cooptar servidores do Judici\u00e1rio em troca da obten\u00e7\u00e3o de informa\u00e7\u00f5es dos tribunais de diversas inst\u00e2ncias.<\/p>\n\n\n\n<p>Chamou aten\u00e7\u00e3o dos investigadores o fato de que a Florais Transportes ter uma frota que \u00e9 oito vezes maior do que seu contingente de funcion\u00e1rios.<\/p>\n\n\n\n<p>O lobista tamb\u00e9m \u00e9 dono da Florais Taxi A\u00e9reo, que tem uma frota de quatro aeronaves no valor de R$ 16 milh\u00f5es. A PF apontou ind\u00edcios de irregularidades na opera\u00e7\u00e3o da empresa, como a suspeita de que ela n\u00e3o \u00e9 usada para aluguel de servi\u00e7os de t\u00e1xi a\u00e9reo.<\/p>\n\n\n\n<p>\u201cEmbora formalmente autorizada a atuar como t\u00e1xi a\u00e9reo, a estrutura operacional e os registros dispon\u00edveis n\u00e3o demonstram compatibilidade com essa finalidade. O volume reduzido de voos, a aus\u00eancia de movimenta\u00e7\u00e3o de uma das aeronaves, a inexist\u00eancia de seguro obrigat\u00f3rio (RETA) nas certid\u00f5es de matr\u00edcula e a subutiliza\u00e7\u00e3o geral da frota indicam desvio de padr\u00e3o esperado para a atividade\u201d, diz o relat\u00f3rio da PF.<\/p>\n\n\n\n<p>Uma das hip\u00f3teses em apura\u00e7\u00e3o \u00e9 que o lobista emprestava as aeronaves para o uso de autoridades do Judici\u00e1rio, dentro de seu esquema de venda de decis\u00f5es.<\/p>\n\n\n\n<p>\u201cParte relevante desse material n\u00e3o apenas refor\u00e7a hip\u00f3teses previamente estabelecidas, como tamb\u00e9m amplia o escopo investigativo, revelando conex\u00f5es at\u00e9 ent\u00e3o n\u00e3o identificadas e exigindo reorganiza\u00e7\u00e3o l\u00f3gica e cronol\u00f3gica dos elementos j\u00e1 constantes dos autos investigativos\u201d, apontou a PF.<\/p>\n\n\n\n<p>Do Estad\u00e3o<\/p>\n","protected":false},"excerpt":{"rendered":"<p>Suspeito de operar um esquema de venda de decis\u00f5es do Superior Tribunal de Justi\u00e7a (STJ) e outros tribunais, o lobista<\/p>\n","protected":false},"author":2,"featured_media":50646,"comment_status":"open","ping_status":"open","sticky":false,"template":"","format":"standard","meta":{"jetpack_post_was_ever_published":false,"_jetpack_newsletter_access":"","_jetpack_dont_email_post_to_subs":false,"_jetpack_newsletter_tier_id":0,"_jetpack_memberships_contains_paywalled_content":false,"_jetpack_memberships_contains_paid_content":false,"footnotes":"","jetpack_publicize_message":"","jetpack_publicize_feature_enabled":true,"jetpack_social_post_already_shared":true,"jetpack_social_options":{"image_generator_settings":{"template":"highway","default_image_id":0,"font":"","enabled":false},"version":2}},"categories":[12],"tags":[],"class_list":["post-68660","post","type-post","status-publish","format-standard","has-post-thumbnail","hentry","category-brasil"],"yoast_head":"<!-- This site is optimized with the Yoast SEO plugin v27.5 - https:\/\/yoast.com\/product\/yoast-seo-wordpress\/ -->\n<title>PF: Lobista do STJ acumulou frota de 396 ve\u00edculos e 4 aeronaves com valor de R$ 113 milh\u00f5es - Afogados FM<\/title>\n<meta name=\"robots\" content=\"index, follow, max-snippet:-1, max-image-preview:large, max-video-preview:-1\" \/>\n<link rel=\"canonical\" href=\"https:\/\/afogadosfm.com.br\/afogadosfm\/2025\/08\/31\/pf-lobista-do-stj-acumulou-frota-de-396-veiculos-e-4-aeronaves-com-valor-de-r-113-milhoes\/\" \/>\n<meta property=\"og:locale\" content=\"pt_BR\" \/>\n<meta property=\"og:type\" content=\"article\" \/>\n<meta property=\"og:title\" content=\"PF: Lobista do STJ acumulou frota de 396 ve\u00edculos e 4 aeronaves com valor de R$ 113 milh\u00f5es - Afogados FM\" \/>\n<meta property=\"og:description\" content=\"Suspeito de operar um esquema de venda de decis\u00f5es do Superior Tribunal de Justi\u00e7a (STJ) e outros tribunais, o lobista\" \/>\n<meta property=\"og:url\" content=\"https:\/\/afogadosfm.com.br\/afogadosfm\/2025\/08\/31\/pf-lobista-do-stj-acumulou-frota-de-396-veiculos-e-4-aeronaves-com-valor-de-r-113-milhoes\/\" \/>\n<meta property=\"og:site_name\" content=\"Afogados FM\" \/>\n<meta property=\"article:published_time\" content=\"2025-08-31T08:28:57+00:00\" \/>\n<meta property=\"article:modified_time\" content=\"2025-08-31T08:28:58+00:00\" \/>\n<meta property=\"og:image\" content=\"https:\/\/afogadosfm.com.br\/afogadosfm\/wp-content\/uploads\/2023\/09\/pfbr.jpg\" \/>\n\t<meta property=\"og:image:width\" content=\"1280\" \/>\n\t<meta property=\"og:image:height\" content=\"720\" \/>\n\t<meta property=\"og:image:type\" content=\"image\/jpeg\" \/>\n<meta name=\"author\" content=\"afogadosfm\" \/>\n<meta name=\"twitter:card\" content=\"summary_large_image\" \/>\n<meta name=\"twitter:label1\" content=\"Escrito por\" \/>\n\t<meta name=\"twitter:data1\" content=\"afogadosfm\" \/>\n\t<meta name=\"twitter:label2\" content=\"Est. tempo de leitura\" \/>\n\t<meta name=\"twitter:data2\" content=\"3 minutos\" \/>\n<script type=\"application\/ld+json\" class=\"yoast-schema-graph\">{\"@context\":\"https:\\\/\\\/schema.org\",\"@graph\":[{\"@type\":\"Article\",\"@id\":\"https:\\\/\\\/afogadosfm.com.br\\\/afogadosfm\\\/2025\\\/08\\\/31\\\/pf-lobista-do-stj-acumulou-frota-de-396-veiculos-e-4-aeronaves-com-valor-de-r-113-milhoes\\\/#article\",\"isPartOf\":{\"@id\":\"https:\\\/\\\/afogadosfm.com.br\\\/afogadosfm\\\/2025\\\/08\\\/31\\\/pf-lobista-do-stj-acumulou-frota-de-396-veiculos-e-4-aeronaves-com-valor-de-r-113-milhoes\\\/\"},\"author\":{\"name\":\"afogadosfm\",\"@id\":\"https:\\\/\\\/afogadosfm.com.br\\\/afogadosfm\\\/#\\\/schema\\\/person\\\/60e56f2cf5dc960fc093fe093d9e9057\"},\"headline\":\"PF: Lobista do STJ acumulou frota de 396 ve\u00edculos e 4 aeronaves com valor de R$ 113 milh\u00f5es\",\"datePublished\":\"2025-08-31T08:28:57+00:00\",\"dateModified\":\"2025-08-31T08:28:58+00:00\",\"mainEntityOfPage\":{\"@id\":\"https:\\\/\\\/afogadosfm.com.br\\\/afogadosfm\\\/2025\\\/08\\\/31\\\/pf-lobista-do-stj-acumulou-frota-de-396-veiculos-e-4-aeronaves-com-valor-de-r-113-milhoes\\\/\"},\"wordCount\":479,\"commentCount\":0,\"publisher\":{\"@id\":\"https:\\\/\\\/afogadosfm.com.br\\\/afogadosfm\\\/#organization\"},\"image\":{\"@id\":\"https:\\\/\\\/afogadosfm.com.br\\\/afogadosfm\\\/2025\\\/08\\\/31\\\/pf-lobista-do-stj-acumulou-frota-de-396-veiculos-e-4-aeronaves-com-valor-de-r-113-milhoes\\\/#primaryimage\"},\"thumbnailUrl\":\"https:\\\/\\\/i0.wp.com\\\/afogadosfm.com.br\\\/afogadosfm\\\/wp-content\\\/uploads\\\/2023\\\/09\\\/pfbr.jpg?fit=1280%2C720&ssl=1\",\"articleSection\":[\"Brasil\"],\"inLanguage\":\"pt-BR\",\"potentialAction\":[{\"@type\":\"CommentAction\",\"name\":\"Comment\",\"target\":[\"https:\\\/\\\/afogadosfm.com.br\\\/afogadosfm\\\/2025\\\/08\\\/31\\\/pf-lobista-do-stj-acumulou-frota-de-396-veiculos-e-4-aeronaves-com-valor-de-r-113-milhoes\\\/#respond\"]}]},{\"@type\":\"WebPage\",\"@id\":\"https:\\\/\\\/afogadosfm.com.br\\\/afogadosfm\\\/2025\\\/08\\\/31\\\/pf-lobista-do-stj-acumulou-frota-de-396-veiculos-e-4-aeronaves-com-valor-de-r-113-milhoes\\\/\",\"url\":\"https:\\\/\\\/afogadosfm.com.br\\\/afogadosfm\\\/2025\\\/08\\\/31\\\/pf-lobista-do-stj-acumulou-frota-de-396-veiculos-e-4-aeronaves-com-valor-de-r-113-milhoes\\\/\",\"name\":\"PF: Lobista do STJ acumulou frota de 396 ve\u00edculos e 4 aeronaves com valor de R$ 113 milh\u00f5es - Afogados FM\",\"isPartOf\":{\"@id\":\"https:\\\/\\\/afogadosfm.com.br\\\/afogadosfm\\\/#website\"},\"primaryImageOfPage\":{\"@id\":\"https:\\\/\\\/afogadosfm.com.br\\\/afogadosfm\\\/2025\\\/08\\\/31\\\/pf-lobista-do-stj-acumulou-frota-de-396-veiculos-e-4-aeronaves-com-valor-de-r-113-milhoes\\\/#primaryimage\"},\"image\":{\"@id\":\"https:\\\/\\\/afogadosfm.com.br\\\/afogadosfm\\\/2025\\\/08\\\/31\\\/pf-lobista-do-stj-acumulou-frota-de-396-veiculos-e-4-aeronaves-com-valor-de-r-113-milhoes\\\/#primaryimage\"},\"thumbnailUrl\":\"https:\\\/\\\/i0.wp.com\\\/afogadosfm.com.br\\\/afogadosfm\\\/wp-content\\\/uploads\\\/2023\\\/09\\\/pfbr.jpg?fit=1280%2C720&ssl=1\",\"datePublished\":\"2025-08-31T08:28:57+00:00\",\"dateModified\":\"2025-08-31T08:28:58+00:00\",\"breadcrumb\":{\"@id\":\"https:\\\/\\\/afogadosfm.com.br\\\/afogadosfm\\\/2025\\\/08\\\/31\\\/pf-lobista-do-stj-acumulou-frota-de-396-veiculos-e-4-aeronaves-com-valor-de-r-113-milhoes\\\/#breadcrumb\"},\"inLanguage\":\"pt-BR\",\"potentialAction\":[{\"@type\":\"ReadAction\",\"target\":[\"https:\\\/\\\/afogadosfm.com.br\\\/afogadosfm\\\/2025\\\/08\\\/31\\\/pf-lobista-do-stj-acumulou-frota-de-396-veiculos-e-4-aeronaves-com-valor-de-r-113-milhoes\\\/\"]}]},{\"@type\":\"ImageObject\",\"inLanguage\":\"pt-BR\",\"@id\":\"https:\\\/\\\/afogadosfm.com.br\\\/afogadosfm\\\/2025\\\/08\\\/31\\\/pf-lobista-do-stj-acumulou-frota-de-396-veiculos-e-4-aeronaves-com-valor-de-r-113-milhoes\\\/#primaryimage\",\"url\":\"https:\\\/\\\/i0.wp.com\\\/afogadosfm.com.br\\\/afogadosfm\\\/wp-content\\\/uploads\\\/2023\\\/09\\\/pfbr.jpg?fit=1280%2C720&ssl=1\",\"contentUrl\":\"https:\\\/\\\/i0.wp.com\\\/afogadosfm.com.br\\\/afogadosfm\\\/wp-content\\\/uploads\\\/2023\\\/09\\\/pfbr.jpg?fit=1280%2C720&ssl=1\",\"width\":1280,\"height\":720},{\"@type\":\"BreadcrumbList\",\"@id\":\"https:\\\/\\\/afogadosfm.com.br\\\/afogadosfm\\\/2025\\\/08\\\/31\\\/pf-lobista-do-stj-acumulou-frota-de-396-veiculos-e-4-aeronaves-com-valor-de-r-113-milhoes\\\/#breadcrumb\",\"itemListElement\":[{\"@type\":\"ListItem\",\"position\":1,\"name\":\"In\u00edcio\",\"item\":\"https:\\\/\\\/afogadosfm.com.br\\\/afogadosfm\\\/\"},{\"@type\":\"ListItem\",\"position\":2,\"name\":\"PF: Lobista do STJ acumulou frota de 396 ve\u00edculos e 4 aeronaves com valor de R$ 113 milh\u00f5es\"}]},{\"@type\":\"WebSite\",\"@id\":\"https:\\\/\\\/afogadosfm.com.br\\\/afogadosfm\\\/#website\",\"url\":\"https:\\\/\\\/afogadosfm.com.br\\\/afogadosfm\\\/\",\"name\":\"Afogados FM\",\"description\":\"Um site completo!\",\"publisher\":{\"@id\":\"https:\\\/\\\/afogadosfm.com.br\\\/afogadosfm\\\/#organization\"},\"potentialAction\":[{\"@type\":\"SearchAction\",\"target\":{\"@type\":\"EntryPoint\",\"urlTemplate\":\"https:\\\/\\\/afogadosfm.com.br\\\/afogadosfm\\\/?s={search_term_string}\"},\"query-input\":{\"@type\":\"PropertyValueSpecification\",\"valueRequired\":true,\"valueName\":\"search_term_string\"}}],\"inLanguage\":\"pt-BR\"},{\"@type\":\"Organization\",\"@id\":\"https:\\\/\\\/afogadosfm.com.br\\\/afogadosfm\\\/#organization\",\"name\":\"Afogados FM\",\"url\":\"https:\\\/\\\/afogadosfm.com.br\\\/afogadosfm\\\/\",\"logo\":{\"@type\":\"ImageObject\",\"inLanguage\":\"pt-BR\",\"@id\":\"https:\\\/\\\/afogadosfm.com.br\\\/afogadosfm\\\/#\\\/schema\\\/logo\\\/image\\\/\",\"url\":\"https:\\\/\\\/i0.wp.com\\\/afogadosfm.com.br\\\/afogadosfm\\\/wp-content\\\/uploads\\\/2020\\\/06\\\/cropped-banner-afogados-4.jpg?fit=369%2C137&ssl=1\",\"contentUrl\":\"https:\\\/\\\/i0.wp.com\\\/afogadosfm.com.br\\\/afogadosfm\\\/wp-content\\\/uploads\\\/2020\\\/06\\\/cropped-banner-afogados-4.jpg?fit=369%2C137&ssl=1\",\"width\":369,\"height\":137,\"caption\":\"Afogados FM\"},\"image\":{\"@id\":\"https:\\\/\\\/afogadosfm.com.br\\\/afogadosfm\\\/#\\\/schema\\\/logo\\\/image\\\/\"}},{\"@type\":\"Person\",\"@id\":\"https:\\\/\\\/afogadosfm.com.br\\\/afogadosfm\\\/#\\\/schema\\\/person\\\/60e56f2cf5dc960fc093fe093d9e9057\",\"name\":\"afogadosfm\",\"image\":{\"@type\":\"ImageObject\",\"inLanguage\":\"pt-BR\",\"@id\":\"https:\\\/\\\/secure.gravatar.com\\\/avatar\\\/e0359add7ed5dc3560906d861b52c6a8cf5c1e199d3a7dd85070998f49bd4701?s=96&d=mm&r=g\",\"url\":\"https:\\\/\\\/secure.gravatar.com\\\/avatar\\\/e0359add7ed5dc3560906d861b52c6a8cf5c1e199d3a7dd85070998f49bd4701?s=96&d=mm&r=g\",\"contentUrl\":\"https:\\\/\\\/secure.gravatar.com\\\/avatar\\\/e0359add7ed5dc3560906d861b52c6a8cf5c1e199d3a7dd85070998f49bd4701?s=96&d=mm&r=g\",\"caption\":\"afogadosfm\"},\"url\":\"https:\\\/\\\/afogadosfm.com.br\\\/afogadosfm\\\/author\\\/afogadosfm\\\/\"}]}<\/script>\n<!-- \/ Yoast SEO plugin. -->","yoast_head_json":{"title":"PF: Lobista do STJ acumulou frota de 396 ve\u00edculos e 4 aeronaves com valor de R$ 113 milh\u00f5es - Afogados FM","robots":{"index":"index","follow":"follow","max-snippet":"max-snippet:-1","max-image-preview":"max-image-preview:large","max-video-preview":"max-video-preview:-1"},"canonical":"https:\/\/afogadosfm.com.br\/afogadosfm\/2025\/08\/31\/pf-lobista-do-stj-acumulou-frota-de-396-veiculos-e-4-aeronaves-com-valor-de-r-113-milhoes\/","og_locale":"pt_BR","og_type":"article","og_title":"PF: Lobista do STJ acumulou frota de 396 ve\u00edculos e 4 aeronaves com valor de R$ 113 milh\u00f5es - Afogados FM","og_description":"Suspeito de operar um esquema de venda de decis\u00f5es do Superior Tribunal de Justi\u00e7a (STJ) e outros tribunais, o lobista","og_url":"https:\/\/afogadosfm.com.br\/afogadosfm\/2025\/08\/31\/pf-lobista-do-stj-acumulou-frota-de-396-veiculos-e-4-aeronaves-com-valor-de-r-113-milhoes\/","og_site_name":"Afogados FM","article_published_time":"2025-08-31T08:28:57+00:00","article_modified_time":"2025-08-31T08:28:58+00:00","og_image":[{"width":1280,"height":720,"url":"https:\/\/afogadosfm.com.br\/afogadosfm\/wp-content\/uploads\/2023\/09\/pfbr.jpg","type":"image\/jpeg"}],"author":"afogadosfm","twitter_card":"summary_large_image","twitter_misc":{"Escrito por":"afogadosfm","Est. tempo de leitura":"3 minutos"},"schema":{"@context":"https:\/\/schema.org","@graph":[{"@type":"Article","@id":"https:\/\/afogadosfm.com.br\/afogadosfm\/2025\/08\/31\/pf-lobista-do-stj-acumulou-frota-de-396-veiculos-e-4-aeronaves-com-valor-de-r-113-milhoes\/#article","isPartOf":{"@id":"https:\/\/afogadosfm.com.br\/afogadosfm\/2025\/08\/31\/pf-lobista-do-stj-acumulou-frota-de-396-veiculos-e-4-aeronaves-com-valor-de-r-113-milhoes\/"},"author":{"name":"afogadosfm","@id":"https:\/\/afogadosfm.com.br\/afogadosfm\/#\/schema\/person\/60e56f2cf5dc960fc093fe093d9e9057"},"headline":"PF: Lobista do STJ acumulou frota de 396 ve\u00edculos e 4 aeronaves com valor de R$ 113 milh\u00f5es","datePublished":"2025-08-31T08:28:57+00:00","dateModified":"2025-08-31T08:28:58+00:00","mainEntityOfPage":{"@id":"https:\/\/afogadosfm.com.br\/afogadosfm\/2025\/08\/31\/pf-lobista-do-stj-acumulou-frota-de-396-veiculos-e-4-aeronaves-com-valor-de-r-113-milhoes\/"},"wordCount":479,"commentCount":0,"publisher":{"@id":"https:\/\/afogadosfm.com.br\/afogadosfm\/#organization"},"image":{"@id":"https:\/\/afogadosfm.com.br\/afogadosfm\/2025\/08\/31\/pf-lobista-do-stj-acumulou-frota-de-396-veiculos-e-4-aeronaves-com-valor-de-r-113-milhoes\/#primaryimage"},"thumbnailUrl":"https:\/\/i0.wp.com\/afogadosfm.com.br\/afogadosfm\/wp-content\/uploads\/2023\/09\/pfbr.jpg?fit=1280%2C720&ssl=1","articleSection":["Brasil"],"inLanguage":"pt-BR","potentialAction":[{"@type":"CommentAction","name":"Comment","target":["https:\/\/afogadosfm.com.br\/afogadosfm\/2025\/08\/31\/pf-lobista-do-stj-acumulou-frota-de-396-veiculos-e-4-aeronaves-com-valor-de-r-113-milhoes\/#respond"]}]},{"@type":"WebPage","@id":"https:\/\/afogadosfm.com.br\/afogadosfm\/2025\/08\/31\/pf-lobista-do-stj-acumulou-frota-de-396-veiculos-e-4-aeronaves-com-valor-de-r-113-milhoes\/","url":"https:\/\/afogadosfm.com.br\/afogadosfm\/2025\/08\/31\/pf-lobista-do-stj-acumulou-frota-de-396-veiculos-e-4-aeronaves-com-valor-de-r-113-milhoes\/","name":"PF: Lobista do STJ acumulou frota de 396 ve\u00edculos e 4 aeronaves com valor de R$ 113 milh\u00f5es - Afogados FM","isPartOf":{"@id":"https:\/\/afogadosfm.com.br\/afogadosfm\/#website"},"primaryImageOfPage":{"@id":"https:\/\/afogadosfm.com.br\/afogadosfm\/2025\/08\/31\/pf-lobista-do-stj-acumulou-frota-de-396-veiculos-e-4-aeronaves-com-valor-de-r-113-milhoes\/#primaryimage"},"image":{"@id":"https:\/\/afogadosfm.com.br\/afogadosfm\/2025\/08\/31\/pf-lobista-do-stj-acumulou-frota-de-396-veiculos-e-4-aeronaves-com-valor-de-r-113-milhoes\/#primaryimage"},"thumbnailUrl":"https:\/\/i0.wp.com\/afogadosfm.com.br\/afogadosfm\/wp-content\/uploads\/2023\/09\/pfbr.jpg?fit=1280%2C720&ssl=1","datePublished":"2025-08-31T08:28:57+00:00","dateModified":"2025-08-31T08:28:58+00:00","breadcrumb":{"@id":"https:\/\/afogadosfm.com.br\/afogadosfm\/2025\/08\/31\/pf-lobista-do-stj-acumulou-frota-de-396-veiculos-e-4-aeronaves-com-valor-de-r-113-milhoes\/#breadcrumb"},"inLanguage":"pt-BR","potentialAction":[{"@type":"ReadAction","target":["https:\/\/afogadosfm.com.br\/afogadosfm\/2025\/08\/31\/pf-lobista-do-stj-acumulou-frota-de-396-veiculos-e-4-aeronaves-com-valor-de-r-113-milhoes\/"]}]},{"@type":"ImageObject","inLanguage":"pt-BR","@id":"https:\/\/afogadosfm.com.br\/afogadosfm\/2025\/08\/31\/pf-lobista-do-stj-acumulou-frota-de-396-veiculos-e-4-aeronaves-com-valor-de-r-113-milhoes\/#primaryimage","url":"https:\/\/i0.wp.com\/afogadosfm.com.br\/afogadosfm\/wp-content\/uploads\/2023\/09\/pfbr.jpg?fit=1280%2C720&ssl=1","contentUrl":"https:\/\/i0.wp.com\/afogadosfm.com.br\/afogadosfm\/wp-content\/uploads\/2023\/09\/pfbr.jpg?fit=1280%2C720&ssl=1","width":1280,"height":720},{"@type":"BreadcrumbList","@id":"https:\/\/afogadosfm.com.br\/afogadosfm\/2025\/08\/31\/pf-lobista-do-stj-acumulou-frota-de-396-veiculos-e-4-aeronaves-com-valor-de-r-113-milhoes\/#breadcrumb","itemListElement":[{"@type":"ListItem","position":1,"name":"In\u00edcio","item":"https:\/\/afogadosfm.com.br\/afogadosfm\/"},{"@type":"ListItem","position":2,"name":"PF: Lobista do STJ acumulou frota de 396 ve\u00edculos e 4 aeronaves com valor de R$ 113 milh\u00f5es"}]},{"@type":"WebSite","@id":"https:\/\/afogadosfm.com.br\/afogadosfm\/#website","url":"https:\/\/afogadosfm.com.br\/afogadosfm\/","name":"Afogados FM","description":"Um site completo!","publisher":{"@id":"https:\/\/afogadosfm.com.br\/afogadosfm\/#organization"},"potentialAction":[{"@type":"SearchAction","target":{"@type":"EntryPoint","urlTemplate":"https:\/\/afogadosfm.com.br\/afogadosfm\/?s={search_term_string}"},"query-input":{"@type":"PropertyValueSpecification","valueRequired":true,"valueName":"search_term_string"}}],"inLanguage":"pt-BR"},{"@type":"Organization","@id":"https:\/\/afogadosfm.com.br\/afogadosfm\/#organization","name":"Afogados FM","url":"https:\/\/afogadosfm.com.br\/afogadosfm\/","logo":{"@type":"ImageObject","inLanguage":"pt-BR","@id":"https:\/\/afogadosfm.com.br\/afogadosfm\/#\/schema\/logo\/image\/","url":"https:\/\/i0.wp.com\/afogadosfm.com.br\/afogadosfm\/wp-content\/uploads\/2020\/06\/cropped-banner-afogados-4.jpg?fit=369%2C137&ssl=1","contentUrl":"https:\/\/i0.wp.com\/afogadosfm.com.br\/afogadosfm\/wp-content\/uploads\/2020\/06\/cropped-banner-afogados-4.jpg?fit=369%2C137&ssl=1","width":369,"height":137,"caption":"Afogados FM"},"image":{"@id":"https:\/\/afogadosfm.com.br\/afogadosfm\/#\/schema\/logo\/image\/"}},{"@type":"Person","@id":"https:\/\/afogadosfm.com.br\/afogadosfm\/#\/schema\/person\/60e56f2cf5dc960fc093fe093d9e9057","name":"afogadosfm","image":{"@type":"ImageObject","inLanguage":"pt-BR","@id":"https:\/\/secure.gravatar.com\/avatar\/e0359add7ed5dc3560906d861b52c6a8cf5c1e199d3a7dd85070998f49bd4701?s=96&d=mm&r=g","url":"https:\/\/secure.gravatar.com\/avatar\/e0359add7ed5dc3560906d861b52c6a8cf5c1e199d3a7dd85070998f49bd4701?s=96&d=mm&r=g","contentUrl":"https:\/\/secure.gravatar.com\/avatar\/e0359add7ed5dc3560906d861b52c6a8cf5c1e199d3a7dd85070998f49bd4701?s=96&d=mm&r=g","caption":"afogadosfm"},"url":"https:\/\/afogadosfm.com.br\/afogadosfm\/author\/afogadosfm\/"}]}},"jetpack_publicize_connections":[],"jetpack_featured_media_url":"https:\/\/i0.wp.com\/afogadosfm.com.br\/afogadosfm\/wp-content\/uploads\/2023\/09\/pfbr.jpg?fit=1280%2C720&ssl=1","jetpack-related-posts":[],"jetpack_sharing_enabled":true,"jetpack_likes_enabled":true,"_links":{"self":[{"href":"https:\/\/afogadosfm.com.br\/afogadosfm\/wp-json\/wp\/v2\/posts\/68660","targetHints":{"allow":["GET"]}}],"collection":[{"href":"https:\/\/afogadosfm.com.br\/afogadosfm\/wp-json\/wp\/v2\/posts"}],"about":[{"href":"https:\/\/afogadosfm.com.br\/afogadosfm\/wp-json\/wp\/v2\/types\/post"}],"author":[{"embeddable":true,"href":"https:\/\/afogadosfm.com.br\/afogadosfm\/wp-json\/wp\/v2\/users\/2"}],"replies":[{"embeddable":true,"href":"https:\/\/afogadosfm.com.br\/afogadosfm\/wp-json\/wp\/v2\/comments?post=68660"}],"version-history":[{"count":1,"href":"https:\/\/afogadosfm.com.br\/afogadosfm\/wp-json\/wp\/v2\/posts\/68660\/revisions"}],"predecessor-version":[{"id":68661,"href":"https:\/\/afogadosfm.com.br\/afogadosfm\/wp-json\/wp\/v2\/posts\/68660\/revisions\/68661"}],"wp:featuredmedia":[{"embeddable":true,"href":"https:\/\/afogadosfm.com.br\/afogadosfm\/wp-json\/wp\/v2\/media\/50646"}],"wp:attachment":[{"href":"https:\/\/afogadosfm.com.br\/afogadosfm\/wp-json\/wp\/v2\/media?parent=68660"}],"wp:term":[{"taxonomy":"category","embeddable":true,"href":"https:\/\/afogadosfm.com.br\/afogadosfm\/wp-json\/wp\/v2\/categories?post=68660"},{"taxonomy":"post_tag","embeddable":true,"href":"https:\/\/afogadosfm.com.br\/afogadosfm\/wp-json\/wp\/v2\/tags?post=68660"}],"curies":[{"name":"wp","href":"https:\/\/api.w.org\/{rel}","templated":true}]}}