{"id":68664,"date":"2025-09-01T05:51:03","date_gmt":"2025-09-01T08:51:03","guid":{"rendered":"https:\/\/afogadosfm.com.br\/afogadosfm\/?p=68664"},"modified":"2025-09-02T03:31:43","modified_gmt":"2025-09-02T06:31:43","slug":"afogados-inaugurou-praca-e-memorial-em-homenagem-as-vitimas-da-covid","status":"publish","type":"post","link":"https:\/\/afogadosfm.com.br\/afogadosfm\/2025\/09\/01\/afogados-inaugurou-praca-e-memorial-em-homenagem-as-vitimas-da-covid\/","title":{"rendered":"Afogados inaugurou pra\u00e7a e memorial em homenagem \u00e0s v\u00edtimas da COVID"},"content":{"rendered":"\n<p>A Prefeitura de Afogados da Ingazeira inaugurou neste final de semana as obras de requalifica\u00e7\u00e3o da pra\u00e7a Luiz Barbosa da Silva, o \u201cLuiz Ferreir\u00e3o\u201d. A pra\u00e7a fica em frente ao cemit\u00e9rio S\u00e3o Judas Tadeu, e recebeu pavimenta\u00e7\u00e3o com piso intertravado, bancos, paisagismo, ilumina\u00e7\u00e3o em LED e acessibilidade.&nbsp;<\/p>\n\n\n\n<p>No local, a Prefeitura instalou um memorial com os nomes das 109 v\u00edtimas da COVID em Afogados da Ingazeira, numa homenagem \u00e0 mem\u00f3ria de tantas pessoas queridas que perdemos para a pandemia. Al\u00e9m dos moradores do entorno da pra\u00e7a, a inaugura\u00e7\u00e3o tamb\u00e9m contou com as presen\u00e7as de familiares de algumas das v\u00edtimas da pandemia.&nbsp;<\/p>\n\n\n\n<figure class=\"wp-block-image\"><a href=\"https:\/\/i0.wp.com\/blogger.googleusercontent.com\/img\/b\/R29vZ2xl\/AVvXsEhpN0IjC-eZhzJNmJ2cQU7GSgoHAnt0ZK-JOCBaQ3jHOdCe-7tXMpf8GWxPSiwi3_VTCzT-hFB_yMfkJ_TqtBLDy3J8xCqnEe0pGcfLaBV2v3NS3c8EExPvhmENYQ_cjT6D9hdcTLonS_JBJD53NeAzZvAhZieseoF9Mzg6466ZsJF0mmY6-73HfOEuOatB\/s1600\/10b32dcb-f5e5-481f-b814-07d919c870c6.jpeg?ssl=1\"><img data-recalc-dims=\"1\" decoding=\"async\" src=\"https:\/\/i0.wp.com\/blogger.googleusercontent.com\/img\/b\/R29vZ2xl\/AVvXsEhpN0IjC-eZhzJNmJ2cQU7GSgoHAnt0ZK-JOCBaQ3jHOdCe-7tXMpf8GWxPSiwi3_VTCzT-hFB_yMfkJ_TqtBLDy3J8xCqnEe0pGcfLaBV2v3NS3c8EExPvhmENYQ_cjT6D9hdcTLonS_JBJD53NeAzZvAhZieseoF9Mzg6466ZsJF0mmY6-73HfOEuOatB\/w400-h266\/10b32dcb-f5e5-481f-b814-07d919c870c6.jpeg?w=840&#038;ssl=1\" alt=\"\"\/><\/a><\/figure>\n\n\n\n<figure class=\"wp-block-image\"><a href=\"https:\/\/i0.wp.com\/blogger.googleusercontent.com\/img\/b\/R29vZ2xl\/AVvXsEj55zgw-C5cSjfG0zfGl-caluPFW-JNBQVVr3Q02Hm5BWRYdAvXjCfok6ogsCbABHA_xd8TYYX9sxMlAkgs69oKui7OCGvdWGyAtNje3dFnJR63lwW9bOncy2cBKueAzaRgBc0gkPwQ5GIm60XtO2ARY6HV80iR28bw7zPnRy4-nNt1eQIOPpFGu6BOBwDw\/s1600\/474c1e46-8cd6-44ee-9110-14146c8abdad.jpeg?ssl=1\"><img data-recalc-dims=\"1\" decoding=\"async\" src=\"https:\/\/i0.wp.com\/blogger.googleusercontent.com\/img\/b\/R29vZ2xl\/AVvXsEj55zgw-C5cSjfG0zfGl-caluPFW-JNBQVVr3Q02Hm5BWRYdAvXjCfok6ogsCbABHA_xd8TYYX9sxMlAkgs69oKui7OCGvdWGyAtNje3dFnJR63lwW9bOncy2cBKueAzaRgBc0gkPwQ5GIm60XtO2ARY6HV80iR28bw7zPnRy4-nNt1eQIOPpFGu6BOBwDw\/w400-h266\/474c1e46-8cd6-44ee-9110-14146c8abdad.jpeg?w=840&#038;ssl=1\" alt=\"\"\/><\/a><\/figure>\n\n\n\n<p>\u201cEsse memorial \u00e9 a forma que encontramos de prestarmos nossa homenagem a todas as pessoas que a pandemia nos tirou. Que ele possa nos ajudar a lembrar daqueles que se foram, e nunca esquecer o per\u00edodo sombrio que vivemos. Como Miguel falou aqui, o afeto e a sensibilidade s\u00e3o fundamentais para quem \u00e9 gestor, para que as obras possam servir ao povo. Aqui em Afogados a gente faz bem feito porque a gente faz com amor,\u201d afirmou o Prefeito Sandrinho Palmeira.&nbsp;<\/p>\n\n\n\n<p>A inaugura\u00e7\u00e3o contou com a presen\u00e7a do ex-prefeito de Petrolina, Miguel Coelho, que esteve em visita \u00e0 cidade. \u201cQuero agradecer o carinho e a acolhida de todos os Afogadenses. Feliz em poder acompanhar os gestores nessas entregas. A pandemia deixou uma cicatriz no cora\u00e7\u00e3o de todos n\u00f3s. \u00c9 um gesto muito nobre esse memorial \u00e0s v\u00edtimas da COVID. Esse memorial humaniza, conecta a gest\u00e3o \u00e0s pessoas, permitindo reflex\u00e3o, empatia e a lembran\u00e7a dos que partiram ,\u201d afirmou Miguel Coelho.<\/p>\n\n\n\n<p>A inaugura\u00e7\u00e3o contou ainda com as presen\u00e7as do vice-prefeito Daniel Valadares, do presidente da c\u00e2mara de vereadores, Vicente Zuza, dos vereadores Douglas Rodrigues, Gal Mariano, Simone da feira, Lucineide Cordeiro, C\u00e9sar Ten\u00f3rio e C\u00edcero Miguel, esses dois \u00faltimos os autores do requerimento para a obra da pra\u00e7a.<\/p>\n","protected":false},"excerpt":{"rendered":"<p>A Prefeitura de Afogados da Ingazeira inaugurou neste final de semana as obras de requalifica\u00e7\u00e3o da pra\u00e7a Luiz Barbosa da<\/p>\n","protected":false},"author":2,"featured_media":68665,"comment_status":"open","ping_status":"open","sticky":false,"template":"","format":"standard","meta":{"jetpack_post_was_ever_published":false,"_jetpack_newsletter_access":"","_jetpack_dont_email_post_to_subs":false,"_jetpack_newsletter_tier_id":0,"_jetpack_memberships_contains_paywalled_content":false,"_jetpack_memberships_contains_paid_content":false,"footnotes":"","jetpack_publicize_message":"","jetpack_publicize_feature_enabled":true,"jetpack_social_post_already_shared":true,"jetpack_social_options":{"image_generator_settings":{"template":"highway","default_image_id":0,"font":"","enabled":false},"version":2}},"categories":[14],"tags":[],"class_list":["post-68664","post","type-post","status-publish","format-standard","has-post-thumbnail","hentry","category-afogados-da-ingazeira"],"yoast_head":"<!-- This site is optimized with the Yoast SEO plugin v27.5 - https:\/\/yoast.com\/product\/yoast-seo-wordpress\/ -->\n<title>Afogados inaugurou pra\u00e7a e memorial em homenagem \u00e0s v\u00edtimas da COVID - Afogados FM<\/title>\n<meta name=\"robots\" content=\"index, follow, max-snippet:-1, max-image-preview:large, max-video-preview:-1\" \/>\n<link rel=\"canonical\" href=\"https:\/\/afogadosfm.com.br\/afogadosfm\/2025\/09\/01\/afogados-inaugurou-praca-e-memorial-em-homenagem-as-vitimas-da-covid\/\" \/>\n<meta property=\"og:locale\" content=\"pt_BR\" \/>\n<meta property=\"og:type\" content=\"article\" \/>\n<meta property=\"og:title\" content=\"Afogados inaugurou pra\u00e7a e memorial em homenagem \u00e0s v\u00edtimas da COVID - Afogados FM\" \/>\n<meta property=\"og:description\" content=\"A Prefeitura de Afogados da Ingazeira inaugurou neste final de semana as obras de requalifica\u00e7\u00e3o da pra\u00e7a Luiz Barbosa da\" \/>\n<meta property=\"og:url\" content=\"https:\/\/afogadosfm.com.br\/afogadosfm\/2025\/09\/01\/afogados-inaugurou-praca-e-memorial-em-homenagem-as-vitimas-da-covid\/\" \/>\n<meta property=\"og:site_name\" content=\"Afogados FM\" \/>\n<meta property=\"article:published_time\" content=\"2025-09-01T08:51:03+00:00\" \/>\n<meta property=\"article:modified_time\" content=\"2025-09-02T06:31:43+00:00\" \/>\n<meta property=\"og:image\" content=\"https:\/\/afogadosfm.com.br\/afogadosfm\/wp-content\/uploads\/2025\/09\/7b79a5b2-1f10-4c64-8f46-23c9216482f0.jpeg\" \/>\n\t<meta property=\"og:image:width\" content=\"400\" \/>\n\t<meta property=\"og:image:height\" content=\"266\" \/>\n\t<meta property=\"og:image:type\" content=\"image\/jpeg\" \/>\n<meta name=\"author\" content=\"afogadosfm\" \/>\n<meta name=\"twitter:card\" content=\"summary_large_image\" \/>\n<meta name=\"twitter:label1\" content=\"Escrito por\" \/>\n\t<meta name=\"twitter:data1\" content=\"afogadosfm\" \/>\n\t<meta name=\"twitter:label2\" content=\"Est. tempo de leitura\" \/>\n\t<meta name=\"twitter:data2\" content=\"3 minutos\" \/>\n<script type=\"application\/ld+json\" class=\"yoast-schema-graph\">{\"@context\":\"https:\\\/\\\/schema.org\",\"@graph\":[{\"@type\":\"Article\",\"@id\":\"https:\\\/\\\/afogadosfm.com.br\\\/afogadosfm\\\/2025\\\/09\\\/01\\\/afogados-inaugurou-praca-e-memorial-em-homenagem-as-vitimas-da-covid\\\/#article\",\"isPartOf\":{\"@id\":\"https:\\\/\\\/afogadosfm.com.br\\\/afogadosfm\\\/2025\\\/09\\\/01\\\/afogados-inaugurou-praca-e-memorial-em-homenagem-as-vitimas-da-covid\\\/\"},\"author\":{\"name\":\"afogadosfm\",\"@id\":\"https:\\\/\\\/afogadosfm.com.br\\\/afogadosfm\\\/#\\\/schema\\\/person\\\/60e56f2cf5dc960fc093fe093d9e9057\"},\"headline\":\"Afogados inaugurou pra\u00e7a e memorial em homenagem \u00e0s v\u00edtimas da COVID\",\"datePublished\":\"2025-09-01T08:51:03+00:00\",\"dateModified\":\"2025-09-02T06:31:43+00:00\",\"mainEntityOfPage\":{\"@id\":\"https:\\\/\\\/afogadosfm.com.br\\\/afogadosfm\\\/2025\\\/09\\\/01\\\/afogados-inaugurou-praca-e-memorial-em-homenagem-as-vitimas-da-covid\\\/\"},\"wordCount\":350,\"commentCount\":0,\"publisher\":{\"@id\":\"https:\\\/\\\/afogadosfm.com.br\\\/afogadosfm\\\/#organization\"},\"image\":{\"@id\":\"https:\\\/\\\/afogadosfm.com.br\\\/afogadosfm\\\/2025\\\/09\\\/01\\\/afogados-inaugurou-praca-e-memorial-em-homenagem-as-vitimas-da-covid\\\/#primaryimage\"},\"thumbnailUrl\":\"https:\\\/\\\/i0.wp.com\\\/afogadosfm.com.br\\\/afogadosfm\\\/wp-content\\\/uploads\\\/2025\\\/09\\\/7b79a5b2-1f10-4c64-8f46-23c9216482f0.jpeg?fit=400%2C266&ssl=1\",\"articleSection\":[\"Afogados da Ingazeira\"],\"inLanguage\":\"pt-BR\",\"potentialAction\":[{\"@type\":\"CommentAction\",\"name\":\"Comment\",\"target\":[\"https:\\\/\\\/afogadosfm.com.br\\\/afogadosfm\\\/2025\\\/09\\\/01\\\/afogados-inaugurou-praca-e-memorial-em-homenagem-as-vitimas-da-covid\\\/#respond\"]}]},{\"@type\":\"WebPage\",\"@id\":\"https:\\\/\\\/afogadosfm.com.br\\\/afogadosfm\\\/2025\\\/09\\\/01\\\/afogados-inaugurou-praca-e-memorial-em-homenagem-as-vitimas-da-covid\\\/\",\"url\":\"https:\\\/\\\/afogadosfm.com.br\\\/afogadosfm\\\/2025\\\/09\\\/01\\\/afogados-inaugurou-praca-e-memorial-em-homenagem-as-vitimas-da-covid\\\/\",\"name\":\"Afogados inaugurou pra\u00e7a e memorial em homenagem \u00e0s v\u00edtimas da COVID - Afogados FM\",\"isPartOf\":{\"@id\":\"https:\\\/\\\/afogadosfm.com.br\\\/afogadosfm\\\/#website\"},\"primaryImageOfPage\":{\"@id\":\"https:\\\/\\\/afogadosfm.com.br\\\/afogadosfm\\\/2025\\\/09\\\/01\\\/afogados-inaugurou-praca-e-memorial-em-homenagem-as-vitimas-da-covid\\\/#primaryimage\"},\"image\":{\"@id\":\"https:\\\/\\\/afogadosfm.com.br\\\/afogadosfm\\\/2025\\\/09\\\/01\\\/afogados-inaugurou-praca-e-memorial-em-homenagem-as-vitimas-da-covid\\\/#primaryimage\"},\"thumbnailUrl\":\"https:\\\/\\\/i0.wp.com\\\/afogadosfm.com.br\\\/afogadosfm\\\/wp-content\\\/uploads\\\/2025\\\/09\\\/7b79a5b2-1f10-4c64-8f46-23c9216482f0.jpeg?fit=400%2C266&ssl=1\",\"datePublished\":\"2025-09-01T08:51:03+00:00\",\"dateModified\":\"2025-09-02T06:31:43+00:00\",\"breadcrumb\":{\"@id\":\"https:\\\/\\\/afogadosfm.com.br\\\/afogadosfm\\\/2025\\\/09\\\/01\\\/afogados-inaugurou-praca-e-memorial-em-homenagem-as-vitimas-da-covid\\\/#breadcrumb\"},\"inLanguage\":\"pt-BR\",\"potentialAction\":[{\"@type\":\"ReadAction\",\"target\":[\"https:\\\/\\\/afogadosfm.com.br\\\/afogadosfm\\\/2025\\\/09\\\/01\\\/afogados-inaugurou-praca-e-memorial-em-homenagem-as-vitimas-da-covid\\\/\"]}]},{\"@type\":\"ImageObject\",\"inLanguage\":\"pt-BR\",\"@id\":\"https:\\\/\\\/afogadosfm.com.br\\\/afogadosfm\\\/2025\\\/09\\\/01\\\/afogados-inaugurou-praca-e-memorial-em-homenagem-as-vitimas-da-covid\\\/#primaryimage\",\"url\":\"https:\\\/\\\/i0.wp.com\\\/afogadosfm.com.br\\\/afogadosfm\\\/wp-content\\\/uploads\\\/2025\\\/09\\\/7b79a5b2-1f10-4c64-8f46-23c9216482f0.jpeg?fit=400%2C266&ssl=1\",\"contentUrl\":\"https:\\\/\\\/i0.wp.com\\\/afogadosfm.com.br\\\/afogadosfm\\\/wp-content\\\/uploads\\\/2025\\\/09\\\/7b79a5b2-1f10-4c64-8f46-23c9216482f0.jpeg?fit=400%2C266&ssl=1\",\"width\":400,\"height\":266},{\"@type\":\"BreadcrumbList\",\"@id\":\"https:\\\/\\\/afogadosfm.com.br\\\/afogadosfm\\\/2025\\\/09\\\/01\\\/afogados-inaugurou-praca-e-memorial-em-homenagem-as-vitimas-da-covid\\\/#breadcrumb\",\"itemListElement\":[{\"@type\":\"ListItem\",\"position\":1,\"name\":\"In\u00edcio\",\"item\":\"https:\\\/\\\/afogadosfm.com.br\\\/afogadosfm\\\/\"},{\"@type\":\"ListItem\",\"position\":2,\"name\":\"Afogados inaugurou pra\u00e7a e memorial em homenagem \u00e0s v\u00edtimas da COVID\"}]},{\"@type\":\"WebSite\",\"@id\":\"https:\\\/\\\/afogadosfm.com.br\\\/afogadosfm\\\/#website\",\"url\":\"https:\\\/\\\/afogadosfm.com.br\\\/afogadosfm\\\/\",\"name\":\"Afogados FM\",\"description\":\"Um site completo!\",\"publisher\":{\"@id\":\"https:\\\/\\\/afogadosfm.com.br\\\/afogadosfm\\\/#organization\"},\"potentialAction\":[{\"@type\":\"SearchAction\",\"target\":{\"@type\":\"EntryPoint\",\"urlTemplate\":\"https:\\\/\\\/afogadosfm.com.br\\\/afogadosfm\\\/?s={search_term_string}\"},\"query-input\":{\"@type\":\"PropertyValueSpecification\",\"valueRequired\":true,\"valueName\":\"search_term_string\"}}],\"inLanguage\":\"pt-BR\"},{\"@type\":\"Organization\",\"@id\":\"https:\\\/\\\/afogadosfm.com.br\\\/afogadosfm\\\/#organization\",\"name\":\"Afogados FM\",\"url\":\"https:\\\/\\\/afogadosfm.com.br\\\/afogadosfm\\\/\",\"logo\":{\"@type\":\"ImageObject\",\"inLanguage\":\"pt-BR\",\"@id\":\"https:\\\/\\\/afogadosfm.com.br\\\/afogadosfm\\\/#\\\/schema\\\/logo\\\/image\\\/\",\"url\":\"https:\\\/\\\/i0.wp.com\\\/afogadosfm.com.br\\\/afogadosfm\\\/wp-content\\\/uploads\\\/2020\\\/06\\\/cropped-banner-afogados-4.jpg?fit=369%2C137&ssl=1\",\"contentUrl\":\"https:\\\/\\\/i0.wp.com\\\/afogadosfm.com.br\\\/afogadosfm\\\/wp-content\\\/uploads\\\/2020\\\/06\\\/cropped-banner-afogados-4.jpg?fit=369%2C137&ssl=1\",\"width\":369,\"height\":137,\"caption\":\"Afogados FM\"},\"image\":{\"@id\":\"https:\\\/\\\/afogadosfm.com.br\\\/afogadosfm\\\/#\\\/schema\\\/logo\\\/image\\\/\"}},{\"@type\":\"Person\",\"@id\":\"https:\\\/\\\/afogadosfm.com.br\\\/afogadosfm\\\/#\\\/schema\\\/person\\\/60e56f2cf5dc960fc093fe093d9e9057\",\"name\":\"afogadosfm\",\"image\":{\"@type\":\"ImageObject\",\"inLanguage\":\"pt-BR\",\"@id\":\"https:\\\/\\\/secure.gravatar.com\\\/avatar\\\/e0359add7ed5dc3560906d861b52c6a8cf5c1e199d3a7dd85070998f49bd4701?s=96&d=mm&r=g\",\"url\":\"https:\\\/\\\/secure.gravatar.com\\\/avatar\\\/e0359add7ed5dc3560906d861b52c6a8cf5c1e199d3a7dd85070998f49bd4701?s=96&d=mm&r=g\",\"contentUrl\":\"https:\\\/\\\/secure.gravatar.com\\\/avatar\\\/e0359add7ed5dc3560906d861b52c6a8cf5c1e199d3a7dd85070998f49bd4701?s=96&d=mm&r=g\",\"caption\":\"afogadosfm\"},\"url\":\"https:\\\/\\\/afogadosfm.com.br\\\/afogadosfm\\\/author\\\/afogadosfm\\\/\"}]}<\/script>\n<!-- \/ Yoast SEO plugin. -->","yoast_head_json":{"title":"Afogados inaugurou pra\u00e7a e memorial em homenagem \u00e0s v\u00edtimas da COVID - Afogados FM","robots":{"index":"index","follow":"follow","max-snippet":"max-snippet:-1","max-image-preview":"max-image-preview:large","max-video-preview":"max-video-preview:-1"},"canonical":"https:\/\/afogadosfm.com.br\/afogadosfm\/2025\/09\/01\/afogados-inaugurou-praca-e-memorial-em-homenagem-as-vitimas-da-covid\/","og_locale":"pt_BR","og_type":"article","og_title":"Afogados inaugurou pra\u00e7a e memorial em homenagem \u00e0s v\u00edtimas da COVID - Afogados FM","og_description":"A Prefeitura de Afogados da Ingazeira inaugurou neste final de semana as obras de requalifica\u00e7\u00e3o da pra\u00e7a Luiz Barbosa da","og_url":"https:\/\/afogadosfm.com.br\/afogadosfm\/2025\/09\/01\/afogados-inaugurou-praca-e-memorial-em-homenagem-as-vitimas-da-covid\/","og_site_name":"Afogados FM","article_published_time":"2025-09-01T08:51:03+00:00","article_modified_time":"2025-09-02T06:31:43+00:00","og_image":[{"width":400,"height":266,"url":"https:\/\/afogadosfm.com.br\/afogadosfm\/wp-content\/uploads\/2025\/09\/7b79a5b2-1f10-4c64-8f46-23c9216482f0.jpeg","type":"image\/jpeg"}],"author":"afogadosfm","twitter_card":"summary_large_image","twitter_misc":{"Escrito por":"afogadosfm","Est. tempo de leitura":"3 minutos"},"schema":{"@context":"https:\/\/schema.org","@graph":[{"@type":"Article","@id":"https:\/\/afogadosfm.com.br\/afogadosfm\/2025\/09\/01\/afogados-inaugurou-praca-e-memorial-em-homenagem-as-vitimas-da-covid\/#article","isPartOf":{"@id":"https:\/\/afogadosfm.com.br\/afogadosfm\/2025\/09\/01\/afogados-inaugurou-praca-e-memorial-em-homenagem-as-vitimas-da-covid\/"},"author":{"name":"afogadosfm","@id":"https:\/\/afogadosfm.com.br\/afogadosfm\/#\/schema\/person\/60e56f2cf5dc960fc093fe093d9e9057"},"headline":"Afogados inaugurou pra\u00e7a e memorial em homenagem \u00e0s v\u00edtimas da COVID","datePublished":"2025-09-01T08:51:03+00:00","dateModified":"2025-09-02T06:31:43+00:00","mainEntityOfPage":{"@id":"https:\/\/afogadosfm.com.br\/afogadosfm\/2025\/09\/01\/afogados-inaugurou-praca-e-memorial-em-homenagem-as-vitimas-da-covid\/"},"wordCount":350,"commentCount":0,"publisher":{"@id":"https:\/\/afogadosfm.com.br\/afogadosfm\/#organization"},"image":{"@id":"https:\/\/afogadosfm.com.br\/afogadosfm\/2025\/09\/01\/afogados-inaugurou-praca-e-memorial-em-homenagem-as-vitimas-da-covid\/#primaryimage"},"thumbnailUrl":"https:\/\/i0.wp.com\/afogadosfm.com.br\/afogadosfm\/wp-content\/uploads\/2025\/09\/7b79a5b2-1f10-4c64-8f46-23c9216482f0.jpeg?fit=400%2C266&ssl=1","articleSection":["Afogados da Ingazeira"],"inLanguage":"pt-BR","potentialAction":[{"@type":"CommentAction","name":"Comment","target":["https:\/\/afogadosfm.com.br\/afogadosfm\/2025\/09\/01\/afogados-inaugurou-praca-e-memorial-em-homenagem-as-vitimas-da-covid\/#respond"]}]},{"@type":"WebPage","@id":"https:\/\/afogadosfm.com.br\/afogadosfm\/2025\/09\/01\/afogados-inaugurou-praca-e-memorial-em-homenagem-as-vitimas-da-covid\/","url":"https:\/\/afogadosfm.com.br\/afogadosfm\/2025\/09\/01\/afogados-inaugurou-praca-e-memorial-em-homenagem-as-vitimas-da-covid\/","name":"Afogados inaugurou pra\u00e7a e memorial em homenagem \u00e0s v\u00edtimas da COVID - Afogados FM","isPartOf":{"@id":"https:\/\/afogadosfm.com.br\/afogadosfm\/#website"},"primaryImageOfPage":{"@id":"https:\/\/afogadosfm.com.br\/afogadosfm\/2025\/09\/01\/afogados-inaugurou-praca-e-memorial-em-homenagem-as-vitimas-da-covid\/#primaryimage"},"image":{"@id":"https:\/\/afogadosfm.com.br\/afogadosfm\/2025\/09\/01\/afogados-inaugurou-praca-e-memorial-em-homenagem-as-vitimas-da-covid\/#primaryimage"},"thumbnailUrl":"https:\/\/i0.wp.com\/afogadosfm.com.br\/afogadosfm\/wp-content\/uploads\/2025\/09\/7b79a5b2-1f10-4c64-8f46-23c9216482f0.jpeg?fit=400%2C266&ssl=1","datePublished":"2025-09-01T08:51:03+00:00","dateModified":"2025-09-02T06:31:43+00:00","breadcrumb":{"@id":"https:\/\/afogadosfm.com.br\/afogadosfm\/2025\/09\/01\/afogados-inaugurou-praca-e-memorial-em-homenagem-as-vitimas-da-covid\/#breadcrumb"},"inLanguage":"pt-BR","potentialAction":[{"@type":"ReadAction","target":["https:\/\/afogadosfm.com.br\/afogadosfm\/2025\/09\/01\/afogados-inaugurou-praca-e-memorial-em-homenagem-as-vitimas-da-covid\/"]}]},{"@type":"ImageObject","inLanguage":"pt-BR","@id":"https:\/\/afogadosfm.com.br\/afogadosfm\/2025\/09\/01\/afogados-inaugurou-praca-e-memorial-em-homenagem-as-vitimas-da-covid\/#primaryimage","url":"https:\/\/i0.wp.com\/afogadosfm.com.br\/afogadosfm\/wp-content\/uploads\/2025\/09\/7b79a5b2-1f10-4c64-8f46-23c9216482f0.jpeg?fit=400%2C266&ssl=1","contentUrl":"https:\/\/i0.wp.com\/afogadosfm.com.br\/afogadosfm\/wp-content\/uploads\/2025\/09\/7b79a5b2-1f10-4c64-8f46-23c9216482f0.jpeg?fit=400%2C266&ssl=1","width":400,"height":266},{"@type":"BreadcrumbList","@id":"https:\/\/afogadosfm.com.br\/afogadosfm\/2025\/09\/01\/afogados-inaugurou-praca-e-memorial-em-homenagem-as-vitimas-da-covid\/#breadcrumb","itemListElement":[{"@type":"ListItem","position":1,"name":"In\u00edcio","item":"https:\/\/afogadosfm.com.br\/afogadosfm\/"},{"@type":"ListItem","position":2,"name":"Afogados inaugurou pra\u00e7a e memorial em homenagem \u00e0s v\u00edtimas da COVID"}]},{"@type":"WebSite","@id":"https:\/\/afogadosfm.com.br\/afogadosfm\/#website","url":"https:\/\/afogadosfm.com.br\/afogadosfm\/","name":"Afogados FM","description":"Um site completo!","publisher":{"@id":"https:\/\/afogadosfm.com.br\/afogadosfm\/#organization"},"potentialAction":[{"@type":"SearchAction","target":{"@type":"EntryPoint","urlTemplate":"https:\/\/afogadosfm.com.br\/afogadosfm\/?s={search_term_string}"},"query-input":{"@type":"PropertyValueSpecification","valueRequired":true,"valueName":"search_term_string"}}],"inLanguage":"pt-BR"},{"@type":"Organization","@id":"https:\/\/afogadosfm.com.br\/afogadosfm\/#organization","name":"Afogados FM","url":"https:\/\/afogadosfm.com.br\/afogadosfm\/","logo":{"@type":"ImageObject","inLanguage":"pt-BR","@id":"https:\/\/afogadosfm.com.br\/afogadosfm\/#\/schema\/logo\/image\/","url":"https:\/\/i0.wp.com\/afogadosfm.com.br\/afogadosfm\/wp-content\/uploads\/2020\/06\/cropped-banner-afogados-4.jpg?fit=369%2C137&ssl=1","contentUrl":"https:\/\/i0.wp.com\/afogadosfm.com.br\/afogadosfm\/wp-content\/uploads\/2020\/06\/cropped-banner-afogados-4.jpg?fit=369%2C137&ssl=1","width":369,"height":137,"caption":"Afogados FM"},"image":{"@id":"https:\/\/afogadosfm.com.br\/afogadosfm\/#\/schema\/logo\/image\/"}},{"@type":"Person","@id":"https:\/\/afogadosfm.com.br\/afogadosfm\/#\/schema\/person\/60e56f2cf5dc960fc093fe093d9e9057","name":"afogadosfm","image":{"@type":"ImageObject","inLanguage":"pt-BR","@id":"https:\/\/secure.gravatar.com\/avatar\/e0359add7ed5dc3560906d861b52c6a8cf5c1e199d3a7dd85070998f49bd4701?s=96&d=mm&r=g","url":"https:\/\/secure.gravatar.com\/avatar\/e0359add7ed5dc3560906d861b52c6a8cf5c1e199d3a7dd85070998f49bd4701?s=96&d=mm&r=g","contentUrl":"https:\/\/secure.gravatar.com\/avatar\/e0359add7ed5dc3560906d861b52c6a8cf5c1e199d3a7dd85070998f49bd4701?s=96&d=mm&r=g","caption":"afogadosfm"},"url":"https:\/\/afogadosfm.com.br\/afogadosfm\/author\/afogadosfm\/"}]}},"jetpack_publicize_connections":[],"jetpack_featured_media_url":"https:\/\/i0.wp.com\/afogadosfm.com.br\/afogadosfm\/wp-content\/uploads\/2025\/09\/7b79a5b2-1f10-4c64-8f46-23c9216482f0.jpeg?fit=400%2C266&ssl=1","jetpack-related-posts":[],"jetpack_sharing_enabled":true,"jetpack_likes_enabled":true,"_links":{"self":[{"href":"https:\/\/afogadosfm.com.br\/afogadosfm\/wp-json\/wp\/v2\/posts\/68664","targetHints":{"allow":["GET"]}}],"collection":[{"href":"https:\/\/afogadosfm.com.br\/afogadosfm\/wp-json\/wp\/v2\/posts"}],"about":[{"href":"https:\/\/afogadosfm.com.br\/afogadosfm\/wp-json\/wp\/v2\/types\/post"}],"author":[{"embeddable":true,"href":"https:\/\/afogadosfm.com.br\/afogadosfm\/wp-json\/wp\/v2\/users\/2"}],"replies":[{"embeddable":true,"href":"https:\/\/afogadosfm.com.br\/afogadosfm\/wp-json\/wp\/v2\/comments?post=68664"}],"version-history":[{"count":1,"href":"https:\/\/afogadosfm.com.br\/afogadosfm\/wp-json\/wp\/v2\/posts\/68664\/revisions"}],"predecessor-version":[{"id":68666,"href":"https:\/\/afogadosfm.com.br\/afogadosfm\/wp-json\/wp\/v2\/posts\/68664\/revisions\/68666"}],"wp:featuredmedia":[{"embeddable":true,"href":"https:\/\/afogadosfm.com.br\/afogadosfm\/wp-json\/wp\/v2\/media\/68665"}],"wp:attachment":[{"href":"https:\/\/afogadosfm.com.br\/afogadosfm\/wp-json\/wp\/v2\/media?parent=68664"}],"wp:term":[{"taxonomy":"category","embeddable":true,"href":"https:\/\/afogadosfm.com.br\/afogadosfm\/wp-json\/wp\/v2\/categories?post=68664"},{"taxonomy":"post_tag","embeddable":true,"href":"https:\/\/afogadosfm.com.br\/afogadosfm\/wp-json\/wp\/v2\/tags?post=68664"}],"curies":[{"name":"wp","href":"https:\/\/api.w.org\/{rel}","templated":true}]}}