{"id":68667,"date":"2025-09-01T05:53:26","date_gmt":"2025-09-01T08:53:26","guid":{"rendered":"https:\/\/afogadosfm.com.br\/afogadosfm\/?p=68667"},"modified":"2025-09-01T05:53:27","modified_gmt":"2025-09-01T08:53:27","slug":"serra-talhada-divulga-listao-dos-contemplados-no-residencial-vanete-almeida","status":"publish","type":"post","link":"https:\/\/afogadosfm.com.br\/afogadosfm\/2025\/09\/01\/serra-talhada-divulga-listao-dos-contemplados-no-residencial-vanete-almeida\/","title":{"rendered":"Serra Talhada divulga \u2018list\u00e3o\u2019 dos contemplados no Residencial Vanete Almeida"},"content":{"rendered":"\n<p>A Prefeitura de Serra Talhada, por meio da Secretaria Municipal de Assist\u00eancia Social e Cidadania, publicou o&nbsp;<strong><a href=\"https:\/\/serratalhada.pe.gov.br\/site\/wp-content\/uploads\/2025\/08\/Edital_06_2025.pdf\">Edital n\u00ba 06\/2025. Clique aqui e veja a rela\u00e7\u00e3o<\/a><\/strong>&nbsp;dos contemplados, e tamb\u00e9m o resultado da an\u00e1lise de enquadramento dos candidatos ao Programa Minha Casa, Minha Vida, referente ao Residencial Vanete Almeida.<\/p>\n\n\n\n<p>O documento apresenta a rela\u00e7\u00e3o de benefici\u00e1rios considerados compat\u00edveis (aptos), compat\u00edveis com dilig\u00eancia, incompat\u00edveis, desenquadrados e aqueles que necessitam de revalida\u00e7\u00e3o do Cad\u00danico. A an\u00e1lise foi realizada pela Caixa Econ\u00f4mica Federal e pelo Banco do Brasil, ap\u00f3s lan\u00e7amento das informa\u00e7\u00f5es no Sistema de Gest\u00e3o de Demandas Habitacionais.<\/p>\n\n\n\n<p>Segundo o edital, os candidatos que se enquadram nas categorias de incompat\u00edveis, desenquadrados, compat\u00edveis com dilig\u00eancia ou com necessidade de revalida\u00e7\u00e3o do Cad\u00danico devem comparecer \u00e0 Secretaria de Assist\u00eancia Social e Cidadania, localizada na Rua Manoel Pereira da Silva, n\u00ba 1059, bairro Nossa Senhora da Penha, no per\u00edodo de 1\u00ba a 11 de setembro de 2025, das 8h \u00e0s 14h, para sanar as pend\u00eancias documentais.<\/p>\n\n\n\n<p>Para os benefici\u00e1rios considerados incompat\u00edveis, o prazo para corre\u00e7\u00e3o \u00e9 de 60 dias, sendo poss\u00edvel apresentar recurso administrativo destinado \u00e0 Caixa Econ\u00f4mica Federal e\/ou ao Banco do Brasil, por meio de formul\u00e1rio dispon\u00edvel em anexo ao edital.<\/p>\n\n\n\n<p>O secret\u00e1rio de Assist\u00eancia Social e Cidadania, M\u00e1rcio Augusto Figueiredo In\u00e1cio de Oliveira, destacou que a defini\u00e7\u00e3o do prazo atende \u00e0 Portaria n\u00ba 738\/2024 do Minist\u00e9rio das Cidades e leva em considera\u00e7\u00e3o o interesse social envolvido e a conclus\u00e3o da obra do Residencial Vanete Almeida, que j\u00e1 se encontra 100% finalizada.<\/p>\n\n\n\n<p>O edital, juntamente com a lista completa dos candidatos, est\u00e1 dispon\u00edvel no site oficial da Prefeitura de Serra Talhada, nas redes sociais institucionais e em mural f\u00edsico na sede da Secretaria de Assist\u00eancia Social&nbsp;e&nbsp;Cidadania.<\/p>\n","protected":false},"excerpt":{"rendered":"<p>A Prefeitura de Serra Talhada, por meio da Secretaria Municipal de Assist\u00eancia Social e Cidadania, publicou o&nbsp;Edital n\u00ba 06\/2025. Clique<\/p>\n","protected":false},"author":2,"featured_media":68668,"comment_status":"open","ping_status":"open","sticky":false,"template":"","format":"standard","meta":{"jetpack_post_was_ever_published":false,"_jetpack_newsletter_access":"","_jetpack_dont_email_post_to_subs":false,"_jetpack_newsletter_tier_id":0,"_jetpack_memberships_contains_paywalled_content":false,"_jetpack_memberships_contains_paid_content":false,"footnotes":"","jetpack_publicize_message":"","jetpack_publicize_feature_enabled":true,"jetpack_social_post_already_shared":true,"jetpack_social_options":{"image_generator_settings":{"template":"highway","default_image_id":0,"font":"","enabled":false},"version":2}},"categories":[32],"tags":[],"class_list":["post-68667","post","type-post","status-publish","format-standard","has-post-thumbnail","hentry","category-sertao"],"yoast_head":"<!-- This site is optimized with the Yoast SEO plugin v27.5 - https:\/\/yoast.com\/product\/yoast-seo-wordpress\/ -->\n<title>Serra Talhada divulga \u2018list\u00e3o\u2019 dos contemplados no Residencial Vanete Almeida - Afogados FM<\/title>\n<meta name=\"robots\" content=\"index, follow, max-snippet:-1, max-image-preview:large, max-video-preview:-1\" \/>\n<link rel=\"canonical\" href=\"https:\/\/afogadosfm.com.br\/afogadosfm\/2025\/09\/01\/serra-talhada-divulga-listao-dos-contemplados-no-residencial-vanete-almeida\/\" \/>\n<meta property=\"og:locale\" content=\"pt_BR\" \/>\n<meta property=\"og:type\" content=\"article\" \/>\n<meta property=\"og:title\" content=\"Serra Talhada divulga \u2018list\u00e3o\u2019 dos contemplados no Residencial Vanete Almeida - Afogados FM\" \/>\n<meta property=\"og:description\" content=\"A Prefeitura de Serra Talhada, por meio da Secretaria Municipal de Assist\u00eancia Social e Cidadania, publicou o&nbsp;Edital n\u00ba 06\/2025. Clique\" \/>\n<meta property=\"og:url\" content=\"https:\/\/afogadosfm.com.br\/afogadosfm\/2025\/09\/01\/serra-talhada-divulga-listao-dos-contemplados-no-residencial-vanete-almeida\/\" \/>\n<meta property=\"og:site_name\" content=\"Afogados FM\" \/>\n<meta property=\"article:published_time\" content=\"2025-09-01T08:53:26+00:00\" \/>\n<meta property=\"article:modified_time\" content=\"2025-09-01T08:53:27+00:00\" \/>\n<meta property=\"og:image\" content=\"https:\/\/afogadosfm.com.br\/afogadosfm\/wp-content\/uploads\/2025\/09\/Vanete-Almeida.jpg\" \/>\n\t<meta property=\"og:image:width\" content=\"648\" \/>\n\t<meta property=\"og:image:height\" content=\"432\" \/>\n\t<meta property=\"og:image:type\" content=\"image\/jpeg\" \/>\n<meta name=\"author\" content=\"afogadosfm\" \/>\n<meta name=\"twitter:card\" content=\"summary_large_image\" \/>\n<meta name=\"twitter:label1\" content=\"Escrito por\" \/>\n\t<meta name=\"twitter:data1\" content=\"afogadosfm\" \/>\n\t<meta name=\"twitter:label2\" content=\"Est. tempo de leitura\" \/>\n\t<meta name=\"twitter:data2\" content=\"2 minutos\" \/>\n<script type=\"application\/ld+json\" class=\"yoast-schema-graph\">{\"@context\":\"https:\\\/\\\/schema.org\",\"@graph\":[{\"@type\":\"Article\",\"@id\":\"https:\\\/\\\/afogadosfm.com.br\\\/afogadosfm\\\/2025\\\/09\\\/01\\\/serra-talhada-divulga-listao-dos-contemplados-no-residencial-vanete-almeida\\\/#article\",\"isPartOf\":{\"@id\":\"https:\\\/\\\/afogadosfm.com.br\\\/afogadosfm\\\/2025\\\/09\\\/01\\\/serra-talhada-divulga-listao-dos-contemplados-no-residencial-vanete-almeida\\\/\"},\"author\":{\"name\":\"afogadosfm\",\"@id\":\"https:\\\/\\\/afogadosfm.com.br\\\/afogadosfm\\\/#\\\/schema\\\/person\\\/60e56f2cf5dc960fc093fe093d9e9057\"},\"headline\":\"Serra Talhada divulga \u2018list\u00e3o\u2019 dos contemplados no Residencial Vanete Almeida\",\"datePublished\":\"2025-09-01T08:53:26+00:00\",\"dateModified\":\"2025-09-01T08:53:27+00:00\",\"mainEntityOfPage\":{\"@id\":\"https:\\\/\\\/afogadosfm.com.br\\\/afogadosfm\\\/2025\\\/09\\\/01\\\/serra-talhada-divulga-listao-dos-contemplados-no-residencial-vanete-almeida\\\/\"},\"wordCount\":333,\"commentCount\":0,\"publisher\":{\"@id\":\"https:\\\/\\\/afogadosfm.com.br\\\/afogadosfm\\\/#organization\"},\"image\":{\"@id\":\"https:\\\/\\\/afogadosfm.com.br\\\/afogadosfm\\\/2025\\\/09\\\/01\\\/serra-talhada-divulga-listao-dos-contemplados-no-residencial-vanete-almeida\\\/#primaryimage\"},\"thumbnailUrl\":\"https:\\\/\\\/i0.wp.com\\\/afogadosfm.com.br\\\/afogadosfm\\\/wp-content\\\/uploads\\\/2025\\\/09\\\/Vanete-Almeida.jpg?fit=648%2C432&ssl=1\",\"articleSection\":[\"Sert\u00e3o\"],\"inLanguage\":\"pt-BR\",\"potentialAction\":[{\"@type\":\"CommentAction\",\"name\":\"Comment\",\"target\":[\"https:\\\/\\\/afogadosfm.com.br\\\/afogadosfm\\\/2025\\\/09\\\/01\\\/serra-talhada-divulga-listao-dos-contemplados-no-residencial-vanete-almeida\\\/#respond\"]}]},{\"@type\":\"WebPage\",\"@id\":\"https:\\\/\\\/afogadosfm.com.br\\\/afogadosfm\\\/2025\\\/09\\\/01\\\/serra-talhada-divulga-listao-dos-contemplados-no-residencial-vanete-almeida\\\/\",\"url\":\"https:\\\/\\\/afogadosfm.com.br\\\/afogadosfm\\\/2025\\\/09\\\/01\\\/serra-talhada-divulga-listao-dos-contemplados-no-residencial-vanete-almeida\\\/\",\"name\":\"Serra Talhada divulga \u2018list\u00e3o\u2019 dos contemplados no Residencial Vanete Almeida - Afogados FM\",\"isPartOf\":{\"@id\":\"https:\\\/\\\/afogadosfm.com.br\\\/afogadosfm\\\/#website\"},\"primaryImageOfPage\":{\"@id\":\"https:\\\/\\\/afogadosfm.com.br\\\/afogadosfm\\\/2025\\\/09\\\/01\\\/serra-talhada-divulga-listao-dos-contemplados-no-residencial-vanete-almeida\\\/#primaryimage\"},\"image\":{\"@id\":\"https:\\\/\\\/afogadosfm.com.br\\\/afogadosfm\\\/2025\\\/09\\\/01\\\/serra-talhada-divulga-listao-dos-contemplados-no-residencial-vanete-almeida\\\/#primaryimage\"},\"thumbnailUrl\":\"https:\\\/\\\/i0.wp.com\\\/afogadosfm.com.br\\\/afogadosfm\\\/wp-content\\\/uploads\\\/2025\\\/09\\\/Vanete-Almeida.jpg?fit=648%2C432&ssl=1\",\"datePublished\":\"2025-09-01T08:53:26+00:00\",\"dateModified\":\"2025-09-01T08:53:27+00:00\",\"breadcrumb\":{\"@id\":\"https:\\\/\\\/afogadosfm.com.br\\\/afogadosfm\\\/2025\\\/09\\\/01\\\/serra-talhada-divulga-listao-dos-contemplados-no-residencial-vanete-almeida\\\/#breadcrumb\"},\"inLanguage\":\"pt-BR\",\"potentialAction\":[{\"@type\":\"ReadAction\",\"target\":[\"https:\\\/\\\/afogadosfm.com.br\\\/afogadosfm\\\/2025\\\/09\\\/01\\\/serra-talhada-divulga-listao-dos-contemplados-no-residencial-vanete-almeida\\\/\"]}]},{\"@type\":\"ImageObject\",\"inLanguage\":\"pt-BR\",\"@id\":\"https:\\\/\\\/afogadosfm.com.br\\\/afogadosfm\\\/2025\\\/09\\\/01\\\/serra-talhada-divulga-listao-dos-contemplados-no-residencial-vanete-almeida\\\/#primaryimage\",\"url\":\"https:\\\/\\\/i0.wp.com\\\/afogadosfm.com.br\\\/afogadosfm\\\/wp-content\\\/uploads\\\/2025\\\/09\\\/Vanete-Almeida.jpg?fit=648%2C432&ssl=1\",\"contentUrl\":\"https:\\\/\\\/i0.wp.com\\\/afogadosfm.com.br\\\/afogadosfm\\\/wp-content\\\/uploads\\\/2025\\\/09\\\/Vanete-Almeida.jpg?fit=648%2C432&ssl=1\",\"width\":648,\"height\":432},{\"@type\":\"BreadcrumbList\",\"@id\":\"https:\\\/\\\/afogadosfm.com.br\\\/afogadosfm\\\/2025\\\/09\\\/01\\\/serra-talhada-divulga-listao-dos-contemplados-no-residencial-vanete-almeida\\\/#breadcrumb\",\"itemListElement\":[{\"@type\":\"ListItem\",\"position\":1,\"name\":\"In\u00edcio\",\"item\":\"https:\\\/\\\/afogadosfm.com.br\\\/afogadosfm\\\/\"},{\"@type\":\"ListItem\",\"position\":2,\"name\":\"Serra Talhada divulga \u2018list\u00e3o\u2019 dos contemplados no Residencial Vanete Almeida\"}]},{\"@type\":\"WebSite\",\"@id\":\"https:\\\/\\\/afogadosfm.com.br\\\/afogadosfm\\\/#website\",\"url\":\"https:\\\/\\\/afogadosfm.com.br\\\/afogadosfm\\\/\",\"name\":\"Afogados FM\",\"description\":\"Um site completo!\",\"publisher\":{\"@id\":\"https:\\\/\\\/afogadosfm.com.br\\\/afogadosfm\\\/#organization\"},\"potentialAction\":[{\"@type\":\"SearchAction\",\"target\":{\"@type\":\"EntryPoint\",\"urlTemplate\":\"https:\\\/\\\/afogadosfm.com.br\\\/afogadosfm\\\/?s={search_term_string}\"},\"query-input\":{\"@type\":\"PropertyValueSpecification\",\"valueRequired\":true,\"valueName\":\"search_term_string\"}}],\"inLanguage\":\"pt-BR\"},{\"@type\":\"Organization\",\"@id\":\"https:\\\/\\\/afogadosfm.com.br\\\/afogadosfm\\\/#organization\",\"name\":\"Afogados FM\",\"url\":\"https:\\\/\\\/afogadosfm.com.br\\\/afogadosfm\\\/\",\"logo\":{\"@type\":\"ImageObject\",\"inLanguage\":\"pt-BR\",\"@id\":\"https:\\\/\\\/afogadosfm.com.br\\\/afogadosfm\\\/#\\\/schema\\\/logo\\\/image\\\/\",\"url\":\"https:\\\/\\\/i0.wp.com\\\/afogadosfm.com.br\\\/afogadosfm\\\/wp-content\\\/uploads\\\/2020\\\/06\\\/cropped-banner-afogados-4.jpg?fit=369%2C137&ssl=1\",\"contentUrl\":\"https:\\\/\\\/i0.wp.com\\\/afogadosfm.com.br\\\/afogadosfm\\\/wp-content\\\/uploads\\\/2020\\\/06\\\/cropped-banner-afogados-4.jpg?fit=369%2C137&ssl=1\",\"width\":369,\"height\":137,\"caption\":\"Afogados FM\"},\"image\":{\"@id\":\"https:\\\/\\\/afogadosfm.com.br\\\/afogadosfm\\\/#\\\/schema\\\/logo\\\/image\\\/\"}},{\"@type\":\"Person\",\"@id\":\"https:\\\/\\\/afogadosfm.com.br\\\/afogadosfm\\\/#\\\/schema\\\/person\\\/60e56f2cf5dc960fc093fe093d9e9057\",\"name\":\"afogadosfm\",\"image\":{\"@type\":\"ImageObject\",\"inLanguage\":\"pt-BR\",\"@id\":\"https:\\\/\\\/secure.gravatar.com\\\/avatar\\\/e0359add7ed5dc3560906d861b52c6a8cf5c1e199d3a7dd85070998f49bd4701?s=96&d=mm&r=g\",\"url\":\"https:\\\/\\\/secure.gravatar.com\\\/avatar\\\/e0359add7ed5dc3560906d861b52c6a8cf5c1e199d3a7dd85070998f49bd4701?s=96&d=mm&r=g\",\"contentUrl\":\"https:\\\/\\\/secure.gravatar.com\\\/avatar\\\/e0359add7ed5dc3560906d861b52c6a8cf5c1e199d3a7dd85070998f49bd4701?s=96&d=mm&r=g\",\"caption\":\"afogadosfm\"},\"url\":\"https:\\\/\\\/afogadosfm.com.br\\\/afogadosfm\\\/author\\\/afogadosfm\\\/\"}]}<\/script>\n<!-- \/ Yoast SEO plugin. -->","yoast_head_json":{"title":"Serra Talhada divulga \u2018list\u00e3o\u2019 dos contemplados no Residencial Vanete Almeida - Afogados FM","robots":{"index":"index","follow":"follow","max-snippet":"max-snippet:-1","max-image-preview":"max-image-preview:large","max-video-preview":"max-video-preview:-1"},"canonical":"https:\/\/afogadosfm.com.br\/afogadosfm\/2025\/09\/01\/serra-talhada-divulga-listao-dos-contemplados-no-residencial-vanete-almeida\/","og_locale":"pt_BR","og_type":"article","og_title":"Serra Talhada divulga \u2018list\u00e3o\u2019 dos contemplados no Residencial Vanete Almeida - Afogados FM","og_description":"A Prefeitura de Serra Talhada, por meio da Secretaria Municipal de Assist\u00eancia Social e Cidadania, publicou o&nbsp;Edital n\u00ba 06\/2025. Clique","og_url":"https:\/\/afogadosfm.com.br\/afogadosfm\/2025\/09\/01\/serra-talhada-divulga-listao-dos-contemplados-no-residencial-vanete-almeida\/","og_site_name":"Afogados FM","article_published_time":"2025-09-01T08:53:26+00:00","article_modified_time":"2025-09-01T08:53:27+00:00","og_image":[{"width":648,"height":432,"url":"https:\/\/afogadosfm.com.br\/afogadosfm\/wp-content\/uploads\/2025\/09\/Vanete-Almeida.jpg","type":"image\/jpeg"}],"author":"afogadosfm","twitter_card":"summary_large_image","twitter_misc":{"Escrito por":"afogadosfm","Est. tempo de leitura":"2 minutos"},"schema":{"@context":"https:\/\/schema.org","@graph":[{"@type":"Article","@id":"https:\/\/afogadosfm.com.br\/afogadosfm\/2025\/09\/01\/serra-talhada-divulga-listao-dos-contemplados-no-residencial-vanete-almeida\/#article","isPartOf":{"@id":"https:\/\/afogadosfm.com.br\/afogadosfm\/2025\/09\/01\/serra-talhada-divulga-listao-dos-contemplados-no-residencial-vanete-almeida\/"},"author":{"name":"afogadosfm","@id":"https:\/\/afogadosfm.com.br\/afogadosfm\/#\/schema\/person\/60e56f2cf5dc960fc093fe093d9e9057"},"headline":"Serra Talhada divulga \u2018list\u00e3o\u2019 dos contemplados no Residencial Vanete Almeida","datePublished":"2025-09-01T08:53:26+00:00","dateModified":"2025-09-01T08:53:27+00:00","mainEntityOfPage":{"@id":"https:\/\/afogadosfm.com.br\/afogadosfm\/2025\/09\/01\/serra-talhada-divulga-listao-dos-contemplados-no-residencial-vanete-almeida\/"},"wordCount":333,"commentCount":0,"publisher":{"@id":"https:\/\/afogadosfm.com.br\/afogadosfm\/#organization"},"image":{"@id":"https:\/\/afogadosfm.com.br\/afogadosfm\/2025\/09\/01\/serra-talhada-divulga-listao-dos-contemplados-no-residencial-vanete-almeida\/#primaryimage"},"thumbnailUrl":"https:\/\/i0.wp.com\/afogadosfm.com.br\/afogadosfm\/wp-content\/uploads\/2025\/09\/Vanete-Almeida.jpg?fit=648%2C432&ssl=1","articleSection":["Sert\u00e3o"],"inLanguage":"pt-BR","potentialAction":[{"@type":"CommentAction","name":"Comment","target":["https:\/\/afogadosfm.com.br\/afogadosfm\/2025\/09\/01\/serra-talhada-divulga-listao-dos-contemplados-no-residencial-vanete-almeida\/#respond"]}]},{"@type":"WebPage","@id":"https:\/\/afogadosfm.com.br\/afogadosfm\/2025\/09\/01\/serra-talhada-divulga-listao-dos-contemplados-no-residencial-vanete-almeida\/","url":"https:\/\/afogadosfm.com.br\/afogadosfm\/2025\/09\/01\/serra-talhada-divulga-listao-dos-contemplados-no-residencial-vanete-almeida\/","name":"Serra Talhada divulga \u2018list\u00e3o\u2019 dos contemplados no Residencial Vanete Almeida - Afogados FM","isPartOf":{"@id":"https:\/\/afogadosfm.com.br\/afogadosfm\/#website"},"primaryImageOfPage":{"@id":"https:\/\/afogadosfm.com.br\/afogadosfm\/2025\/09\/01\/serra-talhada-divulga-listao-dos-contemplados-no-residencial-vanete-almeida\/#primaryimage"},"image":{"@id":"https:\/\/afogadosfm.com.br\/afogadosfm\/2025\/09\/01\/serra-talhada-divulga-listao-dos-contemplados-no-residencial-vanete-almeida\/#primaryimage"},"thumbnailUrl":"https:\/\/i0.wp.com\/afogadosfm.com.br\/afogadosfm\/wp-content\/uploads\/2025\/09\/Vanete-Almeida.jpg?fit=648%2C432&ssl=1","datePublished":"2025-09-01T08:53:26+00:00","dateModified":"2025-09-01T08:53:27+00:00","breadcrumb":{"@id":"https:\/\/afogadosfm.com.br\/afogadosfm\/2025\/09\/01\/serra-talhada-divulga-listao-dos-contemplados-no-residencial-vanete-almeida\/#breadcrumb"},"inLanguage":"pt-BR","potentialAction":[{"@type":"ReadAction","target":["https:\/\/afogadosfm.com.br\/afogadosfm\/2025\/09\/01\/serra-talhada-divulga-listao-dos-contemplados-no-residencial-vanete-almeida\/"]}]},{"@type":"ImageObject","inLanguage":"pt-BR","@id":"https:\/\/afogadosfm.com.br\/afogadosfm\/2025\/09\/01\/serra-talhada-divulga-listao-dos-contemplados-no-residencial-vanete-almeida\/#primaryimage","url":"https:\/\/i0.wp.com\/afogadosfm.com.br\/afogadosfm\/wp-content\/uploads\/2025\/09\/Vanete-Almeida.jpg?fit=648%2C432&ssl=1","contentUrl":"https:\/\/i0.wp.com\/afogadosfm.com.br\/afogadosfm\/wp-content\/uploads\/2025\/09\/Vanete-Almeida.jpg?fit=648%2C432&ssl=1","width":648,"height":432},{"@type":"BreadcrumbList","@id":"https:\/\/afogadosfm.com.br\/afogadosfm\/2025\/09\/01\/serra-talhada-divulga-listao-dos-contemplados-no-residencial-vanete-almeida\/#breadcrumb","itemListElement":[{"@type":"ListItem","position":1,"name":"In\u00edcio","item":"https:\/\/afogadosfm.com.br\/afogadosfm\/"},{"@type":"ListItem","position":2,"name":"Serra Talhada divulga \u2018list\u00e3o\u2019 dos contemplados no Residencial Vanete Almeida"}]},{"@type":"WebSite","@id":"https:\/\/afogadosfm.com.br\/afogadosfm\/#website","url":"https:\/\/afogadosfm.com.br\/afogadosfm\/","name":"Afogados FM","description":"Um site completo!","publisher":{"@id":"https:\/\/afogadosfm.com.br\/afogadosfm\/#organization"},"potentialAction":[{"@type":"SearchAction","target":{"@type":"EntryPoint","urlTemplate":"https:\/\/afogadosfm.com.br\/afogadosfm\/?s={search_term_string}"},"query-input":{"@type":"PropertyValueSpecification","valueRequired":true,"valueName":"search_term_string"}}],"inLanguage":"pt-BR"},{"@type":"Organization","@id":"https:\/\/afogadosfm.com.br\/afogadosfm\/#organization","name":"Afogados FM","url":"https:\/\/afogadosfm.com.br\/afogadosfm\/","logo":{"@type":"ImageObject","inLanguage":"pt-BR","@id":"https:\/\/afogadosfm.com.br\/afogadosfm\/#\/schema\/logo\/image\/","url":"https:\/\/i0.wp.com\/afogadosfm.com.br\/afogadosfm\/wp-content\/uploads\/2020\/06\/cropped-banner-afogados-4.jpg?fit=369%2C137&ssl=1","contentUrl":"https:\/\/i0.wp.com\/afogadosfm.com.br\/afogadosfm\/wp-content\/uploads\/2020\/06\/cropped-banner-afogados-4.jpg?fit=369%2C137&ssl=1","width":369,"height":137,"caption":"Afogados FM"},"image":{"@id":"https:\/\/afogadosfm.com.br\/afogadosfm\/#\/schema\/logo\/image\/"}},{"@type":"Person","@id":"https:\/\/afogadosfm.com.br\/afogadosfm\/#\/schema\/person\/60e56f2cf5dc960fc093fe093d9e9057","name":"afogadosfm","image":{"@type":"ImageObject","inLanguage":"pt-BR","@id":"https:\/\/secure.gravatar.com\/avatar\/e0359add7ed5dc3560906d861b52c6a8cf5c1e199d3a7dd85070998f49bd4701?s=96&d=mm&r=g","url":"https:\/\/secure.gravatar.com\/avatar\/e0359add7ed5dc3560906d861b52c6a8cf5c1e199d3a7dd85070998f49bd4701?s=96&d=mm&r=g","contentUrl":"https:\/\/secure.gravatar.com\/avatar\/e0359add7ed5dc3560906d861b52c6a8cf5c1e199d3a7dd85070998f49bd4701?s=96&d=mm&r=g","caption":"afogadosfm"},"url":"https:\/\/afogadosfm.com.br\/afogadosfm\/author\/afogadosfm\/"}]}},"jetpack_publicize_connections":[],"jetpack_featured_media_url":"https:\/\/i0.wp.com\/afogadosfm.com.br\/afogadosfm\/wp-content\/uploads\/2025\/09\/Vanete-Almeida.jpg?fit=648%2C432&ssl=1","jetpack-related-posts":[],"jetpack_sharing_enabled":true,"jetpack_likes_enabled":true,"_links":{"self":[{"href":"https:\/\/afogadosfm.com.br\/afogadosfm\/wp-json\/wp\/v2\/posts\/68667","targetHints":{"allow":["GET"]}}],"collection":[{"href":"https:\/\/afogadosfm.com.br\/afogadosfm\/wp-json\/wp\/v2\/posts"}],"about":[{"href":"https:\/\/afogadosfm.com.br\/afogadosfm\/wp-json\/wp\/v2\/types\/post"}],"author":[{"embeddable":true,"href":"https:\/\/afogadosfm.com.br\/afogadosfm\/wp-json\/wp\/v2\/users\/2"}],"replies":[{"embeddable":true,"href":"https:\/\/afogadosfm.com.br\/afogadosfm\/wp-json\/wp\/v2\/comments?post=68667"}],"version-history":[{"count":1,"href":"https:\/\/afogadosfm.com.br\/afogadosfm\/wp-json\/wp\/v2\/posts\/68667\/revisions"}],"predecessor-version":[{"id":68669,"href":"https:\/\/afogadosfm.com.br\/afogadosfm\/wp-json\/wp\/v2\/posts\/68667\/revisions\/68669"}],"wp:featuredmedia":[{"embeddable":true,"href":"https:\/\/afogadosfm.com.br\/afogadosfm\/wp-json\/wp\/v2\/media\/68668"}],"wp:attachment":[{"href":"https:\/\/afogadosfm.com.br\/afogadosfm\/wp-json\/wp\/v2\/media?parent=68667"}],"wp:term":[{"taxonomy":"category","embeddable":true,"href":"https:\/\/afogadosfm.com.br\/afogadosfm\/wp-json\/wp\/v2\/categories?post=68667"},{"taxonomy":"post_tag","embeddable":true,"href":"https:\/\/afogadosfm.com.br\/afogadosfm\/wp-json\/wp\/v2\/tags?post=68667"}],"curies":[{"name":"wp","href":"https:\/\/api.w.org\/{rel}","templated":true}]}}