{"id":68691,"date":"2025-09-02T03:37:39","date_gmt":"2025-09-02T06:37:39","guid":{"rendered":"https:\/\/afogadosfm.com.br\/afogadosfm\/?p=68691"},"modified":"2025-09-02T03:37:41","modified_gmt":"2025-09-02T06:37:41","slug":"ifpe-inscricoes-abertas-para-2o-concurso-fotografico-da-vii-feira-de-ciencias-e-inovacao","status":"publish","type":"post","link":"https:\/\/afogadosfm.com.br\/afogadosfm\/2025\/09\/02\/ifpe-inscricoes-abertas-para-2o-concurso-fotografico-da-vii-feira-de-ciencias-e-inovacao\/","title":{"rendered":"IFPE: Inscri\u00e7\u00f5es abertas para 2\u00ba Concurso Fotogr\u00e1fico da VII Feira de Ci\u00eancias e Inova\u00e7\u00e3o"},"content":{"rendered":"\n<p>Est\u00e3o abertas at\u00e9 o dia 24 de setembro as inscri\u00e7\u00f5es para o 2\u00ba Concurso de Fotografia da VII Feira de Ci\u00eancias e Inova\u00e7\u00e3o, realizada pelo IFPE Campus Afogados da Ingazeira. O tema deste ano ser\u00e1 \u201cEcos do Passado: Mem\u00f3rias e Patrim\u00f4nio da Cidade de Afogados da Ingazeira em Foco\u201d. As inscri\u00e7\u00f5es s\u00e3o feitas exclusivamente pelo formul\u00e1rio dispon\u00edvel no link:&nbsp;<strong><a href=\"https:\/\/bit.ly\/concursofotoif\" target=\"_blank\" rel=\"noreferrer noopener\">https:\/\/bit.ly\/concursofotoif<\/a><\/strong><\/p>\n\n\n\n<p>A Feira de Ci\u00eancias e Inova\u00e7\u00e3o acontecer\u00e1 de 30\/09 a 02\/10. As fotografias inscritas ir\u00e3o compor uma mostra durante a programa\u00e7\u00e3o do evento, as tr\u00eas melhores escolhidas (1\u00ba, 2\u00ba, 3\u00ba lugar) ser\u00e3o premiadas com certificados e brindes, sendo o 1\u00ba proclamado vencedor do concurso.<\/p>\n\n\n\n<p>Podem participar do concurso de fotografia:<br>\u2013 Estudantes regularmente matriculados nos cursos t\u00e9cnicos integrados, subsequentes e superiores do IFPE \u2013 Campus Afogados da Ingazeira;<br>\u2013 Estudantes das redes municipal e estadual de ensino de Afogados da Ingazeira;<br>\u2013 Servidores (docentes e t\u00e9cnicos administrativos) do IFPE \u2013 Campus Afogados da Ingazeira.<\/p>\n\n\n\n<p>As fotografias devem evidenciar transforma\u00e7\u00f5es significativas nas paisagens retratadas, sendo necess\u00e1rio o envio de imagens comparativas (antes e depois), com intervalo temporal representativo. A fotografia mais antiga n\u00e3o precisa ser obrigatoriamente da autoria do\/a candidato\/a, mas a foto atual, sim e, esta \u00faltima, n\u00e3o deve ter sido postada em nenhuma m\u00eddia social at\u00e9 o momento de envio para a comiss\u00e3o do concurso.<\/p>\n\n\n\n<p>O concurso tem como objetivo promover a valoriza\u00e7\u00e3o do patrim\u00f4nio hist\u00f3rico e cultural do munic\u00edpio por meio da linguagem fotogr\u00e1fica, estimulando a sensibilidade art\u00edstica e o olhar cr\u00edtico sobre as transforma\u00e7\u00f5es do espa\u00e7o urbano. A iniciativa \u00e9 dos professores do IFPE Afogados Jusc\u00e9lio Lins (geografia) e Adriano Morais (arte).<\/p>\n\n\n\n<p>D\u00favidas podem ser enviadas para: afogados.feiradeciencias@gmail.com<\/p>\n\n\n\n<p>Baixe e leia o regulamento completo do Concurso:<br><strong><a href=\"https:\/\/portal.ifpe.edu.br\/afogados\/wp-content\/uploads\/sites\/10\/2025\/09\/REGULAMENTO-DO-2o-CONCURSO-FOTOGRAFICO_vf.pdf\" target=\"_blank\" rel=\"noreferrer noopener\">&gt;&gt; Regulamento 2\u00ba Concurso de Fotografia<\/a><\/strong><\/p>\n","protected":false},"excerpt":{"rendered":"<p>Est\u00e3o abertas at\u00e9 o dia 24 de setembro as inscri\u00e7\u00f5es para o 2\u00ba Concurso de Fotografia da VII Feira de<\/p>\n","protected":false},"author":2,"featured_media":68692,"comment_status":"open","ping_status":"open","sticky":false,"template":"","format":"standard","meta":{"jetpack_post_was_ever_published":false,"_jetpack_newsletter_access":"","_jetpack_dont_email_post_to_subs":false,"_jetpack_newsletter_tier_id":0,"_jetpack_memberships_contains_paywalled_content":false,"_jetpack_memberships_contains_paid_content":false,"footnotes":"","jetpack_publicize_message":"","jetpack_publicize_feature_enabled":true,"jetpack_social_post_already_shared":true,"jetpack_social_options":{"image_generator_settings":{"template":"highway","default_image_id":0,"font":"","enabled":false},"version":2}},"categories":[23],"tags":[],"class_list":["post-68691","post","type-post","status-publish","format-standard","has-post-thumbnail","hentry","category-educacao"],"yoast_head":"<!-- This site is optimized with the Yoast SEO plugin v27.5 - https:\/\/yoast.com\/product\/yoast-seo-wordpress\/ -->\n<title>IFPE: Inscri\u00e7\u00f5es abertas para 2\u00ba Concurso Fotogr\u00e1fico da VII Feira de Ci\u00eancias e Inova\u00e7\u00e3o - Afogados FM<\/title>\n<meta name=\"robots\" content=\"index, follow, max-snippet:-1, max-image-preview:large, max-video-preview:-1\" \/>\n<link rel=\"canonical\" href=\"https:\/\/afogadosfm.com.br\/afogadosfm\/2025\/09\/02\/ifpe-inscricoes-abertas-para-2o-concurso-fotografico-da-vii-feira-de-ciencias-e-inovacao\/\" \/>\n<meta property=\"og:locale\" content=\"pt_BR\" \/>\n<meta property=\"og:type\" content=\"article\" \/>\n<meta property=\"og:title\" content=\"IFPE: Inscri\u00e7\u00f5es abertas para 2\u00ba Concurso Fotogr\u00e1fico da VII Feira de Ci\u00eancias e Inova\u00e7\u00e3o - Afogados FM\" \/>\n<meta property=\"og:description\" content=\"Est\u00e3o abertas at\u00e9 o dia 24 de setembro as inscri\u00e7\u00f5es para o 2\u00ba Concurso de Fotografia da VII Feira de\" \/>\n<meta property=\"og:url\" content=\"https:\/\/afogadosfm.com.br\/afogadosfm\/2025\/09\/02\/ifpe-inscricoes-abertas-para-2o-concurso-fotografico-da-vii-feira-de-ciencias-e-inovacao\/\" \/>\n<meta property=\"og:site_name\" content=\"Afogados FM\" \/>\n<meta property=\"article:published_time\" content=\"2025-09-02T06:37:39+00:00\" \/>\n<meta property=\"article:modified_time\" content=\"2025-09-02T06:37:41+00:00\" \/>\n<meta property=\"og:image\" content=\"https:\/\/afogadosfm.com.br\/afogadosfm\/wp-content\/uploads\/2025\/09\/IMG_4448.png\" \/>\n\t<meta property=\"og:image:width\" content=\"1125\" \/>\n\t<meta property=\"og:image:height\" content=\"675\" \/>\n\t<meta property=\"og:image:type\" content=\"image\/png\" \/>\n<meta name=\"author\" content=\"afogadosfm\" \/>\n<meta name=\"twitter:card\" content=\"summary_large_image\" \/>\n<meta name=\"twitter:label1\" content=\"Escrito por\" \/>\n\t<meta name=\"twitter:data1\" content=\"afogadosfm\" \/>\n\t<meta name=\"twitter:label2\" content=\"Est. tempo de leitura\" \/>\n\t<meta name=\"twitter:data2\" content=\"2 minutos\" \/>\n<script type=\"application\/ld+json\" class=\"yoast-schema-graph\">{\"@context\":\"https:\\\/\\\/schema.org\",\"@graph\":[{\"@type\":\"Article\",\"@id\":\"https:\\\/\\\/afogadosfm.com.br\\\/afogadosfm\\\/2025\\\/09\\\/02\\\/ifpe-inscricoes-abertas-para-2o-concurso-fotografico-da-vii-feira-de-ciencias-e-inovacao\\\/#article\",\"isPartOf\":{\"@id\":\"https:\\\/\\\/afogadosfm.com.br\\\/afogadosfm\\\/2025\\\/09\\\/02\\\/ifpe-inscricoes-abertas-para-2o-concurso-fotografico-da-vii-feira-de-ciencias-e-inovacao\\\/\"},\"author\":{\"name\":\"afogadosfm\",\"@id\":\"https:\\\/\\\/afogadosfm.com.br\\\/afogadosfm\\\/#\\\/schema\\\/person\\\/60e56f2cf5dc960fc093fe093d9e9057\"},\"headline\":\"IFPE: Inscri\u00e7\u00f5es abertas para 2\u00ba Concurso Fotogr\u00e1fico da VII Feira de Ci\u00eancias e Inova\u00e7\u00e3o\",\"datePublished\":\"2025-09-02T06:37:39+00:00\",\"dateModified\":\"2025-09-02T06:37:41+00:00\",\"mainEntityOfPage\":{\"@id\":\"https:\\\/\\\/afogadosfm.com.br\\\/afogadosfm\\\/2025\\\/09\\\/02\\\/ifpe-inscricoes-abertas-para-2o-concurso-fotografico-da-vii-feira-de-ciencias-e-inovacao\\\/\"},\"wordCount\":332,\"commentCount\":0,\"publisher\":{\"@id\":\"https:\\\/\\\/afogadosfm.com.br\\\/afogadosfm\\\/#organization\"},\"image\":{\"@id\":\"https:\\\/\\\/afogadosfm.com.br\\\/afogadosfm\\\/2025\\\/09\\\/02\\\/ifpe-inscricoes-abertas-para-2o-concurso-fotografico-da-vii-feira-de-ciencias-e-inovacao\\\/#primaryimage\"},\"thumbnailUrl\":\"https:\\\/\\\/i0.wp.com\\\/afogadosfm.com.br\\\/afogadosfm\\\/wp-content\\\/uploads\\\/2025\\\/09\\\/IMG_4448.png?fit=1125%2C675&ssl=1\",\"articleSection\":[\"Educa\u00e7\u00e3o\"],\"inLanguage\":\"pt-BR\",\"potentialAction\":[{\"@type\":\"CommentAction\",\"name\":\"Comment\",\"target\":[\"https:\\\/\\\/afogadosfm.com.br\\\/afogadosfm\\\/2025\\\/09\\\/02\\\/ifpe-inscricoes-abertas-para-2o-concurso-fotografico-da-vii-feira-de-ciencias-e-inovacao\\\/#respond\"]}]},{\"@type\":\"WebPage\",\"@id\":\"https:\\\/\\\/afogadosfm.com.br\\\/afogadosfm\\\/2025\\\/09\\\/02\\\/ifpe-inscricoes-abertas-para-2o-concurso-fotografico-da-vii-feira-de-ciencias-e-inovacao\\\/\",\"url\":\"https:\\\/\\\/afogadosfm.com.br\\\/afogadosfm\\\/2025\\\/09\\\/02\\\/ifpe-inscricoes-abertas-para-2o-concurso-fotografico-da-vii-feira-de-ciencias-e-inovacao\\\/\",\"name\":\"IFPE: Inscri\u00e7\u00f5es abertas para 2\u00ba Concurso Fotogr\u00e1fico da VII Feira de Ci\u00eancias e Inova\u00e7\u00e3o - Afogados FM\",\"isPartOf\":{\"@id\":\"https:\\\/\\\/afogadosfm.com.br\\\/afogadosfm\\\/#website\"},\"primaryImageOfPage\":{\"@id\":\"https:\\\/\\\/afogadosfm.com.br\\\/afogadosfm\\\/2025\\\/09\\\/02\\\/ifpe-inscricoes-abertas-para-2o-concurso-fotografico-da-vii-feira-de-ciencias-e-inovacao\\\/#primaryimage\"},\"image\":{\"@id\":\"https:\\\/\\\/afogadosfm.com.br\\\/afogadosfm\\\/2025\\\/09\\\/02\\\/ifpe-inscricoes-abertas-para-2o-concurso-fotografico-da-vii-feira-de-ciencias-e-inovacao\\\/#primaryimage\"},\"thumbnailUrl\":\"https:\\\/\\\/i0.wp.com\\\/afogadosfm.com.br\\\/afogadosfm\\\/wp-content\\\/uploads\\\/2025\\\/09\\\/IMG_4448.png?fit=1125%2C675&ssl=1\",\"datePublished\":\"2025-09-02T06:37:39+00:00\",\"dateModified\":\"2025-09-02T06:37:41+00:00\",\"breadcrumb\":{\"@id\":\"https:\\\/\\\/afogadosfm.com.br\\\/afogadosfm\\\/2025\\\/09\\\/02\\\/ifpe-inscricoes-abertas-para-2o-concurso-fotografico-da-vii-feira-de-ciencias-e-inovacao\\\/#breadcrumb\"},\"inLanguage\":\"pt-BR\",\"potentialAction\":[{\"@type\":\"ReadAction\",\"target\":[\"https:\\\/\\\/afogadosfm.com.br\\\/afogadosfm\\\/2025\\\/09\\\/02\\\/ifpe-inscricoes-abertas-para-2o-concurso-fotografico-da-vii-feira-de-ciencias-e-inovacao\\\/\"]}]},{\"@type\":\"ImageObject\",\"inLanguage\":\"pt-BR\",\"@id\":\"https:\\\/\\\/afogadosfm.com.br\\\/afogadosfm\\\/2025\\\/09\\\/02\\\/ifpe-inscricoes-abertas-para-2o-concurso-fotografico-da-vii-feira-de-ciencias-e-inovacao\\\/#primaryimage\",\"url\":\"https:\\\/\\\/i0.wp.com\\\/afogadosfm.com.br\\\/afogadosfm\\\/wp-content\\\/uploads\\\/2025\\\/09\\\/IMG_4448.png?fit=1125%2C675&ssl=1\",\"contentUrl\":\"https:\\\/\\\/i0.wp.com\\\/afogadosfm.com.br\\\/afogadosfm\\\/wp-content\\\/uploads\\\/2025\\\/09\\\/IMG_4448.png?fit=1125%2C675&ssl=1\",\"width\":1125,\"height\":675},{\"@type\":\"BreadcrumbList\",\"@id\":\"https:\\\/\\\/afogadosfm.com.br\\\/afogadosfm\\\/2025\\\/09\\\/02\\\/ifpe-inscricoes-abertas-para-2o-concurso-fotografico-da-vii-feira-de-ciencias-e-inovacao\\\/#breadcrumb\",\"itemListElement\":[{\"@type\":\"ListItem\",\"position\":1,\"name\":\"In\u00edcio\",\"item\":\"https:\\\/\\\/afogadosfm.com.br\\\/afogadosfm\\\/\"},{\"@type\":\"ListItem\",\"position\":2,\"name\":\"IFPE: Inscri\u00e7\u00f5es abertas para 2\u00ba Concurso Fotogr\u00e1fico da VII Feira de Ci\u00eancias e Inova\u00e7\u00e3o\"}]},{\"@type\":\"WebSite\",\"@id\":\"https:\\\/\\\/afogadosfm.com.br\\\/afogadosfm\\\/#website\",\"url\":\"https:\\\/\\\/afogadosfm.com.br\\\/afogadosfm\\\/\",\"name\":\"Afogados FM\",\"description\":\"Um site completo!\",\"publisher\":{\"@id\":\"https:\\\/\\\/afogadosfm.com.br\\\/afogadosfm\\\/#organization\"},\"potentialAction\":[{\"@type\":\"SearchAction\",\"target\":{\"@type\":\"EntryPoint\",\"urlTemplate\":\"https:\\\/\\\/afogadosfm.com.br\\\/afogadosfm\\\/?s={search_term_string}\"},\"query-input\":{\"@type\":\"PropertyValueSpecification\",\"valueRequired\":true,\"valueName\":\"search_term_string\"}}],\"inLanguage\":\"pt-BR\"},{\"@type\":\"Organization\",\"@id\":\"https:\\\/\\\/afogadosfm.com.br\\\/afogadosfm\\\/#organization\",\"name\":\"Afogados FM\",\"url\":\"https:\\\/\\\/afogadosfm.com.br\\\/afogadosfm\\\/\",\"logo\":{\"@type\":\"ImageObject\",\"inLanguage\":\"pt-BR\",\"@id\":\"https:\\\/\\\/afogadosfm.com.br\\\/afogadosfm\\\/#\\\/schema\\\/logo\\\/image\\\/\",\"url\":\"https:\\\/\\\/i0.wp.com\\\/afogadosfm.com.br\\\/afogadosfm\\\/wp-content\\\/uploads\\\/2020\\\/06\\\/cropped-banner-afogados-4.jpg?fit=369%2C137&ssl=1\",\"contentUrl\":\"https:\\\/\\\/i0.wp.com\\\/afogadosfm.com.br\\\/afogadosfm\\\/wp-content\\\/uploads\\\/2020\\\/06\\\/cropped-banner-afogados-4.jpg?fit=369%2C137&ssl=1\",\"width\":369,\"height\":137,\"caption\":\"Afogados FM\"},\"image\":{\"@id\":\"https:\\\/\\\/afogadosfm.com.br\\\/afogadosfm\\\/#\\\/schema\\\/logo\\\/image\\\/\"}},{\"@type\":\"Person\",\"@id\":\"https:\\\/\\\/afogadosfm.com.br\\\/afogadosfm\\\/#\\\/schema\\\/person\\\/60e56f2cf5dc960fc093fe093d9e9057\",\"name\":\"afogadosfm\",\"image\":{\"@type\":\"ImageObject\",\"inLanguage\":\"pt-BR\",\"@id\":\"https:\\\/\\\/secure.gravatar.com\\\/avatar\\\/e0359add7ed5dc3560906d861b52c6a8cf5c1e199d3a7dd85070998f49bd4701?s=96&d=mm&r=g\",\"url\":\"https:\\\/\\\/secure.gravatar.com\\\/avatar\\\/e0359add7ed5dc3560906d861b52c6a8cf5c1e199d3a7dd85070998f49bd4701?s=96&d=mm&r=g\",\"contentUrl\":\"https:\\\/\\\/secure.gravatar.com\\\/avatar\\\/e0359add7ed5dc3560906d861b52c6a8cf5c1e199d3a7dd85070998f49bd4701?s=96&d=mm&r=g\",\"caption\":\"afogadosfm\"},\"url\":\"https:\\\/\\\/afogadosfm.com.br\\\/afogadosfm\\\/author\\\/afogadosfm\\\/\"}]}<\/script>\n<!-- \/ Yoast SEO plugin. -->","yoast_head_json":{"title":"IFPE: Inscri\u00e7\u00f5es abertas para 2\u00ba Concurso Fotogr\u00e1fico da VII Feira de Ci\u00eancias e Inova\u00e7\u00e3o - Afogados FM","robots":{"index":"index","follow":"follow","max-snippet":"max-snippet:-1","max-image-preview":"max-image-preview:large","max-video-preview":"max-video-preview:-1"},"canonical":"https:\/\/afogadosfm.com.br\/afogadosfm\/2025\/09\/02\/ifpe-inscricoes-abertas-para-2o-concurso-fotografico-da-vii-feira-de-ciencias-e-inovacao\/","og_locale":"pt_BR","og_type":"article","og_title":"IFPE: Inscri\u00e7\u00f5es abertas para 2\u00ba Concurso Fotogr\u00e1fico da VII Feira de Ci\u00eancias e Inova\u00e7\u00e3o - Afogados FM","og_description":"Est\u00e3o abertas at\u00e9 o dia 24 de setembro as inscri\u00e7\u00f5es para o 2\u00ba Concurso de Fotografia da VII Feira de","og_url":"https:\/\/afogadosfm.com.br\/afogadosfm\/2025\/09\/02\/ifpe-inscricoes-abertas-para-2o-concurso-fotografico-da-vii-feira-de-ciencias-e-inovacao\/","og_site_name":"Afogados FM","article_published_time":"2025-09-02T06:37:39+00:00","article_modified_time":"2025-09-02T06:37:41+00:00","og_image":[{"width":1125,"height":675,"url":"https:\/\/afogadosfm.com.br\/afogadosfm\/wp-content\/uploads\/2025\/09\/IMG_4448.png","type":"image\/png"}],"author":"afogadosfm","twitter_card":"summary_large_image","twitter_misc":{"Escrito por":"afogadosfm","Est. tempo de leitura":"2 minutos"},"schema":{"@context":"https:\/\/schema.org","@graph":[{"@type":"Article","@id":"https:\/\/afogadosfm.com.br\/afogadosfm\/2025\/09\/02\/ifpe-inscricoes-abertas-para-2o-concurso-fotografico-da-vii-feira-de-ciencias-e-inovacao\/#article","isPartOf":{"@id":"https:\/\/afogadosfm.com.br\/afogadosfm\/2025\/09\/02\/ifpe-inscricoes-abertas-para-2o-concurso-fotografico-da-vii-feira-de-ciencias-e-inovacao\/"},"author":{"name":"afogadosfm","@id":"https:\/\/afogadosfm.com.br\/afogadosfm\/#\/schema\/person\/60e56f2cf5dc960fc093fe093d9e9057"},"headline":"IFPE: Inscri\u00e7\u00f5es abertas para 2\u00ba Concurso Fotogr\u00e1fico da VII Feira de Ci\u00eancias e Inova\u00e7\u00e3o","datePublished":"2025-09-02T06:37:39+00:00","dateModified":"2025-09-02T06:37:41+00:00","mainEntityOfPage":{"@id":"https:\/\/afogadosfm.com.br\/afogadosfm\/2025\/09\/02\/ifpe-inscricoes-abertas-para-2o-concurso-fotografico-da-vii-feira-de-ciencias-e-inovacao\/"},"wordCount":332,"commentCount":0,"publisher":{"@id":"https:\/\/afogadosfm.com.br\/afogadosfm\/#organization"},"image":{"@id":"https:\/\/afogadosfm.com.br\/afogadosfm\/2025\/09\/02\/ifpe-inscricoes-abertas-para-2o-concurso-fotografico-da-vii-feira-de-ciencias-e-inovacao\/#primaryimage"},"thumbnailUrl":"https:\/\/i0.wp.com\/afogadosfm.com.br\/afogadosfm\/wp-content\/uploads\/2025\/09\/IMG_4448.png?fit=1125%2C675&ssl=1","articleSection":["Educa\u00e7\u00e3o"],"inLanguage":"pt-BR","potentialAction":[{"@type":"CommentAction","name":"Comment","target":["https:\/\/afogadosfm.com.br\/afogadosfm\/2025\/09\/02\/ifpe-inscricoes-abertas-para-2o-concurso-fotografico-da-vii-feira-de-ciencias-e-inovacao\/#respond"]}]},{"@type":"WebPage","@id":"https:\/\/afogadosfm.com.br\/afogadosfm\/2025\/09\/02\/ifpe-inscricoes-abertas-para-2o-concurso-fotografico-da-vii-feira-de-ciencias-e-inovacao\/","url":"https:\/\/afogadosfm.com.br\/afogadosfm\/2025\/09\/02\/ifpe-inscricoes-abertas-para-2o-concurso-fotografico-da-vii-feira-de-ciencias-e-inovacao\/","name":"IFPE: Inscri\u00e7\u00f5es abertas para 2\u00ba Concurso Fotogr\u00e1fico da VII Feira de Ci\u00eancias e Inova\u00e7\u00e3o - Afogados FM","isPartOf":{"@id":"https:\/\/afogadosfm.com.br\/afogadosfm\/#website"},"primaryImageOfPage":{"@id":"https:\/\/afogadosfm.com.br\/afogadosfm\/2025\/09\/02\/ifpe-inscricoes-abertas-para-2o-concurso-fotografico-da-vii-feira-de-ciencias-e-inovacao\/#primaryimage"},"image":{"@id":"https:\/\/afogadosfm.com.br\/afogadosfm\/2025\/09\/02\/ifpe-inscricoes-abertas-para-2o-concurso-fotografico-da-vii-feira-de-ciencias-e-inovacao\/#primaryimage"},"thumbnailUrl":"https:\/\/i0.wp.com\/afogadosfm.com.br\/afogadosfm\/wp-content\/uploads\/2025\/09\/IMG_4448.png?fit=1125%2C675&ssl=1","datePublished":"2025-09-02T06:37:39+00:00","dateModified":"2025-09-02T06:37:41+00:00","breadcrumb":{"@id":"https:\/\/afogadosfm.com.br\/afogadosfm\/2025\/09\/02\/ifpe-inscricoes-abertas-para-2o-concurso-fotografico-da-vii-feira-de-ciencias-e-inovacao\/#breadcrumb"},"inLanguage":"pt-BR","potentialAction":[{"@type":"ReadAction","target":["https:\/\/afogadosfm.com.br\/afogadosfm\/2025\/09\/02\/ifpe-inscricoes-abertas-para-2o-concurso-fotografico-da-vii-feira-de-ciencias-e-inovacao\/"]}]},{"@type":"ImageObject","inLanguage":"pt-BR","@id":"https:\/\/afogadosfm.com.br\/afogadosfm\/2025\/09\/02\/ifpe-inscricoes-abertas-para-2o-concurso-fotografico-da-vii-feira-de-ciencias-e-inovacao\/#primaryimage","url":"https:\/\/i0.wp.com\/afogadosfm.com.br\/afogadosfm\/wp-content\/uploads\/2025\/09\/IMG_4448.png?fit=1125%2C675&ssl=1","contentUrl":"https:\/\/i0.wp.com\/afogadosfm.com.br\/afogadosfm\/wp-content\/uploads\/2025\/09\/IMG_4448.png?fit=1125%2C675&ssl=1","width":1125,"height":675},{"@type":"BreadcrumbList","@id":"https:\/\/afogadosfm.com.br\/afogadosfm\/2025\/09\/02\/ifpe-inscricoes-abertas-para-2o-concurso-fotografico-da-vii-feira-de-ciencias-e-inovacao\/#breadcrumb","itemListElement":[{"@type":"ListItem","position":1,"name":"In\u00edcio","item":"https:\/\/afogadosfm.com.br\/afogadosfm\/"},{"@type":"ListItem","position":2,"name":"IFPE: Inscri\u00e7\u00f5es abertas para 2\u00ba Concurso Fotogr\u00e1fico da VII Feira de Ci\u00eancias e Inova\u00e7\u00e3o"}]},{"@type":"WebSite","@id":"https:\/\/afogadosfm.com.br\/afogadosfm\/#website","url":"https:\/\/afogadosfm.com.br\/afogadosfm\/","name":"Afogados FM","description":"Um site completo!","publisher":{"@id":"https:\/\/afogadosfm.com.br\/afogadosfm\/#organization"},"potentialAction":[{"@type":"SearchAction","target":{"@type":"EntryPoint","urlTemplate":"https:\/\/afogadosfm.com.br\/afogadosfm\/?s={search_term_string}"},"query-input":{"@type":"PropertyValueSpecification","valueRequired":true,"valueName":"search_term_string"}}],"inLanguage":"pt-BR"},{"@type":"Organization","@id":"https:\/\/afogadosfm.com.br\/afogadosfm\/#organization","name":"Afogados FM","url":"https:\/\/afogadosfm.com.br\/afogadosfm\/","logo":{"@type":"ImageObject","inLanguage":"pt-BR","@id":"https:\/\/afogadosfm.com.br\/afogadosfm\/#\/schema\/logo\/image\/","url":"https:\/\/i0.wp.com\/afogadosfm.com.br\/afogadosfm\/wp-content\/uploads\/2020\/06\/cropped-banner-afogados-4.jpg?fit=369%2C137&ssl=1","contentUrl":"https:\/\/i0.wp.com\/afogadosfm.com.br\/afogadosfm\/wp-content\/uploads\/2020\/06\/cropped-banner-afogados-4.jpg?fit=369%2C137&ssl=1","width":369,"height":137,"caption":"Afogados FM"},"image":{"@id":"https:\/\/afogadosfm.com.br\/afogadosfm\/#\/schema\/logo\/image\/"}},{"@type":"Person","@id":"https:\/\/afogadosfm.com.br\/afogadosfm\/#\/schema\/person\/60e56f2cf5dc960fc093fe093d9e9057","name":"afogadosfm","image":{"@type":"ImageObject","inLanguage":"pt-BR","@id":"https:\/\/secure.gravatar.com\/avatar\/e0359add7ed5dc3560906d861b52c6a8cf5c1e199d3a7dd85070998f49bd4701?s=96&d=mm&r=g","url":"https:\/\/secure.gravatar.com\/avatar\/e0359add7ed5dc3560906d861b52c6a8cf5c1e199d3a7dd85070998f49bd4701?s=96&d=mm&r=g","contentUrl":"https:\/\/secure.gravatar.com\/avatar\/e0359add7ed5dc3560906d861b52c6a8cf5c1e199d3a7dd85070998f49bd4701?s=96&d=mm&r=g","caption":"afogadosfm"},"url":"https:\/\/afogadosfm.com.br\/afogadosfm\/author\/afogadosfm\/"}]}},"jetpack_publicize_connections":[],"jetpack_featured_media_url":"https:\/\/i0.wp.com\/afogadosfm.com.br\/afogadosfm\/wp-content\/uploads\/2025\/09\/IMG_4448.png?fit=1125%2C675&ssl=1","jetpack-related-posts":[],"jetpack_sharing_enabled":true,"jetpack_likes_enabled":true,"_links":{"self":[{"href":"https:\/\/afogadosfm.com.br\/afogadosfm\/wp-json\/wp\/v2\/posts\/68691","targetHints":{"allow":["GET"]}}],"collection":[{"href":"https:\/\/afogadosfm.com.br\/afogadosfm\/wp-json\/wp\/v2\/posts"}],"about":[{"href":"https:\/\/afogadosfm.com.br\/afogadosfm\/wp-json\/wp\/v2\/types\/post"}],"author":[{"embeddable":true,"href":"https:\/\/afogadosfm.com.br\/afogadosfm\/wp-json\/wp\/v2\/users\/2"}],"replies":[{"embeddable":true,"href":"https:\/\/afogadosfm.com.br\/afogadosfm\/wp-json\/wp\/v2\/comments?post=68691"}],"version-history":[{"count":1,"href":"https:\/\/afogadosfm.com.br\/afogadosfm\/wp-json\/wp\/v2\/posts\/68691\/revisions"}],"predecessor-version":[{"id":68693,"href":"https:\/\/afogadosfm.com.br\/afogadosfm\/wp-json\/wp\/v2\/posts\/68691\/revisions\/68693"}],"wp:featuredmedia":[{"embeddable":true,"href":"https:\/\/afogadosfm.com.br\/afogadosfm\/wp-json\/wp\/v2\/media\/68692"}],"wp:attachment":[{"href":"https:\/\/afogadosfm.com.br\/afogadosfm\/wp-json\/wp\/v2\/media?parent=68691"}],"wp:term":[{"taxonomy":"category","embeddable":true,"href":"https:\/\/afogadosfm.com.br\/afogadosfm\/wp-json\/wp\/v2\/categories?post=68691"},{"taxonomy":"post_tag","embeddable":true,"href":"https:\/\/afogadosfm.com.br\/afogadosfm\/wp-json\/wp\/v2\/tags?post=68691"}],"curies":[{"name":"wp","href":"https:\/\/api.w.org\/{rel}","templated":true}]}}