{"id":68699,"date":"2025-09-02T03:51:51","date_gmt":"2025-09-02T06:51:51","guid":{"rendered":"https:\/\/afogadosfm.com.br\/afogadosfm\/?p=68699"},"modified":"2025-09-02T03:51:52","modified_gmt":"2025-09-02T06:51:52","slug":"ouvir-para-mudar-no-recife-governadora-raquel-lyra-anuncia-mais-de-r-1-bilhao-em-investimentos-para-a-regiao-metropolitana","status":"publish","type":"post","link":"https:\/\/afogadosfm.com.br\/afogadosfm\/2025\/09\/02\/ouvir-para-mudar-no-recife-governadora-raquel-lyra-anuncia-mais-de-r-1-bilhao-em-investimentos-para-a-regiao-metropolitana\/","title":{"rendered":"Ouvir para Mudar: no Recife, governadora Raquel Lyra anuncia mais de R$ 1 bilh\u00e3o em investimentos para a Regi\u00e3o Metropolitana"},"content":{"rendered":"\n<p>A governadora Raquel Lyra anunciou, nesta segunda-feira (1\u00ba), durante a \u00faltima edi\u00e7\u00e3o do Ouvir para Mudar, realizada no Recife, R$ 1 bilh\u00e3o em investimentos para a Regi\u00e3o Metropolitana do Recife (RMR). Entre os destaques est\u00e3o a autoriza\u00e7\u00e3o de licita\u00e7\u00e3o para a constru\u00e7\u00e3o do novo Batalh\u00e3o da Pol\u00edcia Militar no Cabo de Santo Agostinho, a constru\u00e7\u00e3o da Maternidade de Igarassu e a reforma de grandes hospitais da capital, como Ot\u00e1vio de Freitas e Bar\u00e3o de Lucena. O evento contou com a presen\u00e7a da vice-governadora Priscila Krause. Neste ano, o Ouvir para Mudar contemplou o an\u00fancio de mais de R$ 2,6 bilh\u00f5es de investimentos em todo o Estado.\u00a0<\/p>\n\n\n\n<p>\u201cPassamos em cada regi\u00e3o de Pernambuco fazendo um balan\u00e7o da nossa gest\u00e3o e ouvindo a popula\u00e7\u00e3o para que possamos elaborar a nossa Lei Or\u00e7ament\u00e1ria Anual do ano que vem. Hoje, estamos no cora\u00e7\u00e3o do Recife, com a alegria de anunciar mais de R$ 1 bilh\u00e3o de investimento em novas obras e a\u00e7\u00f5es para a RMR. Elas s\u00e3o voltadas para novas estradas, infraestrutura urbana, seguran\u00e7a p\u00fablica, sa\u00fade, mais acesso \u00e0 \u00e1gua, entre outras iniciativas. Tudo isso faz com que a gente tenha certeza de que esse ser\u00e1 o melhor ano da hist\u00f3ria de Pernambuco no volume de investimento. Vamos fechar o ano com R$ 6,2 bilh\u00f5es de investimento no Estado\u201d, disse a governadora Raquel Lyra, acompanhada de secret\u00e1rios, presidentes de \u00f3rg\u00e3os estaduais, deputados e prefeitos.&nbsp;<\/p>\n\n\n\n<p>Somente na \u00e1rea da seguran\u00e7a p\u00fablica foram investidos R$ 96,5 milh\u00f5es. Entre as principais a\u00e7\u00f5es est\u00e1 a constru\u00e7\u00e3o do novo Batalh\u00e3o da Pol\u00edcia Militar no Cabo de Santo Agostinho, um investimento de R$ 12,2 milh\u00f5es que vai refor\u00e7ar o policiamento ostensivo e ampliar a capacidade de resposta \u00e0s demandas do Litoral Sul.&nbsp;<\/p>\n\n\n\n<p>\u201cJ\u00e1 passamos pelas onze regi\u00f5es de desenvolvimento do nosso estado e fizemos an\u00fancios com os recursos garantidos para come\u00e7ar e entregar as obras. Nosso governo faz diferente e quanto mais o povo precisa, mais trabalhamos e entregamos, criando uma realidade nova para Pernambuco\u201d, disse a vice-governadora Priscila Krause.&nbsp;<\/p>\n\n\n\n<p>Foram assinadas as autoriza\u00e7\u00f5es para licita\u00e7\u00f5es de constru\u00e7\u00e3o de novas delegacias nos munic\u00edpios de Moreno, Abreu e Lima e Ara\u00e7oiaba, num investimento de R$ 6 milh\u00f5es. Al\u00e9m disso, tamb\u00e9m foram autorizadas a amplia\u00e7\u00e3o de estruturas voltadas ao Corpo de Bombeiros e a licita\u00e7\u00e3o do Batalh\u00e3o de Policiamento Tur\u00edstico, no bairro do Recife Antigo, com investimento de R$ 10,3 milh\u00f5es, fortalecendo o programa Juntos pela Seguran\u00e7a e garantindo mais prote\u00e7\u00e3o \u00e0 popula\u00e7\u00e3o.&nbsp;<\/p>\n\n\n\n<p>\u201cTeremos a constru\u00e7\u00e3o da Academia Integrada de Defesa Social, com capacidade para formar mais de 2 mil policiais simultaneamente. Isso vai melhorar a qualidade da forma\u00e7\u00e3o dos nossos policiais e, consequentemente, a presta\u00e7\u00e3o de servi\u00e7os \u00e0 popula\u00e7\u00e3o. Com instru\u00e7\u00f5es em ambientes modernos, mais bem equipados, conseguiremos elevar o n\u00edvel do nosso efetivo\u201d, afirmou o secret\u00e1rio de Defesa Social, Alessandro Carvalho.&nbsp;<\/p>\n\n\n\n<p>J\u00e1 na sa\u00fade, o pacote de investimentos contemplou a constru\u00e7\u00e3o de uma maternidade no munic\u00edpio de Igarassu, com investimento de R$ 56,5 milh\u00f5es, para atender gestantes e rec\u00e9m-nascidos da regi\u00e3o norte da RMR. Al\u00e9m disso, os grandes hospitais do Recife passar\u00e3o por reformas e amplia\u00e7\u00f5es: Ot\u00e1vio de Freitas, Agamenon Magalh\u00e3es, Bar\u00e3o de Lucena e o Hospital da Restaura\u00e7\u00e3o, com um aporte de R$ 205 milh\u00f5es, assegurando melhores condi\u00e7\u00f5es de atendimento e mais qualidade nos servi\u00e7os ofertados \u00e0 popula\u00e7\u00e3o.<\/p>\n\n\n\n<p>\u201cForam assegurados tamb\u00e9m investimentos em equipamentos e mobili\u00e1rio em v\u00e1rias UPAs da Regi\u00e3o Metropolitana. Essas a\u00e7\u00f5es de hoje significam um aumento de 260 leitos somente na Primeira Ger\u00eancia Regional de Sa\u00fade (Geres) na Regi\u00e3o Metropolitana, o que equivale a um hospital de m\u00e9dio porte. Al\u00e9m disso, haver\u00e1 a requalifica\u00e7\u00e3o dos equipamentos para trazer mais dignidade para as pessoas que utilizam o servi\u00e7o e para quem trabalha nas unidades\u201d, explicou a secret\u00e1ria de Sa\u00fade, Zilda Cavalcanti.&nbsp;<\/p>\n\n\n\n<p>Tamb\u00e9m foram anunciados investimentos focados na mobilidade urbana, com um pacote de R$ 161,6 milh\u00f5es voltado para o transporte p\u00fablico. Entre as obras est\u00e3o a reforma e amplia\u00e7\u00e3o do Terminal Integrado de Camaragibe, a execu\u00e7\u00e3o do Eixo 5000 no Ramal da Arena e a requalifica\u00e7\u00e3o de sete esta\u00e7\u00f5es de BRT no corredor Norte-Sul.<\/p>\n\n\n\n<p>Presente no evento, o deputado federal Mendon\u00e7a Filho elogiou os investimentos. \u201cEstamos inaugurando um marco na hist\u00f3ria do Estado. O Governo tem investido na seguran\u00e7a, na educa\u00e7\u00e3o, na sa\u00fade. Por onde andamos, n\u00f3s vemos a mudan\u00e7a acontecendo com investimentos necess\u00e1rios para toda a popula\u00e7\u00e3o\u201d, disse. O deputado estadual Wanderson Flor\u00eancio destacou o atendimento de demandas antigas da popula\u00e7\u00e3o. \u201cH\u00e1 muitos anos, Pernambuco sonhava com um momento como este. As estradas est\u00e3o sendo feitas, com qualidade, saindo finalmente do papel. H\u00e1 tamb\u00e9m um programa s\u00e9rio de investimentos em habita\u00e7\u00e3o, meio ambiente e, claro, na seguran\u00e7a p\u00fablica\u201d, pontuou.&nbsp;<\/p>\n\n\n\n<p>Representando os prefeitos da Regi\u00e3o Metropolitana, a prefeita Mirella Almeida, de Olinda, falou da import\u00e2ncia do apoio do Governo do Estado aos munic\u00edpios. \u201cOlinda \u00e9 um grande exemplo de como o Estado est\u00e1 andando pra frente. \u00c9 s\u00f3 olhar para as obras que acontecem diariamente por l\u00e1, a PE-15, a Perimetral. Agora, essas pessoas t\u00eam, no m\u00ednimo, dignidade\u201d, afirmou.&nbsp;<\/p>\n\n\n\n<p><strong>OUVIR PARA MUDAR &#8211;&nbsp;<\/strong>Com a rodada do Recife, o Ouvir para Mudar 2025 chegou \u00e0 sua \u00faltima edi\u00e7\u00e3o, ap\u00f3s percorrer 11 munic\u00edpios no Sert\u00e3o, Agreste e Zona da Mata. Somente neste ano, 23.408 mil pessoas participaram em todo estado.&nbsp;<\/p>\n\n\n\n<p>\u201cRodamos todas as 12 regi\u00f5es de desenvolvimento, e com base nessa escuta, constru\u00edmos os grandes programas do Governo do Estado, como: PE na Estrada, \u00c1guas de Pernambuco, Juntos pela Educa\u00e7\u00e3o, Cuida PE. Desde ent\u00e3o, estamos trabalhando para executar aquilo que foi demandado pela popula\u00e7\u00e3o\u201d, disse o secret\u00e1rio secret\u00e1rio de Planejamento, Gest\u00e3o e Desenvolvimento Regional, Fabr\u00edcio Marques.&nbsp;<\/p>\n\n\n\n<p><strong>Confira os an\u00fancios feitos no Ouvir para Mudar do Recife:<\/strong><\/p>\n\n\n\n<p><strong>Sa\u00fade<\/strong><\/p>\n\n\n\n<p>Assinatura de termos aditivos para plano de investimentos para aquisi\u00e7\u00e3o de equipamentos m\u00e9dicos e hospitalares em 13 unidades de sa\u00fade da RMR: UPA Barra de Jangada, UPA Cabo de Santo Agostinho, UPA Caxang\u00e1, UPA Engenho Velho, UPA Imbiribeira, UPA Nova Descoberta, UPA Olinda, UPA S\u00e3o Louren\u00e7o, UPA Torr\u00f5es, UPA Paulista, UPA Ibura, UPA Curado e Hospital Jo\u00e3o Murilo de Oliveira em Vit\u00f3ria de Santo Ant\u00e3o. Investimento total: R$ 9,4 milh\u00f5es;<\/p>\n\n\n\n<p>Assinatura de ordem de servi\u00e7o para constru\u00e7\u00e3o da Maternidade de Igarassu. Investimento: R$ 56,5 milh\u00f5es;<\/p>\n\n\n\n<p>Assinatura de ordem de servi\u00e7o para Reforma e Amplia\u00e7\u00e3o do Hospital Ot\u00e1vio de Freitas, na cidade do Recife. Investimento: R$ 47 milh\u00f5es;<\/p>\n\n\n\n<p>Assinatura de ordem de servi\u00e7o para Reforma e Amplia\u00e7\u00e3o do Hospital Agamenon Magalh\u00e3es, na cidade do Recife. Investimento: R$ 14,7 milh\u00f5es;<\/p>\n\n\n\n<p>Assinatura de ordem de servi\u00e7o para Reforma e Amplia\u00e7\u00e3o do Hospital Bar\u00e3o de Lucena, na cidade do Recife. Investimento: R$ 33,7 milh\u00f5es;<\/p>\n\n\n\n<p>Assinatura de ordem de servi\u00e7o para a Reforma da Fachada do Hospital da Restaura\u00e7\u00e3o Governador Paulo Guerra, na cidade do Recife. Investimento: R$ 10 milh\u00f5es;<\/p>\n\n\n\n<p>Assinatura de contrato para Presta\u00e7\u00e3o de servi\u00e7os de manuten\u00e7\u00e3o predial, preventiva e corretiva, com dedica\u00e7\u00e3o exclusiva de m\u00e3o de obra e fornecimento de material no Hemocentro de Pernambuco, no Recife. Investimento: R$ 4,2 milh\u00f5es.<\/p>\n\n\n\n<p>Assinatura de contrato para Presta\u00e7\u00e3o de servi\u00e7os de manuten\u00e7\u00e3o predial, preventiva e corretiva, com dedica\u00e7\u00e3o exclusiva de m\u00e3o de obra e fornecimento de material no Hospital Geral de Areias, no Recife. Investimento: R$ 3,9 milh\u00f5es;<\/p>\n\n\n\n<p>Assinatura de ordem de servi\u00e7o para Constru\u00e7\u00e3o da nova Subesta\u00e7\u00e3o Cabinada de 1.250KVA para o Hospital Geral de Areias. Investimento de R$ 1,6 milh\u00f5es;<\/p>\n\n\n\n<p>Assinatura de contrato para Presta\u00e7\u00e3o de servi\u00e7os de manuten\u00e7\u00e3o predial, preventiva e corretiva, com dedica\u00e7\u00e3o exclusiva de m\u00e3o de obra e fornecimento de material no Hospital Correia Pican\u00e7o e no Hospital Ulysses Pernambucano, no Recife. Investimento de R$ 7,6 milh\u00f5es;<\/p>\n\n\n\n<p>Assinatura de autoriza\u00e7\u00e3o de licita\u00e7\u00e3o para Reforma e Amplia\u00e7\u00e3o do Hospital Regional Ulysses Pernambucano, no munic\u00edpio de Recife. Investimento: R$ 4,5 milh\u00f5es;<\/p>\n\n\n\n<p>Assinatura de contrato para presta\u00e7\u00e3o de servi\u00e7os de manuten\u00e7\u00e3o predial, preventiva e corretiva, com dedica\u00e7\u00e3o exclusiva de m\u00e3o de obra e fornecimento de material no Hospital Jaboat\u00e3o Prazeres, em Jaboat\u00e3o dos Guararapes. Investimento de R$ 3,6 milh\u00f5es;<\/p>\n\n\n\n<p>Assinatura de contrato para Presta\u00e7\u00e3o de servi\u00e7os de manuten\u00e7\u00e3o predial, preventiva e corretiva, com dedica\u00e7\u00e3o exclusiva de m\u00e3o de obra e fornecimento de material no Hospital da Mirueira, em Paulista. Investimento de R$ 4,5 milh\u00f5es;<\/p>\n\n\n\n<p>Assinatura de ordem de servi\u00e7o para Reforma da sede da Rede de Frios de Pernambuco do Programa Estadual de Imuniza\u00e7\u00e3o. Investimento de R$ 4,1 milh\u00f5es;<\/p>\n\n\n\n<p><strong>Ci\u00eancia e Tecnologia<\/strong><\/p>\n\n\n\n<p>Assinatura de ordem de servi\u00e7o para requalifica\u00e7\u00e3o do Espa\u00e7o Ci\u00eancia, entre os munic\u00edpios de Recife e Olinda. Investimento: R$ 8,5 milh\u00f5es;<\/p>\n\n\n\n<p>Assinatura de autoriza\u00e7\u00e3o de licita\u00e7\u00e3o para Reforma e Amplia\u00e7\u00e3o do Centro Universit\u00e1rio Integrado Amaury de Medeiros &#8211; CISAM, no munic\u00edpio de Recife. Investimento: R$ 29,1 milh\u00f5es;<\/p>\n\n\n\n<p>Assinatura de autoriza\u00e7\u00e3o de licita\u00e7\u00e3o para Requalifica\u00e7\u00e3o do Parque Memorial Arcoverde, no munic\u00edpio de Olinda. Investimento: R$ 24,7 milh\u00f5es;<\/p>\n\n\n\n<p><strong>Seguran\u00e7a<\/strong><\/p>\n\n\n\n<p>Assinatura de ordem de servi\u00e7o para constru\u00e7\u00e3o de uma Academia Integrada de Defesa Social &#8211; ACIDES da Pol\u00edcia Militar, no munic\u00edpio de S\u00e3o Louren\u00e7o da Mata. Investimento: R$ 52 milh\u00f5es;<\/p>\n\n\n\n<p>Assinatura de autoriza\u00e7\u00e3o de licita\u00e7\u00e3o para constru\u00e7\u00e3o do Batalh\u00e3o da Pol\u00edcia Militar no munic\u00edpio do Cabo do Santo Agostinho. Investimento: R$ 12,2 milh\u00f5es&nbsp;<\/p>\n\n\n\n<p>Assinatura de autoriza\u00e7\u00e3o de licita\u00e7\u00e3o para constru\u00e7\u00e3o de Batalh\u00e3o da Pol\u00edcia Militar no munic\u00edpio de Camaragibe. Investimento: R$ 10,4 milh\u00f5es;<\/p>\n\n\n\n<p>Assinatura de autoriza\u00e7\u00e3o de licita\u00e7\u00e3o para constru\u00e7\u00e3o do Batalh\u00e3o de Policiamento Tur\u00edstico em Recife. Investimento: R$ 10,3 milh\u00f5es;<\/p>\n\n\n\n<p>Assinatura de autoriza\u00e7\u00e3o de licita\u00e7\u00e3o para constru\u00e7\u00e3o da Delegacia de Abreu e Lima. Investimento: R$ 2 milh\u00f5es;<\/p>\n\n\n\n<p>Assinatura de autoriza\u00e7\u00e3o de licita\u00e7\u00e3o para constru\u00e7\u00e3o da Delegacia de Pol\u00edcia no munic\u00edpio de Ara\u00e7oiaba. Investimento: R$ 2,9 milh\u00f5es;<\/p>\n\n\n\n<p>Assinatura de autoriza\u00e7\u00e3o de licita\u00e7\u00e3o para constru\u00e7\u00e3o da Delegacia de Pol\u00edcia no munic\u00edpio de Moreno. Investimento: R$ 1,6 milh\u00f5es;<\/p>\n\n\n\n<p>Assinatura de autoriza\u00e7\u00e3o de licita\u00e7\u00e3o para Reforma e Requalifica\u00e7\u00e3o do Grupamento de Bombeiros Mar\u00edtimo. Investimento: R$ 5,1 milh\u00f5es;<\/p>\n\n\n\n<p><strong>Desenvolvimento Urbano e Habita\u00e7\u00e3o<\/strong><\/p>\n\n\n\n<p>Assinatura de ordem de servi\u00e7o para in\u00edcio da obras do Residencial Engenho do Meio, no munic\u00edpio de Recife, que contar\u00e1 com 128 unidades habitacionais, no \u00e2mbito do Programa Minha Casa, Minha Vida (MCMV) na modalidade Fundo de Arrendamento Residencial (FAR), viabilizada pelo Programa Morar Bem Pernambuco. Portaria MCid n\u00ba 1.241, de 01 de novembro de 2024. Investimento: R$ 21,9 milh\u00f5es;<\/p>\n\n\n\n<p>Assinatura de ordem de servi\u00e7o para regulariza\u00e7\u00e3o fundi\u00e1ria de interesse social no munic\u00edpio de Paulista, destinados \u00e0 titula\u00e7\u00e3o estimada de 1.600 unidades imobili\u00e1rias situada no n\u00facleo urbano informal consolidado Artur Lundgren, com recursos do Novo PAC. Investimento: R$ 625 mil<\/p>\n\n\n\n<p>Assinatura de ordem de servi\u00e7o para regulariza\u00e7\u00e3o fundi\u00e1ria de interesse social no munic\u00edpio de Abreu e Lima, destinados \u00e0 titula\u00e7\u00e3o estimada de 1.900 unidades imobili\u00e1rias situada no n\u00facleo urbano informal consolidado Caet\u00e9s e Matinha, com recursos do Novo PAC. Investimento: R$ 1,2 milh\u00f5es;<\/p>\n\n\n\n<p>Assinatura de autoriza\u00e7\u00e3o de licita\u00e7\u00e3o para a obra de Desassoreamento do Rio Beberibe no Munic\u00edpio de Olinda. Investimento: R$ 162,5 milh\u00f5es;<\/p>\n\n\n\n<p>Assinatura de autoriza\u00e7\u00e3o de licita\u00e7\u00e3o para o Pacote de obras de Mobilidade na Regi\u00e3o Metropolitana do Recife, contemplando: a Reforma e amplia\u00e7\u00e3o do Terminal Integrado de Camaragibe; a Implanta\u00e7\u00e3o da Esta\u00e7\u00e3o BRT Elevado Bom Pastor; o Eixo 5000 no Ramal da Arena; a Reforma de 9 Esta\u00e7\u00f5es do BRT no Corredor Norte\/Sul; e a Implanta\u00e7\u00e3o de Sem\u00e1foros Inteligentes nos corredores Norte\/Sul e Leste\/Oeste. Investimento total: R$ 161,7 milh\u00f5es;<\/p>\n\n\n\n<p>Assinatura de autoriza\u00e7\u00e3o de licita\u00e7\u00e3o para a execu\u00e7\u00e3o de Servi\u00e7os de Recupera\u00e7\u00e3o de Castelo D\u2019\u00c1gua (Reservat\u00f3rio) no munic\u00edpio de Camaragibe. Investimento: R$ 896 mil;<\/p>\n\n\n\n<p>Assinatura de autoriza\u00e7\u00e3o de licita\u00e7\u00e3o para execu\u00e7\u00e3o de Recapeamento Asf\u00e1ltico em Diversas Vias no munic\u00edpio de Olinda. Investimento: R$ 15 milh\u00f5es;<\/p>\n\n\n\n<p>Assinatura de autoriza\u00e7\u00e3o de licita\u00e7\u00e3o para Execu\u00e7\u00e3o de Obras de Requalifica\u00e7\u00e3o do Canal Santa Terezinha, no munic\u00edpio do Recife. Investimento estimado: R$ 884 mil;<\/p>\n\n\n\n<p><strong>Recursos H\u00eddricos<\/strong><\/p>\n\n\n\n<p>Assinatura de ordem de servi\u00e7o para a obra de Complementa\u00e7\u00e3o da duplica\u00e7\u00e3o da Al\u00e7a Norte \u2013 Grandes An\u00e9is, Lote VI. Benefici\u00e1rios: cerca de 180 mil pessoas dos munic\u00edpios de Recife e Olinda. Investimento: R$ 18,2 milh\u00f5es;<\/p>\n\n\n\n<p>Assinatura de ordem de servi\u00e7o para a obra de Implanta\u00e7\u00e3o do Novo Sistema Produtor e Adutora de \u00c1gua Tratada para Ara\u00e7oiaba \u2013 1\u00aa Etapa. Benefici\u00e1rios: aproximadamente 21 mil habitantes. Investimento: R$ 45,4 milh\u00f5es;<\/p>\n\n\n\n<p>Assinatura de ordem de servi\u00e7o para a obra do Sistema de Esgotamento Sanit\u00e1rio (SES) de Boa Viagem, em Recife. Benefici\u00e1rios: aproximadamente 151 mil habitantes. Investimento: R$ 78,8 milh\u00f5es;<\/p>\n\n\n\n<p>Assinatura de ordem de servi\u00e7o para Aquisi\u00e7\u00e3o e instala\u00e7\u00e3o da Esta\u00e7\u00e3o de Tratamento de \u00c1gua de Ultrafiltra\u00e7\u00e3o \u2013 50 L\/s, em Ara\u00e7oiaba. Benefici\u00e1rios: aproximadamente 21 mil habitantes. Investimento: R$ 9,3 milh\u00f5es;<\/p>\n\n\n\n<p>Assinatura de ordem de servi\u00e7o para Aquisi\u00e7\u00e3o e instala\u00e7\u00e3o da Esta\u00e7\u00e3o de Tratamento de \u00c1gua de Ultrafiltra\u00e7\u00e3o \u2013 50 L\/s, em Charneca, Cabo de Santo Agostinho. Benefici\u00e1rios: aproximadamente 17 mil habitantes. Investimento: R$ 9,3 milh\u00f5es;<\/p>\n\n\n\n<p>Assinatura de ordem de servi\u00e7o para Aquisi\u00e7\u00e3o e instala\u00e7\u00e3o da Esta\u00e7\u00e3o de Tratamento de \u00c1gua de Ultrafiltra\u00e7\u00e3o \u2013 50 L\/s, na ETA Bonan\u00e7a, em Moreno. Benefici\u00e1rios: aproximadamente 15 mil habitantes. Investimento: R$ 9,3 milh\u00f5es;<\/p>\n\n\n\n<p>Assinatura de ordem de servi\u00e7o para Aquisi\u00e7\u00e3o e instala\u00e7\u00e3o da Esta\u00e7\u00e3o de Tratamento de \u00c1gua de Ultrafiltra\u00e7\u00e3o \u2013 50 L\/s, no munic\u00edpio de Moreno. Benefici\u00e1rios: aproximadamente 49 mil habitantes. Investimento: R$ 9,3 milh\u00f5es;<\/p>\n\n\n\n<p>Assinatura de autoriza\u00e7\u00e3o de licita\u00e7\u00e3o para a obra de Requalifica\u00e7\u00e3o do Sistema Produtor \u2013 ETA Charneca, no munic\u00edpio do Cabo de Santo Agostinho. Benefici\u00e1rios: aproximadamente 17 mil habitantes. Investimento: R$ 700 mil;<\/p>\n\n\n\n<p>Assinatura de autoriza\u00e7\u00e3o de licita\u00e7\u00e3o para Requalifica\u00e7\u00e3o da ETA Bonan\u00e7a, em Moreno. Benefici\u00e1rios: aproximadamente 15 mil habitantes. Investimento: R$ 1,7 milh\u00f5es;&nbsp;<\/p>\n\n\n\n<p>Assinatura de autoriza\u00e7\u00e3o de licita\u00e7\u00e3o para a obra de Requalifica\u00e7\u00e3o do Sistema Produtor de Moreno. Benefici\u00e1rios: aproximadamente 49 mil habitantes. Investimento: R$ 400 mil;<\/p>\n\n\n\n<p>Assinatura de autoriza\u00e7\u00e3o de licita\u00e7\u00e3o para a obra de amplia\u00e7\u00e3o da oferta de \u00e1gua e requalifica\u00e7\u00e3o do Sistema Produtor de Moreno. Benefici\u00e1rios: aproximadamente 55 mil habitantes dos munic\u00edpios de Moreno e Jaboat\u00e3o dos Guararapes. Investimento: R$ 1,1 milh\u00f5es;<\/p>\n\n\n\n<p><strong>Educa\u00e7\u00e3o<\/strong><\/p>\n\n\n\n<p>Assinatura de autoriza\u00e7\u00e3o de licita\u00e7\u00e3o para constru\u00e7\u00e3o da Escola T\u00e9cnica Estadual no munic\u00edpio de Itapissuma. Investimento: R$ 23,2 milh\u00f5es;<\/p>\n\n\n\n<p>Assinatura de autoriza\u00e7\u00e3o de licita\u00e7\u00e3o para constru\u00e7\u00e3o da Escola T\u00e9cnica Estadual no munic\u00edpio de Ipojuca. Investimento: R$ 25 milh\u00f5es;<\/p>\n\n\n\n<p>Assinatura de autoriza\u00e7\u00e3o de licita\u00e7\u00e3o para constru\u00e7\u00e3o de Escola de Tempo Integral no bairro de Santo Amaro, no munic\u00edpio de Recife. Investimento: R$ 10,8 milh\u00f5es;<\/p>\n\n\n\n<p>Autoriza\u00e7\u00e3o de projeto para requalifica\u00e7\u00e3o, reforma e amplia\u00e7\u00e3o das 344 escolas estaduais que comp\u00f5em as GREs Metropolitana Norte, Metropolitana Sul, Recife Norte e Recife Sul. Munic\u00edpios contemplados: Abreu e Lima, Ara\u00e7oiaba, Igarassu, Ilha de Itamarac\u00e1, Itapissuma, Olinda, Paulista, Cabo de Santo Agostinho, Camaragibe, Ipojuca, Jaboat\u00e3o dos Guararapes, Moreno, S\u00e3o Louren\u00e7o da Mata, Fernando de Noronha e Recife. O prazo de execu\u00e7\u00e3o das obras \u00e9 de 180 dias ap\u00f3s assinatura de ordem de servi\u00e7o. Investimento: R$ 40 milh\u00f5es;<\/p>\n\n\n\n<p><strong>Crian\u00e7a e Juventude<\/strong><\/p>\n\n\n\n<p>Autoriza\u00e7\u00e3o de licita\u00e7\u00e3o para aquisi\u00e7\u00e3o de equipamentos de inform\u00e1tica, tv e som e mobili\u00e1rio para a equipagem das 185 unidades do Programa das Casas da Juventude. Investimento estimado: R$ 5,8 milh\u00f5es.<\/p>\n","protected":false},"excerpt":{"rendered":"<p>A governadora Raquel Lyra anunciou, nesta segunda-feira (1\u00ba), durante a \u00faltima edi\u00e7\u00e3o do Ouvir para Mudar, realizada no Recife, R$<\/p>\n","protected":false},"author":2,"featured_media":68700,"comment_status":"open","ping_status":"open","sticky":false,"template":"","format":"standard","meta":{"jetpack_post_was_ever_published":false,"_jetpack_newsletter_access":"","_jetpack_dont_email_post_to_subs":false,"_jetpack_newsletter_tier_id":0,"_jetpack_memberships_contains_paywalled_content":false,"_jetpack_memberships_contains_paid_content":false,"footnotes":"","jetpack_publicize_message":"","jetpack_publicize_feature_enabled":true,"jetpack_social_post_already_shared":true,"jetpack_social_options":{"image_generator_settings":{"template":"highway","default_image_id":0,"font":"","enabled":false},"version":2}},"categories":[13],"tags":[],"class_list":["post-68699","post","type-post","status-publish","format-standard","has-post-thumbnail","hentry","category-pernambuco"],"yoast_head":"<!-- This site is optimized with the Yoast SEO plugin v27.5 - https:\/\/yoast.com\/product\/yoast-seo-wordpress\/ -->\n<title>Ouvir para Mudar: no Recife, governadora Raquel Lyra anuncia mais de R$ 1 bilh\u00e3o em investimentos para a Regi\u00e3o Metropolitana - Afogados FM<\/title>\n<meta name=\"robots\" content=\"index, follow, max-snippet:-1, max-image-preview:large, max-video-preview:-1\" \/>\n<link rel=\"canonical\" href=\"https:\/\/afogadosfm.com.br\/afogadosfm\/2025\/09\/02\/ouvir-para-mudar-no-recife-governadora-raquel-lyra-anuncia-mais-de-r-1-bilhao-em-investimentos-para-a-regiao-metropolitana\/\" \/>\n<meta property=\"og:locale\" content=\"pt_BR\" \/>\n<meta property=\"og:type\" content=\"article\" \/>\n<meta property=\"og:title\" content=\"Ouvir para Mudar: no Recife, governadora Raquel Lyra anuncia mais de R$ 1 bilh\u00e3o em investimentos para a Regi\u00e3o Metropolitana - Afogados FM\" \/>\n<meta property=\"og:description\" content=\"A governadora Raquel Lyra anunciou, nesta segunda-feira (1\u00ba), durante a \u00faltima edi\u00e7\u00e3o do Ouvir para Mudar, realizada no Recife, R$\" \/>\n<meta property=\"og:url\" content=\"https:\/\/afogadosfm.com.br\/afogadosfm\/2025\/09\/02\/ouvir-para-mudar-no-recife-governadora-raquel-lyra-anuncia-mais-de-r-1-bilhao-em-investimentos-para-a-regiao-metropolitana\/\" \/>\n<meta property=\"og:site_name\" content=\"Afogados FM\" \/>\n<meta property=\"article:published_time\" content=\"2025-09-02T06:51:51+00:00\" \/>\n<meta property=\"article:modified_time\" content=\"2025-09-02T06:51:52+00:00\" \/>\n<meta property=\"og:image\" content=\"https:\/\/afogadosfm.com.br\/afogadosfm\/wp-content\/uploads\/2025\/09\/IMG_4452.jpeg\" \/>\n\t<meta property=\"og:image:width\" content=\"1284\" \/>\n\t<meta property=\"og:image:height\" content=\"832\" \/>\n\t<meta property=\"og:image:type\" content=\"image\/jpeg\" \/>\n<meta name=\"author\" content=\"afogadosfm\" \/>\n<meta name=\"twitter:card\" content=\"summary_large_image\" \/>\n<meta name=\"twitter:label1\" content=\"Escrito por\" \/>\n\t<meta name=\"twitter:data1\" content=\"afogadosfm\" \/>\n\t<meta name=\"twitter:label2\" content=\"Est. tempo de leitura\" \/>\n\t<meta name=\"twitter:data2\" content=\"14 minutos\" \/>\n<script type=\"application\/ld+json\" class=\"yoast-schema-graph\">{\"@context\":\"https:\\\/\\\/schema.org\",\"@graph\":[{\"@type\":\"Article\",\"@id\":\"https:\\\/\\\/afogadosfm.com.br\\\/afogadosfm\\\/2025\\\/09\\\/02\\\/ouvir-para-mudar-no-recife-governadora-raquel-lyra-anuncia-mais-de-r-1-bilhao-em-investimentos-para-a-regiao-metropolitana\\\/#article\",\"isPartOf\":{\"@id\":\"https:\\\/\\\/afogadosfm.com.br\\\/afogadosfm\\\/2025\\\/09\\\/02\\\/ouvir-para-mudar-no-recife-governadora-raquel-lyra-anuncia-mais-de-r-1-bilhao-em-investimentos-para-a-regiao-metropolitana\\\/\"},\"author\":{\"name\":\"afogadosfm\",\"@id\":\"https:\\\/\\\/afogadosfm.com.br\\\/afogadosfm\\\/#\\\/schema\\\/person\\\/60e56f2cf5dc960fc093fe093d9e9057\"},\"headline\":\"Ouvir para Mudar: no Recife, governadora Raquel Lyra anuncia mais de R$ 1 bilh\u00e3o em investimentos para a Regi\u00e3o Metropolitana\",\"datePublished\":\"2025-09-02T06:51:51+00:00\",\"dateModified\":\"2025-09-02T06:51:52+00:00\",\"mainEntityOfPage\":{\"@id\":\"https:\\\/\\\/afogadosfm.com.br\\\/afogadosfm\\\/2025\\\/09\\\/02\\\/ouvir-para-mudar-no-recife-governadora-raquel-lyra-anuncia-mais-de-r-1-bilhao-em-investimentos-para-a-regiao-metropolitana\\\/\"},\"wordCount\":2794,\"commentCount\":0,\"publisher\":{\"@id\":\"https:\\\/\\\/afogadosfm.com.br\\\/afogadosfm\\\/#organization\"},\"image\":{\"@id\":\"https:\\\/\\\/afogadosfm.com.br\\\/afogadosfm\\\/2025\\\/09\\\/02\\\/ouvir-para-mudar-no-recife-governadora-raquel-lyra-anuncia-mais-de-r-1-bilhao-em-investimentos-para-a-regiao-metropolitana\\\/#primaryimage\"},\"thumbnailUrl\":\"https:\\\/\\\/i0.wp.com\\\/afogadosfm.com.br\\\/afogadosfm\\\/wp-content\\\/uploads\\\/2025\\\/09\\\/IMG_4452.jpeg?fit=1284%2C832&ssl=1\",\"articleSection\":[\"Pernambuco\"],\"inLanguage\":\"pt-BR\",\"potentialAction\":[{\"@type\":\"CommentAction\",\"name\":\"Comment\",\"target\":[\"https:\\\/\\\/afogadosfm.com.br\\\/afogadosfm\\\/2025\\\/09\\\/02\\\/ouvir-para-mudar-no-recife-governadora-raquel-lyra-anuncia-mais-de-r-1-bilhao-em-investimentos-para-a-regiao-metropolitana\\\/#respond\"]}]},{\"@type\":\"WebPage\",\"@id\":\"https:\\\/\\\/afogadosfm.com.br\\\/afogadosfm\\\/2025\\\/09\\\/02\\\/ouvir-para-mudar-no-recife-governadora-raquel-lyra-anuncia-mais-de-r-1-bilhao-em-investimentos-para-a-regiao-metropolitana\\\/\",\"url\":\"https:\\\/\\\/afogadosfm.com.br\\\/afogadosfm\\\/2025\\\/09\\\/02\\\/ouvir-para-mudar-no-recife-governadora-raquel-lyra-anuncia-mais-de-r-1-bilhao-em-investimentos-para-a-regiao-metropolitana\\\/\",\"name\":\"Ouvir para Mudar: no Recife, governadora Raquel Lyra anuncia mais de R$ 1 bilh\u00e3o em investimentos para a Regi\u00e3o Metropolitana - Afogados FM\",\"isPartOf\":{\"@id\":\"https:\\\/\\\/afogadosfm.com.br\\\/afogadosfm\\\/#website\"},\"primaryImageOfPage\":{\"@id\":\"https:\\\/\\\/afogadosfm.com.br\\\/afogadosfm\\\/2025\\\/09\\\/02\\\/ouvir-para-mudar-no-recife-governadora-raquel-lyra-anuncia-mais-de-r-1-bilhao-em-investimentos-para-a-regiao-metropolitana\\\/#primaryimage\"},\"image\":{\"@id\":\"https:\\\/\\\/afogadosfm.com.br\\\/afogadosfm\\\/2025\\\/09\\\/02\\\/ouvir-para-mudar-no-recife-governadora-raquel-lyra-anuncia-mais-de-r-1-bilhao-em-investimentos-para-a-regiao-metropolitana\\\/#primaryimage\"},\"thumbnailUrl\":\"https:\\\/\\\/i0.wp.com\\\/afogadosfm.com.br\\\/afogadosfm\\\/wp-content\\\/uploads\\\/2025\\\/09\\\/IMG_4452.jpeg?fit=1284%2C832&ssl=1\",\"datePublished\":\"2025-09-02T06:51:51+00:00\",\"dateModified\":\"2025-09-02T06:51:52+00:00\",\"breadcrumb\":{\"@id\":\"https:\\\/\\\/afogadosfm.com.br\\\/afogadosfm\\\/2025\\\/09\\\/02\\\/ouvir-para-mudar-no-recife-governadora-raquel-lyra-anuncia-mais-de-r-1-bilhao-em-investimentos-para-a-regiao-metropolitana\\\/#breadcrumb\"},\"inLanguage\":\"pt-BR\",\"potentialAction\":[{\"@type\":\"ReadAction\",\"target\":[\"https:\\\/\\\/afogadosfm.com.br\\\/afogadosfm\\\/2025\\\/09\\\/02\\\/ouvir-para-mudar-no-recife-governadora-raquel-lyra-anuncia-mais-de-r-1-bilhao-em-investimentos-para-a-regiao-metropolitana\\\/\"]}]},{\"@type\":\"ImageObject\",\"inLanguage\":\"pt-BR\",\"@id\":\"https:\\\/\\\/afogadosfm.com.br\\\/afogadosfm\\\/2025\\\/09\\\/02\\\/ouvir-para-mudar-no-recife-governadora-raquel-lyra-anuncia-mais-de-r-1-bilhao-em-investimentos-para-a-regiao-metropolitana\\\/#primaryimage\",\"url\":\"https:\\\/\\\/i0.wp.com\\\/afogadosfm.com.br\\\/afogadosfm\\\/wp-content\\\/uploads\\\/2025\\\/09\\\/IMG_4452.jpeg?fit=1284%2C832&ssl=1\",\"contentUrl\":\"https:\\\/\\\/i0.wp.com\\\/afogadosfm.com.br\\\/afogadosfm\\\/wp-content\\\/uploads\\\/2025\\\/09\\\/IMG_4452.jpeg?fit=1284%2C832&ssl=1\",\"width\":1284,\"height\":832},{\"@type\":\"BreadcrumbList\",\"@id\":\"https:\\\/\\\/afogadosfm.com.br\\\/afogadosfm\\\/2025\\\/09\\\/02\\\/ouvir-para-mudar-no-recife-governadora-raquel-lyra-anuncia-mais-de-r-1-bilhao-em-investimentos-para-a-regiao-metropolitana\\\/#breadcrumb\",\"itemListElement\":[{\"@type\":\"ListItem\",\"position\":1,\"name\":\"In\u00edcio\",\"item\":\"https:\\\/\\\/afogadosfm.com.br\\\/afogadosfm\\\/\"},{\"@type\":\"ListItem\",\"position\":2,\"name\":\"Ouvir para Mudar: no Recife, governadora Raquel Lyra anuncia mais de R$ 1 bilh\u00e3o em investimentos para a Regi\u00e3o Metropolitana\"}]},{\"@type\":\"WebSite\",\"@id\":\"https:\\\/\\\/afogadosfm.com.br\\\/afogadosfm\\\/#website\",\"url\":\"https:\\\/\\\/afogadosfm.com.br\\\/afogadosfm\\\/\",\"name\":\"Afogados FM\",\"description\":\"Um site completo!\",\"publisher\":{\"@id\":\"https:\\\/\\\/afogadosfm.com.br\\\/afogadosfm\\\/#organization\"},\"potentialAction\":[{\"@type\":\"SearchAction\",\"target\":{\"@type\":\"EntryPoint\",\"urlTemplate\":\"https:\\\/\\\/afogadosfm.com.br\\\/afogadosfm\\\/?s={search_term_string}\"},\"query-input\":{\"@type\":\"PropertyValueSpecification\",\"valueRequired\":true,\"valueName\":\"search_term_string\"}}],\"inLanguage\":\"pt-BR\"},{\"@type\":\"Organization\",\"@id\":\"https:\\\/\\\/afogadosfm.com.br\\\/afogadosfm\\\/#organization\",\"name\":\"Afogados FM\",\"url\":\"https:\\\/\\\/afogadosfm.com.br\\\/afogadosfm\\\/\",\"logo\":{\"@type\":\"ImageObject\",\"inLanguage\":\"pt-BR\",\"@id\":\"https:\\\/\\\/afogadosfm.com.br\\\/afogadosfm\\\/#\\\/schema\\\/logo\\\/image\\\/\",\"url\":\"https:\\\/\\\/i0.wp.com\\\/afogadosfm.com.br\\\/afogadosfm\\\/wp-content\\\/uploads\\\/2020\\\/06\\\/cropped-banner-afogados-4.jpg?fit=369%2C137&ssl=1\",\"contentUrl\":\"https:\\\/\\\/i0.wp.com\\\/afogadosfm.com.br\\\/afogadosfm\\\/wp-content\\\/uploads\\\/2020\\\/06\\\/cropped-banner-afogados-4.jpg?fit=369%2C137&ssl=1\",\"width\":369,\"height\":137,\"caption\":\"Afogados FM\"},\"image\":{\"@id\":\"https:\\\/\\\/afogadosfm.com.br\\\/afogadosfm\\\/#\\\/schema\\\/logo\\\/image\\\/\"}},{\"@type\":\"Person\",\"@id\":\"https:\\\/\\\/afogadosfm.com.br\\\/afogadosfm\\\/#\\\/schema\\\/person\\\/60e56f2cf5dc960fc093fe093d9e9057\",\"name\":\"afogadosfm\",\"image\":{\"@type\":\"ImageObject\",\"inLanguage\":\"pt-BR\",\"@id\":\"https:\\\/\\\/secure.gravatar.com\\\/avatar\\\/e0359add7ed5dc3560906d861b52c6a8cf5c1e199d3a7dd85070998f49bd4701?s=96&d=mm&r=g\",\"url\":\"https:\\\/\\\/secure.gravatar.com\\\/avatar\\\/e0359add7ed5dc3560906d861b52c6a8cf5c1e199d3a7dd85070998f49bd4701?s=96&d=mm&r=g\",\"contentUrl\":\"https:\\\/\\\/secure.gravatar.com\\\/avatar\\\/e0359add7ed5dc3560906d861b52c6a8cf5c1e199d3a7dd85070998f49bd4701?s=96&d=mm&r=g\",\"caption\":\"afogadosfm\"},\"url\":\"https:\\\/\\\/afogadosfm.com.br\\\/afogadosfm\\\/author\\\/afogadosfm\\\/\"}]}<\/script>\n<!-- \/ Yoast SEO plugin. -->","yoast_head_json":{"title":"Ouvir para Mudar: no Recife, governadora Raquel Lyra anuncia mais de R$ 1 bilh\u00e3o em investimentos para a Regi\u00e3o Metropolitana - Afogados FM","robots":{"index":"index","follow":"follow","max-snippet":"max-snippet:-1","max-image-preview":"max-image-preview:large","max-video-preview":"max-video-preview:-1"},"canonical":"https:\/\/afogadosfm.com.br\/afogadosfm\/2025\/09\/02\/ouvir-para-mudar-no-recife-governadora-raquel-lyra-anuncia-mais-de-r-1-bilhao-em-investimentos-para-a-regiao-metropolitana\/","og_locale":"pt_BR","og_type":"article","og_title":"Ouvir para Mudar: no Recife, governadora Raquel Lyra anuncia mais de R$ 1 bilh\u00e3o em investimentos para a Regi\u00e3o Metropolitana - Afogados FM","og_description":"A governadora Raquel Lyra anunciou, nesta segunda-feira (1\u00ba), durante a \u00faltima edi\u00e7\u00e3o do Ouvir para Mudar, realizada no Recife, R$","og_url":"https:\/\/afogadosfm.com.br\/afogadosfm\/2025\/09\/02\/ouvir-para-mudar-no-recife-governadora-raquel-lyra-anuncia-mais-de-r-1-bilhao-em-investimentos-para-a-regiao-metropolitana\/","og_site_name":"Afogados FM","article_published_time":"2025-09-02T06:51:51+00:00","article_modified_time":"2025-09-02T06:51:52+00:00","og_image":[{"width":1284,"height":832,"url":"https:\/\/afogadosfm.com.br\/afogadosfm\/wp-content\/uploads\/2025\/09\/IMG_4452.jpeg","type":"image\/jpeg"}],"author":"afogadosfm","twitter_card":"summary_large_image","twitter_misc":{"Escrito por":"afogadosfm","Est. tempo de leitura":"14 minutos"},"schema":{"@context":"https:\/\/schema.org","@graph":[{"@type":"Article","@id":"https:\/\/afogadosfm.com.br\/afogadosfm\/2025\/09\/02\/ouvir-para-mudar-no-recife-governadora-raquel-lyra-anuncia-mais-de-r-1-bilhao-em-investimentos-para-a-regiao-metropolitana\/#article","isPartOf":{"@id":"https:\/\/afogadosfm.com.br\/afogadosfm\/2025\/09\/02\/ouvir-para-mudar-no-recife-governadora-raquel-lyra-anuncia-mais-de-r-1-bilhao-em-investimentos-para-a-regiao-metropolitana\/"},"author":{"name":"afogadosfm","@id":"https:\/\/afogadosfm.com.br\/afogadosfm\/#\/schema\/person\/60e56f2cf5dc960fc093fe093d9e9057"},"headline":"Ouvir para Mudar: no Recife, governadora Raquel Lyra anuncia mais de R$ 1 bilh\u00e3o em investimentos para a Regi\u00e3o Metropolitana","datePublished":"2025-09-02T06:51:51+00:00","dateModified":"2025-09-02T06:51:52+00:00","mainEntityOfPage":{"@id":"https:\/\/afogadosfm.com.br\/afogadosfm\/2025\/09\/02\/ouvir-para-mudar-no-recife-governadora-raquel-lyra-anuncia-mais-de-r-1-bilhao-em-investimentos-para-a-regiao-metropolitana\/"},"wordCount":2794,"commentCount":0,"publisher":{"@id":"https:\/\/afogadosfm.com.br\/afogadosfm\/#organization"},"image":{"@id":"https:\/\/afogadosfm.com.br\/afogadosfm\/2025\/09\/02\/ouvir-para-mudar-no-recife-governadora-raquel-lyra-anuncia-mais-de-r-1-bilhao-em-investimentos-para-a-regiao-metropolitana\/#primaryimage"},"thumbnailUrl":"https:\/\/i0.wp.com\/afogadosfm.com.br\/afogadosfm\/wp-content\/uploads\/2025\/09\/IMG_4452.jpeg?fit=1284%2C832&ssl=1","articleSection":["Pernambuco"],"inLanguage":"pt-BR","potentialAction":[{"@type":"CommentAction","name":"Comment","target":["https:\/\/afogadosfm.com.br\/afogadosfm\/2025\/09\/02\/ouvir-para-mudar-no-recife-governadora-raquel-lyra-anuncia-mais-de-r-1-bilhao-em-investimentos-para-a-regiao-metropolitana\/#respond"]}]},{"@type":"WebPage","@id":"https:\/\/afogadosfm.com.br\/afogadosfm\/2025\/09\/02\/ouvir-para-mudar-no-recife-governadora-raquel-lyra-anuncia-mais-de-r-1-bilhao-em-investimentos-para-a-regiao-metropolitana\/","url":"https:\/\/afogadosfm.com.br\/afogadosfm\/2025\/09\/02\/ouvir-para-mudar-no-recife-governadora-raquel-lyra-anuncia-mais-de-r-1-bilhao-em-investimentos-para-a-regiao-metropolitana\/","name":"Ouvir para Mudar: no Recife, governadora Raquel Lyra anuncia mais de R$ 1 bilh\u00e3o em investimentos para a Regi\u00e3o Metropolitana - Afogados FM","isPartOf":{"@id":"https:\/\/afogadosfm.com.br\/afogadosfm\/#website"},"primaryImageOfPage":{"@id":"https:\/\/afogadosfm.com.br\/afogadosfm\/2025\/09\/02\/ouvir-para-mudar-no-recife-governadora-raquel-lyra-anuncia-mais-de-r-1-bilhao-em-investimentos-para-a-regiao-metropolitana\/#primaryimage"},"image":{"@id":"https:\/\/afogadosfm.com.br\/afogadosfm\/2025\/09\/02\/ouvir-para-mudar-no-recife-governadora-raquel-lyra-anuncia-mais-de-r-1-bilhao-em-investimentos-para-a-regiao-metropolitana\/#primaryimage"},"thumbnailUrl":"https:\/\/i0.wp.com\/afogadosfm.com.br\/afogadosfm\/wp-content\/uploads\/2025\/09\/IMG_4452.jpeg?fit=1284%2C832&ssl=1","datePublished":"2025-09-02T06:51:51+00:00","dateModified":"2025-09-02T06:51:52+00:00","breadcrumb":{"@id":"https:\/\/afogadosfm.com.br\/afogadosfm\/2025\/09\/02\/ouvir-para-mudar-no-recife-governadora-raquel-lyra-anuncia-mais-de-r-1-bilhao-em-investimentos-para-a-regiao-metropolitana\/#breadcrumb"},"inLanguage":"pt-BR","potentialAction":[{"@type":"ReadAction","target":["https:\/\/afogadosfm.com.br\/afogadosfm\/2025\/09\/02\/ouvir-para-mudar-no-recife-governadora-raquel-lyra-anuncia-mais-de-r-1-bilhao-em-investimentos-para-a-regiao-metropolitana\/"]}]},{"@type":"ImageObject","inLanguage":"pt-BR","@id":"https:\/\/afogadosfm.com.br\/afogadosfm\/2025\/09\/02\/ouvir-para-mudar-no-recife-governadora-raquel-lyra-anuncia-mais-de-r-1-bilhao-em-investimentos-para-a-regiao-metropolitana\/#primaryimage","url":"https:\/\/i0.wp.com\/afogadosfm.com.br\/afogadosfm\/wp-content\/uploads\/2025\/09\/IMG_4452.jpeg?fit=1284%2C832&ssl=1","contentUrl":"https:\/\/i0.wp.com\/afogadosfm.com.br\/afogadosfm\/wp-content\/uploads\/2025\/09\/IMG_4452.jpeg?fit=1284%2C832&ssl=1","width":1284,"height":832},{"@type":"BreadcrumbList","@id":"https:\/\/afogadosfm.com.br\/afogadosfm\/2025\/09\/02\/ouvir-para-mudar-no-recife-governadora-raquel-lyra-anuncia-mais-de-r-1-bilhao-em-investimentos-para-a-regiao-metropolitana\/#breadcrumb","itemListElement":[{"@type":"ListItem","position":1,"name":"In\u00edcio","item":"https:\/\/afogadosfm.com.br\/afogadosfm\/"},{"@type":"ListItem","position":2,"name":"Ouvir para Mudar: no Recife, governadora Raquel Lyra anuncia mais de R$ 1 bilh\u00e3o em investimentos para a Regi\u00e3o Metropolitana"}]},{"@type":"WebSite","@id":"https:\/\/afogadosfm.com.br\/afogadosfm\/#website","url":"https:\/\/afogadosfm.com.br\/afogadosfm\/","name":"Afogados FM","description":"Um site completo!","publisher":{"@id":"https:\/\/afogadosfm.com.br\/afogadosfm\/#organization"},"potentialAction":[{"@type":"SearchAction","target":{"@type":"EntryPoint","urlTemplate":"https:\/\/afogadosfm.com.br\/afogadosfm\/?s={search_term_string}"},"query-input":{"@type":"PropertyValueSpecification","valueRequired":true,"valueName":"search_term_string"}}],"inLanguage":"pt-BR"},{"@type":"Organization","@id":"https:\/\/afogadosfm.com.br\/afogadosfm\/#organization","name":"Afogados FM","url":"https:\/\/afogadosfm.com.br\/afogadosfm\/","logo":{"@type":"ImageObject","inLanguage":"pt-BR","@id":"https:\/\/afogadosfm.com.br\/afogadosfm\/#\/schema\/logo\/image\/","url":"https:\/\/i0.wp.com\/afogadosfm.com.br\/afogadosfm\/wp-content\/uploads\/2020\/06\/cropped-banner-afogados-4.jpg?fit=369%2C137&ssl=1","contentUrl":"https:\/\/i0.wp.com\/afogadosfm.com.br\/afogadosfm\/wp-content\/uploads\/2020\/06\/cropped-banner-afogados-4.jpg?fit=369%2C137&ssl=1","width":369,"height":137,"caption":"Afogados FM"},"image":{"@id":"https:\/\/afogadosfm.com.br\/afogadosfm\/#\/schema\/logo\/image\/"}},{"@type":"Person","@id":"https:\/\/afogadosfm.com.br\/afogadosfm\/#\/schema\/person\/60e56f2cf5dc960fc093fe093d9e9057","name":"afogadosfm","image":{"@type":"ImageObject","inLanguage":"pt-BR","@id":"https:\/\/secure.gravatar.com\/avatar\/e0359add7ed5dc3560906d861b52c6a8cf5c1e199d3a7dd85070998f49bd4701?s=96&d=mm&r=g","url":"https:\/\/secure.gravatar.com\/avatar\/e0359add7ed5dc3560906d861b52c6a8cf5c1e199d3a7dd85070998f49bd4701?s=96&d=mm&r=g","contentUrl":"https:\/\/secure.gravatar.com\/avatar\/e0359add7ed5dc3560906d861b52c6a8cf5c1e199d3a7dd85070998f49bd4701?s=96&d=mm&r=g","caption":"afogadosfm"},"url":"https:\/\/afogadosfm.com.br\/afogadosfm\/author\/afogadosfm\/"}]}},"jetpack_publicize_connections":[],"jetpack_featured_media_url":"https:\/\/i0.wp.com\/afogadosfm.com.br\/afogadosfm\/wp-content\/uploads\/2025\/09\/IMG_4452.jpeg?fit=1284%2C832&ssl=1","jetpack-related-posts":[],"jetpack_sharing_enabled":true,"jetpack_likes_enabled":true,"_links":{"self":[{"href":"https:\/\/afogadosfm.com.br\/afogadosfm\/wp-json\/wp\/v2\/posts\/68699","targetHints":{"allow":["GET"]}}],"collection":[{"href":"https:\/\/afogadosfm.com.br\/afogadosfm\/wp-json\/wp\/v2\/posts"}],"about":[{"href":"https:\/\/afogadosfm.com.br\/afogadosfm\/wp-json\/wp\/v2\/types\/post"}],"author":[{"embeddable":true,"href":"https:\/\/afogadosfm.com.br\/afogadosfm\/wp-json\/wp\/v2\/users\/2"}],"replies":[{"embeddable":true,"href":"https:\/\/afogadosfm.com.br\/afogadosfm\/wp-json\/wp\/v2\/comments?post=68699"}],"version-history":[{"count":1,"href":"https:\/\/afogadosfm.com.br\/afogadosfm\/wp-json\/wp\/v2\/posts\/68699\/revisions"}],"predecessor-version":[{"id":68701,"href":"https:\/\/afogadosfm.com.br\/afogadosfm\/wp-json\/wp\/v2\/posts\/68699\/revisions\/68701"}],"wp:featuredmedia":[{"embeddable":true,"href":"https:\/\/afogadosfm.com.br\/afogadosfm\/wp-json\/wp\/v2\/media\/68700"}],"wp:attachment":[{"href":"https:\/\/afogadosfm.com.br\/afogadosfm\/wp-json\/wp\/v2\/media?parent=68699"}],"wp:term":[{"taxonomy":"category","embeddable":true,"href":"https:\/\/afogadosfm.com.br\/afogadosfm\/wp-json\/wp\/v2\/categories?post=68699"},{"taxonomy":"post_tag","embeddable":true,"href":"https:\/\/afogadosfm.com.br\/afogadosfm\/wp-json\/wp\/v2\/tags?post=68699"}],"curies":[{"name":"wp","href":"https:\/\/api.w.org\/{rel}","templated":true}]}}