{"id":68702,"date":"2025-09-02T05:49:36","date_gmt":"2025-09-02T08:49:36","guid":{"rendered":"https:\/\/afogadosfm.com.br\/afogadosfm\/?p=68702"},"modified":"2025-09-02T05:49:37","modified_gmt":"2025-09-02T08:49:37","slug":"bolsonaro-nao-comparecera-para-fase-final-de-seu-julgamento-no-stf","status":"publish","type":"post","link":"https:\/\/afogadosfm.com.br\/afogadosfm\/2025\/09\/02\/bolsonaro-nao-comparecera-para-fase-final-de-seu-julgamento-no-stf\/","title":{"rendered":"Bolsonaro n\u00e3o comparecer\u00e1 para fase final de seu julgamento no STF"},"content":{"rendered":"\n<p>O ex-presidente Jair Bolsonaro (PL) n\u00e3o comparecer\u00e1 ao Supremo Tribunal Federal (STF) durante a fase final do julgamento contra ele por golpismo, que come\u00e7a nesta ter\u00e7a-feira (2) e se estender\u00e1 at\u00e9 12 de setembro, informou \u00e0 AFP um de seus advogados.<\/p>\n\n\n\n<p>Bolsonaro, de 70 anos, \u00e9 acusado de ter conspirado para impedir a posse de seu sucessor, o presidente Luiz In\u00e1cio Lula da Silva (PT), ap\u00f3s as elei\u00e7\u00f5es de 2022.<\/p>\n\n\n\n<p>Questionado sobre se o ex-presidente estaria presente na sala do tribunal durante essa fase, seu advogado Celso Vilardi respondeu: &#8220;Ele n\u00e3o ir\u00e1&#8221;.<\/p>\n\n\n\n<p>O r\u00e9u n\u00e3o \u00e9 obrigado a faz\u00ea-lo, segundo as regras do Supremo.<\/p>\n\n\n\n<p>A fase final do julgamento come\u00e7a nesta ter\u00e7a-feira com as delibera\u00e7\u00f5es dos ministros do STF em Bras\u00edlia para decidir se condenam ou absolvem Bolsonaro e sete de seus antigos colaboradores.<\/p>\n\n\n\n<p>O ex-mandat\u00e1rio encontra-se desde o in\u00edcio de agosto em pris\u00e3o domiciliar na capital federal e \u00e9 obrigado a usar uma tornozeleira eletr\u00f4nica, por descumprir uma proibi\u00e7\u00e3o de se manifestar nas redes sociais.<\/p>\n\n\n\n<p>O ministro relator do caso, Alexandre de Moraes, ordenou refor\u00e7ar as medidas de seguran\u00e7a em torno da resid\u00eancia de Bolsonaro na v\u00e9spera da etapa da senten\u00e7a judicial, por considerar que existe &#8220;risco de fuga&#8221;.<\/p>\n\n\n\n<p>Bolsonaristas realizaram manifesta\u00e7\u00f5es de apoio no domingo em frente \u00e0 sua casa, enquanto a senten\u00e7a do Supremo \u00e9 esperada para a pr\u00f3xima semana.<\/p>\n\n\n\n<p>Bolsonaro pode ser condenado a at\u00e9 43 anos de pris\u00e3o. Ele afirma ser inocente e diz ser um perseguido pol\u00edtico. Com informa\u00e7\u00f5es da AFP.<\/p>\n","protected":false},"excerpt":{"rendered":"<p>O ex-presidente Jair Bolsonaro (PL) n\u00e3o comparecer\u00e1 ao Supremo Tribunal Federal (STF) durante a fase final do julgamento contra ele<\/p>\n","protected":false},"author":2,"featured_media":41198,"comment_status":"open","ping_status":"open","sticky":false,"template":"","format":"standard","meta":{"jetpack_post_was_ever_published":false,"_jetpack_newsletter_access":"","_jetpack_dont_email_post_to_subs":false,"_jetpack_newsletter_tier_id":0,"_jetpack_memberships_contains_paywalled_content":false,"_jetpack_memberships_contains_paid_content":false,"footnotes":"","jetpack_publicize_message":"","jetpack_publicize_feature_enabled":true,"jetpack_social_post_already_shared":true,"jetpack_social_options":{"image_generator_settings":{"template":"highway","default_image_id":0,"font":"","enabled":false},"version":2}},"categories":[12],"tags":[],"class_list":["post-68702","post","type-post","status-publish","format-standard","has-post-thumbnail","hentry","category-brasil"],"yoast_head":"<!-- This site is optimized with the Yoast SEO plugin v27.5 - https:\/\/yoast.com\/product\/yoast-seo-wordpress\/ -->\n<title>Bolsonaro n\u00e3o comparecer\u00e1 para fase final de seu julgamento no STF - Afogados FM<\/title>\n<meta name=\"robots\" content=\"index, follow, max-snippet:-1, max-image-preview:large, max-video-preview:-1\" \/>\n<link rel=\"canonical\" href=\"https:\/\/afogadosfm.com.br\/afogadosfm\/2025\/09\/02\/bolsonaro-nao-comparecera-para-fase-final-de-seu-julgamento-no-stf\/\" \/>\n<meta property=\"og:locale\" content=\"pt_BR\" \/>\n<meta property=\"og:type\" content=\"article\" \/>\n<meta property=\"og:title\" content=\"Bolsonaro n\u00e3o comparecer\u00e1 para fase final de seu julgamento no STF - Afogados FM\" \/>\n<meta property=\"og:description\" content=\"O ex-presidente Jair Bolsonaro (PL) n\u00e3o comparecer\u00e1 ao Supremo Tribunal Federal (STF) durante a fase final do julgamento contra ele\" \/>\n<meta property=\"og:url\" content=\"https:\/\/afogadosfm.com.br\/afogadosfm\/2025\/09\/02\/bolsonaro-nao-comparecera-para-fase-final-de-seu-julgamento-no-stf\/\" \/>\n<meta property=\"og:site_name\" content=\"Afogados FM\" \/>\n<meta property=\"article:published_time\" content=\"2025-09-02T08:49:36+00:00\" \/>\n<meta property=\"article:modified_time\" content=\"2025-09-02T08:49:37+00:00\" \/>\n<meta property=\"og:image\" content=\"https:\/\/afogadosfm.com.br\/afogadosfm\/wp-content\/uploads\/2022\/09\/bolsoindus.jpg\" \/>\n\t<meta property=\"og:image:width\" content=\"1100\" \/>\n\t<meta property=\"og:image:height\" content=\"659\" \/>\n\t<meta property=\"og:image:type\" content=\"image\/jpeg\" \/>\n<meta name=\"author\" content=\"afogadosfm\" \/>\n<meta name=\"twitter:card\" content=\"summary_large_image\" \/>\n<meta name=\"twitter:label1\" content=\"Escrito por\" \/>\n\t<meta name=\"twitter:data1\" content=\"afogadosfm\" \/>\n\t<meta name=\"twitter:label2\" content=\"Est. tempo de leitura\" \/>\n\t<meta name=\"twitter:data2\" content=\"2 minutos\" \/>\n<script type=\"application\/ld+json\" class=\"yoast-schema-graph\">{\"@context\":\"https:\\\/\\\/schema.org\",\"@graph\":[{\"@type\":\"Article\",\"@id\":\"https:\\\/\\\/afogadosfm.com.br\\\/afogadosfm\\\/2025\\\/09\\\/02\\\/bolsonaro-nao-comparecera-para-fase-final-de-seu-julgamento-no-stf\\\/#article\",\"isPartOf\":{\"@id\":\"https:\\\/\\\/afogadosfm.com.br\\\/afogadosfm\\\/2025\\\/09\\\/02\\\/bolsonaro-nao-comparecera-para-fase-final-de-seu-julgamento-no-stf\\\/\"},\"author\":{\"name\":\"afogadosfm\",\"@id\":\"https:\\\/\\\/afogadosfm.com.br\\\/afogadosfm\\\/#\\\/schema\\\/person\\\/60e56f2cf5dc960fc093fe093d9e9057\"},\"headline\":\"Bolsonaro n\u00e3o comparecer\u00e1 para fase final de seu julgamento no STF\",\"datePublished\":\"2025-09-02T08:49:36+00:00\",\"dateModified\":\"2025-09-02T08:49:37+00:00\",\"mainEntityOfPage\":{\"@id\":\"https:\\\/\\\/afogadosfm.com.br\\\/afogadosfm\\\/2025\\\/09\\\/02\\\/bolsonaro-nao-comparecera-para-fase-final-de-seu-julgamento-no-stf\\\/\"},\"wordCount\":278,\"commentCount\":0,\"publisher\":{\"@id\":\"https:\\\/\\\/afogadosfm.com.br\\\/afogadosfm\\\/#organization\"},\"image\":{\"@id\":\"https:\\\/\\\/afogadosfm.com.br\\\/afogadosfm\\\/2025\\\/09\\\/02\\\/bolsonaro-nao-comparecera-para-fase-final-de-seu-julgamento-no-stf\\\/#primaryimage\"},\"thumbnailUrl\":\"https:\\\/\\\/i0.wp.com\\\/afogadosfm.com.br\\\/afogadosfm\\\/wp-content\\\/uploads\\\/2022\\\/09\\\/bolsoindus.jpg?fit=1100%2C659&ssl=1\",\"articleSection\":[\"Brasil\"],\"inLanguage\":\"pt-BR\",\"potentialAction\":[{\"@type\":\"CommentAction\",\"name\":\"Comment\",\"target\":[\"https:\\\/\\\/afogadosfm.com.br\\\/afogadosfm\\\/2025\\\/09\\\/02\\\/bolsonaro-nao-comparecera-para-fase-final-de-seu-julgamento-no-stf\\\/#respond\"]}]},{\"@type\":\"WebPage\",\"@id\":\"https:\\\/\\\/afogadosfm.com.br\\\/afogadosfm\\\/2025\\\/09\\\/02\\\/bolsonaro-nao-comparecera-para-fase-final-de-seu-julgamento-no-stf\\\/\",\"url\":\"https:\\\/\\\/afogadosfm.com.br\\\/afogadosfm\\\/2025\\\/09\\\/02\\\/bolsonaro-nao-comparecera-para-fase-final-de-seu-julgamento-no-stf\\\/\",\"name\":\"Bolsonaro n\u00e3o comparecer\u00e1 para fase final de seu julgamento no STF - Afogados FM\",\"isPartOf\":{\"@id\":\"https:\\\/\\\/afogadosfm.com.br\\\/afogadosfm\\\/#website\"},\"primaryImageOfPage\":{\"@id\":\"https:\\\/\\\/afogadosfm.com.br\\\/afogadosfm\\\/2025\\\/09\\\/02\\\/bolsonaro-nao-comparecera-para-fase-final-de-seu-julgamento-no-stf\\\/#primaryimage\"},\"image\":{\"@id\":\"https:\\\/\\\/afogadosfm.com.br\\\/afogadosfm\\\/2025\\\/09\\\/02\\\/bolsonaro-nao-comparecera-para-fase-final-de-seu-julgamento-no-stf\\\/#primaryimage\"},\"thumbnailUrl\":\"https:\\\/\\\/i0.wp.com\\\/afogadosfm.com.br\\\/afogadosfm\\\/wp-content\\\/uploads\\\/2022\\\/09\\\/bolsoindus.jpg?fit=1100%2C659&ssl=1\",\"datePublished\":\"2025-09-02T08:49:36+00:00\",\"dateModified\":\"2025-09-02T08:49:37+00:00\",\"breadcrumb\":{\"@id\":\"https:\\\/\\\/afogadosfm.com.br\\\/afogadosfm\\\/2025\\\/09\\\/02\\\/bolsonaro-nao-comparecera-para-fase-final-de-seu-julgamento-no-stf\\\/#breadcrumb\"},\"inLanguage\":\"pt-BR\",\"potentialAction\":[{\"@type\":\"ReadAction\",\"target\":[\"https:\\\/\\\/afogadosfm.com.br\\\/afogadosfm\\\/2025\\\/09\\\/02\\\/bolsonaro-nao-comparecera-para-fase-final-de-seu-julgamento-no-stf\\\/\"]}]},{\"@type\":\"ImageObject\",\"inLanguage\":\"pt-BR\",\"@id\":\"https:\\\/\\\/afogadosfm.com.br\\\/afogadosfm\\\/2025\\\/09\\\/02\\\/bolsonaro-nao-comparecera-para-fase-final-de-seu-julgamento-no-stf\\\/#primaryimage\",\"url\":\"https:\\\/\\\/i0.wp.com\\\/afogadosfm.com.br\\\/afogadosfm\\\/wp-content\\\/uploads\\\/2022\\\/09\\\/bolsoindus.jpg?fit=1100%2C659&ssl=1\",\"contentUrl\":\"https:\\\/\\\/i0.wp.com\\\/afogadosfm.com.br\\\/afogadosfm\\\/wp-content\\\/uploads\\\/2022\\\/09\\\/bolsoindus.jpg?fit=1100%2C659&ssl=1\",\"width\":1100,\"height\":659},{\"@type\":\"BreadcrumbList\",\"@id\":\"https:\\\/\\\/afogadosfm.com.br\\\/afogadosfm\\\/2025\\\/09\\\/02\\\/bolsonaro-nao-comparecera-para-fase-final-de-seu-julgamento-no-stf\\\/#breadcrumb\",\"itemListElement\":[{\"@type\":\"ListItem\",\"position\":1,\"name\":\"In\u00edcio\",\"item\":\"https:\\\/\\\/afogadosfm.com.br\\\/afogadosfm\\\/\"},{\"@type\":\"ListItem\",\"position\":2,\"name\":\"Bolsonaro n\u00e3o comparecer\u00e1 para fase final de seu julgamento no STF\"}]},{\"@type\":\"WebSite\",\"@id\":\"https:\\\/\\\/afogadosfm.com.br\\\/afogadosfm\\\/#website\",\"url\":\"https:\\\/\\\/afogadosfm.com.br\\\/afogadosfm\\\/\",\"name\":\"Afogados FM\",\"description\":\"Um site completo!\",\"publisher\":{\"@id\":\"https:\\\/\\\/afogadosfm.com.br\\\/afogadosfm\\\/#organization\"},\"potentialAction\":[{\"@type\":\"SearchAction\",\"target\":{\"@type\":\"EntryPoint\",\"urlTemplate\":\"https:\\\/\\\/afogadosfm.com.br\\\/afogadosfm\\\/?s={search_term_string}\"},\"query-input\":{\"@type\":\"PropertyValueSpecification\",\"valueRequired\":true,\"valueName\":\"search_term_string\"}}],\"inLanguage\":\"pt-BR\"},{\"@type\":\"Organization\",\"@id\":\"https:\\\/\\\/afogadosfm.com.br\\\/afogadosfm\\\/#organization\",\"name\":\"Afogados FM\",\"url\":\"https:\\\/\\\/afogadosfm.com.br\\\/afogadosfm\\\/\",\"logo\":{\"@type\":\"ImageObject\",\"inLanguage\":\"pt-BR\",\"@id\":\"https:\\\/\\\/afogadosfm.com.br\\\/afogadosfm\\\/#\\\/schema\\\/logo\\\/image\\\/\",\"url\":\"https:\\\/\\\/i0.wp.com\\\/afogadosfm.com.br\\\/afogadosfm\\\/wp-content\\\/uploads\\\/2020\\\/06\\\/cropped-banner-afogados-4.jpg?fit=369%2C137&ssl=1\",\"contentUrl\":\"https:\\\/\\\/i0.wp.com\\\/afogadosfm.com.br\\\/afogadosfm\\\/wp-content\\\/uploads\\\/2020\\\/06\\\/cropped-banner-afogados-4.jpg?fit=369%2C137&ssl=1\",\"width\":369,\"height\":137,\"caption\":\"Afogados FM\"},\"image\":{\"@id\":\"https:\\\/\\\/afogadosfm.com.br\\\/afogadosfm\\\/#\\\/schema\\\/logo\\\/image\\\/\"}},{\"@type\":\"Person\",\"@id\":\"https:\\\/\\\/afogadosfm.com.br\\\/afogadosfm\\\/#\\\/schema\\\/person\\\/60e56f2cf5dc960fc093fe093d9e9057\",\"name\":\"afogadosfm\",\"image\":{\"@type\":\"ImageObject\",\"inLanguage\":\"pt-BR\",\"@id\":\"https:\\\/\\\/secure.gravatar.com\\\/avatar\\\/e0359add7ed5dc3560906d861b52c6a8cf5c1e199d3a7dd85070998f49bd4701?s=96&d=mm&r=g\",\"url\":\"https:\\\/\\\/secure.gravatar.com\\\/avatar\\\/e0359add7ed5dc3560906d861b52c6a8cf5c1e199d3a7dd85070998f49bd4701?s=96&d=mm&r=g\",\"contentUrl\":\"https:\\\/\\\/secure.gravatar.com\\\/avatar\\\/e0359add7ed5dc3560906d861b52c6a8cf5c1e199d3a7dd85070998f49bd4701?s=96&d=mm&r=g\",\"caption\":\"afogadosfm\"},\"url\":\"https:\\\/\\\/afogadosfm.com.br\\\/afogadosfm\\\/author\\\/afogadosfm\\\/\"}]}<\/script>\n<!-- \/ Yoast SEO plugin. -->","yoast_head_json":{"title":"Bolsonaro n\u00e3o comparecer\u00e1 para fase final de seu julgamento no STF - Afogados FM","robots":{"index":"index","follow":"follow","max-snippet":"max-snippet:-1","max-image-preview":"max-image-preview:large","max-video-preview":"max-video-preview:-1"},"canonical":"https:\/\/afogadosfm.com.br\/afogadosfm\/2025\/09\/02\/bolsonaro-nao-comparecera-para-fase-final-de-seu-julgamento-no-stf\/","og_locale":"pt_BR","og_type":"article","og_title":"Bolsonaro n\u00e3o comparecer\u00e1 para fase final de seu julgamento no STF - Afogados FM","og_description":"O ex-presidente Jair Bolsonaro (PL) n\u00e3o comparecer\u00e1 ao Supremo Tribunal Federal (STF) durante a fase final do julgamento contra ele","og_url":"https:\/\/afogadosfm.com.br\/afogadosfm\/2025\/09\/02\/bolsonaro-nao-comparecera-para-fase-final-de-seu-julgamento-no-stf\/","og_site_name":"Afogados FM","article_published_time":"2025-09-02T08:49:36+00:00","article_modified_time":"2025-09-02T08:49:37+00:00","og_image":[{"width":1100,"height":659,"url":"https:\/\/afogadosfm.com.br\/afogadosfm\/wp-content\/uploads\/2022\/09\/bolsoindus.jpg","type":"image\/jpeg"}],"author":"afogadosfm","twitter_card":"summary_large_image","twitter_misc":{"Escrito por":"afogadosfm","Est. tempo de leitura":"2 minutos"},"schema":{"@context":"https:\/\/schema.org","@graph":[{"@type":"Article","@id":"https:\/\/afogadosfm.com.br\/afogadosfm\/2025\/09\/02\/bolsonaro-nao-comparecera-para-fase-final-de-seu-julgamento-no-stf\/#article","isPartOf":{"@id":"https:\/\/afogadosfm.com.br\/afogadosfm\/2025\/09\/02\/bolsonaro-nao-comparecera-para-fase-final-de-seu-julgamento-no-stf\/"},"author":{"name":"afogadosfm","@id":"https:\/\/afogadosfm.com.br\/afogadosfm\/#\/schema\/person\/60e56f2cf5dc960fc093fe093d9e9057"},"headline":"Bolsonaro n\u00e3o comparecer\u00e1 para fase final de seu julgamento no STF","datePublished":"2025-09-02T08:49:36+00:00","dateModified":"2025-09-02T08:49:37+00:00","mainEntityOfPage":{"@id":"https:\/\/afogadosfm.com.br\/afogadosfm\/2025\/09\/02\/bolsonaro-nao-comparecera-para-fase-final-de-seu-julgamento-no-stf\/"},"wordCount":278,"commentCount":0,"publisher":{"@id":"https:\/\/afogadosfm.com.br\/afogadosfm\/#organization"},"image":{"@id":"https:\/\/afogadosfm.com.br\/afogadosfm\/2025\/09\/02\/bolsonaro-nao-comparecera-para-fase-final-de-seu-julgamento-no-stf\/#primaryimage"},"thumbnailUrl":"https:\/\/i0.wp.com\/afogadosfm.com.br\/afogadosfm\/wp-content\/uploads\/2022\/09\/bolsoindus.jpg?fit=1100%2C659&ssl=1","articleSection":["Brasil"],"inLanguage":"pt-BR","potentialAction":[{"@type":"CommentAction","name":"Comment","target":["https:\/\/afogadosfm.com.br\/afogadosfm\/2025\/09\/02\/bolsonaro-nao-comparecera-para-fase-final-de-seu-julgamento-no-stf\/#respond"]}]},{"@type":"WebPage","@id":"https:\/\/afogadosfm.com.br\/afogadosfm\/2025\/09\/02\/bolsonaro-nao-comparecera-para-fase-final-de-seu-julgamento-no-stf\/","url":"https:\/\/afogadosfm.com.br\/afogadosfm\/2025\/09\/02\/bolsonaro-nao-comparecera-para-fase-final-de-seu-julgamento-no-stf\/","name":"Bolsonaro n\u00e3o comparecer\u00e1 para fase final de seu julgamento no STF - Afogados FM","isPartOf":{"@id":"https:\/\/afogadosfm.com.br\/afogadosfm\/#website"},"primaryImageOfPage":{"@id":"https:\/\/afogadosfm.com.br\/afogadosfm\/2025\/09\/02\/bolsonaro-nao-comparecera-para-fase-final-de-seu-julgamento-no-stf\/#primaryimage"},"image":{"@id":"https:\/\/afogadosfm.com.br\/afogadosfm\/2025\/09\/02\/bolsonaro-nao-comparecera-para-fase-final-de-seu-julgamento-no-stf\/#primaryimage"},"thumbnailUrl":"https:\/\/i0.wp.com\/afogadosfm.com.br\/afogadosfm\/wp-content\/uploads\/2022\/09\/bolsoindus.jpg?fit=1100%2C659&ssl=1","datePublished":"2025-09-02T08:49:36+00:00","dateModified":"2025-09-02T08:49:37+00:00","breadcrumb":{"@id":"https:\/\/afogadosfm.com.br\/afogadosfm\/2025\/09\/02\/bolsonaro-nao-comparecera-para-fase-final-de-seu-julgamento-no-stf\/#breadcrumb"},"inLanguage":"pt-BR","potentialAction":[{"@type":"ReadAction","target":["https:\/\/afogadosfm.com.br\/afogadosfm\/2025\/09\/02\/bolsonaro-nao-comparecera-para-fase-final-de-seu-julgamento-no-stf\/"]}]},{"@type":"ImageObject","inLanguage":"pt-BR","@id":"https:\/\/afogadosfm.com.br\/afogadosfm\/2025\/09\/02\/bolsonaro-nao-comparecera-para-fase-final-de-seu-julgamento-no-stf\/#primaryimage","url":"https:\/\/i0.wp.com\/afogadosfm.com.br\/afogadosfm\/wp-content\/uploads\/2022\/09\/bolsoindus.jpg?fit=1100%2C659&ssl=1","contentUrl":"https:\/\/i0.wp.com\/afogadosfm.com.br\/afogadosfm\/wp-content\/uploads\/2022\/09\/bolsoindus.jpg?fit=1100%2C659&ssl=1","width":1100,"height":659},{"@type":"BreadcrumbList","@id":"https:\/\/afogadosfm.com.br\/afogadosfm\/2025\/09\/02\/bolsonaro-nao-comparecera-para-fase-final-de-seu-julgamento-no-stf\/#breadcrumb","itemListElement":[{"@type":"ListItem","position":1,"name":"In\u00edcio","item":"https:\/\/afogadosfm.com.br\/afogadosfm\/"},{"@type":"ListItem","position":2,"name":"Bolsonaro n\u00e3o comparecer\u00e1 para fase final de seu julgamento no STF"}]},{"@type":"WebSite","@id":"https:\/\/afogadosfm.com.br\/afogadosfm\/#website","url":"https:\/\/afogadosfm.com.br\/afogadosfm\/","name":"Afogados FM","description":"Um site completo!","publisher":{"@id":"https:\/\/afogadosfm.com.br\/afogadosfm\/#organization"},"potentialAction":[{"@type":"SearchAction","target":{"@type":"EntryPoint","urlTemplate":"https:\/\/afogadosfm.com.br\/afogadosfm\/?s={search_term_string}"},"query-input":{"@type":"PropertyValueSpecification","valueRequired":true,"valueName":"search_term_string"}}],"inLanguage":"pt-BR"},{"@type":"Organization","@id":"https:\/\/afogadosfm.com.br\/afogadosfm\/#organization","name":"Afogados FM","url":"https:\/\/afogadosfm.com.br\/afogadosfm\/","logo":{"@type":"ImageObject","inLanguage":"pt-BR","@id":"https:\/\/afogadosfm.com.br\/afogadosfm\/#\/schema\/logo\/image\/","url":"https:\/\/i0.wp.com\/afogadosfm.com.br\/afogadosfm\/wp-content\/uploads\/2020\/06\/cropped-banner-afogados-4.jpg?fit=369%2C137&ssl=1","contentUrl":"https:\/\/i0.wp.com\/afogadosfm.com.br\/afogadosfm\/wp-content\/uploads\/2020\/06\/cropped-banner-afogados-4.jpg?fit=369%2C137&ssl=1","width":369,"height":137,"caption":"Afogados FM"},"image":{"@id":"https:\/\/afogadosfm.com.br\/afogadosfm\/#\/schema\/logo\/image\/"}},{"@type":"Person","@id":"https:\/\/afogadosfm.com.br\/afogadosfm\/#\/schema\/person\/60e56f2cf5dc960fc093fe093d9e9057","name":"afogadosfm","image":{"@type":"ImageObject","inLanguage":"pt-BR","@id":"https:\/\/secure.gravatar.com\/avatar\/e0359add7ed5dc3560906d861b52c6a8cf5c1e199d3a7dd85070998f49bd4701?s=96&d=mm&r=g","url":"https:\/\/secure.gravatar.com\/avatar\/e0359add7ed5dc3560906d861b52c6a8cf5c1e199d3a7dd85070998f49bd4701?s=96&d=mm&r=g","contentUrl":"https:\/\/secure.gravatar.com\/avatar\/e0359add7ed5dc3560906d861b52c6a8cf5c1e199d3a7dd85070998f49bd4701?s=96&d=mm&r=g","caption":"afogadosfm"},"url":"https:\/\/afogadosfm.com.br\/afogadosfm\/author\/afogadosfm\/"}]}},"jetpack_publicize_connections":[],"jetpack_featured_media_url":"https:\/\/i0.wp.com\/afogadosfm.com.br\/afogadosfm\/wp-content\/uploads\/2022\/09\/bolsoindus.jpg?fit=1100%2C659&ssl=1","jetpack-related-posts":[],"jetpack_sharing_enabled":true,"jetpack_likes_enabled":true,"_links":{"self":[{"href":"https:\/\/afogadosfm.com.br\/afogadosfm\/wp-json\/wp\/v2\/posts\/68702","targetHints":{"allow":["GET"]}}],"collection":[{"href":"https:\/\/afogadosfm.com.br\/afogadosfm\/wp-json\/wp\/v2\/posts"}],"about":[{"href":"https:\/\/afogadosfm.com.br\/afogadosfm\/wp-json\/wp\/v2\/types\/post"}],"author":[{"embeddable":true,"href":"https:\/\/afogadosfm.com.br\/afogadosfm\/wp-json\/wp\/v2\/users\/2"}],"replies":[{"embeddable":true,"href":"https:\/\/afogadosfm.com.br\/afogadosfm\/wp-json\/wp\/v2\/comments?post=68702"}],"version-history":[{"count":1,"href":"https:\/\/afogadosfm.com.br\/afogadosfm\/wp-json\/wp\/v2\/posts\/68702\/revisions"}],"predecessor-version":[{"id":68703,"href":"https:\/\/afogadosfm.com.br\/afogadosfm\/wp-json\/wp\/v2\/posts\/68702\/revisions\/68703"}],"wp:featuredmedia":[{"embeddable":true,"href":"https:\/\/afogadosfm.com.br\/afogadosfm\/wp-json\/wp\/v2\/media\/41198"}],"wp:attachment":[{"href":"https:\/\/afogadosfm.com.br\/afogadosfm\/wp-json\/wp\/v2\/media?parent=68702"}],"wp:term":[{"taxonomy":"category","embeddable":true,"href":"https:\/\/afogadosfm.com.br\/afogadosfm\/wp-json\/wp\/v2\/categories?post=68702"},{"taxonomy":"post_tag","embeddable":true,"href":"https:\/\/afogadosfm.com.br\/afogadosfm\/wp-json\/wp\/v2\/tags?post=68702"}],"curies":[{"name":"wp","href":"https:\/\/api.w.org\/{rel}","templated":true}]}}