{"id":68710,"date":"2025-09-02T06:35:26","date_gmt":"2025-09-02T09:35:26","guid":{"rendered":"https:\/\/afogadosfm.com.br\/afogadosfm\/?p=68710"},"modified":"2025-09-02T06:36:37","modified_gmt":"2025-09-02T09:36:37","slug":"quem-sao-os-ministros-do-stf-que-julgarao-bolsonaro","status":"publish","type":"post","link":"https:\/\/afogadosfm.com.br\/afogadosfm\/2025\/09\/02\/quem-sao-os-ministros-do-stf-que-julgarao-bolsonaro\/","title":{"rendered":"Quem s\u00e3o os ministros do STF que julgar\u00e3o Bolsonaro"},"content":{"rendered":"\n<p>Com in\u00edcio marcado para a manh\u00e3 desta ter\u00e7a-feira, 2, o julgamento do ex-presidente Jair Bolsonaro (PL) no Supremo Tribunal Federal (STF) ocorrer\u00e1 na Primeira Turma, colegiado respons\u00e1vel pela a\u00e7\u00e3o penal aberta em mar\u00e7o.<\/p>\n\n\n\n<p>Na ocasi\u00e3o em que Bolsonaro e outros sete viraram r\u00e9us por golpe de Estado, houve vota\u00e7\u00e3o un\u00e2nime pelo recebimento da den\u00fancia da Procuradoria-Geral da Rep\u00fablica (PGR).<\/p>\n\n\n\n<p>O ministro Cristiano Zanin \u00e9 presidente da Primeira Turma da Corte, composta por ele e pelos ministros Alexandre de Moraes, Fl\u00e1vio Dino, C\u00e1rmen L\u00facia e Luiz Fux. Uma recente mudan\u00e7a no regimento interno da Corte diz que cabe ao colegiado o julgamento de a\u00e7\u00f5es penais.<\/p>\n\n\n\n<p>Moraes \u00e9 o relator da a\u00e7\u00e3o penal, portanto caber\u00e1 a ele abrir o julgamento lendo o relat\u00f3rio das investiga\u00e7\u00f5es. Ap\u00f3s o procurador-geral da Rep\u00fablica, Paulo Gonet, fazer suas considera\u00e7\u00f5es e pedir a condena\u00e7\u00e3o dos oito r\u00e9us, as defesas falar\u00e3o e, em seguida, come\u00e7a a vota\u00e7\u00e3o.<\/p>\n\n\n\n<p>Moraes ser\u00e1 o primeiro a votar, seguido de Dino, Fux, C\u00e1rmen L\u00facia e Zanin. Ap\u00f3s o rito, o resultado ser\u00e1 anunciado pelo presidente do colegiado, Zanin.<\/p>\n\n\n\n<p>Andr\u00e9 Mendon\u00e7a e Kassio Nunes Marques, nomeados pelo ex-presidente que agora \u00e9 r\u00e9u, integram a Segunda Turma. Ou seja, n\u00e3o participam no julgamento do chamado &#8220;n\u00facleo crucial&#8221; e de nenhum outro grupo denunciado pela PGR.<\/p>\n\n\n\n<p>O STF \u00e9 dividido em dois grupos chamados de &#8220;Turmas&#8221;. O objetivo da divis\u00e3o \u00e9 agilizar a resolu\u00e7\u00e3o dos processos do tribunal. Participam dos colegiados 10 dos 11 ju\u00edzes da Corte: a exce\u00e7\u00e3o \u00e9 o presidente do STF, Lu\u00eds Roberto Barroso.<\/p>\n\n\n\n<p>Os ministros n\u00e3o escolhem qual Turma integrar\u00e3o, pois a cadeira ocupada por cada magistrado j\u00e1 est\u00e1 associada a um dos grupos.<\/p>\n\n\n\n<p>Do JC<\/p>\n","protected":false},"excerpt":{"rendered":"<p>Com in\u00edcio marcado para a manh\u00e3 desta ter\u00e7a-feira, 2, o julgamento do ex-presidente Jair Bolsonaro (PL) no Supremo Tribunal Federal<\/p>\n","protected":false},"author":2,"featured_media":2562,"comment_status":"open","ping_status":"open","sticky":false,"template":"","format":"standard","meta":{"jetpack_post_was_ever_published":false,"_jetpack_newsletter_access":"","_jetpack_dont_email_post_to_subs":false,"_jetpack_newsletter_tier_id":0,"_jetpack_memberships_contains_paywalled_content":false,"_jetpack_memberships_contains_paid_content":false,"footnotes":"","jetpack_publicize_message":"","jetpack_publicize_feature_enabled":true,"jetpack_social_post_already_shared":true,"jetpack_social_options":{"image_generator_settings":{"template":"highway","default_image_id":0,"font":"","enabled":false},"version":2}},"categories":[12],"tags":[],"class_list":["post-68710","post","type-post","status-publish","format-standard","has-post-thumbnail","hentry","category-brasil"],"yoast_head":"<!-- This site is optimized with the Yoast SEO plugin v27.5 - https:\/\/yoast.com\/product\/yoast-seo-wordpress\/ -->\n<title>Quem s\u00e3o os ministros do STF que julgar\u00e3o Bolsonaro - Afogados FM<\/title>\n<meta name=\"robots\" content=\"index, follow, max-snippet:-1, max-image-preview:large, max-video-preview:-1\" \/>\n<link rel=\"canonical\" href=\"https:\/\/afogadosfm.com.br\/afogadosfm\/2025\/09\/02\/quem-sao-os-ministros-do-stf-que-julgarao-bolsonaro\/\" \/>\n<meta property=\"og:locale\" content=\"pt_BR\" \/>\n<meta property=\"og:type\" content=\"article\" \/>\n<meta property=\"og:title\" content=\"Quem s\u00e3o os ministros do STF que julgar\u00e3o Bolsonaro - Afogados FM\" \/>\n<meta property=\"og:description\" content=\"Com in\u00edcio marcado para a manh\u00e3 desta ter\u00e7a-feira, 2, o julgamento do ex-presidente Jair Bolsonaro (PL) no Supremo Tribunal Federal\" \/>\n<meta property=\"og:url\" content=\"https:\/\/afogadosfm.com.br\/afogadosfm\/2025\/09\/02\/quem-sao-os-ministros-do-stf-que-julgarao-bolsonaro\/\" \/>\n<meta property=\"og:site_name\" content=\"Afogados FM\" \/>\n<meta property=\"article:published_time\" content=\"2025-09-02T09:35:26+00:00\" \/>\n<meta property=\"article:modified_time\" content=\"2025-09-02T09:36:37+00:00\" \/>\n<meta property=\"og:image\" content=\"https:\/\/afogadosfm.com.br\/afogadosfm\/wp-content\/uploads\/2018\/03\/stf.png\" \/>\n\t<meta property=\"og:image:width\" content=\"474\" \/>\n\t<meta property=\"og:image:height\" content=\"201\" \/>\n\t<meta property=\"og:image:type\" content=\"image\/png\" \/>\n<meta name=\"author\" content=\"afogadosfm\" \/>\n<meta name=\"twitter:card\" content=\"summary_large_image\" \/>\n<meta name=\"twitter:label1\" content=\"Escrito por\" \/>\n\t<meta name=\"twitter:data1\" content=\"afogadosfm\" \/>\n\t<meta name=\"twitter:label2\" content=\"Est. tempo de leitura\" \/>\n\t<meta name=\"twitter:data2\" content=\"2 minutos\" \/>\n<script type=\"application\/ld+json\" class=\"yoast-schema-graph\">{\"@context\":\"https:\\\/\\\/schema.org\",\"@graph\":[{\"@type\":\"Article\",\"@id\":\"https:\\\/\\\/afogadosfm.com.br\\\/afogadosfm\\\/2025\\\/09\\\/02\\\/quem-sao-os-ministros-do-stf-que-julgarao-bolsonaro\\\/#article\",\"isPartOf\":{\"@id\":\"https:\\\/\\\/afogadosfm.com.br\\\/afogadosfm\\\/2025\\\/09\\\/02\\\/quem-sao-os-ministros-do-stf-que-julgarao-bolsonaro\\\/\"},\"author\":{\"name\":\"afogadosfm\",\"@id\":\"https:\\\/\\\/afogadosfm.com.br\\\/afogadosfm\\\/#\\\/schema\\\/person\\\/60e56f2cf5dc960fc093fe093d9e9057\"},\"headline\":\"Quem s\u00e3o os ministros do STF que julgar\u00e3o Bolsonaro\",\"datePublished\":\"2025-09-02T09:35:26+00:00\",\"dateModified\":\"2025-09-02T09:36:37+00:00\",\"mainEntityOfPage\":{\"@id\":\"https:\\\/\\\/afogadosfm.com.br\\\/afogadosfm\\\/2025\\\/09\\\/02\\\/quem-sao-os-ministros-do-stf-que-julgarao-bolsonaro\\\/\"},\"wordCount\":317,\"commentCount\":0,\"publisher\":{\"@id\":\"https:\\\/\\\/afogadosfm.com.br\\\/afogadosfm\\\/#organization\"},\"image\":{\"@id\":\"https:\\\/\\\/afogadosfm.com.br\\\/afogadosfm\\\/2025\\\/09\\\/02\\\/quem-sao-os-ministros-do-stf-que-julgarao-bolsonaro\\\/#primaryimage\"},\"thumbnailUrl\":\"https:\\\/\\\/i0.wp.com\\\/afogadosfm.com.br\\\/afogadosfm\\\/wp-content\\\/uploads\\\/2018\\\/03\\\/stf.png?fit=474%2C201&ssl=1\",\"articleSection\":[\"Brasil\"],\"inLanguage\":\"pt-BR\",\"potentialAction\":[{\"@type\":\"CommentAction\",\"name\":\"Comment\",\"target\":[\"https:\\\/\\\/afogadosfm.com.br\\\/afogadosfm\\\/2025\\\/09\\\/02\\\/quem-sao-os-ministros-do-stf-que-julgarao-bolsonaro\\\/#respond\"]}]},{\"@type\":\"WebPage\",\"@id\":\"https:\\\/\\\/afogadosfm.com.br\\\/afogadosfm\\\/2025\\\/09\\\/02\\\/quem-sao-os-ministros-do-stf-que-julgarao-bolsonaro\\\/\",\"url\":\"https:\\\/\\\/afogadosfm.com.br\\\/afogadosfm\\\/2025\\\/09\\\/02\\\/quem-sao-os-ministros-do-stf-que-julgarao-bolsonaro\\\/\",\"name\":\"Quem s\u00e3o os ministros do STF que julgar\u00e3o Bolsonaro - Afogados FM\",\"isPartOf\":{\"@id\":\"https:\\\/\\\/afogadosfm.com.br\\\/afogadosfm\\\/#website\"},\"primaryImageOfPage\":{\"@id\":\"https:\\\/\\\/afogadosfm.com.br\\\/afogadosfm\\\/2025\\\/09\\\/02\\\/quem-sao-os-ministros-do-stf-que-julgarao-bolsonaro\\\/#primaryimage\"},\"image\":{\"@id\":\"https:\\\/\\\/afogadosfm.com.br\\\/afogadosfm\\\/2025\\\/09\\\/02\\\/quem-sao-os-ministros-do-stf-que-julgarao-bolsonaro\\\/#primaryimage\"},\"thumbnailUrl\":\"https:\\\/\\\/i0.wp.com\\\/afogadosfm.com.br\\\/afogadosfm\\\/wp-content\\\/uploads\\\/2018\\\/03\\\/stf.png?fit=474%2C201&ssl=1\",\"datePublished\":\"2025-09-02T09:35:26+00:00\",\"dateModified\":\"2025-09-02T09:36:37+00:00\",\"breadcrumb\":{\"@id\":\"https:\\\/\\\/afogadosfm.com.br\\\/afogadosfm\\\/2025\\\/09\\\/02\\\/quem-sao-os-ministros-do-stf-que-julgarao-bolsonaro\\\/#breadcrumb\"},\"inLanguage\":\"pt-BR\",\"potentialAction\":[{\"@type\":\"ReadAction\",\"target\":[\"https:\\\/\\\/afogadosfm.com.br\\\/afogadosfm\\\/2025\\\/09\\\/02\\\/quem-sao-os-ministros-do-stf-que-julgarao-bolsonaro\\\/\"]}]},{\"@type\":\"ImageObject\",\"inLanguage\":\"pt-BR\",\"@id\":\"https:\\\/\\\/afogadosfm.com.br\\\/afogadosfm\\\/2025\\\/09\\\/02\\\/quem-sao-os-ministros-do-stf-que-julgarao-bolsonaro\\\/#primaryimage\",\"url\":\"https:\\\/\\\/i0.wp.com\\\/afogadosfm.com.br\\\/afogadosfm\\\/wp-content\\\/uploads\\\/2018\\\/03\\\/stf.png?fit=474%2C201&ssl=1\",\"contentUrl\":\"https:\\\/\\\/i0.wp.com\\\/afogadosfm.com.br\\\/afogadosfm\\\/wp-content\\\/uploads\\\/2018\\\/03\\\/stf.png?fit=474%2C201&ssl=1\",\"width\":474,\"height\":201},{\"@type\":\"BreadcrumbList\",\"@id\":\"https:\\\/\\\/afogadosfm.com.br\\\/afogadosfm\\\/2025\\\/09\\\/02\\\/quem-sao-os-ministros-do-stf-que-julgarao-bolsonaro\\\/#breadcrumb\",\"itemListElement\":[{\"@type\":\"ListItem\",\"position\":1,\"name\":\"In\u00edcio\",\"item\":\"https:\\\/\\\/afogadosfm.com.br\\\/afogadosfm\\\/\"},{\"@type\":\"ListItem\",\"position\":2,\"name\":\"Quem s\u00e3o os ministros do STF que julgar\u00e3o Bolsonaro\"}]},{\"@type\":\"WebSite\",\"@id\":\"https:\\\/\\\/afogadosfm.com.br\\\/afogadosfm\\\/#website\",\"url\":\"https:\\\/\\\/afogadosfm.com.br\\\/afogadosfm\\\/\",\"name\":\"Afogados FM\",\"description\":\"Um site completo!\",\"publisher\":{\"@id\":\"https:\\\/\\\/afogadosfm.com.br\\\/afogadosfm\\\/#organization\"},\"potentialAction\":[{\"@type\":\"SearchAction\",\"target\":{\"@type\":\"EntryPoint\",\"urlTemplate\":\"https:\\\/\\\/afogadosfm.com.br\\\/afogadosfm\\\/?s={search_term_string}\"},\"query-input\":{\"@type\":\"PropertyValueSpecification\",\"valueRequired\":true,\"valueName\":\"search_term_string\"}}],\"inLanguage\":\"pt-BR\"},{\"@type\":\"Organization\",\"@id\":\"https:\\\/\\\/afogadosfm.com.br\\\/afogadosfm\\\/#organization\",\"name\":\"Afogados FM\",\"url\":\"https:\\\/\\\/afogadosfm.com.br\\\/afogadosfm\\\/\",\"logo\":{\"@type\":\"ImageObject\",\"inLanguage\":\"pt-BR\",\"@id\":\"https:\\\/\\\/afogadosfm.com.br\\\/afogadosfm\\\/#\\\/schema\\\/logo\\\/image\\\/\",\"url\":\"https:\\\/\\\/i0.wp.com\\\/afogadosfm.com.br\\\/afogadosfm\\\/wp-content\\\/uploads\\\/2020\\\/06\\\/cropped-banner-afogados-4.jpg?fit=369%2C137&ssl=1\",\"contentUrl\":\"https:\\\/\\\/i0.wp.com\\\/afogadosfm.com.br\\\/afogadosfm\\\/wp-content\\\/uploads\\\/2020\\\/06\\\/cropped-banner-afogados-4.jpg?fit=369%2C137&ssl=1\",\"width\":369,\"height\":137,\"caption\":\"Afogados FM\"},\"image\":{\"@id\":\"https:\\\/\\\/afogadosfm.com.br\\\/afogadosfm\\\/#\\\/schema\\\/logo\\\/image\\\/\"}},{\"@type\":\"Person\",\"@id\":\"https:\\\/\\\/afogadosfm.com.br\\\/afogadosfm\\\/#\\\/schema\\\/person\\\/60e56f2cf5dc960fc093fe093d9e9057\",\"name\":\"afogadosfm\",\"image\":{\"@type\":\"ImageObject\",\"inLanguage\":\"pt-BR\",\"@id\":\"https:\\\/\\\/secure.gravatar.com\\\/avatar\\\/e0359add7ed5dc3560906d861b52c6a8cf5c1e199d3a7dd85070998f49bd4701?s=96&d=mm&r=g\",\"url\":\"https:\\\/\\\/secure.gravatar.com\\\/avatar\\\/e0359add7ed5dc3560906d861b52c6a8cf5c1e199d3a7dd85070998f49bd4701?s=96&d=mm&r=g\",\"contentUrl\":\"https:\\\/\\\/secure.gravatar.com\\\/avatar\\\/e0359add7ed5dc3560906d861b52c6a8cf5c1e199d3a7dd85070998f49bd4701?s=96&d=mm&r=g\",\"caption\":\"afogadosfm\"},\"url\":\"https:\\\/\\\/afogadosfm.com.br\\\/afogadosfm\\\/author\\\/afogadosfm\\\/\"}]}<\/script>\n<!-- \/ Yoast SEO plugin. -->","yoast_head_json":{"title":"Quem s\u00e3o os ministros do STF que julgar\u00e3o Bolsonaro - Afogados FM","robots":{"index":"index","follow":"follow","max-snippet":"max-snippet:-1","max-image-preview":"max-image-preview:large","max-video-preview":"max-video-preview:-1"},"canonical":"https:\/\/afogadosfm.com.br\/afogadosfm\/2025\/09\/02\/quem-sao-os-ministros-do-stf-que-julgarao-bolsonaro\/","og_locale":"pt_BR","og_type":"article","og_title":"Quem s\u00e3o os ministros do STF que julgar\u00e3o Bolsonaro - Afogados FM","og_description":"Com in\u00edcio marcado para a manh\u00e3 desta ter\u00e7a-feira, 2, o julgamento do ex-presidente Jair Bolsonaro (PL) no Supremo Tribunal Federal","og_url":"https:\/\/afogadosfm.com.br\/afogadosfm\/2025\/09\/02\/quem-sao-os-ministros-do-stf-que-julgarao-bolsonaro\/","og_site_name":"Afogados FM","article_published_time":"2025-09-02T09:35:26+00:00","article_modified_time":"2025-09-02T09:36:37+00:00","og_image":[{"width":474,"height":201,"url":"https:\/\/afogadosfm.com.br\/afogadosfm\/wp-content\/uploads\/2018\/03\/stf.png","type":"image\/png"}],"author":"afogadosfm","twitter_card":"summary_large_image","twitter_misc":{"Escrito por":"afogadosfm","Est. tempo de leitura":"2 minutos"},"schema":{"@context":"https:\/\/schema.org","@graph":[{"@type":"Article","@id":"https:\/\/afogadosfm.com.br\/afogadosfm\/2025\/09\/02\/quem-sao-os-ministros-do-stf-que-julgarao-bolsonaro\/#article","isPartOf":{"@id":"https:\/\/afogadosfm.com.br\/afogadosfm\/2025\/09\/02\/quem-sao-os-ministros-do-stf-que-julgarao-bolsonaro\/"},"author":{"name":"afogadosfm","@id":"https:\/\/afogadosfm.com.br\/afogadosfm\/#\/schema\/person\/60e56f2cf5dc960fc093fe093d9e9057"},"headline":"Quem s\u00e3o os ministros do STF que julgar\u00e3o Bolsonaro","datePublished":"2025-09-02T09:35:26+00:00","dateModified":"2025-09-02T09:36:37+00:00","mainEntityOfPage":{"@id":"https:\/\/afogadosfm.com.br\/afogadosfm\/2025\/09\/02\/quem-sao-os-ministros-do-stf-que-julgarao-bolsonaro\/"},"wordCount":317,"commentCount":0,"publisher":{"@id":"https:\/\/afogadosfm.com.br\/afogadosfm\/#organization"},"image":{"@id":"https:\/\/afogadosfm.com.br\/afogadosfm\/2025\/09\/02\/quem-sao-os-ministros-do-stf-que-julgarao-bolsonaro\/#primaryimage"},"thumbnailUrl":"https:\/\/i0.wp.com\/afogadosfm.com.br\/afogadosfm\/wp-content\/uploads\/2018\/03\/stf.png?fit=474%2C201&ssl=1","articleSection":["Brasil"],"inLanguage":"pt-BR","potentialAction":[{"@type":"CommentAction","name":"Comment","target":["https:\/\/afogadosfm.com.br\/afogadosfm\/2025\/09\/02\/quem-sao-os-ministros-do-stf-que-julgarao-bolsonaro\/#respond"]}]},{"@type":"WebPage","@id":"https:\/\/afogadosfm.com.br\/afogadosfm\/2025\/09\/02\/quem-sao-os-ministros-do-stf-que-julgarao-bolsonaro\/","url":"https:\/\/afogadosfm.com.br\/afogadosfm\/2025\/09\/02\/quem-sao-os-ministros-do-stf-que-julgarao-bolsonaro\/","name":"Quem s\u00e3o os ministros do STF que julgar\u00e3o Bolsonaro - Afogados FM","isPartOf":{"@id":"https:\/\/afogadosfm.com.br\/afogadosfm\/#website"},"primaryImageOfPage":{"@id":"https:\/\/afogadosfm.com.br\/afogadosfm\/2025\/09\/02\/quem-sao-os-ministros-do-stf-que-julgarao-bolsonaro\/#primaryimage"},"image":{"@id":"https:\/\/afogadosfm.com.br\/afogadosfm\/2025\/09\/02\/quem-sao-os-ministros-do-stf-que-julgarao-bolsonaro\/#primaryimage"},"thumbnailUrl":"https:\/\/i0.wp.com\/afogadosfm.com.br\/afogadosfm\/wp-content\/uploads\/2018\/03\/stf.png?fit=474%2C201&ssl=1","datePublished":"2025-09-02T09:35:26+00:00","dateModified":"2025-09-02T09:36:37+00:00","breadcrumb":{"@id":"https:\/\/afogadosfm.com.br\/afogadosfm\/2025\/09\/02\/quem-sao-os-ministros-do-stf-que-julgarao-bolsonaro\/#breadcrumb"},"inLanguage":"pt-BR","potentialAction":[{"@type":"ReadAction","target":["https:\/\/afogadosfm.com.br\/afogadosfm\/2025\/09\/02\/quem-sao-os-ministros-do-stf-que-julgarao-bolsonaro\/"]}]},{"@type":"ImageObject","inLanguage":"pt-BR","@id":"https:\/\/afogadosfm.com.br\/afogadosfm\/2025\/09\/02\/quem-sao-os-ministros-do-stf-que-julgarao-bolsonaro\/#primaryimage","url":"https:\/\/i0.wp.com\/afogadosfm.com.br\/afogadosfm\/wp-content\/uploads\/2018\/03\/stf.png?fit=474%2C201&ssl=1","contentUrl":"https:\/\/i0.wp.com\/afogadosfm.com.br\/afogadosfm\/wp-content\/uploads\/2018\/03\/stf.png?fit=474%2C201&ssl=1","width":474,"height":201},{"@type":"BreadcrumbList","@id":"https:\/\/afogadosfm.com.br\/afogadosfm\/2025\/09\/02\/quem-sao-os-ministros-do-stf-que-julgarao-bolsonaro\/#breadcrumb","itemListElement":[{"@type":"ListItem","position":1,"name":"In\u00edcio","item":"https:\/\/afogadosfm.com.br\/afogadosfm\/"},{"@type":"ListItem","position":2,"name":"Quem s\u00e3o os ministros do STF que julgar\u00e3o Bolsonaro"}]},{"@type":"WebSite","@id":"https:\/\/afogadosfm.com.br\/afogadosfm\/#website","url":"https:\/\/afogadosfm.com.br\/afogadosfm\/","name":"Afogados FM","description":"Um site completo!","publisher":{"@id":"https:\/\/afogadosfm.com.br\/afogadosfm\/#organization"},"potentialAction":[{"@type":"SearchAction","target":{"@type":"EntryPoint","urlTemplate":"https:\/\/afogadosfm.com.br\/afogadosfm\/?s={search_term_string}"},"query-input":{"@type":"PropertyValueSpecification","valueRequired":true,"valueName":"search_term_string"}}],"inLanguage":"pt-BR"},{"@type":"Organization","@id":"https:\/\/afogadosfm.com.br\/afogadosfm\/#organization","name":"Afogados FM","url":"https:\/\/afogadosfm.com.br\/afogadosfm\/","logo":{"@type":"ImageObject","inLanguage":"pt-BR","@id":"https:\/\/afogadosfm.com.br\/afogadosfm\/#\/schema\/logo\/image\/","url":"https:\/\/i0.wp.com\/afogadosfm.com.br\/afogadosfm\/wp-content\/uploads\/2020\/06\/cropped-banner-afogados-4.jpg?fit=369%2C137&ssl=1","contentUrl":"https:\/\/i0.wp.com\/afogadosfm.com.br\/afogadosfm\/wp-content\/uploads\/2020\/06\/cropped-banner-afogados-4.jpg?fit=369%2C137&ssl=1","width":369,"height":137,"caption":"Afogados FM"},"image":{"@id":"https:\/\/afogadosfm.com.br\/afogadosfm\/#\/schema\/logo\/image\/"}},{"@type":"Person","@id":"https:\/\/afogadosfm.com.br\/afogadosfm\/#\/schema\/person\/60e56f2cf5dc960fc093fe093d9e9057","name":"afogadosfm","image":{"@type":"ImageObject","inLanguage":"pt-BR","@id":"https:\/\/secure.gravatar.com\/avatar\/e0359add7ed5dc3560906d861b52c6a8cf5c1e199d3a7dd85070998f49bd4701?s=96&d=mm&r=g","url":"https:\/\/secure.gravatar.com\/avatar\/e0359add7ed5dc3560906d861b52c6a8cf5c1e199d3a7dd85070998f49bd4701?s=96&d=mm&r=g","contentUrl":"https:\/\/secure.gravatar.com\/avatar\/e0359add7ed5dc3560906d861b52c6a8cf5c1e199d3a7dd85070998f49bd4701?s=96&d=mm&r=g","caption":"afogadosfm"},"url":"https:\/\/afogadosfm.com.br\/afogadosfm\/author\/afogadosfm\/"}]}},"jetpack_publicize_connections":[],"jetpack_featured_media_url":"https:\/\/i0.wp.com\/afogadosfm.com.br\/afogadosfm\/wp-content\/uploads\/2018\/03\/stf.png?fit=474%2C201&ssl=1","jetpack-related-posts":[],"jetpack_sharing_enabled":true,"jetpack_likes_enabled":true,"_links":{"self":[{"href":"https:\/\/afogadosfm.com.br\/afogadosfm\/wp-json\/wp\/v2\/posts\/68710","targetHints":{"allow":["GET"]}}],"collection":[{"href":"https:\/\/afogadosfm.com.br\/afogadosfm\/wp-json\/wp\/v2\/posts"}],"about":[{"href":"https:\/\/afogadosfm.com.br\/afogadosfm\/wp-json\/wp\/v2\/types\/post"}],"author":[{"embeddable":true,"href":"https:\/\/afogadosfm.com.br\/afogadosfm\/wp-json\/wp\/v2\/users\/2"}],"replies":[{"embeddable":true,"href":"https:\/\/afogadosfm.com.br\/afogadosfm\/wp-json\/wp\/v2\/comments?post=68710"}],"version-history":[{"count":2,"href":"https:\/\/afogadosfm.com.br\/afogadosfm\/wp-json\/wp\/v2\/posts\/68710\/revisions"}],"predecessor-version":[{"id":68712,"href":"https:\/\/afogadosfm.com.br\/afogadosfm\/wp-json\/wp\/v2\/posts\/68710\/revisions\/68712"}],"wp:featuredmedia":[{"embeddable":true,"href":"https:\/\/afogadosfm.com.br\/afogadosfm\/wp-json\/wp\/v2\/media\/2562"}],"wp:attachment":[{"href":"https:\/\/afogadosfm.com.br\/afogadosfm\/wp-json\/wp\/v2\/media?parent=68710"}],"wp:term":[{"taxonomy":"category","embeddable":true,"href":"https:\/\/afogadosfm.com.br\/afogadosfm\/wp-json\/wp\/v2\/categories?post=68710"},{"taxonomy":"post_tag","embeddable":true,"href":"https:\/\/afogadosfm.com.br\/afogadosfm\/wp-json\/wp\/v2\/tags?post=68710"}],"curies":[{"name":"wp","href":"https:\/\/api.w.org\/{rel}","templated":true}]}}