{"id":68727,"date":"2025-09-03T05:53:00","date_gmt":"2025-09-03T08:53:00","guid":{"rendered":"https:\/\/afogadosfm.com.br\/afogadosfm\/?p=68727"},"modified":"2025-09-03T05:53:00","modified_gmt":"2025-09-03T08:53:00","slug":"nesta-terca-feira-02-terceiro-ataque-hacker-ao-sistema-financeiro-em-dois-meses-foi-registrado","status":"publish","type":"post","link":"https:\/\/afogadosfm.com.br\/afogadosfm\/2025\/09\/03\/nesta-terca-feira-02-terceiro-ataque-hacker-ao-sistema-financeiro-em-dois-meses-foi-registrado\/","title":{"rendered":"Nesta ter\u00e7a-feira (02), terceiro ataque hacker ao sistema financeiro em dois meses foi registrado"},"content":{"rendered":"\n<p>A fintech Monbank sofreu um ataque hacker nesta ter\u00e7a-feira (02), o terceiro incidente do tipo no setor financeiro brasileiro que v\u00eam a p\u00fablico em dois meses. Foram desviados R$ 4,9 milh\u00f5es, mas boa parte j\u00e1 foi recuperada.<\/p>\n\n\n\n<p>O primeiro ataque hacker, o maior da hist\u00f3ria do pa\u00eds, foi registrado no in\u00edcio de julho, e o alvo foi a C&amp;M Software, com preju\u00edzo estimado em R$ 1 bilh\u00e3o. O segundo, na \u00faltima sexta-feira (29), atingiu a empresa de tecnologia financeira Sinqia, que afirmou que o desvio foi de R$ 710 milh\u00f5es. Em ambos os casos, foi invadida a infraestrutura do Pix e parte do valor tamb\u00e9m foi recuperado. Em rela\u00e7\u00e3o \u00e0 Monbank, n\u00e3o \u00e9 poss\u00edvel afirmar que o ataque foi ao sistema de pagamentos instant\u00e2neos.<\/p>\n\n\n\n<p>Segundo a companhia, na manh\u00e3 desta ter\u00e7a-feira ela identificou movimenta\u00e7\u00f5es suspeitas em seu ambiente digital, que n\u00e3o afetaram nenhuma conta corrente de clientes. O incidente teve origem na pr\u00f3pria conta de reserva institucional do banco, sem envolvimento direto de contas privadas dos clientes da institui\u00e7\u00e3o financeira.<\/p>\n\n\n\n<p>\u201cAo perceber o ataque, a \u00e1rea de seguran\u00e7a cibern\u00e9tica do Monbank imediatamente interrompeu as opera\u00e7\u00f5es da empresa e comunicou aos \u00f3rg\u00e3os oficiais competentes\u201d, diz a fintech.<\/p>\n\n\n\n<p>Segundo ela, foram detectadas tentativas de invas\u00e3o envolvendo o sistema de transfer\u00eancia de reservas (STR) e o sistema Pix. \u201cGra\u00e7as \u00e0s m\u00faltiplas camadas de seguran\u00e7a do Monbank, foi poss\u00edvel identificar e bloquear rapidamente as opera\u00e7\u00f5es suspeitas, evitando danos maiores ao sistema da Institui\u00e7\u00e3o\u201d.<\/p>\n\n\n\n<p>A fintech diz que embora o ataque tenha resultando inicialmente em um desvio de R$ 4,9 milh\u00f5es, ainda no in\u00edcio da tarde desta ter\u00e7a-feira (02), j\u00e1 conseguiu recuperar R$ 4,7 milh\u00f5es. \u201cOs R$ 200 mil restantes est\u00e3o sendo rastreados e bloqueados com o apoio das institui\u00e7\u00f5es financeiras que receberam os valores\u201d.<\/p>\n\n\n\n<p>A Monbank diz que, como medida de seguran\u00e7a, suspendeu temporariamente os ambientes SPI e SPB (PIX e TED), com o intuito de evitar novos ataques e resguardar evid\u00eancias para continuidade das investiga\u00e7\u00f5es. \u201cConforme preconizado pelos \u00f3rg\u00e3os reguladores, como o Banco Central (BCB), o Monbank adotou todas as medidas corretivas e de seguran\u00e7a cab\u00edveis. Assim que forem conclu\u00eddas as investiga\u00e7\u00f5es e houver garantia de estabilidade dos sistemas, o banco retomar\u00e1 todas as opera\u00e7\u00f5es com total normalidade\u201d.<\/p>\n\n\n\n<p>Monbank \u00e9 o nome fantasia da Monetarie, que \u00e9 uma sociedade de cr\u00e9dito direto (SCD). Ela tem sede em Porto Alegre (RS) e recebeu a licen\u00e7a de SCD em 2021. O controlador \u00e9 F\u00e1bio da Silveira Olson e em 2023 entrou na sociedade tamb\u00e9m Renato de Oliveira Bayer.<\/p>\n\n\n\n<p>Do Valor<\/p>\n","protected":false},"excerpt":{"rendered":"<p>A fintech Monbank sofreu um ataque hacker nesta ter\u00e7a-feira (02), o terceiro incidente do tipo no setor financeiro brasileiro que<\/p>\n","protected":false},"author":2,"featured_media":11563,"comment_status":"open","ping_status":"open","sticky":false,"template":"","format":"standard","meta":{"jetpack_post_was_ever_published":false,"_jetpack_newsletter_access":"","_jetpack_dont_email_post_to_subs":false,"_jetpack_newsletter_tier_id":0,"_jetpack_memberships_contains_paywalled_content":false,"_jetpack_memberships_contains_paid_content":false,"footnotes":"","jetpack_publicize_message":"","jetpack_publicize_feature_enabled":true,"jetpack_social_post_already_shared":true,"jetpack_social_options":{"image_generator_settings":{"template":"highway","default_image_id":0,"font":"","enabled":false},"version":2}},"categories":[12],"tags":[],"class_list":["post-68727","post","type-post","status-publish","format-standard","has-post-thumbnail","hentry","category-brasil"],"yoast_head":"<!-- This site is optimized with the Yoast SEO plugin v27.5 - https:\/\/yoast.com\/product\/yoast-seo-wordpress\/ -->\n<title>Nesta ter\u00e7a-feira (02), terceiro ataque hacker ao sistema financeiro em dois meses foi registrado - Afogados FM<\/title>\n<meta name=\"robots\" content=\"index, follow, max-snippet:-1, max-image-preview:large, max-video-preview:-1\" \/>\n<link rel=\"canonical\" href=\"https:\/\/afogadosfm.com.br\/afogadosfm\/2025\/09\/03\/nesta-terca-feira-02-terceiro-ataque-hacker-ao-sistema-financeiro-em-dois-meses-foi-registrado\/\" \/>\n<meta property=\"og:locale\" content=\"pt_BR\" \/>\n<meta property=\"og:type\" content=\"article\" \/>\n<meta property=\"og:title\" content=\"Nesta ter\u00e7a-feira (02), terceiro ataque hacker ao sistema financeiro em dois meses foi registrado - Afogados FM\" \/>\n<meta property=\"og:description\" content=\"A fintech Monbank sofreu um ataque hacker nesta ter\u00e7a-feira (02), o terceiro incidente do tipo no setor financeiro brasileiro que\" \/>\n<meta property=\"og:url\" content=\"https:\/\/afogadosfm.com.br\/afogadosfm\/2025\/09\/03\/nesta-terca-feira-02-terceiro-ataque-hacker-ao-sistema-financeiro-em-dois-meses-foi-registrado\/\" \/>\n<meta property=\"og:site_name\" content=\"Afogados FM\" \/>\n<meta property=\"article:published_time\" content=\"2025-09-03T08:53:00+00:00\" \/>\n<meta property=\"og:image\" content=\"https:\/\/afogadosfm.com.br\/afogadosfm\/wp-content\/uploads\/2019\/07\/hacker.jpg\" \/>\n\t<meta property=\"og:image:width\" content=\"1280\" \/>\n\t<meta property=\"og:image:height\" content=\"720\" \/>\n\t<meta property=\"og:image:type\" content=\"image\/jpeg\" \/>\n<meta name=\"author\" content=\"afogadosfm\" \/>\n<meta name=\"twitter:card\" content=\"summary_large_image\" \/>\n<meta name=\"twitter:label1\" content=\"Escrito por\" \/>\n\t<meta name=\"twitter:data1\" content=\"afogadosfm\" \/>\n\t<meta name=\"twitter:label2\" content=\"Est. tempo de leitura\" \/>\n\t<meta name=\"twitter:data2\" content=\"3 minutos\" \/>\n<script type=\"application\/ld+json\" class=\"yoast-schema-graph\">{\"@context\":\"https:\\\/\\\/schema.org\",\"@graph\":[{\"@type\":\"Article\",\"@id\":\"https:\\\/\\\/afogadosfm.com.br\\\/afogadosfm\\\/2025\\\/09\\\/03\\\/nesta-terca-feira-02-terceiro-ataque-hacker-ao-sistema-financeiro-em-dois-meses-foi-registrado\\\/#article\",\"isPartOf\":{\"@id\":\"https:\\\/\\\/afogadosfm.com.br\\\/afogadosfm\\\/2025\\\/09\\\/03\\\/nesta-terca-feira-02-terceiro-ataque-hacker-ao-sistema-financeiro-em-dois-meses-foi-registrado\\\/\"},\"author\":{\"name\":\"afogadosfm\",\"@id\":\"https:\\\/\\\/afogadosfm.com.br\\\/afogadosfm\\\/#\\\/schema\\\/person\\\/60e56f2cf5dc960fc093fe093d9e9057\"},\"headline\":\"Nesta ter\u00e7a-feira (02), terceiro ataque hacker ao sistema financeiro em dois meses foi registrado\",\"datePublished\":\"2025-09-03T08:53:00+00:00\",\"mainEntityOfPage\":{\"@id\":\"https:\\\/\\\/afogadosfm.com.br\\\/afogadosfm\\\/2025\\\/09\\\/03\\\/nesta-terca-feira-02-terceiro-ataque-hacker-ao-sistema-financeiro-em-dois-meses-foi-registrado\\\/\"},\"wordCount\":466,\"commentCount\":0,\"publisher\":{\"@id\":\"https:\\\/\\\/afogadosfm.com.br\\\/afogadosfm\\\/#organization\"},\"image\":{\"@id\":\"https:\\\/\\\/afogadosfm.com.br\\\/afogadosfm\\\/2025\\\/09\\\/03\\\/nesta-terca-feira-02-terceiro-ataque-hacker-ao-sistema-financeiro-em-dois-meses-foi-registrado\\\/#primaryimage\"},\"thumbnailUrl\":\"https:\\\/\\\/i0.wp.com\\\/afogadosfm.com.br\\\/afogadosfm\\\/wp-content\\\/uploads\\\/2019\\\/07\\\/hacker.jpg?fit=1280%2C720&ssl=1\",\"articleSection\":[\"Brasil\"],\"inLanguage\":\"pt-BR\",\"potentialAction\":[{\"@type\":\"CommentAction\",\"name\":\"Comment\",\"target\":[\"https:\\\/\\\/afogadosfm.com.br\\\/afogadosfm\\\/2025\\\/09\\\/03\\\/nesta-terca-feira-02-terceiro-ataque-hacker-ao-sistema-financeiro-em-dois-meses-foi-registrado\\\/#respond\"]}]},{\"@type\":\"WebPage\",\"@id\":\"https:\\\/\\\/afogadosfm.com.br\\\/afogadosfm\\\/2025\\\/09\\\/03\\\/nesta-terca-feira-02-terceiro-ataque-hacker-ao-sistema-financeiro-em-dois-meses-foi-registrado\\\/\",\"url\":\"https:\\\/\\\/afogadosfm.com.br\\\/afogadosfm\\\/2025\\\/09\\\/03\\\/nesta-terca-feira-02-terceiro-ataque-hacker-ao-sistema-financeiro-em-dois-meses-foi-registrado\\\/\",\"name\":\"Nesta ter\u00e7a-feira (02), terceiro ataque hacker ao sistema financeiro em dois meses foi registrado - Afogados FM\",\"isPartOf\":{\"@id\":\"https:\\\/\\\/afogadosfm.com.br\\\/afogadosfm\\\/#website\"},\"primaryImageOfPage\":{\"@id\":\"https:\\\/\\\/afogadosfm.com.br\\\/afogadosfm\\\/2025\\\/09\\\/03\\\/nesta-terca-feira-02-terceiro-ataque-hacker-ao-sistema-financeiro-em-dois-meses-foi-registrado\\\/#primaryimage\"},\"image\":{\"@id\":\"https:\\\/\\\/afogadosfm.com.br\\\/afogadosfm\\\/2025\\\/09\\\/03\\\/nesta-terca-feira-02-terceiro-ataque-hacker-ao-sistema-financeiro-em-dois-meses-foi-registrado\\\/#primaryimage\"},\"thumbnailUrl\":\"https:\\\/\\\/i0.wp.com\\\/afogadosfm.com.br\\\/afogadosfm\\\/wp-content\\\/uploads\\\/2019\\\/07\\\/hacker.jpg?fit=1280%2C720&ssl=1\",\"datePublished\":\"2025-09-03T08:53:00+00:00\",\"breadcrumb\":{\"@id\":\"https:\\\/\\\/afogadosfm.com.br\\\/afogadosfm\\\/2025\\\/09\\\/03\\\/nesta-terca-feira-02-terceiro-ataque-hacker-ao-sistema-financeiro-em-dois-meses-foi-registrado\\\/#breadcrumb\"},\"inLanguage\":\"pt-BR\",\"potentialAction\":[{\"@type\":\"ReadAction\",\"target\":[\"https:\\\/\\\/afogadosfm.com.br\\\/afogadosfm\\\/2025\\\/09\\\/03\\\/nesta-terca-feira-02-terceiro-ataque-hacker-ao-sistema-financeiro-em-dois-meses-foi-registrado\\\/\"]}]},{\"@type\":\"ImageObject\",\"inLanguage\":\"pt-BR\",\"@id\":\"https:\\\/\\\/afogadosfm.com.br\\\/afogadosfm\\\/2025\\\/09\\\/03\\\/nesta-terca-feira-02-terceiro-ataque-hacker-ao-sistema-financeiro-em-dois-meses-foi-registrado\\\/#primaryimage\",\"url\":\"https:\\\/\\\/i0.wp.com\\\/afogadosfm.com.br\\\/afogadosfm\\\/wp-content\\\/uploads\\\/2019\\\/07\\\/hacker.jpg?fit=1280%2C720&ssl=1\",\"contentUrl\":\"https:\\\/\\\/i0.wp.com\\\/afogadosfm.com.br\\\/afogadosfm\\\/wp-content\\\/uploads\\\/2019\\\/07\\\/hacker.jpg?fit=1280%2C720&ssl=1\",\"width\":1280,\"height\":720},{\"@type\":\"BreadcrumbList\",\"@id\":\"https:\\\/\\\/afogadosfm.com.br\\\/afogadosfm\\\/2025\\\/09\\\/03\\\/nesta-terca-feira-02-terceiro-ataque-hacker-ao-sistema-financeiro-em-dois-meses-foi-registrado\\\/#breadcrumb\",\"itemListElement\":[{\"@type\":\"ListItem\",\"position\":1,\"name\":\"In\u00edcio\",\"item\":\"https:\\\/\\\/afogadosfm.com.br\\\/afogadosfm\\\/\"},{\"@type\":\"ListItem\",\"position\":2,\"name\":\"Nesta ter\u00e7a-feira (02), terceiro ataque hacker ao sistema financeiro em dois meses foi registrado\"}]},{\"@type\":\"WebSite\",\"@id\":\"https:\\\/\\\/afogadosfm.com.br\\\/afogadosfm\\\/#website\",\"url\":\"https:\\\/\\\/afogadosfm.com.br\\\/afogadosfm\\\/\",\"name\":\"Afogados FM\",\"description\":\"Um site completo!\",\"publisher\":{\"@id\":\"https:\\\/\\\/afogadosfm.com.br\\\/afogadosfm\\\/#organization\"},\"potentialAction\":[{\"@type\":\"SearchAction\",\"target\":{\"@type\":\"EntryPoint\",\"urlTemplate\":\"https:\\\/\\\/afogadosfm.com.br\\\/afogadosfm\\\/?s={search_term_string}\"},\"query-input\":{\"@type\":\"PropertyValueSpecification\",\"valueRequired\":true,\"valueName\":\"search_term_string\"}}],\"inLanguage\":\"pt-BR\"},{\"@type\":\"Organization\",\"@id\":\"https:\\\/\\\/afogadosfm.com.br\\\/afogadosfm\\\/#organization\",\"name\":\"Afogados FM\",\"url\":\"https:\\\/\\\/afogadosfm.com.br\\\/afogadosfm\\\/\",\"logo\":{\"@type\":\"ImageObject\",\"inLanguage\":\"pt-BR\",\"@id\":\"https:\\\/\\\/afogadosfm.com.br\\\/afogadosfm\\\/#\\\/schema\\\/logo\\\/image\\\/\",\"url\":\"https:\\\/\\\/i0.wp.com\\\/afogadosfm.com.br\\\/afogadosfm\\\/wp-content\\\/uploads\\\/2020\\\/06\\\/cropped-banner-afogados-4.jpg?fit=369%2C137&ssl=1\",\"contentUrl\":\"https:\\\/\\\/i0.wp.com\\\/afogadosfm.com.br\\\/afogadosfm\\\/wp-content\\\/uploads\\\/2020\\\/06\\\/cropped-banner-afogados-4.jpg?fit=369%2C137&ssl=1\",\"width\":369,\"height\":137,\"caption\":\"Afogados FM\"},\"image\":{\"@id\":\"https:\\\/\\\/afogadosfm.com.br\\\/afogadosfm\\\/#\\\/schema\\\/logo\\\/image\\\/\"}},{\"@type\":\"Person\",\"@id\":\"https:\\\/\\\/afogadosfm.com.br\\\/afogadosfm\\\/#\\\/schema\\\/person\\\/60e56f2cf5dc960fc093fe093d9e9057\",\"name\":\"afogadosfm\",\"image\":{\"@type\":\"ImageObject\",\"inLanguage\":\"pt-BR\",\"@id\":\"https:\\\/\\\/secure.gravatar.com\\\/avatar\\\/e0359add7ed5dc3560906d861b52c6a8cf5c1e199d3a7dd85070998f49bd4701?s=96&d=mm&r=g\",\"url\":\"https:\\\/\\\/secure.gravatar.com\\\/avatar\\\/e0359add7ed5dc3560906d861b52c6a8cf5c1e199d3a7dd85070998f49bd4701?s=96&d=mm&r=g\",\"contentUrl\":\"https:\\\/\\\/secure.gravatar.com\\\/avatar\\\/e0359add7ed5dc3560906d861b52c6a8cf5c1e199d3a7dd85070998f49bd4701?s=96&d=mm&r=g\",\"caption\":\"afogadosfm\"},\"url\":\"https:\\\/\\\/afogadosfm.com.br\\\/afogadosfm\\\/author\\\/afogadosfm\\\/\"}]}<\/script>\n<!-- \/ Yoast SEO plugin. -->","yoast_head_json":{"title":"Nesta ter\u00e7a-feira (02), terceiro ataque hacker ao sistema financeiro em dois meses foi registrado - Afogados FM","robots":{"index":"index","follow":"follow","max-snippet":"max-snippet:-1","max-image-preview":"max-image-preview:large","max-video-preview":"max-video-preview:-1"},"canonical":"https:\/\/afogadosfm.com.br\/afogadosfm\/2025\/09\/03\/nesta-terca-feira-02-terceiro-ataque-hacker-ao-sistema-financeiro-em-dois-meses-foi-registrado\/","og_locale":"pt_BR","og_type":"article","og_title":"Nesta ter\u00e7a-feira (02), terceiro ataque hacker ao sistema financeiro em dois meses foi registrado - Afogados FM","og_description":"A fintech Monbank sofreu um ataque hacker nesta ter\u00e7a-feira (02), o terceiro incidente do tipo no setor financeiro brasileiro que","og_url":"https:\/\/afogadosfm.com.br\/afogadosfm\/2025\/09\/03\/nesta-terca-feira-02-terceiro-ataque-hacker-ao-sistema-financeiro-em-dois-meses-foi-registrado\/","og_site_name":"Afogados FM","article_published_time":"2025-09-03T08:53:00+00:00","og_image":[{"width":1280,"height":720,"url":"https:\/\/afogadosfm.com.br\/afogadosfm\/wp-content\/uploads\/2019\/07\/hacker.jpg","type":"image\/jpeg"}],"author":"afogadosfm","twitter_card":"summary_large_image","twitter_misc":{"Escrito por":"afogadosfm","Est. tempo de leitura":"3 minutos"},"schema":{"@context":"https:\/\/schema.org","@graph":[{"@type":"Article","@id":"https:\/\/afogadosfm.com.br\/afogadosfm\/2025\/09\/03\/nesta-terca-feira-02-terceiro-ataque-hacker-ao-sistema-financeiro-em-dois-meses-foi-registrado\/#article","isPartOf":{"@id":"https:\/\/afogadosfm.com.br\/afogadosfm\/2025\/09\/03\/nesta-terca-feira-02-terceiro-ataque-hacker-ao-sistema-financeiro-em-dois-meses-foi-registrado\/"},"author":{"name":"afogadosfm","@id":"https:\/\/afogadosfm.com.br\/afogadosfm\/#\/schema\/person\/60e56f2cf5dc960fc093fe093d9e9057"},"headline":"Nesta ter\u00e7a-feira (02), terceiro ataque hacker ao sistema financeiro em dois meses foi registrado","datePublished":"2025-09-03T08:53:00+00:00","mainEntityOfPage":{"@id":"https:\/\/afogadosfm.com.br\/afogadosfm\/2025\/09\/03\/nesta-terca-feira-02-terceiro-ataque-hacker-ao-sistema-financeiro-em-dois-meses-foi-registrado\/"},"wordCount":466,"commentCount":0,"publisher":{"@id":"https:\/\/afogadosfm.com.br\/afogadosfm\/#organization"},"image":{"@id":"https:\/\/afogadosfm.com.br\/afogadosfm\/2025\/09\/03\/nesta-terca-feira-02-terceiro-ataque-hacker-ao-sistema-financeiro-em-dois-meses-foi-registrado\/#primaryimage"},"thumbnailUrl":"https:\/\/i0.wp.com\/afogadosfm.com.br\/afogadosfm\/wp-content\/uploads\/2019\/07\/hacker.jpg?fit=1280%2C720&ssl=1","articleSection":["Brasil"],"inLanguage":"pt-BR","potentialAction":[{"@type":"CommentAction","name":"Comment","target":["https:\/\/afogadosfm.com.br\/afogadosfm\/2025\/09\/03\/nesta-terca-feira-02-terceiro-ataque-hacker-ao-sistema-financeiro-em-dois-meses-foi-registrado\/#respond"]}]},{"@type":"WebPage","@id":"https:\/\/afogadosfm.com.br\/afogadosfm\/2025\/09\/03\/nesta-terca-feira-02-terceiro-ataque-hacker-ao-sistema-financeiro-em-dois-meses-foi-registrado\/","url":"https:\/\/afogadosfm.com.br\/afogadosfm\/2025\/09\/03\/nesta-terca-feira-02-terceiro-ataque-hacker-ao-sistema-financeiro-em-dois-meses-foi-registrado\/","name":"Nesta ter\u00e7a-feira (02), terceiro ataque hacker ao sistema financeiro em dois meses foi registrado - Afogados FM","isPartOf":{"@id":"https:\/\/afogadosfm.com.br\/afogadosfm\/#website"},"primaryImageOfPage":{"@id":"https:\/\/afogadosfm.com.br\/afogadosfm\/2025\/09\/03\/nesta-terca-feira-02-terceiro-ataque-hacker-ao-sistema-financeiro-em-dois-meses-foi-registrado\/#primaryimage"},"image":{"@id":"https:\/\/afogadosfm.com.br\/afogadosfm\/2025\/09\/03\/nesta-terca-feira-02-terceiro-ataque-hacker-ao-sistema-financeiro-em-dois-meses-foi-registrado\/#primaryimage"},"thumbnailUrl":"https:\/\/i0.wp.com\/afogadosfm.com.br\/afogadosfm\/wp-content\/uploads\/2019\/07\/hacker.jpg?fit=1280%2C720&ssl=1","datePublished":"2025-09-03T08:53:00+00:00","breadcrumb":{"@id":"https:\/\/afogadosfm.com.br\/afogadosfm\/2025\/09\/03\/nesta-terca-feira-02-terceiro-ataque-hacker-ao-sistema-financeiro-em-dois-meses-foi-registrado\/#breadcrumb"},"inLanguage":"pt-BR","potentialAction":[{"@type":"ReadAction","target":["https:\/\/afogadosfm.com.br\/afogadosfm\/2025\/09\/03\/nesta-terca-feira-02-terceiro-ataque-hacker-ao-sistema-financeiro-em-dois-meses-foi-registrado\/"]}]},{"@type":"ImageObject","inLanguage":"pt-BR","@id":"https:\/\/afogadosfm.com.br\/afogadosfm\/2025\/09\/03\/nesta-terca-feira-02-terceiro-ataque-hacker-ao-sistema-financeiro-em-dois-meses-foi-registrado\/#primaryimage","url":"https:\/\/i0.wp.com\/afogadosfm.com.br\/afogadosfm\/wp-content\/uploads\/2019\/07\/hacker.jpg?fit=1280%2C720&ssl=1","contentUrl":"https:\/\/i0.wp.com\/afogadosfm.com.br\/afogadosfm\/wp-content\/uploads\/2019\/07\/hacker.jpg?fit=1280%2C720&ssl=1","width":1280,"height":720},{"@type":"BreadcrumbList","@id":"https:\/\/afogadosfm.com.br\/afogadosfm\/2025\/09\/03\/nesta-terca-feira-02-terceiro-ataque-hacker-ao-sistema-financeiro-em-dois-meses-foi-registrado\/#breadcrumb","itemListElement":[{"@type":"ListItem","position":1,"name":"In\u00edcio","item":"https:\/\/afogadosfm.com.br\/afogadosfm\/"},{"@type":"ListItem","position":2,"name":"Nesta ter\u00e7a-feira (02), terceiro ataque hacker ao sistema financeiro em dois meses foi registrado"}]},{"@type":"WebSite","@id":"https:\/\/afogadosfm.com.br\/afogadosfm\/#website","url":"https:\/\/afogadosfm.com.br\/afogadosfm\/","name":"Afogados FM","description":"Um site completo!","publisher":{"@id":"https:\/\/afogadosfm.com.br\/afogadosfm\/#organization"},"potentialAction":[{"@type":"SearchAction","target":{"@type":"EntryPoint","urlTemplate":"https:\/\/afogadosfm.com.br\/afogadosfm\/?s={search_term_string}"},"query-input":{"@type":"PropertyValueSpecification","valueRequired":true,"valueName":"search_term_string"}}],"inLanguage":"pt-BR"},{"@type":"Organization","@id":"https:\/\/afogadosfm.com.br\/afogadosfm\/#organization","name":"Afogados FM","url":"https:\/\/afogadosfm.com.br\/afogadosfm\/","logo":{"@type":"ImageObject","inLanguage":"pt-BR","@id":"https:\/\/afogadosfm.com.br\/afogadosfm\/#\/schema\/logo\/image\/","url":"https:\/\/i0.wp.com\/afogadosfm.com.br\/afogadosfm\/wp-content\/uploads\/2020\/06\/cropped-banner-afogados-4.jpg?fit=369%2C137&ssl=1","contentUrl":"https:\/\/i0.wp.com\/afogadosfm.com.br\/afogadosfm\/wp-content\/uploads\/2020\/06\/cropped-banner-afogados-4.jpg?fit=369%2C137&ssl=1","width":369,"height":137,"caption":"Afogados FM"},"image":{"@id":"https:\/\/afogadosfm.com.br\/afogadosfm\/#\/schema\/logo\/image\/"}},{"@type":"Person","@id":"https:\/\/afogadosfm.com.br\/afogadosfm\/#\/schema\/person\/60e56f2cf5dc960fc093fe093d9e9057","name":"afogadosfm","image":{"@type":"ImageObject","inLanguage":"pt-BR","@id":"https:\/\/secure.gravatar.com\/avatar\/e0359add7ed5dc3560906d861b52c6a8cf5c1e199d3a7dd85070998f49bd4701?s=96&d=mm&r=g","url":"https:\/\/secure.gravatar.com\/avatar\/e0359add7ed5dc3560906d861b52c6a8cf5c1e199d3a7dd85070998f49bd4701?s=96&d=mm&r=g","contentUrl":"https:\/\/secure.gravatar.com\/avatar\/e0359add7ed5dc3560906d861b52c6a8cf5c1e199d3a7dd85070998f49bd4701?s=96&d=mm&r=g","caption":"afogadosfm"},"url":"https:\/\/afogadosfm.com.br\/afogadosfm\/author\/afogadosfm\/"}]}},"jetpack_publicize_connections":[],"jetpack_featured_media_url":"https:\/\/i0.wp.com\/afogadosfm.com.br\/afogadosfm\/wp-content\/uploads\/2019\/07\/hacker.jpg?fit=1280%2C720&ssl=1","jetpack-related-posts":[],"jetpack_sharing_enabled":true,"jetpack_likes_enabled":true,"_links":{"self":[{"href":"https:\/\/afogadosfm.com.br\/afogadosfm\/wp-json\/wp\/v2\/posts\/68727","targetHints":{"allow":["GET"]}}],"collection":[{"href":"https:\/\/afogadosfm.com.br\/afogadosfm\/wp-json\/wp\/v2\/posts"}],"about":[{"href":"https:\/\/afogadosfm.com.br\/afogadosfm\/wp-json\/wp\/v2\/types\/post"}],"author":[{"embeddable":true,"href":"https:\/\/afogadosfm.com.br\/afogadosfm\/wp-json\/wp\/v2\/users\/2"}],"replies":[{"embeddable":true,"href":"https:\/\/afogadosfm.com.br\/afogadosfm\/wp-json\/wp\/v2\/comments?post=68727"}],"version-history":[{"count":1,"href":"https:\/\/afogadosfm.com.br\/afogadosfm\/wp-json\/wp\/v2\/posts\/68727\/revisions"}],"predecessor-version":[{"id":68728,"href":"https:\/\/afogadosfm.com.br\/afogadosfm\/wp-json\/wp\/v2\/posts\/68727\/revisions\/68728"}],"wp:featuredmedia":[{"embeddable":true,"href":"https:\/\/afogadosfm.com.br\/afogadosfm\/wp-json\/wp\/v2\/media\/11563"}],"wp:attachment":[{"href":"https:\/\/afogadosfm.com.br\/afogadosfm\/wp-json\/wp\/v2\/media?parent=68727"}],"wp:term":[{"taxonomy":"category","embeddable":true,"href":"https:\/\/afogadosfm.com.br\/afogadosfm\/wp-json\/wp\/v2\/categories?post=68727"},{"taxonomy":"post_tag","embeddable":true,"href":"https:\/\/afogadosfm.com.br\/afogadosfm\/wp-json\/wp\/v2\/tags?post=68727"}],"curies":[{"name":"wp","href":"https:\/\/api.w.org\/{rel}","templated":true}]}}