{"id":68729,"date":"2025-09-03T05:53:53","date_gmt":"2025-09-03T08:53:53","guid":{"rendered":"https:\/\/afogadosfm.com.br\/afogadosfm\/?p=68729"},"modified":"2025-09-03T05:53:55","modified_gmt":"2025-09-03T08:53:55","slug":"projeto-inova-da-ufpe-vem-a-afogados-conhecer-producao-de-moveis","status":"publish","type":"post","link":"https:\/\/afogadosfm.com.br\/afogadosfm\/2025\/09\/03\/projeto-inova-da-ufpe-vem-a-afogados-conhecer-producao-de-moveis\/","title":{"rendered":"Projeto Inova, da UFPE, vem a Afogados conhecer produ\u00e7\u00e3o de m\u00f3veis"},"content":{"rendered":"\n<p>Uma delega\u00e7\u00e3o de estudantes dos cursos de design e engenharia de produ\u00e7\u00e3o, da UFPE, campus Caruaru, esteve em Afogados conhecendo a expertise dos empreendedores da cidade na fabrica\u00e7\u00e3o de m\u00f3veis.&nbsp;<\/p>\n\n\n\n<p>Coordenado pelo PHD em design e professor da UFPE, Manoel Guedes, a comitiva reuniu-se com o Prefeito Sandrinho Palmeira, o secret\u00e1rio municipal de desenvolvimento econ\u00f4mico, Ney Quidute, e com Guilherme Brito, presidente do sindicato da ind\u00fastria de m\u00f3veis e integrante da c\u00e2mara setorial moveleira.&nbsp;<\/p>\n\n\n\n<p>Afogados da Ingazeira tem as duas maiores ind\u00fastrias do segmento em Pernambuco: a m\u00f3veis S\u00e3o Carlos e a Magno M\u00f3veis, al\u00e9m de de um polo moveleiro que re\u00fane diversos empreendedores do segmento.&nbsp;<\/p>\n\n\n\n<figure class=\"wp-block-image\"><a href=\"https:\/\/i0.wp.com\/blogger.googleusercontent.com\/img\/b\/R29vZ2xl\/AVvXsEi2xUA7ME7oAP4ewi542r14m6HBvdtP_A52QVmrMoU0t9n-eLR5DgyznTPLXAfN0h5MP3_YZAcutECRtlbPsP-kV1Ek3J8NPxs2LI8L_lznl1MagQUBJTeD7aTjFmV2_hq7BHpws6Gcmg7lIA_Ce1kNRFtkKHhyphenhyphenguaaVUDlRdLSgngv3DFz_Z1SkJ3K4FXA\/s1600\/c0854427-9de3-4816-87a1-62b45f97cb87.jpeg?ssl=1\"><img data-recalc-dims=\"1\" decoding=\"async\" src=\"https:\/\/i0.wp.com\/blogger.googleusercontent.com\/img\/b\/R29vZ2xl\/AVvXsEi2xUA7ME7oAP4ewi542r14m6HBvdtP_A52QVmrMoU0t9n-eLR5DgyznTPLXAfN0h5MP3_YZAcutECRtlbPsP-kV1Ek3J8NPxs2LI8L_lznl1MagQUBJTeD7aTjFmV2_hq7BHpws6Gcmg7lIA_Ce1kNRFtkKHhyphenhyphenguaaVUDlRdLSgngv3DFz_Z1SkJ3K4FXA\/w400-h266\/c0854427-9de3-4816-87a1-62b45f97cb87.jpeg?w=840&#038;ssl=1\" alt=\"\"\/><\/a><\/figure>\n\n\n\n<figure class=\"wp-block-image\"><a href=\"https:\/\/i0.wp.com\/blogger.googleusercontent.com\/img\/b\/R29vZ2xl\/AVvXsEiCF1Lq3kpVm10iVLQzGzwKwvKsWMEkXTwwYYA_z8uImSjNjRBEDRHeLGTD1ehc8HmL9MMLTZQMEsEnKfiigA5eiciK8KcNm-mpDPglKFnsVAwMxwXBsOIBmdowdQG9G69dJrFdYyhozJkL7olqQu663nbnR9oZBdk4jk-epTHMTOlczD2tdHvSq3jFbSy6\/s1600\/94b54d70-97dc-4cd0-8862-6bfed09f761d.jpeg?ssl=1\"><img data-recalc-dims=\"1\" decoding=\"async\" src=\"https:\/\/i0.wp.com\/blogger.googleusercontent.com\/img\/b\/R29vZ2xl\/AVvXsEiCF1Lq3kpVm10iVLQzGzwKwvKsWMEkXTwwYYA_z8uImSjNjRBEDRHeLGTD1ehc8HmL9MMLTZQMEsEnKfiigA5eiciK8KcNm-mpDPglKFnsVAwMxwXBsOIBmdowdQG9G69dJrFdYyhozJkL7olqQu663nbnR9oZBdk4jk-epTHMTOlczD2tdHvSq3jFbSy6\/w400-h266\/94b54d70-97dc-4cd0-8862-6bfed09f761d.jpeg?w=840&#038;ssl=1\" alt=\"\"\/><\/a><\/figure>\n\n\n\n<figure class=\"wp-block-image\"><a href=\"https:\/\/i0.wp.com\/blogger.googleusercontent.com\/img\/b\/R29vZ2xl\/AVvXsEhP9fJeZNpTSjmOo8m9njkiiDHKPpmcMA3x0Ft4yTQOgXhZRrwao90g-RRVoUXUFNck-P7Ue-YKm1VDkxHu9Yn0Q5QdLz6Nrbd_L5KCznAIjgJdadHqXzN0JwrP_xEmoXXbweJNu0-FtB6gMnoVCblQ4giBkrDi1RSMww85BHYIEJauN7qpZMv7KcsMkkz2\/s1600\/723dea94-2835-43d0-bd60-cba7fe3a23c0.jpeg?ssl=1\"><img data-recalc-dims=\"1\" decoding=\"async\" src=\"https:\/\/i0.wp.com\/blogger.googleusercontent.com\/img\/b\/R29vZ2xl\/AVvXsEhP9fJeZNpTSjmOo8m9njkiiDHKPpmcMA3x0Ft4yTQOgXhZRrwao90g-RRVoUXUFNck-P7Ue-YKm1VDkxHu9Yn0Q5QdLz6Nrbd_L5KCznAIjgJdadHqXzN0JwrP_xEmoXXbweJNu0-FtB6gMnoVCblQ4giBkrDi1RSMww85BHYIEJauN7qpZMv7KcsMkkz2\/w400-h266\/723dea94-2835-43d0-bd60-cba7fe3a23c0.jpeg?w=840&#038;ssl=1\" alt=\"\"\/><\/a><\/figure>\n\n\n\n<p>A visita faz parte das a\u00e7\u00f5es do projeto INOVA, que j\u00e1 esteve nas cidades de Gravat\u00e1, Belo Jardim e Jo\u00e3o Alfredo. Segundo o professor Manoel Guedes, o objetivo \u00e9 aproximar o conhecimento produzido na universidade para o setor produtivo, formando novos talentos tanto na \u00e1rea de desenvolvimento de produtos quanto no gerenciamento da produ\u00e7\u00e3o.&nbsp;<\/p>\n\n\n\n<p>A equipe visitou as duas f\u00e1bricas existentes em Afogados. O polo moveleiro ser\u00e1 visitado na pr\u00f3xima vinda da equipe, entre novembro e dezembro. Nas ind\u00fastrias, os estudantes puderam conhecer as estruturas, din\u00e2micas e log\u00edsticas de produ\u00e7\u00e3o. \u201cEssa \u00e9 uma parceria que pode render muitos frutos, agregando conhecimento e valor ao que j\u00e1 est\u00e1 sendo produzido aqui. Inclusive j\u00e1 est\u00e1 em andamento uma parceria nesse sentido, onde os alunos da UFPE ir\u00e3o desenvolver um produto com a colabora\u00e7\u00e3o da m\u00f3veis S\u00e3o Carlos,\u201d afirmou Ney Quidute.<\/p>\n","protected":false},"excerpt":{"rendered":"<p>Uma delega\u00e7\u00e3o de estudantes dos cursos de design e engenharia de produ\u00e7\u00e3o, da UFPE, campus Caruaru, esteve em Afogados conhecendo<\/p>\n","protected":false},"author":2,"featured_media":68730,"comment_status":"open","ping_status":"open","sticky":false,"template":"","format":"standard","meta":{"jetpack_post_was_ever_published":false,"_jetpack_newsletter_access":"","_jetpack_dont_email_post_to_subs":false,"_jetpack_newsletter_tier_id":0,"_jetpack_memberships_contains_paywalled_content":false,"_jetpack_memberships_contains_paid_content":false,"footnotes":"","jetpack_publicize_message":"","jetpack_publicize_feature_enabled":true,"jetpack_social_post_already_shared":true,"jetpack_social_options":{"image_generator_settings":{"template":"highway","default_image_id":0,"font":"","enabled":false},"version":2}},"categories":[14],"tags":[],"class_list":["post-68729","post","type-post","status-publish","format-standard","has-post-thumbnail","hentry","category-afogados-da-ingazeira"],"yoast_head":"<!-- This site is optimized with the Yoast SEO plugin v27.5 - https:\/\/yoast.com\/product\/yoast-seo-wordpress\/ -->\n<title>Projeto Inova, da UFPE, vem a Afogados conhecer produ\u00e7\u00e3o de m\u00f3veis - Afogados FM<\/title>\n<meta name=\"robots\" content=\"index, follow, max-snippet:-1, max-image-preview:large, max-video-preview:-1\" \/>\n<link rel=\"canonical\" href=\"https:\/\/afogadosfm.com.br\/afogadosfm\/2025\/09\/03\/projeto-inova-da-ufpe-vem-a-afogados-conhecer-producao-de-moveis\/\" \/>\n<meta property=\"og:locale\" content=\"pt_BR\" \/>\n<meta property=\"og:type\" content=\"article\" \/>\n<meta property=\"og:title\" content=\"Projeto Inova, da UFPE, vem a Afogados conhecer produ\u00e7\u00e3o de m\u00f3veis - Afogados FM\" \/>\n<meta property=\"og:description\" content=\"Uma delega\u00e7\u00e3o de estudantes dos cursos de design e engenharia de produ\u00e7\u00e3o, da UFPE, campus Caruaru, esteve em Afogados conhecendo\" \/>\n<meta property=\"og:url\" content=\"https:\/\/afogadosfm.com.br\/afogadosfm\/2025\/09\/03\/projeto-inova-da-ufpe-vem-a-afogados-conhecer-producao-de-moveis\/\" \/>\n<meta property=\"og:site_name\" content=\"Afogados FM\" \/>\n<meta property=\"article:published_time\" content=\"2025-09-03T08:53:53+00:00\" \/>\n<meta property=\"article:modified_time\" content=\"2025-09-03T08:53:55+00:00\" \/>\n<meta property=\"og:image\" content=\"https:\/\/afogadosfm.com.br\/afogadosfm\/wp-content\/uploads\/2025\/09\/projetosf.jpeg\" \/>\n\t<meta property=\"og:image:width\" content=\"400\" \/>\n\t<meta property=\"og:image:height\" content=\"266\" \/>\n\t<meta property=\"og:image:type\" content=\"image\/jpeg\" \/>\n<meta name=\"author\" content=\"afogadosfm\" \/>\n<meta name=\"twitter:card\" content=\"summary_large_image\" \/>\n<meta name=\"twitter:label1\" content=\"Escrito por\" \/>\n\t<meta name=\"twitter:data1\" content=\"afogadosfm\" \/>\n\t<meta name=\"twitter:label2\" content=\"Est. tempo de leitura\" \/>\n\t<meta name=\"twitter:data2\" content=\"3 minutos\" \/>\n<script type=\"application\/ld+json\" class=\"yoast-schema-graph\">{\"@context\":\"https:\\\/\\\/schema.org\",\"@graph\":[{\"@type\":\"Article\",\"@id\":\"https:\\\/\\\/afogadosfm.com.br\\\/afogadosfm\\\/2025\\\/09\\\/03\\\/projeto-inova-da-ufpe-vem-a-afogados-conhecer-producao-de-moveis\\\/#article\",\"isPartOf\":{\"@id\":\"https:\\\/\\\/afogadosfm.com.br\\\/afogadosfm\\\/2025\\\/09\\\/03\\\/projeto-inova-da-ufpe-vem-a-afogados-conhecer-producao-de-moveis\\\/\"},\"author\":{\"name\":\"afogadosfm\",\"@id\":\"https:\\\/\\\/afogadosfm.com.br\\\/afogadosfm\\\/#\\\/schema\\\/person\\\/60e56f2cf5dc960fc093fe093d9e9057\"},\"headline\":\"Projeto Inova, da UFPE, vem a Afogados conhecer produ\u00e7\u00e3o de m\u00f3veis\",\"datePublished\":\"2025-09-03T08:53:53+00:00\",\"dateModified\":\"2025-09-03T08:53:55+00:00\",\"mainEntityOfPage\":{\"@id\":\"https:\\\/\\\/afogadosfm.com.br\\\/afogadosfm\\\/2025\\\/09\\\/03\\\/projeto-inova-da-ufpe-vem-a-afogados-conhecer-producao-de-moveis\\\/\"},\"wordCount\":287,\"commentCount\":0,\"publisher\":{\"@id\":\"https:\\\/\\\/afogadosfm.com.br\\\/afogadosfm\\\/#organization\"},\"image\":{\"@id\":\"https:\\\/\\\/afogadosfm.com.br\\\/afogadosfm\\\/2025\\\/09\\\/03\\\/projeto-inova-da-ufpe-vem-a-afogados-conhecer-producao-de-moveis\\\/#primaryimage\"},\"thumbnailUrl\":\"https:\\\/\\\/i0.wp.com\\\/afogadosfm.com.br\\\/afogadosfm\\\/wp-content\\\/uploads\\\/2025\\\/09\\\/projetosf.jpeg?fit=400%2C266&ssl=1\",\"articleSection\":[\"Afogados da Ingazeira\"],\"inLanguage\":\"pt-BR\",\"potentialAction\":[{\"@type\":\"CommentAction\",\"name\":\"Comment\",\"target\":[\"https:\\\/\\\/afogadosfm.com.br\\\/afogadosfm\\\/2025\\\/09\\\/03\\\/projeto-inova-da-ufpe-vem-a-afogados-conhecer-producao-de-moveis\\\/#respond\"]}]},{\"@type\":\"WebPage\",\"@id\":\"https:\\\/\\\/afogadosfm.com.br\\\/afogadosfm\\\/2025\\\/09\\\/03\\\/projeto-inova-da-ufpe-vem-a-afogados-conhecer-producao-de-moveis\\\/\",\"url\":\"https:\\\/\\\/afogadosfm.com.br\\\/afogadosfm\\\/2025\\\/09\\\/03\\\/projeto-inova-da-ufpe-vem-a-afogados-conhecer-producao-de-moveis\\\/\",\"name\":\"Projeto Inova, da UFPE, vem a Afogados conhecer produ\u00e7\u00e3o de m\u00f3veis - Afogados FM\",\"isPartOf\":{\"@id\":\"https:\\\/\\\/afogadosfm.com.br\\\/afogadosfm\\\/#website\"},\"primaryImageOfPage\":{\"@id\":\"https:\\\/\\\/afogadosfm.com.br\\\/afogadosfm\\\/2025\\\/09\\\/03\\\/projeto-inova-da-ufpe-vem-a-afogados-conhecer-producao-de-moveis\\\/#primaryimage\"},\"image\":{\"@id\":\"https:\\\/\\\/afogadosfm.com.br\\\/afogadosfm\\\/2025\\\/09\\\/03\\\/projeto-inova-da-ufpe-vem-a-afogados-conhecer-producao-de-moveis\\\/#primaryimage\"},\"thumbnailUrl\":\"https:\\\/\\\/i0.wp.com\\\/afogadosfm.com.br\\\/afogadosfm\\\/wp-content\\\/uploads\\\/2025\\\/09\\\/projetosf.jpeg?fit=400%2C266&ssl=1\",\"datePublished\":\"2025-09-03T08:53:53+00:00\",\"dateModified\":\"2025-09-03T08:53:55+00:00\",\"breadcrumb\":{\"@id\":\"https:\\\/\\\/afogadosfm.com.br\\\/afogadosfm\\\/2025\\\/09\\\/03\\\/projeto-inova-da-ufpe-vem-a-afogados-conhecer-producao-de-moveis\\\/#breadcrumb\"},\"inLanguage\":\"pt-BR\",\"potentialAction\":[{\"@type\":\"ReadAction\",\"target\":[\"https:\\\/\\\/afogadosfm.com.br\\\/afogadosfm\\\/2025\\\/09\\\/03\\\/projeto-inova-da-ufpe-vem-a-afogados-conhecer-producao-de-moveis\\\/\"]}]},{\"@type\":\"ImageObject\",\"inLanguage\":\"pt-BR\",\"@id\":\"https:\\\/\\\/afogadosfm.com.br\\\/afogadosfm\\\/2025\\\/09\\\/03\\\/projeto-inova-da-ufpe-vem-a-afogados-conhecer-producao-de-moveis\\\/#primaryimage\",\"url\":\"https:\\\/\\\/i0.wp.com\\\/afogadosfm.com.br\\\/afogadosfm\\\/wp-content\\\/uploads\\\/2025\\\/09\\\/projetosf.jpeg?fit=400%2C266&ssl=1\",\"contentUrl\":\"https:\\\/\\\/i0.wp.com\\\/afogadosfm.com.br\\\/afogadosfm\\\/wp-content\\\/uploads\\\/2025\\\/09\\\/projetosf.jpeg?fit=400%2C266&ssl=1\",\"width\":400,\"height\":266},{\"@type\":\"BreadcrumbList\",\"@id\":\"https:\\\/\\\/afogadosfm.com.br\\\/afogadosfm\\\/2025\\\/09\\\/03\\\/projeto-inova-da-ufpe-vem-a-afogados-conhecer-producao-de-moveis\\\/#breadcrumb\",\"itemListElement\":[{\"@type\":\"ListItem\",\"position\":1,\"name\":\"In\u00edcio\",\"item\":\"https:\\\/\\\/afogadosfm.com.br\\\/afogadosfm\\\/\"},{\"@type\":\"ListItem\",\"position\":2,\"name\":\"Projeto Inova, da UFPE, vem a Afogados conhecer produ\u00e7\u00e3o de m\u00f3veis\"}]},{\"@type\":\"WebSite\",\"@id\":\"https:\\\/\\\/afogadosfm.com.br\\\/afogadosfm\\\/#website\",\"url\":\"https:\\\/\\\/afogadosfm.com.br\\\/afogadosfm\\\/\",\"name\":\"Afogados FM\",\"description\":\"Um site completo!\",\"publisher\":{\"@id\":\"https:\\\/\\\/afogadosfm.com.br\\\/afogadosfm\\\/#organization\"},\"potentialAction\":[{\"@type\":\"SearchAction\",\"target\":{\"@type\":\"EntryPoint\",\"urlTemplate\":\"https:\\\/\\\/afogadosfm.com.br\\\/afogadosfm\\\/?s={search_term_string}\"},\"query-input\":{\"@type\":\"PropertyValueSpecification\",\"valueRequired\":true,\"valueName\":\"search_term_string\"}}],\"inLanguage\":\"pt-BR\"},{\"@type\":\"Organization\",\"@id\":\"https:\\\/\\\/afogadosfm.com.br\\\/afogadosfm\\\/#organization\",\"name\":\"Afogados FM\",\"url\":\"https:\\\/\\\/afogadosfm.com.br\\\/afogadosfm\\\/\",\"logo\":{\"@type\":\"ImageObject\",\"inLanguage\":\"pt-BR\",\"@id\":\"https:\\\/\\\/afogadosfm.com.br\\\/afogadosfm\\\/#\\\/schema\\\/logo\\\/image\\\/\",\"url\":\"https:\\\/\\\/i0.wp.com\\\/afogadosfm.com.br\\\/afogadosfm\\\/wp-content\\\/uploads\\\/2020\\\/06\\\/cropped-banner-afogados-4.jpg?fit=369%2C137&ssl=1\",\"contentUrl\":\"https:\\\/\\\/i0.wp.com\\\/afogadosfm.com.br\\\/afogadosfm\\\/wp-content\\\/uploads\\\/2020\\\/06\\\/cropped-banner-afogados-4.jpg?fit=369%2C137&ssl=1\",\"width\":369,\"height\":137,\"caption\":\"Afogados FM\"},\"image\":{\"@id\":\"https:\\\/\\\/afogadosfm.com.br\\\/afogadosfm\\\/#\\\/schema\\\/logo\\\/image\\\/\"}},{\"@type\":\"Person\",\"@id\":\"https:\\\/\\\/afogadosfm.com.br\\\/afogadosfm\\\/#\\\/schema\\\/person\\\/60e56f2cf5dc960fc093fe093d9e9057\",\"name\":\"afogadosfm\",\"image\":{\"@type\":\"ImageObject\",\"inLanguage\":\"pt-BR\",\"@id\":\"https:\\\/\\\/secure.gravatar.com\\\/avatar\\\/e0359add7ed5dc3560906d861b52c6a8cf5c1e199d3a7dd85070998f49bd4701?s=96&d=mm&r=g\",\"url\":\"https:\\\/\\\/secure.gravatar.com\\\/avatar\\\/e0359add7ed5dc3560906d861b52c6a8cf5c1e199d3a7dd85070998f49bd4701?s=96&d=mm&r=g\",\"contentUrl\":\"https:\\\/\\\/secure.gravatar.com\\\/avatar\\\/e0359add7ed5dc3560906d861b52c6a8cf5c1e199d3a7dd85070998f49bd4701?s=96&d=mm&r=g\",\"caption\":\"afogadosfm\"},\"url\":\"https:\\\/\\\/afogadosfm.com.br\\\/afogadosfm\\\/author\\\/afogadosfm\\\/\"}]}<\/script>\n<!-- \/ Yoast SEO plugin. -->","yoast_head_json":{"title":"Projeto Inova, da UFPE, vem a Afogados conhecer produ\u00e7\u00e3o de m\u00f3veis - Afogados FM","robots":{"index":"index","follow":"follow","max-snippet":"max-snippet:-1","max-image-preview":"max-image-preview:large","max-video-preview":"max-video-preview:-1"},"canonical":"https:\/\/afogadosfm.com.br\/afogadosfm\/2025\/09\/03\/projeto-inova-da-ufpe-vem-a-afogados-conhecer-producao-de-moveis\/","og_locale":"pt_BR","og_type":"article","og_title":"Projeto Inova, da UFPE, vem a Afogados conhecer produ\u00e7\u00e3o de m\u00f3veis - Afogados FM","og_description":"Uma delega\u00e7\u00e3o de estudantes dos cursos de design e engenharia de produ\u00e7\u00e3o, da UFPE, campus Caruaru, esteve em Afogados conhecendo","og_url":"https:\/\/afogadosfm.com.br\/afogadosfm\/2025\/09\/03\/projeto-inova-da-ufpe-vem-a-afogados-conhecer-producao-de-moveis\/","og_site_name":"Afogados FM","article_published_time":"2025-09-03T08:53:53+00:00","article_modified_time":"2025-09-03T08:53:55+00:00","og_image":[{"width":400,"height":266,"url":"https:\/\/afogadosfm.com.br\/afogadosfm\/wp-content\/uploads\/2025\/09\/projetosf.jpeg","type":"image\/jpeg"}],"author":"afogadosfm","twitter_card":"summary_large_image","twitter_misc":{"Escrito por":"afogadosfm","Est. tempo de leitura":"3 minutos"},"schema":{"@context":"https:\/\/schema.org","@graph":[{"@type":"Article","@id":"https:\/\/afogadosfm.com.br\/afogadosfm\/2025\/09\/03\/projeto-inova-da-ufpe-vem-a-afogados-conhecer-producao-de-moveis\/#article","isPartOf":{"@id":"https:\/\/afogadosfm.com.br\/afogadosfm\/2025\/09\/03\/projeto-inova-da-ufpe-vem-a-afogados-conhecer-producao-de-moveis\/"},"author":{"name":"afogadosfm","@id":"https:\/\/afogadosfm.com.br\/afogadosfm\/#\/schema\/person\/60e56f2cf5dc960fc093fe093d9e9057"},"headline":"Projeto Inova, da UFPE, vem a Afogados conhecer produ\u00e7\u00e3o de m\u00f3veis","datePublished":"2025-09-03T08:53:53+00:00","dateModified":"2025-09-03T08:53:55+00:00","mainEntityOfPage":{"@id":"https:\/\/afogadosfm.com.br\/afogadosfm\/2025\/09\/03\/projeto-inova-da-ufpe-vem-a-afogados-conhecer-producao-de-moveis\/"},"wordCount":287,"commentCount":0,"publisher":{"@id":"https:\/\/afogadosfm.com.br\/afogadosfm\/#organization"},"image":{"@id":"https:\/\/afogadosfm.com.br\/afogadosfm\/2025\/09\/03\/projeto-inova-da-ufpe-vem-a-afogados-conhecer-producao-de-moveis\/#primaryimage"},"thumbnailUrl":"https:\/\/i0.wp.com\/afogadosfm.com.br\/afogadosfm\/wp-content\/uploads\/2025\/09\/projetosf.jpeg?fit=400%2C266&ssl=1","articleSection":["Afogados da Ingazeira"],"inLanguage":"pt-BR","potentialAction":[{"@type":"CommentAction","name":"Comment","target":["https:\/\/afogadosfm.com.br\/afogadosfm\/2025\/09\/03\/projeto-inova-da-ufpe-vem-a-afogados-conhecer-producao-de-moveis\/#respond"]}]},{"@type":"WebPage","@id":"https:\/\/afogadosfm.com.br\/afogadosfm\/2025\/09\/03\/projeto-inova-da-ufpe-vem-a-afogados-conhecer-producao-de-moveis\/","url":"https:\/\/afogadosfm.com.br\/afogadosfm\/2025\/09\/03\/projeto-inova-da-ufpe-vem-a-afogados-conhecer-producao-de-moveis\/","name":"Projeto Inova, da UFPE, vem a Afogados conhecer produ\u00e7\u00e3o de m\u00f3veis - Afogados FM","isPartOf":{"@id":"https:\/\/afogadosfm.com.br\/afogadosfm\/#website"},"primaryImageOfPage":{"@id":"https:\/\/afogadosfm.com.br\/afogadosfm\/2025\/09\/03\/projeto-inova-da-ufpe-vem-a-afogados-conhecer-producao-de-moveis\/#primaryimage"},"image":{"@id":"https:\/\/afogadosfm.com.br\/afogadosfm\/2025\/09\/03\/projeto-inova-da-ufpe-vem-a-afogados-conhecer-producao-de-moveis\/#primaryimage"},"thumbnailUrl":"https:\/\/i0.wp.com\/afogadosfm.com.br\/afogadosfm\/wp-content\/uploads\/2025\/09\/projetosf.jpeg?fit=400%2C266&ssl=1","datePublished":"2025-09-03T08:53:53+00:00","dateModified":"2025-09-03T08:53:55+00:00","breadcrumb":{"@id":"https:\/\/afogadosfm.com.br\/afogadosfm\/2025\/09\/03\/projeto-inova-da-ufpe-vem-a-afogados-conhecer-producao-de-moveis\/#breadcrumb"},"inLanguage":"pt-BR","potentialAction":[{"@type":"ReadAction","target":["https:\/\/afogadosfm.com.br\/afogadosfm\/2025\/09\/03\/projeto-inova-da-ufpe-vem-a-afogados-conhecer-producao-de-moveis\/"]}]},{"@type":"ImageObject","inLanguage":"pt-BR","@id":"https:\/\/afogadosfm.com.br\/afogadosfm\/2025\/09\/03\/projeto-inova-da-ufpe-vem-a-afogados-conhecer-producao-de-moveis\/#primaryimage","url":"https:\/\/i0.wp.com\/afogadosfm.com.br\/afogadosfm\/wp-content\/uploads\/2025\/09\/projetosf.jpeg?fit=400%2C266&ssl=1","contentUrl":"https:\/\/i0.wp.com\/afogadosfm.com.br\/afogadosfm\/wp-content\/uploads\/2025\/09\/projetosf.jpeg?fit=400%2C266&ssl=1","width":400,"height":266},{"@type":"BreadcrumbList","@id":"https:\/\/afogadosfm.com.br\/afogadosfm\/2025\/09\/03\/projeto-inova-da-ufpe-vem-a-afogados-conhecer-producao-de-moveis\/#breadcrumb","itemListElement":[{"@type":"ListItem","position":1,"name":"In\u00edcio","item":"https:\/\/afogadosfm.com.br\/afogadosfm\/"},{"@type":"ListItem","position":2,"name":"Projeto Inova, da UFPE, vem a Afogados conhecer produ\u00e7\u00e3o de m\u00f3veis"}]},{"@type":"WebSite","@id":"https:\/\/afogadosfm.com.br\/afogadosfm\/#website","url":"https:\/\/afogadosfm.com.br\/afogadosfm\/","name":"Afogados FM","description":"Um site completo!","publisher":{"@id":"https:\/\/afogadosfm.com.br\/afogadosfm\/#organization"},"potentialAction":[{"@type":"SearchAction","target":{"@type":"EntryPoint","urlTemplate":"https:\/\/afogadosfm.com.br\/afogadosfm\/?s={search_term_string}"},"query-input":{"@type":"PropertyValueSpecification","valueRequired":true,"valueName":"search_term_string"}}],"inLanguage":"pt-BR"},{"@type":"Organization","@id":"https:\/\/afogadosfm.com.br\/afogadosfm\/#organization","name":"Afogados FM","url":"https:\/\/afogadosfm.com.br\/afogadosfm\/","logo":{"@type":"ImageObject","inLanguage":"pt-BR","@id":"https:\/\/afogadosfm.com.br\/afogadosfm\/#\/schema\/logo\/image\/","url":"https:\/\/i0.wp.com\/afogadosfm.com.br\/afogadosfm\/wp-content\/uploads\/2020\/06\/cropped-banner-afogados-4.jpg?fit=369%2C137&ssl=1","contentUrl":"https:\/\/i0.wp.com\/afogadosfm.com.br\/afogadosfm\/wp-content\/uploads\/2020\/06\/cropped-banner-afogados-4.jpg?fit=369%2C137&ssl=1","width":369,"height":137,"caption":"Afogados FM"},"image":{"@id":"https:\/\/afogadosfm.com.br\/afogadosfm\/#\/schema\/logo\/image\/"}},{"@type":"Person","@id":"https:\/\/afogadosfm.com.br\/afogadosfm\/#\/schema\/person\/60e56f2cf5dc960fc093fe093d9e9057","name":"afogadosfm","image":{"@type":"ImageObject","inLanguage":"pt-BR","@id":"https:\/\/secure.gravatar.com\/avatar\/e0359add7ed5dc3560906d861b52c6a8cf5c1e199d3a7dd85070998f49bd4701?s=96&d=mm&r=g","url":"https:\/\/secure.gravatar.com\/avatar\/e0359add7ed5dc3560906d861b52c6a8cf5c1e199d3a7dd85070998f49bd4701?s=96&d=mm&r=g","contentUrl":"https:\/\/secure.gravatar.com\/avatar\/e0359add7ed5dc3560906d861b52c6a8cf5c1e199d3a7dd85070998f49bd4701?s=96&d=mm&r=g","caption":"afogadosfm"},"url":"https:\/\/afogadosfm.com.br\/afogadosfm\/author\/afogadosfm\/"}]}},"jetpack_publicize_connections":[],"jetpack_featured_media_url":"https:\/\/i0.wp.com\/afogadosfm.com.br\/afogadosfm\/wp-content\/uploads\/2025\/09\/projetosf.jpeg?fit=400%2C266&ssl=1","jetpack-related-posts":[],"jetpack_sharing_enabled":true,"jetpack_likes_enabled":true,"_links":{"self":[{"href":"https:\/\/afogadosfm.com.br\/afogadosfm\/wp-json\/wp\/v2\/posts\/68729","targetHints":{"allow":["GET"]}}],"collection":[{"href":"https:\/\/afogadosfm.com.br\/afogadosfm\/wp-json\/wp\/v2\/posts"}],"about":[{"href":"https:\/\/afogadosfm.com.br\/afogadosfm\/wp-json\/wp\/v2\/types\/post"}],"author":[{"embeddable":true,"href":"https:\/\/afogadosfm.com.br\/afogadosfm\/wp-json\/wp\/v2\/users\/2"}],"replies":[{"embeddable":true,"href":"https:\/\/afogadosfm.com.br\/afogadosfm\/wp-json\/wp\/v2\/comments?post=68729"}],"version-history":[{"count":1,"href":"https:\/\/afogadosfm.com.br\/afogadosfm\/wp-json\/wp\/v2\/posts\/68729\/revisions"}],"predecessor-version":[{"id":68731,"href":"https:\/\/afogadosfm.com.br\/afogadosfm\/wp-json\/wp\/v2\/posts\/68729\/revisions\/68731"}],"wp:featuredmedia":[{"embeddable":true,"href":"https:\/\/afogadosfm.com.br\/afogadosfm\/wp-json\/wp\/v2\/media\/68730"}],"wp:attachment":[{"href":"https:\/\/afogadosfm.com.br\/afogadosfm\/wp-json\/wp\/v2\/media?parent=68729"}],"wp:term":[{"taxonomy":"category","embeddable":true,"href":"https:\/\/afogadosfm.com.br\/afogadosfm\/wp-json\/wp\/v2\/categories?post=68729"},{"taxonomy":"post_tag","embeddable":true,"href":"https:\/\/afogadosfm.com.br\/afogadosfm\/wp-json\/wp\/v2\/tags?post=68729"}],"curies":[{"name":"wp","href":"https:\/\/api.w.org\/{rel}","templated":true}]}}